{"id":9015,"date":"2024-12-29T15:00:33","date_gmt":"2024-12-29T21:00:33","guid":{"rendered":"https:\/\/www.nexoinformativo.mx\/?p=9015"},"modified":"2024-12-29T16:23:24","modified_gmt":"2024-12-29T22:23:24","slug":"vinculan-a-proceso-a-sujeto-por-crueldad-animal-en-san-juan-del-rio-quemo-vivo-a-un-gato","status":"publish","type":"post","link":"https:\/\/www.nexoinformativo.mx\/index.php\/2024\/12\/29\/vinculan-a-proceso-a-sujeto-por-crueldad-animal-en-san-juan-del-rio-quemo-vivo-a-un-gato\/","title":{"rendered":"Vinculan a proceso a sujeto por crueldad animal en San Juan del R\u00edo: quem\u00f3 vivo a un gato"},"content":{"rendered":"<p style=\"text-align: justify;\" data-sourcepos=\"9:1-9:346\">La Fiscal\u00eda del Estado de Quer\u00e9taro obtuvo la vinculaci\u00f3n a proceso y prisi\u00f3n preventiva justificada para un individuo se\u00f1alado de cometer un acto de crueldad animal.<\/p>\n<p>&nbsp;<\/p>\n<p style=\"text-align: justify;\" data-sourcepos=\"9:1-9:346\">El sujeto fue detenido luego de que el pasado 26 de diciembre quemara de manera intencional a un gato en un dren pluvial de la colonia Ju\u00e1rez, en el municipio de San Juan del R\u00edo.<\/p>\n<p>&nbsp;<\/p>\n<p style=\"text-align: justify;\" data-sourcepos=\"11:1-11:217\">La detenci\u00f3n se logr\u00f3 gracias a la intervenci\u00f3n de elementos de la Secretar\u00eda de Seguridad P\u00fablica Municipal de San Juan del R\u00edo, quienes acudieron al lugar de los hechos tras una llamada al n\u00famero de emergencias 911.<\/p>\n<p>&nbsp;<\/p>\n<p style=\"text-align: justify;\" data-sourcepos=\"13:1-13:236\">Este lamentable suceso ha generado indignaci\u00f3n entre la sociedad queretana y ha puesto en el centro del debate la importancia de proteger a los animales y de aplicar sanciones ejemplares a quienes cometen actos de crueldad en su contra.<\/p>\n<p>&nbsp;<\/p>\n<p style=\"text-align: center;\" data-sourcepos=\"13:1-13:236\"><em><strong>\u00a1Informaci\u00f3n que transforma!<\/strong><\/em><\/p>\n","protected":false},"excerpt":{"rendered":"<p>La Fiscal\u00eda del Estado de Quer\u00e9taro obtuvo la vinculaci\u00f3n a proceso y prisi\u00f3n preventiva justificada para un individuo se\u00f1alado de cometer un acto de crueldad animal.<\/p>\n","protected":false},"author":3,"featured_media":9016,"comment_status":"open","ping_status":"open","sticky":false,"template":"","format":"standard","meta":{"footnotes":""},"categories":[137,58],"tags":[2896,400,133,382],"class_list":["post-9015","post","type-post","status-publish","format-standard","has-post-thumbnail","hentry","category-sucesos","category-ultima-hora","tag-crueldadanimal","tag-justiciaparalosanimales","tag-queretaro","tag-sanjuandelrio"],"yoast_head":"<!-- This site is optimized with the Yoast SEO plugin v25.0 - https:\/\/yoast.com\/wordpress\/plugins\/seo\/ -->\n<title>Vinculan a proceso a sujeto por crueldad animal en San Juan del R\u00edo: quem\u00f3 vivo a un gato | Nexo Informativo Santiago de Quer\u00e9taro<\/title>\n<meta name=\"description\" content=\"Vinculan a proceso a sujeto por crueldad animal en San Juan del R\u00edo: quem\u00f3 vivo a un gato\" \/>\n<meta name=\"robots\" content=\"index, follow, max-snippet:-1, max-image-preview:large, max-video-preview:-1\" \/>\n<link rel=\"canonical\" href=\"https:\/\/www.nexoinformativo.mx\/index.php\/2024\/12\/29\/vinculan-a-proceso-a-sujeto-por-crueldad-animal-en-san-juan-del-rio-quemo-vivo-a-un-gato\/\" \/>\n<meta property=\"og:locale\" content=\"es_MX\" \/>\n<meta property=\"og:type\" content=\"article\" \/>\n<meta property=\"og:title\" content=\"Vinculan a proceso a sujeto por crueldad animal en San Juan del R\u00edo: quem\u00f3 vivo a un gato | Nexo Informativo Santiago de Quer\u00e9taro\" \/>\n<meta property=\"og:description\" content=\"Vinculan a proceso a sujeto por crueldad animal en San Juan del R\u00edo: quem\u00f3 vivo a un gato\" \/>\n<meta property=\"og:url\" content=\"https:\/\/www.nexoinformativo.mx\/index.php\/2024\/12\/29\/vinculan-a-proceso-a-sujeto-por-crueldad-animal-en-san-juan-del-rio-quemo-vivo-a-un-gato\/\" \/>\n<meta property=\"og:site_name\" content=\"Nexo Informativo Santiago de Quer\u00e9taro\" \/>\n<meta property=\"article:publisher\" content=\"https:\/\/www.facebook.com\/people\/Nexo-Informativo\/61564066885511\/\" \/>\n<meta property=\"article:published_time\" content=\"2024-12-29T21:00:33+00:00\" \/>\n<meta property=\"article:modified_time\" content=\"2024-12-29T22:23:24+00:00\" \/>\n<meta property=\"og:image\" content=\"https:\/\/www.nexoinformativo.mx\/wp-content\/uploads\/2024\/12\/PHOTO-2024-12-29-14-02-56-e1735506881778.jpg\" \/>\n\t<meta property=\"og:image:width\" content=\"800\" \/>\n\t<meta property=\"og:image:height\" content=\"504\" \/>\n\t<meta property=\"og:image:type\" content=\"image\/jpeg\" \/>\n<meta name=\"author\" content=\"Nexo Informativo\" \/>\n<meta name=\"twitter:card\" content=\"summary_large_image\" \/>\n<meta name=\"twitter:label1\" content=\"Escrito por\" \/>\n\t<meta name=\"twitter:data1\" content=\"Nexo Informativo\" \/>\n\t<meta name=\"twitter:label2\" content=\"Tiempo de lectura\" \/>\n\t<meta name=\"twitter:data2\" content=\"1 minuto\" \/>\n<script type=\"application\/ld+json\" class=\"yoast-schema-graph\">{\"@context\":\"https:\/\/schema.org\",\"@graph\":[{\"@type\":\"Article\",\"@id\":\"https:\/\/www.nexoinformativo.mx\/index.php\/2024\/12\/29\/vinculan-a-proceso-a-sujeto-por-crueldad-animal-en-san-juan-del-rio-quemo-vivo-a-un-gato\/#article\",\"isPartOf\":{\"@id\":\"https:\/\/www.nexoinformativo.mx\/index.php\/2024\/12\/29\/vinculan-a-proceso-a-sujeto-por-crueldad-animal-en-san-juan-del-rio-quemo-vivo-a-un-gato\/\"},\"author\":{\"name\":\"Nexo Informativo\",\"@id\":\"https:\/\/www.nexoinformativo.mx\/#\/schema\/person\/7749d380ba08c8ca00d7bc76fd907b7d\"},\"headline\":\"Vinculan a proceso a sujeto por crueldad animal en San Juan del R\u00edo: quem\u00f3 vivo a un gato\",\"datePublished\":\"2024-12-29T21:00:33+00:00\",\"dateModified\":\"2024-12-29T22:23:24+00:00\",\"mainEntityOfPage\":{\"@id\":\"https:\/\/www.nexoinformativo.mx\/index.php\/2024\/12\/29\/vinculan-a-proceso-a-sujeto-por-crueldad-animal-en-san-juan-del-rio-quemo-vivo-a-un-gato\/\"},\"wordCount\":176,\"commentCount\":0,\"publisher\":{\"@id\":\"https:\/\/www.nexoinformativo.mx\/#organization\"},\"image\":{\"@id\":\"https:\/\/www.nexoinformativo.mx\/index.php\/2024\/12\/29\/vinculan-a-proceso-a-sujeto-por-crueldad-animal-en-san-juan-del-rio-quemo-vivo-a-un-gato\/#primaryimage\"},\"thumbnailUrl\":\"https:\/\/www.nexoinformativo.mx\/wp-content\/uploads\/2024\/12\/PHOTO-2024-12-29-14-02-56-e1735506881778.jpg\",\"keywords\":[\"CrueldadAnimal\",\"JusticiaParaLosAnimales\",\"Quer\u00e9taro\",\"SanJuanDelR\u00edo\"],\"articleSection\":[\"Sucesos\",\"\u00daltima Hora\"],\"inLanguage\":\"es\",\"potentialAction\":[{\"@type\":\"CommentAction\",\"name\":\"Comment\",\"target\":[\"https:\/\/www.nexoinformativo.mx\/index.php\/2024\/12\/29\/vinculan-a-proceso-a-sujeto-por-crueldad-animal-en-san-juan-del-rio-quemo-vivo-a-un-gato\/#respond\"]}]},{\"@type\":\"WebPage\",\"@id\":\"https:\/\/www.nexoinformativo.mx\/index.php\/2024\/12\/29\/vinculan-a-proceso-a-sujeto-por-crueldad-animal-en-san-juan-del-rio-quemo-vivo-a-un-gato\/\",\"url\":\"https:\/\/www.nexoinformativo.mx\/index.php\/2024\/12\/29\/vinculan-a-proceso-a-sujeto-por-crueldad-animal-en-san-juan-del-rio-quemo-vivo-a-un-gato\/\",\"name\":\"Vinculan a proceso a sujeto por crueldad animal en San Juan del R\u00edo: quem\u00f3 vivo a un gato | Nexo Informativo Santiago de Quer\u00e9taro\",\"isPartOf\":{\"@id\":\"https:\/\/www.nexoinformativo.mx\/#website\"},\"primaryImageOfPage\":{\"@id\":\"https:\/\/www.nexoinformativo.mx\/index.php\/2024\/12\/29\/vinculan-a-proceso-a-sujeto-por-crueldad-animal-en-san-juan-del-rio-quemo-vivo-a-un-gato\/#primaryimage\"},\"image\":{\"@id\":\"https:\/\/www.nexoinformativo.mx\/index.php\/2024\/12\/29\/vinculan-a-proceso-a-sujeto-por-crueldad-animal-en-san-juan-del-rio-quemo-vivo-a-un-gato\/#primaryimage\"},\"thumbnailUrl\":\"https:\/\/www.nexoinformativo.mx\/wp-content\/uploads\/2024\/12\/PHOTO-2024-12-29-14-02-56-e1735506881778.jpg\",\"datePublished\":\"2024-12-29T21:00:33+00:00\",\"dateModified\":\"2024-12-29T22:23:24+00:00\",\"description\":\"Vinculan a proceso a sujeto por crueldad animal en San Juan del R\u00edo: quem\u00f3 vivo a un gato\",\"breadcrumb\":{\"@id\":\"https:\/\/www.nexoinformativo.mx\/index.php\/2024\/12\/29\/vinculan-a-proceso-a-sujeto-por-crueldad-animal-en-san-juan-del-rio-quemo-vivo-a-un-gato\/#breadcrumb\"},\"inLanguage\":\"es\",\"potentialAction\":[{\"@type\":\"ReadAction\",\"target\":[\"https:\/\/www.nexoinformativo.mx\/index.php\/2024\/12\/29\/vinculan-a-proceso-a-sujeto-por-crueldad-animal-en-san-juan-del-rio-quemo-vivo-a-un-gato\/\"]}]},{\"@type\":\"ImageObject\",\"inLanguage\":\"es\",\"@id\":\"https:\/\/www.nexoinformativo.mx\/index.php\/2024\/12\/29\/vinculan-a-proceso-a-sujeto-por-crueldad-animal-en-san-juan-del-rio-quemo-vivo-a-un-gato\/#primaryimage\",\"url\":\"https:\/\/www.nexoinformativo.mx\/wp-content\/uploads\/2024\/12\/PHOTO-2024-12-29-14-02-56-e1735506881778.jpg\",\"contentUrl\":\"https:\/\/www.nexoinformativo.mx\/wp-content\/uploads\/2024\/12\/PHOTO-2024-12-29-14-02-56-e1735506881778.jpg\",\"width\":800,\"height\":504},{\"@type\":\"BreadcrumbList\",\"@id\":\"https:\/\/www.nexoinformativo.mx\/index.php\/2024\/12\/29\/vinculan-a-proceso-a-sujeto-por-crueldad-animal-en-san-juan-del-rio-quemo-vivo-a-un-gato\/#breadcrumb\",\"itemListElement\":[{\"@type\":\"ListItem\",\"position\":1,\"name\":\"Inicio\",\"item\":\"https:\/\/www.nexoinformativo.mx\/\"},{\"@type\":\"ListItem\",\"position\":2,\"name\":\"Vinculan a proceso a sujeto por crueldad animal en San Juan del R\u00edo: quem\u00f3 vivo a un gato\"}]},{\"@type\":\"WebSite\",\"@id\":\"https:\/\/www.nexoinformativo.mx\/#website\",\"url\":\"https:\/\/www.nexoinformativo.mx\/\",\"name\":\"Nexo Informativo Santiago de Quer\u00e9taro\",\"description\":\"Explora NexoInformativo y convi\u00e9rtete en parte de una comunidad que valora el conocimiento y la verdad. Tu nexoinformativo es tu puente hacia una comprensi\u00f3n m\u00e1s profunda del mundo que te rodea.\",\"publisher\":{\"@id\":\"https:\/\/www.nexoinformativo.mx\/#organization\"},\"potentialAction\":[{\"@type\":\"SearchAction\",\"target\":{\"@type\":\"EntryPoint\",\"urlTemplate\":\"https:\/\/www.nexoinformativo.mx\/?s={search_term_string}\"},\"query-input\":{\"@type\":\"PropertyValueSpecification\",\"valueRequired\":true,\"valueName\":\"search_term_string\"}}],\"inLanguage\":\"es\"},{\"@type\":\"Organization\",\"@id\":\"https:\/\/www.nexoinformativo.mx\/#organization\",\"name\":\"Nexo Informativo Santiago de Quer\u00e9taro\",\"url\":\"https:\/\/www.nexoinformativo.mx\/\",\"logo\":{\"@type\":\"ImageObject\",\"inLanguage\":\"es\",\"@id\":\"https:\/\/www.nexoinformativo.mx\/#\/schema\/logo\/image\/\",\"url\":\"https:\/\/www.nexoinformativo.mx\/wp-content\/uploads\/2024\/07\/nexoi-trasparente-2.png\",\"contentUrl\":\"https:\/\/www.nexoinformativo.mx\/wp-content\/uploads\/2024\/07\/nexoi-trasparente-2.png\",\"width\":816,\"height\":339,\"caption\":\"Nexo Informativo Santiago de Quer\u00e9taro\"},\"image\":{\"@id\":\"https:\/\/www.nexoinformativo.mx\/#\/schema\/logo\/image\/\"},\"sameAs\":[\"https:\/\/www.facebook.com\/people\/Nexo-Informativo\/61564066885511\/\"]},{\"@type\":\"Person\",\"@id\":\"https:\/\/www.nexoinformativo.mx\/#\/schema\/person\/7749d380ba08c8ca00d7bc76fd907b7d\",\"name\":\"Nexo Informativo\",\"image\":{\"@type\":\"ImageObject\",\"inLanguage\":\"es\",\"@id\":\"https:\/\/www.nexoinformativo.mx\/#\/schema\/person\/image\/\",\"url\":\"https:\/\/secure.gravatar.com\/avatar\/dde2928154642a13d95f87ddf1ea9718fe2b46760a005c53e41ff5ad610704e6?s=96&d=mm&r=g\",\"contentUrl\":\"https:\/\/secure.gravatar.com\/avatar\/dde2928154642a13d95f87ddf1ea9718fe2b46760a005c53e41ff5ad610704e6?s=96&d=mm&r=g\",\"caption\":\"Nexo Informativo\"},\"url\":\"https:\/\/www.nexoinformativo.mx\/index.php\/author\/edicion\/\"}]}<\/script>\n<!-- \/ Yoast SEO plugin. -->","yoast_head_json":{"title":"Vinculan a proceso a sujeto por crueldad animal en San Juan del R\u00edo: quem\u00f3 vivo a un gato | Nexo Informativo Santiago de Quer\u00e9taro","description":"Vinculan a proceso a sujeto por crueldad animal en San Juan del R\u00edo: quem\u00f3 vivo a un gato","robots":{"index":"index","follow":"follow","max-snippet":"max-snippet:-1","max-image-preview":"max-image-preview:large","max-video-preview":"max-video-preview:-1"},"canonical":"https:\/\/www.nexoinformativo.mx\/index.php\/2024\/12\/29\/vinculan-a-proceso-a-sujeto-por-crueldad-animal-en-san-juan-del-rio-quemo-vivo-a-un-gato\/","og_locale":"es_MX","og_type":"article","og_title":"Vinculan a proceso a sujeto por crueldad animal en San Juan del R\u00edo: quem\u00f3 vivo a un gato | Nexo Informativo Santiago de Quer\u00e9taro","og_description":"Vinculan a proceso a sujeto por crueldad animal en San Juan del R\u00edo: quem\u00f3 vivo a un gato","og_url":"https:\/\/www.nexoinformativo.mx\/index.php\/2024\/12\/29\/vinculan-a-proceso-a-sujeto-por-crueldad-animal-en-san-juan-del-rio-quemo-vivo-a-un-gato\/","og_site_name":"Nexo Informativo Santiago de Quer\u00e9taro","article_publisher":"https:\/\/www.facebook.com\/people\/Nexo-Informativo\/61564066885511\/","article_published_time":"2024-12-29T21:00:33+00:00","article_modified_time":"2024-12-29T22:23:24+00:00","og_image":[{"width":800,"height":504,"url":"https:\/\/www.nexoinformativo.mx\/wp-content\/uploads\/2024\/12\/PHOTO-2024-12-29-14-02-56-e1735506881778.jpg","type":"image\/jpeg"}],"author":"Nexo Informativo","twitter_card":"summary_large_image","twitter_misc":{"Escrito por":"Nexo Informativo","Tiempo de lectura":"1 minuto"},"schema":{"@context":"https:\/\/schema.org","@graph":[{"@type":"Article","@id":"https:\/\/www.nexoinformativo.mx\/index.php\/2024\/12\/29\/vinculan-a-proceso-a-sujeto-por-crueldad-animal-en-san-juan-del-rio-quemo-vivo-a-un-gato\/#article","isPartOf":{"@id":"https:\/\/www.nexoinformativo.mx\/index.php\/2024\/12\/29\/vinculan-a-proceso-a-sujeto-por-crueldad-animal-en-san-juan-del-rio-quemo-vivo-a-un-gato\/"},"author":{"name":"Nexo Informativo","@id":"https:\/\/www.nexoinformativo.mx\/#\/schema\/person\/7749d380ba08c8ca00d7bc76fd907b7d"},"headline":"Vinculan a proceso a sujeto por crueldad animal en San Juan del R\u00edo: quem\u00f3 vivo a un gato","datePublished":"2024-12-29T21:00:33+00:00","dateModified":"2024-12-29T22:23:24+00:00","mainEntityOfPage":{"@id":"https:\/\/www.nexoinformativo.mx\/index.php\/2024\/12\/29\/vinculan-a-proceso-a-sujeto-por-crueldad-animal-en-san-juan-del-rio-quemo-vivo-a-un-gato\/"},"wordCount":176,"commentCount":0,"publisher":{"@id":"https:\/\/www.nexoinformativo.mx\/#organization"},"image":{"@id":"https:\/\/www.nexoinformativo.mx\/index.php\/2024\/12\/29\/vinculan-a-proceso-a-sujeto-por-crueldad-animal-en-san-juan-del-rio-quemo-vivo-a-un-gato\/#primaryimage"},"thumbnailUrl":"https:\/\/www.nexoinformativo.mx\/wp-content\/uploads\/2024\/12\/PHOTO-2024-12-29-14-02-56-e1735506881778.jpg","keywords":["CrueldadAnimal","JusticiaParaLosAnimales","Quer\u00e9taro","SanJuanDelR\u00edo"],"articleSection":["Sucesos","\u00daltima Hora"],"inLanguage":"es","potentialAction":[{"@type":"CommentAction","name":"Comment","target":["https:\/\/www.nexoinformativo.mx\/index.php\/2024\/12\/29\/vinculan-a-proceso-a-sujeto-por-crueldad-animal-en-san-juan-del-rio-quemo-vivo-a-un-gato\/#respond"]}]},{"@type":"WebPage","@id":"https:\/\/www.nexoinformativo.mx\/index.php\/2024\/12\/29\/vinculan-a-proceso-a-sujeto-por-crueldad-animal-en-san-juan-del-rio-quemo-vivo-a-un-gato\/","url":"https:\/\/www.nexoinformativo.mx\/index.php\/2024\/12\/29\/vinculan-a-proceso-a-sujeto-por-crueldad-animal-en-san-juan-del-rio-quemo-vivo-a-un-gato\/","name":"Vinculan a proceso a sujeto por crueldad animal en San Juan del R\u00edo: quem\u00f3 vivo a un gato | Nexo Informativo Santiago de Quer\u00e9taro","isPartOf":{"@id":"https:\/\/www.nexoinformativo.mx\/#website"},"primaryImageOfPage":{"@id":"https:\/\/www.nexoinformativo.mx\/index.php\/2024\/12\/29\/vinculan-a-proceso-a-sujeto-por-crueldad-animal-en-san-juan-del-rio-quemo-vivo-a-un-gato\/#primaryimage"},"image":{"@id":"https:\/\/www.nexoinformativo.mx\/index.php\/2024\/12\/29\/vinculan-a-proceso-a-sujeto-por-crueldad-animal-en-san-juan-del-rio-quemo-vivo-a-un-gato\/#primaryimage"},"thumbnailUrl":"https:\/\/www.nexoinformativo.mx\/wp-content\/uploads\/2024\/12\/PHOTO-2024-12-29-14-02-56-e1735506881778.jpg","datePublished":"2024-12-29T21:00:33+00:00","dateModified":"2024-12-29T22:23:24+00:00","description":"Vinculan a proceso a sujeto por crueldad animal en San Juan del R\u00edo: quem\u00f3 vivo a un gato","breadcrumb":{"@id":"https:\/\/www.nexoinformativo.mx\/index.php\/2024\/12\/29\/vinculan-a-proceso-a-sujeto-por-crueldad-animal-en-san-juan-del-rio-quemo-vivo-a-un-gato\/#breadcrumb"},"inLanguage":"es","potentialAction":[{"@type":"ReadAction","target":["https:\/\/www.nexoinformativo.mx\/index.php\/2024\/12\/29\/vinculan-a-proceso-a-sujeto-por-crueldad-animal-en-san-juan-del-rio-quemo-vivo-a-un-gato\/"]}]},{"@type":"ImageObject","inLanguage":"es","@id":"https:\/\/www.nexoinformativo.mx\/index.php\/2024\/12\/29\/vinculan-a-proceso-a-sujeto-por-crueldad-animal-en-san-juan-del-rio-quemo-vivo-a-un-gato\/#primaryimage","url":"https:\/\/www.nexoinformativo.mx\/wp-content\/uploads\/2024\/12\/PHOTO-2024-12-29-14-02-56-e1735506881778.jpg","contentUrl":"https:\/\/www.nexoinformativo.mx\/wp-content\/uploads\/2024\/12\/PHOTO-2024-12-29-14-02-56-e1735506881778.jpg","width":800,"height":504},{"@type":"BreadcrumbList","@id":"https:\/\/www.nexoinformativo.mx\/index.php\/2024\/12\/29\/vinculan-a-proceso-a-sujeto-por-crueldad-animal-en-san-juan-del-rio-quemo-vivo-a-un-gato\/#breadcrumb","itemListElement":[{"@type":"ListItem","position":1,"name":"Inicio","item":"https:\/\/www.nexoinformativo.mx\/"},{"@type":"ListItem","position":2,"name":"Vinculan a proceso a sujeto por crueldad animal en San Juan del R\u00edo: quem\u00f3 vivo a un gato"}]},{"@type":"WebSite","@id":"https:\/\/www.nexoinformativo.mx\/#website","url":"https:\/\/www.nexoinformativo.mx\/","name":"Nexo Informativo Santiago de Quer\u00e9taro","description":"Explora NexoInformativo y convi\u00e9rtete en parte de una comunidad que valora el conocimiento y la verdad. Tu nexoinformativo es tu puente hacia una comprensi\u00f3n m\u00e1s profunda del mundo que te rodea.","publisher":{"@id":"https:\/\/www.nexoinformativo.mx\/#organization"},"potentialAction":[{"@type":"SearchAction","target":{"@type":"EntryPoint","urlTemplate":"https:\/\/www.nexoinformativo.mx\/?s={search_term_string}"},"query-input":{"@type":"PropertyValueSpecification","valueRequired":true,"valueName":"search_term_string"}}],"inLanguage":"es"},{"@type":"Organization","@id":"https:\/\/www.nexoinformativo.mx\/#organization","name":"Nexo Informativo Santiago de Quer\u00e9taro","url":"https:\/\/www.nexoinformativo.mx\/","logo":{"@type":"ImageObject","inLanguage":"es","@id":"https:\/\/www.nexoinformativo.mx\/#\/schema\/logo\/image\/","url":"https:\/\/www.nexoinformativo.mx\/wp-content\/uploads\/2024\/07\/nexoi-trasparente-2.png","contentUrl":"https:\/\/www.nexoinformativo.mx\/wp-content\/uploads\/2024\/07\/nexoi-trasparente-2.png","width":816,"height":339,"caption":"Nexo Informativo Santiago de Quer\u00e9taro"},"image":{"@id":"https:\/\/www.nexoinformativo.mx\/#\/schema\/logo\/image\/"},"sameAs":["https:\/\/www.facebook.com\/people\/Nexo-Informativo\/61564066885511\/"]},{"@type":"Person","@id":"https:\/\/www.nexoinformativo.mx\/#\/schema\/person\/7749d380ba08c8ca00d7bc76fd907b7d","name":"Nexo Informativo","image":{"@type":"ImageObject","inLanguage":"es","@id":"https:\/\/www.nexoinformativo.mx\/#\/schema\/person\/image\/","url":"https:\/\/secure.gravatar.com\/avatar\/dde2928154642a13d95f87ddf1ea9718fe2b46760a005c53e41ff5ad610704e6?s=96&d=mm&r=g","contentUrl":"https:\/\/secure.gravatar.com\/avatar\/dde2928154642a13d95f87ddf1ea9718fe2b46760a005c53e41ff5ad610704e6?s=96&d=mm&r=g","caption":"Nexo Informativo"},"url":"https:\/\/www.nexoinformativo.mx\/index.php\/author\/edicion\/"}]}},"_links":{"self":[{"href":"https:\/\/www.nexoinformativo.mx\/index.php\/wp-json\/wp\/v2\/posts\/9015","targetHints":{"allow":["GET"]}}],"collection":[{"href":"https:\/\/www.nexoinformativo.mx\/index.php\/wp-json\/wp\/v2\/posts"}],"about":[{"href":"https:\/\/www.nexoinformativo.mx\/index.php\/wp-json\/wp\/v2\/types\/post"}],"author":[{"embeddable":true,"href":"https:\/\/www.nexoinformativo.mx\/index.php\/wp-json\/wp\/v2\/users\/3"}],"replies":[{"embeddable":true,"href":"https:\/\/www.nexoinformativo.mx\/index.php\/wp-json\/wp\/v2\/comments?post=9015"}],"version-history":[{"count":5,"href":"https:\/\/www.nexoinformativo.mx\/index.php\/wp-json\/wp\/v2\/posts\/9015\/revisions"}],"predecessor-version":[{"id":9023,"href":"https:\/\/www.nexoinformativo.mx\/index.php\/wp-json\/wp\/v2\/posts\/9015\/revisions\/9023"}],"wp:featuredmedia":[{"embeddable":true,"href":"https:\/\/www.nexoinformativo.mx\/index.php\/wp-json\/wp\/v2\/media\/9016"}],"wp:attachment":[{"href":"https:\/\/www.nexoinformativo.mx\/index.php\/wp-json\/wp\/v2\/media?parent=9015"}],"wp:term":[{"taxonomy":"category","embeddable":true,"href":"https:\/\/www.nexoinformativo.mx\/index.php\/wp-json\/wp\/v2\/categories?post=9015"},{"taxonomy":"post_tag","embeddable":true,"href":"https:\/\/www.nexoinformativo.mx\/index.php\/wp-json\/wp\/v2\/tags?post=9015"}],"curies":[{"name":"wp","href":"https:\/\/api.w.org\/{rel}","templated":true}]}}