{"id":9024,"date":"2024-12-29T15:30:43","date_gmt":"2024-12-29T21:30:43","guid":{"rendered":"https:\/\/www.nexoinformativo.mx\/?p=9024"},"modified":"2024-12-29T16:23:07","modified_gmt":"2024-12-29T22:23:07","slug":"cae-tras-las-rejas-presunto-ladron-en-santa-maria-begona-tenia-orden-de-aprehension","status":"publish","type":"post","link":"https:\/\/www.nexoinformativo.mx\/index.php\/2024\/12\/29\/cae-tras-las-rejas-presunto-ladron-en-santa-maria-begona-tenia-orden-de-aprehension\/","title":{"rendered":"Cae tras las rejas presunto ladr\u00f3n en Santa Mar\u00eda Bego\u00f1a: Ten\u00eda orden de aprehensi\u00f3n"},"content":{"rendered":"<p style=\"text-align: justify;\" data-sourcepos=\"9:1-9:265\">En un operativo de vigilancia rutinaria, elementos de la Secretar\u00eda de Seguridad P\u00fablica de El Marqu\u00e9s lograron la detenci\u00f3n de Guadalupe &#8220;N&#8221;, quien contaba con una orden de aprehensi\u00f3n vigente por el delito de robo a casa habitaci\u00f3n.<\/p>\n<\/p>\n<p>&nbsp;<\/p>\n<p style=\"text-align: justify;\" data-sourcepos=\"11:1-11:305\">Los hechos ocurrieron en la comunidad de Santa Mar\u00eda Bego\u00f1a, cuando los oficiales realizaban un recorrido de seguridad. Al notar una actitud sospechosa por parte de Guadalupe &#8220;N&#8221;, procedieron a identificarlo. Tras verificar sus datos en las bases de datos, se confirm\u00f3 que era buscado por las autoridades.<\/p>\n<\/p>\n<p>&nbsp;<\/p>\n<p style=\"text-align: justify;\" data-sourcepos=\"13:1-13:146\">De inmediato, el detenido fue puesto a disposici\u00f3n de la Fiscal\u00eda General del Estado, instancia que se encargar\u00e1 de definir su situaci\u00f3n jur\u00eddica.<\/p>\n<\/p>\n<p>&nbsp;<\/p>\n<p style=\"text-align: justify;\" data-sourcepos=\"15:1-15:241\">Con esta acci\u00f3n, la Secretar\u00eda de Seguridad P\u00fablica de El Marqu\u00e9s reitera su compromiso de garantizar la seguridad de los habitantes del municipio, intensificando los patrullajes y respondiendo de manera oportuna a las denuncias ciudadanas.<\/p>\n<\/p>\n<p>&nbsp;<\/p>\n<p style=\"text-align: center;\" data-sourcepos=\"15:1-15:241\"><em><strong>\u00a1Informaci\u00f3n que transforma!<\/strong><\/em><\/p>\n","protected":false},"excerpt":{"rendered":"<p>En un operativo de vigilancia rutinaria, elementos de la Secretar\u00eda de Seguridad P\u00fablica de El Marqu\u00e9s lograron la detenci\u00f3n de Guadalupe &#8220;N&#8221;, quien contaba con una orden de aprehensi\u00f3n vigente por el delito de robo a casa habitaci\u00f3n.<\/p>\n","protected":false},"author":3,"featured_media":9025,"comment_status":"open","ping_status":"open","sticky":false,"template":"","format":"standard","meta":{"footnotes":""},"categories":[137,58],"tags":[2897,307,2632,157],"class_list":["post-9024","post","type-post","status-publish","format-standard","has-post-thumbnail","hentry","category-sucesos","category-ultima-hora","tag-detenido","tag-elmarquesseguro","tag-roboacasahabitacion","tag-seguridadciudadana"],"yoast_head":"<!-- This site is optimized with the Yoast SEO plugin v25.0 - https:\/\/yoast.com\/wordpress\/plugins\/seo\/ -->\n<title>Cae tras las rejas presunto ladr\u00f3n en Santa Mar\u00eda Bego\u00f1a: Ten\u00eda orden de aprehensi\u00f3n | Nexo Informativo Santiago de Quer\u00e9taro<\/title>\n<meta name=\"description\" content=\"Cae tras las rejas presunto ladr\u00f3n en Santa Mar\u00eda Bego\u00f1a: Ten\u00eda orden de aprehensi\u00f3n\" \/>\n<meta name=\"robots\" content=\"index, follow, max-snippet:-1, max-image-preview:large, max-video-preview:-1\" \/>\n<link rel=\"canonical\" href=\"https:\/\/www.nexoinformativo.mx\/index.php\/2024\/12\/29\/cae-tras-las-rejas-presunto-ladron-en-santa-maria-begona-tenia-orden-de-aprehension\/\" \/>\n<meta property=\"og:locale\" content=\"es_MX\" \/>\n<meta property=\"og:type\" content=\"article\" \/>\n<meta property=\"og:title\" content=\"Cae tras las rejas presunto ladr\u00f3n en Santa Mar\u00eda Bego\u00f1a: Ten\u00eda orden de aprehensi\u00f3n | Nexo Informativo Santiago de Quer\u00e9taro\" \/>\n<meta property=\"og:description\" content=\"Cae tras las rejas presunto ladr\u00f3n en Santa Mar\u00eda Bego\u00f1a: Ten\u00eda orden de aprehensi\u00f3n\" \/>\n<meta property=\"og:url\" content=\"https:\/\/www.nexoinformativo.mx\/index.php\/2024\/12\/29\/cae-tras-las-rejas-presunto-ladron-en-santa-maria-begona-tenia-orden-de-aprehension\/\" \/>\n<meta property=\"og:site_name\" content=\"Nexo Informativo Santiago de Quer\u00e9taro\" \/>\n<meta property=\"article:publisher\" content=\"https:\/\/www.facebook.com\/people\/Nexo-Informativo\/61564066885511\/\" \/>\n<meta property=\"article:published_time\" content=\"2024-12-29T21:30:43+00:00\" \/>\n<meta property=\"article:modified_time\" content=\"2024-12-29T22:23:07+00:00\" \/>\n<meta property=\"og:image\" content=\"https:\/\/www.nexoinformativo.mx\/wp-content\/uploads\/2024\/12\/PHOTO-2024-12-29-15-21-40.jpg\" \/>\n\t<meta property=\"og:image:width\" content=\"789\" \/>\n\t<meta property=\"og:image:height\" content=\"673\" \/>\n\t<meta property=\"og:image:type\" content=\"image\/jpeg\" \/>\n<meta name=\"author\" content=\"Nexo Informativo\" \/>\n<meta name=\"twitter:card\" content=\"summary_large_image\" \/>\n<meta name=\"twitter:label1\" content=\"Escrito por\" \/>\n\t<meta name=\"twitter:data1\" content=\"Nexo Informativo\" \/>\n\t<meta name=\"twitter:label2\" content=\"Tiempo de lectura\" \/>\n\t<meta name=\"twitter:data2\" content=\"1 minuto\" \/>\n<script type=\"application\/ld+json\" class=\"yoast-schema-graph\">{\"@context\":\"https:\/\/schema.org\",\"@graph\":[{\"@type\":\"Article\",\"@id\":\"https:\/\/www.nexoinformativo.mx\/index.php\/2024\/12\/29\/cae-tras-las-rejas-presunto-ladron-en-santa-maria-begona-tenia-orden-de-aprehension\/#article\",\"isPartOf\":{\"@id\":\"https:\/\/www.nexoinformativo.mx\/index.php\/2024\/12\/29\/cae-tras-las-rejas-presunto-ladron-en-santa-maria-begona-tenia-orden-de-aprehension\/\"},\"author\":{\"name\":\"Nexo Informativo\",\"@id\":\"https:\/\/www.nexoinformativo.mx\/#\/schema\/person\/7749d380ba08c8ca00d7bc76fd907b7d\"},\"headline\":\"Cae tras las rejas presunto ladr\u00f3n en Santa Mar\u00eda Bego\u00f1a: Ten\u00eda orden de aprehensi\u00f3n\",\"datePublished\":\"2024-12-29T21:30:43+00:00\",\"dateModified\":\"2024-12-29T22:23:07+00:00\",\"mainEntityOfPage\":{\"@id\":\"https:\/\/www.nexoinformativo.mx\/index.php\/2024\/12\/29\/cae-tras-las-rejas-presunto-ladron-en-santa-maria-begona-tenia-orden-de-aprehension\/\"},\"wordCount\":187,\"commentCount\":0,\"publisher\":{\"@id\":\"https:\/\/www.nexoinformativo.mx\/#organization\"},\"image\":{\"@id\":\"https:\/\/www.nexoinformativo.mx\/index.php\/2024\/12\/29\/cae-tras-las-rejas-presunto-ladron-en-santa-maria-begona-tenia-orden-de-aprehension\/#primaryimage\"},\"thumbnailUrl\":\"https:\/\/www.nexoinformativo.mx\/wp-content\/uploads\/2024\/12\/PHOTO-2024-12-29-15-21-40.jpg\",\"keywords\":[\"Detenido\",\"ElMarqu\u00e9sSeguro\",\"RoboACasaHabitaci\u00f3n\",\"SeguridadCiudadana\"],\"articleSection\":[\"Sucesos\",\"\u00daltima Hora\"],\"inLanguage\":\"es\",\"potentialAction\":[{\"@type\":\"CommentAction\",\"name\":\"Comment\",\"target\":[\"https:\/\/www.nexoinformativo.mx\/index.php\/2024\/12\/29\/cae-tras-las-rejas-presunto-ladron-en-santa-maria-begona-tenia-orden-de-aprehension\/#respond\"]}]},{\"@type\":\"WebPage\",\"@id\":\"https:\/\/www.nexoinformativo.mx\/index.php\/2024\/12\/29\/cae-tras-las-rejas-presunto-ladron-en-santa-maria-begona-tenia-orden-de-aprehension\/\",\"url\":\"https:\/\/www.nexoinformativo.mx\/index.php\/2024\/12\/29\/cae-tras-las-rejas-presunto-ladron-en-santa-maria-begona-tenia-orden-de-aprehension\/\",\"name\":\"Cae tras las rejas presunto ladr\u00f3n en Santa Mar\u00eda Bego\u00f1a: Ten\u00eda orden de aprehensi\u00f3n | Nexo Informativo Santiago de Quer\u00e9taro\",\"isPartOf\":{\"@id\":\"https:\/\/www.nexoinformativo.mx\/#website\"},\"primaryImageOfPage\":{\"@id\":\"https:\/\/www.nexoinformativo.mx\/index.php\/2024\/12\/29\/cae-tras-las-rejas-presunto-ladron-en-santa-maria-begona-tenia-orden-de-aprehension\/#primaryimage\"},\"image\":{\"@id\":\"https:\/\/www.nexoinformativo.mx\/index.php\/2024\/12\/29\/cae-tras-las-rejas-presunto-ladron-en-santa-maria-begona-tenia-orden-de-aprehension\/#primaryimage\"},\"thumbnailUrl\":\"https:\/\/www.nexoinformativo.mx\/wp-content\/uploads\/2024\/12\/PHOTO-2024-12-29-15-21-40.jpg\",\"datePublished\":\"2024-12-29T21:30:43+00:00\",\"dateModified\":\"2024-12-29T22:23:07+00:00\",\"description\":\"Cae tras las rejas presunto ladr\u00f3n en Santa Mar\u00eda Bego\u00f1a: Ten\u00eda orden de aprehensi\u00f3n\",\"breadcrumb\":{\"@id\":\"https:\/\/www.nexoinformativo.mx\/index.php\/2024\/12\/29\/cae-tras-las-rejas-presunto-ladron-en-santa-maria-begona-tenia-orden-de-aprehension\/#breadcrumb\"},\"inLanguage\":\"es\",\"potentialAction\":[{\"@type\":\"ReadAction\",\"target\":[\"https:\/\/www.nexoinformativo.mx\/index.php\/2024\/12\/29\/cae-tras-las-rejas-presunto-ladron-en-santa-maria-begona-tenia-orden-de-aprehension\/\"]}]},{\"@type\":\"ImageObject\",\"inLanguage\":\"es\",\"@id\":\"https:\/\/www.nexoinformativo.mx\/index.php\/2024\/12\/29\/cae-tras-las-rejas-presunto-ladron-en-santa-maria-begona-tenia-orden-de-aprehension\/#primaryimage\",\"url\":\"https:\/\/www.nexoinformativo.mx\/wp-content\/uploads\/2024\/12\/PHOTO-2024-12-29-15-21-40.jpg\",\"contentUrl\":\"https:\/\/www.nexoinformativo.mx\/wp-content\/uploads\/2024\/12\/PHOTO-2024-12-29-15-21-40.jpg\",\"width\":789,\"height\":673},{\"@type\":\"BreadcrumbList\",\"@id\":\"https:\/\/www.nexoinformativo.mx\/index.php\/2024\/12\/29\/cae-tras-las-rejas-presunto-ladron-en-santa-maria-begona-tenia-orden-de-aprehension\/#breadcrumb\",\"itemListElement\":[{\"@type\":\"ListItem\",\"position\":1,\"name\":\"Inicio\",\"item\":\"https:\/\/www.nexoinformativo.mx\/\"},{\"@type\":\"ListItem\",\"position\":2,\"name\":\"Cae tras las rejas presunto ladr\u00f3n en Santa Mar\u00eda Bego\u00f1a: Ten\u00eda orden de aprehensi\u00f3n\"}]},{\"@type\":\"WebSite\",\"@id\":\"https:\/\/www.nexoinformativo.mx\/#website\",\"url\":\"https:\/\/www.nexoinformativo.mx\/\",\"name\":\"Nexo Informativo Santiago de Quer\u00e9taro\",\"description\":\"Explora NexoInformativo y convi\u00e9rtete en parte de una comunidad que valora el conocimiento y la verdad. Tu nexoinformativo es tu puente hacia una comprensi\u00f3n m\u00e1s profunda del mundo que te rodea.\",\"publisher\":{\"@id\":\"https:\/\/www.nexoinformativo.mx\/#organization\"},\"potentialAction\":[{\"@type\":\"SearchAction\",\"target\":{\"@type\":\"EntryPoint\",\"urlTemplate\":\"https:\/\/www.nexoinformativo.mx\/?s={search_term_string}\"},\"query-input\":{\"@type\":\"PropertyValueSpecification\",\"valueRequired\":true,\"valueName\":\"search_term_string\"}}],\"inLanguage\":\"es\"},{\"@type\":\"Organization\",\"@id\":\"https:\/\/www.nexoinformativo.mx\/#organization\",\"name\":\"Nexo Informativo Santiago de Quer\u00e9taro\",\"url\":\"https:\/\/www.nexoinformativo.mx\/\",\"logo\":{\"@type\":\"ImageObject\",\"inLanguage\":\"es\",\"@id\":\"https:\/\/www.nexoinformativo.mx\/#\/schema\/logo\/image\/\",\"url\":\"https:\/\/www.nexoinformativo.mx\/wp-content\/uploads\/2024\/07\/nexoi-trasparente-2.png\",\"contentUrl\":\"https:\/\/www.nexoinformativo.mx\/wp-content\/uploads\/2024\/07\/nexoi-trasparente-2.png\",\"width\":816,\"height\":339,\"caption\":\"Nexo Informativo Santiago de Quer\u00e9taro\"},\"image\":{\"@id\":\"https:\/\/www.nexoinformativo.mx\/#\/schema\/logo\/image\/\"},\"sameAs\":[\"https:\/\/www.facebook.com\/people\/Nexo-Informativo\/61564066885511\/\"]},{\"@type\":\"Person\",\"@id\":\"https:\/\/www.nexoinformativo.mx\/#\/schema\/person\/7749d380ba08c8ca00d7bc76fd907b7d\",\"name\":\"Nexo Informativo\",\"image\":{\"@type\":\"ImageObject\",\"inLanguage\":\"es\",\"@id\":\"https:\/\/www.nexoinformativo.mx\/#\/schema\/person\/image\/\",\"url\":\"https:\/\/secure.gravatar.com\/avatar\/dde2928154642a13d95f87ddf1ea9718fe2b46760a005c53e41ff5ad610704e6?s=96&d=mm&r=g\",\"contentUrl\":\"https:\/\/secure.gravatar.com\/avatar\/dde2928154642a13d95f87ddf1ea9718fe2b46760a005c53e41ff5ad610704e6?s=96&d=mm&r=g\",\"caption\":\"Nexo Informativo\"},\"url\":\"https:\/\/www.nexoinformativo.mx\/index.php\/author\/edicion\/\"}]}<\/script>\n<!-- \/ Yoast SEO plugin. -->","yoast_head_json":{"title":"Cae tras las rejas presunto ladr\u00f3n en Santa Mar\u00eda Bego\u00f1a: Ten\u00eda orden de aprehensi\u00f3n | Nexo Informativo Santiago de Quer\u00e9taro","description":"Cae tras las rejas presunto ladr\u00f3n en Santa Mar\u00eda Bego\u00f1a: Ten\u00eda orden de aprehensi\u00f3n","robots":{"index":"index","follow":"follow","max-snippet":"max-snippet:-1","max-image-preview":"max-image-preview:large","max-video-preview":"max-video-preview:-1"},"canonical":"https:\/\/www.nexoinformativo.mx\/index.php\/2024\/12\/29\/cae-tras-las-rejas-presunto-ladron-en-santa-maria-begona-tenia-orden-de-aprehension\/","og_locale":"es_MX","og_type":"article","og_title":"Cae tras las rejas presunto ladr\u00f3n en Santa Mar\u00eda Bego\u00f1a: Ten\u00eda orden de aprehensi\u00f3n | Nexo Informativo Santiago de Quer\u00e9taro","og_description":"Cae tras las rejas presunto ladr\u00f3n en Santa Mar\u00eda Bego\u00f1a: Ten\u00eda orden de aprehensi\u00f3n","og_url":"https:\/\/www.nexoinformativo.mx\/index.php\/2024\/12\/29\/cae-tras-las-rejas-presunto-ladron-en-santa-maria-begona-tenia-orden-de-aprehension\/","og_site_name":"Nexo Informativo Santiago de Quer\u00e9taro","article_publisher":"https:\/\/www.facebook.com\/people\/Nexo-Informativo\/61564066885511\/","article_published_time":"2024-12-29T21:30:43+00:00","article_modified_time":"2024-12-29T22:23:07+00:00","og_image":[{"width":789,"height":673,"url":"https:\/\/www.nexoinformativo.mx\/wp-content\/uploads\/2024\/12\/PHOTO-2024-12-29-15-21-40.jpg","type":"image\/jpeg"}],"author":"Nexo Informativo","twitter_card":"summary_large_image","twitter_misc":{"Escrito por":"Nexo Informativo","Tiempo de lectura":"1 minuto"},"schema":{"@context":"https:\/\/schema.org","@graph":[{"@type":"Article","@id":"https:\/\/www.nexoinformativo.mx\/index.php\/2024\/12\/29\/cae-tras-las-rejas-presunto-ladron-en-santa-maria-begona-tenia-orden-de-aprehension\/#article","isPartOf":{"@id":"https:\/\/www.nexoinformativo.mx\/index.php\/2024\/12\/29\/cae-tras-las-rejas-presunto-ladron-en-santa-maria-begona-tenia-orden-de-aprehension\/"},"author":{"name":"Nexo Informativo","@id":"https:\/\/www.nexoinformativo.mx\/#\/schema\/person\/7749d380ba08c8ca00d7bc76fd907b7d"},"headline":"Cae tras las rejas presunto ladr\u00f3n en Santa Mar\u00eda Bego\u00f1a: Ten\u00eda orden de aprehensi\u00f3n","datePublished":"2024-12-29T21:30:43+00:00","dateModified":"2024-12-29T22:23:07+00:00","mainEntityOfPage":{"@id":"https:\/\/www.nexoinformativo.mx\/index.php\/2024\/12\/29\/cae-tras-las-rejas-presunto-ladron-en-santa-maria-begona-tenia-orden-de-aprehension\/"},"wordCount":187,"commentCount":0,"publisher":{"@id":"https:\/\/www.nexoinformativo.mx\/#organization"},"image":{"@id":"https:\/\/www.nexoinformativo.mx\/index.php\/2024\/12\/29\/cae-tras-las-rejas-presunto-ladron-en-santa-maria-begona-tenia-orden-de-aprehension\/#primaryimage"},"thumbnailUrl":"https:\/\/www.nexoinformativo.mx\/wp-content\/uploads\/2024\/12\/PHOTO-2024-12-29-15-21-40.jpg","keywords":["Detenido","ElMarqu\u00e9sSeguro","RoboACasaHabitaci\u00f3n","SeguridadCiudadana"],"articleSection":["Sucesos","\u00daltima Hora"],"inLanguage":"es","potentialAction":[{"@type":"CommentAction","name":"Comment","target":["https:\/\/www.nexoinformativo.mx\/index.php\/2024\/12\/29\/cae-tras-las-rejas-presunto-ladron-en-santa-maria-begona-tenia-orden-de-aprehension\/#respond"]}]},{"@type":"WebPage","@id":"https:\/\/www.nexoinformativo.mx\/index.php\/2024\/12\/29\/cae-tras-las-rejas-presunto-ladron-en-santa-maria-begona-tenia-orden-de-aprehension\/","url":"https:\/\/www.nexoinformativo.mx\/index.php\/2024\/12\/29\/cae-tras-las-rejas-presunto-ladron-en-santa-maria-begona-tenia-orden-de-aprehension\/","name":"Cae tras las rejas presunto ladr\u00f3n en Santa Mar\u00eda Bego\u00f1a: Ten\u00eda orden de aprehensi\u00f3n | Nexo Informativo Santiago de Quer\u00e9taro","isPartOf":{"@id":"https:\/\/www.nexoinformativo.mx\/#website"},"primaryImageOfPage":{"@id":"https:\/\/www.nexoinformativo.mx\/index.php\/2024\/12\/29\/cae-tras-las-rejas-presunto-ladron-en-santa-maria-begona-tenia-orden-de-aprehension\/#primaryimage"},"image":{"@id":"https:\/\/www.nexoinformativo.mx\/index.php\/2024\/12\/29\/cae-tras-las-rejas-presunto-ladron-en-santa-maria-begona-tenia-orden-de-aprehension\/#primaryimage"},"thumbnailUrl":"https:\/\/www.nexoinformativo.mx\/wp-content\/uploads\/2024\/12\/PHOTO-2024-12-29-15-21-40.jpg","datePublished":"2024-12-29T21:30:43+00:00","dateModified":"2024-12-29T22:23:07+00:00","description":"Cae tras las rejas presunto ladr\u00f3n en Santa Mar\u00eda Bego\u00f1a: Ten\u00eda orden de aprehensi\u00f3n","breadcrumb":{"@id":"https:\/\/www.nexoinformativo.mx\/index.php\/2024\/12\/29\/cae-tras-las-rejas-presunto-ladron-en-santa-maria-begona-tenia-orden-de-aprehension\/#breadcrumb"},"inLanguage":"es","potentialAction":[{"@type":"ReadAction","target":["https:\/\/www.nexoinformativo.mx\/index.php\/2024\/12\/29\/cae-tras-las-rejas-presunto-ladron-en-santa-maria-begona-tenia-orden-de-aprehension\/"]}]},{"@type":"ImageObject","inLanguage":"es","@id":"https:\/\/www.nexoinformativo.mx\/index.php\/2024\/12\/29\/cae-tras-las-rejas-presunto-ladron-en-santa-maria-begona-tenia-orden-de-aprehension\/#primaryimage","url":"https:\/\/www.nexoinformativo.mx\/wp-content\/uploads\/2024\/12\/PHOTO-2024-12-29-15-21-40.jpg","contentUrl":"https:\/\/www.nexoinformativo.mx\/wp-content\/uploads\/2024\/12\/PHOTO-2024-12-29-15-21-40.jpg","width":789,"height":673},{"@type":"BreadcrumbList","@id":"https:\/\/www.nexoinformativo.mx\/index.php\/2024\/12\/29\/cae-tras-las-rejas-presunto-ladron-en-santa-maria-begona-tenia-orden-de-aprehension\/#breadcrumb","itemListElement":[{"@type":"ListItem","position":1,"name":"Inicio","item":"https:\/\/www.nexoinformativo.mx\/"},{"@type":"ListItem","position":2,"name":"Cae tras las rejas presunto ladr\u00f3n en Santa Mar\u00eda Bego\u00f1a: Ten\u00eda orden de aprehensi\u00f3n"}]},{"@type":"WebSite","@id":"https:\/\/www.nexoinformativo.mx\/#website","url":"https:\/\/www.nexoinformativo.mx\/","name":"Nexo Informativo Santiago de Quer\u00e9taro","description":"Explora NexoInformativo y convi\u00e9rtete en parte de una comunidad que valora el conocimiento y la verdad. Tu nexoinformativo es tu puente hacia una comprensi\u00f3n m\u00e1s profunda del mundo que te rodea.","publisher":{"@id":"https:\/\/www.nexoinformativo.mx\/#organization"},"potentialAction":[{"@type":"SearchAction","target":{"@type":"EntryPoint","urlTemplate":"https:\/\/www.nexoinformativo.mx\/?s={search_term_string}"},"query-input":{"@type":"PropertyValueSpecification","valueRequired":true,"valueName":"search_term_string"}}],"inLanguage":"es"},{"@type":"Organization","@id":"https:\/\/www.nexoinformativo.mx\/#organization","name":"Nexo Informativo Santiago de Quer\u00e9taro","url":"https:\/\/www.nexoinformativo.mx\/","logo":{"@type":"ImageObject","inLanguage":"es","@id":"https:\/\/www.nexoinformativo.mx\/#\/schema\/logo\/image\/","url":"https:\/\/www.nexoinformativo.mx\/wp-content\/uploads\/2024\/07\/nexoi-trasparente-2.png","contentUrl":"https:\/\/www.nexoinformativo.mx\/wp-content\/uploads\/2024\/07\/nexoi-trasparente-2.png","width":816,"height":339,"caption":"Nexo Informativo Santiago de Quer\u00e9taro"},"image":{"@id":"https:\/\/www.nexoinformativo.mx\/#\/schema\/logo\/image\/"},"sameAs":["https:\/\/www.facebook.com\/people\/Nexo-Informativo\/61564066885511\/"]},{"@type":"Person","@id":"https:\/\/www.nexoinformativo.mx\/#\/schema\/person\/7749d380ba08c8ca00d7bc76fd907b7d","name":"Nexo Informativo","image":{"@type":"ImageObject","inLanguage":"es","@id":"https:\/\/www.nexoinformativo.mx\/#\/schema\/person\/image\/","url":"https:\/\/secure.gravatar.com\/avatar\/dde2928154642a13d95f87ddf1ea9718fe2b46760a005c53e41ff5ad610704e6?s=96&d=mm&r=g","contentUrl":"https:\/\/secure.gravatar.com\/avatar\/dde2928154642a13d95f87ddf1ea9718fe2b46760a005c53e41ff5ad610704e6?s=96&d=mm&r=g","caption":"Nexo Informativo"},"url":"https:\/\/www.nexoinformativo.mx\/index.php\/author\/edicion\/"}]}},"_links":{"self":[{"href":"https:\/\/www.nexoinformativo.mx\/index.php\/wp-json\/wp\/v2\/posts\/9024","targetHints":{"allow":["GET"]}}],"collection":[{"href":"https:\/\/www.nexoinformativo.mx\/index.php\/wp-json\/wp\/v2\/posts"}],"about":[{"href":"https:\/\/www.nexoinformativo.mx\/index.php\/wp-json\/wp\/v2\/types\/post"}],"author":[{"embeddable":true,"href":"https:\/\/www.nexoinformativo.mx\/index.php\/wp-json\/wp\/v2\/users\/3"}],"replies":[{"embeddable":true,"href":"https:\/\/www.nexoinformativo.mx\/index.php\/wp-json\/wp\/v2\/comments?post=9024"}],"version-history":[{"count":3,"href":"https:\/\/www.nexoinformativo.mx\/index.php\/wp-json\/wp\/v2\/posts\/9024\/revisions"}],"predecessor-version":[{"id":9028,"href":"https:\/\/www.nexoinformativo.mx\/index.php\/wp-json\/wp\/v2\/posts\/9024\/revisions\/9028"}],"wp:featuredmedia":[{"embeddable":true,"href":"https:\/\/www.nexoinformativo.mx\/index.php\/wp-json\/wp\/v2\/media\/9025"}],"wp:attachment":[{"href":"https:\/\/www.nexoinformativo.mx\/index.php\/wp-json\/wp\/v2\/media?parent=9024"}],"wp:term":[{"taxonomy":"category","embeddable":true,"href":"https:\/\/www.nexoinformativo.mx\/index.php\/wp-json\/wp\/v2\/categories?post=9024"},{"taxonomy":"post_tag","embeddable":true,"href":"https:\/\/www.nexoinformativo.mx\/index.php\/wp-json\/wp\/v2\/tags?post=9024"}],"curies":[{"name":"wp","href":"https:\/\/api.w.org\/{rel}","templated":true}]}}