{"id":9035,"date":"2024-12-30T06:00:29","date_gmt":"2024-12-30T12:00:29","guid":{"rendered":"https:\/\/www.nexoinformativo.mx\/?p=9035"},"modified":"2024-12-30T10:58:36","modified_gmt":"2024-12-30T16:58:36","slug":"caen-banda-de-extranjeros-con-placas-robadas-en-queretaro-sospechosos-de-robos-a-casa-habitacion","status":"publish","type":"post","link":"https:\/\/www.nexoinformativo.mx\/index.php\/2024\/12\/30\/caen-banda-de-extranjeros-con-placas-robadas-en-queretaro-sospechosos-de-robos-a-casa-habitacion\/","title":{"rendered":"Caen banda de extranjeros con placas robadas en Quer\u00e9taro: Sospechosos de robos a casa habitaci\u00f3n"},"content":{"rendered":"<p style=\"text-align: justify;\" data-sourcepos=\"9:1-9:291\">En un operativo conjunto entre la Secretar\u00eda de Seguridad P\u00fablica Municipal de Quer\u00e9taro (SSPMQ) y corporaciones de seguridad de Corregidora y San Juan del R\u00edo, se logr\u00f3 la detenci\u00f3n de tres individuos, dos de ellos extranjeros, en la colonia El Sol.<\/p>\n<\/p>\n<p>&nbsp;<\/p>\n<p style=\"text-align: justify;\" data-sourcepos=\"11:1-11:329\">La tarde de este domingo, elementos de la Guardia Municipal implementaron un operativo de vigilancia que culmin\u00f3 con una persecuci\u00f3n y la detenci\u00f3n de una camioneta en Prolongaci\u00f3n Bernardo Quintana. Al interior del veh\u00edculo, se encontraron placas sobrepuestas con reporte de robo y herramientas utilizadas para forzar cerraduras.<\/p>\n<\/p>\n<p>&nbsp;<\/p>\n<p style=\"text-align: justify;\" data-sourcepos=\"13:1-13:282\">De acuerdo con las primeras investigaciones, los detenidos podr\u00edan estar vinculados a una serie de robos a casa habitaci\u00f3n en la capital queretana y posiblemente en otros municipios del estado. Las autoridades contin\u00faan indagando para determinar su participaci\u00f3n en otros il\u00edcitos.<\/p>\n<\/p>\n<p>&nbsp;<\/p>\n<p style=\"text-align: justify;\" data-sourcepos=\"15:1-15:189\">Los tres individuos fueron puestos a disposici\u00f3n de la Fiscal\u00eda General del Estado de Quer\u00e9taro (FGEQ) para continuar con las investigaciones correspondientes y definir su situaci\u00f3n legal.<\/p>\n<\/p>\n<p>&nbsp;<\/p>\n<p style=\"text-align: justify;\" data-sourcepos=\"17:1-17:185\">\u00a1Denuncia! Si reconoces a estos individuos o cuentas con informaci\u00f3n que pueda ayudar a esclarecer estos hechos, te invitamos a denunciar de manera an\u00f3nima a trav\u00e9s de la l\u00ednea 089.<\/p>\n<\/p>\n<p>&nbsp;<\/p>\n<p style=\"text-align: center;\" data-sourcepos=\"17:1-17:185\"><strong><em>\u00a1Informaci\u00f3n que transforma!<\/em><\/strong><\/p>\n","protected":false},"excerpt":{"rendered":"<p>En un operativo conjunto entre la Secretar\u00eda de Seguridad P\u00fablica Municipal de Quer\u00e9taro (SSPMQ) y corporaciones de seguridad de Corregidora y San Juan del R\u00edo, se logr\u00f3 la detenci\u00f3n de tres individuos, dos de ellos extranjeros, en la colonia El Sol.<\/p>\n","protected":false},"author":3,"featured_media":9036,"comment_status":"open","ping_status":"open","sticky":false,"template":"","format":"standard","meta":{"footnotes":""},"categories":[137,58],"tags":[261,242,2899,722],"class_list":["post-9035","post","type-post","status-publish","format-standard","has-post-thumbnail","hentry","category-sucesos","category-ultima-hora","tag-detenidos","tag-queretaroseguro","tag-roboacasas","tag-sspmq"],"yoast_head":"<!-- This site is optimized with the Yoast SEO plugin v25.0 - https:\/\/yoast.com\/wordpress\/plugins\/seo\/ -->\n<title>Caen banda de extranjeros con placas robadas en Quer\u00e9taro: Sospechosos de robos a casa habitaci\u00f3n | Nexo Informativo Santiago de Quer\u00e9taro<\/title>\n<meta name=\"description\" content=\"Caen banda de extranjeros con placas robadas en Quer\u00e9taro: Sospechosos de robos a casa habitaci\u00f3n\" \/>\n<meta name=\"robots\" content=\"index, follow, max-snippet:-1, max-image-preview:large, max-video-preview:-1\" \/>\n<link rel=\"canonical\" href=\"https:\/\/www.nexoinformativo.mx\/index.php\/2024\/12\/30\/caen-banda-de-extranjeros-con-placas-robadas-en-queretaro-sospechosos-de-robos-a-casa-habitacion\/\" \/>\n<meta property=\"og:locale\" content=\"es_MX\" \/>\n<meta property=\"og:type\" content=\"article\" \/>\n<meta property=\"og:title\" content=\"Caen banda de extranjeros con placas robadas en Quer\u00e9taro: Sospechosos de robos a casa habitaci\u00f3n | Nexo Informativo Santiago de Quer\u00e9taro\" \/>\n<meta property=\"og:description\" content=\"Caen banda de extranjeros con placas robadas en Quer\u00e9taro: Sospechosos de robos a casa habitaci\u00f3n\" \/>\n<meta property=\"og:url\" content=\"https:\/\/www.nexoinformativo.mx\/index.php\/2024\/12\/30\/caen-banda-de-extranjeros-con-placas-robadas-en-queretaro-sospechosos-de-robos-a-casa-habitacion\/\" \/>\n<meta property=\"og:site_name\" content=\"Nexo Informativo Santiago de Quer\u00e9taro\" \/>\n<meta property=\"article:publisher\" content=\"https:\/\/www.facebook.com\/people\/Nexo-Informativo\/61564066885511\/\" \/>\n<meta property=\"article:published_time\" content=\"2024-12-30T12:00:29+00:00\" \/>\n<meta property=\"article:modified_time\" content=\"2024-12-30T16:58:36+00:00\" \/>\n<meta property=\"og:image\" content=\"https:\/\/www.nexoinformativo.mx\/wp-content\/uploads\/2024\/12\/PHOTO-2024-12-29-20-53-27-e1735577707967.jpg\" \/>\n\t<meta property=\"og:image:width\" content=\"800\" \/>\n\t<meta property=\"og:image:height\" content=\"640\" \/>\n\t<meta property=\"og:image:type\" content=\"image\/jpeg\" \/>\n<meta name=\"author\" content=\"Nexo Informativo\" \/>\n<meta name=\"twitter:card\" content=\"summary_large_image\" \/>\n<meta name=\"twitter:label1\" content=\"Escrito por\" \/>\n\t<meta name=\"twitter:data1\" content=\"Nexo Informativo\" \/>\n\t<meta name=\"twitter:label2\" content=\"Tiempo de lectura\" \/>\n\t<meta name=\"twitter:data2\" content=\"2 minutos\" \/>\n<script type=\"application\/ld+json\" class=\"yoast-schema-graph\">{\"@context\":\"https:\/\/schema.org\",\"@graph\":[{\"@type\":\"Article\",\"@id\":\"https:\/\/www.nexoinformativo.mx\/index.php\/2024\/12\/30\/caen-banda-de-extranjeros-con-placas-robadas-en-queretaro-sospechosos-de-robos-a-casa-habitacion\/#article\",\"isPartOf\":{\"@id\":\"https:\/\/www.nexoinformativo.mx\/index.php\/2024\/12\/30\/caen-banda-de-extranjeros-con-placas-robadas-en-queretaro-sospechosos-de-robos-a-casa-habitacion\/\"},\"author\":{\"name\":\"Nexo Informativo\",\"@id\":\"https:\/\/www.nexoinformativo.mx\/#\/schema\/person\/7749d380ba08c8ca00d7bc76fd907b7d\"},\"headline\":\"Caen banda de extranjeros con placas robadas en Quer\u00e9taro: Sospechosos de robos a casa habitaci\u00f3n\",\"datePublished\":\"2024-12-30T12:00:29+00:00\",\"dateModified\":\"2024-12-30T16:58:36+00:00\",\"mainEntityOfPage\":{\"@id\":\"https:\/\/www.nexoinformativo.mx\/index.php\/2024\/12\/30\/caen-banda-de-extranjeros-con-placas-robadas-en-queretaro-sospechosos-de-robos-a-casa-habitacion\/\"},\"wordCount\":234,\"commentCount\":0,\"publisher\":{\"@id\":\"https:\/\/www.nexoinformativo.mx\/#organization\"},\"image\":{\"@id\":\"https:\/\/www.nexoinformativo.mx\/index.php\/2024\/12\/30\/caen-banda-de-extranjeros-con-placas-robadas-en-queretaro-sospechosos-de-robos-a-casa-habitacion\/#primaryimage\"},\"thumbnailUrl\":\"https:\/\/www.nexoinformativo.mx\/wp-content\/uploads\/2024\/12\/PHOTO-2024-12-29-20-53-27-e1735577707967.jpg\",\"keywords\":[\"detenidos\",\"QueretaroSeguro\",\"RoboACasas\",\"SSPMQ\"],\"articleSection\":[\"Sucesos\",\"\u00daltima Hora\"],\"inLanguage\":\"es\",\"potentialAction\":[{\"@type\":\"CommentAction\",\"name\":\"Comment\",\"target\":[\"https:\/\/www.nexoinformativo.mx\/index.php\/2024\/12\/30\/caen-banda-de-extranjeros-con-placas-robadas-en-queretaro-sospechosos-de-robos-a-casa-habitacion\/#respond\"]}]},{\"@type\":\"WebPage\",\"@id\":\"https:\/\/www.nexoinformativo.mx\/index.php\/2024\/12\/30\/caen-banda-de-extranjeros-con-placas-robadas-en-queretaro-sospechosos-de-robos-a-casa-habitacion\/\",\"url\":\"https:\/\/www.nexoinformativo.mx\/index.php\/2024\/12\/30\/caen-banda-de-extranjeros-con-placas-robadas-en-queretaro-sospechosos-de-robos-a-casa-habitacion\/\",\"name\":\"Caen banda de extranjeros con placas robadas en Quer\u00e9taro: Sospechosos de robos a casa habitaci\u00f3n | Nexo Informativo Santiago de Quer\u00e9taro\",\"isPartOf\":{\"@id\":\"https:\/\/www.nexoinformativo.mx\/#website\"},\"primaryImageOfPage\":{\"@id\":\"https:\/\/www.nexoinformativo.mx\/index.php\/2024\/12\/30\/caen-banda-de-extranjeros-con-placas-robadas-en-queretaro-sospechosos-de-robos-a-casa-habitacion\/#primaryimage\"},\"image\":{\"@id\":\"https:\/\/www.nexoinformativo.mx\/index.php\/2024\/12\/30\/caen-banda-de-extranjeros-con-placas-robadas-en-queretaro-sospechosos-de-robos-a-casa-habitacion\/#primaryimage\"},\"thumbnailUrl\":\"https:\/\/www.nexoinformativo.mx\/wp-content\/uploads\/2024\/12\/PHOTO-2024-12-29-20-53-27-e1735577707967.jpg\",\"datePublished\":\"2024-12-30T12:00:29+00:00\",\"dateModified\":\"2024-12-30T16:58:36+00:00\",\"description\":\"Caen banda de extranjeros con placas robadas en Quer\u00e9taro: Sospechosos de robos a casa habitaci\u00f3n\",\"breadcrumb\":{\"@id\":\"https:\/\/www.nexoinformativo.mx\/index.php\/2024\/12\/30\/caen-banda-de-extranjeros-con-placas-robadas-en-queretaro-sospechosos-de-robos-a-casa-habitacion\/#breadcrumb\"},\"inLanguage\":\"es\",\"potentialAction\":[{\"@type\":\"ReadAction\",\"target\":[\"https:\/\/www.nexoinformativo.mx\/index.php\/2024\/12\/30\/caen-banda-de-extranjeros-con-placas-robadas-en-queretaro-sospechosos-de-robos-a-casa-habitacion\/\"]}]},{\"@type\":\"ImageObject\",\"inLanguage\":\"es\",\"@id\":\"https:\/\/www.nexoinformativo.mx\/index.php\/2024\/12\/30\/caen-banda-de-extranjeros-con-placas-robadas-en-queretaro-sospechosos-de-robos-a-casa-habitacion\/#primaryimage\",\"url\":\"https:\/\/www.nexoinformativo.mx\/wp-content\/uploads\/2024\/12\/PHOTO-2024-12-29-20-53-27-e1735577707967.jpg\",\"contentUrl\":\"https:\/\/www.nexoinformativo.mx\/wp-content\/uploads\/2024\/12\/PHOTO-2024-12-29-20-53-27-e1735577707967.jpg\",\"width\":800,\"height\":640},{\"@type\":\"BreadcrumbList\",\"@id\":\"https:\/\/www.nexoinformativo.mx\/index.php\/2024\/12\/30\/caen-banda-de-extranjeros-con-placas-robadas-en-queretaro-sospechosos-de-robos-a-casa-habitacion\/#breadcrumb\",\"itemListElement\":[{\"@type\":\"ListItem\",\"position\":1,\"name\":\"Inicio\",\"item\":\"https:\/\/www.nexoinformativo.mx\/\"},{\"@type\":\"ListItem\",\"position\":2,\"name\":\"Caen banda de extranjeros con placas robadas en Quer\u00e9taro: Sospechosos de robos a casa habitaci\u00f3n\"}]},{\"@type\":\"WebSite\",\"@id\":\"https:\/\/www.nexoinformativo.mx\/#website\",\"url\":\"https:\/\/www.nexoinformativo.mx\/\",\"name\":\"Nexo Informativo Santiago de Quer\u00e9taro\",\"description\":\"Explora NexoInformativo y convi\u00e9rtete en parte de una comunidad que valora el conocimiento y la verdad. Tu nexoinformativo es tu puente hacia una comprensi\u00f3n m\u00e1s profunda del mundo que te rodea.\",\"publisher\":{\"@id\":\"https:\/\/www.nexoinformativo.mx\/#organization\"},\"potentialAction\":[{\"@type\":\"SearchAction\",\"target\":{\"@type\":\"EntryPoint\",\"urlTemplate\":\"https:\/\/www.nexoinformativo.mx\/?s={search_term_string}\"},\"query-input\":{\"@type\":\"PropertyValueSpecification\",\"valueRequired\":true,\"valueName\":\"search_term_string\"}}],\"inLanguage\":\"es\"},{\"@type\":\"Organization\",\"@id\":\"https:\/\/www.nexoinformativo.mx\/#organization\",\"name\":\"Nexo Informativo Santiago de Quer\u00e9taro\",\"url\":\"https:\/\/www.nexoinformativo.mx\/\",\"logo\":{\"@type\":\"ImageObject\",\"inLanguage\":\"es\",\"@id\":\"https:\/\/www.nexoinformativo.mx\/#\/schema\/logo\/image\/\",\"url\":\"https:\/\/www.nexoinformativo.mx\/wp-content\/uploads\/2024\/07\/nexoi-trasparente-2.png\",\"contentUrl\":\"https:\/\/www.nexoinformativo.mx\/wp-content\/uploads\/2024\/07\/nexoi-trasparente-2.png\",\"width\":816,\"height\":339,\"caption\":\"Nexo Informativo Santiago de Quer\u00e9taro\"},\"image\":{\"@id\":\"https:\/\/www.nexoinformativo.mx\/#\/schema\/logo\/image\/\"},\"sameAs\":[\"https:\/\/www.facebook.com\/people\/Nexo-Informativo\/61564066885511\/\"]},{\"@type\":\"Person\",\"@id\":\"https:\/\/www.nexoinformativo.mx\/#\/schema\/person\/7749d380ba08c8ca00d7bc76fd907b7d\",\"name\":\"Nexo Informativo\",\"image\":{\"@type\":\"ImageObject\",\"inLanguage\":\"es\",\"@id\":\"https:\/\/www.nexoinformativo.mx\/#\/schema\/person\/image\/\",\"url\":\"https:\/\/secure.gravatar.com\/avatar\/dde2928154642a13d95f87ddf1ea9718fe2b46760a005c53e41ff5ad610704e6?s=96&d=mm&r=g\",\"contentUrl\":\"https:\/\/secure.gravatar.com\/avatar\/dde2928154642a13d95f87ddf1ea9718fe2b46760a005c53e41ff5ad610704e6?s=96&d=mm&r=g\",\"caption\":\"Nexo Informativo\"},\"url\":\"https:\/\/www.nexoinformativo.mx\/index.php\/author\/edicion\/\"}]}<\/script>\n<!-- \/ Yoast SEO plugin. -->","yoast_head_json":{"title":"Caen banda de extranjeros con placas robadas en Quer\u00e9taro: Sospechosos de robos a casa habitaci\u00f3n | Nexo Informativo Santiago de Quer\u00e9taro","description":"Caen banda de extranjeros con placas robadas en Quer\u00e9taro: Sospechosos de robos a casa habitaci\u00f3n","robots":{"index":"index","follow":"follow","max-snippet":"max-snippet:-1","max-image-preview":"max-image-preview:large","max-video-preview":"max-video-preview:-1"},"canonical":"https:\/\/www.nexoinformativo.mx\/index.php\/2024\/12\/30\/caen-banda-de-extranjeros-con-placas-robadas-en-queretaro-sospechosos-de-robos-a-casa-habitacion\/","og_locale":"es_MX","og_type":"article","og_title":"Caen banda de extranjeros con placas robadas en Quer\u00e9taro: Sospechosos de robos a casa habitaci\u00f3n | Nexo Informativo Santiago de Quer\u00e9taro","og_description":"Caen banda de extranjeros con placas robadas en Quer\u00e9taro: Sospechosos de robos a casa habitaci\u00f3n","og_url":"https:\/\/www.nexoinformativo.mx\/index.php\/2024\/12\/30\/caen-banda-de-extranjeros-con-placas-robadas-en-queretaro-sospechosos-de-robos-a-casa-habitacion\/","og_site_name":"Nexo Informativo Santiago de Quer\u00e9taro","article_publisher":"https:\/\/www.facebook.com\/people\/Nexo-Informativo\/61564066885511\/","article_published_time":"2024-12-30T12:00:29+00:00","article_modified_time":"2024-12-30T16:58:36+00:00","og_image":[{"width":800,"height":640,"url":"https:\/\/www.nexoinformativo.mx\/wp-content\/uploads\/2024\/12\/PHOTO-2024-12-29-20-53-27-e1735577707967.jpg","type":"image\/jpeg"}],"author":"Nexo Informativo","twitter_card":"summary_large_image","twitter_misc":{"Escrito por":"Nexo Informativo","Tiempo de lectura":"2 minutos"},"schema":{"@context":"https:\/\/schema.org","@graph":[{"@type":"Article","@id":"https:\/\/www.nexoinformativo.mx\/index.php\/2024\/12\/30\/caen-banda-de-extranjeros-con-placas-robadas-en-queretaro-sospechosos-de-robos-a-casa-habitacion\/#article","isPartOf":{"@id":"https:\/\/www.nexoinformativo.mx\/index.php\/2024\/12\/30\/caen-banda-de-extranjeros-con-placas-robadas-en-queretaro-sospechosos-de-robos-a-casa-habitacion\/"},"author":{"name":"Nexo Informativo","@id":"https:\/\/www.nexoinformativo.mx\/#\/schema\/person\/7749d380ba08c8ca00d7bc76fd907b7d"},"headline":"Caen banda de extranjeros con placas robadas en Quer\u00e9taro: Sospechosos de robos a casa habitaci\u00f3n","datePublished":"2024-12-30T12:00:29+00:00","dateModified":"2024-12-30T16:58:36+00:00","mainEntityOfPage":{"@id":"https:\/\/www.nexoinformativo.mx\/index.php\/2024\/12\/30\/caen-banda-de-extranjeros-con-placas-robadas-en-queretaro-sospechosos-de-robos-a-casa-habitacion\/"},"wordCount":234,"commentCount":0,"publisher":{"@id":"https:\/\/www.nexoinformativo.mx\/#organization"},"image":{"@id":"https:\/\/www.nexoinformativo.mx\/index.php\/2024\/12\/30\/caen-banda-de-extranjeros-con-placas-robadas-en-queretaro-sospechosos-de-robos-a-casa-habitacion\/#primaryimage"},"thumbnailUrl":"https:\/\/www.nexoinformativo.mx\/wp-content\/uploads\/2024\/12\/PHOTO-2024-12-29-20-53-27-e1735577707967.jpg","keywords":["detenidos","QueretaroSeguro","RoboACasas","SSPMQ"],"articleSection":["Sucesos","\u00daltima Hora"],"inLanguage":"es","potentialAction":[{"@type":"CommentAction","name":"Comment","target":["https:\/\/www.nexoinformativo.mx\/index.php\/2024\/12\/30\/caen-banda-de-extranjeros-con-placas-robadas-en-queretaro-sospechosos-de-robos-a-casa-habitacion\/#respond"]}]},{"@type":"WebPage","@id":"https:\/\/www.nexoinformativo.mx\/index.php\/2024\/12\/30\/caen-banda-de-extranjeros-con-placas-robadas-en-queretaro-sospechosos-de-robos-a-casa-habitacion\/","url":"https:\/\/www.nexoinformativo.mx\/index.php\/2024\/12\/30\/caen-banda-de-extranjeros-con-placas-robadas-en-queretaro-sospechosos-de-robos-a-casa-habitacion\/","name":"Caen banda de extranjeros con placas robadas en Quer\u00e9taro: Sospechosos de robos a casa habitaci\u00f3n | Nexo Informativo Santiago de Quer\u00e9taro","isPartOf":{"@id":"https:\/\/www.nexoinformativo.mx\/#website"},"primaryImageOfPage":{"@id":"https:\/\/www.nexoinformativo.mx\/index.php\/2024\/12\/30\/caen-banda-de-extranjeros-con-placas-robadas-en-queretaro-sospechosos-de-robos-a-casa-habitacion\/#primaryimage"},"image":{"@id":"https:\/\/www.nexoinformativo.mx\/index.php\/2024\/12\/30\/caen-banda-de-extranjeros-con-placas-robadas-en-queretaro-sospechosos-de-robos-a-casa-habitacion\/#primaryimage"},"thumbnailUrl":"https:\/\/www.nexoinformativo.mx\/wp-content\/uploads\/2024\/12\/PHOTO-2024-12-29-20-53-27-e1735577707967.jpg","datePublished":"2024-12-30T12:00:29+00:00","dateModified":"2024-12-30T16:58:36+00:00","description":"Caen banda de extranjeros con placas robadas en Quer\u00e9taro: Sospechosos de robos a casa habitaci\u00f3n","breadcrumb":{"@id":"https:\/\/www.nexoinformativo.mx\/index.php\/2024\/12\/30\/caen-banda-de-extranjeros-con-placas-robadas-en-queretaro-sospechosos-de-robos-a-casa-habitacion\/#breadcrumb"},"inLanguage":"es","potentialAction":[{"@type":"ReadAction","target":["https:\/\/www.nexoinformativo.mx\/index.php\/2024\/12\/30\/caen-banda-de-extranjeros-con-placas-robadas-en-queretaro-sospechosos-de-robos-a-casa-habitacion\/"]}]},{"@type":"ImageObject","inLanguage":"es","@id":"https:\/\/www.nexoinformativo.mx\/index.php\/2024\/12\/30\/caen-banda-de-extranjeros-con-placas-robadas-en-queretaro-sospechosos-de-robos-a-casa-habitacion\/#primaryimage","url":"https:\/\/www.nexoinformativo.mx\/wp-content\/uploads\/2024\/12\/PHOTO-2024-12-29-20-53-27-e1735577707967.jpg","contentUrl":"https:\/\/www.nexoinformativo.mx\/wp-content\/uploads\/2024\/12\/PHOTO-2024-12-29-20-53-27-e1735577707967.jpg","width":800,"height":640},{"@type":"BreadcrumbList","@id":"https:\/\/www.nexoinformativo.mx\/index.php\/2024\/12\/30\/caen-banda-de-extranjeros-con-placas-robadas-en-queretaro-sospechosos-de-robos-a-casa-habitacion\/#breadcrumb","itemListElement":[{"@type":"ListItem","position":1,"name":"Inicio","item":"https:\/\/www.nexoinformativo.mx\/"},{"@type":"ListItem","position":2,"name":"Caen banda de extranjeros con placas robadas en Quer\u00e9taro: Sospechosos de robos a casa habitaci\u00f3n"}]},{"@type":"WebSite","@id":"https:\/\/www.nexoinformativo.mx\/#website","url":"https:\/\/www.nexoinformativo.mx\/","name":"Nexo Informativo Santiago de Quer\u00e9taro","description":"Explora NexoInformativo y convi\u00e9rtete en parte de una comunidad que valora el conocimiento y la verdad. Tu nexoinformativo es tu puente hacia una comprensi\u00f3n m\u00e1s profunda del mundo que te rodea.","publisher":{"@id":"https:\/\/www.nexoinformativo.mx\/#organization"},"potentialAction":[{"@type":"SearchAction","target":{"@type":"EntryPoint","urlTemplate":"https:\/\/www.nexoinformativo.mx\/?s={search_term_string}"},"query-input":{"@type":"PropertyValueSpecification","valueRequired":true,"valueName":"search_term_string"}}],"inLanguage":"es"},{"@type":"Organization","@id":"https:\/\/www.nexoinformativo.mx\/#organization","name":"Nexo Informativo Santiago de Quer\u00e9taro","url":"https:\/\/www.nexoinformativo.mx\/","logo":{"@type":"ImageObject","inLanguage":"es","@id":"https:\/\/www.nexoinformativo.mx\/#\/schema\/logo\/image\/","url":"https:\/\/www.nexoinformativo.mx\/wp-content\/uploads\/2024\/07\/nexoi-trasparente-2.png","contentUrl":"https:\/\/www.nexoinformativo.mx\/wp-content\/uploads\/2024\/07\/nexoi-trasparente-2.png","width":816,"height":339,"caption":"Nexo Informativo Santiago de Quer\u00e9taro"},"image":{"@id":"https:\/\/www.nexoinformativo.mx\/#\/schema\/logo\/image\/"},"sameAs":["https:\/\/www.facebook.com\/people\/Nexo-Informativo\/61564066885511\/"]},{"@type":"Person","@id":"https:\/\/www.nexoinformativo.mx\/#\/schema\/person\/7749d380ba08c8ca00d7bc76fd907b7d","name":"Nexo Informativo","image":{"@type":"ImageObject","inLanguage":"es","@id":"https:\/\/www.nexoinformativo.mx\/#\/schema\/person\/image\/","url":"https:\/\/secure.gravatar.com\/avatar\/dde2928154642a13d95f87ddf1ea9718fe2b46760a005c53e41ff5ad610704e6?s=96&d=mm&r=g","contentUrl":"https:\/\/secure.gravatar.com\/avatar\/dde2928154642a13d95f87ddf1ea9718fe2b46760a005c53e41ff5ad610704e6?s=96&d=mm&r=g","caption":"Nexo Informativo"},"url":"https:\/\/www.nexoinformativo.mx\/index.php\/author\/edicion\/"}]}},"_links":{"self":[{"href":"https:\/\/www.nexoinformativo.mx\/index.php\/wp-json\/wp\/v2\/posts\/9035","targetHints":{"allow":["GET"]}}],"collection":[{"href":"https:\/\/www.nexoinformativo.mx\/index.php\/wp-json\/wp\/v2\/posts"}],"about":[{"href":"https:\/\/www.nexoinformativo.mx\/index.php\/wp-json\/wp\/v2\/types\/post"}],"author":[{"embeddable":true,"href":"https:\/\/www.nexoinformativo.mx\/index.php\/wp-json\/wp\/v2\/users\/3"}],"replies":[{"embeddable":true,"href":"https:\/\/www.nexoinformativo.mx\/index.php\/wp-json\/wp\/v2\/comments?post=9035"}],"version-history":[{"count":2,"href":"https:\/\/www.nexoinformativo.mx\/index.php\/wp-json\/wp\/v2\/posts\/9035\/revisions"}],"predecessor-version":[{"id":9038,"href":"https:\/\/www.nexoinformativo.mx\/index.php\/wp-json\/wp\/v2\/posts\/9035\/revisions\/9038"}],"wp:featuredmedia":[{"embeddable":true,"href":"https:\/\/www.nexoinformativo.mx\/index.php\/wp-json\/wp\/v2\/media\/9036"}],"wp:attachment":[{"href":"https:\/\/www.nexoinformativo.mx\/index.php\/wp-json\/wp\/v2\/media?parent=9035"}],"wp:term":[{"taxonomy":"category","embeddable":true,"href":"https:\/\/www.nexoinformativo.mx\/index.php\/wp-json\/wp\/v2\/categories?post=9035"},{"taxonomy":"post_tag","embeddable":true,"href":"https:\/\/www.nexoinformativo.mx\/index.php\/wp-json\/wp\/v2\/tags?post=9035"}],"curies":[{"name":"wp","href":"https:\/\/api.w.org\/{rel}","templated":true}]}}