{"id":9045,"date":"2024-12-30T07:00:12","date_gmt":"2024-12-30T13:00:12","guid":{"rendered":"https:\/\/www.nexoinformativo.mx\/?p=9045"},"modified":"2024-12-30T11:36:17","modified_gmt":"2024-12-30T17:36:17","slug":"jalpan-de-serra-sonrie-mas-feria-de-salud-bucal-beneficia-a-poblacion-migrante","status":"publish","type":"post","link":"https:\/\/www.nexoinformativo.mx\/index.php\/2024\/12\/30\/jalpan-de-serra-sonrie-mas-feria-de-salud-bucal-beneficia-a-poblacion-migrante\/","title":{"rendered":"Jalpan de Serra sonr\u00ede m\u00e1s: Feria de Salud Bucal beneficia a poblaci\u00f3n migrante"},"content":{"rendered":"<p style=\"text-align: justify;\" data-sourcepos=\"7:1-7:262\">Con el objetivo de mejorar la salud bucal y la calidad de vida de la poblaci\u00f3n migrante en el municipio, la Secretar\u00eda de Salud del Estado de Quer\u00e9taro (SESA) llev\u00f3 a cabo una Feria de Salud Bucal en Jalpan de Serra.<\/p>\n<p>&nbsp;<\/p>\n<p style=\"text-align: justify;\" data-sourcepos=\"9:1-9:309\">Durante el evento, los habitantes de la regi\u00f3n tuvieron acceso a una amplia gama de servicios dentales gratuitos, como limpiezas profundas, aplicaci\u00f3n de fl\u00faor y orientaci\u00f3n personalizada. Estos servicios fueron brindados por un equipo de profesionales de la odontolog\u00eda de la Jurisdicci\u00f3n Sanitaria n\u00famero 4.<\/p>\n<p>&nbsp;<\/p>\n<p style=\"text-align: justify;\" data-sourcepos=\"11:1-11:339\">La jefa Estatal del Departamento de Salud Bucal, Deyci Tirado Z\u00fa\u00f1iga, destac\u00f3 la importancia de estas ferias para prevenir enfermedades bucales y promover h\u00e1bitos de higiene oral saludables.<\/p>\n<\/p>\n<p>&nbsp;<\/p>\n<p style=\"text-align: justify;\" data-sourcepos=\"11:1-11:339\">&#8220;La salud bucal es fundamental para la salud general, y queremos garantizar que todas las personas tengan acceso a los cuidados necesarios&#8221;, afirm\u00f3.<\/p>\n<p>&nbsp;<\/p>\n<p style=\"text-align: justify;\" data-sourcepos=\"13:1-13:248\">Adem\u00e1s de la atenci\u00f3n dental, se ofrecieron pl\u00e1ticas y talleres sobre temas como el cuidado bucal durante el embarazo, la importancia de una buena alimentaci\u00f3n para la salud dental y la prevenci\u00f3n de enfermedades bucales en ni\u00f1os y adultos mayores.<\/p>\n<p>&nbsp;<\/p>\n<p style=\"text-align: center;\" data-sourcepos=\"13:1-13:248\"><em><strong>\u00a1Informaci\u00f3n que transforma!<\/strong><\/em><\/p>\n","protected":false},"excerpt":{"rendered":"<p>Con el objetivo de mejorar la salud bucal y la calidad de vida de la poblaci\u00f3n migrante en el municipio, la Secretar\u00eda de Salud del Estado de Quer\u00e9taro (SESA) llev\u00f3 a cabo una Feria de Salud Bucal en Jalpan de Serra.<\/p>\n","protected":false},"author":3,"featured_media":9046,"comment_status":"open","ping_status":"open","sticky":false,"template":"","format":"standard","meta":{"footnotes":""},"categories":[65,58],"tags":[2583,133,1936,2068],"class_list":["post-9045","post","type-post","status-publish","format-standard","has-post-thumbnail","hentry","category-municipios","category-ultima-hora","tag-jalpandeserra","tag-queretaro","tag-saludbucal","tag-sesa"],"yoast_head":"<!-- This site is optimized with the Yoast SEO plugin v25.0 - https:\/\/yoast.com\/wordpress\/plugins\/seo\/ -->\n<title>Jalpan de Serra sonr\u00ede m\u00e1s: Feria de Salud Bucal beneficia a poblaci\u00f3n migrante | Nexo Informativo Santiago de Quer\u00e9taro<\/title>\n<meta name=\"description\" content=\"Jalpan de Serra sonr\u00ede m\u00e1s: Feria de Salud Bucal beneficia a poblaci\u00f3n migrante\" \/>\n<meta name=\"robots\" content=\"index, follow, max-snippet:-1, max-image-preview:large, max-video-preview:-1\" \/>\n<link rel=\"canonical\" href=\"https:\/\/www.nexoinformativo.mx\/index.php\/2024\/12\/30\/jalpan-de-serra-sonrie-mas-feria-de-salud-bucal-beneficia-a-poblacion-migrante\/\" \/>\n<meta property=\"og:locale\" content=\"es_MX\" \/>\n<meta property=\"og:type\" content=\"article\" \/>\n<meta property=\"og:title\" content=\"Jalpan de Serra sonr\u00ede m\u00e1s: Feria de Salud Bucal beneficia a poblaci\u00f3n migrante | Nexo Informativo Santiago de Quer\u00e9taro\" \/>\n<meta property=\"og:description\" content=\"Jalpan de Serra sonr\u00ede m\u00e1s: Feria de Salud Bucal beneficia a poblaci\u00f3n migrante\" \/>\n<meta property=\"og:url\" content=\"https:\/\/www.nexoinformativo.mx\/index.php\/2024\/12\/30\/jalpan-de-serra-sonrie-mas-feria-de-salud-bucal-beneficia-a-poblacion-migrante\/\" \/>\n<meta property=\"og:site_name\" content=\"Nexo Informativo Santiago de Quer\u00e9taro\" \/>\n<meta property=\"article:publisher\" content=\"https:\/\/www.facebook.com\/people\/Nexo-Informativo\/61564066885511\/\" \/>\n<meta property=\"article:published_time\" content=\"2024-12-30T13:00:12+00:00\" \/>\n<meta property=\"article:modified_time\" content=\"2024-12-30T17:36:17+00:00\" \/>\n<meta property=\"og:image\" content=\"https:\/\/www.nexoinformativo.mx\/wp-content\/uploads\/2024\/12\/PHOTO-2024-12-30-11-11-15-e1735578971444.jpg\" \/>\n\t<meta property=\"og:image:width\" content=\"800\" \/>\n\t<meta property=\"og:image:height\" content=\"1067\" \/>\n\t<meta property=\"og:image:type\" content=\"image\/jpeg\" \/>\n<meta name=\"author\" content=\"Nexo Informativo\" \/>\n<meta name=\"twitter:card\" content=\"summary_large_image\" \/>\n<meta name=\"twitter:label1\" content=\"Escrito por\" \/>\n\t<meta name=\"twitter:data1\" content=\"Nexo Informativo\" \/>\n\t<meta name=\"twitter:label2\" content=\"Tiempo de lectura\" \/>\n\t<meta name=\"twitter:data2\" content=\"2 minutos\" \/>\n<script type=\"application\/ld+json\" class=\"yoast-schema-graph\">{\"@context\":\"https:\/\/schema.org\",\"@graph\":[{\"@type\":\"Article\",\"@id\":\"https:\/\/www.nexoinformativo.mx\/index.php\/2024\/12\/30\/jalpan-de-serra-sonrie-mas-feria-de-salud-bucal-beneficia-a-poblacion-migrante\/#article\",\"isPartOf\":{\"@id\":\"https:\/\/www.nexoinformativo.mx\/index.php\/2024\/12\/30\/jalpan-de-serra-sonrie-mas-feria-de-salud-bucal-beneficia-a-poblacion-migrante\/\"},\"author\":{\"name\":\"Nexo Informativo\",\"@id\":\"https:\/\/www.nexoinformativo.mx\/#\/schema\/person\/7749d380ba08c8ca00d7bc76fd907b7d\"},\"headline\":\"Jalpan de Serra sonr\u00ede m\u00e1s: Feria de Salud Bucal beneficia a poblaci\u00f3n migrante\",\"datePublished\":\"2024-12-30T13:00:12+00:00\",\"dateModified\":\"2024-12-30T17:36:17+00:00\",\"mainEntityOfPage\":{\"@id\":\"https:\/\/www.nexoinformativo.mx\/index.php\/2024\/12\/30\/jalpan-de-serra-sonrie-mas-feria-de-salud-bucal-beneficia-a-poblacion-migrante\/\"},\"wordCount\":219,\"commentCount\":0,\"publisher\":{\"@id\":\"https:\/\/www.nexoinformativo.mx\/#organization\"},\"image\":{\"@id\":\"https:\/\/www.nexoinformativo.mx\/index.php\/2024\/12\/30\/jalpan-de-serra-sonrie-mas-feria-de-salud-bucal-beneficia-a-poblacion-migrante\/#primaryimage\"},\"thumbnailUrl\":\"https:\/\/www.nexoinformativo.mx\/wp-content\/uploads\/2024\/12\/PHOTO-2024-12-30-11-11-15-e1735578971444.jpg\",\"keywords\":[\"JalpanDeSerra\",\"Quer\u00e9taro\",\"SaludBucal\",\"SESA\"],\"articleSection\":[\"Municipios\",\"\u00daltima Hora\"],\"inLanguage\":\"es\",\"potentialAction\":[{\"@type\":\"CommentAction\",\"name\":\"Comment\",\"target\":[\"https:\/\/www.nexoinformativo.mx\/index.php\/2024\/12\/30\/jalpan-de-serra-sonrie-mas-feria-de-salud-bucal-beneficia-a-poblacion-migrante\/#respond\"]}]},{\"@type\":\"WebPage\",\"@id\":\"https:\/\/www.nexoinformativo.mx\/index.php\/2024\/12\/30\/jalpan-de-serra-sonrie-mas-feria-de-salud-bucal-beneficia-a-poblacion-migrante\/\",\"url\":\"https:\/\/www.nexoinformativo.mx\/index.php\/2024\/12\/30\/jalpan-de-serra-sonrie-mas-feria-de-salud-bucal-beneficia-a-poblacion-migrante\/\",\"name\":\"Jalpan de Serra sonr\u00ede m\u00e1s: Feria de Salud Bucal beneficia a poblaci\u00f3n migrante | Nexo Informativo Santiago de Quer\u00e9taro\",\"isPartOf\":{\"@id\":\"https:\/\/www.nexoinformativo.mx\/#website\"},\"primaryImageOfPage\":{\"@id\":\"https:\/\/www.nexoinformativo.mx\/index.php\/2024\/12\/30\/jalpan-de-serra-sonrie-mas-feria-de-salud-bucal-beneficia-a-poblacion-migrante\/#primaryimage\"},\"image\":{\"@id\":\"https:\/\/www.nexoinformativo.mx\/index.php\/2024\/12\/30\/jalpan-de-serra-sonrie-mas-feria-de-salud-bucal-beneficia-a-poblacion-migrante\/#primaryimage\"},\"thumbnailUrl\":\"https:\/\/www.nexoinformativo.mx\/wp-content\/uploads\/2024\/12\/PHOTO-2024-12-30-11-11-15-e1735578971444.jpg\",\"datePublished\":\"2024-12-30T13:00:12+00:00\",\"dateModified\":\"2024-12-30T17:36:17+00:00\",\"description\":\"Jalpan de Serra sonr\u00ede m\u00e1s: Feria de Salud Bucal beneficia a poblaci\u00f3n migrante\",\"breadcrumb\":{\"@id\":\"https:\/\/www.nexoinformativo.mx\/index.php\/2024\/12\/30\/jalpan-de-serra-sonrie-mas-feria-de-salud-bucal-beneficia-a-poblacion-migrante\/#breadcrumb\"},\"inLanguage\":\"es\",\"potentialAction\":[{\"@type\":\"ReadAction\",\"target\":[\"https:\/\/www.nexoinformativo.mx\/index.php\/2024\/12\/30\/jalpan-de-serra-sonrie-mas-feria-de-salud-bucal-beneficia-a-poblacion-migrante\/\"]}]},{\"@type\":\"ImageObject\",\"inLanguage\":\"es\",\"@id\":\"https:\/\/www.nexoinformativo.mx\/index.php\/2024\/12\/30\/jalpan-de-serra-sonrie-mas-feria-de-salud-bucal-beneficia-a-poblacion-migrante\/#primaryimage\",\"url\":\"https:\/\/www.nexoinformativo.mx\/wp-content\/uploads\/2024\/12\/PHOTO-2024-12-30-11-11-15-e1735578971444.jpg\",\"contentUrl\":\"https:\/\/www.nexoinformativo.mx\/wp-content\/uploads\/2024\/12\/PHOTO-2024-12-30-11-11-15-e1735578971444.jpg\",\"width\":800,\"height\":1067},{\"@type\":\"BreadcrumbList\",\"@id\":\"https:\/\/www.nexoinformativo.mx\/index.php\/2024\/12\/30\/jalpan-de-serra-sonrie-mas-feria-de-salud-bucal-beneficia-a-poblacion-migrante\/#breadcrumb\",\"itemListElement\":[{\"@type\":\"ListItem\",\"position\":1,\"name\":\"Inicio\",\"item\":\"https:\/\/www.nexoinformativo.mx\/\"},{\"@type\":\"ListItem\",\"position\":2,\"name\":\"Jalpan de Serra sonr\u00ede m\u00e1s: Feria de Salud Bucal beneficia a poblaci\u00f3n migrante\"}]},{\"@type\":\"WebSite\",\"@id\":\"https:\/\/www.nexoinformativo.mx\/#website\",\"url\":\"https:\/\/www.nexoinformativo.mx\/\",\"name\":\"Nexo Informativo Santiago de Quer\u00e9taro\",\"description\":\"Explora NexoInformativo y convi\u00e9rtete en parte de una comunidad que valora el conocimiento y la verdad. Tu nexoinformativo es tu puente hacia una comprensi\u00f3n m\u00e1s profunda del mundo que te rodea.\",\"publisher\":{\"@id\":\"https:\/\/www.nexoinformativo.mx\/#organization\"},\"potentialAction\":[{\"@type\":\"SearchAction\",\"target\":{\"@type\":\"EntryPoint\",\"urlTemplate\":\"https:\/\/www.nexoinformativo.mx\/?s={search_term_string}\"},\"query-input\":{\"@type\":\"PropertyValueSpecification\",\"valueRequired\":true,\"valueName\":\"search_term_string\"}}],\"inLanguage\":\"es\"},{\"@type\":\"Organization\",\"@id\":\"https:\/\/www.nexoinformativo.mx\/#organization\",\"name\":\"Nexo Informativo Santiago de Quer\u00e9taro\",\"url\":\"https:\/\/www.nexoinformativo.mx\/\",\"logo\":{\"@type\":\"ImageObject\",\"inLanguage\":\"es\",\"@id\":\"https:\/\/www.nexoinformativo.mx\/#\/schema\/logo\/image\/\",\"url\":\"https:\/\/www.nexoinformativo.mx\/wp-content\/uploads\/2024\/07\/nexoi-trasparente-2.png\",\"contentUrl\":\"https:\/\/www.nexoinformativo.mx\/wp-content\/uploads\/2024\/07\/nexoi-trasparente-2.png\",\"width\":816,\"height\":339,\"caption\":\"Nexo Informativo Santiago de Quer\u00e9taro\"},\"image\":{\"@id\":\"https:\/\/www.nexoinformativo.mx\/#\/schema\/logo\/image\/\"},\"sameAs\":[\"https:\/\/www.facebook.com\/people\/Nexo-Informativo\/61564066885511\/\"]},{\"@type\":\"Person\",\"@id\":\"https:\/\/www.nexoinformativo.mx\/#\/schema\/person\/7749d380ba08c8ca00d7bc76fd907b7d\",\"name\":\"Nexo Informativo\",\"image\":{\"@type\":\"ImageObject\",\"inLanguage\":\"es\",\"@id\":\"https:\/\/www.nexoinformativo.mx\/#\/schema\/person\/image\/\",\"url\":\"https:\/\/secure.gravatar.com\/avatar\/dde2928154642a13d95f87ddf1ea9718fe2b46760a005c53e41ff5ad610704e6?s=96&d=mm&r=g\",\"contentUrl\":\"https:\/\/secure.gravatar.com\/avatar\/dde2928154642a13d95f87ddf1ea9718fe2b46760a005c53e41ff5ad610704e6?s=96&d=mm&r=g\",\"caption\":\"Nexo Informativo\"},\"url\":\"https:\/\/www.nexoinformativo.mx\/index.php\/author\/edicion\/\"}]}<\/script>\n<!-- \/ Yoast SEO plugin. -->","yoast_head_json":{"title":"Jalpan de Serra sonr\u00ede m\u00e1s: Feria de Salud Bucal beneficia a poblaci\u00f3n migrante | Nexo Informativo Santiago de Quer\u00e9taro","description":"Jalpan de Serra sonr\u00ede m\u00e1s: Feria de Salud Bucal beneficia a poblaci\u00f3n migrante","robots":{"index":"index","follow":"follow","max-snippet":"max-snippet:-1","max-image-preview":"max-image-preview:large","max-video-preview":"max-video-preview:-1"},"canonical":"https:\/\/www.nexoinformativo.mx\/index.php\/2024\/12\/30\/jalpan-de-serra-sonrie-mas-feria-de-salud-bucal-beneficia-a-poblacion-migrante\/","og_locale":"es_MX","og_type":"article","og_title":"Jalpan de Serra sonr\u00ede m\u00e1s: Feria de Salud Bucal beneficia a poblaci\u00f3n migrante | Nexo Informativo Santiago de Quer\u00e9taro","og_description":"Jalpan de Serra sonr\u00ede m\u00e1s: Feria de Salud Bucal beneficia a poblaci\u00f3n migrante","og_url":"https:\/\/www.nexoinformativo.mx\/index.php\/2024\/12\/30\/jalpan-de-serra-sonrie-mas-feria-de-salud-bucal-beneficia-a-poblacion-migrante\/","og_site_name":"Nexo Informativo Santiago de Quer\u00e9taro","article_publisher":"https:\/\/www.facebook.com\/people\/Nexo-Informativo\/61564066885511\/","article_published_time":"2024-12-30T13:00:12+00:00","article_modified_time":"2024-12-30T17:36:17+00:00","og_image":[{"width":800,"height":1067,"url":"https:\/\/www.nexoinformativo.mx\/wp-content\/uploads\/2024\/12\/PHOTO-2024-12-30-11-11-15-e1735578971444.jpg","type":"image\/jpeg"}],"author":"Nexo Informativo","twitter_card":"summary_large_image","twitter_misc":{"Escrito por":"Nexo Informativo","Tiempo de lectura":"2 minutos"},"schema":{"@context":"https:\/\/schema.org","@graph":[{"@type":"Article","@id":"https:\/\/www.nexoinformativo.mx\/index.php\/2024\/12\/30\/jalpan-de-serra-sonrie-mas-feria-de-salud-bucal-beneficia-a-poblacion-migrante\/#article","isPartOf":{"@id":"https:\/\/www.nexoinformativo.mx\/index.php\/2024\/12\/30\/jalpan-de-serra-sonrie-mas-feria-de-salud-bucal-beneficia-a-poblacion-migrante\/"},"author":{"name":"Nexo Informativo","@id":"https:\/\/www.nexoinformativo.mx\/#\/schema\/person\/7749d380ba08c8ca00d7bc76fd907b7d"},"headline":"Jalpan de Serra sonr\u00ede m\u00e1s: Feria de Salud Bucal beneficia a poblaci\u00f3n migrante","datePublished":"2024-12-30T13:00:12+00:00","dateModified":"2024-12-30T17:36:17+00:00","mainEntityOfPage":{"@id":"https:\/\/www.nexoinformativo.mx\/index.php\/2024\/12\/30\/jalpan-de-serra-sonrie-mas-feria-de-salud-bucal-beneficia-a-poblacion-migrante\/"},"wordCount":219,"commentCount":0,"publisher":{"@id":"https:\/\/www.nexoinformativo.mx\/#organization"},"image":{"@id":"https:\/\/www.nexoinformativo.mx\/index.php\/2024\/12\/30\/jalpan-de-serra-sonrie-mas-feria-de-salud-bucal-beneficia-a-poblacion-migrante\/#primaryimage"},"thumbnailUrl":"https:\/\/www.nexoinformativo.mx\/wp-content\/uploads\/2024\/12\/PHOTO-2024-12-30-11-11-15-e1735578971444.jpg","keywords":["JalpanDeSerra","Quer\u00e9taro","SaludBucal","SESA"],"articleSection":["Municipios","\u00daltima Hora"],"inLanguage":"es","potentialAction":[{"@type":"CommentAction","name":"Comment","target":["https:\/\/www.nexoinformativo.mx\/index.php\/2024\/12\/30\/jalpan-de-serra-sonrie-mas-feria-de-salud-bucal-beneficia-a-poblacion-migrante\/#respond"]}]},{"@type":"WebPage","@id":"https:\/\/www.nexoinformativo.mx\/index.php\/2024\/12\/30\/jalpan-de-serra-sonrie-mas-feria-de-salud-bucal-beneficia-a-poblacion-migrante\/","url":"https:\/\/www.nexoinformativo.mx\/index.php\/2024\/12\/30\/jalpan-de-serra-sonrie-mas-feria-de-salud-bucal-beneficia-a-poblacion-migrante\/","name":"Jalpan de Serra sonr\u00ede m\u00e1s: Feria de Salud Bucal beneficia a poblaci\u00f3n migrante | Nexo Informativo Santiago de Quer\u00e9taro","isPartOf":{"@id":"https:\/\/www.nexoinformativo.mx\/#website"},"primaryImageOfPage":{"@id":"https:\/\/www.nexoinformativo.mx\/index.php\/2024\/12\/30\/jalpan-de-serra-sonrie-mas-feria-de-salud-bucal-beneficia-a-poblacion-migrante\/#primaryimage"},"image":{"@id":"https:\/\/www.nexoinformativo.mx\/index.php\/2024\/12\/30\/jalpan-de-serra-sonrie-mas-feria-de-salud-bucal-beneficia-a-poblacion-migrante\/#primaryimage"},"thumbnailUrl":"https:\/\/www.nexoinformativo.mx\/wp-content\/uploads\/2024\/12\/PHOTO-2024-12-30-11-11-15-e1735578971444.jpg","datePublished":"2024-12-30T13:00:12+00:00","dateModified":"2024-12-30T17:36:17+00:00","description":"Jalpan de Serra sonr\u00ede m\u00e1s: Feria de Salud Bucal beneficia a poblaci\u00f3n migrante","breadcrumb":{"@id":"https:\/\/www.nexoinformativo.mx\/index.php\/2024\/12\/30\/jalpan-de-serra-sonrie-mas-feria-de-salud-bucal-beneficia-a-poblacion-migrante\/#breadcrumb"},"inLanguage":"es","potentialAction":[{"@type":"ReadAction","target":["https:\/\/www.nexoinformativo.mx\/index.php\/2024\/12\/30\/jalpan-de-serra-sonrie-mas-feria-de-salud-bucal-beneficia-a-poblacion-migrante\/"]}]},{"@type":"ImageObject","inLanguage":"es","@id":"https:\/\/www.nexoinformativo.mx\/index.php\/2024\/12\/30\/jalpan-de-serra-sonrie-mas-feria-de-salud-bucal-beneficia-a-poblacion-migrante\/#primaryimage","url":"https:\/\/www.nexoinformativo.mx\/wp-content\/uploads\/2024\/12\/PHOTO-2024-12-30-11-11-15-e1735578971444.jpg","contentUrl":"https:\/\/www.nexoinformativo.mx\/wp-content\/uploads\/2024\/12\/PHOTO-2024-12-30-11-11-15-e1735578971444.jpg","width":800,"height":1067},{"@type":"BreadcrumbList","@id":"https:\/\/www.nexoinformativo.mx\/index.php\/2024\/12\/30\/jalpan-de-serra-sonrie-mas-feria-de-salud-bucal-beneficia-a-poblacion-migrante\/#breadcrumb","itemListElement":[{"@type":"ListItem","position":1,"name":"Inicio","item":"https:\/\/www.nexoinformativo.mx\/"},{"@type":"ListItem","position":2,"name":"Jalpan de Serra sonr\u00ede m\u00e1s: Feria de Salud Bucal beneficia a poblaci\u00f3n migrante"}]},{"@type":"WebSite","@id":"https:\/\/www.nexoinformativo.mx\/#website","url":"https:\/\/www.nexoinformativo.mx\/","name":"Nexo Informativo Santiago de Quer\u00e9taro","description":"Explora NexoInformativo y convi\u00e9rtete en parte de una comunidad que valora el conocimiento y la verdad. Tu nexoinformativo es tu puente hacia una comprensi\u00f3n m\u00e1s profunda del mundo que te rodea.","publisher":{"@id":"https:\/\/www.nexoinformativo.mx\/#organization"},"potentialAction":[{"@type":"SearchAction","target":{"@type":"EntryPoint","urlTemplate":"https:\/\/www.nexoinformativo.mx\/?s={search_term_string}"},"query-input":{"@type":"PropertyValueSpecification","valueRequired":true,"valueName":"search_term_string"}}],"inLanguage":"es"},{"@type":"Organization","@id":"https:\/\/www.nexoinformativo.mx\/#organization","name":"Nexo Informativo Santiago de Quer\u00e9taro","url":"https:\/\/www.nexoinformativo.mx\/","logo":{"@type":"ImageObject","inLanguage":"es","@id":"https:\/\/www.nexoinformativo.mx\/#\/schema\/logo\/image\/","url":"https:\/\/www.nexoinformativo.mx\/wp-content\/uploads\/2024\/07\/nexoi-trasparente-2.png","contentUrl":"https:\/\/www.nexoinformativo.mx\/wp-content\/uploads\/2024\/07\/nexoi-trasparente-2.png","width":816,"height":339,"caption":"Nexo Informativo Santiago de Quer\u00e9taro"},"image":{"@id":"https:\/\/www.nexoinformativo.mx\/#\/schema\/logo\/image\/"},"sameAs":["https:\/\/www.facebook.com\/people\/Nexo-Informativo\/61564066885511\/"]},{"@type":"Person","@id":"https:\/\/www.nexoinformativo.mx\/#\/schema\/person\/7749d380ba08c8ca00d7bc76fd907b7d","name":"Nexo Informativo","image":{"@type":"ImageObject","inLanguage":"es","@id":"https:\/\/www.nexoinformativo.mx\/#\/schema\/person\/image\/","url":"https:\/\/secure.gravatar.com\/avatar\/dde2928154642a13d95f87ddf1ea9718fe2b46760a005c53e41ff5ad610704e6?s=96&d=mm&r=g","contentUrl":"https:\/\/secure.gravatar.com\/avatar\/dde2928154642a13d95f87ddf1ea9718fe2b46760a005c53e41ff5ad610704e6?s=96&d=mm&r=g","caption":"Nexo Informativo"},"url":"https:\/\/www.nexoinformativo.mx\/index.php\/author\/edicion\/"}]}},"_links":{"self":[{"href":"https:\/\/www.nexoinformativo.mx\/index.php\/wp-json\/wp\/v2\/posts\/9045","targetHints":{"allow":["GET"]}}],"collection":[{"href":"https:\/\/www.nexoinformativo.mx\/index.php\/wp-json\/wp\/v2\/posts"}],"about":[{"href":"https:\/\/www.nexoinformativo.mx\/index.php\/wp-json\/wp\/v2\/types\/post"}],"author":[{"embeddable":true,"href":"https:\/\/www.nexoinformativo.mx\/index.php\/wp-json\/wp\/v2\/users\/3"}],"replies":[{"embeddable":true,"href":"https:\/\/www.nexoinformativo.mx\/index.php\/wp-json\/wp\/v2\/comments?post=9045"}],"version-history":[{"count":4,"href":"https:\/\/www.nexoinformativo.mx\/index.php\/wp-json\/wp\/v2\/posts\/9045\/revisions"}],"predecessor-version":[{"id":9051,"href":"https:\/\/www.nexoinformativo.mx\/index.php\/wp-json\/wp\/v2\/posts\/9045\/revisions\/9051"}],"wp:featuredmedia":[{"embeddable":true,"href":"https:\/\/www.nexoinformativo.mx\/index.php\/wp-json\/wp\/v2\/media\/9046"}],"wp:attachment":[{"href":"https:\/\/www.nexoinformativo.mx\/index.php\/wp-json\/wp\/v2\/media?parent=9045"}],"wp:term":[{"taxonomy":"category","embeddable":true,"href":"https:\/\/www.nexoinformativo.mx\/index.php\/wp-json\/wp\/v2\/categories?post=9045"},{"taxonomy":"post_tag","embeddable":true,"href":"https:\/\/www.nexoinformativo.mx\/index.php\/wp-json\/wp\/v2\/tags?post=9045"}],"curies":[{"name":"wp","href":"https:\/\/api.w.org\/{rel}","templated":true}]}}