{"id":9058,"date":"2024-12-30T08:00:47","date_gmt":"2024-12-30T14:00:47","guid":{"rendered":"https:\/\/www.nexoinformativo.mx\/?p=9058"},"modified":"2024-12-30T12:20:01","modified_gmt":"2024-12-30T18:20:01","slug":"didi-formaliza-su-operacion-en-queretaro-garantizando-viajes-mas-seguros","status":"publish","type":"post","link":"https:\/\/www.nexoinformativo.mx\/index.php\/2024\/12\/30\/didi-formaliza-su-operacion-en-queretaro-garantizando-viajes-mas-seguros\/","title":{"rendered":"DiDi formaliza su operaci\u00f3n en Quer\u00e9taro, garantizando viajes mas seguros"},"content":{"rendered":"<p>&nbsp;<\/p>\n<p style=\"text-align: justify;\" data-sourcepos=\"7:1-7:296\">\u00a1Buenas noticias para los usuarios de aplicaciones de movilidad! <strong>DiDi<\/strong>, la popular plataforma de transporte privado, ha obtenido la autorizaci\u00f3n de la <strong>Agencia de Movilidad del Estado de Quer\u00e9taro<\/strong> (AMEQ) para operar de manera formal y regulada en la entidad.<\/p>\n<\/p>\n<p>&nbsp;<\/p>\n<p style=\"text-align: justify;\" data-sourcepos=\"9:1-9:324\">Despu\u00e9s de cumplir con todos los requisitos establecidos por la AMEQ, DiDi podr\u00e1 ofrecer sus servicios de manera segura y confiable a los queretanos. Esta regularizaci\u00f3n garantiza que los conductores y veh\u00edculos cumplan con los est\u00e1ndares de calidad y seguridad establecidos, brindando as\u00ed mayor tranquilidad a los usuarios.<\/p>\n<\/p>\n<p>&nbsp;<\/p>\n<p style=\"text-align: justify;\" data-sourcepos=\"11:1-11:348\">Gerardo Cuanalo Santos, director de la AMEQ, destac\u00f3 que la regularizaci\u00f3n de DiDi representa un avance significativo en la oferta de transporte en el estado. &#8220;Con esta medida, los usuarios tendr\u00e1n mayor certeza sobre las condiciones de los veh\u00edculos y la identidad de los conductores, lo que se traduce en viajes m\u00e1s seguros y confiables&#8221;, afirm\u00f3.<\/p>\n<\/p>\n<p>&nbsp;<\/p>\n<p style=\"text-align: justify;\" data-sourcepos=\"13:1-13:257\">Adem\u00e1s, Cuanalo Santos se\u00f1al\u00f3 que la AMEQ se encuentra abierta a que otras empresas de movilidad se sumen a este proceso de regularizaci\u00f3n, con el objetivo de ampliar las opciones de transporte para los queretanos y fomentar una competencia sana y ordenada.<\/p>\n<\/p>\n<p>&nbsp;<\/p>\n<p style=\"text-align: center;\" data-sourcepos=\"13:1-13:257\"><em><strong>\u00a1Informaci\u00f3n que transforma!<\/strong><\/em><\/p>\n<p>&nbsp;<\/p>\n","protected":false},"excerpt":{"rendered":"<p>\u00a1Buenas noticias para los usuarios de aplicaciones de movilidad! DiDi, la popular plataforma de transporte privado, ha obtenido la autorizaci\u00f3n de la Agencia de Movilidad del Estado de Quer\u00e9taro (AMEQ) para operar de manera formal y regulada en la entidad.<\/p>\n","protected":false},"author":3,"featured_media":8525,"comment_status":"open","ping_status":"open","sticky":false,"template":"","format":"standard","meta":{"footnotes":""},"categories":[42,58],"tags":[2905,2904,289,133],"class_list":["post-9058","post","type-post","status-publish","format-standard","has-post-thumbnail","hentry","category-estado","category-ultima-hora","tag-ameq","tag-didienqueretaro","tag-movilidadsegura","tag-queretaro"],"yoast_head":"<!-- This site is optimized with the Yoast SEO plugin v25.0 - https:\/\/yoast.com\/wordpress\/plugins\/seo\/ -->\n<title>DiDi formaliza su operaci\u00f3n en Quer\u00e9taro, garantizando viajes mas seguros | Nexo Informativo Santiago de Quer\u00e9taro<\/title>\n<meta name=\"description\" content=\"DiDi formaliza su operaci\u00f3n en Quer\u00e9taro, garantizando viajes mas seguros\" \/>\n<meta name=\"robots\" content=\"index, follow, max-snippet:-1, max-image-preview:large, max-video-preview:-1\" \/>\n<link rel=\"canonical\" href=\"https:\/\/www.nexoinformativo.mx\/index.php\/2024\/12\/30\/didi-formaliza-su-operacion-en-queretaro-garantizando-viajes-mas-seguros\/\" \/>\n<meta property=\"og:locale\" content=\"es_MX\" \/>\n<meta property=\"og:type\" content=\"article\" \/>\n<meta property=\"og:title\" content=\"DiDi formaliza su operaci\u00f3n en Quer\u00e9taro, garantizando viajes mas seguros | Nexo Informativo Santiago de Quer\u00e9taro\" \/>\n<meta property=\"og:description\" content=\"DiDi formaliza su operaci\u00f3n en Quer\u00e9taro, garantizando viajes mas seguros\" \/>\n<meta property=\"og:url\" content=\"https:\/\/www.nexoinformativo.mx\/index.php\/2024\/12\/30\/didi-formaliza-su-operacion-en-queretaro-garantizando-viajes-mas-seguros\/\" \/>\n<meta property=\"og:site_name\" content=\"Nexo Informativo Santiago de Quer\u00e9taro\" \/>\n<meta property=\"article:publisher\" content=\"https:\/\/www.facebook.com\/people\/Nexo-Informativo\/61564066885511\/\" \/>\n<meta property=\"article:published_time\" content=\"2024-12-30T14:00:47+00:00\" \/>\n<meta property=\"article:modified_time\" content=\"2024-12-30T18:20:01+00:00\" \/>\n<meta property=\"og:image\" content=\"https:\/\/www.nexoinformativo.mx\/wp-content\/uploads\/2024\/12\/IMG_3962-e1734644148565.jpg\" \/>\n\t<meta property=\"og:image:width\" content=\"800\" \/>\n\t<meta property=\"og:image:height\" content=\"533\" \/>\n\t<meta property=\"og:image:type\" content=\"image\/jpeg\" \/>\n<meta name=\"author\" content=\"Nexo Informativo\" \/>\n<meta name=\"twitter:card\" content=\"summary_large_image\" \/>\n<meta name=\"twitter:label1\" content=\"Escrito por\" \/>\n\t<meta name=\"twitter:data1\" content=\"Nexo Informativo\" \/>\n\t<meta name=\"twitter:label2\" content=\"Tiempo de lectura\" \/>\n\t<meta name=\"twitter:data2\" content=\"2 minutos\" \/>\n<script type=\"application\/ld+json\" class=\"yoast-schema-graph\">{\"@context\":\"https:\/\/schema.org\",\"@graph\":[{\"@type\":\"Article\",\"@id\":\"https:\/\/www.nexoinformativo.mx\/index.php\/2024\/12\/30\/didi-formaliza-su-operacion-en-queretaro-garantizando-viajes-mas-seguros\/#article\",\"isPartOf\":{\"@id\":\"https:\/\/www.nexoinformativo.mx\/index.php\/2024\/12\/30\/didi-formaliza-su-operacion-en-queretaro-garantizando-viajes-mas-seguros\/\"},\"author\":{\"name\":\"Nexo Informativo\",\"@id\":\"https:\/\/www.nexoinformativo.mx\/#\/schema\/person\/7749d380ba08c8ca00d7bc76fd907b7d\"},\"headline\":\"DiDi formaliza su operaci\u00f3n en Quer\u00e9taro, garantizando viajes mas seguros\",\"datePublished\":\"2024-12-30T14:00:47+00:00\",\"dateModified\":\"2024-12-30T18:20:01+00:00\",\"mainEntityOfPage\":{\"@id\":\"https:\/\/www.nexoinformativo.mx\/index.php\/2024\/12\/30\/didi-formaliza-su-operacion-en-queretaro-garantizando-viajes-mas-seguros\/\"},\"wordCount\":221,\"commentCount\":0,\"publisher\":{\"@id\":\"https:\/\/www.nexoinformativo.mx\/#organization\"},\"image\":{\"@id\":\"https:\/\/www.nexoinformativo.mx\/index.php\/2024\/12\/30\/didi-formaliza-su-operacion-en-queretaro-garantizando-viajes-mas-seguros\/#primaryimage\"},\"thumbnailUrl\":\"https:\/\/www.nexoinformativo.mx\/wp-content\/uploads\/2024\/12\/IMG_3962-e1734644148565.jpg\",\"keywords\":[\"AMEQ\",\"DiDiEnQuer\u00e9taro\",\"MovilidadSegura\",\"Quer\u00e9taro\"],\"articleSection\":[\"Estado\",\"\u00daltima Hora\"],\"inLanguage\":\"es\",\"potentialAction\":[{\"@type\":\"CommentAction\",\"name\":\"Comment\",\"target\":[\"https:\/\/www.nexoinformativo.mx\/index.php\/2024\/12\/30\/didi-formaliza-su-operacion-en-queretaro-garantizando-viajes-mas-seguros\/#respond\"]}]},{\"@type\":\"WebPage\",\"@id\":\"https:\/\/www.nexoinformativo.mx\/index.php\/2024\/12\/30\/didi-formaliza-su-operacion-en-queretaro-garantizando-viajes-mas-seguros\/\",\"url\":\"https:\/\/www.nexoinformativo.mx\/index.php\/2024\/12\/30\/didi-formaliza-su-operacion-en-queretaro-garantizando-viajes-mas-seguros\/\",\"name\":\"DiDi formaliza su operaci\u00f3n en Quer\u00e9taro, garantizando viajes mas seguros | Nexo Informativo Santiago de Quer\u00e9taro\",\"isPartOf\":{\"@id\":\"https:\/\/www.nexoinformativo.mx\/#website\"},\"primaryImageOfPage\":{\"@id\":\"https:\/\/www.nexoinformativo.mx\/index.php\/2024\/12\/30\/didi-formaliza-su-operacion-en-queretaro-garantizando-viajes-mas-seguros\/#primaryimage\"},\"image\":{\"@id\":\"https:\/\/www.nexoinformativo.mx\/index.php\/2024\/12\/30\/didi-formaliza-su-operacion-en-queretaro-garantizando-viajes-mas-seguros\/#primaryimage\"},\"thumbnailUrl\":\"https:\/\/www.nexoinformativo.mx\/wp-content\/uploads\/2024\/12\/IMG_3962-e1734644148565.jpg\",\"datePublished\":\"2024-12-30T14:00:47+00:00\",\"dateModified\":\"2024-12-30T18:20:01+00:00\",\"description\":\"DiDi formaliza su operaci\u00f3n en Quer\u00e9taro, garantizando viajes mas seguros\",\"breadcrumb\":{\"@id\":\"https:\/\/www.nexoinformativo.mx\/index.php\/2024\/12\/30\/didi-formaliza-su-operacion-en-queretaro-garantizando-viajes-mas-seguros\/#breadcrumb\"},\"inLanguage\":\"es\",\"potentialAction\":[{\"@type\":\"ReadAction\",\"target\":[\"https:\/\/www.nexoinformativo.mx\/index.php\/2024\/12\/30\/didi-formaliza-su-operacion-en-queretaro-garantizando-viajes-mas-seguros\/\"]}]},{\"@type\":\"ImageObject\",\"inLanguage\":\"es\",\"@id\":\"https:\/\/www.nexoinformativo.mx\/index.php\/2024\/12\/30\/didi-formaliza-su-operacion-en-queretaro-garantizando-viajes-mas-seguros\/#primaryimage\",\"url\":\"https:\/\/www.nexoinformativo.mx\/wp-content\/uploads\/2024\/12\/IMG_3962-e1734644148565.jpg\",\"contentUrl\":\"https:\/\/www.nexoinformativo.mx\/wp-content\/uploads\/2024\/12\/IMG_3962-e1734644148565.jpg\",\"width\":800,\"height\":533},{\"@type\":\"BreadcrumbList\",\"@id\":\"https:\/\/www.nexoinformativo.mx\/index.php\/2024\/12\/30\/didi-formaliza-su-operacion-en-queretaro-garantizando-viajes-mas-seguros\/#breadcrumb\",\"itemListElement\":[{\"@type\":\"ListItem\",\"position\":1,\"name\":\"Inicio\",\"item\":\"https:\/\/www.nexoinformativo.mx\/\"},{\"@type\":\"ListItem\",\"position\":2,\"name\":\"DiDi formaliza su operaci\u00f3n en Quer\u00e9taro, garantizando viajes mas seguros\"}]},{\"@type\":\"WebSite\",\"@id\":\"https:\/\/www.nexoinformativo.mx\/#website\",\"url\":\"https:\/\/www.nexoinformativo.mx\/\",\"name\":\"Nexo Informativo Santiago de Quer\u00e9taro\",\"description\":\"Explora NexoInformativo y convi\u00e9rtete en parte de una comunidad que valora el conocimiento y la verdad. Tu nexoinformativo es tu puente hacia una comprensi\u00f3n m\u00e1s profunda del mundo que te rodea.\",\"publisher\":{\"@id\":\"https:\/\/www.nexoinformativo.mx\/#organization\"},\"potentialAction\":[{\"@type\":\"SearchAction\",\"target\":{\"@type\":\"EntryPoint\",\"urlTemplate\":\"https:\/\/www.nexoinformativo.mx\/?s={search_term_string}\"},\"query-input\":{\"@type\":\"PropertyValueSpecification\",\"valueRequired\":true,\"valueName\":\"search_term_string\"}}],\"inLanguage\":\"es\"},{\"@type\":\"Organization\",\"@id\":\"https:\/\/www.nexoinformativo.mx\/#organization\",\"name\":\"Nexo Informativo Santiago de Quer\u00e9taro\",\"url\":\"https:\/\/www.nexoinformativo.mx\/\",\"logo\":{\"@type\":\"ImageObject\",\"inLanguage\":\"es\",\"@id\":\"https:\/\/www.nexoinformativo.mx\/#\/schema\/logo\/image\/\",\"url\":\"https:\/\/www.nexoinformativo.mx\/wp-content\/uploads\/2024\/07\/nexoi-trasparente-2.png\",\"contentUrl\":\"https:\/\/www.nexoinformativo.mx\/wp-content\/uploads\/2024\/07\/nexoi-trasparente-2.png\",\"width\":816,\"height\":339,\"caption\":\"Nexo Informativo Santiago de Quer\u00e9taro\"},\"image\":{\"@id\":\"https:\/\/www.nexoinformativo.mx\/#\/schema\/logo\/image\/\"},\"sameAs\":[\"https:\/\/www.facebook.com\/people\/Nexo-Informativo\/61564066885511\/\"]},{\"@type\":\"Person\",\"@id\":\"https:\/\/www.nexoinformativo.mx\/#\/schema\/person\/7749d380ba08c8ca00d7bc76fd907b7d\",\"name\":\"Nexo Informativo\",\"image\":{\"@type\":\"ImageObject\",\"inLanguage\":\"es\",\"@id\":\"https:\/\/www.nexoinformativo.mx\/#\/schema\/person\/image\/\",\"url\":\"https:\/\/secure.gravatar.com\/avatar\/dde2928154642a13d95f87ddf1ea9718fe2b46760a005c53e41ff5ad610704e6?s=96&d=mm&r=g\",\"contentUrl\":\"https:\/\/secure.gravatar.com\/avatar\/dde2928154642a13d95f87ddf1ea9718fe2b46760a005c53e41ff5ad610704e6?s=96&d=mm&r=g\",\"caption\":\"Nexo Informativo\"},\"url\":\"https:\/\/www.nexoinformativo.mx\/index.php\/author\/edicion\/\"}]}<\/script>\n<!-- \/ Yoast SEO plugin. -->","yoast_head_json":{"title":"DiDi formaliza su operaci\u00f3n en Quer\u00e9taro, garantizando viajes mas seguros | Nexo Informativo Santiago de Quer\u00e9taro","description":"DiDi formaliza su operaci\u00f3n en Quer\u00e9taro, garantizando viajes mas seguros","robots":{"index":"index","follow":"follow","max-snippet":"max-snippet:-1","max-image-preview":"max-image-preview:large","max-video-preview":"max-video-preview:-1"},"canonical":"https:\/\/www.nexoinformativo.mx\/index.php\/2024\/12\/30\/didi-formaliza-su-operacion-en-queretaro-garantizando-viajes-mas-seguros\/","og_locale":"es_MX","og_type":"article","og_title":"DiDi formaliza su operaci\u00f3n en Quer\u00e9taro, garantizando viajes mas seguros | Nexo Informativo Santiago de Quer\u00e9taro","og_description":"DiDi formaliza su operaci\u00f3n en Quer\u00e9taro, garantizando viajes mas seguros","og_url":"https:\/\/www.nexoinformativo.mx\/index.php\/2024\/12\/30\/didi-formaliza-su-operacion-en-queretaro-garantizando-viajes-mas-seguros\/","og_site_name":"Nexo Informativo Santiago de Quer\u00e9taro","article_publisher":"https:\/\/www.facebook.com\/people\/Nexo-Informativo\/61564066885511\/","article_published_time":"2024-12-30T14:00:47+00:00","article_modified_time":"2024-12-30T18:20:01+00:00","og_image":[{"width":800,"height":533,"url":"https:\/\/www.nexoinformativo.mx\/wp-content\/uploads\/2024\/12\/IMG_3962-e1734644148565.jpg","type":"image\/jpeg"}],"author":"Nexo Informativo","twitter_card":"summary_large_image","twitter_misc":{"Escrito por":"Nexo Informativo","Tiempo de lectura":"2 minutos"},"schema":{"@context":"https:\/\/schema.org","@graph":[{"@type":"Article","@id":"https:\/\/www.nexoinformativo.mx\/index.php\/2024\/12\/30\/didi-formaliza-su-operacion-en-queretaro-garantizando-viajes-mas-seguros\/#article","isPartOf":{"@id":"https:\/\/www.nexoinformativo.mx\/index.php\/2024\/12\/30\/didi-formaliza-su-operacion-en-queretaro-garantizando-viajes-mas-seguros\/"},"author":{"name":"Nexo Informativo","@id":"https:\/\/www.nexoinformativo.mx\/#\/schema\/person\/7749d380ba08c8ca00d7bc76fd907b7d"},"headline":"DiDi formaliza su operaci\u00f3n en Quer\u00e9taro, garantizando viajes mas seguros","datePublished":"2024-12-30T14:00:47+00:00","dateModified":"2024-12-30T18:20:01+00:00","mainEntityOfPage":{"@id":"https:\/\/www.nexoinformativo.mx\/index.php\/2024\/12\/30\/didi-formaliza-su-operacion-en-queretaro-garantizando-viajes-mas-seguros\/"},"wordCount":221,"commentCount":0,"publisher":{"@id":"https:\/\/www.nexoinformativo.mx\/#organization"},"image":{"@id":"https:\/\/www.nexoinformativo.mx\/index.php\/2024\/12\/30\/didi-formaliza-su-operacion-en-queretaro-garantizando-viajes-mas-seguros\/#primaryimage"},"thumbnailUrl":"https:\/\/www.nexoinformativo.mx\/wp-content\/uploads\/2024\/12\/IMG_3962-e1734644148565.jpg","keywords":["AMEQ","DiDiEnQuer\u00e9taro","MovilidadSegura","Quer\u00e9taro"],"articleSection":["Estado","\u00daltima Hora"],"inLanguage":"es","potentialAction":[{"@type":"CommentAction","name":"Comment","target":["https:\/\/www.nexoinformativo.mx\/index.php\/2024\/12\/30\/didi-formaliza-su-operacion-en-queretaro-garantizando-viajes-mas-seguros\/#respond"]}]},{"@type":"WebPage","@id":"https:\/\/www.nexoinformativo.mx\/index.php\/2024\/12\/30\/didi-formaliza-su-operacion-en-queretaro-garantizando-viajes-mas-seguros\/","url":"https:\/\/www.nexoinformativo.mx\/index.php\/2024\/12\/30\/didi-formaliza-su-operacion-en-queretaro-garantizando-viajes-mas-seguros\/","name":"DiDi formaliza su operaci\u00f3n en Quer\u00e9taro, garantizando viajes mas seguros | Nexo Informativo Santiago de Quer\u00e9taro","isPartOf":{"@id":"https:\/\/www.nexoinformativo.mx\/#website"},"primaryImageOfPage":{"@id":"https:\/\/www.nexoinformativo.mx\/index.php\/2024\/12\/30\/didi-formaliza-su-operacion-en-queretaro-garantizando-viajes-mas-seguros\/#primaryimage"},"image":{"@id":"https:\/\/www.nexoinformativo.mx\/index.php\/2024\/12\/30\/didi-formaliza-su-operacion-en-queretaro-garantizando-viajes-mas-seguros\/#primaryimage"},"thumbnailUrl":"https:\/\/www.nexoinformativo.mx\/wp-content\/uploads\/2024\/12\/IMG_3962-e1734644148565.jpg","datePublished":"2024-12-30T14:00:47+00:00","dateModified":"2024-12-30T18:20:01+00:00","description":"DiDi formaliza su operaci\u00f3n en Quer\u00e9taro, garantizando viajes mas seguros","breadcrumb":{"@id":"https:\/\/www.nexoinformativo.mx\/index.php\/2024\/12\/30\/didi-formaliza-su-operacion-en-queretaro-garantizando-viajes-mas-seguros\/#breadcrumb"},"inLanguage":"es","potentialAction":[{"@type":"ReadAction","target":["https:\/\/www.nexoinformativo.mx\/index.php\/2024\/12\/30\/didi-formaliza-su-operacion-en-queretaro-garantizando-viajes-mas-seguros\/"]}]},{"@type":"ImageObject","inLanguage":"es","@id":"https:\/\/www.nexoinformativo.mx\/index.php\/2024\/12\/30\/didi-formaliza-su-operacion-en-queretaro-garantizando-viajes-mas-seguros\/#primaryimage","url":"https:\/\/www.nexoinformativo.mx\/wp-content\/uploads\/2024\/12\/IMG_3962-e1734644148565.jpg","contentUrl":"https:\/\/www.nexoinformativo.mx\/wp-content\/uploads\/2024\/12\/IMG_3962-e1734644148565.jpg","width":800,"height":533},{"@type":"BreadcrumbList","@id":"https:\/\/www.nexoinformativo.mx\/index.php\/2024\/12\/30\/didi-formaliza-su-operacion-en-queretaro-garantizando-viajes-mas-seguros\/#breadcrumb","itemListElement":[{"@type":"ListItem","position":1,"name":"Inicio","item":"https:\/\/www.nexoinformativo.mx\/"},{"@type":"ListItem","position":2,"name":"DiDi formaliza su operaci\u00f3n en Quer\u00e9taro, garantizando viajes mas seguros"}]},{"@type":"WebSite","@id":"https:\/\/www.nexoinformativo.mx\/#website","url":"https:\/\/www.nexoinformativo.mx\/","name":"Nexo Informativo Santiago de Quer\u00e9taro","description":"Explora NexoInformativo y convi\u00e9rtete en parte de una comunidad que valora el conocimiento y la verdad. Tu nexoinformativo es tu puente hacia una comprensi\u00f3n m\u00e1s profunda del mundo que te rodea.","publisher":{"@id":"https:\/\/www.nexoinformativo.mx\/#organization"},"potentialAction":[{"@type":"SearchAction","target":{"@type":"EntryPoint","urlTemplate":"https:\/\/www.nexoinformativo.mx\/?s={search_term_string}"},"query-input":{"@type":"PropertyValueSpecification","valueRequired":true,"valueName":"search_term_string"}}],"inLanguage":"es"},{"@type":"Organization","@id":"https:\/\/www.nexoinformativo.mx\/#organization","name":"Nexo Informativo Santiago de Quer\u00e9taro","url":"https:\/\/www.nexoinformativo.mx\/","logo":{"@type":"ImageObject","inLanguage":"es","@id":"https:\/\/www.nexoinformativo.mx\/#\/schema\/logo\/image\/","url":"https:\/\/www.nexoinformativo.mx\/wp-content\/uploads\/2024\/07\/nexoi-trasparente-2.png","contentUrl":"https:\/\/www.nexoinformativo.mx\/wp-content\/uploads\/2024\/07\/nexoi-trasparente-2.png","width":816,"height":339,"caption":"Nexo Informativo Santiago de Quer\u00e9taro"},"image":{"@id":"https:\/\/www.nexoinformativo.mx\/#\/schema\/logo\/image\/"},"sameAs":["https:\/\/www.facebook.com\/people\/Nexo-Informativo\/61564066885511\/"]},{"@type":"Person","@id":"https:\/\/www.nexoinformativo.mx\/#\/schema\/person\/7749d380ba08c8ca00d7bc76fd907b7d","name":"Nexo Informativo","image":{"@type":"ImageObject","inLanguage":"es","@id":"https:\/\/www.nexoinformativo.mx\/#\/schema\/person\/image\/","url":"https:\/\/secure.gravatar.com\/avatar\/dde2928154642a13d95f87ddf1ea9718fe2b46760a005c53e41ff5ad610704e6?s=96&d=mm&r=g","contentUrl":"https:\/\/secure.gravatar.com\/avatar\/dde2928154642a13d95f87ddf1ea9718fe2b46760a005c53e41ff5ad610704e6?s=96&d=mm&r=g","caption":"Nexo Informativo"},"url":"https:\/\/www.nexoinformativo.mx\/index.php\/author\/edicion\/"}]}},"_links":{"self":[{"href":"https:\/\/www.nexoinformativo.mx\/index.php\/wp-json\/wp\/v2\/posts\/9058","targetHints":{"allow":["GET"]}}],"collection":[{"href":"https:\/\/www.nexoinformativo.mx\/index.php\/wp-json\/wp\/v2\/posts"}],"about":[{"href":"https:\/\/www.nexoinformativo.mx\/index.php\/wp-json\/wp\/v2\/types\/post"}],"author":[{"embeddable":true,"href":"https:\/\/www.nexoinformativo.mx\/index.php\/wp-json\/wp\/v2\/users\/3"}],"replies":[{"embeddable":true,"href":"https:\/\/www.nexoinformativo.mx\/index.php\/wp-json\/wp\/v2\/comments?post=9058"}],"version-history":[{"count":2,"href":"https:\/\/www.nexoinformativo.mx\/index.php\/wp-json\/wp\/v2\/posts\/9058\/revisions"}],"predecessor-version":[{"id":9060,"href":"https:\/\/www.nexoinformativo.mx\/index.php\/wp-json\/wp\/v2\/posts\/9058\/revisions\/9060"}],"wp:featuredmedia":[{"embeddable":true,"href":"https:\/\/www.nexoinformativo.mx\/index.php\/wp-json\/wp\/v2\/media\/8525"}],"wp:attachment":[{"href":"https:\/\/www.nexoinformativo.mx\/index.php\/wp-json\/wp\/v2\/media?parent=9058"}],"wp:term":[{"taxonomy":"category","embeddable":true,"href":"https:\/\/www.nexoinformativo.mx\/index.php\/wp-json\/wp\/v2\/categories?post=9058"},{"taxonomy":"post_tag","embeddable":true,"href":"https:\/\/www.nexoinformativo.mx\/index.php\/wp-json\/wp\/v2\/tags?post=9058"}],"curies":[{"name":"wp","href":"https:\/\/api.w.org\/{rel}","templated":true}]}}