{"id":9069,"date":"2024-12-30T11:30:31","date_gmt":"2024-12-30T17:30:31","guid":{"rendered":"https:\/\/www.nexoinformativo.mx\/?p=9069"},"modified":"2024-12-30T14:17:34","modified_gmt":"2024-12-30T20:17:34","slug":"alerta-por-gusano-barrenador-ganaderos-de-queretaro-piden-mayor-vigilancia-fronteriza","status":"publish","type":"post","link":"https:\/\/www.nexoinformativo.mx\/index.php\/2024\/12\/30\/alerta-por-gusano-barrenador-ganaderos-de-queretaro-piden-mayor-vigilancia-fronteriza\/","title":{"rendered":"Alerta por gusano barrenador: Ganaderos de Quer\u00e9taro piden mayor vigilancia fronteriza"},"content":{"rendered":"<p style=\"text-align: justify;\" data-sourcepos=\"9:1-9:348\">El presidente de la <strong>Uni\u00f3n Ganadera Regional de Quer\u00e9taro<\/strong> (UGRQ), Romualdo Moreno, ha encendido las alarmas sobre la presencia del gusano barrenador en el pa\u00eds.<\/p>\n<p>&nbsp;<\/p>\n<p style=\"text-align: justify;\" data-sourcepos=\"9:1-9:348\">Esta plaga, que se alimenta del tejido vivo de animales, representa una grave amenaza para el sector ganadero y podr\u00eda tener consecuencias devastadoras para la producci\u00f3n de carne y leche.<\/p>\n<p>&nbsp;<\/p>\n<p style=\"text-align: justify;\" data-sourcepos=\"11:1-11:360\">Moreno inform\u00f3 que se han detectado casos de ganado afectado en Chiapas, donde las autoridades han implementado medidas de control para detener el avance de esta plaga.<\/p>\n<p style=\"text-align: justify;\" data-sourcepos=\"11:1-11:360\">Sin embargo, el l\u00edder ganadero advirti\u00f3 sobre la importancia de reforzar las medidas de vigilancia en las fronteras para evitar que el gusano barrenador se propague a otras regiones del pa\u00eds.<\/p>\n<p>&nbsp;<\/p>\n<p style=\"text-align: justify;\" data-sourcepos=\"13:1-13:362\"><strong>&#8220;El gusano barrenador es una amenaza real para nuestro ganado. Ingresa al cuerpo de los animales y se alimenta de su carne, causando graves da\u00f1os y, en algunos casos, la muerte&#8221;<\/strong>, explic\u00f3 Moreno.<\/p>\n<p>&nbsp;<\/p>\n<p style=\"text-align: justify;\" data-sourcepos=\"13:1-13:362\">&#8220;Es fundamental que se tomen medidas urgentes para evitar que esta plaga se extienda y ponga en riesgo la salud de nuestros animales y la econom\u00eda de los productores&#8221;.<\/p>\n<p>&nbsp;<\/p>\n<p style=\"text-align: justify;\" data-sourcepos=\"15:1-15:280\">En este sentido, el presidente de la UGRQ hizo un llamado a las autoridades sanitarias para que intensifiquen los controles en los puntos de importaci\u00f3n, especialmente en la frontera sur, y para que se tomen medidas m\u00e1s en\u00e9rgicas para evitar el ingreso de ganado de manera ilegal.<\/p>\n<p>&nbsp;<\/p>\n<p style=\"text-align: justify;\" data-sourcepos=\"17:1-17:321\">&#8220;Cerrar la frontera sur al ingreso de cabezas de ganado ilegales es una medida fundamental para proteger nuestro hato ganadero&#8221;, afirm\u00f3 Moreno. &#8220;Debemos garantizar que todo el ganado que ingrese al pa\u00eds cumpla con los requisitos sanitarios necesarios para evitar la propagaci\u00f3n de enfermedades como el gusano barrenador&#8221;.<\/p>\n<p>&nbsp;<\/p>\n<p style=\"text-align: center;\" data-sourcepos=\"17:1-17:321\"><em><strong>\u00a1Informaci\u00f3n que transforma!<\/strong><\/em><\/p>\n","protected":false},"excerpt":{"rendered":"<p>El presidente de la Uni\u00f3n Ganadera Regional de Quer\u00e9taro (UGRQ), Romualdo Moreno, ha encendido las alarmas sobre la presencia del gusano barrenador en el pa\u00eds.<\/p>\n","protected":false},"author":3,"featured_media":9070,"comment_status":"open","ping_status":"open","sticky":false,"template":"","format":"standard","meta":{"footnotes":""},"categories":[42,58],"tags":[2907,2042,2043,1547],"class_list":["post-9069","post","type-post","status-publish","format-standard","has-post-thumbnail","hentry","category-estado","category-ultima-hora","tag-fronterasur","tag-gusanobarrenador","tag-saludanimal","tag-seguridadalimentaria"],"yoast_head":"<!-- This site is optimized with the Yoast SEO plugin v25.0 - https:\/\/yoast.com\/wordpress\/plugins\/seo\/ -->\n<title>Alerta por gusano barrenador: Ganaderos de Quer\u00e9taro piden mayor vigilancia fronteriza | Nexo Informativo Santiago de Quer\u00e9taro<\/title>\n<meta name=\"description\" content=\"Alerta por gusano barrenador: Ganaderos de Quer\u00e9taro piden mayor vigilancia fronteriza\" \/>\n<meta name=\"robots\" content=\"index, follow, max-snippet:-1, max-image-preview:large, max-video-preview:-1\" \/>\n<link rel=\"canonical\" href=\"https:\/\/www.nexoinformativo.mx\/index.php\/2024\/12\/30\/alerta-por-gusano-barrenador-ganaderos-de-queretaro-piden-mayor-vigilancia-fronteriza\/\" \/>\n<meta property=\"og:locale\" content=\"es_MX\" \/>\n<meta property=\"og:type\" content=\"article\" \/>\n<meta property=\"og:title\" content=\"Alerta por gusano barrenador: Ganaderos de Quer\u00e9taro piden mayor vigilancia fronteriza | Nexo Informativo Santiago de Quer\u00e9taro\" \/>\n<meta property=\"og:description\" content=\"Alerta por gusano barrenador: Ganaderos de Quer\u00e9taro piden mayor vigilancia fronteriza\" \/>\n<meta property=\"og:url\" content=\"https:\/\/www.nexoinformativo.mx\/index.php\/2024\/12\/30\/alerta-por-gusano-barrenador-ganaderos-de-queretaro-piden-mayor-vigilancia-fronteriza\/\" \/>\n<meta property=\"og:site_name\" content=\"Nexo Informativo Santiago de Quer\u00e9taro\" \/>\n<meta property=\"article:publisher\" content=\"https:\/\/www.facebook.com\/people\/Nexo-Informativo\/61564066885511\/\" \/>\n<meta property=\"article:published_time\" content=\"2024-12-30T17:30:31+00:00\" \/>\n<meta property=\"article:modified_time\" content=\"2024-12-30T20:17:34+00:00\" \/>\n<meta property=\"og:image\" content=\"https:\/\/www.nexoinformativo.mx\/wp-content\/uploads\/2024\/12\/PHOTO-2024-12-30-13-10-12-e1735588959745.jpg\" \/>\n\t<meta property=\"og:image:width\" content=\"800\" \/>\n\t<meta property=\"og:image:height\" content=\"450\" \/>\n\t<meta property=\"og:image:type\" content=\"image\/jpeg\" \/>\n<meta name=\"author\" content=\"Nexo Informativo\" \/>\n<meta name=\"twitter:card\" content=\"summary_large_image\" \/>\n<meta name=\"twitter:label1\" content=\"Escrito por\" \/>\n\t<meta name=\"twitter:data1\" content=\"Nexo Informativo\" \/>\n\t<meta name=\"twitter:label2\" content=\"Tiempo de lectura\" \/>\n\t<meta name=\"twitter:data2\" content=\"2 minutos\" \/>\n<script type=\"application\/ld+json\" class=\"yoast-schema-graph\">{\"@context\":\"https:\/\/schema.org\",\"@graph\":[{\"@type\":\"Article\",\"@id\":\"https:\/\/www.nexoinformativo.mx\/index.php\/2024\/12\/30\/alerta-por-gusano-barrenador-ganaderos-de-queretaro-piden-mayor-vigilancia-fronteriza\/#article\",\"isPartOf\":{\"@id\":\"https:\/\/www.nexoinformativo.mx\/index.php\/2024\/12\/30\/alerta-por-gusano-barrenador-ganaderos-de-queretaro-piden-mayor-vigilancia-fronteriza\/\"},\"author\":{\"name\":\"Nexo Informativo\",\"@id\":\"https:\/\/www.nexoinformativo.mx\/#\/schema\/person\/7749d380ba08c8ca00d7bc76fd907b7d\"},\"headline\":\"Alerta por gusano barrenador: Ganaderos de Quer\u00e9taro piden mayor vigilancia fronteriza\",\"datePublished\":\"2024-12-30T17:30:31+00:00\",\"dateModified\":\"2024-12-30T20:17:34+00:00\",\"mainEntityOfPage\":{\"@id\":\"https:\/\/www.nexoinformativo.mx\/index.php\/2024\/12\/30\/alerta-por-gusano-barrenador-ganaderos-de-queretaro-piden-mayor-vigilancia-fronteriza\/\"},\"wordCount\":307,\"commentCount\":0,\"publisher\":{\"@id\":\"https:\/\/www.nexoinformativo.mx\/#organization\"},\"image\":{\"@id\":\"https:\/\/www.nexoinformativo.mx\/index.php\/2024\/12\/30\/alerta-por-gusano-barrenador-ganaderos-de-queretaro-piden-mayor-vigilancia-fronteriza\/#primaryimage\"},\"thumbnailUrl\":\"https:\/\/www.nexoinformativo.mx\/wp-content\/uploads\/2024\/12\/PHOTO-2024-12-30-13-10-12-e1735588959745.jpg\",\"keywords\":[\"FronteraSur\",\"GusanoBarrenador\",\"SaludAnimal\",\"SeguridadAlimentaria\"],\"articleSection\":[\"Estado\",\"\u00daltima Hora\"],\"inLanguage\":\"es\",\"potentialAction\":[{\"@type\":\"CommentAction\",\"name\":\"Comment\",\"target\":[\"https:\/\/www.nexoinformativo.mx\/index.php\/2024\/12\/30\/alerta-por-gusano-barrenador-ganaderos-de-queretaro-piden-mayor-vigilancia-fronteriza\/#respond\"]}]},{\"@type\":\"WebPage\",\"@id\":\"https:\/\/www.nexoinformativo.mx\/index.php\/2024\/12\/30\/alerta-por-gusano-barrenador-ganaderos-de-queretaro-piden-mayor-vigilancia-fronteriza\/\",\"url\":\"https:\/\/www.nexoinformativo.mx\/index.php\/2024\/12\/30\/alerta-por-gusano-barrenador-ganaderos-de-queretaro-piden-mayor-vigilancia-fronteriza\/\",\"name\":\"Alerta por gusano barrenador: Ganaderos de Quer\u00e9taro piden mayor vigilancia fronteriza | Nexo Informativo Santiago de Quer\u00e9taro\",\"isPartOf\":{\"@id\":\"https:\/\/www.nexoinformativo.mx\/#website\"},\"primaryImageOfPage\":{\"@id\":\"https:\/\/www.nexoinformativo.mx\/index.php\/2024\/12\/30\/alerta-por-gusano-barrenador-ganaderos-de-queretaro-piden-mayor-vigilancia-fronteriza\/#primaryimage\"},\"image\":{\"@id\":\"https:\/\/www.nexoinformativo.mx\/index.php\/2024\/12\/30\/alerta-por-gusano-barrenador-ganaderos-de-queretaro-piden-mayor-vigilancia-fronteriza\/#primaryimage\"},\"thumbnailUrl\":\"https:\/\/www.nexoinformativo.mx\/wp-content\/uploads\/2024\/12\/PHOTO-2024-12-30-13-10-12-e1735588959745.jpg\",\"datePublished\":\"2024-12-30T17:30:31+00:00\",\"dateModified\":\"2024-12-30T20:17:34+00:00\",\"description\":\"Alerta por gusano barrenador: Ganaderos de Quer\u00e9taro piden mayor vigilancia fronteriza\",\"breadcrumb\":{\"@id\":\"https:\/\/www.nexoinformativo.mx\/index.php\/2024\/12\/30\/alerta-por-gusano-barrenador-ganaderos-de-queretaro-piden-mayor-vigilancia-fronteriza\/#breadcrumb\"},\"inLanguage\":\"es\",\"potentialAction\":[{\"@type\":\"ReadAction\",\"target\":[\"https:\/\/www.nexoinformativo.mx\/index.php\/2024\/12\/30\/alerta-por-gusano-barrenador-ganaderos-de-queretaro-piden-mayor-vigilancia-fronteriza\/\"]}]},{\"@type\":\"ImageObject\",\"inLanguage\":\"es\",\"@id\":\"https:\/\/www.nexoinformativo.mx\/index.php\/2024\/12\/30\/alerta-por-gusano-barrenador-ganaderos-de-queretaro-piden-mayor-vigilancia-fronteriza\/#primaryimage\",\"url\":\"https:\/\/www.nexoinformativo.mx\/wp-content\/uploads\/2024\/12\/PHOTO-2024-12-30-13-10-12-e1735588959745.jpg\",\"contentUrl\":\"https:\/\/www.nexoinformativo.mx\/wp-content\/uploads\/2024\/12\/PHOTO-2024-12-30-13-10-12-e1735588959745.jpg\",\"width\":800,\"height\":450},{\"@type\":\"BreadcrumbList\",\"@id\":\"https:\/\/www.nexoinformativo.mx\/index.php\/2024\/12\/30\/alerta-por-gusano-barrenador-ganaderos-de-queretaro-piden-mayor-vigilancia-fronteriza\/#breadcrumb\",\"itemListElement\":[{\"@type\":\"ListItem\",\"position\":1,\"name\":\"Inicio\",\"item\":\"https:\/\/www.nexoinformativo.mx\/\"},{\"@type\":\"ListItem\",\"position\":2,\"name\":\"Alerta por gusano barrenador: Ganaderos de Quer\u00e9taro piden mayor vigilancia fronteriza\"}]},{\"@type\":\"WebSite\",\"@id\":\"https:\/\/www.nexoinformativo.mx\/#website\",\"url\":\"https:\/\/www.nexoinformativo.mx\/\",\"name\":\"Nexo Informativo Santiago de Quer\u00e9taro\",\"description\":\"Explora NexoInformativo y convi\u00e9rtete en parte de una comunidad que valora el conocimiento y la verdad. Tu nexoinformativo es tu puente hacia una comprensi\u00f3n m\u00e1s profunda del mundo que te rodea.\",\"publisher\":{\"@id\":\"https:\/\/www.nexoinformativo.mx\/#organization\"},\"potentialAction\":[{\"@type\":\"SearchAction\",\"target\":{\"@type\":\"EntryPoint\",\"urlTemplate\":\"https:\/\/www.nexoinformativo.mx\/?s={search_term_string}\"},\"query-input\":{\"@type\":\"PropertyValueSpecification\",\"valueRequired\":true,\"valueName\":\"search_term_string\"}}],\"inLanguage\":\"es\"},{\"@type\":\"Organization\",\"@id\":\"https:\/\/www.nexoinformativo.mx\/#organization\",\"name\":\"Nexo Informativo Santiago de Quer\u00e9taro\",\"url\":\"https:\/\/www.nexoinformativo.mx\/\",\"logo\":{\"@type\":\"ImageObject\",\"inLanguage\":\"es\",\"@id\":\"https:\/\/www.nexoinformativo.mx\/#\/schema\/logo\/image\/\",\"url\":\"https:\/\/www.nexoinformativo.mx\/wp-content\/uploads\/2024\/07\/nexoi-trasparente-2.png\",\"contentUrl\":\"https:\/\/www.nexoinformativo.mx\/wp-content\/uploads\/2024\/07\/nexoi-trasparente-2.png\",\"width\":816,\"height\":339,\"caption\":\"Nexo Informativo Santiago de Quer\u00e9taro\"},\"image\":{\"@id\":\"https:\/\/www.nexoinformativo.mx\/#\/schema\/logo\/image\/\"},\"sameAs\":[\"https:\/\/www.facebook.com\/people\/Nexo-Informativo\/61564066885511\/\"]},{\"@type\":\"Person\",\"@id\":\"https:\/\/www.nexoinformativo.mx\/#\/schema\/person\/7749d380ba08c8ca00d7bc76fd907b7d\",\"name\":\"Nexo Informativo\",\"image\":{\"@type\":\"ImageObject\",\"inLanguage\":\"es\",\"@id\":\"https:\/\/www.nexoinformativo.mx\/#\/schema\/person\/image\/\",\"url\":\"https:\/\/secure.gravatar.com\/avatar\/dde2928154642a13d95f87ddf1ea9718fe2b46760a005c53e41ff5ad610704e6?s=96&d=mm&r=g\",\"contentUrl\":\"https:\/\/secure.gravatar.com\/avatar\/dde2928154642a13d95f87ddf1ea9718fe2b46760a005c53e41ff5ad610704e6?s=96&d=mm&r=g\",\"caption\":\"Nexo Informativo\"},\"url\":\"https:\/\/www.nexoinformativo.mx\/index.php\/author\/edicion\/\"}]}<\/script>\n<!-- \/ Yoast SEO plugin. -->","yoast_head_json":{"title":"Alerta por gusano barrenador: Ganaderos de Quer\u00e9taro piden mayor vigilancia fronteriza | Nexo Informativo Santiago de Quer\u00e9taro","description":"Alerta por gusano barrenador: Ganaderos de Quer\u00e9taro piden mayor vigilancia fronteriza","robots":{"index":"index","follow":"follow","max-snippet":"max-snippet:-1","max-image-preview":"max-image-preview:large","max-video-preview":"max-video-preview:-1"},"canonical":"https:\/\/www.nexoinformativo.mx\/index.php\/2024\/12\/30\/alerta-por-gusano-barrenador-ganaderos-de-queretaro-piden-mayor-vigilancia-fronteriza\/","og_locale":"es_MX","og_type":"article","og_title":"Alerta por gusano barrenador: Ganaderos de Quer\u00e9taro piden mayor vigilancia fronteriza | Nexo Informativo Santiago de Quer\u00e9taro","og_description":"Alerta por gusano barrenador: Ganaderos de Quer\u00e9taro piden mayor vigilancia fronteriza","og_url":"https:\/\/www.nexoinformativo.mx\/index.php\/2024\/12\/30\/alerta-por-gusano-barrenador-ganaderos-de-queretaro-piden-mayor-vigilancia-fronteriza\/","og_site_name":"Nexo Informativo Santiago de Quer\u00e9taro","article_publisher":"https:\/\/www.facebook.com\/people\/Nexo-Informativo\/61564066885511\/","article_published_time":"2024-12-30T17:30:31+00:00","article_modified_time":"2024-12-30T20:17:34+00:00","og_image":[{"width":800,"height":450,"url":"https:\/\/www.nexoinformativo.mx\/wp-content\/uploads\/2024\/12\/PHOTO-2024-12-30-13-10-12-e1735588959745.jpg","type":"image\/jpeg"}],"author":"Nexo Informativo","twitter_card":"summary_large_image","twitter_misc":{"Escrito por":"Nexo Informativo","Tiempo de lectura":"2 minutos"},"schema":{"@context":"https:\/\/schema.org","@graph":[{"@type":"Article","@id":"https:\/\/www.nexoinformativo.mx\/index.php\/2024\/12\/30\/alerta-por-gusano-barrenador-ganaderos-de-queretaro-piden-mayor-vigilancia-fronteriza\/#article","isPartOf":{"@id":"https:\/\/www.nexoinformativo.mx\/index.php\/2024\/12\/30\/alerta-por-gusano-barrenador-ganaderos-de-queretaro-piden-mayor-vigilancia-fronteriza\/"},"author":{"name":"Nexo Informativo","@id":"https:\/\/www.nexoinformativo.mx\/#\/schema\/person\/7749d380ba08c8ca00d7bc76fd907b7d"},"headline":"Alerta por gusano barrenador: Ganaderos de Quer\u00e9taro piden mayor vigilancia fronteriza","datePublished":"2024-12-30T17:30:31+00:00","dateModified":"2024-12-30T20:17:34+00:00","mainEntityOfPage":{"@id":"https:\/\/www.nexoinformativo.mx\/index.php\/2024\/12\/30\/alerta-por-gusano-barrenador-ganaderos-de-queretaro-piden-mayor-vigilancia-fronteriza\/"},"wordCount":307,"commentCount":0,"publisher":{"@id":"https:\/\/www.nexoinformativo.mx\/#organization"},"image":{"@id":"https:\/\/www.nexoinformativo.mx\/index.php\/2024\/12\/30\/alerta-por-gusano-barrenador-ganaderos-de-queretaro-piden-mayor-vigilancia-fronteriza\/#primaryimage"},"thumbnailUrl":"https:\/\/www.nexoinformativo.mx\/wp-content\/uploads\/2024\/12\/PHOTO-2024-12-30-13-10-12-e1735588959745.jpg","keywords":["FronteraSur","GusanoBarrenador","SaludAnimal","SeguridadAlimentaria"],"articleSection":["Estado","\u00daltima Hora"],"inLanguage":"es","potentialAction":[{"@type":"CommentAction","name":"Comment","target":["https:\/\/www.nexoinformativo.mx\/index.php\/2024\/12\/30\/alerta-por-gusano-barrenador-ganaderos-de-queretaro-piden-mayor-vigilancia-fronteriza\/#respond"]}]},{"@type":"WebPage","@id":"https:\/\/www.nexoinformativo.mx\/index.php\/2024\/12\/30\/alerta-por-gusano-barrenador-ganaderos-de-queretaro-piden-mayor-vigilancia-fronteriza\/","url":"https:\/\/www.nexoinformativo.mx\/index.php\/2024\/12\/30\/alerta-por-gusano-barrenador-ganaderos-de-queretaro-piden-mayor-vigilancia-fronteriza\/","name":"Alerta por gusano barrenador: Ganaderos de Quer\u00e9taro piden mayor vigilancia fronteriza | Nexo Informativo Santiago de Quer\u00e9taro","isPartOf":{"@id":"https:\/\/www.nexoinformativo.mx\/#website"},"primaryImageOfPage":{"@id":"https:\/\/www.nexoinformativo.mx\/index.php\/2024\/12\/30\/alerta-por-gusano-barrenador-ganaderos-de-queretaro-piden-mayor-vigilancia-fronteriza\/#primaryimage"},"image":{"@id":"https:\/\/www.nexoinformativo.mx\/index.php\/2024\/12\/30\/alerta-por-gusano-barrenador-ganaderos-de-queretaro-piden-mayor-vigilancia-fronteriza\/#primaryimage"},"thumbnailUrl":"https:\/\/www.nexoinformativo.mx\/wp-content\/uploads\/2024\/12\/PHOTO-2024-12-30-13-10-12-e1735588959745.jpg","datePublished":"2024-12-30T17:30:31+00:00","dateModified":"2024-12-30T20:17:34+00:00","description":"Alerta por gusano barrenador: Ganaderos de Quer\u00e9taro piden mayor vigilancia fronteriza","breadcrumb":{"@id":"https:\/\/www.nexoinformativo.mx\/index.php\/2024\/12\/30\/alerta-por-gusano-barrenador-ganaderos-de-queretaro-piden-mayor-vigilancia-fronteriza\/#breadcrumb"},"inLanguage":"es","potentialAction":[{"@type":"ReadAction","target":["https:\/\/www.nexoinformativo.mx\/index.php\/2024\/12\/30\/alerta-por-gusano-barrenador-ganaderos-de-queretaro-piden-mayor-vigilancia-fronteriza\/"]}]},{"@type":"ImageObject","inLanguage":"es","@id":"https:\/\/www.nexoinformativo.mx\/index.php\/2024\/12\/30\/alerta-por-gusano-barrenador-ganaderos-de-queretaro-piden-mayor-vigilancia-fronteriza\/#primaryimage","url":"https:\/\/www.nexoinformativo.mx\/wp-content\/uploads\/2024\/12\/PHOTO-2024-12-30-13-10-12-e1735588959745.jpg","contentUrl":"https:\/\/www.nexoinformativo.mx\/wp-content\/uploads\/2024\/12\/PHOTO-2024-12-30-13-10-12-e1735588959745.jpg","width":800,"height":450},{"@type":"BreadcrumbList","@id":"https:\/\/www.nexoinformativo.mx\/index.php\/2024\/12\/30\/alerta-por-gusano-barrenador-ganaderos-de-queretaro-piden-mayor-vigilancia-fronteriza\/#breadcrumb","itemListElement":[{"@type":"ListItem","position":1,"name":"Inicio","item":"https:\/\/www.nexoinformativo.mx\/"},{"@type":"ListItem","position":2,"name":"Alerta por gusano barrenador: Ganaderos de Quer\u00e9taro piden mayor vigilancia fronteriza"}]},{"@type":"WebSite","@id":"https:\/\/www.nexoinformativo.mx\/#website","url":"https:\/\/www.nexoinformativo.mx\/","name":"Nexo Informativo Santiago de Quer\u00e9taro","description":"Explora NexoInformativo y convi\u00e9rtete en parte de una comunidad que valora el conocimiento y la verdad. Tu nexoinformativo es tu puente hacia una comprensi\u00f3n m\u00e1s profunda del mundo que te rodea.","publisher":{"@id":"https:\/\/www.nexoinformativo.mx\/#organization"},"potentialAction":[{"@type":"SearchAction","target":{"@type":"EntryPoint","urlTemplate":"https:\/\/www.nexoinformativo.mx\/?s={search_term_string}"},"query-input":{"@type":"PropertyValueSpecification","valueRequired":true,"valueName":"search_term_string"}}],"inLanguage":"es"},{"@type":"Organization","@id":"https:\/\/www.nexoinformativo.mx\/#organization","name":"Nexo Informativo Santiago de Quer\u00e9taro","url":"https:\/\/www.nexoinformativo.mx\/","logo":{"@type":"ImageObject","inLanguage":"es","@id":"https:\/\/www.nexoinformativo.mx\/#\/schema\/logo\/image\/","url":"https:\/\/www.nexoinformativo.mx\/wp-content\/uploads\/2024\/07\/nexoi-trasparente-2.png","contentUrl":"https:\/\/www.nexoinformativo.mx\/wp-content\/uploads\/2024\/07\/nexoi-trasparente-2.png","width":816,"height":339,"caption":"Nexo Informativo Santiago de Quer\u00e9taro"},"image":{"@id":"https:\/\/www.nexoinformativo.mx\/#\/schema\/logo\/image\/"},"sameAs":["https:\/\/www.facebook.com\/people\/Nexo-Informativo\/61564066885511\/"]},{"@type":"Person","@id":"https:\/\/www.nexoinformativo.mx\/#\/schema\/person\/7749d380ba08c8ca00d7bc76fd907b7d","name":"Nexo Informativo","image":{"@type":"ImageObject","inLanguage":"es","@id":"https:\/\/www.nexoinformativo.mx\/#\/schema\/person\/image\/","url":"https:\/\/secure.gravatar.com\/avatar\/dde2928154642a13d95f87ddf1ea9718fe2b46760a005c53e41ff5ad610704e6?s=96&d=mm&r=g","contentUrl":"https:\/\/secure.gravatar.com\/avatar\/dde2928154642a13d95f87ddf1ea9718fe2b46760a005c53e41ff5ad610704e6?s=96&d=mm&r=g","caption":"Nexo Informativo"},"url":"https:\/\/www.nexoinformativo.mx\/index.php\/author\/edicion\/"}]}},"_links":{"self":[{"href":"https:\/\/www.nexoinformativo.mx\/index.php\/wp-json\/wp\/v2\/posts\/9069","targetHints":{"allow":["GET"]}}],"collection":[{"href":"https:\/\/www.nexoinformativo.mx\/index.php\/wp-json\/wp\/v2\/posts"}],"about":[{"href":"https:\/\/www.nexoinformativo.mx\/index.php\/wp-json\/wp\/v2\/types\/post"}],"author":[{"embeddable":true,"href":"https:\/\/www.nexoinformativo.mx\/index.php\/wp-json\/wp\/v2\/users\/3"}],"replies":[{"embeddable":true,"href":"https:\/\/www.nexoinformativo.mx\/index.php\/wp-json\/wp\/v2\/comments?post=9069"}],"version-history":[{"count":4,"href":"https:\/\/www.nexoinformativo.mx\/index.php\/wp-json\/wp\/v2\/posts\/9069\/revisions"}],"predecessor-version":[{"id":9079,"href":"https:\/\/www.nexoinformativo.mx\/index.php\/wp-json\/wp\/v2\/posts\/9069\/revisions\/9079"}],"wp:featuredmedia":[{"embeddable":true,"href":"https:\/\/www.nexoinformativo.mx\/index.php\/wp-json\/wp\/v2\/media\/9070"}],"wp:attachment":[{"href":"https:\/\/www.nexoinformativo.mx\/index.php\/wp-json\/wp\/v2\/media?parent=9069"}],"wp:term":[{"taxonomy":"category","embeddable":true,"href":"https:\/\/www.nexoinformativo.mx\/index.php\/wp-json\/wp\/v2\/categories?post=9069"},{"taxonomy":"post_tag","embeddable":true,"href":"https:\/\/www.nexoinformativo.mx\/index.php\/wp-json\/wp\/v2\/tags?post=9069"}],"curies":[{"name":"wp","href":"https:\/\/api.w.org\/{rel}","templated":true}]}}