{"id":9076,"date":"2024-12-30T12:00:40","date_gmt":"2024-12-30T18:00:40","guid":{"rendered":"https:\/\/www.nexoinformativo.mx\/?p=9076"},"modified":"2024-12-30T14:18:07","modified_gmt":"2024-12-30T20:18:07","slug":"corregidora-reforzara-su-seguridad-con-30-nuevos-policias-en-2025","status":"publish","type":"post","link":"https:\/\/www.nexoinformativo.mx\/index.php\/2024\/12\/30\/corregidora-reforzara-su-seguridad-con-30-nuevos-policias-en-2025\/","title":{"rendered":"Corregidora reforzar\u00e1 su seguridad con 30 nuevos polic\u00edas en 2025"},"content":{"rendered":"<p style=\"text-align: justify;\" data-sourcepos=\"9:1-9:345\">Corregidora se prepara para fortalecer su seguridad p\u00fablica. El presidente municipal, Chepe Guerrero, anunci\u00f3 que durante el pr\u00f3ximo a\u00f1o se integrar\u00e1n 30 nuevos elementos a la polic\u00eda municipal, a trav\u00e9s de un riguroso proceso de reclutamiento. Esta medida busca ampliar la cobertura y mejorar la respuesta ante las necesidades de la ciudadan\u00eda.<\/p>\n<\/p>\n<p>&nbsp;<\/p>\n<p style=\"text-align: justify;\" data-sourcepos=\"11:1-11:306\">Adem\u00e1s de la incorporaci\u00f3n de nuevos elementos, el municipio realizar\u00e1 diversas acciones para fortalecer la operatividad de la corporaci\u00f3n. Se dar\u00e1 mantenimiento al C4, con especial \u00e9nfasis en el \u00e1rea de operaciones del binomio canino, y se adquirir\u00e1 nuevo equipo de vigilancia, como c\u00e1maras de seguridad.<\/p>\n<\/p>\n<p>&nbsp;<\/p>\n<p style=\"text-align: justify;\" data-sourcepos=\"13:1-13:203\">Por otra parte, el gobierno del estado construir\u00e1 una subcomandancia de la Polic\u00eda municipal en la colonia Santa B\u00e1rbara, lo que permitir\u00e1 ampliar la cobertura de los servicios de seguridad en esta zona.<\/p>\n<\/p>\n<p>&nbsp;<\/p>\n<p style=\"text-align: justify;\" data-sourcepos=\"15:1-15:260\">Hace unos d\u00edas, el alcalde estuvo presente en la Ceremonia de Graduaci\u00f3n de 123 nuevos polic\u00edas para el estado de Quer\u00e9taro, organizada por el CECAFIS. De este grupo, 18 elementos se integrar\u00e1n a la Secretar\u00eda de Seguridad P\u00fablica del Municipio de Corregidora.<\/p>\n<\/p>\n<p>&nbsp;<\/p>\n<p style=\"text-align: justify;\" data-sourcepos=\"17:1-17:383\">&#8220;Reconozco la vocaci\u00f3n de servicio y el compromiso de todos los polic\u00edas que trabajan para garantizar nuestra seguridad&#8221;, expres\u00f3 Chepe Guerrero.<\/p>\n<\/p>\n<p>&nbsp;<\/p>\n<p style=\"text-align: justify;\" data-sourcepos=\"17:1-17:383\">&#8220;El apoyo de sus familias es fundamental para el buen desempe\u00f1o de su labor, y el gobierno municipal seguir\u00e1 destinando los recursos necesarios para fortalecer las corporaciones policiales y garantizar la tranquilidad de los ciudadanos&#8221;.<\/p>\n<\/p>\n<p>&nbsp;<\/p>\n<p style=\"text-align: justify;\" data-sourcepos=\"19:1-19:216\">Cabe destacar que el municipio de Corregidora destinar\u00e1 el 30% de su presupuesto total a temas de seguridad p\u00fablica, lo que demuestra el compromiso de la administraci\u00f3n por brindar un entorno seguro a sus habitantes.<\/p>\n<\/p>\n<p>&nbsp;<\/p>\n<p style=\"text-align: center;\" data-sourcepos=\"19:1-19:216\"><em><strong>\u00a1Informaci\u00f3n que transforma!<\/strong><\/em><\/p>\n","protected":false},"excerpt":{"rendered":"<p>Corregidora se prepara para fortalecer su seguridad p\u00fablica. El presidente municipal, Chepe Guerrero, anunci\u00f3 que durante el pr\u00f3ximo a\u00f1o se integrar\u00e1n 30 nuevos elementos a la polic\u00eda municipal, a trav\u00e9s de un riguroso proceso de reclutamiento. Esta medida busca ampliar la cobertura y mejorar la respuesta ante las necesidades de la ciudadan\u00eda.<\/p>\n","protected":false},"author":3,"featured_media":9077,"comment_status":"open","ping_status":"open","sticky":false,"template":"","format":"standard","meta":{"footnotes":""},"categories":[65,58],"tags":[2908,2910,2909,157],"class_list":["post-9076","post","type-post","status-publish","format-standard","has-post-thumbnail","hentry","category-municipios","category-ultima-hora","tag-corregidorasegura","tag-inversionenseguridad","tag-maspolicias","tag-seguridadciudadana"],"yoast_head":"<!-- This site is optimized with the Yoast SEO plugin v25.0 - https:\/\/yoast.com\/wordpress\/plugins\/seo\/ -->\n<title>Corregidora reforzar\u00e1 su seguridad con 30 nuevos polic\u00edas en 2025 | Nexo Informativo Santiago de Quer\u00e9taro<\/title>\n<meta name=\"description\" content=\"Corregidora reforzar\u00e1 su seguridad con 30 nuevos polic\u00edas en 2025\" \/>\n<meta name=\"robots\" content=\"index, follow, max-snippet:-1, max-image-preview:large, max-video-preview:-1\" \/>\n<link rel=\"canonical\" href=\"https:\/\/www.nexoinformativo.mx\/index.php\/2024\/12\/30\/corregidora-reforzara-su-seguridad-con-30-nuevos-policias-en-2025\/\" \/>\n<meta property=\"og:locale\" content=\"es_MX\" \/>\n<meta property=\"og:type\" content=\"article\" \/>\n<meta property=\"og:title\" content=\"Corregidora reforzar\u00e1 su seguridad con 30 nuevos polic\u00edas en 2025 | Nexo Informativo Santiago de Quer\u00e9taro\" \/>\n<meta property=\"og:description\" content=\"Corregidora reforzar\u00e1 su seguridad con 30 nuevos polic\u00edas en 2025\" \/>\n<meta property=\"og:url\" content=\"https:\/\/www.nexoinformativo.mx\/index.php\/2024\/12\/30\/corregidora-reforzara-su-seguridad-con-30-nuevos-policias-en-2025\/\" \/>\n<meta property=\"og:site_name\" content=\"Nexo Informativo Santiago de Quer\u00e9taro\" \/>\n<meta property=\"article:publisher\" content=\"https:\/\/www.facebook.com\/people\/Nexo-Informativo\/61564066885511\/\" \/>\n<meta property=\"article:published_time\" content=\"2024-12-30T18:00:40+00:00\" \/>\n<meta property=\"article:modified_time\" content=\"2024-12-30T20:18:07+00:00\" \/>\n<meta property=\"og:image\" content=\"https:\/\/www.nexoinformativo.mx\/wp-content\/uploads\/2024\/12\/PHOTO-2024-12-30-13-10-20-e1735589743483.jpg\" \/>\n\t<meta property=\"og:image:width\" content=\"800\" \/>\n\t<meta property=\"og:image:height\" content=\"533\" \/>\n\t<meta property=\"og:image:type\" content=\"image\/jpeg\" \/>\n<meta name=\"author\" content=\"Nexo Informativo\" \/>\n<meta name=\"twitter:card\" content=\"summary_large_image\" \/>\n<meta name=\"twitter:label1\" content=\"Escrito por\" \/>\n\t<meta name=\"twitter:data1\" content=\"Nexo Informativo\" \/>\n\t<meta name=\"twitter:label2\" content=\"Tiempo de lectura\" \/>\n\t<meta name=\"twitter:data2\" content=\"2 minutos\" \/>\n<script type=\"application\/ld+json\" class=\"yoast-schema-graph\">{\"@context\":\"https:\/\/schema.org\",\"@graph\":[{\"@type\":\"Article\",\"@id\":\"https:\/\/www.nexoinformativo.mx\/index.php\/2024\/12\/30\/corregidora-reforzara-su-seguridad-con-30-nuevos-policias-en-2025\/#article\",\"isPartOf\":{\"@id\":\"https:\/\/www.nexoinformativo.mx\/index.php\/2024\/12\/30\/corregidora-reforzara-su-seguridad-con-30-nuevos-policias-en-2025\/\"},\"author\":{\"name\":\"Nexo Informativo\",\"@id\":\"https:\/\/www.nexoinformativo.mx\/#\/schema\/person\/7749d380ba08c8ca00d7bc76fd907b7d\"},\"headline\":\"Corregidora reforzar\u00e1 su seguridad con 30 nuevos polic\u00edas en 2025\",\"datePublished\":\"2024-12-30T18:00:40+00:00\",\"dateModified\":\"2024-12-30T20:18:07+00:00\",\"mainEntityOfPage\":{\"@id\":\"https:\/\/www.nexoinformativo.mx\/index.php\/2024\/12\/30\/corregidora-reforzara-su-seguridad-con-30-nuevos-policias-en-2025\/\"},\"wordCount\":305,\"commentCount\":0,\"publisher\":{\"@id\":\"https:\/\/www.nexoinformativo.mx\/#organization\"},\"image\":{\"@id\":\"https:\/\/www.nexoinformativo.mx\/index.php\/2024\/12\/30\/corregidora-reforzara-su-seguridad-con-30-nuevos-policias-en-2025\/#primaryimage\"},\"thumbnailUrl\":\"https:\/\/www.nexoinformativo.mx\/wp-content\/uploads\/2024\/12\/PHOTO-2024-12-30-13-10-20-e1735589743483.jpg\",\"keywords\":[\"CorregidoraSegura\",\"Inversi\u00f3nEnSeguridad\",\"M\u00e1sPolic\u00edas\",\"SeguridadCiudadana\"],\"articleSection\":[\"Municipios\",\"\u00daltima Hora\"],\"inLanguage\":\"es\",\"potentialAction\":[{\"@type\":\"CommentAction\",\"name\":\"Comment\",\"target\":[\"https:\/\/www.nexoinformativo.mx\/index.php\/2024\/12\/30\/corregidora-reforzara-su-seguridad-con-30-nuevos-policias-en-2025\/#respond\"]}]},{\"@type\":\"WebPage\",\"@id\":\"https:\/\/www.nexoinformativo.mx\/index.php\/2024\/12\/30\/corregidora-reforzara-su-seguridad-con-30-nuevos-policias-en-2025\/\",\"url\":\"https:\/\/www.nexoinformativo.mx\/index.php\/2024\/12\/30\/corregidora-reforzara-su-seguridad-con-30-nuevos-policias-en-2025\/\",\"name\":\"Corregidora reforzar\u00e1 su seguridad con 30 nuevos polic\u00edas en 2025 | Nexo Informativo Santiago de Quer\u00e9taro\",\"isPartOf\":{\"@id\":\"https:\/\/www.nexoinformativo.mx\/#website\"},\"primaryImageOfPage\":{\"@id\":\"https:\/\/www.nexoinformativo.mx\/index.php\/2024\/12\/30\/corregidora-reforzara-su-seguridad-con-30-nuevos-policias-en-2025\/#primaryimage\"},\"image\":{\"@id\":\"https:\/\/www.nexoinformativo.mx\/index.php\/2024\/12\/30\/corregidora-reforzara-su-seguridad-con-30-nuevos-policias-en-2025\/#primaryimage\"},\"thumbnailUrl\":\"https:\/\/www.nexoinformativo.mx\/wp-content\/uploads\/2024\/12\/PHOTO-2024-12-30-13-10-20-e1735589743483.jpg\",\"datePublished\":\"2024-12-30T18:00:40+00:00\",\"dateModified\":\"2024-12-30T20:18:07+00:00\",\"description\":\"Corregidora reforzar\u00e1 su seguridad con 30 nuevos polic\u00edas en 2025\",\"breadcrumb\":{\"@id\":\"https:\/\/www.nexoinformativo.mx\/index.php\/2024\/12\/30\/corregidora-reforzara-su-seguridad-con-30-nuevos-policias-en-2025\/#breadcrumb\"},\"inLanguage\":\"es\",\"potentialAction\":[{\"@type\":\"ReadAction\",\"target\":[\"https:\/\/www.nexoinformativo.mx\/index.php\/2024\/12\/30\/corregidora-reforzara-su-seguridad-con-30-nuevos-policias-en-2025\/\"]}]},{\"@type\":\"ImageObject\",\"inLanguage\":\"es\",\"@id\":\"https:\/\/www.nexoinformativo.mx\/index.php\/2024\/12\/30\/corregidora-reforzara-su-seguridad-con-30-nuevos-policias-en-2025\/#primaryimage\",\"url\":\"https:\/\/www.nexoinformativo.mx\/wp-content\/uploads\/2024\/12\/PHOTO-2024-12-30-13-10-20-e1735589743483.jpg\",\"contentUrl\":\"https:\/\/www.nexoinformativo.mx\/wp-content\/uploads\/2024\/12\/PHOTO-2024-12-30-13-10-20-e1735589743483.jpg\",\"width\":800,\"height\":533},{\"@type\":\"BreadcrumbList\",\"@id\":\"https:\/\/www.nexoinformativo.mx\/index.php\/2024\/12\/30\/corregidora-reforzara-su-seguridad-con-30-nuevos-policias-en-2025\/#breadcrumb\",\"itemListElement\":[{\"@type\":\"ListItem\",\"position\":1,\"name\":\"Inicio\",\"item\":\"https:\/\/www.nexoinformativo.mx\/\"},{\"@type\":\"ListItem\",\"position\":2,\"name\":\"Corregidora reforzar\u00e1 su seguridad con 30 nuevos polic\u00edas en 2025\"}]},{\"@type\":\"WebSite\",\"@id\":\"https:\/\/www.nexoinformativo.mx\/#website\",\"url\":\"https:\/\/www.nexoinformativo.mx\/\",\"name\":\"Nexo Informativo Santiago de Quer\u00e9taro\",\"description\":\"Explora NexoInformativo y convi\u00e9rtete en parte de una comunidad que valora el conocimiento y la verdad. Tu nexoinformativo es tu puente hacia una comprensi\u00f3n m\u00e1s profunda del mundo que te rodea.\",\"publisher\":{\"@id\":\"https:\/\/www.nexoinformativo.mx\/#organization\"},\"potentialAction\":[{\"@type\":\"SearchAction\",\"target\":{\"@type\":\"EntryPoint\",\"urlTemplate\":\"https:\/\/www.nexoinformativo.mx\/?s={search_term_string}\"},\"query-input\":{\"@type\":\"PropertyValueSpecification\",\"valueRequired\":true,\"valueName\":\"search_term_string\"}}],\"inLanguage\":\"es\"},{\"@type\":\"Organization\",\"@id\":\"https:\/\/www.nexoinformativo.mx\/#organization\",\"name\":\"Nexo Informativo Santiago de Quer\u00e9taro\",\"url\":\"https:\/\/www.nexoinformativo.mx\/\",\"logo\":{\"@type\":\"ImageObject\",\"inLanguage\":\"es\",\"@id\":\"https:\/\/www.nexoinformativo.mx\/#\/schema\/logo\/image\/\",\"url\":\"https:\/\/www.nexoinformativo.mx\/wp-content\/uploads\/2024\/07\/nexoi-trasparente-2.png\",\"contentUrl\":\"https:\/\/www.nexoinformativo.mx\/wp-content\/uploads\/2024\/07\/nexoi-trasparente-2.png\",\"width\":816,\"height\":339,\"caption\":\"Nexo Informativo Santiago de Quer\u00e9taro\"},\"image\":{\"@id\":\"https:\/\/www.nexoinformativo.mx\/#\/schema\/logo\/image\/\"},\"sameAs\":[\"https:\/\/www.facebook.com\/people\/Nexo-Informativo\/61564066885511\/\"]},{\"@type\":\"Person\",\"@id\":\"https:\/\/www.nexoinformativo.mx\/#\/schema\/person\/7749d380ba08c8ca00d7bc76fd907b7d\",\"name\":\"Nexo Informativo\",\"image\":{\"@type\":\"ImageObject\",\"inLanguage\":\"es\",\"@id\":\"https:\/\/www.nexoinformativo.mx\/#\/schema\/person\/image\/\",\"url\":\"https:\/\/secure.gravatar.com\/avatar\/dde2928154642a13d95f87ddf1ea9718fe2b46760a005c53e41ff5ad610704e6?s=96&d=mm&r=g\",\"contentUrl\":\"https:\/\/secure.gravatar.com\/avatar\/dde2928154642a13d95f87ddf1ea9718fe2b46760a005c53e41ff5ad610704e6?s=96&d=mm&r=g\",\"caption\":\"Nexo Informativo\"},\"url\":\"https:\/\/www.nexoinformativo.mx\/index.php\/author\/edicion\/\"}]}<\/script>\n<!-- \/ Yoast SEO plugin. -->","yoast_head_json":{"title":"Corregidora reforzar\u00e1 su seguridad con 30 nuevos polic\u00edas en 2025 | Nexo Informativo Santiago de Quer\u00e9taro","description":"Corregidora reforzar\u00e1 su seguridad con 30 nuevos polic\u00edas en 2025","robots":{"index":"index","follow":"follow","max-snippet":"max-snippet:-1","max-image-preview":"max-image-preview:large","max-video-preview":"max-video-preview:-1"},"canonical":"https:\/\/www.nexoinformativo.mx\/index.php\/2024\/12\/30\/corregidora-reforzara-su-seguridad-con-30-nuevos-policias-en-2025\/","og_locale":"es_MX","og_type":"article","og_title":"Corregidora reforzar\u00e1 su seguridad con 30 nuevos polic\u00edas en 2025 | Nexo Informativo Santiago de Quer\u00e9taro","og_description":"Corregidora reforzar\u00e1 su seguridad con 30 nuevos polic\u00edas en 2025","og_url":"https:\/\/www.nexoinformativo.mx\/index.php\/2024\/12\/30\/corregidora-reforzara-su-seguridad-con-30-nuevos-policias-en-2025\/","og_site_name":"Nexo Informativo Santiago de Quer\u00e9taro","article_publisher":"https:\/\/www.facebook.com\/people\/Nexo-Informativo\/61564066885511\/","article_published_time":"2024-12-30T18:00:40+00:00","article_modified_time":"2024-12-30T20:18:07+00:00","og_image":[{"width":800,"height":533,"url":"https:\/\/www.nexoinformativo.mx\/wp-content\/uploads\/2024\/12\/PHOTO-2024-12-30-13-10-20-e1735589743483.jpg","type":"image\/jpeg"}],"author":"Nexo Informativo","twitter_card":"summary_large_image","twitter_misc":{"Escrito por":"Nexo Informativo","Tiempo de lectura":"2 minutos"},"schema":{"@context":"https:\/\/schema.org","@graph":[{"@type":"Article","@id":"https:\/\/www.nexoinformativo.mx\/index.php\/2024\/12\/30\/corregidora-reforzara-su-seguridad-con-30-nuevos-policias-en-2025\/#article","isPartOf":{"@id":"https:\/\/www.nexoinformativo.mx\/index.php\/2024\/12\/30\/corregidora-reforzara-su-seguridad-con-30-nuevos-policias-en-2025\/"},"author":{"name":"Nexo Informativo","@id":"https:\/\/www.nexoinformativo.mx\/#\/schema\/person\/7749d380ba08c8ca00d7bc76fd907b7d"},"headline":"Corregidora reforzar\u00e1 su seguridad con 30 nuevos polic\u00edas en 2025","datePublished":"2024-12-30T18:00:40+00:00","dateModified":"2024-12-30T20:18:07+00:00","mainEntityOfPage":{"@id":"https:\/\/www.nexoinformativo.mx\/index.php\/2024\/12\/30\/corregidora-reforzara-su-seguridad-con-30-nuevos-policias-en-2025\/"},"wordCount":305,"commentCount":0,"publisher":{"@id":"https:\/\/www.nexoinformativo.mx\/#organization"},"image":{"@id":"https:\/\/www.nexoinformativo.mx\/index.php\/2024\/12\/30\/corregidora-reforzara-su-seguridad-con-30-nuevos-policias-en-2025\/#primaryimage"},"thumbnailUrl":"https:\/\/www.nexoinformativo.mx\/wp-content\/uploads\/2024\/12\/PHOTO-2024-12-30-13-10-20-e1735589743483.jpg","keywords":["CorregidoraSegura","Inversi\u00f3nEnSeguridad","M\u00e1sPolic\u00edas","SeguridadCiudadana"],"articleSection":["Municipios","\u00daltima Hora"],"inLanguage":"es","potentialAction":[{"@type":"CommentAction","name":"Comment","target":["https:\/\/www.nexoinformativo.mx\/index.php\/2024\/12\/30\/corregidora-reforzara-su-seguridad-con-30-nuevos-policias-en-2025\/#respond"]}]},{"@type":"WebPage","@id":"https:\/\/www.nexoinformativo.mx\/index.php\/2024\/12\/30\/corregidora-reforzara-su-seguridad-con-30-nuevos-policias-en-2025\/","url":"https:\/\/www.nexoinformativo.mx\/index.php\/2024\/12\/30\/corregidora-reforzara-su-seguridad-con-30-nuevos-policias-en-2025\/","name":"Corregidora reforzar\u00e1 su seguridad con 30 nuevos polic\u00edas en 2025 | Nexo Informativo Santiago de Quer\u00e9taro","isPartOf":{"@id":"https:\/\/www.nexoinformativo.mx\/#website"},"primaryImageOfPage":{"@id":"https:\/\/www.nexoinformativo.mx\/index.php\/2024\/12\/30\/corregidora-reforzara-su-seguridad-con-30-nuevos-policias-en-2025\/#primaryimage"},"image":{"@id":"https:\/\/www.nexoinformativo.mx\/index.php\/2024\/12\/30\/corregidora-reforzara-su-seguridad-con-30-nuevos-policias-en-2025\/#primaryimage"},"thumbnailUrl":"https:\/\/www.nexoinformativo.mx\/wp-content\/uploads\/2024\/12\/PHOTO-2024-12-30-13-10-20-e1735589743483.jpg","datePublished":"2024-12-30T18:00:40+00:00","dateModified":"2024-12-30T20:18:07+00:00","description":"Corregidora reforzar\u00e1 su seguridad con 30 nuevos polic\u00edas en 2025","breadcrumb":{"@id":"https:\/\/www.nexoinformativo.mx\/index.php\/2024\/12\/30\/corregidora-reforzara-su-seguridad-con-30-nuevos-policias-en-2025\/#breadcrumb"},"inLanguage":"es","potentialAction":[{"@type":"ReadAction","target":["https:\/\/www.nexoinformativo.mx\/index.php\/2024\/12\/30\/corregidora-reforzara-su-seguridad-con-30-nuevos-policias-en-2025\/"]}]},{"@type":"ImageObject","inLanguage":"es","@id":"https:\/\/www.nexoinformativo.mx\/index.php\/2024\/12\/30\/corregidora-reforzara-su-seguridad-con-30-nuevos-policias-en-2025\/#primaryimage","url":"https:\/\/www.nexoinformativo.mx\/wp-content\/uploads\/2024\/12\/PHOTO-2024-12-30-13-10-20-e1735589743483.jpg","contentUrl":"https:\/\/www.nexoinformativo.mx\/wp-content\/uploads\/2024\/12\/PHOTO-2024-12-30-13-10-20-e1735589743483.jpg","width":800,"height":533},{"@type":"BreadcrumbList","@id":"https:\/\/www.nexoinformativo.mx\/index.php\/2024\/12\/30\/corregidora-reforzara-su-seguridad-con-30-nuevos-policias-en-2025\/#breadcrumb","itemListElement":[{"@type":"ListItem","position":1,"name":"Inicio","item":"https:\/\/www.nexoinformativo.mx\/"},{"@type":"ListItem","position":2,"name":"Corregidora reforzar\u00e1 su seguridad con 30 nuevos polic\u00edas en 2025"}]},{"@type":"WebSite","@id":"https:\/\/www.nexoinformativo.mx\/#website","url":"https:\/\/www.nexoinformativo.mx\/","name":"Nexo Informativo Santiago de Quer\u00e9taro","description":"Explora NexoInformativo y convi\u00e9rtete en parte de una comunidad que valora el conocimiento y la verdad. Tu nexoinformativo es tu puente hacia una comprensi\u00f3n m\u00e1s profunda del mundo que te rodea.","publisher":{"@id":"https:\/\/www.nexoinformativo.mx\/#organization"},"potentialAction":[{"@type":"SearchAction","target":{"@type":"EntryPoint","urlTemplate":"https:\/\/www.nexoinformativo.mx\/?s={search_term_string}"},"query-input":{"@type":"PropertyValueSpecification","valueRequired":true,"valueName":"search_term_string"}}],"inLanguage":"es"},{"@type":"Organization","@id":"https:\/\/www.nexoinformativo.mx\/#organization","name":"Nexo Informativo Santiago de Quer\u00e9taro","url":"https:\/\/www.nexoinformativo.mx\/","logo":{"@type":"ImageObject","inLanguage":"es","@id":"https:\/\/www.nexoinformativo.mx\/#\/schema\/logo\/image\/","url":"https:\/\/www.nexoinformativo.mx\/wp-content\/uploads\/2024\/07\/nexoi-trasparente-2.png","contentUrl":"https:\/\/www.nexoinformativo.mx\/wp-content\/uploads\/2024\/07\/nexoi-trasparente-2.png","width":816,"height":339,"caption":"Nexo Informativo Santiago de Quer\u00e9taro"},"image":{"@id":"https:\/\/www.nexoinformativo.mx\/#\/schema\/logo\/image\/"},"sameAs":["https:\/\/www.facebook.com\/people\/Nexo-Informativo\/61564066885511\/"]},{"@type":"Person","@id":"https:\/\/www.nexoinformativo.mx\/#\/schema\/person\/7749d380ba08c8ca00d7bc76fd907b7d","name":"Nexo Informativo","image":{"@type":"ImageObject","inLanguage":"es","@id":"https:\/\/www.nexoinformativo.mx\/#\/schema\/person\/image\/","url":"https:\/\/secure.gravatar.com\/avatar\/dde2928154642a13d95f87ddf1ea9718fe2b46760a005c53e41ff5ad610704e6?s=96&d=mm&r=g","contentUrl":"https:\/\/secure.gravatar.com\/avatar\/dde2928154642a13d95f87ddf1ea9718fe2b46760a005c53e41ff5ad610704e6?s=96&d=mm&r=g","caption":"Nexo Informativo"},"url":"https:\/\/www.nexoinformativo.mx\/index.php\/author\/edicion\/"}]}},"_links":{"self":[{"href":"https:\/\/www.nexoinformativo.mx\/index.php\/wp-json\/wp\/v2\/posts\/9076","targetHints":{"allow":["GET"]}}],"collection":[{"href":"https:\/\/www.nexoinformativo.mx\/index.php\/wp-json\/wp\/v2\/posts"}],"about":[{"href":"https:\/\/www.nexoinformativo.mx\/index.php\/wp-json\/wp\/v2\/types\/post"}],"author":[{"embeddable":true,"href":"https:\/\/www.nexoinformativo.mx\/index.php\/wp-json\/wp\/v2\/users\/3"}],"replies":[{"embeddable":true,"href":"https:\/\/www.nexoinformativo.mx\/index.php\/wp-json\/wp\/v2\/comments?post=9076"}],"version-history":[{"count":2,"href":"https:\/\/www.nexoinformativo.mx\/index.php\/wp-json\/wp\/v2\/posts\/9076\/revisions"}],"predecessor-version":[{"id":9080,"href":"https:\/\/www.nexoinformativo.mx\/index.php\/wp-json\/wp\/v2\/posts\/9076\/revisions\/9080"}],"wp:featuredmedia":[{"embeddable":true,"href":"https:\/\/www.nexoinformativo.mx\/index.php\/wp-json\/wp\/v2\/media\/9077"}],"wp:attachment":[{"href":"https:\/\/www.nexoinformativo.mx\/index.php\/wp-json\/wp\/v2\/media?parent=9076"}],"wp:term":[{"taxonomy":"category","embeddable":true,"href":"https:\/\/www.nexoinformativo.mx\/index.php\/wp-json\/wp\/v2\/categories?post=9076"},{"taxonomy":"post_tag","embeddable":true,"href":"https:\/\/www.nexoinformativo.mx\/index.php\/wp-json\/wp\/v2\/tags?post=9076"}],"curies":[{"name":"wp","href":"https:\/\/api.w.org\/{rel}","templated":true}]}}