{"id":9093,"date":"2024-12-31T07:00:55","date_gmt":"2024-12-31T13:00:55","guid":{"rendered":"https:\/\/www.nexoinformativo.mx\/?p=9093"},"modified":"2024-12-31T09:28:10","modified_gmt":"2024-12-31T15:28:10","slug":"exito-rotundo-casi-un-millon-de-mujeres-se-inscriben-a-la-pension-para-el-bienestar","status":"publish","type":"post","link":"https:\/\/www.nexoinformativo.mx\/index.php\/2024\/12\/31\/exito-rotundo-casi-un-millon-de-mujeres-se-inscriben-a-la-pension-para-el-bienestar\/","title":{"rendered":"\u00a1\u00c9xito rotundo! Casi un mill\u00f3n de mujeres se inscriben a la Pensi\u00f3n para el Bienestar"},"content":{"rendered":"<p style=\"text-align: justify;\" data-sourcepos=\"5:1-5:246\">La Secretar\u00eda de Bienestar anunci\u00f3 una cifra hist\u00f3rica: \u00a1964 mil 556 mujeres se han inscrito a la nueva Pensi\u00f3n para el Bienestar! Este logro fue dado a conocer durante la conferencia matutina encabezada por la presidenta Claudia Sheinbaum.<\/p>\n<\/p>\n<p>&nbsp;<\/p>\n<p style=\"text-align: justify;\" data-sourcepos=\"7:1-7:212\">De acuerdo con la secretaria Ariadna Montiel, la gran mayor\u00eda de las beneficiarias son mujeres de 63 y 64 a\u00f1os, pero tambi\u00e9n se ha incluido a un importante n\u00famero de mujeres ind\u00edgenas de entre 60 y 64 a\u00f1os.<\/p>\n<\/p>\n<p>&nbsp;<\/p>\n<p style=\"text-align: justify;\" data-sourcepos=\"9:1-10:236\">Las mujeres que ya se registraron comenzar\u00e1n a recibir su pensi\u00f3n bimestral de 3 mil pesos a partir de enero y febrero de 2025. El pago se realizar\u00e1 de manera directa y sin intermediarios a trav\u00e9s de una tarjeta del Banco del Bienestar.<\/p>\n<\/p>\n<p>&nbsp;<\/p>\n<p style=\"text-align: justify;\" data-sourcepos=\"12:1-13:255\">Paralelamente, se lleva a cabo un censo de salud y bienestar en los hogares de 4 millones 602 mil 648 adultos mayores y personas con discapacidad. Este censo permitir\u00e1 brindar una atenci\u00f3n m\u00e9dica m\u00e1s personalizada y oportuna a este sector de la poblaci\u00f3n.<\/p>\n<\/p>\n<p>&nbsp;<\/p>\n<p style=\"text-align: justify;\" data-sourcepos=\"15:1-16:273\">Para garantizar la atenci\u00f3n m\u00e9dica a los beneficiarios, se han contratado a m\u00e1s de 14 mil m\u00e9dicos, enfermeras y personal de salud. La meta es llegar a 22 mil 500 profesionales de la salud para brindar atenci\u00f3n domiciliaria a las personas adultas mayores y con discapacidad.<\/p>\n<\/p>\n<p>&nbsp;<\/p>\n<p style=\"text-align: justify;\" data-sourcepos=\"18:1-19:198\">En enero y febrero de 2025 tambi\u00e9n se entregar\u00e1n las tarjetas del Banco del Bienestar a 725 mil 298 personas que se registraron a la Pensi\u00f3n para el Bienestar de Personas Adultas Mayores de 65 a\u00f1os.<\/p>\n<\/p>\n<p>&nbsp;<\/p>\n<p style=\"text-align: justify;\" data-sourcepos=\"21:1-21:162\">Con estos avances, el gobierno de M\u00e9xico reafirma su compromiso de garantizar el bienestar de las personas adultas mayores y de cerrar las brechas de desigualdad.<\/p>\n<\/p>\n<p>&nbsp;<\/p>\n<p style=\"text-align: center;\" data-sourcepos=\"21:1-21:162\"><em><strong>\u00a1Informaci\u00f3n que transforma!<\/strong><\/em><\/p>\n","protected":false},"excerpt":{"rendered":"<p>La Secretar\u00eda de Bienestar anunci\u00f3 una cifra hist\u00f3rica: \u00a1964 mil 556 mujeres se han inscrito a la nueva Pensi\u00f3n para el Bienestar! Este logro fue dado a conocer durante la conferencia matutina encabezada por la presidenta Claudia Sheinbaum.<\/p>\n","protected":false},"author":3,"featured_media":9094,"comment_status":"open","ping_status":"open","sticky":false,"template":"","format":"standard","meta":{"footnotes":""},"categories":[88,58],"tags":[1161,681,2914,2913],"class_list":["post-9093","post","type-post","status-publish","format-standard","has-post-thumbnail","hentry","category-nacional","category-ultima-hora","tag-bienestarparatodos","tag-cuartatransformacion","tag-mujeresbienestar","tag-pensionparaelbienestar"],"yoast_head":"<!-- This site is optimized with the Yoast SEO plugin v25.0 - https:\/\/yoast.com\/wordpress\/plugins\/seo\/ -->\n<title>\u00a1\u00c9xito rotundo! Casi un mill\u00f3n de mujeres se inscriben a la Pensi\u00f3n para el Bienestar | Nexo Informativo Santiago de Quer\u00e9taro<\/title>\n<meta name=\"description\" content=\"\u00a1\u00c9xito rotundo! Casi un mill\u00f3n de mujeres se inscriben a la Pensi\u00f3n para el Bienestar\" \/>\n<meta name=\"robots\" content=\"index, follow, max-snippet:-1, max-image-preview:large, max-video-preview:-1\" \/>\n<link rel=\"canonical\" href=\"https:\/\/www.nexoinformativo.mx\/index.php\/2024\/12\/31\/exito-rotundo-casi-un-millon-de-mujeres-se-inscriben-a-la-pension-para-el-bienestar\/\" \/>\n<meta property=\"og:locale\" content=\"es_MX\" \/>\n<meta property=\"og:type\" content=\"article\" \/>\n<meta property=\"og:title\" content=\"\u00a1\u00c9xito rotundo! Casi un mill\u00f3n de mujeres se inscriben a la Pensi\u00f3n para el Bienestar | Nexo Informativo Santiago de Quer\u00e9taro\" \/>\n<meta property=\"og:description\" content=\"\u00a1\u00c9xito rotundo! Casi un mill\u00f3n de mujeres se inscriben a la Pensi\u00f3n para el Bienestar\" \/>\n<meta property=\"og:url\" content=\"https:\/\/www.nexoinformativo.mx\/index.php\/2024\/12\/31\/exito-rotundo-casi-un-millon-de-mujeres-se-inscriben-a-la-pension-para-el-bienestar\/\" \/>\n<meta property=\"og:site_name\" content=\"Nexo Informativo Santiago de Quer\u00e9taro\" \/>\n<meta property=\"article:publisher\" content=\"https:\/\/www.facebook.com\/people\/Nexo-Informativo\/61564066885511\/\" \/>\n<meta property=\"article:published_time\" content=\"2024-12-31T13:00:55+00:00\" \/>\n<meta property=\"article:modified_time\" content=\"2024-12-31T15:28:10+00:00\" \/>\n<meta property=\"og:image\" content=\"https:\/\/www.nexoinformativo.mx\/wp-content\/uploads\/2024\/12\/IMG_8987-e1735658794916.jpeg\" \/>\n\t<meta property=\"og:image:width\" content=\"800\" \/>\n\t<meta property=\"og:image:height\" content=\"533\" \/>\n\t<meta property=\"og:image:type\" content=\"image\/jpeg\" \/>\n<meta name=\"author\" content=\"Nexo Informativo\" \/>\n<meta name=\"twitter:card\" content=\"summary_large_image\" \/>\n<meta name=\"twitter:label1\" content=\"Escrito por\" \/>\n\t<meta name=\"twitter:data1\" content=\"Nexo Informativo\" \/>\n\t<meta name=\"twitter:label2\" content=\"Tiempo de lectura\" \/>\n\t<meta name=\"twitter:data2\" content=\"2 minutos\" \/>\n<script type=\"application\/ld+json\" class=\"yoast-schema-graph\">{\"@context\":\"https:\/\/schema.org\",\"@graph\":[{\"@type\":\"Article\",\"@id\":\"https:\/\/www.nexoinformativo.mx\/index.php\/2024\/12\/31\/exito-rotundo-casi-un-millon-de-mujeres-se-inscriben-a-la-pension-para-el-bienestar\/#article\",\"isPartOf\":{\"@id\":\"https:\/\/www.nexoinformativo.mx\/index.php\/2024\/12\/31\/exito-rotundo-casi-un-millon-de-mujeres-se-inscriben-a-la-pension-para-el-bienestar\/\"},\"author\":{\"name\":\"Nexo Informativo\",\"@id\":\"https:\/\/www.nexoinformativo.mx\/#\/schema\/person\/7749d380ba08c8ca00d7bc76fd907b7d\"},\"headline\":\"\u00a1\u00c9xito rotundo! Casi un mill\u00f3n de mujeres se inscriben a la Pensi\u00f3n para el Bienestar\",\"datePublished\":\"2024-12-31T13:00:55+00:00\",\"dateModified\":\"2024-12-31T15:28:10+00:00\",\"mainEntityOfPage\":{\"@id\":\"https:\/\/www.nexoinformativo.mx\/index.php\/2024\/12\/31\/exito-rotundo-casi-un-millon-de-mujeres-se-inscriben-a-la-pension-para-el-bienestar\/\"},\"wordCount\":306,\"commentCount\":0,\"publisher\":{\"@id\":\"https:\/\/www.nexoinformativo.mx\/#organization\"},\"image\":{\"@id\":\"https:\/\/www.nexoinformativo.mx\/index.php\/2024\/12\/31\/exito-rotundo-casi-un-millon-de-mujeres-se-inscriben-a-la-pension-para-el-bienestar\/#primaryimage\"},\"thumbnailUrl\":\"https:\/\/www.nexoinformativo.mx\/wp-content\/uploads\/2024\/12\/IMG_8987-e1735658794916.jpeg\",\"keywords\":[\"BienestarParaTodos\",\"CuartaTransformaci\u00f3n\",\"MujeresBienestar\",\"Pensi\u00f3nParaElBienestar\"],\"articleSection\":[\"Nacional\",\"\u00daltima Hora\"],\"inLanguage\":\"es\",\"potentialAction\":[{\"@type\":\"CommentAction\",\"name\":\"Comment\",\"target\":[\"https:\/\/www.nexoinformativo.mx\/index.php\/2024\/12\/31\/exito-rotundo-casi-un-millon-de-mujeres-se-inscriben-a-la-pension-para-el-bienestar\/#respond\"]}]},{\"@type\":\"WebPage\",\"@id\":\"https:\/\/www.nexoinformativo.mx\/index.php\/2024\/12\/31\/exito-rotundo-casi-un-millon-de-mujeres-se-inscriben-a-la-pension-para-el-bienestar\/\",\"url\":\"https:\/\/www.nexoinformativo.mx\/index.php\/2024\/12\/31\/exito-rotundo-casi-un-millon-de-mujeres-se-inscriben-a-la-pension-para-el-bienestar\/\",\"name\":\"\u00a1\u00c9xito rotundo! Casi un mill\u00f3n de mujeres se inscriben a la Pensi\u00f3n para el Bienestar | Nexo Informativo Santiago de Quer\u00e9taro\",\"isPartOf\":{\"@id\":\"https:\/\/www.nexoinformativo.mx\/#website\"},\"primaryImageOfPage\":{\"@id\":\"https:\/\/www.nexoinformativo.mx\/index.php\/2024\/12\/31\/exito-rotundo-casi-un-millon-de-mujeres-se-inscriben-a-la-pension-para-el-bienestar\/#primaryimage\"},\"image\":{\"@id\":\"https:\/\/www.nexoinformativo.mx\/index.php\/2024\/12\/31\/exito-rotundo-casi-un-millon-de-mujeres-se-inscriben-a-la-pension-para-el-bienestar\/#primaryimage\"},\"thumbnailUrl\":\"https:\/\/www.nexoinformativo.mx\/wp-content\/uploads\/2024\/12\/IMG_8987-e1735658794916.jpeg\",\"datePublished\":\"2024-12-31T13:00:55+00:00\",\"dateModified\":\"2024-12-31T15:28:10+00:00\",\"description\":\"\u00a1\u00c9xito rotundo! Casi un mill\u00f3n de mujeres se inscriben a la Pensi\u00f3n para el Bienestar\",\"breadcrumb\":{\"@id\":\"https:\/\/www.nexoinformativo.mx\/index.php\/2024\/12\/31\/exito-rotundo-casi-un-millon-de-mujeres-se-inscriben-a-la-pension-para-el-bienestar\/#breadcrumb\"},\"inLanguage\":\"es\",\"potentialAction\":[{\"@type\":\"ReadAction\",\"target\":[\"https:\/\/www.nexoinformativo.mx\/index.php\/2024\/12\/31\/exito-rotundo-casi-un-millon-de-mujeres-se-inscriben-a-la-pension-para-el-bienestar\/\"]}]},{\"@type\":\"ImageObject\",\"inLanguage\":\"es\",\"@id\":\"https:\/\/www.nexoinformativo.mx\/index.php\/2024\/12\/31\/exito-rotundo-casi-un-millon-de-mujeres-se-inscriben-a-la-pension-para-el-bienestar\/#primaryimage\",\"url\":\"https:\/\/www.nexoinformativo.mx\/wp-content\/uploads\/2024\/12\/IMG_8987-e1735658794916.jpeg\",\"contentUrl\":\"https:\/\/www.nexoinformativo.mx\/wp-content\/uploads\/2024\/12\/IMG_8987-e1735658794916.jpeg\",\"width\":800,\"height\":533},{\"@type\":\"BreadcrumbList\",\"@id\":\"https:\/\/www.nexoinformativo.mx\/index.php\/2024\/12\/31\/exito-rotundo-casi-un-millon-de-mujeres-se-inscriben-a-la-pension-para-el-bienestar\/#breadcrumb\",\"itemListElement\":[{\"@type\":\"ListItem\",\"position\":1,\"name\":\"Inicio\",\"item\":\"https:\/\/www.nexoinformativo.mx\/\"},{\"@type\":\"ListItem\",\"position\":2,\"name\":\"\u00a1\u00c9xito rotundo! Casi un mill\u00f3n de mujeres se inscriben a la Pensi\u00f3n para el Bienestar\"}]},{\"@type\":\"WebSite\",\"@id\":\"https:\/\/www.nexoinformativo.mx\/#website\",\"url\":\"https:\/\/www.nexoinformativo.mx\/\",\"name\":\"Nexo Informativo Santiago de Quer\u00e9taro\",\"description\":\"Explora NexoInformativo y convi\u00e9rtete en parte de una comunidad que valora el conocimiento y la verdad. Tu nexoinformativo es tu puente hacia una comprensi\u00f3n m\u00e1s profunda del mundo que te rodea.\",\"publisher\":{\"@id\":\"https:\/\/www.nexoinformativo.mx\/#organization\"},\"potentialAction\":[{\"@type\":\"SearchAction\",\"target\":{\"@type\":\"EntryPoint\",\"urlTemplate\":\"https:\/\/www.nexoinformativo.mx\/?s={search_term_string}\"},\"query-input\":{\"@type\":\"PropertyValueSpecification\",\"valueRequired\":true,\"valueName\":\"search_term_string\"}}],\"inLanguage\":\"es\"},{\"@type\":\"Organization\",\"@id\":\"https:\/\/www.nexoinformativo.mx\/#organization\",\"name\":\"Nexo Informativo Santiago de Quer\u00e9taro\",\"url\":\"https:\/\/www.nexoinformativo.mx\/\",\"logo\":{\"@type\":\"ImageObject\",\"inLanguage\":\"es\",\"@id\":\"https:\/\/www.nexoinformativo.mx\/#\/schema\/logo\/image\/\",\"url\":\"https:\/\/www.nexoinformativo.mx\/wp-content\/uploads\/2024\/07\/nexoi-trasparente-2.png\",\"contentUrl\":\"https:\/\/www.nexoinformativo.mx\/wp-content\/uploads\/2024\/07\/nexoi-trasparente-2.png\",\"width\":816,\"height\":339,\"caption\":\"Nexo Informativo Santiago de Quer\u00e9taro\"},\"image\":{\"@id\":\"https:\/\/www.nexoinformativo.mx\/#\/schema\/logo\/image\/\"},\"sameAs\":[\"https:\/\/www.facebook.com\/people\/Nexo-Informativo\/61564066885511\/\"]},{\"@type\":\"Person\",\"@id\":\"https:\/\/www.nexoinformativo.mx\/#\/schema\/person\/7749d380ba08c8ca00d7bc76fd907b7d\",\"name\":\"Nexo Informativo\",\"image\":{\"@type\":\"ImageObject\",\"inLanguage\":\"es\",\"@id\":\"https:\/\/www.nexoinformativo.mx\/#\/schema\/person\/image\/\",\"url\":\"https:\/\/secure.gravatar.com\/avatar\/dde2928154642a13d95f87ddf1ea9718fe2b46760a005c53e41ff5ad610704e6?s=96&d=mm&r=g\",\"contentUrl\":\"https:\/\/secure.gravatar.com\/avatar\/dde2928154642a13d95f87ddf1ea9718fe2b46760a005c53e41ff5ad610704e6?s=96&d=mm&r=g\",\"caption\":\"Nexo Informativo\"},\"url\":\"https:\/\/www.nexoinformativo.mx\/index.php\/author\/edicion\/\"}]}<\/script>\n<!-- \/ Yoast SEO plugin. -->","yoast_head_json":{"title":"\u00a1\u00c9xito rotundo! Casi un mill\u00f3n de mujeres se inscriben a la Pensi\u00f3n para el Bienestar | Nexo Informativo Santiago de Quer\u00e9taro","description":"\u00a1\u00c9xito rotundo! Casi un mill\u00f3n de mujeres se inscriben a la Pensi\u00f3n para el Bienestar","robots":{"index":"index","follow":"follow","max-snippet":"max-snippet:-1","max-image-preview":"max-image-preview:large","max-video-preview":"max-video-preview:-1"},"canonical":"https:\/\/www.nexoinformativo.mx\/index.php\/2024\/12\/31\/exito-rotundo-casi-un-millon-de-mujeres-se-inscriben-a-la-pension-para-el-bienestar\/","og_locale":"es_MX","og_type":"article","og_title":"\u00a1\u00c9xito rotundo! Casi un mill\u00f3n de mujeres se inscriben a la Pensi\u00f3n para el Bienestar | Nexo Informativo Santiago de Quer\u00e9taro","og_description":"\u00a1\u00c9xito rotundo! Casi un mill\u00f3n de mujeres se inscriben a la Pensi\u00f3n para el Bienestar","og_url":"https:\/\/www.nexoinformativo.mx\/index.php\/2024\/12\/31\/exito-rotundo-casi-un-millon-de-mujeres-se-inscriben-a-la-pension-para-el-bienestar\/","og_site_name":"Nexo Informativo Santiago de Quer\u00e9taro","article_publisher":"https:\/\/www.facebook.com\/people\/Nexo-Informativo\/61564066885511\/","article_published_time":"2024-12-31T13:00:55+00:00","article_modified_time":"2024-12-31T15:28:10+00:00","og_image":[{"width":800,"height":533,"url":"https:\/\/www.nexoinformativo.mx\/wp-content\/uploads\/2024\/12\/IMG_8987-e1735658794916.jpeg","type":"image\/jpeg"}],"author":"Nexo Informativo","twitter_card":"summary_large_image","twitter_misc":{"Escrito por":"Nexo Informativo","Tiempo de lectura":"2 minutos"},"schema":{"@context":"https:\/\/schema.org","@graph":[{"@type":"Article","@id":"https:\/\/www.nexoinformativo.mx\/index.php\/2024\/12\/31\/exito-rotundo-casi-un-millon-de-mujeres-se-inscriben-a-la-pension-para-el-bienestar\/#article","isPartOf":{"@id":"https:\/\/www.nexoinformativo.mx\/index.php\/2024\/12\/31\/exito-rotundo-casi-un-millon-de-mujeres-se-inscriben-a-la-pension-para-el-bienestar\/"},"author":{"name":"Nexo Informativo","@id":"https:\/\/www.nexoinformativo.mx\/#\/schema\/person\/7749d380ba08c8ca00d7bc76fd907b7d"},"headline":"\u00a1\u00c9xito rotundo! Casi un mill\u00f3n de mujeres se inscriben a la Pensi\u00f3n para el Bienestar","datePublished":"2024-12-31T13:00:55+00:00","dateModified":"2024-12-31T15:28:10+00:00","mainEntityOfPage":{"@id":"https:\/\/www.nexoinformativo.mx\/index.php\/2024\/12\/31\/exito-rotundo-casi-un-millon-de-mujeres-se-inscriben-a-la-pension-para-el-bienestar\/"},"wordCount":306,"commentCount":0,"publisher":{"@id":"https:\/\/www.nexoinformativo.mx\/#organization"},"image":{"@id":"https:\/\/www.nexoinformativo.mx\/index.php\/2024\/12\/31\/exito-rotundo-casi-un-millon-de-mujeres-se-inscriben-a-la-pension-para-el-bienestar\/#primaryimage"},"thumbnailUrl":"https:\/\/www.nexoinformativo.mx\/wp-content\/uploads\/2024\/12\/IMG_8987-e1735658794916.jpeg","keywords":["BienestarParaTodos","CuartaTransformaci\u00f3n","MujeresBienestar","Pensi\u00f3nParaElBienestar"],"articleSection":["Nacional","\u00daltima Hora"],"inLanguage":"es","potentialAction":[{"@type":"CommentAction","name":"Comment","target":["https:\/\/www.nexoinformativo.mx\/index.php\/2024\/12\/31\/exito-rotundo-casi-un-millon-de-mujeres-se-inscriben-a-la-pension-para-el-bienestar\/#respond"]}]},{"@type":"WebPage","@id":"https:\/\/www.nexoinformativo.mx\/index.php\/2024\/12\/31\/exito-rotundo-casi-un-millon-de-mujeres-se-inscriben-a-la-pension-para-el-bienestar\/","url":"https:\/\/www.nexoinformativo.mx\/index.php\/2024\/12\/31\/exito-rotundo-casi-un-millon-de-mujeres-se-inscriben-a-la-pension-para-el-bienestar\/","name":"\u00a1\u00c9xito rotundo! Casi un mill\u00f3n de mujeres se inscriben a la Pensi\u00f3n para el Bienestar | Nexo Informativo Santiago de Quer\u00e9taro","isPartOf":{"@id":"https:\/\/www.nexoinformativo.mx\/#website"},"primaryImageOfPage":{"@id":"https:\/\/www.nexoinformativo.mx\/index.php\/2024\/12\/31\/exito-rotundo-casi-un-millon-de-mujeres-se-inscriben-a-la-pension-para-el-bienestar\/#primaryimage"},"image":{"@id":"https:\/\/www.nexoinformativo.mx\/index.php\/2024\/12\/31\/exito-rotundo-casi-un-millon-de-mujeres-se-inscriben-a-la-pension-para-el-bienestar\/#primaryimage"},"thumbnailUrl":"https:\/\/www.nexoinformativo.mx\/wp-content\/uploads\/2024\/12\/IMG_8987-e1735658794916.jpeg","datePublished":"2024-12-31T13:00:55+00:00","dateModified":"2024-12-31T15:28:10+00:00","description":"\u00a1\u00c9xito rotundo! Casi un mill\u00f3n de mujeres se inscriben a la Pensi\u00f3n para el Bienestar","breadcrumb":{"@id":"https:\/\/www.nexoinformativo.mx\/index.php\/2024\/12\/31\/exito-rotundo-casi-un-millon-de-mujeres-se-inscriben-a-la-pension-para-el-bienestar\/#breadcrumb"},"inLanguage":"es","potentialAction":[{"@type":"ReadAction","target":["https:\/\/www.nexoinformativo.mx\/index.php\/2024\/12\/31\/exito-rotundo-casi-un-millon-de-mujeres-se-inscriben-a-la-pension-para-el-bienestar\/"]}]},{"@type":"ImageObject","inLanguage":"es","@id":"https:\/\/www.nexoinformativo.mx\/index.php\/2024\/12\/31\/exito-rotundo-casi-un-millon-de-mujeres-se-inscriben-a-la-pension-para-el-bienestar\/#primaryimage","url":"https:\/\/www.nexoinformativo.mx\/wp-content\/uploads\/2024\/12\/IMG_8987-e1735658794916.jpeg","contentUrl":"https:\/\/www.nexoinformativo.mx\/wp-content\/uploads\/2024\/12\/IMG_8987-e1735658794916.jpeg","width":800,"height":533},{"@type":"BreadcrumbList","@id":"https:\/\/www.nexoinformativo.mx\/index.php\/2024\/12\/31\/exito-rotundo-casi-un-millon-de-mujeres-se-inscriben-a-la-pension-para-el-bienestar\/#breadcrumb","itemListElement":[{"@type":"ListItem","position":1,"name":"Inicio","item":"https:\/\/www.nexoinformativo.mx\/"},{"@type":"ListItem","position":2,"name":"\u00a1\u00c9xito rotundo! Casi un mill\u00f3n de mujeres se inscriben a la Pensi\u00f3n para el Bienestar"}]},{"@type":"WebSite","@id":"https:\/\/www.nexoinformativo.mx\/#website","url":"https:\/\/www.nexoinformativo.mx\/","name":"Nexo Informativo Santiago de Quer\u00e9taro","description":"Explora NexoInformativo y convi\u00e9rtete en parte de una comunidad que valora el conocimiento y la verdad. Tu nexoinformativo es tu puente hacia una comprensi\u00f3n m\u00e1s profunda del mundo que te rodea.","publisher":{"@id":"https:\/\/www.nexoinformativo.mx\/#organization"},"potentialAction":[{"@type":"SearchAction","target":{"@type":"EntryPoint","urlTemplate":"https:\/\/www.nexoinformativo.mx\/?s={search_term_string}"},"query-input":{"@type":"PropertyValueSpecification","valueRequired":true,"valueName":"search_term_string"}}],"inLanguage":"es"},{"@type":"Organization","@id":"https:\/\/www.nexoinformativo.mx\/#organization","name":"Nexo Informativo Santiago de Quer\u00e9taro","url":"https:\/\/www.nexoinformativo.mx\/","logo":{"@type":"ImageObject","inLanguage":"es","@id":"https:\/\/www.nexoinformativo.mx\/#\/schema\/logo\/image\/","url":"https:\/\/www.nexoinformativo.mx\/wp-content\/uploads\/2024\/07\/nexoi-trasparente-2.png","contentUrl":"https:\/\/www.nexoinformativo.mx\/wp-content\/uploads\/2024\/07\/nexoi-trasparente-2.png","width":816,"height":339,"caption":"Nexo Informativo Santiago de Quer\u00e9taro"},"image":{"@id":"https:\/\/www.nexoinformativo.mx\/#\/schema\/logo\/image\/"},"sameAs":["https:\/\/www.facebook.com\/people\/Nexo-Informativo\/61564066885511\/"]},{"@type":"Person","@id":"https:\/\/www.nexoinformativo.mx\/#\/schema\/person\/7749d380ba08c8ca00d7bc76fd907b7d","name":"Nexo Informativo","image":{"@type":"ImageObject","inLanguage":"es","@id":"https:\/\/www.nexoinformativo.mx\/#\/schema\/person\/image\/","url":"https:\/\/secure.gravatar.com\/avatar\/dde2928154642a13d95f87ddf1ea9718fe2b46760a005c53e41ff5ad610704e6?s=96&d=mm&r=g","contentUrl":"https:\/\/secure.gravatar.com\/avatar\/dde2928154642a13d95f87ddf1ea9718fe2b46760a005c53e41ff5ad610704e6?s=96&d=mm&r=g","caption":"Nexo Informativo"},"url":"https:\/\/www.nexoinformativo.mx\/index.php\/author\/edicion\/"}]}},"_links":{"self":[{"href":"https:\/\/www.nexoinformativo.mx\/index.php\/wp-json\/wp\/v2\/posts\/9093","targetHints":{"allow":["GET"]}}],"collection":[{"href":"https:\/\/www.nexoinformativo.mx\/index.php\/wp-json\/wp\/v2\/posts"}],"about":[{"href":"https:\/\/www.nexoinformativo.mx\/index.php\/wp-json\/wp\/v2\/types\/post"}],"author":[{"embeddable":true,"href":"https:\/\/www.nexoinformativo.mx\/index.php\/wp-json\/wp\/v2\/users\/3"}],"replies":[{"embeddable":true,"href":"https:\/\/www.nexoinformativo.mx\/index.php\/wp-json\/wp\/v2\/comments?post=9093"}],"version-history":[{"count":3,"href":"https:\/\/www.nexoinformativo.mx\/index.php\/wp-json\/wp\/v2\/posts\/9093\/revisions"}],"predecessor-version":[{"id":9097,"href":"https:\/\/www.nexoinformativo.mx\/index.php\/wp-json\/wp\/v2\/posts\/9093\/revisions\/9097"}],"wp:featuredmedia":[{"embeddable":true,"href":"https:\/\/www.nexoinformativo.mx\/index.php\/wp-json\/wp\/v2\/media\/9094"}],"wp:attachment":[{"href":"https:\/\/www.nexoinformativo.mx\/index.php\/wp-json\/wp\/v2\/media?parent=9093"}],"wp:term":[{"taxonomy":"category","embeddable":true,"href":"https:\/\/www.nexoinformativo.mx\/index.php\/wp-json\/wp\/v2\/categories?post=9093"},{"taxonomy":"post_tag","embeddable":true,"href":"https:\/\/www.nexoinformativo.mx\/index.php\/wp-json\/wp\/v2\/tags?post=9093"}],"curies":[{"name":"wp","href":"https:\/\/api.w.org\/{rel}","templated":true}]}}