{"id":9099,"date":"2024-12-31T07:30:33","date_gmt":"2024-12-31T13:30:33","guid":{"rendered":"https:\/\/www.nexoinformativo.mx\/?p=9099"},"modified":"2024-12-31T09:48:03","modified_gmt":"2024-12-31T15:48:03","slug":"buenas-noticias-para-las-mipymes-gobierno-fortalece-el-marco-juridico-mercantil","status":"publish","type":"post","link":"https:\/\/www.nexoinformativo.mx\/index.php\/2024\/12\/31\/buenas-noticias-para-las-mipymes-gobierno-fortalece-el-marco-juridico-mercantil\/","title":{"rendered":"Buenas noticias para las MiPyMEs Gobierno fortalece el marco jur\u00eddico mercantil"},"content":{"rendered":"<p style=\"text-align: justify;\" data-sourcepos=\"5:1-5:355\">El Gobierno de M\u00e9xico, a trav\u00e9s de la Secretar\u00eda de Econom\u00eda, ha dado un paso importante para fortalecer el marco jur\u00eddico que rige la actividad mercantil en el pa\u00eds. Mediante la publicaci\u00f3n de dos nuevos acuerdos en el Diario Oficial de la Federaci\u00f3n, se busca brindar mayor certeza jur\u00eddica a las MiPyMEs y facilitar el desarrollo del sistema mercantil.<\/p>\n<p>&nbsp;<\/p>\n<p style=\"text-align: justify;\" data-sourcepos=\"7:1-7:31\"><strong>\u00bfQu\u00e9 implica estos cambios?<\/strong><\/p>\n<p style=\"text-align: justify;\">*El primer acuerdo actualiza los l\u00edmites de ingresos anuales para las sociedades por acciones simplificadas, ajust\u00e1ndolos a las condiciones econ\u00f3micas actuales. Esto permitir\u00e1 a las empresas cumplir con la normativa de manera m\u00e1s sencilla y eficiente.<\/p>\n<p>&nbsp;<\/p>\n<p style=\"text-align: justify;\">*El segundo acuerdo actualiza los montos aplicables a los procesos judiciales mercantiles, lo que agilizar\u00e1 la resoluci\u00f3n de disputas comerciales y brindar\u00e1 mayor seguridad jur\u00eddica a las empresas.<\/p>\n<p>&nbsp;<\/p>\n<p style=\"text-align: justify;\" data-sourcepos=\"11:1-12:91\">Estos cambios traer\u00e1n consigo diversos beneficios para las MiPyMEs, como mayor certeza jur\u00eddica, un marco normativo claro y actualizado reduce la incertidumbre y facilita la toma de decisiones empresariales. La simplificaci\u00f3n de tr\u00e1mites, con la actualizaci\u00f3n de los procesos judiciales agiliza la resoluci\u00f3n de conflictos y reduce costos para las empresas.<\/p>\n<p>&nbsp;<\/p>\n<p style=\"text-align: justify;\">Fomento a la inversi\u00f3n en u entorno jur\u00eddico m\u00e1s s\u00f3lido atrae inversiones nacionales y extranjeras, impulsando el crecimiento econ\u00f3mico. Y mayor competitividad: Al eliminar barreras burocr\u00e1ticas, las MiPyMEs podr\u00e1n competir en mejores condiciones en el mercado.<\/p>\n<p>&nbsp;<\/p>\n<p style=\"text-align: justify;\" data-sourcepos=\"19:1-20:177\">Compromiso con el desarrollo econ\u00f3mico: Con estas medidas, el gobierno reafirma su compromiso con el desarrollo econ\u00f3mico del pa\u00eds, fomentando la creaci\u00f3n de un entorno favorable para las empresas y generando empleos.<\/p>\n<p>&nbsp;<\/p>\n<p style=\"text-align: center;\" data-sourcepos=\"19:1-20:177\"><em><strong>\u00a1Informaci\u00f3n que transforma!<\/strong><\/em><\/p>\n","protected":false},"excerpt":{"rendered":"<p>El Gobierno de M\u00e9xico, a trav\u00e9s de la Secretar\u00eda de Econom\u00eda, ha dado un paso importante para fortalecer el marco jur\u00eddico que rige la actividad mercantil en el pa\u00eds. Mediante la publicaci\u00f3n de dos nuevos acuerdos en el Diario Oficial de la Federaci\u00f3n, se busca brindar mayor certeza jur\u00eddica a las MiPyMEs y facilitar el desarrollo del sistema mercantil.<\/p>\n","protected":false},"author":3,"featured_media":9100,"comment_status":"open","ping_status":"open","sticky":false,"template":"","format":"standard","meta":{"footnotes":""},"categories":[88,58],"tags":[352,2916,617,2917],"class_list":["post-9099","post","type-post","status-publish","format-standard","has-post-thumbnail","hentry","category-nacional","category-ultima-hora","tag-desarrolloeconomico","tag-marcojuridico","tag-mipymes","tag-secretariadeeconomia"],"yoast_head":"<!-- This site is optimized with the Yoast SEO plugin v25.0 - https:\/\/yoast.com\/wordpress\/plugins\/seo\/ -->\n<title>Buenas noticias para las MiPyMEs Gobierno fortalece el marco jur\u00eddico mercantil | Nexo Informativo Santiago de Quer\u00e9taro<\/title>\n<meta name=\"description\" content=\"Buenas noticias para las MiPyMEs Gobierno fortalece el marco jur\u00eddico mercantil\" \/>\n<meta name=\"robots\" content=\"index, follow, max-snippet:-1, max-image-preview:large, max-video-preview:-1\" \/>\n<link rel=\"canonical\" href=\"https:\/\/www.nexoinformativo.mx\/index.php\/2024\/12\/31\/buenas-noticias-para-las-mipymes-gobierno-fortalece-el-marco-juridico-mercantil\/\" \/>\n<meta property=\"og:locale\" content=\"es_MX\" \/>\n<meta property=\"og:type\" content=\"article\" \/>\n<meta property=\"og:title\" content=\"Buenas noticias para las MiPyMEs Gobierno fortalece el marco jur\u00eddico mercantil | Nexo Informativo Santiago de Quer\u00e9taro\" \/>\n<meta property=\"og:description\" content=\"Buenas noticias para las MiPyMEs Gobierno fortalece el marco jur\u00eddico mercantil\" \/>\n<meta property=\"og:url\" content=\"https:\/\/www.nexoinformativo.mx\/index.php\/2024\/12\/31\/buenas-noticias-para-las-mipymes-gobierno-fortalece-el-marco-juridico-mercantil\/\" \/>\n<meta property=\"og:site_name\" content=\"Nexo Informativo Santiago de Quer\u00e9taro\" \/>\n<meta property=\"article:publisher\" content=\"https:\/\/www.facebook.com\/people\/Nexo-Informativo\/61564066885511\/\" \/>\n<meta property=\"article:published_time\" content=\"2024-12-31T13:30:33+00:00\" \/>\n<meta property=\"article:modified_time\" content=\"2024-12-31T15:48:03+00:00\" \/>\n<meta property=\"og:image\" content=\"https:\/\/www.nexoinformativo.mx\/wp-content\/uploads\/2024\/12\/pexels-centre-for-ageing-better-55954677-13804488-e1735659875137.jpeg\" \/>\n\t<meta property=\"og:image:width\" content=\"800\" \/>\n\t<meta property=\"og:image:height\" content=\"533\" \/>\n\t<meta property=\"og:image:type\" content=\"image\/jpeg\" \/>\n<meta name=\"author\" content=\"Nexo Informativo\" \/>\n<meta name=\"twitter:card\" content=\"summary_large_image\" \/>\n<meta name=\"twitter:label1\" content=\"Escrito por\" \/>\n\t<meta name=\"twitter:data1\" content=\"Nexo Informativo\" \/>\n\t<meta name=\"twitter:label2\" content=\"Tiempo de lectura\" \/>\n\t<meta name=\"twitter:data2\" content=\"2 minutos\" \/>\n<script type=\"application\/ld+json\" class=\"yoast-schema-graph\">{\"@context\":\"https:\/\/schema.org\",\"@graph\":[{\"@type\":\"Article\",\"@id\":\"https:\/\/www.nexoinformativo.mx\/index.php\/2024\/12\/31\/buenas-noticias-para-las-mipymes-gobierno-fortalece-el-marco-juridico-mercantil\/#article\",\"isPartOf\":{\"@id\":\"https:\/\/www.nexoinformativo.mx\/index.php\/2024\/12\/31\/buenas-noticias-para-las-mipymes-gobierno-fortalece-el-marco-juridico-mercantil\/\"},\"author\":{\"name\":\"Nexo Informativo\",\"@id\":\"https:\/\/www.nexoinformativo.mx\/#\/schema\/person\/7749d380ba08c8ca00d7bc76fd907b7d\"},\"headline\":\"Buenas noticias para las MiPyMEs Gobierno fortalece el marco jur\u00eddico mercantil\",\"datePublished\":\"2024-12-31T13:30:33+00:00\",\"dateModified\":\"2024-12-31T15:48:03+00:00\",\"mainEntityOfPage\":{\"@id\":\"https:\/\/www.nexoinformativo.mx\/index.php\/2024\/12\/31\/buenas-noticias-para-las-mipymes-gobierno-fortalece-el-marco-juridico-mercantil\/\"},\"wordCount\":300,\"commentCount\":0,\"publisher\":{\"@id\":\"https:\/\/www.nexoinformativo.mx\/#organization\"},\"image\":{\"@id\":\"https:\/\/www.nexoinformativo.mx\/index.php\/2024\/12\/31\/buenas-noticias-para-las-mipymes-gobierno-fortalece-el-marco-juridico-mercantil\/#primaryimage\"},\"thumbnailUrl\":\"https:\/\/www.nexoinformativo.mx\/wp-content\/uploads\/2024\/12\/pexels-centre-for-ageing-better-55954677-13804488-e1735659875137.jpeg\",\"keywords\":[\"DesarrolloEcon\u00f3mico\",\"MarcoJur\u00eddico\",\"MIPYMES\",\"Secretar\u00edaDeEconom\u00eda\"],\"articleSection\":[\"Nacional\",\"\u00daltima Hora\"],\"inLanguage\":\"es\",\"potentialAction\":[{\"@type\":\"CommentAction\",\"name\":\"Comment\",\"target\":[\"https:\/\/www.nexoinformativo.mx\/index.php\/2024\/12\/31\/buenas-noticias-para-las-mipymes-gobierno-fortalece-el-marco-juridico-mercantil\/#respond\"]}]},{\"@type\":\"WebPage\",\"@id\":\"https:\/\/www.nexoinformativo.mx\/index.php\/2024\/12\/31\/buenas-noticias-para-las-mipymes-gobierno-fortalece-el-marco-juridico-mercantil\/\",\"url\":\"https:\/\/www.nexoinformativo.mx\/index.php\/2024\/12\/31\/buenas-noticias-para-las-mipymes-gobierno-fortalece-el-marco-juridico-mercantil\/\",\"name\":\"Buenas noticias para las MiPyMEs Gobierno fortalece el marco jur\u00eddico mercantil | Nexo Informativo Santiago de Quer\u00e9taro\",\"isPartOf\":{\"@id\":\"https:\/\/www.nexoinformativo.mx\/#website\"},\"primaryImageOfPage\":{\"@id\":\"https:\/\/www.nexoinformativo.mx\/index.php\/2024\/12\/31\/buenas-noticias-para-las-mipymes-gobierno-fortalece-el-marco-juridico-mercantil\/#primaryimage\"},\"image\":{\"@id\":\"https:\/\/www.nexoinformativo.mx\/index.php\/2024\/12\/31\/buenas-noticias-para-las-mipymes-gobierno-fortalece-el-marco-juridico-mercantil\/#primaryimage\"},\"thumbnailUrl\":\"https:\/\/www.nexoinformativo.mx\/wp-content\/uploads\/2024\/12\/pexels-centre-for-ageing-better-55954677-13804488-e1735659875137.jpeg\",\"datePublished\":\"2024-12-31T13:30:33+00:00\",\"dateModified\":\"2024-12-31T15:48:03+00:00\",\"description\":\"Buenas noticias para las MiPyMEs Gobierno fortalece el marco jur\u00eddico mercantil\",\"breadcrumb\":{\"@id\":\"https:\/\/www.nexoinformativo.mx\/index.php\/2024\/12\/31\/buenas-noticias-para-las-mipymes-gobierno-fortalece-el-marco-juridico-mercantil\/#breadcrumb\"},\"inLanguage\":\"es\",\"potentialAction\":[{\"@type\":\"ReadAction\",\"target\":[\"https:\/\/www.nexoinformativo.mx\/index.php\/2024\/12\/31\/buenas-noticias-para-las-mipymes-gobierno-fortalece-el-marco-juridico-mercantil\/\"]}]},{\"@type\":\"ImageObject\",\"inLanguage\":\"es\",\"@id\":\"https:\/\/www.nexoinformativo.mx\/index.php\/2024\/12\/31\/buenas-noticias-para-las-mipymes-gobierno-fortalece-el-marco-juridico-mercantil\/#primaryimage\",\"url\":\"https:\/\/www.nexoinformativo.mx\/wp-content\/uploads\/2024\/12\/pexels-centre-for-ageing-better-55954677-13804488-e1735659875137.jpeg\",\"contentUrl\":\"https:\/\/www.nexoinformativo.mx\/wp-content\/uploads\/2024\/12\/pexels-centre-for-ageing-better-55954677-13804488-e1735659875137.jpeg\",\"width\":800,\"height\":533},{\"@type\":\"BreadcrumbList\",\"@id\":\"https:\/\/www.nexoinformativo.mx\/index.php\/2024\/12\/31\/buenas-noticias-para-las-mipymes-gobierno-fortalece-el-marco-juridico-mercantil\/#breadcrumb\",\"itemListElement\":[{\"@type\":\"ListItem\",\"position\":1,\"name\":\"Inicio\",\"item\":\"https:\/\/www.nexoinformativo.mx\/\"},{\"@type\":\"ListItem\",\"position\":2,\"name\":\"Buenas noticias para las MiPyMEs Gobierno fortalece el marco jur\u00eddico mercantil\"}]},{\"@type\":\"WebSite\",\"@id\":\"https:\/\/www.nexoinformativo.mx\/#website\",\"url\":\"https:\/\/www.nexoinformativo.mx\/\",\"name\":\"Nexo Informativo Santiago de Quer\u00e9taro\",\"description\":\"Explora NexoInformativo y convi\u00e9rtete en parte de una comunidad que valora el conocimiento y la verdad. Tu nexoinformativo es tu puente hacia una comprensi\u00f3n m\u00e1s profunda del mundo que te rodea.\",\"publisher\":{\"@id\":\"https:\/\/www.nexoinformativo.mx\/#organization\"},\"potentialAction\":[{\"@type\":\"SearchAction\",\"target\":{\"@type\":\"EntryPoint\",\"urlTemplate\":\"https:\/\/www.nexoinformativo.mx\/?s={search_term_string}\"},\"query-input\":{\"@type\":\"PropertyValueSpecification\",\"valueRequired\":true,\"valueName\":\"search_term_string\"}}],\"inLanguage\":\"es\"},{\"@type\":\"Organization\",\"@id\":\"https:\/\/www.nexoinformativo.mx\/#organization\",\"name\":\"Nexo Informativo Santiago de Quer\u00e9taro\",\"url\":\"https:\/\/www.nexoinformativo.mx\/\",\"logo\":{\"@type\":\"ImageObject\",\"inLanguage\":\"es\",\"@id\":\"https:\/\/www.nexoinformativo.mx\/#\/schema\/logo\/image\/\",\"url\":\"https:\/\/www.nexoinformativo.mx\/wp-content\/uploads\/2024\/07\/nexoi-trasparente-2.png\",\"contentUrl\":\"https:\/\/www.nexoinformativo.mx\/wp-content\/uploads\/2024\/07\/nexoi-trasparente-2.png\",\"width\":816,\"height\":339,\"caption\":\"Nexo Informativo Santiago de Quer\u00e9taro\"},\"image\":{\"@id\":\"https:\/\/www.nexoinformativo.mx\/#\/schema\/logo\/image\/\"},\"sameAs\":[\"https:\/\/www.facebook.com\/people\/Nexo-Informativo\/61564066885511\/\"]},{\"@type\":\"Person\",\"@id\":\"https:\/\/www.nexoinformativo.mx\/#\/schema\/person\/7749d380ba08c8ca00d7bc76fd907b7d\",\"name\":\"Nexo Informativo\",\"image\":{\"@type\":\"ImageObject\",\"inLanguage\":\"es\",\"@id\":\"https:\/\/www.nexoinformativo.mx\/#\/schema\/person\/image\/\",\"url\":\"https:\/\/secure.gravatar.com\/avatar\/dde2928154642a13d95f87ddf1ea9718fe2b46760a005c53e41ff5ad610704e6?s=96&d=mm&r=g\",\"contentUrl\":\"https:\/\/secure.gravatar.com\/avatar\/dde2928154642a13d95f87ddf1ea9718fe2b46760a005c53e41ff5ad610704e6?s=96&d=mm&r=g\",\"caption\":\"Nexo Informativo\"},\"url\":\"https:\/\/www.nexoinformativo.mx\/index.php\/author\/edicion\/\"}]}<\/script>\n<!-- \/ Yoast SEO plugin. -->","yoast_head_json":{"title":"Buenas noticias para las MiPyMEs Gobierno fortalece el marco jur\u00eddico mercantil | Nexo Informativo Santiago de Quer\u00e9taro","description":"Buenas noticias para las MiPyMEs Gobierno fortalece el marco jur\u00eddico mercantil","robots":{"index":"index","follow":"follow","max-snippet":"max-snippet:-1","max-image-preview":"max-image-preview:large","max-video-preview":"max-video-preview:-1"},"canonical":"https:\/\/www.nexoinformativo.mx\/index.php\/2024\/12\/31\/buenas-noticias-para-las-mipymes-gobierno-fortalece-el-marco-juridico-mercantil\/","og_locale":"es_MX","og_type":"article","og_title":"Buenas noticias para las MiPyMEs Gobierno fortalece el marco jur\u00eddico mercantil | Nexo Informativo Santiago de Quer\u00e9taro","og_description":"Buenas noticias para las MiPyMEs Gobierno fortalece el marco jur\u00eddico mercantil","og_url":"https:\/\/www.nexoinformativo.mx\/index.php\/2024\/12\/31\/buenas-noticias-para-las-mipymes-gobierno-fortalece-el-marco-juridico-mercantil\/","og_site_name":"Nexo Informativo Santiago de Quer\u00e9taro","article_publisher":"https:\/\/www.facebook.com\/people\/Nexo-Informativo\/61564066885511\/","article_published_time":"2024-12-31T13:30:33+00:00","article_modified_time":"2024-12-31T15:48:03+00:00","og_image":[{"width":800,"height":533,"url":"https:\/\/www.nexoinformativo.mx\/wp-content\/uploads\/2024\/12\/pexels-centre-for-ageing-better-55954677-13804488-e1735659875137.jpeg","type":"image\/jpeg"}],"author":"Nexo Informativo","twitter_card":"summary_large_image","twitter_misc":{"Escrito por":"Nexo Informativo","Tiempo de lectura":"2 minutos"},"schema":{"@context":"https:\/\/schema.org","@graph":[{"@type":"Article","@id":"https:\/\/www.nexoinformativo.mx\/index.php\/2024\/12\/31\/buenas-noticias-para-las-mipymes-gobierno-fortalece-el-marco-juridico-mercantil\/#article","isPartOf":{"@id":"https:\/\/www.nexoinformativo.mx\/index.php\/2024\/12\/31\/buenas-noticias-para-las-mipymes-gobierno-fortalece-el-marco-juridico-mercantil\/"},"author":{"name":"Nexo Informativo","@id":"https:\/\/www.nexoinformativo.mx\/#\/schema\/person\/7749d380ba08c8ca00d7bc76fd907b7d"},"headline":"Buenas noticias para las MiPyMEs Gobierno fortalece el marco jur\u00eddico mercantil","datePublished":"2024-12-31T13:30:33+00:00","dateModified":"2024-12-31T15:48:03+00:00","mainEntityOfPage":{"@id":"https:\/\/www.nexoinformativo.mx\/index.php\/2024\/12\/31\/buenas-noticias-para-las-mipymes-gobierno-fortalece-el-marco-juridico-mercantil\/"},"wordCount":300,"commentCount":0,"publisher":{"@id":"https:\/\/www.nexoinformativo.mx\/#organization"},"image":{"@id":"https:\/\/www.nexoinformativo.mx\/index.php\/2024\/12\/31\/buenas-noticias-para-las-mipymes-gobierno-fortalece-el-marco-juridico-mercantil\/#primaryimage"},"thumbnailUrl":"https:\/\/www.nexoinformativo.mx\/wp-content\/uploads\/2024\/12\/pexels-centre-for-ageing-better-55954677-13804488-e1735659875137.jpeg","keywords":["DesarrolloEcon\u00f3mico","MarcoJur\u00eddico","MIPYMES","Secretar\u00edaDeEconom\u00eda"],"articleSection":["Nacional","\u00daltima Hora"],"inLanguage":"es","potentialAction":[{"@type":"CommentAction","name":"Comment","target":["https:\/\/www.nexoinformativo.mx\/index.php\/2024\/12\/31\/buenas-noticias-para-las-mipymes-gobierno-fortalece-el-marco-juridico-mercantil\/#respond"]}]},{"@type":"WebPage","@id":"https:\/\/www.nexoinformativo.mx\/index.php\/2024\/12\/31\/buenas-noticias-para-las-mipymes-gobierno-fortalece-el-marco-juridico-mercantil\/","url":"https:\/\/www.nexoinformativo.mx\/index.php\/2024\/12\/31\/buenas-noticias-para-las-mipymes-gobierno-fortalece-el-marco-juridico-mercantil\/","name":"Buenas noticias para las MiPyMEs Gobierno fortalece el marco jur\u00eddico mercantil | Nexo Informativo Santiago de Quer\u00e9taro","isPartOf":{"@id":"https:\/\/www.nexoinformativo.mx\/#website"},"primaryImageOfPage":{"@id":"https:\/\/www.nexoinformativo.mx\/index.php\/2024\/12\/31\/buenas-noticias-para-las-mipymes-gobierno-fortalece-el-marco-juridico-mercantil\/#primaryimage"},"image":{"@id":"https:\/\/www.nexoinformativo.mx\/index.php\/2024\/12\/31\/buenas-noticias-para-las-mipymes-gobierno-fortalece-el-marco-juridico-mercantil\/#primaryimage"},"thumbnailUrl":"https:\/\/www.nexoinformativo.mx\/wp-content\/uploads\/2024\/12\/pexels-centre-for-ageing-better-55954677-13804488-e1735659875137.jpeg","datePublished":"2024-12-31T13:30:33+00:00","dateModified":"2024-12-31T15:48:03+00:00","description":"Buenas noticias para las MiPyMEs Gobierno fortalece el marco jur\u00eddico mercantil","breadcrumb":{"@id":"https:\/\/www.nexoinformativo.mx\/index.php\/2024\/12\/31\/buenas-noticias-para-las-mipymes-gobierno-fortalece-el-marco-juridico-mercantil\/#breadcrumb"},"inLanguage":"es","potentialAction":[{"@type":"ReadAction","target":["https:\/\/www.nexoinformativo.mx\/index.php\/2024\/12\/31\/buenas-noticias-para-las-mipymes-gobierno-fortalece-el-marco-juridico-mercantil\/"]}]},{"@type":"ImageObject","inLanguage":"es","@id":"https:\/\/www.nexoinformativo.mx\/index.php\/2024\/12\/31\/buenas-noticias-para-las-mipymes-gobierno-fortalece-el-marco-juridico-mercantil\/#primaryimage","url":"https:\/\/www.nexoinformativo.mx\/wp-content\/uploads\/2024\/12\/pexels-centre-for-ageing-better-55954677-13804488-e1735659875137.jpeg","contentUrl":"https:\/\/www.nexoinformativo.mx\/wp-content\/uploads\/2024\/12\/pexels-centre-for-ageing-better-55954677-13804488-e1735659875137.jpeg","width":800,"height":533},{"@type":"BreadcrumbList","@id":"https:\/\/www.nexoinformativo.mx\/index.php\/2024\/12\/31\/buenas-noticias-para-las-mipymes-gobierno-fortalece-el-marco-juridico-mercantil\/#breadcrumb","itemListElement":[{"@type":"ListItem","position":1,"name":"Inicio","item":"https:\/\/www.nexoinformativo.mx\/"},{"@type":"ListItem","position":2,"name":"Buenas noticias para las MiPyMEs Gobierno fortalece el marco jur\u00eddico mercantil"}]},{"@type":"WebSite","@id":"https:\/\/www.nexoinformativo.mx\/#website","url":"https:\/\/www.nexoinformativo.mx\/","name":"Nexo Informativo Santiago de Quer\u00e9taro","description":"Explora NexoInformativo y convi\u00e9rtete en parte de una comunidad que valora el conocimiento y la verdad. Tu nexoinformativo es tu puente hacia una comprensi\u00f3n m\u00e1s profunda del mundo que te rodea.","publisher":{"@id":"https:\/\/www.nexoinformativo.mx\/#organization"},"potentialAction":[{"@type":"SearchAction","target":{"@type":"EntryPoint","urlTemplate":"https:\/\/www.nexoinformativo.mx\/?s={search_term_string}"},"query-input":{"@type":"PropertyValueSpecification","valueRequired":true,"valueName":"search_term_string"}}],"inLanguage":"es"},{"@type":"Organization","@id":"https:\/\/www.nexoinformativo.mx\/#organization","name":"Nexo Informativo Santiago de Quer\u00e9taro","url":"https:\/\/www.nexoinformativo.mx\/","logo":{"@type":"ImageObject","inLanguage":"es","@id":"https:\/\/www.nexoinformativo.mx\/#\/schema\/logo\/image\/","url":"https:\/\/www.nexoinformativo.mx\/wp-content\/uploads\/2024\/07\/nexoi-trasparente-2.png","contentUrl":"https:\/\/www.nexoinformativo.mx\/wp-content\/uploads\/2024\/07\/nexoi-trasparente-2.png","width":816,"height":339,"caption":"Nexo Informativo Santiago de Quer\u00e9taro"},"image":{"@id":"https:\/\/www.nexoinformativo.mx\/#\/schema\/logo\/image\/"},"sameAs":["https:\/\/www.facebook.com\/people\/Nexo-Informativo\/61564066885511\/"]},{"@type":"Person","@id":"https:\/\/www.nexoinformativo.mx\/#\/schema\/person\/7749d380ba08c8ca00d7bc76fd907b7d","name":"Nexo Informativo","image":{"@type":"ImageObject","inLanguage":"es","@id":"https:\/\/www.nexoinformativo.mx\/#\/schema\/person\/image\/","url":"https:\/\/secure.gravatar.com\/avatar\/dde2928154642a13d95f87ddf1ea9718fe2b46760a005c53e41ff5ad610704e6?s=96&d=mm&r=g","contentUrl":"https:\/\/secure.gravatar.com\/avatar\/dde2928154642a13d95f87ddf1ea9718fe2b46760a005c53e41ff5ad610704e6?s=96&d=mm&r=g","caption":"Nexo Informativo"},"url":"https:\/\/www.nexoinformativo.mx\/index.php\/author\/edicion\/"}]}},"_links":{"self":[{"href":"https:\/\/www.nexoinformativo.mx\/index.php\/wp-json\/wp\/v2\/posts\/9099","targetHints":{"allow":["GET"]}}],"collection":[{"href":"https:\/\/www.nexoinformativo.mx\/index.php\/wp-json\/wp\/v2\/posts"}],"about":[{"href":"https:\/\/www.nexoinformativo.mx\/index.php\/wp-json\/wp\/v2\/types\/post"}],"author":[{"embeddable":true,"href":"https:\/\/www.nexoinformativo.mx\/index.php\/wp-json\/wp\/v2\/users\/3"}],"replies":[{"embeddable":true,"href":"https:\/\/www.nexoinformativo.mx\/index.php\/wp-json\/wp\/v2\/comments?post=9099"}],"version-history":[{"count":3,"href":"https:\/\/www.nexoinformativo.mx\/index.php\/wp-json\/wp\/v2\/posts\/9099\/revisions"}],"predecessor-version":[{"id":9105,"href":"https:\/\/www.nexoinformativo.mx\/index.php\/wp-json\/wp\/v2\/posts\/9099\/revisions\/9105"}],"wp:featuredmedia":[{"embeddable":true,"href":"https:\/\/www.nexoinformativo.mx\/index.php\/wp-json\/wp\/v2\/media\/9100"}],"wp:attachment":[{"href":"https:\/\/www.nexoinformativo.mx\/index.php\/wp-json\/wp\/v2\/media?parent=9099"}],"wp:term":[{"taxonomy":"category","embeddable":true,"href":"https:\/\/www.nexoinformativo.mx\/index.php\/wp-json\/wp\/v2\/categories?post=9099"},{"taxonomy":"post_tag","embeddable":true,"href":"https:\/\/www.nexoinformativo.mx\/index.php\/wp-json\/wp\/v2\/tags?post=9099"}],"curies":[{"name":"wp","href":"https:\/\/api.w.org\/{rel}","templated":true}]}}