{"id":9106,"date":"2024-12-31T08:00:19","date_gmt":"2024-12-31T14:00:19","guid":{"rendered":"https:\/\/www.nexoinformativo.mx\/?p=9106"},"modified":"2024-12-31T09:55:55","modified_gmt":"2024-12-31T15:55:55","slug":"el-programa-bacheton-avanza-a-buen-ritmo-mas-de-12-mil-kilometros-de-carreteras-reparadas","status":"publish","type":"post","link":"https:\/\/www.nexoinformativo.mx\/index.php\/2024\/12\/31\/el-programa-bacheton-avanza-a-buen-ritmo-mas-de-12-mil-kilometros-de-carreteras-reparadas\/","title":{"rendered":"El programa Bachet\u00f3n avanza a buen ritmo. M\u00e1s de 12 mil kil\u00f3metros de carreteras reparadas"},"content":{"rendered":"<p style=\"text-align: justify;\" data-sourcepos=\"5:1-5:302\">El programa de conservaci\u00f3n de carreteras <strong>&#8220;Bachet\u00f3n&#8221;<\/strong>, impulsado por la Secretar\u00eda de Infraestructura, Comunicaciones y Transportes (SICT), ha logrado avances significativos. A la fecha, se han atendido m\u00e1s de 12,760 kil\u00f3metros de la Red Carretera Federal Libre de Peaje, reparando m\u00e1s de 70,906 baches.<\/p>\n<p>&nbsp;<\/p>\n<p style=\"text-align: justify;\" data-sourcepos=\"7:1-7:275\">Esta importante labor ha requerido de un gran despliegue de recursos, con la utilizaci\u00f3n de 1,939 equipos de trabajo, 277 cuadrillas y m\u00e1s de 1,600 trabajadores. Adem\u00e1s, se han utilizado 53,343 toneladas de mezcla asf\u00e1ltica para garantizar la durabilidad de las reparaciones.<\/p>\n<p>&nbsp;<\/p>\n<p style=\"text-align: justify;\" data-sourcepos=\"9:1-10:244\">Paralelamente, se lleva a cabo la Conservaci\u00f3n Peri\u00f3dica, que consiste en trabajos m\u00e1s profundos como fresado e instalaci\u00f3n de nuevas capas de asfalto. En esta fase, se ha avanzado en la atenci\u00f3n de m\u00e1s de 116,865 metros cuadrados de carretera.<\/p>\n<p>&nbsp;<\/p>\n<p style=\"text-align: justify;\" data-sourcepos=\"12:1-13:245\">Cabe recordar que el programa <strong>Bachet\u00f3n<\/strong> tiene como objetivo principal mejorar las condiciones de las carreteras federales, garantizando una mayor seguridad vial y comodidad para los usuarios. Para lograr esto, se han establecido metas ambiciosas:<\/p>\n<\/p>\n<p>&nbsp;<\/p>\n<ul style=\"text-align: justify;\" data-sourcepos=\"15:1-17:0\">\n<li style=\"list-style-type: none;\">\n<ul style=\"text-align: justify;\" data-sourcepos=\"15:1-17:0\">\n<li data-sourcepos=\"15:1-15:93\">Atender 44,574 kil\u00f3metros de carretera y generar 8,500 empleos.<\/li>\n<li data-sourcepos=\"16:1-17:0\">Atender 688 kil\u00f3metros de carretera y generar 2,760 empleos.<\/li>\n<\/ul>\n<\/li>\n<\/ul>\n<p>&nbsp;<\/p>\n<p style=\"text-align: justify;\" data-sourcepos=\"18:1-19:264\">Los resultados obtenidos hasta el momento demuestran el compromiso del gobierno federal por mejorar la infraestructura vial del pa\u00eds. El programa Bachet\u00f3n no solo contribuye a mejorar la seguridad vial, sino que tambi\u00e9n genera empleos y dinamiza la econom\u00eda local.<\/p>\n<p>&nbsp;<\/p>\n<p style=\"text-align: center;\" data-sourcepos=\"18:1-19:264\"><em><strong>\u00a1Informaci\u00f3n que transforma!<\/strong><\/em><\/p>\n","protected":false},"excerpt":{"rendered":"<p>El programa de conservaci\u00f3n de carreteras &#8220;Bachet\u00f3n&#8221;, impulsado por la Secretar\u00eda de Infraestructura, Comunicaciones y Transportes (SICT), ha logrado avances significativos. A la fecha, se han atendido m\u00e1s de 12,760 kil\u00f3metros de la Red Carretera Federal Libre de Peaje, reparando m\u00e1s de 70,906 baches.<\/p>\n","protected":false},"author":3,"featured_media":9107,"comment_status":"open","ping_status":"open","sticky":false,"template":"","format":"standard","meta":{"footnotes":""},"categories":[88,58],"tags":[1297,2918,734,1608],"class_list":["post-9106","post","type-post","status-publish","format-standard","has-post-thumbnail","hentry","category-nacional","category-ultima-hora","tag-bacheton","tag-carreteras","tag-infraestructura","tag-sict"],"yoast_head":"<!-- This site is optimized with the Yoast SEO plugin v25.0 - https:\/\/yoast.com\/wordpress\/plugins\/seo\/ -->\n<title>El programa Bachet\u00f3n avanza a buen ritmo. M\u00e1s de 12 mil kil\u00f3metros de carreteras reparadas | Nexo Informativo Santiago de Quer\u00e9taro<\/title>\n<meta name=\"description\" content=\"El programa Bachet\u00f3n avanza a buen ritmo. M\u00e1s de 12 mil kil\u00f3metros de carreteras reparadas\" \/>\n<meta name=\"robots\" content=\"index, follow, max-snippet:-1, max-image-preview:large, max-video-preview:-1\" \/>\n<link rel=\"canonical\" href=\"https:\/\/www.nexoinformativo.mx\/index.php\/2024\/12\/31\/el-programa-bacheton-avanza-a-buen-ritmo-mas-de-12-mil-kilometros-de-carreteras-reparadas\/\" \/>\n<meta property=\"og:locale\" content=\"es_MX\" \/>\n<meta property=\"og:type\" content=\"article\" \/>\n<meta property=\"og:title\" content=\"El programa Bachet\u00f3n avanza a buen ritmo. M\u00e1s de 12 mil kil\u00f3metros de carreteras reparadas | Nexo Informativo Santiago de Quer\u00e9taro\" \/>\n<meta property=\"og:description\" content=\"El programa Bachet\u00f3n avanza a buen ritmo. M\u00e1s de 12 mil kil\u00f3metros de carreteras reparadas\" \/>\n<meta property=\"og:url\" content=\"https:\/\/www.nexoinformativo.mx\/index.php\/2024\/12\/31\/el-programa-bacheton-avanza-a-buen-ritmo-mas-de-12-mil-kilometros-de-carreteras-reparadas\/\" \/>\n<meta property=\"og:site_name\" content=\"Nexo Informativo Santiago de Quer\u00e9taro\" \/>\n<meta property=\"article:publisher\" content=\"https:\/\/www.facebook.com\/people\/Nexo-Informativo\/61564066885511\/\" \/>\n<meta property=\"article:published_time\" content=\"2024-12-31T14:00:19+00:00\" \/>\n<meta property=\"article:modified_time\" content=\"2024-12-31T15:55:55+00:00\" \/>\n<meta property=\"og:image\" content=\"https:\/\/www.nexoinformativo.mx\/wp-content\/uploads\/2024\/12\/pexels-joshsorenson-59512-e1735660435530.jpeg\" \/>\n\t<meta property=\"og:image:width\" content=\"800\" \/>\n\t<meta property=\"og:image:height\" content=\"533\" \/>\n\t<meta property=\"og:image:type\" content=\"image\/jpeg\" \/>\n<meta name=\"author\" content=\"Nexo Informativo\" \/>\n<meta name=\"twitter:card\" content=\"summary_large_image\" \/>\n<meta name=\"twitter:label1\" content=\"Escrito por\" \/>\n\t<meta name=\"twitter:data1\" content=\"Nexo Informativo\" \/>\n\t<meta name=\"twitter:label2\" content=\"Tiempo de lectura\" \/>\n\t<meta name=\"twitter:data2\" content=\"2 minutos\" \/>\n<script type=\"application\/ld+json\" class=\"yoast-schema-graph\">{\"@context\":\"https:\/\/schema.org\",\"@graph\":[{\"@type\":\"Article\",\"@id\":\"https:\/\/www.nexoinformativo.mx\/index.php\/2024\/12\/31\/el-programa-bacheton-avanza-a-buen-ritmo-mas-de-12-mil-kilometros-de-carreteras-reparadas\/#article\",\"isPartOf\":{\"@id\":\"https:\/\/www.nexoinformativo.mx\/index.php\/2024\/12\/31\/el-programa-bacheton-avanza-a-buen-ritmo-mas-de-12-mil-kilometros-de-carreteras-reparadas\/\"},\"author\":{\"name\":\"Nexo Informativo\",\"@id\":\"https:\/\/www.nexoinformativo.mx\/#\/schema\/person\/7749d380ba08c8ca00d7bc76fd907b7d\"},\"headline\":\"El programa Bachet\u00f3n avanza a buen ritmo. M\u00e1s de 12 mil kil\u00f3metros de carreteras reparadas\",\"datePublished\":\"2024-12-31T14:00:19+00:00\",\"dateModified\":\"2024-12-31T15:55:55+00:00\",\"mainEntityOfPage\":{\"@id\":\"https:\/\/www.nexoinformativo.mx\/index.php\/2024\/12\/31\/el-programa-bacheton-avanza-a-buen-ritmo-mas-de-12-mil-kilometros-de-carreteras-reparadas\/\"},\"wordCount\":258,\"commentCount\":0,\"publisher\":{\"@id\":\"https:\/\/www.nexoinformativo.mx\/#organization\"},\"image\":{\"@id\":\"https:\/\/www.nexoinformativo.mx\/index.php\/2024\/12\/31\/el-programa-bacheton-avanza-a-buen-ritmo-mas-de-12-mil-kilometros-de-carreteras-reparadas\/#primaryimage\"},\"thumbnailUrl\":\"https:\/\/www.nexoinformativo.mx\/wp-content\/uploads\/2024\/12\/pexels-joshsorenson-59512-e1735660435530.jpeg\",\"keywords\":[\"Bachet\u00f3n\",\"Carreteras\",\"Infraestructura\",\"SICT\"],\"articleSection\":[\"Nacional\",\"\u00daltima Hora\"],\"inLanguage\":\"es\",\"potentialAction\":[{\"@type\":\"CommentAction\",\"name\":\"Comment\",\"target\":[\"https:\/\/www.nexoinformativo.mx\/index.php\/2024\/12\/31\/el-programa-bacheton-avanza-a-buen-ritmo-mas-de-12-mil-kilometros-de-carreteras-reparadas\/#respond\"]}]},{\"@type\":\"WebPage\",\"@id\":\"https:\/\/www.nexoinformativo.mx\/index.php\/2024\/12\/31\/el-programa-bacheton-avanza-a-buen-ritmo-mas-de-12-mil-kilometros-de-carreteras-reparadas\/\",\"url\":\"https:\/\/www.nexoinformativo.mx\/index.php\/2024\/12\/31\/el-programa-bacheton-avanza-a-buen-ritmo-mas-de-12-mil-kilometros-de-carreteras-reparadas\/\",\"name\":\"El programa Bachet\u00f3n avanza a buen ritmo. M\u00e1s de 12 mil kil\u00f3metros de carreteras reparadas | Nexo Informativo Santiago de Quer\u00e9taro\",\"isPartOf\":{\"@id\":\"https:\/\/www.nexoinformativo.mx\/#website\"},\"primaryImageOfPage\":{\"@id\":\"https:\/\/www.nexoinformativo.mx\/index.php\/2024\/12\/31\/el-programa-bacheton-avanza-a-buen-ritmo-mas-de-12-mil-kilometros-de-carreteras-reparadas\/#primaryimage\"},\"image\":{\"@id\":\"https:\/\/www.nexoinformativo.mx\/index.php\/2024\/12\/31\/el-programa-bacheton-avanza-a-buen-ritmo-mas-de-12-mil-kilometros-de-carreteras-reparadas\/#primaryimage\"},\"thumbnailUrl\":\"https:\/\/www.nexoinformativo.mx\/wp-content\/uploads\/2024\/12\/pexels-joshsorenson-59512-e1735660435530.jpeg\",\"datePublished\":\"2024-12-31T14:00:19+00:00\",\"dateModified\":\"2024-12-31T15:55:55+00:00\",\"description\":\"El programa Bachet\u00f3n avanza a buen ritmo. M\u00e1s de 12 mil kil\u00f3metros de carreteras reparadas\",\"breadcrumb\":{\"@id\":\"https:\/\/www.nexoinformativo.mx\/index.php\/2024\/12\/31\/el-programa-bacheton-avanza-a-buen-ritmo-mas-de-12-mil-kilometros-de-carreteras-reparadas\/#breadcrumb\"},\"inLanguage\":\"es\",\"potentialAction\":[{\"@type\":\"ReadAction\",\"target\":[\"https:\/\/www.nexoinformativo.mx\/index.php\/2024\/12\/31\/el-programa-bacheton-avanza-a-buen-ritmo-mas-de-12-mil-kilometros-de-carreteras-reparadas\/\"]}]},{\"@type\":\"ImageObject\",\"inLanguage\":\"es\",\"@id\":\"https:\/\/www.nexoinformativo.mx\/index.php\/2024\/12\/31\/el-programa-bacheton-avanza-a-buen-ritmo-mas-de-12-mil-kilometros-de-carreteras-reparadas\/#primaryimage\",\"url\":\"https:\/\/www.nexoinformativo.mx\/wp-content\/uploads\/2024\/12\/pexels-joshsorenson-59512-e1735660435530.jpeg\",\"contentUrl\":\"https:\/\/www.nexoinformativo.mx\/wp-content\/uploads\/2024\/12\/pexels-joshsorenson-59512-e1735660435530.jpeg\",\"width\":800,\"height\":533},{\"@type\":\"BreadcrumbList\",\"@id\":\"https:\/\/www.nexoinformativo.mx\/index.php\/2024\/12\/31\/el-programa-bacheton-avanza-a-buen-ritmo-mas-de-12-mil-kilometros-de-carreteras-reparadas\/#breadcrumb\",\"itemListElement\":[{\"@type\":\"ListItem\",\"position\":1,\"name\":\"Inicio\",\"item\":\"https:\/\/www.nexoinformativo.mx\/\"},{\"@type\":\"ListItem\",\"position\":2,\"name\":\"El programa Bachet\u00f3n avanza a buen ritmo. M\u00e1s de 12 mil kil\u00f3metros de carreteras reparadas\"}]},{\"@type\":\"WebSite\",\"@id\":\"https:\/\/www.nexoinformativo.mx\/#website\",\"url\":\"https:\/\/www.nexoinformativo.mx\/\",\"name\":\"Nexo Informativo Santiago de Quer\u00e9taro\",\"description\":\"Explora NexoInformativo y convi\u00e9rtete en parte de una comunidad que valora el conocimiento y la verdad. Tu nexoinformativo es tu puente hacia una comprensi\u00f3n m\u00e1s profunda del mundo que te rodea.\",\"publisher\":{\"@id\":\"https:\/\/www.nexoinformativo.mx\/#organization\"},\"potentialAction\":[{\"@type\":\"SearchAction\",\"target\":{\"@type\":\"EntryPoint\",\"urlTemplate\":\"https:\/\/www.nexoinformativo.mx\/?s={search_term_string}\"},\"query-input\":{\"@type\":\"PropertyValueSpecification\",\"valueRequired\":true,\"valueName\":\"search_term_string\"}}],\"inLanguage\":\"es\"},{\"@type\":\"Organization\",\"@id\":\"https:\/\/www.nexoinformativo.mx\/#organization\",\"name\":\"Nexo Informativo Santiago de Quer\u00e9taro\",\"url\":\"https:\/\/www.nexoinformativo.mx\/\",\"logo\":{\"@type\":\"ImageObject\",\"inLanguage\":\"es\",\"@id\":\"https:\/\/www.nexoinformativo.mx\/#\/schema\/logo\/image\/\",\"url\":\"https:\/\/www.nexoinformativo.mx\/wp-content\/uploads\/2024\/07\/nexoi-trasparente-2.png\",\"contentUrl\":\"https:\/\/www.nexoinformativo.mx\/wp-content\/uploads\/2024\/07\/nexoi-trasparente-2.png\",\"width\":816,\"height\":339,\"caption\":\"Nexo Informativo Santiago de Quer\u00e9taro\"},\"image\":{\"@id\":\"https:\/\/www.nexoinformativo.mx\/#\/schema\/logo\/image\/\"},\"sameAs\":[\"https:\/\/www.facebook.com\/people\/Nexo-Informativo\/61564066885511\/\"]},{\"@type\":\"Person\",\"@id\":\"https:\/\/www.nexoinformativo.mx\/#\/schema\/person\/7749d380ba08c8ca00d7bc76fd907b7d\",\"name\":\"Nexo Informativo\",\"image\":{\"@type\":\"ImageObject\",\"inLanguage\":\"es\",\"@id\":\"https:\/\/www.nexoinformativo.mx\/#\/schema\/person\/image\/\",\"url\":\"https:\/\/secure.gravatar.com\/avatar\/dde2928154642a13d95f87ddf1ea9718fe2b46760a005c53e41ff5ad610704e6?s=96&d=mm&r=g\",\"contentUrl\":\"https:\/\/secure.gravatar.com\/avatar\/dde2928154642a13d95f87ddf1ea9718fe2b46760a005c53e41ff5ad610704e6?s=96&d=mm&r=g\",\"caption\":\"Nexo Informativo\"},\"url\":\"https:\/\/www.nexoinformativo.mx\/index.php\/author\/edicion\/\"}]}<\/script>\n<!-- \/ Yoast SEO plugin. -->","yoast_head_json":{"title":"El programa Bachet\u00f3n avanza a buen ritmo. M\u00e1s de 12 mil kil\u00f3metros de carreteras reparadas | Nexo Informativo Santiago de Quer\u00e9taro","description":"El programa Bachet\u00f3n avanza a buen ritmo. M\u00e1s de 12 mil kil\u00f3metros de carreteras reparadas","robots":{"index":"index","follow":"follow","max-snippet":"max-snippet:-1","max-image-preview":"max-image-preview:large","max-video-preview":"max-video-preview:-1"},"canonical":"https:\/\/www.nexoinformativo.mx\/index.php\/2024\/12\/31\/el-programa-bacheton-avanza-a-buen-ritmo-mas-de-12-mil-kilometros-de-carreteras-reparadas\/","og_locale":"es_MX","og_type":"article","og_title":"El programa Bachet\u00f3n avanza a buen ritmo. M\u00e1s de 12 mil kil\u00f3metros de carreteras reparadas | Nexo Informativo Santiago de Quer\u00e9taro","og_description":"El programa Bachet\u00f3n avanza a buen ritmo. M\u00e1s de 12 mil kil\u00f3metros de carreteras reparadas","og_url":"https:\/\/www.nexoinformativo.mx\/index.php\/2024\/12\/31\/el-programa-bacheton-avanza-a-buen-ritmo-mas-de-12-mil-kilometros-de-carreteras-reparadas\/","og_site_name":"Nexo Informativo Santiago de Quer\u00e9taro","article_publisher":"https:\/\/www.facebook.com\/people\/Nexo-Informativo\/61564066885511\/","article_published_time":"2024-12-31T14:00:19+00:00","article_modified_time":"2024-12-31T15:55:55+00:00","og_image":[{"width":800,"height":533,"url":"https:\/\/www.nexoinformativo.mx\/wp-content\/uploads\/2024\/12\/pexels-joshsorenson-59512-e1735660435530.jpeg","type":"image\/jpeg"}],"author":"Nexo Informativo","twitter_card":"summary_large_image","twitter_misc":{"Escrito por":"Nexo Informativo","Tiempo de lectura":"2 minutos"},"schema":{"@context":"https:\/\/schema.org","@graph":[{"@type":"Article","@id":"https:\/\/www.nexoinformativo.mx\/index.php\/2024\/12\/31\/el-programa-bacheton-avanza-a-buen-ritmo-mas-de-12-mil-kilometros-de-carreteras-reparadas\/#article","isPartOf":{"@id":"https:\/\/www.nexoinformativo.mx\/index.php\/2024\/12\/31\/el-programa-bacheton-avanza-a-buen-ritmo-mas-de-12-mil-kilometros-de-carreteras-reparadas\/"},"author":{"name":"Nexo Informativo","@id":"https:\/\/www.nexoinformativo.mx\/#\/schema\/person\/7749d380ba08c8ca00d7bc76fd907b7d"},"headline":"El programa Bachet\u00f3n avanza a buen ritmo. M\u00e1s de 12 mil kil\u00f3metros de carreteras reparadas","datePublished":"2024-12-31T14:00:19+00:00","dateModified":"2024-12-31T15:55:55+00:00","mainEntityOfPage":{"@id":"https:\/\/www.nexoinformativo.mx\/index.php\/2024\/12\/31\/el-programa-bacheton-avanza-a-buen-ritmo-mas-de-12-mil-kilometros-de-carreteras-reparadas\/"},"wordCount":258,"commentCount":0,"publisher":{"@id":"https:\/\/www.nexoinformativo.mx\/#organization"},"image":{"@id":"https:\/\/www.nexoinformativo.mx\/index.php\/2024\/12\/31\/el-programa-bacheton-avanza-a-buen-ritmo-mas-de-12-mil-kilometros-de-carreteras-reparadas\/#primaryimage"},"thumbnailUrl":"https:\/\/www.nexoinformativo.mx\/wp-content\/uploads\/2024\/12\/pexels-joshsorenson-59512-e1735660435530.jpeg","keywords":["Bachet\u00f3n","Carreteras","Infraestructura","SICT"],"articleSection":["Nacional","\u00daltima Hora"],"inLanguage":"es","potentialAction":[{"@type":"CommentAction","name":"Comment","target":["https:\/\/www.nexoinformativo.mx\/index.php\/2024\/12\/31\/el-programa-bacheton-avanza-a-buen-ritmo-mas-de-12-mil-kilometros-de-carreteras-reparadas\/#respond"]}]},{"@type":"WebPage","@id":"https:\/\/www.nexoinformativo.mx\/index.php\/2024\/12\/31\/el-programa-bacheton-avanza-a-buen-ritmo-mas-de-12-mil-kilometros-de-carreteras-reparadas\/","url":"https:\/\/www.nexoinformativo.mx\/index.php\/2024\/12\/31\/el-programa-bacheton-avanza-a-buen-ritmo-mas-de-12-mil-kilometros-de-carreteras-reparadas\/","name":"El programa Bachet\u00f3n avanza a buen ritmo. M\u00e1s de 12 mil kil\u00f3metros de carreteras reparadas | Nexo Informativo Santiago de Quer\u00e9taro","isPartOf":{"@id":"https:\/\/www.nexoinformativo.mx\/#website"},"primaryImageOfPage":{"@id":"https:\/\/www.nexoinformativo.mx\/index.php\/2024\/12\/31\/el-programa-bacheton-avanza-a-buen-ritmo-mas-de-12-mil-kilometros-de-carreteras-reparadas\/#primaryimage"},"image":{"@id":"https:\/\/www.nexoinformativo.mx\/index.php\/2024\/12\/31\/el-programa-bacheton-avanza-a-buen-ritmo-mas-de-12-mil-kilometros-de-carreteras-reparadas\/#primaryimage"},"thumbnailUrl":"https:\/\/www.nexoinformativo.mx\/wp-content\/uploads\/2024\/12\/pexels-joshsorenson-59512-e1735660435530.jpeg","datePublished":"2024-12-31T14:00:19+00:00","dateModified":"2024-12-31T15:55:55+00:00","description":"El programa Bachet\u00f3n avanza a buen ritmo. M\u00e1s de 12 mil kil\u00f3metros de carreteras reparadas","breadcrumb":{"@id":"https:\/\/www.nexoinformativo.mx\/index.php\/2024\/12\/31\/el-programa-bacheton-avanza-a-buen-ritmo-mas-de-12-mil-kilometros-de-carreteras-reparadas\/#breadcrumb"},"inLanguage":"es","potentialAction":[{"@type":"ReadAction","target":["https:\/\/www.nexoinformativo.mx\/index.php\/2024\/12\/31\/el-programa-bacheton-avanza-a-buen-ritmo-mas-de-12-mil-kilometros-de-carreteras-reparadas\/"]}]},{"@type":"ImageObject","inLanguage":"es","@id":"https:\/\/www.nexoinformativo.mx\/index.php\/2024\/12\/31\/el-programa-bacheton-avanza-a-buen-ritmo-mas-de-12-mil-kilometros-de-carreteras-reparadas\/#primaryimage","url":"https:\/\/www.nexoinformativo.mx\/wp-content\/uploads\/2024\/12\/pexels-joshsorenson-59512-e1735660435530.jpeg","contentUrl":"https:\/\/www.nexoinformativo.mx\/wp-content\/uploads\/2024\/12\/pexels-joshsorenson-59512-e1735660435530.jpeg","width":800,"height":533},{"@type":"BreadcrumbList","@id":"https:\/\/www.nexoinformativo.mx\/index.php\/2024\/12\/31\/el-programa-bacheton-avanza-a-buen-ritmo-mas-de-12-mil-kilometros-de-carreteras-reparadas\/#breadcrumb","itemListElement":[{"@type":"ListItem","position":1,"name":"Inicio","item":"https:\/\/www.nexoinformativo.mx\/"},{"@type":"ListItem","position":2,"name":"El programa Bachet\u00f3n avanza a buen ritmo. M\u00e1s de 12 mil kil\u00f3metros de carreteras reparadas"}]},{"@type":"WebSite","@id":"https:\/\/www.nexoinformativo.mx\/#website","url":"https:\/\/www.nexoinformativo.mx\/","name":"Nexo Informativo Santiago de Quer\u00e9taro","description":"Explora NexoInformativo y convi\u00e9rtete en parte de una comunidad que valora el conocimiento y la verdad. Tu nexoinformativo es tu puente hacia una comprensi\u00f3n m\u00e1s profunda del mundo que te rodea.","publisher":{"@id":"https:\/\/www.nexoinformativo.mx\/#organization"},"potentialAction":[{"@type":"SearchAction","target":{"@type":"EntryPoint","urlTemplate":"https:\/\/www.nexoinformativo.mx\/?s={search_term_string}"},"query-input":{"@type":"PropertyValueSpecification","valueRequired":true,"valueName":"search_term_string"}}],"inLanguage":"es"},{"@type":"Organization","@id":"https:\/\/www.nexoinformativo.mx\/#organization","name":"Nexo Informativo Santiago de Quer\u00e9taro","url":"https:\/\/www.nexoinformativo.mx\/","logo":{"@type":"ImageObject","inLanguage":"es","@id":"https:\/\/www.nexoinformativo.mx\/#\/schema\/logo\/image\/","url":"https:\/\/www.nexoinformativo.mx\/wp-content\/uploads\/2024\/07\/nexoi-trasparente-2.png","contentUrl":"https:\/\/www.nexoinformativo.mx\/wp-content\/uploads\/2024\/07\/nexoi-trasparente-2.png","width":816,"height":339,"caption":"Nexo Informativo Santiago de Quer\u00e9taro"},"image":{"@id":"https:\/\/www.nexoinformativo.mx\/#\/schema\/logo\/image\/"},"sameAs":["https:\/\/www.facebook.com\/people\/Nexo-Informativo\/61564066885511\/"]},{"@type":"Person","@id":"https:\/\/www.nexoinformativo.mx\/#\/schema\/person\/7749d380ba08c8ca00d7bc76fd907b7d","name":"Nexo Informativo","image":{"@type":"ImageObject","inLanguage":"es","@id":"https:\/\/www.nexoinformativo.mx\/#\/schema\/person\/image\/","url":"https:\/\/secure.gravatar.com\/avatar\/dde2928154642a13d95f87ddf1ea9718fe2b46760a005c53e41ff5ad610704e6?s=96&d=mm&r=g","contentUrl":"https:\/\/secure.gravatar.com\/avatar\/dde2928154642a13d95f87ddf1ea9718fe2b46760a005c53e41ff5ad610704e6?s=96&d=mm&r=g","caption":"Nexo Informativo"},"url":"https:\/\/www.nexoinformativo.mx\/index.php\/author\/edicion\/"}]}},"_links":{"self":[{"href":"https:\/\/www.nexoinformativo.mx\/index.php\/wp-json\/wp\/v2\/posts\/9106","targetHints":{"allow":["GET"]}}],"collection":[{"href":"https:\/\/www.nexoinformativo.mx\/index.php\/wp-json\/wp\/v2\/posts"}],"about":[{"href":"https:\/\/www.nexoinformativo.mx\/index.php\/wp-json\/wp\/v2\/types\/post"}],"author":[{"embeddable":true,"href":"https:\/\/www.nexoinformativo.mx\/index.php\/wp-json\/wp\/v2\/users\/3"}],"replies":[{"embeddable":true,"href":"https:\/\/www.nexoinformativo.mx\/index.php\/wp-json\/wp\/v2\/comments?post=9106"}],"version-history":[{"count":5,"href":"https:\/\/www.nexoinformativo.mx\/index.php\/wp-json\/wp\/v2\/posts\/9106\/revisions"}],"predecessor-version":[{"id":9111,"href":"https:\/\/www.nexoinformativo.mx\/index.php\/wp-json\/wp\/v2\/posts\/9106\/revisions\/9111"}],"wp:featuredmedia":[{"embeddable":true,"href":"https:\/\/www.nexoinformativo.mx\/index.php\/wp-json\/wp\/v2\/media\/9107"}],"wp:attachment":[{"href":"https:\/\/www.nexoinformativo.mx\/index.php\/wp-json\/wp\/v2\/media?parent=9106"}],"wp:term":[{"taxonomy":"category","embeddable":true,"href":"https:\/\/www.nexoinformativo.mx\/index.php\/wp-json\/wp\/v2\/categories?post=9106"},{"taxonomy":"post_tag","embeddable":true,"href":"https:\/\/www.nexoinformativo.mx\/index.php\/wp-json\/wp\/v2\/tags?post=9106"}],"curies":[{"name":"wp","href":"https:\/\/api.w.org\/{rel}","templated":true}]}}