{"id":9113,"date":"2024-12-31T08:30:32","date_gmt":"2024-12-31T14:30:32","guid":{"rendered":"https:\/\/www.nexoinformativo.mx\/?p=9113"},"modified":"2024-12-31T10:50:41","modified_gmt":"2024-12-31T16:50:41","slug":"la-ut-san-juan-te-impulsa-al-futuro-nuevas-carreras-y-modalidad-flexible-para-el-ciclo-2025-2026","status":"publish","type":"post","link":"https:\/\/www.nexoinformativo.mx\/index.php\/2024\/12\/31\/la-ut-san-juan-te-impulsa-al-futuro-nuevas-carreras-y-modalidad-flexible-para-el-ciclo-2025-2026\/","title":{"rendered":"\u00a1La UT San Juan te impulsa al futuro! Nuevas carreras y modalidad flexible para el ciclo 2025-2026"},"content":{"rendered":"<p style=\"text-align: justify;\" data-sourcepos=\"9:1-9:270\">La Universidad Tecnol\u00f3gica de San Juan del R\u00edo (UT San Juan) abre sus puertas a una nueva generaci\u00f3n de estudiantes. A partir del 2 de enero, los aspirantes podr\u00e1n iniciar su proceso de inscripci\u00f3n a trav\u00e9s de la p\u00e1gina web www.utsjr.edu.mx.<\/p>\n<p>&nbsp;<\/p>\n<p style=\"text-align: justify;\" data-sourcepos=\"11:1-11:228\">Para el ciclo escolar 2025-2026, la UT San Juan presenta una oferta educativa innovadora y actualizada, dise\u00f1ada para formar profesionales altamente capacitados y competitivos en el mercado laboral.<\/p>\n<p>&nbsp;<\/p>\n<p style=\"text-align: justify;\">La instituci\u00f3n ampl\u00eda su oferta acad\u00e9mica con nuevas ingenier\u00edas en \u00e1reas de gran demanda, como la Ingenier\u00eda Industrial, la Ingenier\u00eda en Tecnolog\u00edas de la Informaci\u00f3n e Innovaci\u00f3n Digital, la Ingenier\u00eda en Energ\u00eda y Desarrollo Sostenible y la Ingenier\u00eda en Mecatr\u00f3nica, con diversas especialidades para que los estudiantes elijan la que m\u00e1s se adapte a sus intereses.<\/p>\n<\/p>\n<p>&nbsp;<\/p>\n<p style=\"text-align: justify;\">Consciente de las necesidades de los estudiantes que trabajan, la UT San Juan ofrece la modalidad mixta virtual, combinando clases presenciales y en l\u00ednea para facilitar la conciliaci\u00f3n de estudios y vida laboral.<\/p>\n<\/p>\n<p>&nbsp;<\/p>\n<p style=\"text-align: justify;\">Gracias a la implementaci\u00f3n del nuevo modelo educativo, los estudiantes podr\u00e1n concluir sus estudios en menos tiempo, sin comprometer la calidad de la ense\u00f1anza. Adem\u00e1s, tendr\u00e1n la oportunidad de realizar dos estancias profesionales y obtener dos t\u00edtulos profesionales.<\/p>\n<p>&nbsp;<\/p>\n<p style=\"text-align: justify;\" data-sourcepos=\"17:1-17:144\">Estas y otras ventajas hacen de la UT San Juan una excelente opci\u00f3n para aquellos que buscan una educaci\u00f3n de calidad y con un enfoque pr\u00e1ctico.<\/p>\n<p>&nbsp;<\/p>\n<p style=\"text-align: justify;\" data-sourcepos=\"19:1-19:169\">\u00bfQuieres formar parte de esta nueva generaci\u00f3n de profesionales? Contacta a la UT San Juan a trav\u00e9s de WhatsApp al n\u00famero 442 137 82 58 para obtener m\u00e1s informaci\u00f3n.<\/p>\n<p>&nbsp;<\/p>\n<p style=\"text-align: center;\" data-sourcepos=\"19:1-19:169\"><em><strong>\u00a1Informaci\u00f3n que transforma!<\/strong><\/em><\/p>\n","protected":false},"excerpt":{"rendered":"<p>La Universidad Tecnol\u00f3gica de San Juan del R\u00edo (UT San Juan) abre sus puertas a una nueva generaci\u00f3n de estudiantes. A partir del 2 de enero, los aspirantes podr\u00e1n iniciar su proceso de inscripci\u00f3n a trav\u00e9s de la p\u00e1gina web www.utsjr.edu.mx.<\/p>\n","protected":false},"author":3,"featured_media":9114,"comment_status":"open","ping_status":"open","sticky":false,"template":"","format":"standard","meta":{"footnotes":""},"categories":[42,58],"tags":[1163,2920,2919,1999],"class_list":["post-9113","post","type-post","status-publish","format-standard","has-post-thumbnail","hentry","category-estado","category-ultima-hora","tag-educacionsuperior","tag-futuroprofesional","tag-nuevascarreras","tag-utsanjuan"],"yoast_head":"<!-- This site is optimized with the Yoast SEO plugin v25.0 - https:\/\/yoast.com\/wordpress\/plugins\/seo\/ -->\n<title>\u00a1La UT San Juan te impulsa al futuro! Nuevas carreras y modalidad flexible para el ciclo 2025-2026 | Nexo Informativo Santiago de Quer\u00e9taro<\/title>\n<meta name=\"description\" content=\"\u00a1La UT San Juan te impulsa al futuro! Nuevas carreras y modalidad flexible para el ciclo 2025-2026\" \/>\n<meta name=\"robots\" content=\"index, follow, max-snippet:-1, max-image-preview:large, max-video-preview:-1\" \/>\n<link rel=\"canonical\" href=\"https:\/\/www.nexoinformativo.mx\/index.php\/2024\/12\/31\/la-ut-san-juan-te-impulsa-al-futuro-nuevas-carreras-y-modalidad-flexible-para-el-ciclo-2025-2026\/\" \/>\n<meta property=\"og:locale\" content=\"es_MX\" \/>\n<meta property=\"og:type\" content=\"article\" \/>\n<meta property=\"og:title\" content=\"\u00a1La UT San Juan te impulsa al futuro! Nuevas carreras y modalidad flexible para el ciclo 2025-2026 | Nexo Informativo Santiago de Quer\u00e9taro\" \/>\n<meta property=\"og:description\" content=\"\u00a1La UT San Juan te impulsa al futuro! Nuevas carreras y modalidad flexible para el ciclo 2025-2026\" \/>\n<meta property=\"og:url\" content=\"https:\/\/www.nexoinformativo.mx\/index.php\/2024\/12\/31\/la-ut-san-juan-te-impulsa-al-futuro-nuevas-carreras-y-modalidad-flexible-para-el-ciclo-2025-2026\/\" \/>\n<meta property=\"og:site_name\" content=\"Nexo Informativo Santiago de Quer\u00e9taro\" \/>\n<meta property=\"article:publisher\" content=\"https:\/\/www.facebook.com\/people\/Nexo-Informativo\/61564066885511\/\" \/>\n<meta property=\"article:published_time\" content=\"2024-12-31T14:30:32+00:00\" \/>\n<meta property=\"article:modified_time\" content=\"2024-12-31T16:50:41+00:00\" \/>\n<meta property=\"og:image\" content=\"https:\/\/www.nexoinformativo.mx\/wp-content\/uploads\/2024\/12\/PHOTO-2024-12-31-08-19-23-e1735663459723.jpg\" \/>\n\t<meta property=\"og:image:width\" content=\"800\" \/>\n\t<meta property=\"og:image:height\" content=\"547\" \/>\n\t<meta property=\"og:image:type\" content=\"image\/jpeg\" \/>\n<meta name=\"author\" content=\"Nexo Informativo\" \/>\n<meta name=\"twitter:card\" content=\"summary_large_image\" \/>\n<meta name=\"twitter:label1\" content=\"Escrito por\" \/>\n\t<meta name=\"twitter:data1\" content=\"Nexo Informativo\" \/>\n\t<meta name=\"twitter:label2\" content=\"Tiempo de lectura\" \/>\n\t<meta name=\"twitter:data2\" content=\"2 minutos\" \/>\n<script type=\"application\/ld+json\" class=\"yoast-schema-graph\">{\"@context\":\"https:\/\/schema.org\",\"@graph\":[{\"@type\":\"Article\",\"@id\":\"https:\/\/www.nexoinformativo.mx\/index.php\/2024\/12\/31\/la-ut-san-juan-te-impulsa-al-futuro-nuevas-carreras-y-modalidad-flexible-para-el-ciclo-2025-2026\/#article\",\"isPartOf\":{\"@id\":\"https:\/\/www.nexoinformativo.mx\/index.php\/2024\/12\/31\/la-ut-san-juan-te-impulsa-al-futuro-nuevas-carreras-y-modalidad-flexible-para-el-ciclo-2025-2026\/\"},\"author\":{\"name\":\"Nexo Informativo\",\"@id\":\"https:\/\/www.nexoinformativo.mx\/#\/schema\/person\/7749d380ba08c8ca00d7bc76fd907b7d\"},\"headline\":\"\u00a1La UT San Juan te impulsa al futuro! Nuevas carreras y modalidad flexible para el ciclo 2025-2026\",\"datePublished\":\"2024-12-31T14:30:32+00:00\",\"dateModified\":\"2024-12-31T16:50:41+00:00\",\"mainEntityOfPage\":{\"@id\":\"https:\/\/www.nexoinformativo.mx\/index.php\/2024\/12\/31\/la-ut-san-juan-te-impulsa-al-futuro-nuevas-carreras-y-modalidad-flexible-para-el-ciclo-2025-2026\/\"},\"wordCount\":315,\"commentCount\":0,\"publisher\":{\"@id\":\"https:\/\/www.nexoinformativo.mx\/#organization\"},\"image\":{\"@id\":\"https:\/\/www.nexoinformativo.mx\/index.php\/2024\/12\/31\/la-ut-san-juan-te-impulsa-al-futuro-nuevas-carreras-y-modalidad-flexible-para-el-ciclo-2025-2026\/#primaryimage\"},\"thumbnailUrl\":\"https:\/\/www.nexoinformativo.mx\/wp-content\/uploads\/2024\/12\/PHOTO-2024-12-31-08-19-23-e1735663459723.jpg\",\"keywords\":[\"Educaci\u00f3nSuperior\",\"FuturoProfesional\",\"NuevasCarreras\",\"UTSanJuan\"],\"articleSection\":[\"Estado\",\"\u00daltima Hora\"],\"inLanguage\":\"es\",\"potentialAction\":[{\"@type\":\"CommentAction\",\"name\":\"Comment\",\"target\":[\"https:\/\/www.nexoinformativo.mx\/index.php\/2024\/12\/31\/la-ut-san-juan-te-impulsa-al-futuro-nuevas-carreras-y-modalidad-flexible-para-el-ciclo-2025-2026\/#respond\"]}]},{\"@type\":\"WebPage\",\"@id\":\"https:\/\/www.nexoinformativo.mx\/index.php\/2024\/12\/31\/la-ut-san-juan-te-impulsa-al-futuro-nuevas-carreras-y-modalidad-flexible-para-el-ciclo-2025-2026\/\",\"url\":\"https:\/\/www.nexoinformativo.mx\/index.php\/2024\/12\/31\/la-ut-san-juan-te-impulsa-al-futuro-nuevas-carreras-y-modalidad-flexible-para-el-ciclo-2025-2026\/\",\"name\":\"\u00a1La UT San Juan te impulsa al futuro! Nuevas carreras y modalidad flexible para el ciclo 2025-2026 | Nexo Informativo Santiago de Quer\u00e9taro\",\"isPartOf\":{\"@id\":\"https:\/\/www.nexoinformativo.mx\/#website\"},\"primaryImageOfPage\":{\"@id\":\"https:\/\/www.nexoinformativo.mx\/index.php\/2024\/12\/31\/la-ut-san-juan-te-impulsa-al-futuro-nuevas-carreras-y-modalidad-flexible-para-el-ciclo-2025-2026\/#primaryimage\"},\"image\":{\"@id\":\"https:\/\/www.nexoinformativo.mx\/index.php\/2024\/12\/31\/la-ut-san-juan-te-impulsa-al-futuro-nuevas-carreras-y-modalidad-flexible-para-el-ciclo-2025-2026\/#primaryimage\"},\"thumbnailUrl\":\"https:\/\/www.nexoinformativo.mx\/wp-content\/uploads\/2024\/12\/PHOTO-2024-12-31-08-19-23-e1735663459723.jpg\",\"datePublished\":\"2024-12-31T14:30:32+00:00\",\"dateModified\":\"2024-12-31T16:50:41+00:00\",\"description\":\"\u00a1La UT San Juan te impulsa al futuro! Nuevas carreras y modalidad flexible para el ciclo 2025-2026\",\"breadcrumb\":{\"@id\":\"https:\/\/www.nexoinformativo.mx\/index.php\/2024\/12\/31\/la-ut-san-juan-te-impulsa-al-futuro-nuevas-carreras-y-modalidad-flexible-para-el-ciclo-2025-2026\/#breadcrumb\"},\"inLanguage\":\"es\",\"potentialAction\":[{\"@type\":\"ReadAction\",\"target\":[\"https:\/\/www.nexoinformativo.mx\/index.php\/2024\/12\/31\/la-ut-san-juan-te-impulsa-al-futuro-nuevas-carreras-y-modalidad-flexible-para-el-ciclo-2025-2026\/\"]}]},{\"@type\":\"ImageObject\",\"inLanguage\":\"es\",\"@id\":\"https:\/\/www.nexoinformativo.mx\/index.php\/2024\/12\/31\/la-ut-san-juan-te-impulsa-al-futuro-nuevas-carreras-y-modalidad-flexible-para-el-ciclo-2025-2026\/#primaryimage\",\"url\":\"https:\/\/www.nexoinformativo.mx\/wp-content\/uploads\/2024\/12\/PHOTO-2024-12-31-08-19-23-e1735663459723.jpg\",\"contentUrl\":\"https:\/\/www.nexoinformativo.mx\/wp-content\/uploads\/2024\/12\/PHOTO-2024-12-31-08-19-23-e1735663459723.jpg\",\"width\":800,\"height\":547},{\"@type\":\"BreadcrumbList\",\"@id\":\"https:\/\/www.nexoinformativo.mx\/index.php\/2024\/12\/31\/la-ut-san-juan-te-impulsa-al-futuro-nuevas-carreras-y-modalidad-flexible-para-el-ciclo-2025-2026\/#breadcrumb\",\"itemListElement\":[{\"@type\":\"ListItem\",\"position\":1,\"name\":\"Inicio\",\"item\":\"https:\/\/www.nexoinformativo.mx\/\"},{\"@type\":\"ListItem\",\"position\":2,\"name\":\"\u00a1La UT San Juan te impulsa al futuro! Nuevas carreras y modalidad flexible para el ciclo 2025-2026\"}]},{\"@type\":\"WebSite\",\"@id\":\"https:\/\/www.nexoinformativo.mx\/#website\",\"url\":\"https:\/\/www.nexoinformativo.mx\/\",\"name\":\"Nexo Informativo Santiago de Quer\u00e9taro\",\"description\":\"Explora NexoInformativo y convi\u00e9rtete en parte de una comunidad que valora el conocimiento y la verdad. Tu nexoinformativo es tu puente hacia una comprensi\u00f3n m\u00e1s profunda del mundo que te rodea.\",\"publisher\":{\"@id\":\"https:\/\/www.nexoinformativo.mx\/#organization\"},\"potentialAction\":[{\"@type\":\"SearchAction\",\"target\":{\"@type\":\"EntryPoint\",\"urlTemplate\":\"https:\/\/www.nexoinformativo.mx\/?s={search_term_string}\"},\"query-input\":{\"@type\":\"PropertyValueSpecification\",\"valueRequired\":true,\"valueName\":\"search_term_string\"}}],\"inLanguage\":\"es\"},{\"@type\":\"Organization\",\"@id\":\"https:\/\/www.nexoinformativo.mx\/#organization\",\"name\":\"Nexo Informativo Santiago de Quer\u00e9taro\",\"url\":\"https:\/\/www.nexoinformativo.mx\/\",\"logo\":{\"@type\":\"ImageObject\",\"inLanguage\":\"es\",\"@id\":\"https:\/\/www.nexoinformativo.mx\/#\/schema\/logo\/image\/\",\"url\":\"https:\/\/www.nexoinformativo.mx\/wp-content\/uploads\/2024\/07\/nexoi-trasparente-2.png\",\"contentUrl\":\"https:\/\/www.nexoinformativo.mx\/wp-content\/uploads\/2024\/07\/nexoi-trasparente-2.png\",\"width\":816,\"height\":339,\"caption\":\"Nexo Informativo Santiago de Quer\u00e9taro\"},\"image\":{\"@id\":\"https:\/\/www.nexoinformativo.mx\/#\/schema\/logo\/image\/\"},\"sameAs\":[\"https:\/\/www.facebook.com\/people\/Nexo-Informativo\/61564066885511\/\"]},{\"@type\":\"Person\",\"@id\":\"https:\/\/www.nexoinformativo.mx\/#\/schema\/person\/7749d380ba08c8ca00d7bc76fd907b7d\",\"name\":\"Nexo Informativo\",\"image\":{\"@type\":\"ImageObject\",\"inLanguage\":\"es\",\"@id\":\"https:\/\/www.nexoinformativo.mx\/#\/schema\/person\/image\/\",\"url\":\"https:\/\/secure.gravatar.com\/avatar\/dde2928154642a13d95f87ddf1ea9718fe2b46760a005c53e41ff5ad610704e6?s=96&d=mm&r=g\",\"contentUrl\":\"https:\/\/secure.gravatar.com\/avatar\/dde2928154642a13d95f87ddf1ea9718fe2b46760a005c53e41ff5ad610704e6?s=96&d=mm&r=g\",\"caption\":\"Nexo Informativo\"},\"url\":\"https:\/\/www.nexoinformativo.mx\/index.php\/author\/edicion\/\"}]}<\/script>\n<!-- \/ Yoast SEO plugin. -->","yoast_head_json":{"title":"\u00a1La UT San Juan te impulsa al futuro! Nuevas carreras y modalidad flexible para el ciclo 2025-2026 | Nexo Informativo Santiago de Quer\u00e9taro","description":"\u00a1La UT San Juan te impulsa al futuro! Nuevas carreras y modalidad flexible para el ciclo 2025-2026","robots":{"index":"index","follow":"follow","max-snippet":"max-snippet:-1","max-image-preview":"max-image-preview:large","max-video-preview":"max-video-preview:-1"},"canonical":"https:\/\/www.nexoinformativo.mx\/index.php\/2024\/12\/31\/la-ut-san-juan-te-impulsa-al-futuro-nuevas-carreras-y-modalidad-flexible-para-el-ciclo-2025-2026\/","og_locale":"es_MX","og_type":"article","og_title":"\u00a1La UT San Juan te impulsa al futuro! Nuevas carreras y modalidad flexible para el ciclo 2025-2026 | Nexo Informativo Santiago de Quer\u00e9taro","og_description":"\u00a1La UT San Juan te impulsa al futuro! Nuevas carreras y modalidad flexible para el ciclo 2025-2026","og_url":"https:\/\/www.nexoinformativo.mx\/index.php\/2024\/12\/31\/la-ut-san-juan-te-impulsa-al-futuro-nuevas-carreras-y-modalidad-flexible-para-el-ciclo-2025-2026\/","og_site_name":"Nexo Informativo Santiago de Quer\u00e9taro","article_publisher":"https:\/\/www.facebook.com\/people\/Nexo-Informativo\/61564066885511\/","article_published_time":"2024-12-31T14:30:32+00:00","article_modified_time":"2024-12-31T16:50:41+00:00","og_image":[{"width":800,"height":547,"url":"https:\/\/www.nexoinformativo.mx\/wp-content\/uploads\/2024\/12\/PHOTO-2024-12-31-08-19-23-e1735663459723.jpg","type":"image\/jpeg"}],"author":"Nexo Informativo","twitter_card":"summary_large_image","twitter_misc":{"Escrito por":"Nexo Informativo","Tiempo de lectura":"2 minutos"},"schema":{"@context":"https:\/\/schema.org","@graph":[{"@type":"Article","@id":"https:\/\/www.nexoinformativo.mx\/index.php\/2024\/12\/31\/la-ut-san-juan-te-impulsa-al-futuro-nuevas-carreras-y-modalidad-flexible-para-el-ciclo-2025-2026\/#article","isPartOf":{"@id":"https:\/\/www.nexoinformativo.mx\/index.php\/2024\/12\/31\/la-ut-san-juan-te-impulsa-al-futuro-nuevas-carreras-y-modalidad-flexible-para-el-ciclo-2025-2026\/"},"author":{"name":"Nexo Informativo","@id":"https:\/\/www.nexoinformativo.mx\/#\/schema\/person\/7749d380ba08c8ca00d7bc76fd907b7d"},"headline":"\u00a1La UT San Juan te impulsa al futuro! Nuevas carreras y modalidad flexible para el ciclo 2025-2026","datePublished":"2024-12-31T14:30:32+00:00","dateModified":"2024-12-31T16:50:41+00:00","mainEntityOfPage":{"@id":"https:\/\/www.nexoinformativo.mx\/index.php\/2024\/12\/31\/la-ut-san-juan-te-impulsa-al-futuro-nuevas-carreras-y-modalidad-flexible-para-el-ciclo-2025-2026\/"},"wordCount":315,"commentCount":0,"publisher":{"@id":"https:\/\/www.nexoinformativo.mx\/#organization"},"image":{"@id":"https:\/\/www.nexoinformativo.mx\/index.php\/2024\/12\/31\/la-ut-san-juan-te-impulsa-al-futuro-nuevas-carreras-y-modalidad-flexible-para-el-ciclo-2025-2026\/#primaryimage"},"thumbnailUrl":"https:\/\/www.nexoinformativo.mx\/wp-content\/uploads\/2024\/12\/PHOTO-2024-12-31-08-19-23-e1735663459723.jpg","keywords":["Educaci\u00f3nSuperior","FuturoProfesional","NuevasCarreras","UTSanJuan"],"articleSection":["Estado","\u00daltima Hora"],"inLanguage":"es","potentialAction":[{"@type":"CommentAction","name":"Comment","target":["https:\/\/www.nexoinformativo.mx\/index.php\/2024\/12\/31\/la-ut-san-juan-te-impulsa-al-futuro-nuevas-carreras-y-modalidad-flexible-para-el-ciclo-2025-2026\/#respond"]}]},{"@type":"WebPage","@id":"https:\/\/www.nexoinformativo.mx\/index.php\/2024\/12\/31\/la-ut-san-juan-te-impulsa-al-futuro-nuevas-carreras-y-modalidad-flexible-para-el-ciclo-2025-2026\/","url":"https:\/\/www.nexoinformativo.mx\/index.php\/2024\/12\/31\/la-ut-san-juan-te-impulsa-al-futuro-nuevas-carreras-y-modalidad-flexible-para-el-ciclo-2025-2026\/","name":"\u00a1La UT San Juan te impulsa al futuro! Nuevas carreras y modalidad flexible para el ciclo 2025-2026 | Nexo Informativo Santiago de Quer\u00e9taro","isPartOf":{"@id":"https:\/\/www.nexoinformativo.mx\/#website"},"primaryImageOfPage":{"@id":"https:\/\/www.nexoinformativo.mx\/index.php\/2024\/12\/31\/la-ut-san-juan-te-impulsa-al-futuro-nuevas-carreras-y-modalidad-flexible-para-el-ciclo-2025-2026\/#primaryimage"},"image":{"@id":"https:\/\/www.nexoinformativo.mx\/index.php\/2024\/12\/31\/la-ut-san-juan-te-impulsa-al-futuro-nuevas-carreras-y-modalidad-flexible-para-el-ciclo-2025-2026\/#primaryimage"},"thumbnailUrl":"https:\/\/www.nexoinformativo.mx\/wp-content\/uploads\/2024\/12\/PHOTO-2024-12-31-08-19-23-e1735663459723.jpg","datePublished":"2024-12-31T14:30:32+00:00","dateModified":"2024-12-31T16:50:41+00:00","description":"\u00a1La UT San Juan te impulsa al futuro! Nuevas carreras y modalidad flexible para el ciclo 2025-2026","breadcrumb":{"@id":"https:\/\/www.nexoinformativo.mx\/index.php\/2024\/12\/31\/la-ut-san-juan-te-impulsa-al-futuro-nuevas-carreras-y-modalidad-flexible-para-el-ciclo-2025-2026\/#breadcrumb"},"inLanguage":"es","potentialAction":[{"@type":"ReadAction","target":["https:\/\/www.nexoinformativo.mx\/index.php\/2024\/12\/31\/la-ut-san-juan-te-impulsa-al-futuro-nuevas-carreras-y-modalidad-flexible-para-el-ciclo-2025-2026\/"]}]},{"@type":"ImageObject","inLanguage":"es","@id":"https:\/\/www.nexoinformativo.mx\/index.php\/2024\/12\/31\/la-ut-san-juan-te-impulsa-al-futuro-nuevas-carreras-y-modalidad-flexible-para-el-ciclo-2025-2026\/#primaryimage","url":"https:\/\/www.nexoinformativo.mx\/wp-content\/uploads\/2024\/12\/PHOTO-2024-12-31-08-19-23-e1735663459723.jpg","contentUrl":"https:\/\/www.nexoinformativo.mx\/wp-content\/uploads\/2024\/12\/PHOTO-2024-12-31-08-19-23-e1735663459723.jpg","width":800,"height":547},{"@type":"BreadcrumbList","@id":"https:\/\/www.nexoinformativo.mx\/index.php\/2024\/12\/31\/la-ut-san-juan-te-impulsa-al-futuro-nuevas-carreras-y-modalidad-flexible-para-el-ciclo-2025-2026\/#breadcrumb","itemListElement":[{"@type":"ListItem","position":1,"name":"Inicio","item":"https:\/\/www.nexoinformativo.mx\/"},{"@type":"ListItem","position":2,"name":"\u00a1La UT San Juan te impulsa al futuro! Nuevas carreras y modalidad flexible para el ciclo 2025-2026"}]},{"@type":"WebSite","@id":"https:\/\/www.nexoinformativo.mx\/#website","url":"https:\/\/www.nexoinformativo.mx\/","name":"Nexo Informativo Santiago de Quer\u00e9taro","description":"Explora NexoInformativo y convi\u00e9rtete en parte de una comunidad que valora el conocimiento y la verdad. Tu nexoinformativo es tu puente hacia una comprensi\u00f3n m\u00e1s profunda del mundo que te rodea.","publisher":{"@id":"https:\/\/www.nexoinformativo.mx\/#organization"},"potentialAction":[{"@type":"SearchAction","target":{"@type":"EntryPoint","urlTemplate":"https:\/\/www.nexoinformativo.mx\/?s={search_term_string}"},"query-input":{"@type":"PropertyValueSpecification","valueRequired":true,"valueName":"search_term_string"}}],"inLanguage":"es"},{"@type":"Organization","@id":"https:\/\/www.nexoinformativo.mx\/#organization","name":"Nexo Informativo Santiago de Quer\u00e9taro","url":"https:\/\/www.nexoinformativo.mx\/","logo":{"@type":"ImageObject","inLanguage":"es","@id":"https:\/\/www.nexoinformativo.mx\/#\/schema\/logo\/image\/","url":"https:\/\/www.nexoinformativo.mx\/wp-content\/uploads\/2024\/07\/nexoi-trasparente-2.png","contentUrl":"https:\/\/www.nexoinformativo.mx\/wp-content\/uploads\/2024\/07\/nexoi-trasparente-2.png","width":816,"height":339,"caption":"Nexo Informativo Santiago de Quer\u00e9taro"},"image":{"@id":"https:\/\/www.nexoinformativo.mx\/#\/schema\/logo\/image\/"},"sameAs":["https:\/\/www.facebook.com\/people\/Nexo-Informativo\/61564066885511\/"]},{"@type":"Person","@id":"https:\/\/www.nexoinformativo.mx\/#\/schema\/person\/7749d380ba08c8ca00d7bc76fd907b7d","name":"Nexo Informativo","image":{"@type":"ImageObject","inLanguage":"es","@id":"https:\/\/www.nexoinformativo.mx\/#\/schema\/person\/image\/","url":"https:\/\/secure.gravatar.com\/avatar\/dde2928154642a13d95f87ddf1ea9718fe2b46760a005c53e41ff5ad610704e6?s=96&d=mm&r=g","contentUrl":"https:\/\/secure.gravatar.com\/avatar\/dde2928154642a13d95f87ddf1ea9718fe2b46760a005c53e41ff5ad610704e6?s=96&d=mm&r=g","caption":"Nexo Informativo"},"url":"https:\/\/www.nexoinformativo.mx\/index.php\/author\/edicion\/"}]}},"_links":{"self":[{"href":"https:\/\/www.nexoinformativo.mx\/index.php\/wp-json\/wp\/v2\/posts\/9113","targetHints":{"allow":["GET"]}}],"collection":[{"href":"https:\/\/www.nexoinformativo.mx\/index.php\/wp-json\/wp\/v2\/posts"}],"about":[{"href":"https:\/\/www.nexoinformativo.mx\/index.php\/wp-json\/wp\/v2\/types\/post"}],"author":[{"embeddable":true,"href":"https:\/\/www.nexoinformativo.mx\/index.php\/wp-json\/wp\/v2\/users\/3"}],"replies":[{"embeddable":true,"href":"https:\/\/www.nexoinformativo.mx\/index.php\/wp-json\/wp\/v2\/comments?post=9113"}],"version-history":[{"count":7,"href":"https:\/\/www.nexoinformativo.mx\/index.php\/wp-json\/wp\/v2\/posts\/9113\/revisions"}],"predecessor-version":[{"id":9122,"href":"https:\/\/www.nexoinformativo.mx\/index.php\/wp-json\/wp\/v2\/posts\/9113\/revisions\/9122"}],"wp:featuredmedia":[{"embeddable":true,"href":"https:\/\/www.nexoinformativo.mx\/index.php\/wp-json\/wp\/v2\/media\/9114"}],"wp:attachment":[{"href":"https:\/\/www.nexoinformativo.mx\/index.php\/wp-json\/wp\/v2\/media?parent=9113"}],"wp:term":[{"taxonomy":"category","embeddable":true,"href":"https:\/\/www.nexoinformativo.mx\/index.php\/wp-json\/wp\/v2\/categories?post=9113"},{"taxonomy":"post_tag","embeddable":true,"href":"https:\/\/www.nexoinformativo.mx\/index.php\/wp-json\/wp\/v2\/tags?post=9113"}],"curies":[{"name":"wp","href":"https:\/\/api.w.org\/{rel}","templated":true}]}}