{"id":9137,"date":"2024-12-31T12:00:05","date_gmt":"2024-12-31T18:00:05","guid":{"rendered":"https:\/\/www.nexoinformativo.mx\/?p=9137"},"modified":"2024-12-31T14:16:40","modified_gmt":"2024-12-31T20:16:40","slug":"profeco-revela-donde-encontrar-las-uvas-mas-baratas-para-ano-nuevo","status":"publish","type":"post","link":"https:\/\/www.nexoinformativo.mx\/index.php\/2024\/12\/31\/profeco-revela-donde-encontrar-las-uvas-mas-baratas-para-ano-nuevo\/","title":{"rendered":"Profeco te revela \u00bfD\u00f3nde encontrar las uvas m\u00e1s baratas para A\u00f1o Nuevo?"},"content":{"rendered":"<p style=\"text-align: justify;\" data-sourcepos=\"7:1-7:341\">\u00bfListo para recibir el A\u00f1o Nuevo con las 12 uvas tradicionales? La Procuradur\u00eda Federal del Consumidor (Profeco) te trae buenas noticias.<\/p>\n<p>&nbsp;<\/p>\n<p style=\"text-align: justify;\">Ante el alza de precios en algunos establecimientos, la Profeco ha realizado un monitoreo exhaustivo para que puedas encontrar las uvas m\u00e1s econ\u00f3micas y disfrutar de esta tradici\u00f3n sin gastar de m\u00e1s.<\/p>\n<p>&nbsp;<\/p>\n<p style=\"text-align: justify;\" data-sourcepos=\"11:1-11:271\">Seg\u00fan el estudio de Profeco, el precio promedio por kilogramo de uva verde sin semilla ronda los $113.70 pesos, mientras que la uva roja tiene un costo promedio de $87.80 pesos. Sin embargo, existen grandes variaciones en los precios dependiendo de la tienda y la regi\u00f3n.<\/p>\n<p>&nbsp;<\/p>\n<p style=\"text-align: justify;\" data-sourcepos=\"15:1-15:285\">La Profeco ha identificado varios establecimientos donde puedes encontrar las uvas a precios m\u00e1s accesibles. Por ejemplo, en Soriana, la uva verde se encuentra a $69.80 pesos por kilo, mientras que en el Mercado de Bastos, puedes adquirirla a $75.00 pesos.<\/p>\n<p>&nbsp;<\/p>\n<p style=\"text-align: justify;\" data-sourcepos=\"17:1-17:152\">Para la uva roja, la Central de Abasto ofrece un precio de $60.00 pesos por kilo, y en Mega Soriana la encontrar\u00e1s a $69.80 pesos.<\/p>\n<p>&nbsp;<\/p>\n<p style=\"text-align: justify;\" data-sourcepos=\"21:1-21:163\">El costo de las uvas puede variar debido a factores como la ubicaci\u00f3n de la tienda, los costos de transporte y las estrategias comerciales de cada establecimiento.<\/p>\n<p>&nbsp;<\/p>\n<p style=\"text-align: justify;\" data-sourcepos=\"23:1-23:31\">Recomendaciones de Profeco, antes de comprar visita diferentes establecimientos y compara precios. Busca promociones aprovecha descuentos y ofertas especiales. Y adquiere lo necesario, evita comprar en exceso para no generar desperdicio.<\/p>\n<p>&nbsp;<\/p>\n<p style=\"text-align: center;\" data-sourcepos=\"29:1-29:182\"><em><strong>\u00a1Informaci\u00f3n que transforma!<\/strong><\/em><\/p>\n","protected":false},"excerpt":{"rendered":"<p>\u00bfListo para recibir el A\u00f1o Nuevo con las 12 uvas tradicionales? La Procuradur\u00eda Federal del Consumidor (Profeco) te trae buenas noticias.<\/p>\n","protected":false},"author":3,"featured_media":9139,"comment_status":"open","ping_status":"open","sticky":false,"template":"","format":"standard","meta":{"footnotes":""},"categories":[5,42,58],"tags":[2769,1662,1834,2926],"class_list":["post-9137","post","type-post","status-publish","format-standard","has-post-thumbnail","hentry","category-economia","category-estado","category-ultima-hora","tag-anonuevo","tag-precios","tag-profeco","tag-uvas"],"yoast_head":"<!-- This site is optimized with the Yoast SEO plugin v25.0 - https:\/\/yoast.com\/wordpress\/plugins\/seo\/ -->\n<title>Profeco te revela \u00bfD\u00f3nde encontrar las uvas m\u00e1s baratas para A\u00f1o Nuevo? | Nexo Informativo Santiago de Quer\u00e9taro<\/title>\n<meta name=\"description\" content=\"Profeco revela: \u00bfD\u00f3nde encontrar las uvas m\u00e1s baratas para A\u00f1o Nuevo?\" \/>\n<meta name=\"robots\" content=\"index, follow, max-snippet:-1, max-image-preview:large, max-video-preview:-1\" \/>\n<link rel=\"canonical\" href=\"https:\/\/www.nexoinformativo.mx\/index.php\/2024\/12\/31\/profeco-revela-donde-encontrar-las-uvas-mas-baratas-para-ano-nuevo\/\" \/>\n<meta property=\"og:locale\" content=\"es_MX\" \/>\n<meta property=\"og:type\" content=\"article\" \/>\n<meta property=\"og:title\" content=\"Profeco te revela \u00bfD\u00f3nde encontrar las uvas m\u00e1s baratas para A\u00f1o Nuevo? | Nexo Informativo Santiago de Quer\u00e9taro\" \/>\n<meta property=\"og:description\" content=\"Profeco revela: \u00bfD\u00f3nde encontrar las uvas m\u00e1s baratas para A\u00f1o Nuevo?\" \/>\n<meta property=\"og:url\" content=\"https:\/\/www.nexoinformativo.mx\/index.php\/2024\/12\/31\/profeco-revela-donde-encontrar-las-uvas-mas-baratas-para-ano-nuevo\/\" \/>\n<meta property=\"og:site_name\" content=\"Nexo Informativo Santiago de Quer\u00e9taro\" \/>\n<meta property=\"article:publisher\" content=\"https:\/\/www.facebook.com\/people\/Nexo-Informativo\/61564066885511\/\" \/>\n<meta property=\"article:published_time\" content=\"2024-12-31T18:00:05+00:00\" \/>\n<meta property=\"article:modified_time\" content=\"2024-12-31T20:16:40+00:00\" \/>\n<meta property=\"og:image\" content=\"https:\/\/www.nexoinformativo.mx\/wp-content\/uploads\/2024\/12\/2149190925-e1735673692128.jpg\" \/>\n\t<meta property=\"og:image:width\" content=\"800\" \/>\n\t<meta property=\"og:image:height\" content=\"593\" \/>\n\t<meta property=\"og:image:type\" content=\"image\/jpeg\" \/>\n<meta name=\"author\" content=\"Nexo Informativo\" \/>\n<meta name=\"twitter:card\" content=\"summary_large_image\" \/>\n<meta name=\"twitter:label1\" content=\"Escrito por\" \/>\n\t<meta name=\"twitter:data1\" content=\"Nexo Informativo\" \/>\n\t<meta name=\"twitter:label2\" content=\"Tiempo de lectura\" \/>\n\t<meta name=\"twitter:data2\" content=\"2 minutos\" \/>\n<script type=\"application\/ld+json\" class=\"yoast-schema-graph\">{\"@context\":\"https:\/\/schema.org\",\"@graph\":[{\"@type\":\"Article\",\"@id\":\"https:\/\/www.nexoinformativo.mx\/index.php\/2024\/12\/31\/profeco-revela-donde-encontrar-las-uvas-mas-baratas-para-ano-nuevo\/#article\",\"isPartOf\":{\"@id\":\"https:\/\/www.nexoinformativo.mx\/index.php\/2024\/12\/31\/profeco-revela-donde-encontrar-las-uvas-mas-baratas-para-ano-nuevo\/\"},\"author\":{\"name\":\"Nexo Informativo\",\"@id\":\"https:\/\/www.nexoinformativo.mx\/#\/schema\/person\/7749d380ba08c8ca00d7bc76fd907b7d\"},\"headline\":\"Profeco te revela \u00bfD\u00f3nde encontrar las uvas m\u00e1s baratas para A\u00f1o Nuevo?\",\"datePublished\":\"2024-12-31T18:00:05+00:00\",\"dateModified\":\"2024-12-31T20:16:40+00:00\",\"mainEntityOfPage\":{\"@id\":\"https:\/\/www.nexoinformativo.mx\/index.php\/2024\/12\/31\/profeco-revela-donde-encontrar-las-uvas-mas-baratas-para-ano-nuevo\/\"},\"wordCount\":253,\"commentCount\":0,\"publisher\":{\"@id\":\"https:\/\/www.nexoinformativo.mx\/#organization\"},\"image\":{\"@id\":\"https:\/\/www.nexoinformativo.mx\/index.php\/2024\/12\/31\/profeco-revela-donde-encontrar-las-uvas-mas-baratas-para-ano-nuevo\/#primaryimage\"},\"thumbnailUrl\":\"https:\/\/www.nexoinformativo.mx\/wp-content\/uploads\/2024\/12\/2149190925-e1735673692128.jpg\",\"keywords\":[\"A\u00f1oNuevo\",\"Precios\",\"Profeco\",\"Uvas\"],\"articleSection\":[\"Econom\u00eda\",\"Estado\",\"\u00daltima Hora\"],\"inLanguage\":\"es\",\"potentialAction\":[{\"@type\":\"CommentAction\",\"name\":\"Comment\",\"target\":[\"https:\/\/www.nexoinformativo.mx\/index.php\/2024\/12\/31\/profeco-revela-donde-encontrar-las-uvas-mas-baratas-para-ano-nuevo\/#respond\"]}]},{\"@type\":\"WebPage\",\"@id\":\"https:\/\/www.nexoinformativo.mx\/index.php\/2024\/12\/31\/profeco-revela-donde-encontrar-las-uvas-mas-baratas-para-ano-nuevo\/\",\"url\":\"https:\/\/www.nexoinformativo.mx\/index.php\/2024\/12\/31\/profeco-revela-donde-encontrar-las-uvas-mas-baratas-para-ano-nuevo\/\",\"name\":\"Profeco te revela \u00bfD\u00f3nde encontrar las uvas m\u00e1s baratas para A\u00f1o Nuevo? | Nexo Informativo Santiago de Quer\u00e9taro\",\"isPartOf\":{\"@id\":\"https:\/\/www.nexoinformativo.mx\/#website\"},\"primaryImageOfPage\":{\"@id\":\"https:\/\/www.nexoinformativo.mx\/index.php\/2024\/12\/31\/profeco-revela-donde-encontrar-las-uvas-mas-baratas-para-ano-nuevo\/#primaryimage\"},\"image\":{\"@id\":\"https:\/\/www.nexoinformativo.mx\/index.php\/2024\/12\/31\/profeco-revela-donde-encontrar-las-uvas-mas-baratas-para-ano-nuevo\/#primaryimage\"},\"thumbnailUrl\":\"https:\/\/www.nexoinformativo.mx\/wp-content\/uploads\/2024\/12\/2149190925-e1735673692128.jpg\",\"datePublished\":\"2024-12-31T18:00:05+00:00\",\"dateModified\":\"2024-12-31T20:16:40+00:00\",\"description\":\"Profeco revela: \u00bfD\u00f3nde encontrar las uvas m\u00e1s baratas para A\u00f1o Nuevo?\",\"breadcrumb\":{\"@id\":\"https:\/\/www.nexoinformativo.mx\/index.php\/2024\/12\/31\/profeco-revela-donde-encontrar-las-uvas-mas-baratas-para-ano-nuevo\/#breadcrumb\"},\"inLanguage\":\"es\",\"potentialAction\":[{\"@type\":\"ReadAction\",\"target\":[\"https:\/\/www.nexoinformativo.mx\/index.php\/2024\/12\/31\/profeco-revela-donde-encontrar-las-uvas-mas-baratas-para-ano-nuevo\/\"]}]},{\"@type\":\"ImageObject\",\"inLanguage\":\"es\",\"@id\":\"https:\/\/www.nexoinformativo.mx\/index.php\/2024\/12\/31\/profeco-revela-donde-encontrar-las-uvas-mas-baratas-para-ano-nuevo\/#primaryimage\",\"url\":\"https:\/\/www.nexoinformativo.mx\/wp-content\/uploads\/2024\/12\/2149190925-e1735673692128.jpg\",\"contentUrl\":\"https:\/\/www.nexoinformativo.mx\/wp-content\/uploads\/2024\/12\/2149190925-e1735673692128.jpg\",\"width\":800,\"height\":593},{\"@type\":\"BreadcrumbList\",\"@id\":\"https:\/\/www.nexoinformativo.mx\/index.php\/2024\/12\/31\/profeco-revela-donde-encontrar-las-uvas-mas-baratas-para-ano-nuevo\/#breadcrumb\",\"itemListElement\":[{\"@type\":\"ListItem\",\"position\":1,\"name\":\"Inicio\",\"item\":\"https:\/\/www.nexoinformativo.mx\/\"},{\"@type\":\"ListItem\",\"position\":2,\"name\":\"Profeco te revela \u00bfD\u00f3nde encontrar las uvas m\u00e1s baratas para A\u00f1o Nuevo?\"}]},{\"@type\":\"WebSite\",\"@id\":\"https:\/\/www.nexoinformativo.mx\/#website\",\"url\":\"https:\/\/www.nexoinformativo.mx\/\",\"name\":\"Nexo Informativo Santiago de Quer\u00e9taro\",\"description\":\"Explora NexoInformativo y convi\u00e9rtete en parte de una comunidad que valora el conocimiento y la verdad. Tu nexoinformativo es tu puente hacia una comprensi\u00f3n m\u00e1s profunda del mundo que te rodea.\",\"publisher\":{\"@id\":\"https:\/\/www.nexoinformativo.mx\/#organization\"},\"potentialAction\":[{\"@type\":\"SearchAction\",\"target\":{\"@type\":\"EntryPoint\",\"urlTemplate\":\"https:\/\/www.nexoinformativo.mx\/?s={search_term_string}\"},\"query-input\":{\"@type\":\"PropertyValueSpecification\",\"valueRequired\":true,\"valueName\":\"search_term_string\"}}],\"inLanguage\":\"es\"},{\"@type\":\"Organization\",\"@id\":\"https:\/\/www.nexoinformativo.mx\/#organization\",\"name\":\"Nexo Informativo Santiago de Quer\u00e9taro\",\"url\":\"https:\/\/www.nexoinformativo.mx\/\",\"logo\":{\"@type\":\"ImageObject\",\"inLanguage\":\"es\",\"@id\":\"https:\/\/www.nexoinformativo.mx\/#\/schema\/logo\/image\/\",\"url\":\"https:\/\/www.nexoinformativo.mx\/wp-content\/uploads\/2024\/07\/nexoi-trasparente-2.png\",\"contentUrl\":\"https:\/\/www.nexoinformativo.mx\/wp-content\/uploads\/2024\/07\/nexoi-trasparente-2.png\",\"width\":816,\"height\":339,\"caption\":\"Nexo Informativo Santiago de Quer\u00e9taro\"},\"image\":{\"@id\":\"https:\/\/www.nexoinformativo.mx\/#\/schema\/logo\/image\/\"},\"sameAs\":[\"https:\/\/www.facebook.com\/people\/Nexo-Informativo\/61564066885511\/\"]},{\"@type\":\"Person\",\"@id\":\"https:\/\/www.nexoinformativo.mx\/#\/schema\/person\/7749d380ba08c8ca00d7bc76fd907b7d\",\"name\":\"Nexo Informativo\",\"image\":{\"@type\":\"ImageObject\",\"inLanguage\":\"es\",\"@id\":\"https:\/\/www.nexoinformativo.mx\/#\/schema\/person\/image\/\",\"url\":\"https:\/\/secure.gravatar.com\/avatar\/dde2928154642a13d95f87ddf1ea9718fe2b46760a005c53e41ff5ad610704e6?s=96&d=mm&r=g\",\"contentUrl\":\"https:\/\/secure.gravatar.com\/avatar\/dde2928154642a13d95f87ddf1ea9718fe2b46760a005c53e41ff5ad610704e6?s=96&d=mm&r=g\",\"caption\":\"Nexo Informativo\"},\"url\":\"https:\/\/www.nexoinformativo.mx\/index.php\/author\/edicion\/\"}]}<\/script>\n<!-- \/ Yoast SEO plugin. -->","yoast_head_json":{"title":"Profeco te revela \u00bfD\u00f3nde encontrar las uvas m\u00e1s baratas para A\u00f1o Nuevo? | Nexo Informativo Santiago de Quer\u00e9taro","description":"Profeco revela: \u00bfD\u00f3nde encontrar las uvas m\u00e1s baratas para A\u00f1o Nuevo?","robots":{"index":"index","follow":"follow","max-snippet":"max-snippet:-1","max-image-preview":"max-image-preview:large","max-video-preview":"max-video-preview:-1"},"canonical":"https:\/\/www.nexoinformativo.mx\/index.php\/2024\/12\/31\/profeco-revela-donde-encontrar-las-uvas-mas-baratas-para-ano-nuevo\/","og_locale":"es_MX","og_type":"article","og_title":"Profeco te revela \u00bfD\u00f3nde encontrar las uvas m\u00e1s baratas para A\u00f1o Nuevo? | Nexo Informativo Santiago de Quer\u00e9taro","og_description":"Profeco revela: \u00bfD\u00f3nde encontrar las uvas m\u00e1s baratas para A\u00f1o Nuevo?","og_url":"https:\/\/www.nexoinformativo.mx\/index.php\/2024\/12\/31\/profeco-revela-donde-encontrar-las-uvas-mas-baratas-para-ano-nuevo\/","og_site_name":"Nexo Informativo Santiago de Quer\u00e9taro","article_publisher":"https:\/\/www.facebook.com\/people\/Nexo-Informativo\/61564066885511\/","article_published_time":"2024-12-31T18:00:05+00:00","article_modified_time":"2024-12-31T20:16:40+00:00","og_image":[{"width":800,"height":593,"url":"https:\/\/www.nexoinformativo.mx\/wp-content\/uploads\/2024\/12\/2149190925-e1735673692128.jpg","type":"image\/jpeg"}],"author":"Nexo Informativo","twitter_card":"summary_large_image","twitter_misc":{"Escrito por":"Nexo Informativo","Tiempo de lectura":"2 minutos"},"schema":{"@context":"https:\/\/schema.org","@graph":[{"@type":"Article","@id":"https:\/\/www.nexoinformativo.mx\/index.php\/2024\/12\/31\/profeco-revela-donde-encontrar-las-uvas-mas-baratas-para-ano-nuevo\/#article","isPartOf":{"@id":"https:\/\/www.nexoinformativo.mx\/index.php\/2024\/12\/31\/profeco-revela-donde-encontrar-las-uvas-mas-baratas-para-ano-nuevo\/"},"author":{"name":"Nexo Informativo","@id":"https:\/\/www.nexoinformativo.mx\/#\/schema\/person\/7749d380ba08c8ca00d7bc76fd907b7d"},"headline":"Profeco te revela \u00bfD\u00f3nde encontrar las uvas m\u00e1s baratas para A\u00f1o Nuevo?","datePublished":"2024-12-31T18:00:05+00:00","dateModified":"2024-12-31T20:16:40+00:00","mainEntityOfPage":{"@id":"https:\/\/www.nexoinformativo.mx\/index.php\/2024\/12\/31\/profeco-revela-donde-encontrar-las-uvas-mas-baratas-para-ano-nuevo\/"},"wordCount":253,"commentCount":0,"publisher":{"@id":"https:\/\/www.nexoinformativo.mx\/#organization"},"image":{"@id":"https:\/\/www.nexoinformativo.mx\/index.php\/2024\/12\/31\/profeco-revela-donde-encontrar-las-uvas-mas-baratas-para-ano-nuevo\/#primaryimage"},"thumbnailUrl":"https:\/\/www.nexoinformativo.mx\/wp-content\/uploads\/2024\/12\/2149190925-e1735673692128.jpg","keywords":["A\u00f1oNuevo","Precios","Profeco","Uvas"],"articleSection":["Econom\u00eda","Estado","\u00daltima Hora"],"inLanguage":"es","potentialAction":[{"@type":"CommentAction","name":"Comment","target":["https:\/\/www.nexoinformativo.mx\/index.php\/2024\/12\/31\/profeco-revela-donde-encontrar-las-uvas-mas-baratas-para-ano-nuevo\/#respond"]}]},{"@type":"WebPage","@id":"https:\/\/www.nexoinformativo.mx\/index.php\/2024\/12\/31\/profeco-revela-donde-encontrar-las-uvas-mas-baratas-para-ano-nuevo\/","url":"https:\/\/www.nexoinformativo.mx\/index.php\/2024\/12\/31\/profeco-revela-donde-encontrar-las-uvas-mas-baratas-para-ano-nuevo\/","name":"Profeco te revela \u00bfD\u00f3nde encontrar las uvas m\u00e1s baratas para A\u00f1o Nuevo? | Nexo Informativo Santiago de Quer\u00e9taro","isPartOf":{"@id":"https:\/\/www.nexoinformativo.mx\/#website"},"primaryImageOfPage":{"@id":"https:\/\/www.nexoinformativo.mx\/index.php\/2024\/12\/31\/profeco-revela-donde-encontrar-las-uvas-mas-baratas-para-ano-nuevo\/#primaryimage"},"image":{"@id":"https:\/\/www.nexoinformativo.mx\/index.php\/2024\/12\/31\/profeco-revela-donde-encontrar-las-uvas-mas-baratas-para-ano-nuevo\/#primaryimage"},"thumbnailUrl":"https:\/\/www.nexoinformativo.mx\/wp-content\/uploads\/2024\/12\/2149190925-e1735673692128.jpg","datePublished":"2024-12-31T18:00:05+00:00","dateModified":"2024-12-31T20:16:40+00:00","description":"Profeco revela: \u00bfD\u00f3nde encontrar las uvas m\u00e1s baratas para A\u00f1o Nuevo?","breadcrumb":{"@id":"https:\/\/www.nexoinformativo.mx\/index.php\/2024\/12\/31\/profeco-revela-donde-encontrar-las-uvas-mas-baratas-para-ano-nuevo\/#breadcrumb"},"inLanguage":"es","potentialAction":[{"@type":"ReadAction","target":["https:\/\/www.nexoinformativo.mx\/index.php\/2024\/12\/31\/profeco-revela-donde-encontrar-las-uvas-mas-baratas-para-ano-nuevo\/"]}]},{"@type":"ImageObject","inLanguage":"es","@id":"https:\/\/www.nexoinformativo.mx\/index.php\/2024\/12\/31\/profeco-revela-donde-encontrar-las-uvas-mas-baratas-para-ano-nuevo\/#primaryimage","url":"https:\/\/www.nexoinformativo.mx\/wp-content\/uploads\/2024\/12\/2149190925-e1735673692128.jpg","contentUrl":"https:\/\/www.nexoinformativo.mx\/wp-content\/uploads\/2024\/12\/2149190925-e1735673692128.jpg","width":800,"height":593},{"@type":"BreadcrumbList","@id":"https:\/\/www.nexoinformativo.mx\/index.php\/2024\/12\/31\/profeco-revela-donde-encontrar-las-uvas-mas-baratas-para-ano-nuevo\/#breadcrumb","itemListElement":[{"@type":"ListItem","position":1,"name":"Inicio","item":"https:\/\/www.nexoinformativo.mx\/"},{"@type":"ListItem","position":2,"name":"Profeco te revela \u00bfD\u00f3nde encontrar las uvas m\u00e1s baratas para A\u00f1o Nuevo?"}]},{"@type":"WebSite","@id":"https:\/\/www.nexoinformativo.mx\/#website","url":"https:\/\/www.nexoinformativo.mx\/","name":"Nexo Informativo Santiago de Quer\u00e9taro","description":"Explora NexoInformativo y convi\u00e9rtete en parte de una comunidad que valora el conocimiento y la verdad. Tu nexoinformativo es tu puente hacia una comprensi\u00f3n m\u00e1s profunda del mundo que te rodea.","publisher":{"@id":"https:\/\/www.nexoinformativo.mx\/#organization"},"potentialAction":[{"@type":"SearchAction","target":{"@type":"EntryPoint","urlTemplate":"https:\/\/www.nexoinformativo.mx\/?s={search_term_string}"},"query-input":{"@type":"PropertyValueSpecification","valueRequired":true,"valueName":"search_term_string"}}],"inLanguage":"es"},{"@type":"Organization","@id":"https:\/\/www.nexoinformativo.mx\/#organization","name":"Nexo Informativo Santiago de Quer\u00e9taro","url":"https:\/\/www.nexoinformativo.mx\/","logo":{"@type":"ImageObject","inLanguage":"es","@id":"https:\/\/www.nexoinformativo.mx\/#\/schema\/logo\/image\/","url":"https:\/\/www.nexoinformativo.mx\/wp-content\/uploads\/2024\/07\/nexoi-trasparente-2.png","contentUrl":"https:\/\/www.nexoinformativo.mx\/wp-content\/uploads\/2024\/07\/nexoi-trasparente-2.png","width":816,"height":339,"caption":"Nexo Informativo Santiago de Quer\u00e9taro"},"image":{"@id":"https:\/\/www.nexoinformativo.mx\/#\/schema\/logo\/image\/"},"sameAs":["https:\/\/www.facebook.com\/people\/Nexo-Informativo\/61564066885511\/"]},{"@type":"Person","@id":"https:\/\/www.nexoinformativo.mx\/#\/schema\/person\/7749d380ba08c8ca00d7bc76fd907b7d","name":"Nexo Informativo","image":{"@type":"ImageObject","inLanguage":"es","@id":"https:\/\/www.nexoinformativo.mx\/#\/schema\/person\/image\/","url":"https:\/\/secure.gravatar.com\/avatar\/dde2928154642a13d95f87ddf1ea9718fe2b46760a005c53e41ff5ad610704e6?s=96&d=mm&r=g","contentUrl":"https:\/\/secure.gravatar.com\/avatar\/dde2928154642a13d95f87ddf1ea9718fe2b46760a005c53e41ff5ad610704e6?s=96&d=mm&r=g","caption":"Nexo Informativo"},"url":"https:\/\/www.nexoinformativo.mx\/index.php\/author\/edicion\/"}]}},"_links":{"self":[{"href":"https:\/\/www.nexoinformativo.mx\/index.php\/wp-json\/wp\/v2\/posts\/9137","targetHints":{"allow":["GET"]}}],"collection":[{"href":"https:\/\/www.nexoinformativo.mx\/index.php\/wp-json\/wp\/v2\/posts"}],"about":[{"href":"https:\/\/www.nexoinformativo.mx\/index.php\/wp-json\/wp\/v2\/types\/post"}],"author":[{"embeddable":true,"href":"https:\/\/www.nexoinformativo.mx\/index.php\/wp-json\/wp\/v2\/users\/3"}],"replies":[{"embeddable":true,"href":"https:\/\/www.nexoinformativo.mx\/index.php\/wp-json\/wp\/v2\/comments?post=9137"}],"version-history":[{"count":7,"href":"https:\/\/www.nexoinformativo.mx\/index.php\/wp-json\/wp\/v2\/posts\/9137\/revisions"}],"predecessor-version":[{"id":9151,"href":"https:\/\/www.nexoinformativo.mx\/index.php\/wp-json\/wp\/v2\/posts\/9137\/revisions\/9151"}],"wp:featuredmedia":[{"embeddable":true,"href":"https:\/\/www.nexoinformativo.mx\/index.php\/wp-json\/wp\/v2\/media\/9139"}],"wp:attachment":[{"href":"https:\/\/www.nexoinformativo.mx\/index.php\/wp-json\/wp\/v2\/media?parent=9137"}],"wp:term":[{"taxonomy":"category","embeddable":true,"href":"https:\/\/www.nexoinformativo.mx\/index.php\/wp-json\/wp\/v2\/categories?post=9137"},{"taxonomy":"post_tag","embeddable":true,"href":"https:\/\/www.nexoinformativo.mx\/index.php\/wp-json\/wp\/v2\/tags?post=9137"}],"curies":[{"name":"wp","href":"https:\/\/api.w.org\/{rel}","templated":true}]}}