{"id":9178,"date":"2025-01-02T06:00:15","date_gmt":"2025-01-02T12:00:15","guid":{"rendered":"https:\/\/www.nexoinformativo.mx\/?p=9178"},"modified":"2025-01-02T06:52:17","modified_gmt":"2025-01-02T12:52:17","slug":"queretaro-a-la-vanguardia-espacial-aeropuerto-podria-recibir-los-primeros-vuelos-espaciales-de-latinoamerica","status":"publish","type":"post","link":"https:\/\/www.nexoinformativo.mx\/index.php\/2025\/01\/02\/queretaro-a-la-vanguardia-espacial-aeropuerto-podria-recibir-los-primeros-vuelos-espaciales-de-latinoamerica\/","title":{"rendered":"Quer\u00e9taro, a la vanguardia espacial: Aeropuerto podr\u00eda recibir los primeros vuelos espaciales de Latinoam\u00e9rica"},"content":{"rendered":"<p style=\"text-align: justify;\" data-sourcepos=\"7:1-7:315\">Quer\u00e9taro se posiciona como punta de lanza en la exploraci\u00f3n espacial en Am\u00e9rica Latina. El secretario de Desarrollo Sustentable del estado, Marco Del Prete, anunci\u00f3 que se est\u00e1n realizando gestiones para que el Aeropuerto Internacional de Quer\u00e9taro sea el primero en la regi\u00f3n en recibir vuelos espaciales.<\/p>\n<p>&nbsp;<\/p>\n<p style=\"text-align: justify;\" data-sourcepos=\"9:1-9:291\">Para hacer realidad este ambicioso proyecto, se inici\u00f3 un an\u00e1lisis de factibilidad en conjunto con la NASA. Este estudio tiene como objetivo determinar si las instalaciones aeroportuarias cuentan con las condiciones necesarias para recibir y lanzar aeronaves que viajan al espacio exterior.<\/p>\n<p>&nbsp;<\/p>\n<p style=\"text-align: justify;\" data-sourcepos=\"11:1-11:268\">De acuerdo con Del Prete, si los resultados del estudio son positivos, Quer\u00e9taro se convertir\u00eda en un centro aeroespacial de primer nivel, con un ecosistema \u00fanico que integrar\u00eda el aeropuerto, parques industriales, talleres de mantenimiento y centros de investigaci\u00f3n.<\/p>\n<p>&nbsp;<\/p>\n<p style=\"text-align: justify;\" data-sourcepos=\"13:1-13:381\">Es importante destacar que el Aeropuerto Internacional de Quer\u00e9taro ya ha experimentado importantes mejoras en el \u00faltimo a\u00f1o, con ampliaciones y adaptaciones que lo acercan a los est\u00e1ndares internacionales requeridos para la industria espacial.<\/p>\n<p>&nbsp;<\/p>\n<p style=\"text-align: justify;\" data-sourcepos=\"13:1-13:381\">Se espera que estas inversiones contin\u00faen en los pr\u00f3ximos a\u00f1os para consolidar a Quer\u00e9taro como un referente en el sector aeroespacial.<\/p>\n<p>&nbsp;<\/p>\n<p style=\"text-align: center;\" data-sourcepos=\"13:1-13:381\"><em><strong>\u00a1Informaci\u00f3n que transforma!<\/strong><\/em><\/p>\n","protected":false},"excerpt":{"rendered":"<p>Quer\u00e9taro se posiciona como punta de lanza en la exploraci\u00f3n espacial en Am\u00e9rica Latina. El secretario de Desarrollo Sustentable del estado, Marco Del Prete, anunci\u00f3 que se est\u00e1n realizando gestiones para que el Aeropuerto Internacional de Quer\u00e9taro sea el primero en la regi\u00f3n en recibir vuelos espaciales.<\/p>\n","protected":false},"author":3,"featured_media":9179,"comment_status":"open","ping_status":"open","sticky":false,"template":"","format":"standard","meta":{"footnotes":""},"categories":[5,42,58],"tags":[2937,1581,337,2936],"class_list":["post-9178","post","type-post","status-publish","format-standard","has-post-thumbnail","hentry","category-economia","category-estado","category-ultima-hora","tag-futuroaeroespacial","tag-nasa","tag-queretaroespacial","tag-vuelosespaciales"],"yoast_head":"<!-- This site is optimized with the Yoast SEO plugin v25.0 - https:\/\/yoast.com\/wordpress\/plugins\/seo\/ -->\n<title>Quer\u00e9taro, a la vanguardia espacial: Aeropuerto podr\u00eda recibir los primeros vuelos espaciales de Latinoam\u00e9rica | Nexo Informativo Santiago de Quer\u00e9taro<\/title>\n<meta name=\"description\" content=\"Quer\u00e9taro, a la vanguardia espacial: Aeropuerto podr\u00eda recibir los primeros vuelos espaciales de Latinoam\u00e9rica\" \/>\n<meta name=\"robots\" content=\"index, follow, max-snippet:-1, max-image-preview:large, max-video-preview:-1\" \/>\n<link rel=\"canonical\" href=\"https:\/\/www.nexoinformativo.mx\/index.php\/2025\/01\/02\/queretaro-a-la-vanguardia-espacial-aeropuerto-podria-recibir-los-primeros-vuelos-espaciales-de-latinoamerica\/\" \/>\n<meta property=\"og:locale\" content=\"es_MX\" \/>\n<meta property=\"og:type\" content=\"article\" \/>\n<meta property=\"og:title\" content=\"Quer\u00e9taro, a la vanguardia espacial: Aeropuerto podr\u00eda recibir los primeros vuelos espaciales de Latinoam\u00e9rica | Nexo Informativo Santiago de Quer\u00e9taro\" \/>\n<meta property=\"og:description\" content=\"Quer\u00e9taro, a la vanguardia espacial: Aeropuerto podr\u00eda recibir los primeros vuelos espaciales de Latinoam\u00e9rica\" \/>\n<meta property=\"og:url\" content=\"https:\/\/www.nexoinformativo.mx\/index.php\/2025\/01\/02\/queretaro-a-la-vanguardia-espacial-aeropuerto-podria-recibir-los-primeros-vuelos-espaciales-de-latinoamerica\/\" \/>\n<meta property=\"og:site_name\" content=\"Nexo Informativo Santiago de Quer\u00e9taro\" \/>\n<meta property=\"article:publisher\" content=\"https:\/\/www.facebook.com\/people\/Nexo-Informativo\/61564066885511\/\" \/>\n<meta property=\"article:published_time\" content=\"2025-01-02T12:00:15+00:00\" \/>\n<meta property=\"article:modified_time\" content=\"2025-01-02T12:52:17+00:00\" \/>\n<meta property=\"og:image\" content=\"https:\/\/www.nexoinformativo.mx\/wp-content\/uploads\/2025\/01\/PHOTO-2025-01-01-16-32-51-e1735821828655.jpg\" \/>\n\t<meta property=\"og:image:width\" content=\"800\" \/>\n\t<meta property=\"og:image:height\" content=\"532\" \/>\n\t<meta property=\"og:image:type\" content=\"image\/jpeg\" \/>\n<meta name=\"author\" content=\"Nexo Informativo\" \/>\n<meta name=\"twitter:card\" content=\"summary_large_image\" \/>\n<meta name=\"twitter:label1\" content=\"Escrito por\" \/>\n\t<meta name=\"twitter:data1\" content=\"Nexo Informativo\" \/>\n\t<meta name=\"twitter:label2\" content=\"Tiempo de lectura\" \/>\n\t<meta name=\"twitter:data2\" content=\"2 minutos\" \/>\n<script type=\"application\/ld+json\" class=\"yoast-schema-graph\">{\"@context\":\"https:\/\/schema.org\",\"@graph\":[{\"@type\":\"Article\",\"@id\":\"https:\/\/www.nexoinformativo.mx\/index.php\/2025\/01\/02\/queretaro-a-la-vanguardia-espacial-aeropuerto-podria-recibir-los-primeros-vuelos-espaciales-de-latinoamerica\/#article\",\"isPartOf\":{\"@id\":\"https:\/\/www.nexoinformativo.mx\/index.php\/2025\/01\/02\/queretaro-a-la-vanguardia-espacial-aeropuerto-podria-recibir-los-primeros-vuelos-espaciales-de-latinoamerica\/\"},\"author\":{\"name\":\"Nexo Informativo\",\"@id\":\"https:\/\/www.nexoinformativo.mx\/#\/schema\/person\/7749d380ba08c8ca00d7bc76fd907b7d\"},\"headline\":\"Quer\u00e9taro, a la vanguardia espacial: Aeropuerto podr\u00eda recibir los primeros vuelos espaciales de Latinoam\u00e9rica\",\"datePublished\":\"2025-01-02T12:00:15+00:00\",\"dateModified\":\"2025-01-02T12:52:17+00:00\",\"mainEntityOfPage\":{\"@id\":\"https:\/\/www.nexoinformativo.mx\/index.php\/2025\/01\/02\/queretaro-a-la-vanguardia-espacial-aeropuerto-podria-recibir-los-primeros-vuelos-espaciales-de-latinoamerica\/\"},\"wordCount\":227,\"commentCount\":0,\"publisher\":{\"@id\":\"https:\/\/www.nexoinformativo.mx\/#organization\"},\"image\":{\"@id\":\"https:\/\/www.nexoinformativo.mx\/index.php\/2025\/01\/02\/queretaro-a-la-vanguardia-espacial-aeropuerto-podria-recibir-los-primeros-vuelos-espaciales-de-latinoamerica\/#primaryimage\"},\"thumbnailUrl\":\"https:\/\/www.nexoinformativo.mx\/wp-content\/uploads\/2025\/01\/PHOTO-2025-01-01-16-32-51-e1735821828655.jpg\",\"keywords\":[\"FuturoAeroespacial\",\"NASA\",\"Quer\u00e9taroEspacial\",\"VuelosEspaciales\"],\"articleSection\":[\"Econom\u00eda\",\"Estado\",\"\u00daltima Hora\"],\"inLanguage\":\"es\",\"potentialAction\":[{\"@type\":\"CommentAction\",\"name\":\"Comment\",\"target\":[\"https:\/\/www.nexoinformativo.mx\/index.php\/2025\/01\/02\/queretaro-a-la-vanguardia-espacial-aeropuerto-podria-recibir-los-primeros-vuelos-espaciales-de-latinoamerica\/#respond\"]}]},{\"@type\":\"WebPage\",\"@id\":\"https:\/\/www.nexoinformativo.mx\/index.php\/2025\/01\/02\/queretaro-a-la-vanguardia-espacial-aeropuerto-podria-recibir-los-primeros-vuelos-espaciales-de-latinoamerica\/\",\"url\":\"https:\/\/www.nexoinformativo.mx\/index.php\/2025\/01\/02\/queretaro-a-la-vanguardia-espacial-aeropuerto-podria-recibir-los-primeros-vuelos-espaciales-de-latinoamerica\/\",\"name\":\"Quer\u00e9taro, a la vanguardia espacial: Aeropuerto podr\u00eda recibir los primeros vuelos espaciales de Latinoam\u00e9rica | Nexo Informativo Santiago de Quer\u00e9taro\",\"isPartOf\":{\"@id\":\"https:\/\/www.nexoinformativo.mx\/#website\"},\"primaryImageOfPage\":{\"@id\":\"https:\/\/www.nexoinformativo.mx\/index.php\/2025\/01\/02\/queretaro-a-la-vanguardia-espacial-aeropuerto-podria-recibir-los-primeros-vuelos-espaciales-de-latinoamerica\/#primaryimage\"},\"image\":{\"@id\":\"https:\/\/www.nexoinformativo.mx\/index.php\/2025\/01\/02\/queretaro-a-la-vanguardia-espacial-aeropuerto-podria-recibir-los-primeros-vuelos-espaciales-de-latinoamerica\/#primaryimage\"},\"thumbnailUrl\":\"https:\/\/www.nexoinformativo.mx\/wp-content\/uploads\/2025\/01\/PHOTO-2025-01-01-16-32-51-e1735821828655.jpg\",\"datePublished\":\"2025-01-02T12:00:15+00:00\",\"dateModified\":\"2025-01-02T12:52:17+00:00\",\"description\":\"Quer\u00e9taro, a la vanguardia espacial: Aeropuerto podr\u00eda recibir los primeros vuelos espaciales de Latinoam\u00e9rica\",\"breadcrumb\":{\"@id\":\"https:\/\/www.nexoinformativo.mx\/index.php\/2025\/01\/02\/queretaro-a-la-vanguardia-espacial-aeropuerto-podria-recibir-los-primeros-vuelos-espaciales-de-latinoamerica\/#breadcrumb\"},\"inLanguage\":\"es\",\"potentialAction\":[{\"@type\":\"ReadAction\",\"target\":[\"https:\/\/www.nexoinformativo.mx\/index.php\/2025\/01\/02\/queretaro-a-la-vanguardia-espacial-aeropuerto-podria-recibir-los-primeros-vuelos-espaciales-de-latinoamerica\/\"]}]},{\"@type\":\"ImageObject\",\"inLanguage\":\"es\",\"@id\":\"https:\/\/www.nexoinformativo.mx\/index.php\/2025\/01\/02\/queretaro-a-la-vanguardia-espacial-aeropuerto-podria-recibir-los-primeros-vuelos-espaciales-de-latinoamerica\/#primaryimage\",\"url\":\"https:\/\/www.nexoinformativo.mx\/wp-content\/uploads\/2025\/01\/PHOTO-2025-01-01-16-32-51-e1735821828655.jpg\",\"contentUrl\":\"https:\/\/www.nexoinformativo.mx\/wp-content\/uploads\/2025\/01\/PHOTO-2025-01-01-16-32-51-e1735821828655.jpg\",\"width\":800,\"height\":532},{\"@type\":\"BreadcrumbList\",\"@id\":\"https:\/\/www.nexoinformativo.mx\/index.php\/2025\/01\/02\/queretaro-a-la-vanguardia-espacial-aeropuerto-podria-recibir-los-primeros-vuelos-espaciales-de-latinoamerica\/#breadcrumb\",\"itemListElement\":[{\"@type\":\"ListItem\",\"position\":1,\"name\":\"Inicio\",\"item\":\"https:\/\/www.nexoinformativo.mx\/\"},{\"@type\":\"ListItem\",\"position\":2,\"name\":\"Quer\u00e9taro, a la vanguardia espacial: Aeropuerto podr\u00eda recibir los primeros vuelos espaciales de Latinoam\u00e9rica\"}]},{\"@type\":\"WebSite\",\"@id\":\"https:\/\/www.nexoinformativo.mx\/#website\",\"url\":\"https:\/\/www.nexoinformativo.mx\/\",\"name\":\"Nexo Informativo Santiago de Quer\u00e9taro\",\"description\":\"Explora NexoInformativo y convi\u00e9rtete en parte de una comunidad que valora el conocimiento y la verdad. Tu nexoinformativo es tu puente hacia una comprensi\u00f3n m\u00e1s profunda del mundo que te rodea.\",\"publisher\":{\"@id\":\"https:\/\/www.nexoinformativo.mx\/#organization\"},\"potentialAction\":[{\"@type\":\"SearchAction\",\"target\":{\"@type\":\"EntryPoint\",\"urlTemplate\":\"https:\/\/www.nexoinformativo.mx\/?s={search_term_string}\"},\"query-input\":{\"@type\":\"PropertyValueSpecification\",\"valueRequired\":true,\"valueName\":\"search_term_string\"}}],\"inLanguage\":\"es\"},{\"@type\":\"Organization\",\"@id\":\"https:\/\/www.nexoinformativo.mx\/#organization\",\"name\":\"Nexo Informativo Santiago de Quer\u00e9taro\",\"url\":\"https:\/\/www.nexoinformativo.mx\/\",\"logo\":{\"@type\":\"ImageObject\",\"inLanguage\":\"es\",\"@id\":\"https:\/\/www.nexoinformativo.mx\/#\/schema\/logo\/image\/\",\"url\":\"https:\/\/www.nexoinformativo.mx\/wp-content\/uploads\/2024\/07\/nexoi-trasparente-2.png\",\"contentUrl\":\"https:\/\/www.nexoinformativo.mx\/wp-content\/uploads\/2024\/07\/nexoi-trasparente-2.png\",\"width\":816,\"height\":339,\"caption\":\"Nexo Informativo Santiago de Quer\u00e9taro\"},\"image\":{\"@id\":\"https:\/\/www.nexoinformativo.mx\/#\/schema\/logo\/image\/\"},\"sameAs\":[\"https:\/\/www.facebook.com\/people\/Nexo-Informativo\/61564066885511\/\"]},{\"@type\":\"Person\",\"@id\":\"https:\/\/www.nexoinformativo.mx\/#\/schema\/person\/7749d380ba08c8ca00d7bc76fd907b7d\",\"name\":\"Nexo Informativo\",\"image\":{\"@type\":\"ImageObject\",\"inLanguage\":\"es\",\"@id\":\"https:\/\/www.nexoinformativo.mx\/#\/schema\/person\/image\/\",\"url\":\"https:\/\/secure.gravatar.com\/avatar\/dde2928154642a13d95f87ddf1ea9718fe2b46760a005c53e41ff5ad610704e6?s=96&d=mm&r=g\",\"contentUrl\":\"https:\/\/secure.gravatar.com\/avatar\/dde2928154642a13d95f87ddf1ea9718fe2b46760a005c53e41ff5ad610704e6?s=96&d=mm&r=g\",\"caption\":\"Nexo Informativo\"},\"url\":\"https:\/\/www.nexoinformativo.mx\/index.php\/author\/edicion\/\"}]}<\/script>\n<!-- \/ Yoast SEO plugin. -->","yoast_head_json":{"title":"Quer\u00e9taro, a la vanguardia espacial: Aeropuerto podr\u00eda recibir los primeros vuelos espaciales de Latinoam\u00e9rica | Nexo Informativo Santiago de Quer\u00e9taro","description":"Quer\u00e9taro, a la vanguardia espacial: Aeropuerto podr\u00eda recibir los primeros vuelos espaciales de Latinoam\u00e9rica","robots":{"index":"index","follow":"follow","max-snippet":"max-snippet:-1","max-image-preview":"max-image-preview:large","max-video-preview":"max-video-preview:-1"},"canonical":"https:\/\/www.nexoinformativo.mx\/index.php\/2025\/01\/02\/queretaro-a-la-vanguardia-espacial-aeropuerto-podria-recibir-los-primeros-vuelos-espaciales-de-latinoamerica\/","og_locale":"es_MX","og_type":"article","og_title":"Quer\u00e9taro, a la vanguardia espacial: Aeropuerto podr\u00eda recibir los primeros vuelos espaciales de Latinoam\u00e9rica | Nexo Informativo Santiago de Quer\u00e9taro","og_description":"Quer\u00e9taro, a la vanguardia espacial: Aeropuerto podr\u00eda recibir los primeros vuelos espaciales de Latinoam\u00e9rica","og_url":"https:\/\/www.nexoinformativo.mx\/index.php\/2025\/01\/02\/queretaro-a-la-vanguardia-espacial-aeropuerto-podria-recibir-los-primeros-vuelos-espaciales-de-latinoamerica\/","og_site_name":"Nexo Informativo Santiago de Quer\u00e9taro","article_publisher":"https:\/\/www.facebook.com\/people\/Nexo-Informativo\/61564066885511\/","article_published_time":"2025-01-02T12:00:15+00:00","article_modified_time":"2025-01-02T12:52:17+00:00","og_image":[{"width":800,"height":532,"url":"https:\/\/www.nexoinformativo.mx\/wp-content\/uploads\/2025\/01\/PHOTO-2025-01-01-16-32-51-e1735821828655.jpg","type":"image\/jpeg"}],"author":"Nexo Informativo","twitter_card":"summary_large_image","twitter_misc":{"Escrito por":"Nexo Informativo","Tiempo de lectura":"2 minutos"},"schema":{"@context":"https:\/\/schema.org","@graph":[{"@type":"Article","@id":"https:\/\/www.nexoinformativo.mx\/index.php\/2025\/01\/02\/queretaro-a-la-vanguardia-espacial-aeropuerto-podria-recibir-los-primeros-vuelos-espaciales-de-latinoamerica\/#article","isPartOf":{"@id":"https:\/\/www.nexoinformativo.mx\/index.php\/2025\/01\/02\/queretaro-a-la-vanguardia-espacial-aeropuerto-podria-recibir-los-primeros-vuelos-espaciales-de-latinoamerica\/"},"author":{"name":"Nexo Informativo","@id":"https:\/\/www.nexoinformativo.mx\/#\/schema\/person\/7749d380ba08c8ca00d7bc76fd907b7d"},"headline":"Quer\u00e9taro, a la vanguardia espacial: Aeropuerto podr\u00eda recibir los primeros vuelos espaciales de Latinoam\u00e9rica","datePublished":"2025-01-02T12:00:15+00:00","dateModified":"2025-01-02T12:52:17+00:00","mainEntityOfPage":{"@id":"https:\/\/www.nexoinformativo.mx\/index.php\/2025\/01\/02\/queretaro-a-la-vanguardia-espacial-aeropuerto-podria-recibir-los-primeros-vuelos-espaciales-de-latinoamerica\/"},"wordCount":227,"commentCount":0,"publisher":{"@id":"https:\/\/www.nexoinformativo.mx\/#organization"},"image":{"@id":"https:\/\/www.nexoinformativo.mx\/index.php\/2025\/01\/02\/queretaro-a-la-vanguardia-espacial-aeropuerto-podria-recibir-los-primeros-vuelos-espaciales-de-latinoamerica\/#primaryimage"},"thumbnailUrl":"https:\/\/www.nexoinformativo.mx\/wp-content\/uploads\/2025\/01\/PHOTO-2025-01-01-16-32-51-e1735821828655.jpg","keywords":["FuturoAeroespacial","NASA","Quer\u00e9taroEspacial","VuelosEspaciales"],"articleSection":["Econom\u00eda","Estado","\u00daltima Hora"],"inLanguage":"es","potentialAction":[{"@type":"CommentAction","name":"Comment","target":["https:\/\/www.nexoinformativo.mx\/index.php\/2025\/01\/02\/queretaro-a-la-vanguardia-espacial-aeropuerto-podria-recibir-los-primeros-vuelos-espaciales-de-latinoamerica\/#respond"]}]},{"@type":"WebPage","@id":"https:\/\/www.nexoinformativo.mx\/index.php\/2025\/01\/02\/queretaro-a-la-vanguardia-espacial-aeropuerto-podria-recibir-los-primeros-vuelos-espaciales-de-latinoamerica\/","url":"https:\/\/www.nexoinformativo.mx\/index.php\/2025\/01\/02\/queretaro-a-la-vanguardia-espacial-aeropuerto-podria-recibir-los-primeros-vuelos-espaciales-de-latinoamerica\/","name":"Quer\u00e9taro, a la vanguardia espacial: Aeropuerto podr\u00eda recibir los primeros vuelos espaciales de Latinoam\u00e9rica | Nexo Informativo Santiago de Quer\u00e9taro","isPartOf":{"@id":"https:\/\/www.nexoinformativo.mx\/#website"},"primaryImageOfPage":{"@id":"https:\/\/www.nexoinformativo.mx\/index.php\/2025\/01\/02\/queretaro-a-la-vanguardia-espacial-aeropuerto-podria-recibir-los-primeros-vuelos-espaciales-de-latinoamerica\/#primaryimage"},"image":{"@id":"https:\/\/www.nexoinformativo.mx\/index.php\/2025\/01\/02\/queretaro-a-la-vanguardia-espacial-aeropuerto-podria-recibir-los-primeros-vuelos-espaciales-de-latinoamerica\/#primaryimage"},"thumbnailUrl":"https:\/\/www.nexoinformativo.mx\/wp-content\/uploads\/2025\/01\/PHOTO-2025-01-01-16-32-51-e1735821828655.jpg","datePublished":"2025-01-02T12:00:15+00:00","dateModified":"2025-01-02T12:52:17+00:00","description":"Quer\u00e9taro, a la vanguardia espacial: Aeropuerto podr\u00eda recibir los primeros vuelos espaciales de Latinoam\u00e9rica","breadcrumb":{"@id":"https:\/\/www.nexoinformativo.mx\/index.php\/2025\/01\/02\/queretaro-a-la-vanguardia-espacial-aeropuerto-podria-recibir-los-primeros-vuelos-espaciales-de-latinoamerica\/#breadcrumb"},"inLanguage":"es","potentialAction":[{"@type":"ReadAction","target":["https:\/\/www.nexoinformativo.mx\/index.php\/2025\/01\/02\/queretaro-a-la-vanguardia-espacial-aeropuerto-podria-recibir-los-primeros-vuelos-espaciales-de-latinoamerica\/"]}]},{"@type":"ImageObject","inLanguage":"es","@id":"https:\/\/www.nexoinformativo.mx\/index.php\/2025\/01\/02\/queretaro-a-la-vanguardia-espacial-aeropuerto-podria-recibir-los-primeros-vuelos-espaciales-de-latinoamerica\/#primaryimage","url":"https:\/\/www.nexoinformativo.mx\/wp-content\/uploads\/2025\/01\/PHOTO-2025-01-01-16-32-51-e1735821828655.jpg","contentUrl":"https:\/\/www.nexoinformativo.mx\/wp-content\/uploads\/2025\/01\/PHOTO-2025-01-01-16-32-51-e1735821828655.jpg","width":800,"height":532},{"@type":"BreadcrumbList","@id":"https:\/\/www.nexoinformativo.mx\/index.php\/2025\/01\/02\/queretaro-a-la-vanguardia-espacial-aeropuerto-podria-recibir-los-primeros-vuelos-espaciales-de-latinoamerica\/#breadcrumb","itemListElement":[{"@type":"ListItem","position":1,"name":"Inicio","item":"https:\/\/www.nexoinformativo.mx\/"},{"@type":"ListItem","position":2,"name":"Quer\u00e9taro, a la vanguardia espacial: Aeropuerto podr\u00eda recibir los primeros vuelos espaciales de Latinoam\u00e9rica"}]},{"@type":"WebSite","@id":"https:\/\/www.nexoinformativo.mx\/#website","url":"https:\/\/www.nexoinformativo.mx\/","name":"Nexo Informativo Santiago de Quer\u00e9taro","description":"Explora NexoInformativo y convi\u00e9rtete en parte de una comunidad que valora el conocimiento y la verdad. Tu nexoinformativo es tu puente hacia una comprensi\u00f3n m\u00e1s profunda del mundo que te rodea.","publisher":{"@id":"https:\/\/www.nexoinformativo.mx\/#organization"},"potentialAction":[{"@type":"SearchAction","target":{"@type":"EntryPoint","urlTemplate":"https:\/\/www.nexoinformativo.mx\/?s={search_term_string}"},"query-input":{"@type":"PropertyValueSpecification","valueRequired":true,"valueName":"search_term_string"}}],"inLanguage":"es"},{"@type":"Organization","@id":"https:\/\/www.nexoinformativo.mx\/#organization","name":"Nexo Informativo Santiago de Quer\u00e9taro","url":"https:\/\/www.nexoinformativo.mx\/","logo":{"@type":"ImageObject","inLanguage":"es","@id":"https:\/\/www.nexoinformativo.mx\/#\/schema\/logo\/image\/","url":"https:\/\/www.nexoinformativo.mx\/wp-content\/uploads\/2024\/07\/nexoi-trasparente-2.png","contentUrl":"https:\/\/www.nexoinformativo.mx\/wp-content\/uploads\/2024\/07\/nexoi-trasparente-2.png","width":816,"height":339,"caption":"Nexo Informativo Santiago de Quer\u00e9taro"},"image":{"@id":"https:\/\/www.nexoinformativo.mx\/#\/schema\/logo\/image\/"},"sameAs":["https:\/\/www.facebook.com\/people\/Nexo-Informativo\/61564066885511\/"]},{"@type":"Person","@id":"https:\/\/www.nexoinformativo.mx\/#\/schema\/person\/7749d380ba08c8ca00d7bc76fd907b7d","name":"Nexo Informativo","image":{"@type":"ImageObject","inLanguage":"es","@id":"https:\/\/www.nexoinformativo.mx\/#\/schema\/person\/image\/","url":"https:\/\/secure.gravatar.com\/avatar\/dde2928154642a13d95f87ddf1ea9718fe2b46760a005c53e41ff5ad610704e6?s=96&d=mm&r=g","contentUrl":"https:\/\/secure.gravatar.com\/avatar\/dde2928154642a13d95f87ddf1ea9718fe2b46760a005c53e41ff5ad610704e6?s=96&d=mm&r=g","caption":"Nexo Informativo"},"url":"https:\/\/www.nexoinformativo.mx\/index.php\/author\/edicion\/"}]}},"_links":{"self":[{"href":"https:\/\/www.nexoinformativo.mx\/index.php\/wp-json\/wp\/v2\/posts\/9178","targetHints":{"allow":["GET"]}}],"collection":[{"href":"https:\/\/www.nexoinformativo.mx\/index.php\/wp-json\/wp\/v2\/posts"}],"about":[{"href":"https:\/\/www.nexoinformativo.mx\/index.php\/wp-json\/wp\/v2\/types\/post"}],"author":[{"embeddable":true,"href":"https:\/\/www.nexoinformativo.mx\/index.php\/wp-json\/wp\/v2\/users\/3"}],"replies":[{"embeddable":true,"href":"https:\/\/www.nexoinformativo.mx\/index.php\/wp-json\/wp\/v2\/comments?post=9178"}],"version-history":[{"count":3,"href":"https:\/\/www.nexoinformativo.mx\/index.php\/wp-json\/wp\/v2\/posts\/9178\/revisions"}],"predecessor-version":[{"id":9187,"href":"https:\/\/www.nexoinformativo.mx\/index.php\/wp-json\/wp\/v2\/posts\/9178\/revisions\/9187"}],"wp:featuredmedia":[{"embeddable":true,"href":"https:\/\/www.nexoinformativo.mx\/index.php\/wp-json\/wp\/v2\/media\/9179"}],"wp:attachment":[{"href":"https:\/\/www.nexoinformativo.mx\/index.php\/wp-json\/wp\/v2\/media?parent=9178"}],"wp:term":[{"taxonomy":"category","embeddable":true,"href":"https:\/\/www.nexoinformativo.mx\/index.php\/wp-json\/wp\/v2\/categories?post=9178"},{"taxonomy":"post_tag","embeddable":true,"href":"https:\/\/www.nexoinformativo.mx\/index.php\/wp-json\/wp\/v2\/tags?post=9178"}],"curies":[{"name":"wp","href":"https:\/\/api.w.org\/{rel}","templated":true}]}}