{"id":9203,"date":"2025-01-02T11:00:54","date_gmt":"2025-01-02T17:00:54","guid":{"rendered":"https:\/\/www.nexoinformativo.mx\/?p=9203"},"modified":"2025-01-02T12:17:14","modified_gmt":"2025-01-02T18:17:14","slug":"avanza-acuerdo-para-indemnizar-a-ejidatarios-de-san-pablo-tras-50-anos-de-espera","status":"publish","type":"post","link":"https:\/\/www.nexoinformativo.mx\/index.php\/2025\/01\/02\/avanza-acuerdo-para-indemnizar-a-ejidatarios-de-san-pablo-tras-50-anos-de-espera\/","title":{"rendered":"Avanza acuerdo para indemnizar a ejidatarios de San Pablo tras 50 a\u00f1os de espera"},"content":{"rendered":"<p style=\"text-align: justify;\" data-sourcepos=\"7:1-7:308\">Luego de d\u00e9cadas de lucha, los ejidatarios de San Pablo ven cada vez m\u00e1s cerca una resoluci\u00f3n a su demanda de indemnizaci\u00f3n.<\/p>\n<\/p>\n<p>&nbsp;<\/p>\n<p style=\"text-align: justify;\" data-sourcepos=\"7:1-7:308\">As\u00ed lo inform\u00f3 el secretario de Gobierno del estado, Carlos Alcaraz, quien detall\u00f3 que se espera una nueva reuni\u00f3n con los representantes del ejido para definir los detalles del pago.<\/p>\n<p>&nbsp;<\/p>\n<p style=\"text-align: justify;\" data-sourcepos=\"9:1-9:362\">Alcaraz explic\u00f3 que el aval\u00fao de las tierras entregadas para la construcci\u00f3n de una vialidad primaria ya ha sido realizado por la autoridad federal y se encuentra en manos de la asamblea ejidal.<\/p>\n<p>&nbsp;<\/p>\n<p style=\"text-align: justify;\" data-sourcepos=\"9:1-9:362\">Con este documento como base, se establecer\u00e1n los mecanismos para efectuar los pagos correspondientes, considerando las posibilidades financieras del gobierno estatal.<\/p>\n<p>&nbsp;<\/p>\n<p style=\"text-align: justify;\" data-sourcepos=\"11:1-11:243\"><strong>&#8220;Hemos sido respetuosos del proceso interno del ejido para que puedan llegar a un acuerdo entre ellos. Ya contamos con un fondo destinado a esta indemnizaci\u00f3n, el cual se ajustar\u00e1 a las necesidades y acuerdos alcanzados&#8221;,<\/strong> afirm\u00f3 el secretario.<\/p>\n<p>&nbsp;<\/p>\n<p style=\"text-align: justify;\" data-sourcepos=\"13:1-13:164\">El funcionario destac\u00f3 la importancia de este avance, ya que representa el cierre de un cap\u00edtulo de m\u00e1s de 50 a\u00f1os de conflicto entre el gobierno y los ejidatarios.<\/p>\n<p>&nbsp;<\/p>\n<p style=\"text-align: center;\" data-sourcepos=\"13:1-13:164\"><em><strong>\u00a1Informaci\u00f3n que transforma!<\/strong><\/em><\/p>\n","protected":false},"excerpt":{"rendered":"<p>Luego de d\u00e9cadas de lucha, los ejidatarios de San Pablo ven cada vez m\u00e1s cerca una resoluci\u00f3n a su demanda de indemnizaci\u00f3n. As\u00ed lo inform\u00f3 el secretario de Gobierno del estado, Carlos Alcaraz, quien detall\u00f3 que se espera una nueva reuni\u00f3n con los representantes del ejido para definir los detalles del pago.<\/p>\n","protected":false},"author":3,"featured_media":9204,"comment_status":"open","ping_status":"open","sticky":false,"template":"","format":"standard","meta":{"footnotes":""},"categories":[65,58],"tags":[1141,2511,1159,133],"class_list":["post-9203","post","type-post","status-publish","format-standard","has-post-thumbnail","hentry","category-municipios","category-ultima-hora","tag-ejidosanpablo","tag-indemnizacion","tag-justiciasocial","tag-queretaro"],"yoast_head":"<!-- This site is optimized with the Yoast SEO plugin v25.0 - https:\/\/yoast.com\/wordpress\/plugins\/seo\/ -->\n<title>Avanza acuerdo para indemnizar a ejidatarios de San Pablo tras 50 a\u00f1os de espera | Nexo Informativo Santiago de Quer\u00e9taro<\/title>\n<meta name=\"description\" content=\"Avanza acuerdo para indemnizar a ejidatarios de San Pablo tras 50 a\u00f1os de espera\" \/>\n<meta name=\"robots\" content=\"index, follow, max-snippet:-1, max-image-preview:large, max-video-preview:-1\" \/>\n<link rel=\"canonical\" href=\"https:\/\/www.nexoinformativo.mx\/index.php\/2025\/01\/02\/avanza-acuerdo-para-indemnizar-a-ejidatarios-de-san-pablo-tras-50-anos-de-espera\/\" \/>\n<meta property=\"og:locale\" content=\"es_MX\" \/>\n<meta property=\"og:type\" content=\"article\" \/>\n<meta property=\"og:title\" content=\"Avanza acuerdo para indemnizar a ejidatarios de San Pablo tras 50 a\u00f1os de espera | Nexo Informativo Santiago de Quer\u00e9taro\" \/>\n<meta property=\"og:description\" content=\"Avanza acuerdo para indemnizar a ejidatarios de San Pablo tras 50 a\u00f1os de espera\" \/>\n<meta property=\"og:url\" content=\"https:\/\/www.nexoinformativo.mx\/index.php\/2025\/01\/02\/avanza-acuerdo-para-indemnizar-a-ejidatarios-de-san-pablo-tras-50-anos-de-espera\/\" \/>\n<meta property=\"og:site_name\" content=\"Nexo Informativo Santiago de Quer\u00e9taro\" \/>\n<meta property=\"article:publisher\" content=\"https:\/\/www.facebook.com\/people\/Nexo-Informativo\/61564066885511\/\" \/>\n<meta property=\"article:published_time\" content=\"2025-01-02T17:00:54+00:00\" \/>\n<meta property=\"article:modified_time\" content=\"2025-01-02T18:17:14+00:00\" \/>\n<meta property=\"og:image\" content=\"https:\/\/www.nexoinformativo.mx\/wp-content\/uploads\/2025\/01\/PHOTO-2025-01-02-10-48-46-e1735841691442.jpg\" \/>\n\t<meta property=\"og:image:width\" content=\"800\" \/>\n\t<meta property=\"og:image:height\" content=\"600\" \/>\n\t<meta property=\"og:image:type\" content=\"image\/jpeg\" \/>\n<meta name=\"author\" content=\"Nexo Informativo\" \/>\n<meta name=\"twitter:card\" content=\"summary_large_image\" \/>\n<meta name=\"twitter:label1\" content=\"Escrito por\" \/>\n\t<meta name=\"twitter:data1\" content=\"Nexo Informativo\" \/>\n\t<meta name=\"twitter:label2\" content=\"Tiempo de lectura\" \/>\n\t<meta name=\"twitter:data2\" content=\"2 minutos\" \/>\n<script type=\"application\/ld+json\" class=\"yoast-schema-graph\">{\"@context\":\"https:\/\/schema.org\",\"@graph\":[{\"@type\":\"Article\",\"@id\":\"https:\/\/www.nexoinformativo.mx\/index.php\/2025\/01\/02\/avanza-acuerdo-para-indemnizar-a-ejidatarios-de-san-pablo-tras-50-anos-de-espera\/#article\",\"isPartOf\":{\"@id\":\"https:\/\/www.nexoinformativo.mx\/index.php\/2025\/01\/02\/avanza-acuerdo-para-indemnizar-a-ejidatarios-de-san-pablo-tras-50-anos-de-espera\/\"},\"author\":{\"name\":\"Nexo Informativo\",\"@id\":\"https:\/\/www.nexoinformativo.mx\/#\/schema\/person\/7749d380ba08c8ca00d7bc76fd907b7d\"},\"headline\":\"Avanza acuerdo para indemnizar a ejidatarios de San Pablo tras 50 a\u00f1os de espera\",\"datePublished\":\"2025-01-02T17:00:54+00:00\",\"dateModified\":\"2025-01-02T18:17:14+00:00\",\"mainEntityOfPage\":{\"@id\":\"https:\/\/www.nexoinformativo.mx\/index.php\/2025\/01\/02\/avanza-acuerdo-para-indemnizar-a-ejidatarios-de-san-pablo-tras-50-anos-de-espera\/\"},\"wordCount\":209,\"commentCount\":0,\"publisher\":{\"@id\":\"https:\/\/www.nexoinformativo.mx\/#organization\"},\"image\":{\"@id\":\"https:\/\/www.nexoinformativo.mx\/index.php\/2025\/01\/02\/avanza-acuerdo-para-indemnizar-a-ejidatarios-de-san-pablo-tras-50-anos-de-espera\/#primaryimage\"},\"thumbnailUrl\":\"https:\/\/www.nexoinformativo.mx\/wp-content\/uploads\/2025\/01\/PHOTO-2025-01-02-10-48-46-e1735841691442.jpg\",\"keywords\":[\"EjidoSanPablo\",\"Indemnizaci\u00f3n\",\"JusticiaSocial\",\"Quer\u00e9taro\"],\"articleSection\":[\"Municipios\",\"\u00daltima Hora\"],\"inLanguage\":\"es\",\"potentialAction\":[{\"@type\":\"CommentAction\",\"name\":\"Comment\",\"target\":[\"https:\/\/www.nexoinformativo.mx\/index.php\/2025\/01\/02\/avanza-acuerdo-para-indemnizar-a-ejidatarios-de-san-pablo-tras-50-anos-de-espera\/#respond\"]}]},{\"@type\":\"WebPage\",\"@id\":\"https:\/\/www.nexoinformativo.mx\/index.php\/2025\/01\/02\/avanza-acuerdo-para-indemnizar-a-ejidatarios-de-san-pablo-tras-50-anos-de-espera\/\",\"url\":\"https:\/\/www.nexoinformativo.mx\/index.php\/2025\/01\/02\/avanza-acuerdo-para-indemnizar-a-ejidatarios-de-san-pablo-tras-50-anos-de-espera\/\",\"name\":\"Avanza acuerdo para indemnizar a ejidatarios de San Pablo tras 50 a\u00f1os de espera | Nexo Informativo Santiago de Quer\u00e9taro\",\"isPartOf\":{\"@id\":\"https:\/\/www.nexoinformativo.mx\/#website\"},\"primaryImageOfPage\":{\"@id\":\"https:\/\/www.nexoinformativo.mx\/index.php\/2025\/01\/02\/avanza-acuerdo-para-indemnizar-a-ejidatarios-de-san-pablo-tras-50-anos-de-espera\/#primaryimage\"},\"image\":{\"@id\":\"https:\/\/www.nexoinformativo.mx\/index.php\/2025\/01\/02\/avanza-acuerdo-para-indemnizar-a-ejidatarios-de-san-pablo-tras-50-anos-de-espera\/#primaryimage\"},\"thumbnailUrl\":\"https:\/\/www.nexoinformativo.mx\/wp-content\/uploads\/2025\/01\/PHOTO-2025-01-02-10-48-46-e1735841691442.jpg\",\"datePublished\":\"2025-01-02T17:00:54+00:00\",\"dateModified\":\"2025-01-02T18:17:14+00:00\",\"description\":\"Avanza acuerdo para indemnizar a ejidatarios de San Pablo tras 50 a\u00f1os de espera\",\"breadcrumb\":{\"@id\":\"https:\/\/www.nexoinformativo.mx\/index.php\/2025\/01\/02\/avanza-acuerdo-para-indemnizar-a-ejidatarios-de-san-pablo-tras-50-anos-de-espera\/#breadcrumb\"},\"inLanguage\":\"es\",\"potentialAction\":[{\"@type\":\"ReadAction\",\"target\":[\"https:\/\/www.nexoinformativo.mx\/index.php\/2025\/01\/02\/avanza-acuerdo-para-indemnizar-a-ejidatarios-de-san-pablo-tras-50-anos-de-espera\/\"]}]},{\"@type\":\"ImageObject\",\"inLanguage\":\"es\",\"@id\":\"https:\/\/www.nexoinformativo.mx\/index.php\/2025\/01\/02\/avanza-acuerdo-para-indemnizar-a-ejidatarios-de-san-pablo-tras-50-anos-de-espera\/#primaryimage\",\"url\":\"https:\/\/www.nexoinformativo.mx\/wp-content\/uploads\/2025\/01\/PHOTO-2025-01-02-10-48-46-e1735841691442.jpg\",\"contentUrl\":\"https:\/\/www.nexoinformativo.mx\/wp-content\/uploads\/2025\/01\/PHOTO-2025-01-02-10-48-46-e1735841691442.jpg\",\"width\":800,\"height\":600},{\"@type\":\"BreadcrumbList\",\"@id\":\"https:\/\/www.nexoinformativo.mx\/index.php\/2025\/01\/02\/avanza-acuerdo-para-indemnizar-a-ejidatarios-de-san-pablo-tras-50-anos-de-espera\/#breadcrumb\",\"itemListElement\":[{\"@type\":\"ListItem\",\"position\":1,\"name\":\"Inicio\",\"item\":\"https:\/\/www.nexoinformativo.mx\/\"},{\"@type\":\"ListItem\",\"position\":2,\"name\":\"Avanza acuerdo para indemnizar a ejidatarios de San Pablo tras 50 a\u00f1os de espera\"}]},{\"@type\":\"WebSite\",\"@id\":\"https:\/\/www.nexoinformativo.mx\/#website\",\"url\":\"https:\/\/www.nexoinformativo.mx\/\",\"name\":\"Nexo Informativo Santiago de Quer\u00e9taro\",\"description\":\"Explora NexoInformativo y convi\u00e9rtete en parte de una comunidad que valora el conocimiento y la verdad. Tu nexoinformativo es tu puente hacia una comprensi\u00f3n m\u00e1s profunda del mundo que te rodea.\",\"publisher\":{\"@id\":\"https:\/\/www.nexoinformativo.mx\/#organization\"},\"potentialAction\":[{\"@type\":\"SearchAction\",\"target\":{\"@type\":\"EntryPoint\",\"urlTemplate\":\"https:\/\/www.nexoinformativo.mx\/?s={search_term_string}\"},\"query-input\":{\"@type\":\"PropertyValueSpecification\",\"valueRequired\":true,\"valueName\":\"search_term_string\"}}],\"inLanguage\":\"es\"},{\"@type\":\"Organization\",\"@id\":\"https:\/\/www.nexoinformativo.mx\/#organization\",\"name\":\"Nexo Informativo Santiago de Quer\u00e9taro\",\"url\":\"https:\/\/www.nexoinformativo.mx\/\",\"logo\":{\"@type\":\"ImageObject\",\"inLanguage\":\"es\",\"@id\":\"https:\/\/www.nexoinformativo.mx\/#\/schema\/logo\/image\/\",\"url\":\"https:\/\/www.nexoinformativo.mx\/wp-content\/uploads\/2024\/07\/nexoi-trasparente-2.png\",\"contentUrl\":\"https:\/\/www.nexoinformativo.mx\/wp-content\/uploads\/2024\/07\/nexoi-trasparente-2.png\",\"width\":816,\"height\":339,\"caption\":\"Nexo Informativo Santiago de Quer\u00e9taro\"},\"image\":{\"@id\":\"https:\/\/www.nexoinformativo.mx\/#\/schema\/logo\/image\/\"},\"sameAs\":[\"https:\/\/www.facebook.com\/people\/Nexo-Informativo\/61564066885511\/\"]},{\"@type\":\"Person\",\"@id\":\"https:\/\/www.nexoinformativo.mx\/#\/schema\/person\/7749d380ba08c8ca00d7bc76fd907b7d\",\"name\":\"Nexo Informativo\",\"image\":{\"@type\":\"ImageObject\",\"inLanguage\":\"es\",\"@id\":\"https:\/\/www.nexoinformativo.mx\/#\/schema\/person\/image\/\",\"url\":\"https:\/\/secure.gravatar.com\/avatar\/dde2928154642a13d95f87ddf1ea9718fe2b46760a005c53e41ff5ad610704e6?s=96&d=mm&r=g\",\"contentUrl\":\"https:\/\/secure.gravatar.com\/avatar\/dde2928154642a13d95f87ddf1ea9718fe2b46760a005c53e41ff5ad610704e6?s=96&d=mm&r=g\",\"caption\":\"Nexo Informativo\"},\"url\":\"https:\/\/www.nexoinformativo.mx\/index.php\/author\/edicion\/\"}]}<\/script>\n<!-- \/ Yoast SEO plugin. -->","yoast_head_json":{"title":"Avanza acuerdo para indemnizar a ejidatarios de San Pablo tras 50 a\u00f1os de espera | Nexo Informativo Santiago de Quer\u00e9taro","description":"Avanza acuerdo para indemnizar a ejidatarios de San Pablo tras 50 a\u00f1os de espera","robots":{"index":"index","follow":"follow","max-snippet":"max-snippet:-1","max-image-preview":"max-image-preview:large","max-video-preview":"max-video-preview:-1"},"canonical":"https:\/\/www.nexoinformativo.mx\/index.php\/2025\/01\/02\/avanza-acuerdo-para-indemnizar-a-ejidatarios-de-san-pablo-tras-50-anos-de-espera\/","og_locale":"es_MX","og_type":"article","og_title":"Avanza acuerdo para indemnizar a ejidatarios de San Pablo tras 50 a\u00f1os de espera | Nexo Informativo Santiago de Quer\u00e9taro","og_description":"Avanza acuerdo para indemnizar a ejidatarios de San Pablo tras 50 a\u00f1os de espera","og_url":"https:\/\/www.nexoinformativo.mx\/index.php\/2025\/01\/02\/avanza-acuerdo-para-indemnizar-a-ejidatarios-de-san-pablo-tras-50-anos-de-espera\/","og_site_name":"Nexo Informativo Santiago de Quer\u00e9taro","article_publisher":"https:\/\/www.facebook.com\/people\/Nexo-Informativo\/61564066885511\/","article_published_time":"2025-01-02T17:00:54+00:00","article_modified_time":"2025-01-02T18:17:14+00:00","og_image":[{"width":800,"height":600,"url":"https:\/\/www.nexoinformativo.mx\/wp-content\/uploads\/2025\/01\/PHOTO-2025-01-02-10-48-46-e1735841691442.jpg","type":"image\/jpeg"}],"author":"Nexo Informativo","twitter_card":"summary_large_image","twitter_misc":{"Escrito por":"Nexo Informativo","Tiempo de lectura":"2 minutos"},"schema":{"@context":"https:\/\/schema.org","@graph":[{"@type":"Article","@id":"https:\/\/www.nexoinformativo.mx\/index.php\/2025\/01\/02\/avanza-acuerdo-para-indemnizar-a-ejidatarios-de-san-pablo-tras-50-anos-de-espera\/#article","isPartOf":{"@id":"https:\/\/www.nexoinformativo.mx\/index.php\/2025\/01\/02\/avanza-acuerdo-para-indemnizar-a-ejidatarios-de-san-pablo-tras-50-anos-de-espera\/"},"author":{"name":"Nexo Informativo","@id":"https:\/\/www.nexoinformativo.mx\/#\/schema\/person\/7749d380ba08c8ca00d7bc76fd907b7d"},"headline":"Avanza acuerdo para indemnizar a ejidatarios de San Pablo tras 50 a\u00f1os de espera","datePublished":"2025-01-02T17:00:54+00:00","dateModified":"2025-01-02T18:17:14+00:00","mainEntityOfPage":{"@id":"https:\/\/www.nexoinformativo.mx\/index.php\/2025\/01\/02\/avanza-acuerdo-para-indemnizar-a-ejidatarios-de-san-pablo-tras-50-anos-de-espera\/"},"wordCount":209,"commentCount":0,"publisher":{"@id":"https:\/\/www.nexoinformativo.mx\/#organization"},"image":{"@id":"https:\/\/www.nexoinformativo.mx\/index.php\/2025\/01\/02\/avanza-acuerdo-para-indemnizar-a-ejidatarios-de-san-pablo-tras-50-anos-de-espera\/#primaryimage"},"thumbnailUrl":"https:\/\/www.nexoinformativo.mx\/wp-content\/uploads\/2025\/01\/PHOTO-2025-01-02-10-48-46-e1735841691442.jpg","keywords":["EjidoSanPablo","Indemnizaci\u00f3n","JusticiaSocial","Quer\u00e9taro"],"articleSection":["Municipios","\u00daltima Hora"],"inLanguage":"es","potentialAction":[{"@type":"CommentAction","name":"Comment","target":["https:\/\/www.nexoinformativo.mx\/index.php\/2025\/01\/02\/avanza-acuerdo-para-indemnizar-a-ejidatarios-de-san-pablo-tras-50-anos-de-espera\/#respond"]}]},{"@type":"WebPage","@id":"https:\/\/www.nexoinformativo.mx\/index.php\/2025\/01\/02\/avanza-acuerdo-para-indemnizar-a-ejidatarios-de-san-pablo-tras-50-anos-de-espera\/","url":"https:\/\/www.nexoinformativo.mx\/index.php\/2025\/01\/02\/avanza-acuerdo-para-indemnizar-a-ejidatarios-de-san-pablo-tras-50-anos-de-espera\/","name":"Avanza acuerdo para indemnizar a ejidatarios de San Pablo tras 50 a\u00f1os de espera | Nexo Informativo Santiago de Quer\u00e9taro","isPartOf":{"@id":"https:\/\/www.nexoinformativo.mx\/#website"},"primaryImageOfPage":{"@id":"https:\/\/www.nexoinformativo.mx\/index.php\/2025\/01\/02\/avanza-acuerdo-para-indemnizar-a-ejidatarios-de-san-pablo-tras-50-anos-de-espera\/#primaryimage"},"image":{"@id":"https:\/\/www.nexoinformativo.mx\/index.php\/2025\/01\/02\/avanza-acuerdo-para-indemnizar-a-ejidatarios-de-san-pablo-tras-50-anos-de-espera\/#primaryimage"},"thumbnailUrl":"https:\/\/www.nexoinformativo.mx\/wp-content\/uploads\/2025\/01\/PHOTO-2025-01-02-10-48-46-e1735841691442.jpg","datePublished":"2025-01-02T17:00:54+00:00","dateModified":"2025-01-02T18:17:14+00:00","description":"Avanza acuerdo para indemnizar a ejidatarios de San Pablo tras 50 a\u00f1os de espera","breadcrumb":{"@id":"https:\/\/www.nexoinformativo.mx\/index.php\/2025\/01\/02\/avanza-acuerdo-para-indemnizar-a-ejidatarios-de-san-pablo-tras-50-anos-de-espera\/#breadcrumb"},"inLanguage":"es","potentialAction":[{"@type":"ReadAction","target":["https:\/\/www.nexoinformativo.mx\/index.php\/2025\/01\/02\/avanza-acuerdo-para-indemnizar-a-ejidatarios-de-san-pablo-tras-50-anos-de-espera\/"]}]},{"@type":"ImageObject","inLanguage":"es","@id":"https:\/\/www.nexoinformativo.mx\/index.php\/2025\/01\/02\/avanza-acuerdo-para-indemnizar-a-ejidatarios-de-san-pablo-tras-50-anos-de-espera\/#primaryimage","url":"https:\/\/www.nexoinformativo.mx\/wp-content\/uploads\/2025\/01\/PHOTO-2025-01-02-10-48-46-e1735841691442.jpg","contentUrl":"https:\/\/www.nexoinformativo.mx\/wp-content\/uploads\/2025\/01\/PHOTO-2025-01-02-10-48-46-e1735841691442.jpg","width":800,"height":600},{"@type":"BreadcrumbList","@id":"https:\/\/www.nexoinformativo.mx\/index.php\/2025\/01\/02\/avanza-acuerdo-para-indemnizar-a-ejidatarios-de-san-pablo-tras-50-anos-de-espera\/#breadcrumb","itemListElement":[{"@type":"ListItem","position":1,"name":"Inicio","item":"https:\/\/www.nexoinformativo.mx\/"},{"@type":"ListItem","position":2,"name":"Avanza acuerdo para indemnizar a ejidatarios de San Pablo tras 50 a\u00f1os de espera"}]},{"@type":"WebSite","@id":"https:\/\/www.nexoinformativo.mx\/#website","url":"https:\/\/www.nexoinformativo.mx\/","name":"Nexo Informativo Santiago de Quer\u00e9taro","description":"Explora NexoInformativo y convi\u00e9rtete en parte de una comunidad que valora el conocimiento y la verdad. Tu nexoinformativo es tu puente hacia una comprensi\u00f3n m\u00e1s profunda del mundo que te rodea.","publisher":{"@id":"https:\/\/www.nexoinformativo.mx\/#organization"},"potentialAction":[{"@type":"SearchAction","target":{"@type":"EntryPoint","urlTemplate":"https:\/\/www.nexoinformativo.mx\/?s={search_term_string}"},"query-input":{"@type":"PropertyValueSpecification","valueRequired":true,"valueName":"search_term_string"}}],"inLanguage":"es"},{"@type":"Organization","@id":"https:\/\/www.nexoinformativo.mx\/#organization","name":"Nexo Informativo Santiago de Quer\u00e9taro","url":"https:\/\/www.nexoinformativo.mx\/","logo":{"@type":"ImageObject","inLanguage":"es","@id":"https:\/\/www.nexoinformativo.mx\/#\/schema\/logo\/image\/","url":"https:\/\/www.nexoinformativo.mx\/wp-content\/uploads\/2024\/07\/nexoi-trasparente-2.png","contentUrl":"https:\/\/www.nexoinformativo.mx\/wp-content\/uploads\/2024\/07\/nexoi-trasparente-2.png","width":816,"height":339,"caption":"Nexo Informativo Santiago de Quer\u00e9taro"},"image":{"@id":"https:\/\/www.nexoinformativo.mx\/#\/schema\/logo\/image\/"},"sameAs":["https:\/\/www.facebook.com\/people\/Nexo-Informativo\/61564066885511\/"]},{"@type":"Person","@id":"https:\/\/www.nexoinformativo.mx\/#\/schema\/person\/7749d380ba08c8ca00d7bc76fd907b7d","name":"Nexo Informativo","image":{"@type":"ImageObject","inLanguage":"es","@id":"https:\/\/www.nexoinformativo.mx\/#\/schema\/person\/image\/","url":"https:\/\/secure.gravatar.com\/avatar\/dde2928154642a13d95f87ddf1ea9718fe2b46760a005c53e41ff5ad610704e6?s=96&d=mm&r=g","contentUrl":"https:\/\/secure.gravatar.com\/avatar\/dde2928154642a13d95f87ddf1ea9718fe2b46760a005c53e41ff5ad610704e6?s=96&d=mm&r=g","caption":"Nexo Informativo"},"url":"https:\/\/www.nexoinformativo.mx\/index.php\/author\/edicion\/"}]}},"_links":{"self":[{"href":"https:\/\/www.nexoinformativo.mx\/index.php\/wp-json\/wp\/v2\/posts\/9203","targetHints":{"allow":["GET"]}}],"collection":[{"href":"https:\/\/www.nexoinformativo.mx\/index.php\/wp-json\/wp\/v2\/posts"}],"about":[{"href":"https:\/\/www.nexoinformativo.mx\/index.php\/wp-json\/wp\/v2\/types\/post"}],"author":[{"embeddable":true,"href":"https:\/\/www.nexoinformativo.mx\/index.php\/wp-json\/wp\/v2\/users\/3"}],"replies":[{"embeddable":true,"href":"https:\/\/www.nexoinformativo.mx\/index.php\/wp-json\/wp\/v2\/comments?post=9203"}],"version-history":[{"count":3,"href":"https:\/\/www.nexoinformativo.mx\/index.php\/wp-json\/wp\/v2\/posts\/9203\/revisions"}],"predecessor-version":[{"id":9208,"href":"https:\/\/www.nexoinformativo.mx\/index.php\/wp-json\/wp\/v2\/posts\/9203\/revisions\/9208"}],"wp:featuredmedia":[{"embeddable":true,"href":"https:\/\/www.nexoinformativo.mx\/index.php\/wp-json\/wp\/v2\/media\/9204"}],"wp:attachment":[{"href":"https:\/\/www.nexoinformativo.mx\/index.php\/wp-json\/wp\/v2\/media?parent=9203"}],"wp:term":[{"taxonomy":"category","embeddable":true,"href":"https:\/\/www.nexoinformativo.mx\/index.php\/wp-json\/wp\/v2\/categories?post=9203"},{"taxonomy":"post_tag","embeddable":true,"href":"https:\/\/www.nexoinformativo.mx\/index.php\/wp-json\/wp\/v2\/tags?post=9203"}],"curies":[{"name":"wp","href":"https:\/\/api.w.org\/{rel}","templated":true}]}}