{"id":9221,"date":"2025-01-02T17:00:29","date_gmt":"2025-01-02T23:00:29","guid":{"rendered":"https:\/\/www.nexoinformativo.mx\/?p=9221"},"modified":"2025-01-02T20:16:04","modified_gmt":"2025-01-03T02:16:04","slug":"la-magia-llega-a-corregidora-cabalgata-de-reyes-magos-deleitara-a-grandes-y-chicos","status":"publish","type":"post","link":"https:\/\/www.nexoinformativo.mx\/index.php\/2025\/01\/02\/la-magia-llega-a-corregidora-cabalgata-de-reyes-magos-deleitara-a-grandes-y-chicos\/","title":{"rendered":"\u00a1La magia llega a Corregidora! Cabalgata de Reyes Magos deleitar\u00e1 a grandes y chicos"},"content":{"rendered":"<p style=\"text-align: justify;\" data-sourcepos=\"9:1-9:368\">Por primera vez, la tradicional Cabalgata de los Reyes Magos llegar\u00e1 al municipio de Corregidora, llevando la ilusi\u00f3n y la magia de esta festividad a miles de ni\u00f1os y ni\u00f1as.<\/p>\n<\/p>\n<p>&nbsp;<\/p>\n<p style=\"text-align: justify;\" data-sourcepos=\"9:1-9:368\">El pr\u00f3ximo lunes 6 de enero, Melchor, Gaspar y Baltasar, acompa\u00f1ados de un colorido contingente de 150 personas, recorrer\u00e1n las principales calles de El Pueblito, repartiendo juguetes y regalos.<\/p>\n<\/p>\n<p>&nbsp;<\/p>\n<p style=\"text-align: justify;\" data-sourcepos=\"11:1-11:323\">La cabalgata, resultado de la colaboraci\u00f3n entre el Municipio de Corregidora y el Gobierno del Estado de Quer\u00e9taro, promete ser un evento inolvidable. Adem\u00e1s de los Reyes Magos, los asistentes podr\u00e1n disfrutar de animales monumentales, carros aleg\u00f3ricos y un espect\u00e1culo de luces y sonido que llenar\u00e1 de alegr\u00eda las calles.<\/p>\n<\/p>\n<p>&nbsp;<\/p>\n<p style=\"text-align: justify;\" data-sourcepos=\"15:1-15:304\">La fiesta comenzar\u00e1 a las 17:00 horas en la avenida Josefa Ortiz de Dom\u00ednguez, casi esquina con avenida Constituyentes, donde dar\u00e1 inicio el desfile. El recorrido finalizar\u00e1 en la Plaza del Gran Cu\u00e9, pasando por el atrio de la Bas\u00edlica de El Pueblito, donde se llevar\u00e1 a cabo un concierto de villancicos.<\/p>\n<\/p>\n<p>&nbsp;<\/p>\n<p style=\"text-align: justify;\" data-sourcepos=\"19:1-19:284\">Para garantizar la seguridad de los asistentes, se contar\u00e1 con la presencia de cuerpos de seguridad y servicios de primeros auxilios a lo largo de toda la ruta. Adem\u00e1s, se instalar\u00e1n decoraciones navide\u00f1as y puntos de referencia tem\u00e1ticos inspirados en la historia de los Reyes Magos.<\/p>\n<\/p>\n<p>&nbsp;<\/p>\n<p style=\"text-align: justify;\" data-sourcepos=\"27:1-27:256\">El Comit\u00e9 Organizador, integrado por el Gobierno Municipal de Corregidora, asociaciones locales, comit\u00e9s vecinales, organizaciones culturales y el Patronato de las Fiestas del Estado de Quer\u00e9taro, ha trabajado arduamente para hacer realidad esta cabalgata.<\/p>\n<\/p>\n<p>&nbsp;<\/p>\n<p style=\"text-align: center;\" data-sourcepos=\"27:1-27:256\"><em><strong>\u00a1Informaci\u00f3n que transforma!<\/strong><\/em><\/p>\n","protected":false},"excerpt":{"rendered":"<p>Por primera vez, la tradicional Cabalgata de los Reyes Magos llegar\u00e1 al municipio de Corregidora, llevando la ilusi\u00f3n y la magia de esta festividad a miles de ni\u00f1os y ni\u00f1as.<\/p>\n","protected":false},"author":3,"featured_media":9222,"comment_status":"open","ping_status":"open","sticky":false,"template":"","format":"standard","meta":{"footnotes":""},"categories":[42,58],"tags":[2949,233,2230,2950],"class_list":["post-9221","post","type-post","status-publish","format-standard","has-post-thumbnail","hentry","category-estado","category-ultima-hora","tag-cabalgatareyesmagos","tag-corregidora","tag-familia","tag-magianavidena"],"yoast_head":"<!-- This site is optimized with the Yoast SEO plugin v25.0 - https:\/\/yoast.com\/wordpress\/plugins\/seo\/ -->\n<title>\u00a1La magia llega a Corregidora! Cabalgata de Reyes Magos deleitar\u00e1 a grandes y chicos | Nexo Informativo Santiago de Quer\u00e9taro<\/title>\n<meta name=\"description\" content=\"\u00a1La magia llega a Corregidora! Cabalgata de Reyes Magos deleitar\u00e1 a grandes y chicos\" \/>\n<meta name=\"robots\" content=\"index, follow, max-snippet:-1, max-image-preview:large, max-video-preview:-1\" \/>\n<link rel=\"canonical\" href=\"https:\/\/www.nexoinformativo.mx\/index.php\/2025\/01\/02\/la-magia-llega-a-corregidora-cabalgata-de-reyes-magos-deleitara-a-grandes-y-chicos\/\" \/>\n<meta property=\"og:locale\" content=\"es_MX\" \/>\n<meta property=\"og:type\" content=\"article\" \/>\n<meta property=\"og:title\" content=\"\u00a1La magia llega a Corregidora! Cabalgata de Reyes Magos deleitar\u00e1 a grandes y chicos | Nexo Informativo Santiago de Quer\u00e9taro\" \/>\n<meta property=\"og:description\" content=\"\u00a1La magia llega a Corregidora! Cabalgata de Reyes Magos deleitar\u00e1 a grandes y chicos\" \/>\n<meta property=\"og:url\" content=\"https:\/\/www.nexoinformativo.mx\/index.php\/2025\/01\/02\/la-magia-llega-a-corregidora-cabalgata-de-reyes-magos-deleitara-a-grandes-y-chicos\/\" \/>\n<meta property=\"og:site_name\" content=\"Nexo Informativo Santiago de Quer\u00e9taro\" \/>\n<meta property=\"article:publisher\" content=\"https:\/\/www.facebook.com\/people\/Nexo-Informativo\/61564066885511\/\" \/>\n<meta property=\"article:published_time\" content=\"2025-01-02T23:00:29+00:00\" \/>\n<meta property=\"article:modified_time\" content=\"2025-01-03T02:16:04+00:00\" \/>\n<meta property=\"og:image\" content=\"https:\/\/www.nexoinformativo.mx\/wp-content\/uploads\/2025\/01\/PHOTO-2025-01-02-18-12-04-e1735870464927.jpg\" \/>\n\t<meta property=\"og:image:width\" content=\"800\" \/>\n\t<meta property=\"og:image:height\" content=\"533\" \/>\n\t<meta property=\"og:image:type\" content=\"image\/jpeg\" \/>\n<meta name=\"author\" content=\"Nexo Informativo\" \/>\n<meta name=\"twitter:card\" content=\"summary_large_image\" \/>\n<meta name=\"twitter:label1\" content=\"Escrito por\" \/>\n\t<meta name=\"twitter:data1\" content=\"Nexo Informativo\" \/>\n\t<meta name=\"twitter:label2\" content=\"Tiempo de lectura\" \/>\n\t<meta name=\"twitter:data2\" content=\"2 minutos\" \/>\n<script type=\"application\/ld+json\" class=\"yoast-schema-graph\">{\"@context\":\"https:\/\/schema.org\",\"@graph\":[{\"@type\":\"Article\",\"@id\":\"https:\/\/www.nexoinformativo.mx\/index.php\/2025\/01\/02\/la-magia-llega-a-corregidora-cabalgata-de-reyes-magos-deleitara-a-grandes-y-chicos\/#article\",\"isPartOf\":{\"@id\":\"https:\/\/www.nexoinformativo.mx\/index.php\/2025\/01\/02\/la-magia-llega-a-corregidora-cabalgata-de-reyes-magos-deleitara-a-grandes-y-chicos\/\"},\"author\":{\"name\":\"Nexo Informativo\",\"@id\":\"https:\/\/www.nexoinformativo.mx\/#\/schema\/person\/7749d380ba08c8ca00d7bc76fd907b7d\"},\"headline\":\"\u00a1La magia llega a Corregidora! Cabalgata de Reyes Magos deleitar\u00e1 a grandes y chicos\",\"datePublished\":\"2025-01-02T23:00:29+00:00\",\"dateModified\":\"2025-01-03T02:16:04+00:00\",\"mainEntityOfPage\":{\"@id\":\"https:\/\/www.nexoinformativo.mx\/index.php\/2025\/01\/02\/la-magia-llega-a-corregidora-cabalgata-de-reyes-magos-deleitara-a-grandes-y-chicos\/\"},\"wordCount\":283,\"commentCount\":0,\"publisher\":{\"@id\":\"https:\/\/www.nexoinformativo.mx\/#organization\"},\"image\":{\"@id\":\"https:\/\/www.nexoinformativo.mx\/index.php\/2025\/01\/02\/la-magia-llega-a-corregidora-cabalgata-de-reyes-magos-deleitara-a-grandes-y-chicos\/#primaryimage\"},\"thumbnailUrl\":\"https:\/\/www.nexoinformativo.mx\/wp-content\/uploads\/2025\/01\/PHOTO-2025-01-02-18-12-04-e1735870464927.jpg\",\"keywords\":[\"CabalgataReyesMagos\",\"Corregidora\",\"Familia\",\"MagiaNavide\u00f1a\"],\"articleSection\":[\"Estado\",\"\u00daltima Hora\"],\"inLanguage\":\"es\",\"potentialAction\":[{\"@type\":\"CommentAction\",\"name\":\"Comment\",\"target\":[\"https:\/\/www.nexoinformativo.mx\/index.php\/2025\/01\/02\/la-magia-llega-a-corregidora-cabalgata-de-reyes-magos-deleitara-a-grandes-y-chicos\/#respond\"]}]},{\"@type\":\"WebPage\",\"@id\":\"https:\/\/www.nexoinformativo.mx\/index.php\/2025\/01\/02\/la-magia-llega-a-corregidora-cabalgata-de-reyes-magos-deleitara-a-grandes-y-chicos\/\",\"url\":\"https:\/\/www.nexoinformativo.mx\/index.php\/2025\/01\/02\/la-magia-llega-a-corregidora-cabalgata-de-reyes-magos-deleitara-a-grandes-y-chicos\/\",\"name\":\"\u00a1La magia llega a Corregidora! Cabalgata de Reyes Magos deleitar\u00e1 a grandes y chicos | Nexo Informativo Santiago de Quer\u00e9taro\",\"isPartOf\":{\"@id\":\"https:\/\/www.nexoinformativo.mx\/#website\"},\"primaryImageOfPage\":{\"@id\":\"https:\/\/www.nexoinformativo.mx\/index.php\/2025\/01\/02\/la-magia-llega-a-corregidora-cabalgata-de-reyes-magos-deleitara-a-grandes-y-chicos\/#primaryimage\"},\"image\":{\"@id\":\"https:\/\/www.nexoinformativo.mx\/index.php\/2025\/01\/02\/la-magia-llega-a-corregidora-cabalgata-de-reyes-magos-deleitara-a-grandes-y-chicos\/#primaryimage\"},\"thumbnailUrl\":\"https:\/\/www.nexoinformativo.mx\/wp-content\/uploads\/2025\/01\/PHOTO-2025-01-02-18-12-04-e1735870464927.jpg\",\"datePublished\":\"2025-01-02T23:00:29+00:00\",\"dateModified\":\"2025-01-03T02:16:04+00:00\",\"description\":\"\u00a1La magia llega a Corregidora! Cabalgata de Reyes Magos deleitar\u00e1 a grandes y chicos\",\"breadcrumb\":{\"@id\":\"https:\/\/www.nexoinformativo.mx\/index.php\/2025\/01\/02\/la-magia-llega-a-corregidora-cabalgata-de-reyes-magos-deleitara-a-grandes-y-chicos\/#breadcrumb\"},\"inLanguage\":\"es\",\"potentialAction\":[{\"@type\":\"ReadAction\",\"target\":[\"https:\/\/www.nexoinformativo.mx\/index.php\/2025\/01\/02\/la-magia-llega-a-corregidora-cabalgata-de-reyes-magos-deleitara-a-grandes-y-chicos\/\"]}]},{\"@type\":\"ImageObject\",\"inLanguage\":\"es\",\"@id\":\"https:\/\/www.nexoinformativo.mx\/index.php\/2025\/01\/02\/la-magia-llega-a-corregidora-cabalgata-de-reyes-magos-deleitara-a-grandes-y-chicos\/#primaryimage\",\"url\":\"https:\/\/www.nexoinformativo.mx\/wp-content\/uploads\/2025\/01\/PHOTO-2025-01-02-18-12-04-e1735870464927.jpg\",\"contentUrl\":\"https:\/\/www.nexoinformativo.mx\/wp-content\/uploads\/2025\/01\/PHOTO-2025-01-02-18-12-04-e1735870464927.jpg\",\"width\":800,\"height\":533},{\"@type\":\"BreadcrumbList\",\"@id\":\"https:\/\/www.nexoinformativo.mx\/index.php\/2025\/01\/02\/la-magia-llega-a-corregidora-cabalgata-de-reyes-magos-deleitara-a-grandes-y-chicos\/#breadcrumb\",\"itemListElement\":[{\"@type\":\"ListItem\",\"position\":1,\"name\":\"Inicio\",\"item\":\"https:\/\/www.nexoinformativo.mx\/\"},{\"@type\":\"ListItem\",\"position\":2,\"name\":\"\u00a1La magia llega a Corregidora! Cabalgata de Reyes Magos deleitar\u00e1 a grandes y chicos\"}]},{\"@type\":\"WebSite\",\"@id\":\"https:\/\/www.nexoinformativo.mx\/#website\",\"url\":\"https:\/\/www.nexoinformativo.mx\/\",\"name\":\"Nexo Informativo Santiago de Quer\u00e9taro\",\"description\":\"Explora NexoInformativo y convi\u00e9rtete en parte de una comunidad que valora el conocimiento y la verdad. Tu nexoinformativo es tu puente hacia una comprensi\u00f3n m\u00e1s profunda del mundo que te rodea.\",\"publisher\":{\"@id\":\"https:\/\/www.nexoinformativo.mx\/#organization\"},\"potentialAction\":[{\"@type\":\"SearchAction\",\"target\":{\"@type\":\"EntryPoint\",\"urlTemplate\":\"https:\/\/www.nexoinformativo.mx\/?s={search_term_string}\"},\"query-input\":{\"@type\":\"PropertyValueSpecification\",\"valueRequired\":true,\"valueName\":\"search_term_string\"}}],\"inLanguage\":\"es\"},{\"@type\":\"Organization\",\"@id\":\"https:\/\/www.nexoinformativo.mx\/#organization\",\"name\":\"Nexo Informativo Santiago de Quer\u00e9taro\",\"url\":\"https:\/\/www.nexoinformativo.mx\/\",\"logo\":{\"@type\":\"ImageObject\",\"inLanguage\":\"es\",\"@id\":\"https:\/\/www.nexoinformativo.mx\/#\/schema\/logo\/image\/\",\"url\":\"https:\/\/www.nexoinformativo.mx\/wp-content\/uploads\/2024\/07\/nexoi-trasparente-2.png\",\"contentUrl\":\"https:\/\/www.nexoinformativo.mx\/wp-content\/uploads\/2024\/07\/nexoi-trasparente-2.png\",\"width\":816,\"height\":339,\"caption\":\"Nexo Informativo Santiago de Quer\u00e9taro\"},\"image\":{\"@id\":\"https:\/\/www.nexoinformativo.mx\/#\/schema\/logo\/image\/\"},\"sameAs\":[\"https:\/\/www.facebook.com\/people\/Nexo-Informativo\/61564066885511\/\"]},{\"@type\":\"Person\",\"@id\":\"https:\/\/www.nexoinformativo.mx\/#\/schema\/person\/7749d380ba08c8ca00d7bc76fd907b7d\",\"name\":\"Nexo Informativo\",\"image\":{\"@type\":\"ImageObject\",\"inLanguage\":\"es\",\"@id\":\"https:\/\/www.nexoinformativo.mx\/#\/schema\/person\/image\/\",\"url\":\"https:\/\/secure.gravatar.com\/avatar\/dde2928154642a13d95f87ddf1ea9718fe2b46760a005c53e41ff5ad610704e6?s=96&d=mm&r=g\",\"contentUrl\":\"https:\/\/secure.gravatar.com\/avatar\/dde2928154642a13d95f87ddf1ea9718fe2b46760a005c53e41ff5ad610704e6?s=96&d=mm&r=g\",\"caption\":\"Nexo Informativo\"},\"url\":\"https:\/\/www.nexoinformativo.mx\/index.php\/author\/edicion\/\"}]}<\/script>\n<!-- \/ Yoast SEO plugin. -->","yoast_head_json":{"title":"\u00a1La magia llega a Corregidora! Cabalgata de Reyes Magos deleitar\u00e1 a grandes y chicos | Nexo Informativo Santiago de Quer\u00e9taro","description":"\u00a1La magia llega a Corregidora! Cabalgata de Reyes Magos deleitar\u00e1 a grandes y chicos","robots":{"index":"index","follow":"follow","max-snippet":"max-snippet:-1","max-image-preview":"max-image-preview:large","max-video-preview":"max-video-preview:-1"},"canonical":"https:\/\/www.nexoinformativo.mx\/index.php\/2025\/01\/02\/la-magia-llega-a-corregidora-cabalgata-de-reyes-magos-deleitara-a-grandes-y-chicos\/","og_locale":"es_MX","og_type":"article","og_title":"\u00a1La magia llega a Corregidora! Cabalgata de Reyes Magos deleitar\u00e1 a grandes y chicos | Nexo Informativo Santiago de Quer\u00e9taro","og_description":"\u00a1La magia llega a Corregidora! Cabalgata de Reyes Magos deleitar\u00e1 a grandes y chicos","og_url":"https:\/\/www.nexoinformativo.mx\/index.php\/2025\/01\/02\/la-magia-llega-a-corregidora-cabalgata-de-reyes-magos-deleitara-a-grandes-y-chicos\/","og_site_name":"Nexo Informativo Santiago de Quer\u00e9taro","article_publisher":"https:\/\/www.facebook.com\/people\/Nexo-Informativo\/61564066885511\/","article_published_time":"2025-01-02T23:00:29+00:00","article_modified_time":"2025-01-03T02:16:04+00:00","og_image":[{"width":800,"height":533,"url":"https:\/\/www.nexoinformativo.mx\/wp-content\/uploads\/2025\/01\/PHOTO-2025-01-02-18-12-04-e1735870464927.jpg","type":"image\/jpeg"}],"author":"Nexo Informativo","twitter_card":"summary_large_image","twitter_misc":{"Escrito por":"Nexo Informativo","Tiempo de lectura":"2 minutos"},"schema":{"@context":"https:\/\/schema.org","@graph":[{"@type":"Article","@id":"https:\/\/www.nexoinformativo.mx\/index.php\/2025\/01\/02\/la-magia-llega-a-corregidora-cabalgata-de-reyes-magos-deleitara-a-grandes-y-chicos\/#article","isPartOf":{"@id":"https:\/\/www.nexoinformativo.mx\/index.php\/2025\/01\/02\/la-magia-llega-a-corregidora-cabalgata-de-reyes-magos-deleitara-a-grandes-y-chicos\/"},"author":{"name":"Nexo Informativo","@id":"https:\/\/www.nexoinformativo.mx\/#\/schema\/person\/7749d380ba08c8ca00d7bc76fd907b7d"},"headline":"\u00a1La magia llega a Corregidora! Cabalgata de Reyes Magos deleitar\u00e1 a grandes y chicos","datePublished":"2025-01-02T23:00:29+00:00","dateModified":"2025-01-03T02:16:04+00:00","mainEntityOfPage":{"@id":"https:\/\/www.nexoinformativo.mx\/index.php\/2025\/01\/02\/la-magia-llega-a-corregidora-cabalgata-de-reyes-magos-deleitara-a-grandes-y-chicos\/"},"wordCount":283,"commentCount":0,"publisher":{"@id":"https:\/\/www.nexoinformativo.mx\/#organization"},"image":{"@id":"https:\/\/www.nexoinformativo.mx\/index.php\/2025\/01\/02\/la-magia-llega-a-corregidora-cabalgata-de-reyes-magos-deleitara-a-grandes-y-chicos\/#primaryimage"},"thumbnailUrl":"https:\/\/www.nexoinformativo.mx\/wp-content\/uploads\/2025\/01\/PHOTO-2025-01-02-18-12-04-e1735870464927.jpg","keywords":["CabalgataReyesMagos","Corregidora","Familia","MagiaNavide\u00f1a"],"articleSection":["Estado","\u00daltima Hora"],"inLanguage":"es","potentialAction":[{"@type":"CommentAction","name":"Comment","target":["https:\/\/www.nexoinformativo.mx\/index.php\/2025\/01\/02\/la-magia-llega-a-corregidora-cabalgata-de-reyes-magos-deleitara-a-grandes-y-chicos\/#respond"]}]},{"@type":"WebPage","@id":"https:\/\/www.nexoinformativo.mx\/index.php\/2025\/01\/02\/la-magia-llega-a-corregidora-cabalgata-de-reyes-magos-deleitara-a-grandes-y-chicos\/","url":"https:\/\/www.nexoinformativo.mx\/index.php\/2025\/01\/02\/la-magia-llega-a-corregidora-cabalgata-de-reyes-magos-deleitara-a-grandes-y-chicos\/","name":"\u00a1La magia llega a Corregidora! Cabalgata de Reyes Magos deleitar\u00e1 a grandes y chicos | Nexo Informativo Santiago de Quer\u00e9taro","isPartOf":{"@id":"https:\/\/www.nexoinformativo.mx\/#website"},"primaryImageOfPage":{"@id":"https:\/\/www.nexoinformativo.mx\/index.php\/2025\/01\/02\/la-magia-llega-a-corregidora-cabalgata-de-reyes-magos-deleitara-a-grandes-y-chicos\/#primaryimage"},"image":{"@id":"https:\/\/www.nexoinformativo.mx\/index.php\/2025\/01\/02\/la-magia-llega-a-corregidora-cabalgata-de-reyes-magos-deleitara-a-grandes-y-chicos\/#primaryimage"},"thumbnailUrl":"https:\/\/www.nexoinformativo.mx\/wp-content\/uploads\/2025\/01\/PHOTO-2025-01-02-18-12-04-e1735870464927.jpg","datePublished":"2025-01-02T23:00:29+00:00","dateModified":"2025-01-03T02:16:04+00:00","description":"\u00a1La magia llega a Corregidora! Cabalgata de Reyes Magos deleitar\u00e1 a grandes y chicos","breadcrumb":{"@id":"https:\/\/www.nexoinformativo.mx\/index.php\/2025\/01\/02\/la-magia-llega-a-corregidora-cabalgata-de-reyes-magos-deleitara-a-grandes-y-chicos\/#breadcrumb"},"inLanguage":"es","potentialAction":[{"@type":"ReadAction","target":["https:\/\/www.nexoinformativo.mx\/index.php\/2025\/01\/02\/la-magia-llega-a-corregidora-cabalgata-de-reyes-magos-deleitara-a-grandes-y-chicos\/"]}]},{"@type":"ImageObject","inLanguage":"es","@id":"https:\/\/www.nexoinformativo.mx\/index.php\/2025\/01\/02\/la-magia-llega-a-corregidora-cabalgata-de-reyes-magos-deleitara-a-grandes-y-chicos\/#primaryimage","url":"https:\/\/www.nexoinformativo.mx\/wp-content\/uploads\/2025\/01\/PHOTO-2025-01-02-18-12-04-e1735870464927.jpg","contentUrl":"https:\/\/www.nexoinformativo.mx\/wp-content\/uploads\/2025\/01\/PHOTO-2025-01-02-18-12-04-e1735870464927.jpg","width":800,"height":533},{"@type":"BreadcrumbList","@id":"https:\/\/www.nexoinformativo.mx\/index.php\/2025\/01\/02\/la-magia-llega-a-corregidora-cabalgata-de-reyes-magos-deleitara-a-grandes-y-chicos\/#breadcrumb","itemListElement":[{"@type":"ListItem","position":1,"name":"Inicio","item":"https:\/\/www.nexoinformativo.mx\/"},{"@type":"ListItem","position":2,"name":"\u00a1La magia llega a Corregidora! Cabalgata de Reyes Magos deleitar\u00e1 a grandes y chicos"}]},{"@type":"WebSite","@id":"https:\/\/www.nexoinformativo.mx\/#website","url":"https:\/\/www.nexoinformativo.mx\/","name":"Nexo Informativo Santiago de Quer\u00e9taro","description":"Explora NexoInformativo y convi\u00e9rtete en parte de una comunidad que valora el conocimiento y la verdad. Tu nexoinformativo es tu puente hacia una comprensi\u00f3n m\u00e1s profunda del mundo que te rodea.","publisher":{"@id":"https:\/\/www.nexoinformativo.mx\/#organization"},"potentialAction":[{"@type":"SearchAction","target":{"@type":"EntryPoint","urlTemplate":"https:\/\/www.nexoinformativo.mx\/?s={search_term_string}"},"query-input":{"@type":"PropertyValueSpecification","valueRequired":true,"valueName":"search_term_string"}}],"inLanguage":"es"},{"@type":"Organization","@id":"https:\/\/www.nexoinformativo.mx\/#organization","name":"Nexo Informativo Santiago de Quer\u00e9taro","url":"https:\/\/www.nexoinformativo.mx\/","logo":{"@type":"ImageObject","inLanguage":"es","@id":"https:\/\/www.nexoinformativo.mx\/#\/schema\/logo\/image\/","url":"https:\/\/www.nexoinformativo.mx\/wp-content\/uploads\/2024\/07\/nexoi-trasparente-2.png","contentUrl":"https:\/\/www.nexoinformativo.mx\/wp-content\/uploads\/2024\/07\/nexoi-trasparente-2.png","width":816,"height":339,"caption":"Nexo Informativo Santiago de Quer\u00e9taro"},"image":{"@id":"https:\/\/www.nexoinformativo.mx\/#\/schema\/logo\/image\/"},"sameAs":["https:\/\/www.facebook.com\/people\/Nexo-Informativo\/61564066885511\/"]},{"@type":"Person","@id":"https:\/\/www.nexoinformativo.mx\/#\/schema\/person\/7749d380ba08c8ca00d7bc76fd907b7d","name":"Nexo Informativo","image":{"@type":"ImageObject","inLanguage":"es","@id":"https:\/\/www.nexoinformativo.mx\/#\/schema\/person\/image\/","url":"https:\/\/secure.gravatar.com\/avatar\/dde2928154642a13d95f87ddf1ea9718fe2b46760a005c53e41ff5ad610704e6?s=96&d=mm&r=g","contentUrl":"https:\/\/secure.gravatar.com\/avatar\/dde2928154642a13d95f87ddf1ea9718fe2b46760a005c53e41ff5ad610704e6?s=96&d=mm&r=g","caption":"Nexo Informativo"},"url":"https:\/\/www.nexoinformativo.mx\/index.php\/author\/edicion\/"}]}},"_links":{"self":[{"href":"https:\/\/www.nexoinformativo.mx\/index.php\/wp-json\/wp\/v2\/posts\/9221","targetHints":{"allow":["GET"]}}],"collection":[{"href":"https:\/\/www.nexoinformativo.mx\/index.php\/wp-json\/wp\/v2\/posts"}],"about":[{"href":"https:\/\/www.nexoinformativo.mx\/index.php\/wp-json\/wp\/v2\/types\/post"}],"author":[{"embeddable":true,"href":"https:\/\/www.nexoinformativo.mx\/index.php\/wp-json\/wp\/v2\/users\/3"}],"replies":[{"embeddable":true,"href":"https:\/\/www.nexoinformativo.mx\/index.php\/wp-json\/wp\/v2\/comments?post=9221"}],"version-history":[{"count":2,"href":"https:\/\/www.nexoinformativo.mx\/index.php\/wp-json\/wp\/v2\/posts\/9221\/revisions"}],"predecessor-version":[{"id":9224,"href":"https:\/\/www.nexoinformativo.mx\/index.php\/wp-json\/wp\/v2\/posts\/9221\/revisions\/9224"}],"wp:featuredmedia":[{"embeddable":true,"href":"https:\/\/www.nexoinformativo.mx\/index.php\/wp-json\/wp\/v2\/media\/9222"}],"wp:attachment":[{"href":"https:\/\/www.nexoinformativo.mx\/index.php\/wp-json\/wp\/v2\/media?parent=9221"}],"wp:term":[{"taxonomy":"category","embeddable":true,"href":"https:\/\/www.nexoinformativo.mx\/index.php\/wp-json\/wp\/v2\/categories?post=9221"},{"taxonomy":"post_tag","embeddable":true,"href":"https:\/\/www.nexoinformativo.mx\/index.php\/wp-json\/wp\/v2\/tags?post=9221"}],"curies":[{"name":"wp","href":"https:\/\/api.w.org\/{rel}","templated":true}]}}