{"id":9227,"date":"2025-01-03T06:00:19","date_gmt":"2025-01-03T12:00:19","guid":{"rendered":"https:\/\/www.nexoinformativo.mx\/?p=9227"},"modified":"2025-01-03T09:32:31","modified_gmt":"2025-01-03T15:32:31","slug":"inicia-dispersion-de-pensiones-para-adultos-mayores-y-entrega-de-tarjetas-a-mujeres","status":"publish","type":"post","link":"https:\/\/www.nexoinformativo.mx\/index.php\/2025\/01\/03\/inicia-dispersion-de-pensiones-para-adultos-mayores-y-entrega-de-tarjetas-a-mujeres\/","title":{"rendered":"Inicia dispersi\u00f3n de pensiones para adultos mayores y entrega de tarjetas a mujeres"},"content":{"rendered":"<p style=\"text-align: justify;\" data-sourcepos=\"7:1-7:334\">A partir del 2 de enero, millones de mexicanos comenzar\u00e1n a recibir sus pensiones y apoyos sociales. El Gobierno de M\u00e9xico, a trav\u00e9s de la Secretar\u00eda de Bienestar, anunci\u00f3 que se dispersar\u00e1n 544 mil 600 millones de pesos en beneficios para adultos mayores, personas con discapacidad, madres trabajadoras y mujeres de 60 y 64 a\u00f1os.<\/p>\n<p>&nbsp;<\/p>\n<p style=\"text-align: justify;\" data-sourcepos=\"9:1-9:269\">Ariadna Montiel, titular de Bienestar, explic\u00f3 que el pago se realizar\u00e1 de acuerdo con la primera letra del apellido y que las mujeres beneficiarias de la Pensi\u00f3n Mujeres Bienestar comenzar\u00e1n a recibir sus tarjetas del Banco del Bienestar a partir del d\u00eda de hoy.<\/p>\n<p>&nbsp;<\/p>\n<p style=\"text-align: justify;\" data-sourcepos=\"11:1-11:276\">Claudia Sheinbaum, presidenta de M\u00e9xico, destac\u00f3 la importancia de estos programas sociales para garantizar el bienestar de las personas m\u00e1s vulnerables. Durante la conferencia matutina, se entregaron simb\u00f3licamente tarjetas del Banco del Bienestar a varias beneficiarias.<\/p>\n<p>&nbsp;<\/p>\n<p style=\"text-align: justify;\" data-sourcepos=\"15:1-15:197\">Para conocer la fecha y lugar de cobro, las personas beneficiarias deben consultar la p\u00e1gina oficial de la Secretar\u00eda de Bienestar (gob.mx\/bienestar) o llamar a la L\u00ednea de Bienestar 800 639 42 64.<\/p>\n<p>&nbsp;<\/p>\n<p style=\"text-align: center;\" data-sourcepos=\"15:1-15:197\"><em><strong>\u00a1Informaci\u00f3n que transforma!<\/strong><\/em><\/p>\n","protected":false},"excerpt":{"rendered":"<p>A partir de hoy, 2 de enero, millones de mexicanos comenzar\u00e1n a recibir sus pensiones y apoyos sociales. El Gobierno de M\u00e9xico, a trav\u00e9s de la Secretar\u00eda de Bienestar, anunci\u00f3 que se dispersar\u00e1n 544 mil 600 millones de pesos en beneficios para adultos mayores, personas con discapacidad, madres trabajadoras y mujeres de 63 y 64 a\u00f1os.<\/p>\n","protected":false},"author":3,"featured_media":9228,"comment_status":"open","ping_status":"open","sticky":false,"template":"","format":"standard","meta":{"footnotes":""},"categories":[88,58],"tags":[2952,1535,2914,2951],"class_list":["post-9227","post","type-post","status-publish","format-standard","has-post-thumbnail","hentry","category-nacional","category-ultima-hora","tag-bienestarparamexico","tag-gobiernodemexico","tag-mujeresbienestar","tag-pensionesparatodos"],"yoast_head":"<!-- This site is optimized with the Yoast SEO plugin v25.0 - https:\/\/yoast.com\/wordpress\/plugins\/seo\/ -->\n<title>Inicia dispersi\u00f3n de pensiones para adultos mayores y entrega de tarjetas a mujeres | Nexo Informativo Santiago de Quer\u00e9taro<\/title>\n<meta name=\"description\" content=\"Inicia dispersi\u00f3n de pensiones para adultos mayores y entrega de tarjetas a mujeres\" \/>\n<meta name=\"robots\" content=\"index, follow, max-snippet:-1, max-image-preview:large, max-video-preview:-1\" \/>\n<link rel=\"canonical\" href=\"https:\/\/www.nexoinformativo.mx\/index.php\/2025\/01\/03\/inicia-dispersion-de-pensiones-para-adultos-mayores-y-entrega-de-tarjetas-a-mujeres\/\" \/>\n<meta property=\"og:locale\" content=\"es_MX\" \/>\n<meta property=\"og:type\" content=\"article\" \/>\n<meta property=\"og:title\" content=\"Inicia dispersi\u00f3n de pensiones para adultos mayores y entrega de tarjetas a mujeres | Nexo Informativo Santiago de Quer\u00e9taro\" \/>\n<meta property=\"og:description\" content=\"Inicia dispersi\u00f3n de pensiones para adultos mayores y entrega de tarjetas a mujeres\" \/>\n<meta property=\"og:url\" content=\"https:\/\/www.nexoinformativo.mx\/index.php\/2025\/01\/03\/inicia-dispersion-de-pensiones-para-adultos-mayores-y-entrega-de-tarjetas-a-mujeres\/\" \/>\n<meta property=\"og:site_name\" content=\"Nexo Informativo Santiago de Quer\u00e9taro\" \/>\n<meta property=\"article:publisher\" content=\"https:\/\/www.facebook.com\/people\/Nexo-Informativo\/61564066885511\/\" \/>\n<meta property=\"article:published_time\" content=\"2025-01-03T12:00:19+00:00\" \/>\n<meta property=\"article:modified_time\" content=\"2025-01-03T15:32:31+00:00\" \/>\n<meta property=\"og:image\" content=\"https:\/\/www.nexoinformativo.mx\/wp-content\/uploads\/2025\/01\/IMG_4148-e1735918141175.jpg\" \/>\n\t<meta property=\"og:image:width\" content=\"700\" \/>\n\t<meta property=\"og:image:height\" content=\"1198\" \/>\n\t<meta property=\"og:image:type\" content=\"image\/jpeg\" \/>\n<meta name=\"author\" content=\"Nexo Informativo\" \/>\n<meta name=\"twitter:card\" content=\"summary_large_image\" \/>\n<meta name=\"twitter:label1\" content=\"Escrito por\" \/>\n\t<meta name=\"twitter:data1\" content=\"Nexo Informativo\" \/>\n\t<meta name=\"twitter:label2\" content=\"Tiempo de lectura\" \/>\n\t<meta name=\"twitter:data2\" content=\"1 minuto\" \/>\n<script type=\"application\/ld+json\" class=\"yoast-schema-graph\">{\"@context\":\"https:\/\/schema.org\",\"@graph\":[{\"@type\":\"Article\",\"@id\":\"https:\/\/www.nexoinformativo.mx\/index.php\/2025\/01\/03\/inicia-dispersion-de-pensiones-para-adultos-mayores-y-entrega-de-tarjetas-a-mujeres\/#article\",\"isPartOf\":{\"@id\":\"https:\/\/www.nexoinformativo.mx\/index.php\/2025\/01\/03\/inicia-dispersion-de-pensiones-para-adultos-mayores-y-entrega-de-tarjetas-a-mujeres\/\"},\"author\":{\"name\":\"Nexo Informativo\",\"@id\":\"https:\/\/www.nexoinformativo.mx\/#\/schema\/person\/7749d380ba08c8ca00d7bc76fd907b7d\"},\"headline\":\"Inicia dispersi\u00f3n de pensiones para adultos mayores y entrega de tarjetas a mujeres\",\"datePublished\":\"2025-01-03T12:00:19+00:00\",\"dateModified\":\"2025-01-03T15:32:31+00:00\",\"mainEntityOfPage\":{\"@id\":\"https:\/\/www.nexoinformativo.mx\/index.php\/2025\/01\/03\/inicia-dispersion-de-pensiones-para-adultos-mayores-y-entrega-de-tarjetas-a-mujeres\/\"},\"wordCount\":198,\"commentCount\":0,\"publisher\":{\"@id\":\"https:\/\/www.nexoinformativo.mx\/#organization\"},\"image\":{\"@id\":\"https:\/\/www.nexoinformativo.mx\/index.php\/2025\/01\/03\/inicia-dispersion-de-pensiones-para-adultos-mayores-y-entrega-de-tarjetas-a-mujeres\/#primaryimage\"},\"thumbnailUrl\":\"https:\/\/www.nexoinformativo.mx\/wp-content\/uploads\/2025\/01\/IMG_4148-e1735918141175.jpg\",\"keywords\":[\"BienestarParaM\u00e9xico\",\"GobiernoDeM\u00e9xico\",\"MujeresBienestar\",\"PensionesParaTodos\"],\"articleSection\":[\"Nacional\",\"\u00daltima Hora\"],\"inLanguage\":\"es\",\"potentialAction\":[{\"@type\":\"CommentAction\",\"name\":\"Comment\",\"target\":[\"https:\/\/www.nexoinformativo.mx\/index.php\/2025\/01\/03\/inicia-dispersion-de-pensiones-para-adultos-mayores-y-entrega-de-tarjetas-a-mujeres\/#respond\"]}]},{\"@type\":\"WebPage\",\"@id\":\"https:\/\/www.nexoinformativo.mx\/index.php\/2025\/01\/03\/inicia-dispersion-de-pensiones-para-adultos-mayores-y-entrega-de-tarjetas-a-mujeres\/\",\"url\":\"https:\/\/www.nexoinformativo.mx\/index.php\/2025\/01\/03\/inicia-dispersion-de-pensiones-para-adultos-mayores-y-entrega-de-tarjetas-a-mujeres\/\",\"name\":\"Inicia dispersi\u00f3n de pensiones para adultos mayores y entrega de tarjetas a mujeres | Nexo Informativo Santiago de Quer\u00e9taro\",\"isPartOf\":{\"@id\":\"https:\/\/www.nexoinformativo.mx\/#website\"},\"primaryImageOfPage\":{\"@id\":\"https:\/\/www.nexoinformativo.mx\/index.php\/2025\/01\/03\/inicia-dispersion-de-pensiones-para-adultos-mayores-y-entrega-de-tarjetas-a-mujeres\/#primaryimage\"},\"image\":{\"@id\":\"https:\/\/www.nexoinformativo.mx\/index.php\/2025\/01\/03\/inicia-dispersion-de-pensiones-para-adultos-mayores-y-entrega-de-tarjetas-a-mujeres\/#primaryimage\"},\"thumbnailUrl\":\"https:\/\/www.nexoinformativo.mx\/wp-content\/uploads\/2025\/01\/IMG_4148-e1735918141175.jpg\",\"datePublished\":\"2025-01-03T12:00:19+00:00\",\"dateModified\":\"2025-01-03T15:32:31+00:00\",\"description\":\"Inicia dispersi\u00f3n de pensiones para adultos mayores y entrega de tarjetas a mujeres\",\"breadcrumb\":{\"@id\":\"https:\/\/www.nexoinformativo.mx\/index.php\/2025\/01\/03\/inicia-dispersion-de-pensiones-para-adultos-mayores-y-entrega-de-tarjetas-a-mujeres\/#breadcrumb\"},\"inLanguage\":\"es\",\"potentialAction\":[{\"@type\":\"ReadAction\",\"target\":[\"https:\/\/www.nexoinformativo.mx\/index.php\/2025\/01\/03\/inicia-dispersion-de-pensiones-para-adultos-mayores-y-entrega-de-tarjetas-a-mujeres\/\"]}]},{\"@type\":\"ImageObject\",\"inLanguage\":\"es\",\"@id\":\"https:\/\/www.nexoinformativo.mx\/index.php\/2025\/01\/03\/inicia-dispersion-de-pensiones-para-adultos-mayores-y-entrega-de-tarjetas-a-mujeres\/#primaryimage\",\"url\":\"https:\/\/www.nexoinformativo.mx\/wp-content\/uploads\/2025\/01\/IMG_4148-e1735918141175.jpg\",\"contentUrl\":\"https:\/\/www.nexoinformativo.mx\/wp-content\/uploads\/2025\/01\/IMG_4148-e1735918141175.jpg\",\"width\":700,\"height\":1198,\"caption\":\"Screenshot\"},{\"@type\":\"BreadcrumbList\",\"@id\":\"https:\/\/www.nexoinformativo.mx\/index.php\/2025\/01\/03\/inicia-dispersion-de-pensiones-para-adultos-mayores-y-entrega-de-tarjetas-a-mujeres\/#breadcrumb\",\"itemListElement\":[{\"@type\":\"ListItem\",\"position\":1,\"name\":\"Inicio\",\"item\":\"https:\/\/www.nexoinformativo.mx\/\"},{\"@type\":\"ListItem\",\"position\":2,\"name\":\"Inicia dispersi\u00f3n de pensiones para adultos mayores y entrega de tarjetas a mujeres\"}]},{\"@type\":\"WebSite\",\"@id\":\"https:\/\/www.nexoinformativo.mx\/#website\",\"url\":\"https:\/\/www.nexoinformativo.mx\/\",\"name\":\"Nexo Informativo Santiago de Quer\u00e9taro\",\"description\":\"Explora NexoInformativo y convi\u00e9rtete en parte de una comunidad que valora el conocimiento y la verdad. Tu nexoinformativo es tu puente hacia una comprensi\u00f3n m\u00e1s profunda del mundo que te rodea.\",\"publisher\":{\"@id\":\"https:\/\/www.nexoinformativo.mx\/#organization\"},\"potentialAction\":[{\"@type\":\"SearchAction\",\"target\":{\"@type\":\"EntryPoint\",\"urlTemplate\":\"https:\/\/www.nexoinformativo.mx\/?s={search_term_string}\"},\"query-input\":{\"@type\":\"PropertyValueSpecification\",\"valueRequired\":true,\"valueName\":\"search_term_string\"}}],\"inLanguage\":\"es\"},{\"@type\":\"Organization\",\"@id\":\"https:\/\/www.nexoinformativo.mx\/#organization\",\"name\":\"Nexo Informativo Santiago de Quer\u00e9taro\",\"url\":\"https:\/\/www.nexoinformativo.mx\/\",\"logo\":{\"@type\":\"ImageObject\",\"inLanguage\":\"es\",\"@id\":\"https:\/\/www.nexoinformativo.mx\/#\/schema\/logo\/image\/\",\"url\":\"https:\/\/www.nexoinformativo.mx\/wp-content\/uploads\/2024\/07\/nexoi-trasparente-2.png\",\"contentUrl\":\"https:\/\/www.nexoinformativo.mx\/wp-content\/uploads\/2024\/07\/nexoi-trasparente-2.png\",\"width\":816,\"height\":339,\"caption\":\"Nexo Informativo Santiago de Quer\u00e9taro\"},\"image\":{\"@id\":\"https:\/\/www.nexoinformativo.mx\/#\/schema\/logo\/image\/\"},\"sameAs\":[\"https:\/\/www.facebook.com\/people\/Nexo-Informativo\/61564066885511\/\"]},{\"@type\":\"Person\",\"@id\":\"https:\/\/www.nexoinformativo.mx\/#\/schema\/person\/7749d380ba08c8ca00d7bc76fd907b7d\",\"name\":\"Nexo Informativo\",\"image\":{\"@type\":\"ImageObject\",\"inLanguage\":\"es\",\"@id\":\"https:\/\/www.nexoinformativo.mx\/#\/schema\/person\/image\/\",\"url\":\"https:\/\/secure.gravatar.com\/avatar\/dde2928154642a13d95f87ddf1ea9718fe2b46760a005c53e41ff5ad610704e6?s=96&d=mm&r=g\",\"contentUrl\":\"https:\/\/secure.gravatar.com\/avatar\/dde2928154642a13d95f87ddf1ea9718fe2b46760a005c53e41ff5ad610704e6?s=96&d=mm&r=g\",\"caption\":\"Nexo Informativo\"},\"url\":\"https:\/\/www.nexoinformativo.mx\/index.php\/author\/edicion\/\"}]}<\/script>\n<!-- \/ Yoast SEO plugin. -->","yoast_head_json":{"title":"Inicia dispersi\u00f3n de pensiones para adultos mayores y entrega de tarjetas a mujeres | Nexo Informativo Santiago de Quer\u00e9taro","description":"Inicia dispersi\u00f3n de pensiones para adultos mayores y entrega de tarjetas a mujeres","robots":{"index":"index","follow":"follow","max-snippet":"max-snippet:-1","max-image-preview":"max-image-preview:large","max-video-preview":"max-video-preview:-1"},"canonical":"https:\/\/www.nexoinformativo.mx\/index.php\/2025\/01\/03\/inicia-dispersion-de-pensiones-para-adultos-mayores-y-entrega-de-tarjetas-a-mujeres\/","og_locale":"es_MX","og_type":"article","og_title":"Inicia dispersi\u00f3n de pensiones para adultos mayores y entrega de tarjetas a mujeres | Nexo Informativo Santiago de Quer\u00e9taro","og_description":"Inicia dispersi\u00f3n de pensiones para adultos mayores y entrega de tarjetas a mujeres","og_url":"https:\/\/www.nexoinformativo.mx\/index.php\/2025\/01\/03\/inicia-dispersion-de-pensiones-para-adultos-mayores-y-entrega-de-tarjetas-a-mujeres\/","og_site_name":"Nexo Informativo Santiago de Quer\u00e9taro","article_publisher":"https:\/\/www.facebook.com\/people\/Nexo-Informativo\/61564066885511\/","article_published_time":"2025-01-03T12:00:19+00:00","article_modified_time":"2025-01-03T15:32:31+00:00","og_image":[{"width":700,"height":1198,"url":"https:\/\/www.nexoinformativo.mx\/wp-content\/uploads\/2025\/01\/IMG_4148-e1735918141175.jpg","type":"image\/jpeg"}],"author":"Nexo Informativo","twitter_card":"summary_large_image","twitter_misc":{"Escrito por":"Nexo Informativo","Tiempo de lectura":"1 minuto"},"schema":{"@context":"https:\/\/schema.org","@graph":[{"@type":"Article","@id":"https:\/\/www.nexoinformativo.mx\/index.php\/2025\/01\/03\/inicia-dispersion-de-pensiones-para-adultos-mayores-y-entrega-de-tarjetas-a-mujeres\/#article","isPartOf":{"@id":"https:\/\/www.nexoinformativo.mx\/index.php\/2025\/01\/03\/inicia-dispersion-de-pensiones-para-adultos-mayores-y-entrega-de-tarjetas-a-mujeres\/"},"author":{"name":"Nexo Informativo","@id":"https:\/\/www.nexoinformativo.mx\/#\/schema\/person\/7749d380ba08c8ca00d7bc76fd907b7d"},"headline":"Inicia dispersi\u00f3n de pensiones para adultos mayores y entrega de tarjetas a mujeres","datePublished":"2025-01-03T12:00:19+00:00","dateModified":"2025-01-03T15:32:31+00:00","mainEntityOfPage":{"@id":"https:\/\/www.nexoinformativo.mx\/index.php\/2025\/01\/03\/inicia-dispersion-de-pensiones-para-adultos-mayores-y-entrega-de-tarjetas-a-mujeres\/"},"wordCount":198,"commentCount":0,"publisher":{"@id":"https:\/\/www.nexoinformativo.mx\/#organization"},"image":{"@id":"https:\/\/www.nexoinformativo.mx\/index.php\/2025\/01\/03\/inicia-dispersion-de-pensiones-para-adultos-mayores-y-entrega-de-tarjetas-a-mujeres\/#primaryimage"},"thumbnailUrl":"https:\/\/www.nexoinformativo.mx\/wp-content\/uploads\/2025\/01\/IMG_4148-e1735918141175.jpg","keywords":["BienestarParaM\u00e9xico","GobiernoDeM\u00e9xico","MujeresBienestar","PensionesParaTodos"],"articleSection":["Nacional","\u00daltima Hora"],"inLanguage":"es","potentialAction":[{"@type":"CommentAction","name":"Comment","target":["https:\/\/www.nexoinformativo.mx\/index.php\/2025\/01\/03\/inicia-dispersion-de-pensiones-para-adultos-mayores-y-entrega-de-tarjetas-a-mujeres\/#respond"]}]},{"@type":"WebPage","@id":"https:\/\/www.nexoinformativo.mx\/index.php\/2025\/01\/03\/inicia-dispersion-de-pensiones-para-adultos-mayores-y-entrega-de-tarjetas-a-mujeres\/","url":"https:\/\/www.nexoinformativo.mx\/index.php\/2025\/01\/03\/inicia-dispersion-de-pensiones-para-adultos-mayores-y-entrega-de-tarjetas-a-mujeres\/","name":"Inicia dispersi\u00f3n de pensiones para adultos mayores y entrega de tarjetas a mujeres | Nexo Informativo Santiago de Quer\u00e9taro","isPartOf":{"@id":"https:\/\/www.nexoinformativo.mx\/#website"},"primaryImageOfPage":{"@id":"https:\/\/www.nexoinformativo.mx\/index.php\/2025\/01\/03\/inicia-dispersion-de-pensiones-para-adultos-mayores-y-entrega-de-tarjetas-a-mujeres\/#primaryimage"},"image":{"@id":"https:\/\/www.nexoinformativo.mx\/index.php\/2025\/01\/03\/inicia-dispersion-de-pensiones-para-adultos-mayores-y-entrega-de-tarjetas-a-mujeres\/#primaryimage"},"thumbnailUrl":"https:\/\/www.nexoinformativo.mx\/wp-content\/uploads\/2025\/01\/IMG_4148-e1735918141175.jpg","datePublished":"2025-01-03T12:00:19+00:00","dateModified":"2025-01-03T15:32:31+00:00","description":"Inicia dispersi\u00f3n de pensiones para adultos mayores y entrega de tarjetas a mujeres","breadcrumb":{"@id":"https:\/\/www.nexoinformativo.mx\/index.php\/2025\/01\/03\/inicia-dispersion-de-pensiones-para-adultos-mayores-y-entrega-de-tarjetas-a-mujeres\/#breadcrumb"},"inLanguage":"es","potentialAction":[{"@type":"ReadAction","target":["https:\/\/www.nexoinformativo.mx\/index.php\/2025\/01\/03\/inicia-dispersion-de-pensiones-para-adultos-mayores-y-entrega-de-tarjetas-a-mujeres\/"]}]},{"@type":"ImageObject","inLanguage":"es","@id":"https:\/\/www.nexoinformativo.mx\/index.php\/2025\/01\/03\/inicia-dispersion-de-pensiones-para-adultos-mayores-y-entrega-de-tarjetas-a-mujeres\/#primaryimage","url":"https:\/\/www.nexoinformativo.mx\/wp-content\/uploads\/2025\/01\/IMG_4148-e1735918141175.jpg","contentUrl":"https:\/\/www.nexoinformativo.mx\/wp-content\/uploads\/2025\/01\/IMG_4148-e1735918141175.jpg","width":700,"height":1198,"caption":"Screenshot"},{"@type":"BreadcrumbList","@id":"https:\/\/www.nexoinformativo.mx\/index.php\/2025\/01\/03\/inicia-dispersion-de-pensiones-para-adultos-mayores-y-entrega-de-tarjetas-a-mujeres\/#breadcrumb","itemListElement":[{"@type":"ListItem","position":1,"name":"Inicio","item":"https:\/\/www.nexoinformativo.mx\/"},{"@type":"ListItem","position":2,"name":"Inicia dispersi\u00f3n de pensiones para adultos mayores y entrega de tarjetas a mujeres"}]},{"@type":"WebSite","@id":"https:\/\/www.nexoinformativo.mx\/#website","url":"https:\/\/www.nexoinformativo.mx\/","name":"Nexo Informativo Santiago de Quer\u00e9taro","description":"Explora NexoInformativo y convi\u00e9rtete en parte de una comunidad que valora el conocimiento y la verdad. Tu nexoinformativo es tu puente hacia una comprensi\u00f3n m\u00e1s profunda del mundo que te rodea.","publisher":{"@id":"https:\/\/www.nexoinformativo.mx\/#organization"},"potentialAction":[{"@type":"SearchAction","target":{"@type":"EntryPoint","urlTemplate":"https:\/\/www.nexoinformativo.mx\/?s={search_term_string}"},"query-input":{"@type":"PropertyValueSpecification","valueRequired":true,"valueName":"search_term_string"}}],"inLanguage":"es"},{"@type":"Organization","@id":"https:\/\/www.nexoinformativo.mx\/#organization","name":"Nexo Informativo Santiago de Quer\u00e9taro","url":"https:\/\/www.nexoinformativo.mx\/","logo":{"@type":"ImageObject","inLanguage":"es","@id":"https:\/\/www.nexoinformativo.mx\/#\/schema\/logo\/image\/","url":"https:\/\/www.nexoinformativo.mx\/wp-content\/uploads\/2024\/07\/nexoi-trasparente-2.png","contentUrl":"https:\/\/www.nexoinformativo.mx\/wp-content\/uploads\/2024\/07\/nexoi-trasparente-2.png","width":816,"height":339,"caption":"Nexo Informativo Santiago de Quer\u00e9taro"},"image":{"@id":"https:\/\/www.nexoinformativo.mx\/#\/schema\/logo\/image\/"},"sameAs":["https:\/\/www.facebook.com\/people\/Nexo-Informativo\/61564066885511\/"]},{"@type":"Person","@id":"https:\/\/www.nexoinformativo.mx\/#\/schema\/person\/7749d380ba08c8ca00d7bc76fd907b7d","name":"Nexo Informativo","image":{"@type":"ImageObject","inLanguage":"es","@id":"https:\/\/www.nexoinformativo.mx\/#\/schema\/person\/image\/","url":"https:\/\/secure.gravatar.com\/avatar\/dde2928154642a13d95f87ddf1ea9718fe2b46760a005c53e41ff5ad610704e6?s=96&d=mm&r=g","contentUrl":"https:\/\/secure.gravatar.com\/avatar\/dde2928154642a13d95f87ddf1ea9718fe2b46760a005c53e41ff5ad610704e6?s=96&d=mm&r=g","caption":"Nexo Informativo"},"url":"https:\/\/www.nexoinformativo.mx\/index.php\/author\/edicion\/"}]}},"_links":{"self":[{"href":"https:\/\/www.nexoinformativo.mx\/index.php\/wp-json\/wp\/v2\/posts\/9227","targetHints":{"allow":["GET"]}}],"collection":[{"href":"https:\/\/www.nexoinformativo.mx\/index.php\/wp-json\/wp\/v2\/posts"}],"about":[{"href":"https:\/\/www.nexoinformativo.mx\/index.php\/wp-json\/wp\/v2\/types\/post"}],"author":[{"embeddable":true,"href":"https:\/\/www.nexoinformativo.mx\/index.php\/wp-json\/wp\/v2\/users\/3"}],"replies":[{"embeddable":true,"href":"https:\/\/www.nexoinformativo.mx\/index.php\/wp-json\/wp\/v2\/comments?post=9227"}],"version-history":[{"count":5,"href":"https:\/\/www.nexoinformativo.mx\/index.php\/wp-json\/wp\/v2\/posts\/9227\/revisions"}],"predecessor-version":[{"id":9233,"href":"https:\/\/www.nexoinformativo.mx\/index.php\/wp-json\/wp\/v2\/posts\/9227\/revisions\/9233"}],"wp:featuredmedia":[{"embeddable":true,"href":"https:\/\/www.nexoinformativo.mx\/index.php\/wp-json\/wp\/v2\/media\/9228"}],"wp:attachment":[{"href":"https:\/\/www.nexoinformativo.mx\/index.php\/wp-json\/wp\/v2\/media?parent=9227"}],"wp:term":[{"taxonomy":"category","embeddable":true,"href":"https:\/\/www.nexoinformativo.mx\/index.php\/wp-json\/wp\/v2\/categories?post=9227"},{"taxonomy":"post_tag","embeddable":true,"href":"https:\/\/www.nexoinformativo.mx\/index.php\/wp-json\/wp\/v2\/tags?post=9227"}],"curies":[{"name":"wp","href":"https:\/\/api.w.org\/{rel}","templated":true}]}}