{"id":9234,"date":"2025-01-03T06:30:38","date_gmt":"2025-01-03T12:30:38","guid":{"rendered":"https:\/\/www.nexoinformativo.mx\/?p=9234"},"modified":"2025-01-03T09:39:15","modified_gmt":"2025-01-03T15:39:15","slug":"mexico-y-canada-impulsan-el-desarrollo-profesional-de-migrantes-mexicanos","status":"publish","type":"post","link":"https:\/\/www.nexoinformativo.mx\/index.php\/2025\/01\/03\/mexico-y-canada-impulsan-el-desarrollo-profesional-de-migrantes-mexicanos\/","title":{"rendered":"M\u00e9xico y Canad\u00e1 impulsan el desarrollo profesional de migrantes mexicanos"},"content":{"rendered":"<p style=\"text-align: justify;\" data-sourcepos=\"7:1-7:353\">M\u00e9xico y Canad\u00e1 han unido fuerzas para mejorar las oportunidades laborales de los mexicanos que trabajan en el pa\u00eds norteamericano. A trav\u00e9s de un nuevo programa, los trabajadores mexicanos que participan en los programas temporales de agricultura y otros sectores podr\u00e1n obtener certificaciones oficiales que reconozcan sus habilidades y conocimientos.<\/p>\n<\/p>\n<p>&nbsp;<\/p>\n<p style=\"text-align: justify;\" data-sourcepos=\"9:1-9:302\">Este acuerdo, firmado entre la <strong>Secretar\u00eda de Educaci\u00f3n P\u00fablica<\/strong> (SEP) y el sindicato <strong>United Food and Commercial Workers<\/strong> (UFCW), permitir\u00e1 que miles de mexicanos adquieran las herramientas necesarias para desarrollarse profesionalmente en Canad\u00e1 y, al regresar a M\u00e9xico, puedan encontrar mejores empleos.<\/p>\n<\/p>\n<p>&nbsp;<\/p>\n<p style=\"text-align: justify;\" data-sourcepos=\"13:1-13:289\">El programa piloto iniciar\u00e1 en febrero de 2025 y beneficiar\u00e1 a m\u00e1s de 5 mil trabajadores mexicanos. A trav\u00e9s de este, los migrantes podr\u00e1n certificar sus competencias laborales, lo que les abrir\u00e1 las puertas a mejores oportunidades de empleo y a un mayor reconocimiento de sus habilidades.<\/p>\n<\/p>\n<p>&nbsp;<\/p>\n<p style=\"text-align: justify;\">*Las certificaciones obtenidas en Canad\u00e1 ser\u00e1n v\u00e1lidas en M\u00e9xico, facilitando la b\u00fasqueda de empleo al regresar.<\/p>\n<p style=\"text-align: justify;\">*Los trabajadores podr\u00e1n adquirir nuevas habilidades y conocimientos, lo que les permitir\u00e1 crecer en sus carreras.<\/p>\n<p style=\"text-align: justify;\">*Al contar con certificaciones, los trabajadores mexicanos podr\u00e1n negociar mejores salarios y condiciones laborales.<\/p>\n<p style=\"text-align: justify;\">*El programa contribuir\u00e1 a la integraci\u00f3n de los mexicanos en Canad\u00e1 y a su retorno productivo a M\u00e9xico.<\/p>\n<\/p>\n<p>&nbsp;<\/p>\n<p style=\"text-align: justify;\" data-sourcepos=\"24:1-24:277\">Para garantizar que los trabajadores mexicanos en Canad\u00e1 tengan acceso a oportunidades de desarrollo profesional y a un futuro m\u00e1s prometedor este acuerdo es un paso importante. Adem\u00e1s, fortalece la relaci\u00f3n entre M\u00e9xico y Canad\u00e1 en materia de cooperaci\u00f3n laboral y migratoria.<\/p>\n<\/p>\n<p>&nbsp;<\/p>\n<p style=\"text-align: center;\" data-sourcepos=\"24:1-24:277\"><em><strong>\u00a1Informaci\u00f3n que transforma!<\/strong><\/em><\/p>\n","protected":false},"excerpt":{"rendered":"<p>M\u00e9xico y Canad\u00e1 han unido fuerzas para mejorar las oportunidades laborales de los mexicanos que trabajan en el pa\u00eds norteamericano. A trav\u00e9s de un nuevo programa, los trabajadores mexicanos que participan en los programas temporales de agricultura y otros sectores podr\u00e1n obtener certificaciones oficiales que reconozcan sus habilidades y conocimientos.<\/p>\n","protected":false},"author":3,"featured_media":9235,"comment_status":"open","ping_status":"open","sticky":false,"template":"","format":"standard","meta":{"footnotes":""},"categories":[5,88,58],"tags":[2954,2901,2113,2953],"class_list":["post-9234","post","type-post","status-publish","format-standard","has-post-thumbnail","hentry","category-economia","category-nacional","category-ultima-hora","tag-certificacionlaboral","tag-desarrolloprofesional","tag-mexicocanada","tag-migrantesmexicanos"],"yoast_head":"<!-- This site is optimized with the Yoast SEO plugin v25.0 - https:\/\/yoast.com\/wordpress\/plugins\/seo\/ -->\n<title>M\u00e9xico y Canad\u00e1 impulsan el desarrollo profesional de migrantes mexicanos | Nexo Informativo Santiago de Quer\u00e9taro<\/title>\n<meta name=\"description\" content=\"M\u00e9xico y Canad\u00e1 impulsan el desarrollo profesional de migrantes mexicanos\" \/>\n<meta name=\"robots\" content=\"index, follow, max-snippet:-1, max-image-preview:large, max-video-preview:-1\" \/>\n<link rel=\"canonical\" href=\"https:\/\/www.nexoinformativo.mx\/index.php\/2025\/01\/03\/mexico-y-canada-impulsan-el-desarrollo-profesional-de-migrantes-mexicanos\/\" \/>\n<meta property=\"og:locale\" content=\"es_MX\" \/>\n<meta property=\"og:type\" content=\"article\" \/>\n<meta property=\"og:title\" content=\"M\u00e9xico y Canad\u00e1 impulsan el desarrollo profesional de migrantes mexicanos | Nexo Informativo Santiago de Quer\u00e9taro\" \/>\n<meta property=\"og:description\" content=\"M\u00e9xico y Canad\u00e1 impulsan el desarrollo profesional de migrantes mexicanos\" \/>\n<meta property=\"og:url\" content=\"https:\/\/www.nexoinformativo.mx\/index.php\/2025\/01\/03\/mexico-y-canada-impulsan-el-desarrollo-profesional-de-migrantes-mexicanos\/\" \/>\n<meta property=\"og:site_name\" content=\"Nexo Informativo Santiago de Quer\u00e9taro\" \/>\n<meta property=\"article:publisher\" content=\"https:\/\/www.facebook.com\/people\/Nexo-Informativo\/61564066885511\/\" \/>\n<meta property=\"article:published_time\" content=\"2025-01-03T12:30:38+00:00\" \/>\n<meta property=\"article:modified_time\" content=\"2025-01-03T15:39:15+00:00\" \/>\n<meta property=\"og:image\" content=\"https:\/\/www.nexoinformativo.mx\/wp-content\/uploads\/2025\/01\/IMG_4140-e1735918644364.jpg\" \/>\n\t<meta property=\"og:image:width\" content=\"800\" \/>\n\t<meta property=\"og:image:height\" content=\"533\" \/>\n\t<meta property=\"og:image:type\" content=\"image\/jpeg\" \/>\n<meta name=\"author\" content=\"Nexo Informativo\" \/>\n<meta name=\"twitter:card\" content=\"summary_large_image\" \/>\n<meta name=\"twitter:label1\" content=\"Escrito por\" \/>\n\t<meta name=\"twitter:data1\" content=\"Nexo Informativo\" \/>\n\t<meta name=\"twitter:label2\" content=\"Tiempo de lectura\" \/>\n\t<meta name=\"twitter:data2\" content=\"2 minutos\" \/>\n<script type=\"application\/ld+json\" class=\"yoast-schema-graph\">{\"@context\":\"https:\/\/schema.org\",\"@graph\":[{\"@type\":\"Article\",\"@id\":\"https:\/\/www.nexoinformativo.mx\/index.php\/2025\/01\/03\/mexico-y-canada-impulsan-el-desarrollo-profesional-de-migrantes-mexicanos\/#article\",\"isPartOf\":{\"@id\":\"https:\/\/www.nexoinformativo.mx\/index.php\/2025\/01\/03\/mexico-y-canada-impulsan-el-desarrollo-profesional-de-migrantes-mexicanos\/\"},\"author\":{\"name\":\"Nexo Informativo\",\"@id\":\"https:\/\/www.nexoinformativo.mx\/#\/schema\/person\/7749d380ba08c8ca00d7bc76fd907b7d\"},\"headline\":\"M\u00e9xico y Canad\u00e1 impulsan el desarrollo profesional de migrantes mexicanos\",\"datePublished\":\"2025-01-03T12:30:38+00:00\",\"dateModified\":\"2025-01-03T15:39:15+00:00\",\"mainEntityOfPage\":{\"@id\":\"https:\/\/www.nexoinformativo.mx\/index.php\/2025\/01\/03\/mexico-y-canada-impulsan-el-desarrollo-profesional-de-migrantes-mexicanos\/\"},\"wordCount\":287,\"commentCount\":0,\"publisher\":{\"@id\":\"https:\/\/www.nexoinformativo.mx\/#organization\"},\"image\":{\"@id\":\"https:\/\/www.nexoinformativo.mx\/index.php\/2025\/01\/03\/mexico-y-canada-impulsan-el-desarrollo-profesional-de-migrantes-mexicanos\/#primaryimage\"},\"thumbnailUrl\":\"https:\/\/www.nexoinformativo.mx\/wp-content\/uploads\/2025\/01\/IMG_4140-e1735918644364.jpg\",\"keywords\":[\"CertificacionLaboral\",\"DesarrolloProfesional\",\"M\u00e9xicoCanad\u00e1\",\"MigrantesMexicanos\"],\"articleSection\":[\"Econom\u00eda\",\"Nacional\",\"\u00daltima Hora\"],\"inLanguage\":\"es\",\"potentialAction\":[{\"@type\":\"CommentAction\",\"name\":\"Comment\",\"target\":[\"https:\/\/www.nexoinformativo.mx\/index.php\/2025\/01\/03\/mexico-y-canada-impulsan-el-desarrollo-profesional-de-migrantes-mexicanos\/#respond\"]}]},{\"@type\":\"WebPage\",\"@id\":\"https:\/\/www.nexoinformativo.mx\/index.php\/2025\/01\/03\/mexico-y-canada-impulsan-el-desarrollo-profesional-de-migrantes-mexicanos\/\",\"url\":\"https:\/\/www.nexoinformativo.mx\/index.php\/2025\/01\/03\/mexico-y-canada-impulsan-el-desarrollo-profesional-de-migrantes-mexicanos\/\",\"name\":\"M\u00e9xico y Canad\u00e1 impulsan el desarrollo profesional de migrantes mexicanos | Nexo Informativo Santiago de Quer\u00e9taro\",\"isPartOf\":{\"@id\":\"https:\/\/www.nexoinformativo.mx\/#website\"},\"primaryImageOfPage\":{\"@id\":\"https:\/\/www.nexoinformativo.mx\/index.php\/2025\/01\/03\/mexico-y-canada-impulsan-el-desarrollo-profesional-de-migrantes-mexicanos\/#primaryimage\"},\"image\":{\"@id\":\"https:\/\/www.nexoinformativo.mx\/index.php\/2025\/01\/03\/mexico-y-canada-impulsan-el-desarrollo-profesional-de-migrantes-mexicanos\/#primaryimage\"},\"thumbnailUrl\":\"https:\/\/www.nexoinformativo.mx\/wp-content\/uploads\/2025\/01\/IMG_4140-e1735918644364.jpg\",\"datePublished\":\"2025-01-03T12:30:38+00:00\",\"dateModified\":\"2025-01-03T15:39:15+00:00\",\"description\":\"M\u00e9xico y Canad\u00e1 impulsan el desarrollo profesional de migrantes mexicanos\",\"breadcrumb\":{\"@id\":\"https:\/\/www.nexoinformativo.mx\/index.php\/2025\/01\/03\/mexico-y-canada-impulsan-el-desarrollo-profesional-de-migrantes-mexicanos\/#breadcrumb\"},\"inLanguage\":\"es\",\"potentialAction\":[{\"@type\":\"ReadAction\",\"target\":[\"https:\/\/www.nexoinformativo.mx\/index.php\/2025\/01\/03\/mexico-y-canada-impulsan-el-desarrollo-profesional-de-migrantes-mexicanos\/\"]}]},{\"@type\":\"ImageObject\",\"inLanguage\":\"es\",\"@id\":\"https:\/\/www.nexoinformativo.mx\/index.php\/2025\/01\/03\/mexico-y-canada-impulsan-el-desarrollo-profesional-de-migrantes-mexicanos\/#primaryimage\",\"url\":\"https:\/\/www.nexoinformativo.mx\/wp-content\/uploads\/2025\/01\/IMG_4140-e1735918644364.jpg\",\"contentUrl\":\"https:\/\/www.nexoinformativo.mx\/wp-content\/uploads\/2025\/01\/IMG_4140-e1735918644364.jpg\",\"width\":800,\"height\":533},{\"@type\":\"BreadcrumbList\",\"@id\":\"https:\/\/www.nexoinformativo.mx\/index.php\/2025\/01\/03\/mexico-y-canada-impulsan-el-desarrollo-profesional-de-migrantes-mexicanos\/#breadcrumb\",\"itemListElement\":[{\"@type\":\"ListItem\",\"position\":1,\"name\":\"Inicio\",\"item\":\"https:\/\/www.nexoinformativo.mx\/\"},{\"@type\":\"ListItem\",\"position\":2,\"name\":\"M\u00e9xico y Canad\u00e1 impulsan el desarrollo profesional de migrantes mexicanos\"}]},{\"@type\":\"WebSite\",\"@id\":\"https:\/\/www.nexoinformativo.mx\/#website\",\"url\":\"https:\/\/www.nexoinformativo.mx\/\",\"name\":\"Nexo Informativo Santiago de Quer\u00e9taro\",\"description\":\"Explora NexoInformativo y convi\u00e9rtete en parte de una comunidad que valora el conocimiento y la verdad. Tu nexoinformativo es tu puente hacia una comprensi\u00f3n m\u00e1s profunda del mundo que te rodea.\",\"publisher\":{\"@id\":\"https:\/\/www.nexoinformativo.mx\/#organization\"},\"potentialAction\":[{\"@type\":\"SearchAction\",\"target\":{\"@type\":\"EntryPoint\",\"urlTemplate\":\"https:\/\/www.nexoinformativo.mx\/?s={search_term_string}\"},\"query-input\":{\"@type\":\"PropertyValueSpecification\",\"valueRequired\":true,\"valueName\":\"search_term_string\"}}],\"inLanguage\":\"es\"},{\"@type\":\"Organization\",\"@id\":\"https:\/\/www.nexoinformativo.mx\/#organization\",\"name\":\"Nexo Informativo Santiago de Quer\u00e9taro\",\"url\":\"https:\/\/www.nexoinformativo.mx\/\",\"logo\":{\"@type\":\"ImageObject\",\"inLanguage\":\"es\",\"@id\":\"https:\/\/www.nexoinformativo.mx\/#\/schema\/logo\/image\/\",\"url\":\"https:\/\/www.nexoinformativo.mx\/wp-content\/uploads\/2024\/07\/nexoi-trasparente-2.png\",\"contentUrl\":\"https:\/\/www.nexoinformativo.mx\/wp-content\/uploads\/2024\/07\/nexoi-trasparente-2.png\",\"width\":816,\"height\":339,\"caption\":\"Nexo Informativo Santiago de Quer\u00e9taro\"},\"image\":{\"@id\":\"https:\/\/www.nexoinformativo.mx\/#\/schema\/logo\/image\/\"},\"sameAs\":[\"https:\/\/www.facebook.com\/people\/Nexo-Informativo\/61564066885511\/\"]},{\"@type\":\"Person\",\"@id\":\"https:\/\/www.nexoinformativo.mx\/#\/schema\/person\/7749d380ba08c8ca00d7bc76fd907b7d\",\"name\":\"Nexo Informativo\",\"image\":{\"@type\":\"ImageObject\",\"inLanguage\":\"es\",\"@id\":\"https:\/\/www.nexoinformativo.mx\/#\/schema\/person\/image\/\",\"url\":\"https:\/\/secure.gravatar.com\/avatar\/dde2928154642a13d95f87ddf1ea9718fe2b46760a005c53e41ff5ad610704e6?s=96&d=mm&r=g\",\"contentUrl\":\"https:\/\/secure.gravatar.com\/avatar\/dde2928154642a13d95f87ddf1ea9718fe2b46760a005c53e41ff5ad610704e6?s=96&d=mm&r=g\",\"caption\":\"Nexo Informativo\"},\"url\":\"https:\/\/www.nexoinformativo.mx\/index.php\/author\/edicion\/\"}]}<\/script>\n<!-- \/ Yoast SEO plugin. -->","yoast_head_json":{"title":"M\u00e9xico y Canad\u00e1 impulsan el desarrollo profesional de migrantes mexicanos | Nexo Informativo Santiago de Quer\u00e9taro","description":"M\u00e9xico y Canad\u00e1 impulsan el desarrollo profesional de migrantes mexicanos","robots":{"index":"index","follow":"follow","max-snippet":"max-snippet:-1","max-image-preview":"max-image-preview:large","max-video-preview":"max-video-preview:-1"},"canonical":"https:\/\/www.nexoinformativo.mx\/index.php\/2025\/01\/03\/mexico-y-canada-impulsan-el-desarrollo-profesional-de-migrantes-mexicanos\/","og_locale":"es_MX","og_type":"article","og_title":"M\u00e9xico y Canad\u00e1 impulsan el desarrollo profesional de migrantes mexicanos | Nexo Informativo Santiago de Quer\u00e9taro","og_description":"M\u00e9xico y Canad\u00e1 impulsan el desarrollo profesional de migrantes mexicanos","og_url":"https:\/\/www.nexoinformativo.mx\/index.php\/2025\/01\/03\/mexico-y-canada-impulsan-el-desarrollo-profesional-de-migrantes-mexicanos\/","og_site_name":"Nexo Informativo Santiago de Quer\u00e9taro","article_publisher":"https:\/\/www.facebook.com\/people\/Nexo-Informativo\/61564066885511\/","article_published_time":"2025-01-03T12:30:38+00:00","article_modified_time":"2025-01-03T15:39:15+00:00","og_image":[{"width":800,"height":533,"url":"https:\/\/www.nexoinformativo.mx\/wp-content\/uploads\/2025\/01\/IMG_4140-e1735918644364.jpg","type":"image\/jpeg"}],"author":"Nexo Informativo","twitter_card":"summary_large_image","twitter_misc":{"Escrito por":"Nexo Informativo","Tiempo de lectura":"2 minutos"},"schema":{"@context":"https:\/\/schema.org","@graph":[{"@type":"Article","@id":"https:\/\/www.nexoinformativo.mx\/index.php\/2025\/01\/03\/mexico-y-canada-impulsan-el-desarrollo-profesional-de-migrantes-mexicanos\/#article","isPartOf":{"@id":"https:\/\/www.nexoinformativo.mx\/index.php\/2025\/01\/03\/mexico-y-canada-impulsan-el-desarrollo-profesional-de-migrantes-mexicanos\/"},"author":{"name":"Nexo Informativo","@id":"https:\/\/www.nexoinformativo.mx\/#\/schema\/person\/7749d380ba08c8ca00d7bc76fd907b7d"},"headline":"M\u00e9xico y Canad\u00e1 impulsan el desarrollo profesional de migrantes mexicanos","datePublished":"2025-01-03T12:30:38+00:00","dateModified":"2025-01-03T15:39:15+00:00","mainEntityOfPage":{"@id":"https:\/\/www.nexoinformativo.mx\/index.php\/2025\/01\/03\/mexico-y-canada-impulsan-el-desarrollo-profesional-de-migrantes-mexicanos\/"},"wordCount":287,"commentCount":0,"publisher":{"@id":"https:\/\/www.nexoinformativo.mx\/#organization"},"image":{"@id":"https:\/\/www.nexoinformativo.mx\/index.php\/2025\/01\/03\/mexico-y-canada-impulsan-el-desarrollo-profesional-de-migrantes-mexicanos\/#primaryimage"},"thumbnailUrl":"https:\/\/www.nexoinformativo.mx\/wp-content\/uploads\/2025\/01\/IMG_4140-e1735918644364.jpg","keywords":["CertificacionLaboral","DesarrolloProfesional","M\u00e9xicoCanad\u00e1","MigrantesMexicanos"],"articleSection":["Econom\u00eda","Nacional","\u00daltima Hora"],"inLanguage":"es","potentialAction":[{"@type":"CommentAction","name":"Comment","target":["https:\/\/www.nexoinformativo.mx\/index.php\/2025\/01\/03\/mexico-y-canada-impulsan-el-desarrollo-profesional-de-migrantes-mexicanos\/#respond"]}]},{"@type":"WebPage","@id":"https:\/\/www.nexoinformativo.mx\/index.php\/2025\/01\/03\/mexico-y-canada-impulsan-el-desarrollo-profesional-de-migrantes-mexicanos\/","url":"https:\/\/www.nexoinformativo.mx\/index.php\/2025\/01\/03\/mexico-y-canada-impulsan-el-desarrollo-profesional-de-migrantes-mexicanos\/","name":"M\u00e9xico y Canad\u00e1 impulsan el desarrollo profesional de migrantes mexicanos | Nexo Informativo Santiago de Quer\u00e9taro","isPartOf":{"@id":"https:\/\/www.nexoinformativo.mx\/#website"},"primaryImageOfPage":{"@id":"https:\/\/www.nexoinformativo.mx\/index.php\/2025\/01\/03\/mexico-y-canada-impulsan-el-desarrollo-profesional-de-migrantes-mexicanos\/#primaryimage"},"image":{"@id":"https:\/\/www.nexoinformativo.mx\/index.php\/2025\/01\/03\/mexico-y-canada-impulsan-el-desarrollo-profesional-de-migrantes-mexicanos\/#primaryimage"},"thumbnailUrl":"https:\/\/www.nexoinformativo.mx\/wp-content\/uploads\/2025\/01\/IMG_4140-e1735918644364.jpg","datePublished":"2025-01-03T12:30:38+00:00","dateModified":"2025-01-03T15:39:15+00:00","description":"M\u00e9xico y Canad\u00e1 impulsan el desarrollo profesional de migrantes mexicanos","breadcrumb":{"@id":"https:\/\/www.nexoinformativo.mx\/index.php\/2025\/01\/03\/mexico-y-canada-impulsan-el-desarrollo-profesional-de-migrantes-mexicanos\/#breadcrumb"},"inLanguage":"es","potentialAction":[{"@type":"ReadAction","target":["https:\/\/www.nexoinformativo.mx\/index.php\/2025\/01\/03\/mexico-y-canada-impulsan-el-desarrollo-profesional-de-migrantes-mexicanos\/"]}]},{"@type":"ImageObject","inLanguage":"es","@id":"https:\/\/www.nexoinformativo.mx\/index.php\/2025\/01\/03\/mexico-y-canada-impulsan-el-desarrollo-profesional-de-migrantes-mexicanos\/#primaryimage","url":"https:\/\/www.nexoinformativo.mx\/wp-content\/uploads\/2025\/01\/IMG_4140-e1735918644364.jpg","contentUrl":"https:\/\/www.nexoinformativo.mx\/wp-content\/uploads\/2025\/01\/IMG_4140-e1735918644364.jpg","width":800,"height":533},{"@type":"BreadcrumbList","@id":"https:\/\/www.nexoinformativo.mx\/index.php\/2025\/01\/03\/mexico-y-canada-impulsan-el-desarrollo-profesional-de-migrantes-mexicanos\/#breadcrumb","itemListElement":[{"@type":"ListItem","position":1,"name":"Inicio","item":"https:\/\/www.nexoinformativo.mx\/"},{"@type":"ListItem","position":2,"name":"M\u00e9xico y Canad\u00e1 impulsan el desarrollo profesional de migrantes mexicanos"}]},{"@type":"WebSite","@id":"https:\/\/www.nexoinformativo.mx\/#website","url":"https:\/\/www.nexoinformativo.mx\/","name":"Nexo Informativo Santiago de Quer\u00e9taro","description":"Explora NexoInformativo y convi\u00e9rtete en parte de una comunidad que valora el conocimiento y la verdad. Tu nexoinformativo es tu puente hacia una comprensi\u00f3n m\u00e1s profunda del mundo que te rodea.","publisher":{"@id":"https:\/\/www.nexoinformativo.mx\/#organization"},"potentialAction":[{"@type":"SearchAction","target":{"@type":"EntryPoint","urlTemplate":"https:\/\/www.nexoinformativo.mx\/?s={search_term_string}"},"query-input":{"@type":"PropertyValueSpecification","valueRequired":true,"valueName":"search_term_string"}}],"inLanguage":"es"},{"@type":"Organization","@id":"https:\/\/www.nexoinformativo.mx\/#organization","name":"Nexo Informativo Santiago de Quer\u00e9taro","url":"https:\/\/www.nexoinformativo.mx\/","logo":{"@type":"ImageObject","inLanguage":"es","@id":"https:\/\/www.nexoinformativo.mx\/#\/schema\/logo\/image\/","url":"https:\/\/www.nexoinformativo.mx\/wp-content\/uploads\/2024\/07\/nexoi-trasparente-2.png","contentUrl":"https:\/\/www.nexoinformativo.mx\/wp-content\/uploads\/2024\/07\/nexoi-trasparente-2.png","width":816,"height":339,"caption":"Nexo Informativo Santiago de Quer\u00e9taro"},"image":{"@id":"https:\/\/www.nexoinformativo.mx\/#\/schema\/logo\/image\/"},"sameAs":["https:\/\/www.facebook.com\/people\/Nexo-Informativo\/61564066885511\/"]},{"@type":"Person","@id":"https:\/\/www.nexoinformativo.mx\/#\/schema\/person\/7749d380ba08c8ca00d7bc76fd907b7d","name":"Nexo Informativo","image":{"@type":"ImageObject","inLanguage":"es","@id":"https:\/\/www.nexoinformativo.mx\/#\/schema\/person\/image\/","url":"https:\/\/secure.gravatar.com\/avatar\/dde2928154642a13d95f87ddf1ea9718fe2b46760a005c53e41ff5ad610704e6?s=96&d=mm&r=g","contentUrl":"https:\/\/secure.gravatar.com\/avatar\/dde2928154642a13d95f87ddf1ea9718fe2b46760a005c53e41ff5ad610704e6?s=96&d=mm&r=g","caption":"Nexo Informativo"},"url":"https:\/\/www.nexoinformativo.mx\/index.php\/author\/edicion\/"}]}},"_links":{"self":[{"href":"https:\/\/www.nexoinformativo.mx\/index.php\/wp-json\/wp\/v2\/posts\/9234","targetHints":{"allow":["GET"]}}],"collection":[{"href":"https:\/\/www.nexoinformativo.mx\/index.php\/wp-json\/wp\/v2\/posts"}],"about":[{"href":"https:\/\/www.nexoinformativo.mx\/index.php\/wp-json\/wp\/v2\/types\/post"}],"author":[{"embeddable":true,"href":"https:\/\/www.nexoinformativo.mx\/index.php\/wp-json\/wp\/v2\/users\/3"}],"replies":[{"embeddable":true,"href":"https:\/\/www.nexoinformativo.mx\/index.php\/wp-json\/wp\/v2\/comments?post=9234"}],"version-history":[{"count":3,"href":"https:\/\/www.nexoinformativo.mx\/index.php\/wp-json\/wp\/v2\/posts\/9234\/revisions"}],"predecessor-version":[{"id":9238,"href":"https:\/\/www.nexoinformativo.mx\/index.php\/wp-json\/wp\/v2\/posts\/9234\/revisions\/9238"}],"wp:featuredmedia":[{"embeddable":true,"href":"https:\/\/www.nexoinformativo.mx\/index.php\/wp-json\/wp\/v2\/media\/9235"}],"wp:attachment":[{"href":"https:\/\/www.nexoinformativo.mx\/index.php\/wp-json\/wp\/v2\/media?parent=9234"}],"wp:term":[{"taxonomy":"category","embeddable":true,"href":"https:\/\/www.nexoinformativo.mx\/index.php\/wp-json\/wp\/v2\/categories?post=9234"},{"taxonomy":"post_tag","embeddable":true,"href":"https:\/\/www.nexoinformativo.mx\/index.php\/wp-json\/wp\/v2\/tags?post=9234"}],"curies":[{"name":"wp","href":"https:\/\/api.w.org\/{rel}","templated":true}]}}