{"id":9240,"date":"2025-01-03T07:00:22","date_gmt":"2025-01-03T13:00:22","guid":{"rendered":"https:\/\/www.nexoinformativo.mx\/?p=9240"},"modified":"2025-01-03T09:47:54","modified_gmt":"2025-01-03T15:47:54","slug":"sep-convoca-a-30-mil-voluntarios-para-combatir-el-rezago-educativo-con-el-programa-de-educacion-para-adultos-del-inea","status":"publish","type":"post","link":"https:\/\/www.nexoinformativo.mx\/index.php\/2025\/01\/03\/sep-convoca-a-30-mil-voluntarios-para-combatir-el-rezago-educativo-con-el-programa-de-educacion-para-adultos-del-inea\/","title":{"rendered":"SEP convoca a 30 mil voluntarios para combatir el rezago educativo con el Programa de Educaci\u00f3n para Adultos del INEA"},"content":{"rendered":"<p style=\"text-align: justify;\" data-sourcepos=\"7:1-7:360\">La Secretar\u00eda de Educaci\u00f3n P\u00fablica (SEP) te invita a ser parte de la soluci\u00f3n al rezago educativo en M\u00e9xico. A partir del 3 de enero, se abrir\u00e1 la convocatoria para sumar 30 mil voluntarios que ayuden a j\u00f3venes y adultos a aprender a leer y escribir, as\u00ed como a terminar sus estudios de primaria y secundaria.<\/p>\n<\/p>\n<p>&nbsp;<\/p>\n<p style=\"text-align: justify;\" data-sourcepos=\"11:1-11:304\">Si tienes inter\u00e9s en ser voluntario, podr\u00e1s consultar toda la informaci\u00f3n y los requisitos en la p\u00e1gina oficial del <strong>Instituto Nacional para la Educaci\u00f3n de los Adultos<\/strong> (INEA):<strong> www.gob.mx\/inea<\/strong> el proceso de selecci\u00f3n se llevar\u00e1 a cabo en varias etapas y se dar\u00e1 a conocer a trav\u00e9s de la misma p\u00e1gina web.<\/p>\n<\/p>\n<p>&nbsp;<\/p>\n<p style=\"text-align: justify;\" data-sourcepos=\"15:1-15:45\">Al ser voluntario, tendr\u00e1s la oportunidad de ayudar a otros , contribuyendo a mejorar la calidad de vida de personas que no han tenido acceso a una educaci\u00f3n formal.<\/p>\n<\/p>\n<p>&nbsp;<\/p>\n<p style=\"text-align: justify;\">Desarrollarte personal y profesionalmente, adquiriendo nuevas habilidades y conocimientos, y conocer\u00e1s a personas de diferentes or\u00edgenes. Y formar\u00e1s parte de una comunidad, te unir\u00e1s a un grupo de personas comprometidas con la educaci\u00f3n y el desarrollo social.<\/p>\n<\/p>\n<p>&nbsp;<\/p>\n<p style=\"text-align: justify;\" data-sourcepos=\"23:1-23:233\">El INEA busca personas que puedan desempe\u00f1ar diferentes roles, como asesores educativos, aplicadores de ex\u00e1menes, formadores y operativos territoriales. Todas las personas, sin importar su edad o nivel de estudios, pueden participar.<\/p>\n<\/p>\n<p>&nbsp;<\/p>\n<p style=\"text-align: justify;\" data-sourcepos=\"27:1-27:160\">La educaci\u00f3n es el motor del desarrollo de cualquier sociedad. Al ser voluntario, estar\u00e1s contribuyendo a construir un futuro m\u00e1s justo y equitativo para todos.<\/p>\n<\/p>\n<p>&nbsp;<\/p>\n<p style=\"text-align: center;\" data-sourcepos=\"27:1-27:160\"><em><strong>\u00a1Informaci\u00f3n que transforma!<\/strong><\/em><\/p>\n","protected":false},"excerpt":{"rendered":"<p>La Secretar\u00eda de Educaci\u00f3n P\u00fablica (SEP) te invita a ser parte de la soluci\u00f3n al rezago educativo en M\u00e9xico. A partir del 3 de enero, se abrir\u00e1 la convocatoria para sumar 30 mil voluntarios que ayuden a j\u00f3venes y adultos a aprender a leer y escribir, as\u00ed como a terminar sus estudios de primaria y secundaria.<\/p>\n","protected":false},"author":3,"featured_media":9241,"comment_status":"open","ping_status":"open","sticky":false,"template":"","format":"standard","meta":{"footnotes":""},"categories":[88,58],"tags":[2956,2957,538,2955],"class_list":["post-9240","post","type-post","status-publish","format-standard","has-post-thumbnail","hentry","category-nacional","category-ultima-hora","tag-combatirelrezagoeducativo","tag-inea","tag-sep","tag-voluntariosporlaeducacion"],"yoast_head":"<!-- This site is optimized with the Yoast SEO plugin v25.0 - https:\/\/yoast.com\/wordpress\/plugins\/seo\/ -->\n<title>SEP convoca a 30 mil voluntarios para combatir el rezago educativo con el Programa de Educaci\u00f3n para Adultos del INEA | Nexo Informativo Santiago de Quer\u00e9taro<\/title>\n<meta name=\"description\" content=\"SEP convoca a 30 mil voluntarios para combatir el rezago educativo con el Programa de Educaci\u00f3n para Adultos del INEA\" \/>\n<meta name=\"robots\" content=\"index, follow, max-snippet:-1, max-image-preview:large, max-video-preview:-1\" \/>\n<link rel=\"canonical\" href=\"https:\/\/www.nexoinformativo.mx\/index.php\/2025\/01\/03\/sep-convoca-a-30-mil-voluntarios-para-combatir-el-rezago-educativo-con-el-programa-de-educacion-para-adultos-del-inea\/\" \/>\n<meta property=\"og:locale\" content=\"es_MX\" \/>\n<meta property=\"og:type\" content=\"article\" \/>\n<meta property=\"og:title\" content=\"SEP convoca a 30 mil voluntarios para combatir el rezago educativo con el Programa de Educaci\u00f3n para Adultos del INEA | Nexo Informativo Santiago de Quer\u00e9taro\" \/>\n<meta property=\"og:description\" content=\"SEP convoca a 30 mil voluntarios para combatir el rezago educativo con el Programa de Educaci\u00f3n para Adultos del INEA\" \/>\n<meta property=\"og:url\" content=\"https:\/\/www.nexoinformativo.mx\/index.php\/2025\/01\/03\/sep-convoca-a-30-mil-voluntarios-para-combatir-el-rezago-educativo-con-el-programa-de-educacion-para-adultos-del-inea\/\" \/>\n<meta property=\"og:site_name\" content=\"Nexo Informativo Santiago de Quer\u00e9taro\" \/>\n<meta property=\"article:publisher\" content=\"https:\/\/www.facebook.com\/people\/Nexo-Informativo\/61564066885511\/\" \/>\n<meta property=\"article:published_time\" content=\"2025-01-03T13:00:22+00:00\" \/>\n<meta property=\"article:modified_time\" content=\"2025-01-03T15:47:54+00:00\" \/>\n<meta property=\"og:image\" content=\"https:\/\/www.nexoinformativo.mx\/wp-content\/uploads\/2025\/01\/IMG_4143-e1735919188862.jpg\" \/>\n\t<meta property=\"og:image:width\" content=\"800\" \/>\n\t<meta property=\"og:image:height\" content=\"533\" \/>\n\t<meta property=\"og:image:type\" content=\"image\/jpeg\" \/>\n<meta name=\"author\" content=\"Nexo Informativo\" \/>\n<meta name=\"twitter:card\" content=\"summary_large_image\" \/>\n<meta name=\"twitter:label1\" content=\"Escrito por\" \/>\n\t<meta name=\"twitter:data1\" content=\"Nexo Informativo\" \/>\n\t<meta name=\"twitter:label2\" content=\"Tiempo de lectura\" \/>\n\t<meta name=\"twitter:data2\" content=\"2 minutos\" \/>\n<script type=\"application\/ld+json\" class=\"yoast-schema-graph\">{\"@context\":\"https:\/\/schema.org\",\"@graph\":[{\"@type\":\"Article\",\"@id\":\"https:\/\/www.nexoinformativo.mx\/index.php\/2025\/01\/03\/sep-convoca-a-30-mil-voluntarios-para-combatir-el-rezago-educativo-con-el-programa-de-educacion-para-adultos-del-inea\/#article\",\"isPartOf\":{\"@id\":\"https:\/\/www.nexoinformativo.mx\/index.php\/2025\/01\/03\/sep-convoca-a-30-mil-voluntarios-para-combatir-el-rezago-educativo-con-el-programa-de-educacion-para-adultos-del-inea\/\"},\"author\":{\"name\":\"Nexo Informativo\",\"@id\":\"https:\/\/www.nexoinformativo.mx\/#\/schema\/person\/7749d380ba08c8ca00d7bc76fd907b7d\"},\"headline\":\"SEP convoca a 30 mil voluntarios para combatir el rezago educativo con el Programa de Educaci\u00f3n para Adultos del INEA\",\"datePublished\":\"2025-01-03T13:00:22+00:00\",\"dateModified\":\"2025-01-03T15:47:54+00:00\",\"mainEntityOfPage\":{\"@id\":\"https:\/\/www.nexoinformativo.mx\/index.php\/2025\/01\/03\/sep-convoca-a-30-mil-voluntarios-para-combatir-el-rezago-educativo-con-el-programa-de-educacion-para-adultos-del-inea\/\"},\"wordCount\":287,\"commentCount\":0,\"publisher\":{\"@id\":\"https:\/\/www.nexoinformativo.mx\/#organization\"},\"image\":{\"@id\":\"https:\/\/www.nexoinformativo.mx\/index.php\/2025\/01\/03\/sep-convoca-a-30-mil-voluntarios-para-combatir-el-rezago-educativo-con-el-programa-de-educacion-para-adultos-del-inea\/#primaryimage\"},\"thumbnailUrl\":\"https:\/\/www.nexoinformativo.mx\/wp-content\/uploads\/2025\/01\/IMG_4143-e1735919188862.jpg\",\"keywords\":[\"CombatirElRezagoEducativo\",\"INEA\",\"SEP\",\"VoluntariosPorLaEducaci\u00f3n\"],\"articleSection\":[\"Nacional\",\"\u00daltima Hora\"],\"inLanguage\":\"es\",\"potentialAction\":[{\"@type\":\"CommentAction\",\"name\":\"Comment\",\"target\":[\"https:\/\/www.nexoinformativo.mx\/index.php\/2025\/01\/03\/sep-convoca-a-30-mil-voluntarios-para-combatir-el-rezago-educativo-con-el-programa-de-educacion-para-adultos-del-inea\/#respond\"]}]},{\"@type\":\"WebPage\",\"@id\":\"https:\/\/www.nexoinformativo.mx\/index.php\/2025\/01\/03\/sep-convoca-a-30-mil-voluntarios-para-combatir-el-rezago-educativo-con-el-programa-de-educacion-para-adultos-del-inea\/\",\"url\":\"https:\/\/www.nexoinformativo.mx\/index.php\/2025\/01\/03\/sep-convoca-a-30-mil-voluntarios-para-combatir-el-rezago-educativo-con-el-programa-de-educacion-para-adultos-del-inea\/\",\"name\":\"SEP convoca a 30 mil voluntarios para combatir el rezago educativo con el Programa de Educaci\u00f3n para Adultos del INEA | Nexo Informativo Santiago de Quer\u00e9taro\",\"isPartOf\":{\"@id\":\"https:\/\/www.nexoinformativo.mx\/#website\"},\"primaryImageOfPage\":{\"@id\":\"https:\/\/www.nexoinformativo.mx\/index.php\/2025\/01\/03\/sep-convoca-a-30-mil-voluntarios-para-combatir-el-rezago-educativo-con-el-programa-de-educacion-para-adultos-del-inea\/#primaryimage\"},\"image\":{\"@id\":\"https:\/\/www.nexoinformativo.mx\/index.php\/2025\/01\/03\/sep-convoca-a-30-mil-voluntarios-para-combatir-el-rezago-educativo-con-el-programa-de-educacion-para-adultos-del-inea\/#primaryimage\"},\"thumbnailUrl\":\"https:\/\/www.nexoinformativo.mx\/wp-content\/uploads\/2025\/01\/IMG_4143-e1735919188862.jpg\",\"datePublished\":\"2025-01-03T13:00:22+00:00\",\"dateModified\":\"2025-01-03T15:47:54+00:00\",\"description\":\"SEP convoca a 30 mil voluntarios para combatir el rezago educativo con el Programa de Educaci\u00f3n para Adultos del INEA\",\"breadcrumb\":{\"@id\":\"https:\/\/www.nexoinformativo.mx\/index.php\/2025\/01\/03\/sep-convoca-a-30-mil-voluntarios-para-combatir-el-rezago-educativo-con-el-programa-de-educacion-para-adultos-del-inea\/#breadcrumb\"},\"inLanguage\":\"es\",\"potentialAction\":[{\"@type\":\"ReadAction\",\"target\":[\"https:\/\/www.nexoinformativo.mx\/index.php\/2025\/01\/03\/sep-convoca-a-30-mil-voluntarios-para-combatir-el-rezago-educativo-con-el-programa-de-educacion-para-adultos-del-inea\/\"]}]},{\"@type\":\"ImageObject\",\"inLanguage\":\"es\",\"@id\":\"https:\/\/www.nexoinformativo.mx\/index.php\/2025\/01\/03\/sep-convoca-a-30-mil-voluntarios-para-combatir-el-rezago-educativo-con-el-programa-de-educacion-para-adultos-del-inea\/#primaryimage\",\"url\":\"https:\/\/www.nexoinformativo.mx\/wp-content\/uploads\/2025\/01\/IMG_4143-e1735919188862.jpg\",\"contentUrl\":\"https:\/\/www.nexoinformativo.mx\/wp-content\/uploads\/2025\/01\/IMG_4143-e1735919188862.jpg\",\"width\":800,\"height\":533},{\"@type\":\"BreadcrumbList\",\"@id\":\"https:\/\/www.nexoinformativo.mx\/index.php\/2025\/01\/03\/sep-convoca-a-30-mil-voluntarios-para-combatir-el-rezago-educativo-con-el-programa-de-educacion-para-adultos-del-inea\/#breadcrumb\",\"itemListElement\":[{\"@type\":\"ListItem\",\"position\":1,\"name\":\"Inicio\",\"item\":\"https:\/\/www.nexoinformativo.mx\/\"},{\"@type\":\"ListItem\",\"position\":2,\"name\":\"SEP convoca a 30 mil voluntarios para combatir el rezago educativo con el Programa de Educaci\u00f3n para Adultos del INEA\"}]},{\"@type\":\"WebSite\",\"@id\":\"https:\/\/www.nexoinformativo.mx\/#website\",\"url\":\"https:\/\/www.nexoinformativo.mx\/\",\"name\":\"Nexo Informativo Santiago de Quer\u00e9taro\",\"description\":\"Explora NexoInformativo y convi\u00e9rtete en parte de una comunidad que valora el conocimiento y la verdad. Tu nexoinformativo es tu puente hacia una comprensi\u00f3n m\u00e1s profunda del mundo que te rodea.\",\"publisher\":{\"@id\":\"https:\/\/www.nexoinformativo.mx\/#organization\"},\"potentialAction\":[{\"@type\":\"SearchAction\",\"target\":{\"@type\":\"EntryPoint\",\"urlTemplate\":\"https:\/\/www.nexoinformativo.mx\/?s={search_term_string}\"},\"query-input\":{\"@type\":\"PropertyValueSpecification\",\"valueRequired\":true,\"valueName\":\"search_term_string\"}}],\"inLanguage\":\"es\"},{\"@type\":\"Organization\",\"@id\":\"https:\/\/www.nexoinformativo.mx\/#organization\",\"name\":\"Nexo Informativo Santiago de Quer\u00e9taro\",\"url\":\"https:\/\/www.nexoinformativo.mx\/\",\"logo\":{\"@type\":\"ImageObject\",\"inLanguage\":\"es\",\"@id\":\"https:\/\/www.nexoinformativo.mx\/#\/schema\/logo\/image\/\",\"url\":\"https:\/\/www.nexoinformativo.mx\/wp-content\/uploads\/2024\/07\/nexoi-trasparente-2.png\",\"contentUrl\":\"https:\/\/www.nexoinformativo.mx\/wp-content\/uploads\/2024\/07\/nexoi-trasparente-2.png\",\"width\":816,\"height\":339,\"caption\":\"Nexo Informativo Santiago de Quer\u00e9taro\"},\"image\":{\"@id\":\"https:\/\/www.nexoinformativo.mx\/#\/schema\/logo\/image\/\"},\"sameAs\":[\"https:\/\/www.facebook.com\/people\/Nexo-Informativo\/61564066885511\/\"]},{\"@type\":\"Person\",\"@id\":\"https:\/\/www.nexoinformativo.mx\/#\/schema\/person\/7749d380ba08c8ca00d7bc76fd907b7d\",\"name\":\"Nexo Informativo\",\"image\":{\"@type\":\"ImageObject\",\"inLanguage\":\"es\",\"@id\":\"https:\/\/www.nexoinformativo.mx\/#\/schema\/person\/image\/\",\"url\":\"https:\/\/secure.gravatar.com\/avatar\/dde2928154642a13d95f87ddf1ea9718fe2b46760a005c53e41ff5ad610704e6?s=96&d=mm&r=g\",\"contentUrl\":\"https:\/\/secure.gravatar.com\/avatar\/dde2928154642a13d95f87ddf1ea9718fe2b46760a005c53e41ff5ad610704e6?s=96&d=mm&r=g\",\"caption\":\"Nexo Informativo\"},\"url\":\"https:\/\/www.nexoinformativo.mx\/index.php\/author\/edicion\/\"}]}<\/script>\n<!-- \/ Yoast SEO plugin. -->","yoast_head_json":{"title":"SEP convoca a 30 mil voluntarios para combatir el rezago educativo con el Programa de Educaci\u00f3n para Adultos del INEA | Nexo Informativo Santiago de Quer\u00e9taro","description":"SEP convoca a 30 mil voluntarios para combatir el rezago educativo con el Programa de Educaci\u00f3n para Adultos del INEA","robots":{"index":"index","follow":"follow","max-snippet":"max-snippet:-1","max-image-preview":"max-image-preview:large","max-video-preview":"max-video-preview:-1"},"canonical":"https:\/\/www.nexoinformativo.mx\/index.php\/2025\/01\/03\/sep-convoca-a-30-mil-voluntarios-para-combatir-el-rezago-educativo-con-el-programa-de-educacion-para-adultos-del-inea\/","og_locale":"es_MX","og_type":"article","og_title":"SEP convoca a 30 mil voluntarios para combatir el rezago educativo con el Programa de Educaci\u00f3n para Adultos del INEA | Nexo Informativo Santiago de Quer\u00e9taro","og_description":"SEP convoca a 30 mil voluntarios para combatir el rezago educativo con el Programa de Educaci\u00f3n para Adultos del INEA","og_url":"https:\/\/www.nexoinformativo.mx\/index.php\/2025\/01\/03\/sep-convoca-a-30-mil-voluntarios-para-combatir-el-rezago-educativo-con-el-programa-de-educacion-para-adultos-del-inea\/","og_site_name":"Nexo Informativo Santiago de Quer\u00e9taro","article_publisher":"https:\/\/www.facebook.com\/people\/Nexo-Informativo\/61564066885511\/","article_published_time":"2025-01-03T13:00:22+00:00","article_modified_time":"2025-01-03T15:47:54+00:00","og_image":[{"width":800,"height":533,"url":"https:\/\/www.nexoinformativo.mx\/wp-content\/uploads\/2025\/01\/IMG_4143-e1735919188862.jpg","type":"image\/jpeg"}],"author":"Nexo Informativo","twitter_card":"summary_large_image","twitter_misc":{"Escrito por":"Nexo Informativo","Tiempo de lectura":"2 minutos"},"schema":{"@context":"https:\/\/schema.org","@graph":[{"@type":"Article","@id":"https:\/\/www.nexoinformativo.mx\/index.php\/2025\/01\/03\/sep-convoca-a-30-mil-voluntarios-para-combatir-el-rezago-educativo-con-el-programa-de-educacion-para-adultos-del-inea\/#article","isPartOf":{"@id":"https:\/\/www.nexoinformativo.mx\/index.php\/2025\/01\/03\/sep-convoca-a-30-mil-voluntarios-para-combatir-el-rezago-educativo-con-el-programa-de-educacion-para-adultos-del-inea\/"},"author":{"name":"Nexo Informativo","@id":"https:\/\/www.nexoinformativo.mx\/#\/schema\/person\/7749d380ba08c8ca00d7bc76fd907b7d"},"headline":"SEP convoca a 30 mil voluntarios para combatir el rezago educativo con el Programa de Educaci\u00f3n para Adultos del INEA","datePublished":"2025-01-03T13:00:22+00:00","dateModified":"2025-01-03T15:47:54+00:00","mainEntityOfPage":{"@id":"https:\/\/www.nexoinformativo.mx\/index.php\/2025\/01\/03\/sep-convoca-a-30-mil-voluntarios-para-combatir-el-rezago-educativo-con-el-programa-de-educacion-para-adultos-del-inea\/"},"wordCount":287,"commentCount":0,"publisher":{"@id":"https:\/\/www.nexoinformativo.mx\/#organization"},"image":{"@id":"https:\/\/www.nexoinformativo.mx\/index.php\/2025\/01\/03\/sep-convoca-a-30-mil-voluntarios-para-combatir-el-rezago-educativo-con-el-programa-de-educacion-para-adultos-del-inea\/#primaryimage"},"thumbnailUrl":"https:\/\/www.nexoinformativo.mx\/wp-content\/uploads\/2025\/01\/IMG_4143-e1735919188862.jpg","keywords":["CombatirElRezagoEducativo","INEA","SEP","VoluntariosPorLaEducaci\u00f3n"],"articleSection":["Nacional","\u00daltima Hora"],"inLanguage":"es","potentialAction":[{"@type":"CommentAction","name":"Comment","target":["https:\/\/www.nexoinformativo.mx\/index.php\/2025\/01\/03\/sep-convoca-a-30-mil-voluntarios-para-combatir-el-rezago-educativo-con-el-programa-de-educacion-para-adultos-del-inea\/#respond"]}]},{"@type":"WebPage","@id":"https:\/\/www.nexoinformativo.mx\/index.php\/2025\/01\/03\/sep-convoca-a-30-mil-voluntarios-para-combatir-el-rezago-educativo-con-el-programa-de-educacion-para-adultos-del-inea\/","url":"https:\/\/www.nexoinformativo.mx\/index.php\/2025\/01\/03\/sep-convoca-a-30-mil-voluntarios-para-combatir-el-rezago-educativo-con-el-programa-de-educacion-para-adultos-del-inea\/","name":"SEP convoca a 30 mil voluntarios para combatir el rezago educativo con el Programa de Educaci\u00f3n para Adultos del INEA | Nexo Informativo Santiago de Quer\u00e9taro","isPartOf":{"@id":"https:\/\/www.nexoinformativo.mx\/#website"},"primaryImageOfPage":{"@id":"https:\/\/www.nexoinformativo.mx\/index.php\/2025\/01\/03\/sep-convoca-a-30-mil-voluntarios-para-combatir-el-rezago-educativo-con-el-programa-de-educacion-para-adultos-del-inea\/#primaryimage"},"image":{"@id":"https:\/\/www.nexoinformativo.mx\/index.php\/2025\/01\/03\/sep-convoca-a-30-mil-voluntarios-para-combatir-el-rezago-educativo-con-el-programa-de-educacion-para-adultos-del-inea\/#primaryimage"},"thumbnailUrl":"https:\/\/www.nexoinformativo.mx\/wp-content\/uploads\/2025\/01\/IMG_4143-e1735919188862.jpg","datePublished":"2025-01-03T13:00:22+00:00","dateModified":"2025-01-03T15:47:54+00:00","description":"SEP convoca a 30 mil voluntarios para combatir el rezago educativo con el Programa de Educaci\u00f3n para Adultos del INEA","breadcrumb":{"@id":"https:\/\/www.nexoinformativo.mx\/index.php\/2025\/01\/03\/sep-convoca-a-30-mil-voluntarios-para-combatir-el-rezago-educativo-con-el-programa-de-educacion-para-adultos-del-inea\/#breadcrumb"},"inLanguage":"es","potentialAction":[{"@type":"ReadAction","target":["https:\/\/www.nexoinformativo.mx\/index.php\/2025\/01\/03\/sep-convoca-a-30-mil-voluntarios-para-combatir-el-rezago-educativo-con-el-programa-de-educacion-para-adultos-del-inea\/"]}]},{"@type":"ImageObject","inLanguage":"es","@id":"https:\/\/www.nexoinformativo.mx\/index.php\/2025\/01\/03\/sep-convoca-a-30-mil-voluntarios-para-combatir-el-rezago-educativo-con-el-programa-de-educacion-para-adultos-del-inea\/#primaryimage","url":"https:\/\/www.nexoinformativo.mx\/wp-content\/uploads\/2025\/01\/IMG_4143-e1735919188862.jpg","contentUrl":"https:\/\/www.nexoinformativo.mx\/wp-content\/uploads\/2025\/01\/IMG_4143-e1735919188862.jpg","width":800,"height":533},{"@type":"BreadcrumbList","@id":"https:\/\/www.nexoinformativo.mx\/index.php\/2025\/01\/03\/sep-convoca-a-30-mil-voluntarios-para-combatir-el-rezago-educativo-con-el-programa-de-educacion-para-adultos-del-inea\/#breadcrumb","itemListElement":[{"@type":"ListItem","position":1,"name":"Inicio","item":"https:\/\/www.nexoinformativo.mx\/"},{"@type":"ListItem","position":2,"name":"SEP convoca a 30 mil voluntarios para combatir el rezago educativo con el Programa de Educaci\u00f3n para Adultos del INEA"}]},{"@type":"WebSite","@id":"https:\/\/www.nexoinformativo.mx\/#website","url":"https:\/\/www.nexoinformativo.mx\/","name":"Nexo Informativo Santiago de Quer\u00e9taro","description":"Explora NexoInformativo y convi\u00e9rtete en parte de una comunidad que valora el conocimiento y la verdad. Tu nexoinformativo es tu puente hacia una comprensi\u00f3n m\u00e1s profunda del mundo que te rodea.","publisher":{"@id":"https:\/\/www.nexoinformativo.mx\/#organization"},"potentialAction":[{"@type":"SearchAction","target":{"@type":"EntryPoint","urlTemplate":"https:\/\/www.nexoinformativo.mx\/?s={search_term_string}"},"query-input":{"@type":"PropertyValueSpecification","valueRequired":true,"valueName":"search_term_string"}}],"inLanguage":"es"},{"@type":"Organization","@id":"https:\/\/www.nexoinformativo.mx\/#organization","name":"Nexo Informativo Santiago de Quer\u00e9taro","url":"https:\/\/www.nexoinformativo.mx\/","logo":{"@type":"ImageObject","inLanguage":"es","@id":"https:\/\/www.nexoinformativo.mx\/#\/schema\/logo\/image\/","url":"https:\/\/www.nexoinformativo.mx\/wp-content\/uploads\/2024\/07\/nexoi-trasparente-2.png","contentUrl":"https:\/\/www.nexoinformativo.mx\/wp-content\/uploads\/2024\/07\/nexoi-trasparente-2.png","width":816,"height":339,"caption":"Nexo Informativo Santiago de Quer\u00e9taro"},"image":{"@id":"https:\/\/www.nexoinformativo.mx\/#\/schema\/logo\/image\/"},"sameAs":["https:\/\/www.facebook.com\/people\/Nexo-Informativo\/61564066885511\/"]},{"@type":"Person","@id":"https:\/\/www.nexoinformativo.mx\/#\/schema\/person\/7749d380ba08c8ca00d7bc76fd907b7d","name":"Nexo Informativo","image":{"@type":"ImageObject","inLanguage":"es","@id":"https:\/\/www.nexoinformativo.mx\/#\/schema\/person\/image\/","url":"https:\/\/secure.gravatar.com\/avatar\/dde2928154642a13d95f87ddf1ea9718fe2b46760a005c53e41ff5ad610704e6?s=96&d=mm&r=g","contentUrl":"https:\/\/secure.gravatar.com\/avatar\/dde2928154642a13d95f87ddf1ea9718fe2b46760a005c53e41ff5ad610704e6?s=96&d=mm&r=g","caption":"Nexo Informativo"},"url":"https:\/\/www.nexoinformativo.mx\/index.php\/author\/edicion\/"}]}},"_links":{"self":[{"href":"https:\/\/www.nexoinformativo.mx\/index.php\/wp-json\/wp\/v2\/posts\/9240","targetHints":{"allow":["GET"]}}],"collection":[{"href":"https:\/\/www.nexoinformativo.mx\/index.php\/wp-json\/wp\/v2\/posts"}],"about":[{"href":"https:\/\/www.nexoinformativo.mx\/index.php\/wp-json\/wp\/v2\/types\/post"}],"author":[{"embeddable":true,"href":"https:\/\/www.nexoinformativo.mx\/index.php\/wp-json\/wp\/v2\/users\/3"}],"replies":[{"embeddable":true,"href":"https:\/\/www.nexoinformativo.mx\/index.php\/wp-json\/wp\/v2\/comments?post=9240"}],"version-history":[{"count":2,"href":"https:\/\/www.nexoinformativo.mx\/index.php\/wp-json\/wp\/v2\/posts\/9240\/revisions"}],"predecessor-version":[{"id":9243,"href":"https:\/\/www.nexoinformativo.mx\/index.php\/wp-json\/wp\/v2\/posts\/9240\/revisions\/9243"}],"wp:featuredmedia":[{"embeddable":true,"href":"https:\/\/www.nexoinformativo.mx\/index.php\/wp-json\/wp\/v2\/media\/9241"}],"wp:attachment":[{"href":"https:\/\/www.nexoinformativo.mx\/index.php\/wp-json\/wp\/v2\/media?parent=9240"}],"wp:term":[{"taxonomy":"category","embeddable":true,"href":"https:\/\/www.nexoinformativo.mx\/index.php\/wp-json\/wp\/v2\/categories?post=9240"},{"taxonomy":"post_tag","embeddable":true,"href":"https:\/\/www.nexoinformativo.mx\/index.php\/wp-json\/wp\/v2\/tags?post=9240"}],"curies":[{"name":"wp","href":"https:\/\/api.w.org\/{rel}","templated":true}]}}