{"id":9252,"date":"2025-01-03T08:00:43","date_gmt":"2025-01-03T14:00:43","guid":{"rendered":"https:\/\/www.nexoinformativo.mx\/?p=9252"},"modified":"2025-01-03T10:53:00","modified_gmt":"2025-01-03T16:53:00","slug":"queretaro-mas-seguro-policia-estatal-reporta-un-ano-de-liderazgo-en-seguridad","status":"publish","type":"post","link":"https:\/\/www.nexoinformativo.mx\/index.php\/2025\/01\/03\/queretaro-mas-seguro-policia-estatal-reporta-un-ano-de-liderazgo-en-seguridad\/","title":{"rendered":"Quer\u00e9taro mas seguro Policia Estatal reporta un a\u00f1o de liderazgo en seguridad"},"content":{"rendered":"<p style=\"text-align: justify;\" data-sourcepos=\"7:1-7:290\"><strong>La Polic\u00eda Estatal de Quer\u00e9taro<\/strong> (POES) ha anunciado resultados sobresalientes en materia de seguridad durante el a\u00f1o 2024. Las cifras presentadas revelan un incremento significativo en la detenci\u00f3n de presuntos delincuentes, el aseguramiento de armas y la recuperaci\u00f3n de veh\u00edculos robados.<\/p>\n<\/p>\n<p>&nbsp;<\/p>\n<p style=\"text-align: justify;\" data-sourcepos=\"9:1-9:332\">Gracias a un trabajo coordinado con las autoridades federales y municipales, se logr\u00f3 reducir la incidencia delictiva en un 5.9% en comparaci\u00f3n con el a\u00f1o anterior. Destacan las 3 mil 579 detenciones realizadas, un aumento del 10.7% respecto a 2023. Adem\u00e1s, se aseguraron 222 armas de fuego, lo que representa un incremento del 47%.<\/p>\n<\/p>\n<p>&nbsp;<\/p>\n<p style=\"text-align: justify;\" data-sourcepos=\"11:1-11:273\">La recuperaci\u00f3n de veh\u00edculos tambi\u00e9n fue un punto clave en las acciones de la POES. Con 1,106 unidades recuperadas, Quer\u00e9taro se posicion\u00f3 como el estado con mayor porcentaje de recuperaci\u00f3n a nivel nacional, seg\u00fan la Asociaci\u00f3n Mexicana de Instituciones de Seguros (AMIS).<\/p>\n<\/p>\n<p>&nbsp;<\/p>\n<p style=\"text-align: justify;\" data-sourcepos=\"13:1-13:289\">Para mantener estos resultados y seguir fortaleciendo la seguridad en la entidad, la POES continuar\u00e1 implementando las estrategias T.O.P, A.R.M.A. y S.M.A.R.T., enfocadas en la atenci\u00f3n de delitos prioritarios como el narcotr\u00e1fico, la portaci\u00f3n de armas, los robos y la violencia familiar.<\/p>\n<\/p>\n<p>&nbsp;<\/p>\n<p style=\"text-align: center;\" data-sourcepos=\"13:1-13:289\"><em><strong>\u00a1Informaci\u00f3n que transforma!<\/strong><\/em><\/p>\n","protected":false},"excerpt":{"rendered":"<p>La Polic\u00eda Estatal de Quer\u00e9taro (POES) ha anunciado resultados sobresalientes en materia de seguridad durante el a\u00f1o 2024. Las cifras presentadas revelan un incremento significativo en la detenci\u00f3n de presuntos delincuentes, el aseguramiento de armas y la recuperaci\u00f3n de veh\u00edculos robados.<\/p>\n","protected":false},"author":3,"featured_media":9253,"comment_status":"open","ping_status":"open","sticky":false,"template":"","format":"standard","meta":{"footnotes":""},"categories":[42,58],"tags":[2963,2962,242,266],"class_list":["post-9252","post","type-post","status-publish","format-standard","has-post-thumbnail","hentry","category-estado","category-ultima-hora","tag-menosdelitosmasseguridad","tag-poesresultados","tag-queretaroseguro","tag-seguridadqueretaro"],"yoast_head":"<!-- This site is optimized with the Yoast SEO plugin v25.0 - https:\/\/yoast.com\/wordpress\/plugins\/seo\/ -->\n<title>Quer\u00e9taro mas seguro Policia Estatal reporta un a\u00f1o de liderazgo en seguridad | Nexo Informativo Santiago de Quer\u00e9taro<\/title>\n<meta name=\"description\" content=\"Quer\u00e9taro mas seguro Policia Estatal reporta un a\u00f1o de liderazgo en seguridad\" \/>\n<meta name=\"robots\" content=\"index, follow, max-snippet:-1, max-image-preview:large, max-video-preview:-1\" \/>\n<link rel=\"canonical\" href=\"https:\/\/www.nexoinformativo.mx\/index.php\/2025\/01\/03\/queretaro-mas-seguro-policia-estatal-reporta-un-ano-de-liderazgo-en-seguridad\/\" \/>\n<meta property=\"og:locale\" content=\"es_MX\" \/>\n<meta property=\"og:type\" content=\"article\" \/>\n<meta property=\"og:title\" content=\"Quer\u00e9taro mas seguro Policia Estatal reporta un a\u00f1o de liderazgo en seguridad | Nexo Informativo Santiago de Quer\u00e9taro\" \/>\n<meta property=\"og:description\" content=\"Quer\u00e9taro mas seguro Policia Estatal reporta un a\u00f1o de liderazgo en seguridad\" \/>\n<meta property=\"og:url\" content=\"https:\/\/www.nexoinformativo.mx\/index.php\/2025\/01\/03\/queretaro-mas-seguro-policia-estatal-reporta-un-ano-de-liderazgo-en-seguridad\/\" \/>\n<meta property=\"og:site_name\" content=\"Nexo Informativo Santiago de Quer\u00e9taro\" \/>\n<meta property=\"article:publisher\" content=\"https:\/\/www.facebook.com\/people\/Nexo-Informativo\/61564066885511\/\" \/>\n<meta property=\"article:published_time\" content=\"2025-01-03T14:00:43+00:00\" \/>\n<meta property=\"article:modified_time\" content=\"2025-01-03T16:53:00+00:00\" \/>\n<meta property=\"og:image\" content=\"https:\/\/www.nexoinformativo.mx\/wp-content\/uploads\/2025\/01\/71_273_46586_2065836563_BOLETIN_001.25POES_obtiene_resultados_trascendentes_por_la_seguridad_en_2024.3-e1735923094875.jpg\" \/>\n\t<meta property=\"og:image:width\" content=\"800\" \/>\n\t<meta property=\"og:image:height\" content=\"533\" \/>\n\t<meta property=\"og:image:type\" content=\"image\/jpeg\" \/>\n<meta name=\"author\" content=\"Nexo Informativo\" \/>\n<meta name=\"twitter:card\" content=\"summary_large_image\" \/>\n<meta name=\"twitter:label1\" content=\"Escrito por\" \/>\n\t<meta name=\"twitter:data1\" content=\"Nexo Informativo\" \/>\n\t<meta name=\"twitter:label2\" content=\"Tiempo de lectura\" \/>\n\t<meta name=\"twitter:data2\" content=\"2 minutos\" \/>\n<script type=\"application\/ld+json\" class=\"yoast-schema-graph\">{\"@context\":\"https:\/\/schema.org\",\"@graph\":[{\"@type\":\"Article\",\"@id\":\"https:\/\/www.nexoinformativo.mx\/index.php\/2025\/01\/03\/queretaro-mas-seguro-policia-estatal-reporta-un-ano-de-liderazgo-en-seguridad\/#article\",\"isPartOf\":{\"@id\":\"https:\/\/www.nexoinformativo.mx\/index.php\/2025\/01\/03\/queretaro-mas-seguro-policia-estatal-reporta-un-ano-de-liderazgo-en-seguridad\/\"},\"author\":{\"name\":\"Nexo Informativo\",\"@id\":\"https:\/\/www.nexoinformativo.mx\/#\/schema\/person\/7749d380ba08c8ca00d7bc76fd907b7d\"},\"headline\":\"Quer\u00e9taro mas seguro Policia Estatal reporta un a\u00f1o de liderazgo en seguridad\",\"datePublished\":\"2025-01-03T14:00:43+00:00\",\"dateModified\":\"2025-01-03T16:53:00+00:00\",\"mainEntityOfPage\":{\"@id\":\"https:\/\/www.nexoinformativo.mx\/index.php\/2025\/01\/03\/queretaro-mas-seguro-policia-estatal-reporta-un-ano-de-liderazgo-en-seguridad\/\"},\"wordCount\":220,\"commentCount\":0,\"publisher\":{\"@id\":\"https:\/\/www.nexoinformativo.mx\/#organization\"},\"image\":{\"@id\":\"https:\/\/www.nexoinformativo.mx\/index.php\/2025\/01\/03\/queretaro-mas-seguro-policia-estatal-reporta-un-ano-de-liderazgo-en-seguridad\/#primaryimage\"},\"thumbnailUrl\":\"https:\/\/www.nexoinformativo.mx\/wp-content\/uploads\/2025\/01\/71_273_46586_2065836563_BOLETIN_001.25POES_obtiene_resultados_trascendentes_por_la_seguridad_en_2024.3-e1735923094875.jpg\",\"keywords\":[\"MenosDelitosM\u00e1sSeguridad\",\"POESResultados\",\"QueretaroSeguro\",\"SeguridadQueretaro\"],\"articleSection\":[\"Estado\",\"\u00daltima Hora\"],\"inLanguage\":\"es\",\"potentialAction\":[{\"@type\":\"CommentAction\",\"name\":\"Comment\",\"target\":[\"https:\/\/www.nexoinformativo.mx\/index.php\/2025\/01\/03\/queretaro-mas-seguro-policia-estatal-reporta-un-ano-de-liderazgo-en-seguridad\/#respond\"]}]},{\"@type\":\"WebPage\",\"@id\":\"https:\/\/www.nexoinformativo.mx\/index.php\/2025\/01\/03\/queretaro-mas-seguro-policia-estatal-reporta-un-ano-de-liderazgo-en-seguridad\/\",\"url\":\"https:\/\/www.nexoinformativo.mx\/index.php\/2025\/01\/03\/queretaro-mas-seguro-policia-estatal-reporta-un-ano-de-liderazgo-en-seguridad\/\",\"name\":\"Quer\u00e9taro mas seguro Policia Estatal reporta un a\u00f1o de liderazgo en seguridad | Nexo Informativo Santiago de Quer\u00e9taro\",\"isPartOf\":{\"@id\":\"https:\/\/www.nexoinformativo.mx\/#website\"},\"primaryImageOfPage\":{\"@id\":\"https:\/\/www.nexoinformativo.mx\/index.php\/2025\/01\/03\/queretaro-mas-seguro-policia-estatal-reporta-un-ano-de-liderazgo-en-seguridad\/#primaryimage\"},\"image\":{\"@id\":\"https:\/\/www.nexoinformativo.mx\/index.php\/2025\/01\/03\/queretaro-mas-seguro-policia-estatal-reporta-un-ano-de-liderazgo-en-seguridad\/#primaryimage\"},\"thumbnailUrl\":\"https:\/\/www.nexoinformativo.mx\/wp-content\/uploads\/2025\/01\/71_273_46586_2065836563_BOLETIN_001.25POES_obtiene_resultados_trascendentes_por_la_seguridad_en_2024.3-e1735923094875.jpg\",\"datePublished\":\"2025-01-03T14:00:43+00:00\",\"dateModified\":\"2025-01-03T16:53:00+00:00\",\"description\":\"Quer\u00e9taro mas seguro Policia Estatal reporta un a\u00f1o de liderazgo en seguridad\",\"breadcrumb\":{\"@id\":\"https:\/\/www.nexoinformativo.mx\/index.php\/2025\/01\/03\/queretaro-mas-seguro-policia-estatal-reporta-un-ano-de-liderazgo-en-seguridad\/#breadcrumb\"},\"inLanguage\":\"es\",\"potentialAction\":[{\"@type\":\"ReadAction\",\"target\":[\"https:\/\/www.nexoinformativo.mx\/index.php\/2025\/01\/03\/queretaro-mas-seguro-policia-estatal-reporta-un-ano-de-liderazgo-en-seguridad\/\"]}]},{\"@type\":\"ImageObject\",\"inLanguage\":\"es\",\"@id\":\"https:\/\/www.nexoinformativo.mx\/index.php\/2025\/01\/03\/queretaro-mas-seguro-policia-estatal-reporta-un-ano-de-liderazgo-en-seguridad\/#primaryimage\",\"url\":\"https:\/\/www.nexoinformativo.mx\/wp-content\/uploads\/2025\/01\/71_273_46586_2065836563_BOLETIN_001.25POES_obtiene_resultados_trascendentes_por_la_seguridad_en_2024.3-e1735923094875.jpg\",\"contentUrl\":\"https:\/\/www.nexoinformativo.mx\/wp-content\/uploads\/2025\/01\/71_273_46586_2065836563_BOLETIN_001.25POES_obtiene_resultados_trascendentes_por_la_seguridad_en_2024.3-e1735923094875.jpg\",\"width\":800,\"height\":533},{\"@type\":\"BreadcrumbList\",\"@id\":\"https:\/\/www.nexoinformativo.mx\/index.php\/2025\/01\/03\/queretaro-mas-seguro-policia-estatal-reporta-un-ano-de-liderazgo-en-seguridad\/#breadcrumb\",\"itemListElement\":[{\"@type\":\"ListItem\",\"position\":1,\"name\":\"Inicio\",\"item\":\"https:\/\/www.nexoinformativo.mx\/\"},{\"@type\":\"ListItem\",\"position\":2,\"name\":\"Quer\u00e9taro mas seguro Policia Estatal reporta un a\u00f1o de liderazgo en seguridad\"}]},{\"@type\":\"WebSite\",\"@id\":\"https:\/\/www.nexoinformativo.mx\/#website\",\"url\":\"https:\/\/www.nexoinformativo.mx\/\",\"name\":\"Nexo Informativo Santiago de Quer\u00e9taro\",\"description\":\"Explora NexoInformativo y convi\u00e9rtete en parte de una comunidad que valora el conocimiento y la verdad. Tu nexoinformativo es tu puente hacia una comprensi\u00f3n m\u00e1s profunda del mundo que te rodea.\",\"publisher\":{\"@id\":\"https:\/\/www.nexoinformativo.mx\/#organization\"},\"potentialAction\":[{\"@type\":\"SearchAction\",\"target\":{\"@type\":\"EntryPoint\",\"urlTemplate\":\"https:\/\/www.nexoinformativo.mx\/?s={search_term_string}\"},\"query-input\":{\"@type\":\"PropertyValueSpecification\",\"valueRequired\":true,\"valueName\":\"search_term_string\"}}],\"inLanguage\":\"es\"},{\"@type\":\"Organization\",\"@id\":\"https:\/\/www.nexoinformativo.mx\/#organization\",\"name\":\"Nexo Informativo Santiago de Quer\u00e9taro\",\"url\":\"https:\/\/www.nexoinformativo.mx\/\",\"logo\":{\"@type\":\"ImageObject\",\"inLanguage\":\"es\",\"@id\":\"https:\/\/www.nexoinformativo.mx\/#\/schema\/logo\/image\/\",\"url\":\"https:\/\/www.nexoinformativo.mx\/wp-content\/uploads\/2024\/07\/nexoi-trasparente-2.png\",\"contentUrl\":\"https:\/\/www.nexoinformativo.mx\/wp-content\/uploads\/2024\/07\/nexoi-trasparente-2.png\",\"width\":816,\"height\":339,\"caption\":\"Nexo Informativo Santiago de Quer\u00e9taro\"},\"image\":{\"@id\":\"https:\/\/www.nexoinformativo.mx\/#\/schema\/logo\/image\/\"},\"sameAs\":[\"https:\/\/www.facebook.com\/people\/Nexo-Informativo\/61564066885511\/\"]},{\"@type\":\"Person\",\"@id\":\"https:\/\/www.nexoinformativo.mx\/#\/schema\/person\/7749d380ba08c8ca00d7bc76fd907b7d\",\"name\":\"Nexo Informativo\",\"image\":{\"@type\":\"ImageObject\",\"inLanguage\":\"es\",\"@id\":\"https:\/\/www.nexoinformativo.mx\/#\/schema\/person\/image\/\",\"url\":\"https:\/\/secure.gravatar.com\/avatar\/dde2928154642a13d95f87ddf1ea9718fe2b46760a005c53e41ff5ad610704e6?s=96&d=mm&r=g\",\"contentUrl\":\"https:\/\/secure.gravatar.com\/avatar\/dde2928154642a13d95f87ddf1ea9718fe2b46760a005c53e41ff5ad610704e6?s=96&d=mm&r=g\",\"caption\":\"Nexo Informativo\"},\"url\":\"https:\/\/www.nexoinformativo.mx\/index.php\/author\/edicion\/\"}]}<\/script>\n<!-- \/ Yoast SEO plugin. -->","yoast_head_json":{"title":"Quer\u00e9taro mas seguro Policia Estatal reporta un a\u00f1o de liderazgo en seguridad | Nexo Informativo Santiago de Quer\u00e9taro","description":"Quer\u00e9taro mas seguro Policia Estatal reporta un a\u00f1o de liderazgo en seguridad","robots":{"index":"index","follow":"follow","max-snippet":"max-snippet:-1","max-image-preview":"max-image-preview:large","max-video-preview":"max-video-preview:-1"},"canonical":"https:\/\/www.nexoinformativo.mx\/index.php\/2025\/01\/03\/queretaro-mas-seguro-policia-estatal-reporta-un-ano-de-liderazgo-en-seguridad\/","og_locale":"es_MX","og_type":"article","og_title":"Quer\u00e9taro mas seguro Policia Estatal reporta un a\u00f1o de liderazgo en seguridad | Nexo Informativo Santiago de Quer\u00e9taro","og_description":"Quer\u00e9taro mas seguro Policia Estatal reporta un a\u00f1o de liderazgo en seguridad","og_url":"https:\/\/www.nexoinformativo.mx\/index.php\/2025\/01\/03\/queretaro-mas-seguro-policia-estatal-reporta-un-ano-de-liderazgo-en-seguridad\/","og_site_name":"Nexo Informativo Santiago de Quer\u00e9taro","article_publisher":"https:\/\/www.facebook.com\/people\/Nexo-Informativo\/61564066885511\/","article_published_time":"2025-01-03T14:00:43+00:00","article_modified_time":"2025-01-03T16:53:00+00:00","og_image":[{"width":800,"height":533,"url":"https:\/\/www.nexoinformativo.mx\/wp-content\/uploads\/2025\/01\/71_273_46586_2065836563_BOLETIN_001.25POES_obtiene_resultados_trascendentes_por_la_seguridad_en_2024.3-e1735923094875.jpg","type":"image\/jpeg"}],"author":"Nexo Informativo","twitter_card":"summary_large_image","twitter_misc":{"Escrito por":"Nexo Informativo","Tiempo de lectura":"2 minutos"},"schema":{"@context":"https:\/\/schema.org","@graph":[{"@type":"Article","@id":"https:\/\/www.nexoinformativo.mx\/index.php\/2025\/01\/03\/queretaro-mas-seguro-policia-estatal-reporta-un-ano-de-liderazgo-en-seguridad\/#article","isPartOf":{"@id":"https:\/\/www.nexoinformativo.mx\/index.php\/2025\/01\/03\/queretaro-mas-seguro-policia-estatal-reporta-un-ano-de-liderazgo-en-seguridad\/"},"author":{"name":"Nexo Informativo","@id":"https:\/\/www.nexoinformativo.mx\/#\/schema\/person\/7749d380ba08c8ca00d7bc76fd907b7d"},"headline":"Quer\u00e9taro mas seguro Policia Estatal reporta un a\u00f1o de liderazgo en seguridad","datePublished":"2025-01-03T14:00:43+00:00","dateModified":"2025-01-03T16:53:00+00:00","mainEntityOfPage":{"@id":"https:\/\/www.nexoinformativo.mx\/index.php\/2025\/01\/03\/queretaro-mas-seguro-policia-estatal-reporta-un-ano-de-liderazgo-en-seguridad\/"},"wordCount":220,"commentCount":0,"publisher":{"@id":"https:\/\/www.nexoinformativo.mx\/#organization"},"image":{"@id":"https:\/\/www.nexoinformativo.mx\/index.php\/2025\/01\/03\/queretaro-mas-seguro-policia-estatal-reporta-un-ano-de-liderazgo-en-seguridad\/#primaryimage"},"thumbnailUrl":"https:\/\/www.nexoinformativo.mx\/wp-content\/uploads\/2025\/01\/71_273_46586_2065836563_BOLETIN_001.25POES_obtiene_resultados_trascendentes_por_la_seguridad_en_2024.3-e1735923094875.jpg","keywords":["MenosDelitosM\u00e1sSeguridad","POESResultados","QueretaroSeguro","SeguridadQueretaro"],"articleSection":["Estado","\u00daltima Hora"],"inLanguage":"es","potentialAction":[{"@type":"CommentAction","name":"Comment","target":["https:\/\/www.nexoinformativo.mx\/index.php\/2025\/01\/03\/queretaro-mas-seguro-policia-estatal-reporta-un-ano-de-liderazgo-en-seguridad\/#respond"]}]},{"@type":"WebPage","@id":"https:\/\/www.nexoinformativo.mx\/index.php\/2025\/01\/03\/queretaro-mas-seguro-policia-estatal-reporta-un-ano-de-liderazgo-en-seguridad\/","url":"https:\/\/www.nexoinformativo.mx\/index.php\/2025\/01\/03\/queretaro-mas-seguro-policia-estatal-reporta-un-ano-de-liderazgo-en-seguridad\/","name":"Quer\u00e9taro mas seguro Policia Estatal reporta un a\u00f1o de liderazgo en seguridad | Nexo Informativo Santiago de Quer\u00e9taro","isPartOf":{"@id":"https:\/\/www.nexoinformativo.mx\/#website"},"primaryImageOfPage":{"@id":"https:\/\/www.nexoinformativo.mx\/index.php\/2025\/01\/03\/queretaro-mas-seguro-policia-estatal-reporta-un-ano-de-liderazgo-en-seguridad\/#primaryimage"},"image":{"@id":"https:\/\/www.nexoinformativo.mx\/index.php\/2025\/01\/03\/queretaro-mas-seguro-policia-estatal-reporta-un-ano-de-liderazgo-en-seguridad\/#primaryimage"},"thumbnailUrl":"https:\/\/www.nexoinformativo.mx\/wp-content\/uploads\/2025\/01\/71_273_46586_2065836563_BOLETIN_001.25POES_obtiene_resultados_trascendentes_por_la_seguridad_en_2024.3-e1735923094875.jpg","datePublished":"2025-01-03T14:00:43+00:00","dateModified":"2025-01-03T16:53:00+00:00","description":"Quer\u00e9taro mas seguro Policia Estatal reporta un a\u00f1o de liderazgo en seguridad","breadcrumb":{"@id":"https:\/\/www.nexoinformativo.mx\/index.php\/2025\/01\/03\/queretaro-mas-seguro-policia-estatal-reporta-un-ano-de-liderazgo-en-seguridad\/#breadcrumb"},"inLanguage":"es","potentialAction":[{"@type":"ReadAction","target":["https:\/\/www.nexoinformativo.mx\/index.php\/2025\/01\/03\/queretaro-mas-seguro-policia-estatal-reporta-un-ano-de-liderazgo-en-seguridad\/"]}]},{"@type":"ImageObject","inLanguage":"es","@id":"https:\/\/www.nexoinformativo.mx\/index.php\/2025\/01\/03\/queretaro-mas-seguro-policia-estatal-reporta-un-ano-de-liderazgo-en-seguridad\/#primaryimage","url":"https:\/\/www.nexoinformativo.mx\/wp-content\/uploads\/2025\/01\/71_273_46586_2065836563_BOLETIN_001.25POES_obtiene_resultados_trascendentes_por_la_seguridad_en_2024.3-e1735923094875.jpg","contentUrl":"https:\/\/www.nexoinformativo.mx\/wp-content\/uploads\/2025\/01\/71_273_46586_2065836563_BOLETIN_001.25POES_obtiene_resultados_trascendentes_por_la_seguridad_en_2024.3-e1735923094875.jpg","width":800,"height":533},{"@type":"BreadcrumbList","@id":"https:\/\/www.nexoinformativo.mx\/index.php\/2025\/01\/03\/queretaro-mas-seguro-policia-estatal-reporta-un-ano-de-liderazgo-en-seguridad\/#breadcrumb","itemListElement":[{"@type":"ListItem","position":1,"name":"Inicio","item":"https:\/\/www.nexoinformativo.mx\/"},{"@type":"ListItem","position":2,"name":"Quer\u00e9taro mas seguro Policia Estatal reporta un a\u00f1o de liderazgo en seguridad"}]},{"@type":"WebSite","@id":"https:\/\/www.nexoinformativo.mx\/#website","url":"https:\/\/www.nexoinformativo.mx\/","name":"Nexo Informativo Santiago de Quer\u00e9taro","description":"Explora NexoInformativo y convi\u00e9rtete en parte de una comunidad que valora el conocimiento y la verdad. Tu nexoinformativo es tu puente hacia una comprensi\u00f3n m\u00e1s profunda del mundo que te rodea.","publisher":{"@id":"https:\/\/www.nexoinformativo.mx\/#organization"},"potentialAction":[{"@type":"SearchAction","target":{"@type":"EntryPoint","urlTemplate":"https:\/\/www.nexoinformativo.mx\/?s={search_term_string}"},"query-input":{"@type":"PropertyValueSpecification","valueRequired":true,"valueName":"search_term_string"}}],"inLanguage":"es"},{"@type":"Organization","@id":"https:\/\/www.nexoinformativo.mx\/#organization","name":"Nexo Informativo Santiago de Quer\u00e9taro","url":"https:\/\/www.nexoinformativo.mx\/","logo":{"@type":"ImageObject","inLanguage":"es","@id":"https:\/\/www.nexoinformativo.mx\/#\/schema\/logo\/image\/","url":"https:\/\/www.nexoinformativo.mx\/wp-content\/uploads\/2024\/07\/nexoi-trasparente-2.png","contentUrl":"https:\/\/www.nexoinformativo.mx\/wp-content\/uploads\/2024\/07\/nexoi-trasparente-2.png","width":816,"height":339,"caption":"Nexo Informativo Santiago de Quer\u00e9taro"},"image":{"@id":"https:\/\/www.nexoinformativo.mx\/#\/schema\/logo\/image\/"},"sameAs":["https:\/\/www.facebook.com\/people\/Nexo-Informativo\/61564066885511\/"]},{"@type":"Person","@id":"https:\/\/www.nexoinformativo.mx\/#\/schema\/person\/7749d380ba08c8ca00d7bc76fd907b7d","name":"Nexo Informativo","image":{"@type":"ImageObject","inLanguage":"es","@id":"https:\/\/www.nexoinformativo.mx\/#\/schema\/person\/image\/","url":"https:\/\/secure.gravatar.com\/avatar\/dde2928154642a13d95f87ddf1ea9718fe2b46760a005c53e41ff5ad610704e6?s=96&d=mm&r=g","contentUrl":"https:\/\/secure.gravatar.com\/avatar\/dde2928154642a13d95f87ddf1ea9718fe2b46760a005c53e41ff5ad610704e6?s=96&d=mm&r=g","caption":"Nexo Informativo"},"url":"https:\/\/www.nexoinformativo.mx\/index.php\/author\/edicion\/"}]}},"_links":{"self":[{"href":"https:\/\/www.nexoinformativo.mx\/index.php\/wp-json\/wp\/v2\/posts\/9252","targetHints":{"allow":["GET"]}}],"collection":[{"href":"https:\/\/www.nexoinformativo.mx\/index.php\/wp-json\/wp\/v2\/posts"}],"about":[{"href":"https:\/\/www.nexoinformativo.mx\/index.php\/wp-json\/wp\/v2\/types\/post"}],"author":[{"embeddable":true,"href":"https:\/\/www.nexoinformativo.mx\/index.php\/wp-json\/wp\/v2\/users\/3"}],"replies":[{"embeddable":true,"href":"https:\/\/www.nexoinformativo.mx\/index.php\/wp-json\/wp\/v2\/comments?post=9252"}],"version-history":[{"count":2,"href":"https:\/\/www.nexoinformativo.mx\/index.php\/wp-json\/wp\/v2\/posts\/9252\/revisions"}],"predecessor-version":[{"id":9255,"href":"https:\/\/www.nexoinformativo.mx\/index.php\/wp-json\/wp\/v2\/posts\/9252\/revisions\/9255"}],"wp:featuredmedia":[{"embeddable":true,"href":"https:\/\/www.nexoinformativo.mx\/index.php\/wp-json\/wp\/v2\/media\/9253"}],"wp:attachment":[{"href":"https:\/\/www.nexoinformativo.mx\/index.php\/wp-json\/wp\/v2\/media?parent=9252"}],"wp:term":[{"taxonomy":"category","embeddable":true,"href":"https:\/\/www.nexoinformativo.mx\/index.php\/wp-json\/wp\/v2\/categories?post=9252"},{"taxonomy":"post_tag","embeddable":true,"href":"https:\/\/www.nexoinformativo.mx\/index.php\/wp-json\/wp\/v2\/tags?post=9252"}],"curies":[{"name":"wp","href":"https:\/\/api.w.org\/{rel}","templated":true}]}}