{"id":9263,"date":"2025-01-03T09:00:10","date_gmt":"2025-01-03T15:00:10","guid":{"rendered":"https:\/\/www.nexoinformativo.mx\/?p=9263"},"modified":"2025-01-03T11:04:39","modified_gmt":"2025-01-03T17:04:39","slug":"conagua-fortalece-la-gestion-del-agua-y-evita-el-sobreexplotacion-de-acuiferos","status":"publish","type":"post","link":"https:\/\/www.nexoinformativo.mx\/index.php\/2025\/01\/03\/conagua-fortalece-la-gestion-del-agua-y-evita-el-sobreexplotacion-de-acuiferos\/","title":{"rendered":"Conagua fortalece la gesti\u00f3n del agua y evita el sobreexplotaci\u00f3n de acu\u00edferos"},"content":{"rendered":"<p style=\"text-align: justify;\" data-sourcepos=\"5:1-5:346\">La Comisi\u00f3n Nacional del Agua (Conagua) ha dado pasos significativos en la gesti\u00f3n del agua en M\u00e9xico durante 2024. Con el objetivo de garantizar un uso sostenible de este recurso vital, la instituci\u00f3n ha implementado diversas acciones para prevenir el sobreexplotaci\u00f3n de acu\u00edferos y asegurar el suministro para la poblaci\u00f3n y el medio ambiente.<\/p>\n<p>&nbsp;<\/p>\n<p style=\"text-align: justify;\" data-sourcepos=\"7:1-7:371\">Una de las medidas clave ha sido la integraci\u00f3n de la programaci\u00f3n h\u00eddrica de todas las cuencas y acu\u00edferos del pa\u00eds, estableciendo l\u00edmites claros en el volumen de agua destinado a diferentes usos.<\/p>\n<\/p>\n<p>&nbsp;<\/p>\n<p style=\"text-align: justify;\">Adem\u00e1s, se han desarrollado proyectos estrat\u00e9gicos y se han definido los vol\u00famenes para atender las solicitudes de concesi\u00f3n, siempre considerando la disponibilidad h\u00eddrica.<\/p>\n<p>&nbsp;<\/p>\n<p style=\"text-align: justify;\" data-sourcepos=\"9:1-9:302\">En paralelo, la Conagua ha fortalecido la vigilancia y el cumplimiento de la normatividad en materia de aguas nacionales. A trav\u00e9s de m\u00e1s de 16 mil 800 visitas de inspecci\u00f3n y casi 4 mil 800 visitas de verificaci\u00f3n, se ha verificado que los usuarios del agua cumplan con las disposiciones establecidas.<\/p>\n<p>&nbsp;<\/p>\n<p style=\"text-align: justify;\" data-sourcepos=\"11:1-11:208\">Asimismo, la instituci\u00f3n ha tomado medidas en\u00e9rgicas contra quienes incumplen la ley, imponiendo casi 8 mil 690 multas y m\u00e1s de 3 mil 350 medidas administrativas, como clausuras y suspensiones de actividades.<\/p>\n<p>&nbsp;<\/p>\n<p style=\"text-align: justify;\" data-sourcepos=\"13:1-13:189\">En cuanto a la recuperaci\u00f3n de los recursos h\u00eddricos, la Conagua ha instaurado procedimientos administrativos para recuperar casi 10 mil 333 millones 710 mil metros c\u00fabicos de agua anuales.<\/p>\n<p>&nbsp;<\/p>\n<p style=\"text-align: justify;\" data-sourcepos=\"15:1-15:149\">Con estas acciones, la Conagua reafirma su compromiso de garantizar el derecho humano al agua y la sustentabilidad de los recursos h\u00eddricos del pa\u00eds.<\/p>\n<p>&nbsp;<\/p>\n<p style=\"text-align: center;\" data-sourcepos=\"15:1-15:149\"><em><strong>\u00a1Informaci\u00f3n que transforma!<\/strong><\/em><\/p>\n","protected":false},"excerpt":{"rendered":"<p>La Comisi\u00f3n Nacional del Agua (Conagua) ha dado pasos significativos en la gesti\u00f3n del agua en M\u00e9xico durante 2024. Con el objetivo de garantizar un uso sostenible de este recurso vital, la instituci\u00f3n ha implementado diversas acciones para prevenir el sobreexplotaci\u00f3n de acu\u00edferos y asegurar el suministro para la poblaci\u00f3n y el medio ambiente.<\/p>\n","protected":false},"author":3,"featured_media":9264,"comment_status":"open","ping_status":"open","sticky":false,"template":"","format":"standard","meta":{"footnotes":""},"categories":[88,58],"tags":[1289,2627,2966,2967],"class_list":["post-9263","post","type-post","status-publish","format-standard","has-post-thumbnail","hentry","category-nacional","category-ultima-hora","tag-aguasustentable","tag-conagua","tag-gestiondelagua","tag-mexicoconagua"],"yoast_head":"<!-- This site is optimized with the Yoast SEO plugin v25.0 - https:\/\/yoast.com\/wordpress\/plugins\/seo\/ -->\n<title>Conagua fortalece la gesti\u00f3n del agua y evita el sobreexplotaci\u00f3n de acu\u00edferos | Nexo Informativo Santiago de Quer\u00e9taro<\/title>\n<meta name=\"description\" content=\"Conagua fortalece la gesti\u00f3n del agua y evita el sobreexplotaci\u00f3n de acu\u00edferos\" \/>\n<meta name=\"robots\" content=\"index, follow, max-snippet:-1, max-image-preview:large, max-video-preview:-1\" \/>\n<link rel=\"canonical\" href=\"https:\/\/www.nexoinformativo.mx\/index.php\/2025\/01\/03\/conagua-fortalece-la-gestion-del-agua-y-evita-el-sobreexplotacion-de-acuiferos\/\" \/>\n<meta property=\"og:locale\" content=\"es_MX\" \/>\n<meta property=\"og:type\" content=\"article\" \/>\n<meta property=\"og:title\" content=\"Conagua fortalece la gesti\u00f3n del agua y evita el sobreexplotaci\u00f3n de acu\u00edferos | Nexo Informativo Santiago de Quer\u00e9taro\" \/>\n<meta property=\"og:description\" content=\"Conagua fortalece la gesti\u00f3n del agua y evita el sobreexplotaci\u00f3n de acu\u00edferos\" \/>\n<meta property=\"og:url\" content=\"https:\/\/www.nexoinformativo.mx\/index.php\/2025\/01\/03\/conagua-fortalece-la-gestion-del-agua-y-evita-el-sobreexplotacion-de-acuiferos\/\" \/>\n<meta property=\"og:site_name\" content=\"Nexo Informativo Santiago de Quer\u00e9taro\" \/>\n<meta property=\"article:publisher\" content=\"https:\/\/www.facebook.com\/people\/Nexo-Informativo\/61564066885511\/\" \/>\n<meta property=\"article:published_time\" content=\"2025-01-03T15:00:10+00:00\" \/>\n<meta property=\"article:modified_time\" content=\"2025-01-03T17:04:39+00:00\" \/>\n<meta property=\"og:image\" content=\"https:\/\/www.nexoinformativo.mx\/wp-content\/uploads\/2025\/01\/IMG_9043.jpg\" \/>\n\t<meta property=\"og:image:width\" content=\"650\" \/>\n\t<meta property=\"og:image:height\" content=\"380\" \/>\n\t<meta property=\"og:image:type\" content=\"image\/jpeg\" \/>\n<meta name=\"author\" content=\"Nexo Informativo\" \/>\n<meta name=\"twitter:card\" content=\"summary_large_image\" \/>\n<meta name=\"twitter:label1\" content=\"Escrito por\" \/>\n\t<meta name=\"twitter:data1\" content=\"Nexo Informativo\" \/>\n\t<meta name=\"twitter:label2\" content=\"Tiempo de lectura\" \/>\n\t<meta name=\"twitter:data2\" content=\"2 minutos\" \/>\n<script type=\"application\/ld+json\" class=\"yoast-schema-graph\">{\"@context\":\"https:\/\/schema.org\",\"@graph\":[{\"@type\":\"Article\",\"@id\":\"https:\/\/www.nexoinformativo.mx\/index.php\/2025\/01\/03\/conagua-fortalece-la-gestion-del-agua-y-evita-el-sobreexplotacion-de-acuiferos\/#article\",\"isPartOf\":{\"@id\":\"https:\/\/www.nexoinformativo.mx\/index.php\/2025\/01\/03\/conagua-fortalece-la-gestion-del-agua-y-evita-el-sobreexplotacion-de-acuiferos\/\"},\"author\":{\"name\":\"Nexo Informativo\",\"@id\":\"https:\/\/www.nexoinformativo.mx\/#\/schema\/person\/7749d380ba08c8ca00d7bc76fd907b7d\"},\"headline\":\"Conagua fortalece la gesti\u00f3n del agua y evita el sobreexplotaci\u00f3n de acu\u00edferos\",\"datePublished\":\"2025-01-03T15:00:10+00:00\",\"dateModified\":\"2025-01-03T17:04:39+00:00\",\"mainEntityOfPage\":{\"@id\":\"https:\/\/www.nexoinformativo.mx\/index.php\/2025\/01\/03\/conagua-fortalece-la-gestion-del-agua-y-evita-el-sobreexplotacion-de-acuiferos\/\"},\"wordCount\":290,\"commentCount\":0,\"publisher\":{\"@id\":\"https:\/\/www.nexoinformativo.mx\/#organization\"},\"image\":{\"@id\":\"https:\/\/www.nexoinformativo.mx\/index.php\/2025\/01\/03\/conagua-fortalece-la-gestion-del-agua-y-evita-el-sobreexplotacion-de-acuiferos\/#primaryimage\"},\"thumbnailUrl\":\"https:\/\/www.nexoinformativo.mx\/wp-content\/uploads\/2025\/01\/IMG_9043.jpg\",\"keywords\":[\"AguaSustentable\",\"Conagua\",\"Gesti\u00f3nDelAgua\",\"M\u00e9xicoConAgua\"],\"articleSection\":[\"Nacional\",\"\u00daltima Hora\"],\"inLanguage\":\"es\",\"potentialAction\":[{\"@type\":\"CommentAction\",\"name\":\"Comment\",\"target\":[\"https:\/\/www.nexoinformativo.mx\/index.php\/2025\/01\/03\/conagua-fortalece-la-gestion-del-agua-y-evita-el-sobreexplotacion-de-acuiferos\/#respond\"]}]},{\"@type\":\"WebPage\",\"@id\":\"https:\/\/www.nexoinformativo.mx\/index.php\/2025\/01\/03\/conagua-fortalece-la-gestion-del-agua-y-evita-el-sobreexplotacion-de-acuiferos\/\",\"url\":\"https:\/\/www.nexoinformativo.mx\/index.php\/2025\/01\/03\/conagua-fortalece-la-gestion-del-agua-y-evita-el-sobreexplotacion-de-acuiferos\/\",\"name\":\"Conagua fortalece la gesti\u00f3n del agua y evita el sobreexplotaci\u00f3n de acu\u00edferos | Nexo Informativo Santiago de Quer\u00e9taro\",\"isPartOf\":{\"@id\":\"https:\/\/www.nexoinformativo.mx\/#website\"},\"primaryImageOfPage\":{\"@id\":\"https:\/\/www.nexoinformativo.mx\/index.php\/2025\/01\/03\/conagua-fortalece-la-gestion-del-agua-y-evita-el-sobreexplotacion-de-acuiferos\/#primaryimage\"},\"image\":{\"@id\":\"https:\/\/www.nexoinformativo.mx\/index.php\/2025\/01\/03\/conagua-fortalece-la-gestion-del-agua-y-evita-el-sobreexplotacion-de-acuiferos\/#primaryimage\"},\"thumbnailUrl\":\"https:\/\/www.nexoinformativo.mx\/wp-content\/uploads\/2025\/01\/IMG_9043.jpg\",\"datePublished\":\"2025-01-03T15:00:10+00:00\",\"dateModified\":\"2025-01-03T17:04:39+00:00\",\"description\":\"Conagua fortalece la gesti\u00f3n del agua y evita el sobreexplotaci\u00f3n de acu\u00edferos\",\"breadcrumb\":{\"@id\":\"https:\/\/www.nexoinformativo.mx\/index.php\/2025\/01\/03\/conagua-fortalece-la-gestion-del-agua-y-evita-el-sobreexplotacion-de-acuiferos\/#breadcrumb\"},\"inLanguage\":\"es\",\"potentialAction\":[{\"@type\":\"ReadAction\",\"target\":[\"https:\/\/www.nexoinformativo.mx\/index.php\/2025\/01\/03\/conagua-fortalece-la-gestion-del-agua-y-evita-el-sobreexplotacion-de-acuiferos\/\"]}]},{\"@type\":\"ImageObject\",\"inLanguage\":\"es\",\"@id\":\"https:\/\/www.nexoinformativo.mx\/index.php\/2025\/01\/03\/conagua-fortalece-la-gestion-del-agua-y-evita-el-sobreexplotacion-de-acuiferos\/#primaryimage\",\"url\":\"https:\/\/www.nexoinformativo.mx\/wp-content\/uploads\/2025\/01\/IMG_9043.jpg\",\"contentUrl\":\"https:\/\/www.nexoinformativo.mx\/wp-content\/uploads\/2025\/01\/IMG_9043.jpg\",\"width\":650,\"height\":380},{\"@type\":\"BreadcrumbList\",\"@id\":\"https:\/\/www.nexoinformativo.mx\/index.php\/2025\/01\/03\/conagua-fortalece-la-gestion-del-agua-y-evita-el-sobreexplotacion-de-acuiferos\/#breadcrumb\",\"itemListElement\":[{\"@type\":\"ListItem\",\"position\":1,\"name\":\"Inicio\",\"item\":\"https:\/\/www.nexoinformativo.mx\/\"},{\"@type\":\"ListItem\",\"position\":2,\"name\":\"Conagua fortalece la gesti\u00f3n del agua y evita el sobreexplotaci\u00f3n de acu\u00edferos\"}]},{\"@type\":\"WebSite\",\"@id\":\"https:\/\/www.nexoinformativo.mx\/#website\",\"url\":\"https:\/\/www.nexoinformativo.mx\/\",\"name\":\"Nexo Informativo Santiago de Quer\u00e9taro\",\"description\":\"Explora NexoInformativo y convi\u00e9rtete en parte de una comunidad que valora el conocimiento y la verdad. Tu nexoinformativo es tu puente hacia una comprensi\u00f3n m\u00e1s profunda del mundo que te rodea.\",\"publisher\":{\"@id\":\"https:\/\/www.nexoinformativo.mx\/#organization\"},\"potentialAction\":[{\"@type\":\"SearchAction\",\"target\":{\"@type\":\"EntryPoint\",\"urlTemplate\":\"https:\/\/www.nexoinformativo.mx\/?s={search_term_string}\"},\"query-input\":{\"@type\":\"PropertyValueSpecification\",\"valueRequired\":true,\"valueName\":\"search_term_string\"}}],\"inLanguage\":\"es\"},{\"@type\":\"Organization\",\"@id\":\"https:\/\/www.nexoinformativo.mx\/#organization\",\"name\":\"Nexo Informativo Santiago de Quer\u00e9taro\",\"url\":\"https:\/\/www.nexoinformativo.mx\/\",\"logo\":{\"@type\":\"ImageObject\",\"inLanguage\":\"es\",\"@id\":\"https:\/\/www.nexoinformativo.mx\/#\/schema\/logo\/image\/\",\"url\":\"https:\/\/www.nexoinformativo.mx\/wp-content\/uploads\/2024\/07\/nexoi-trasparente-2.png\",\"contentUrl\":\"https:\/\/www.nexoinformativo.mx\/wp-content\/uploads\/2024\/07\/nexoi-trasparente-2.png\",\"width\":816,\"height\":339,\"caption\":\"Nexo Informativo Santiago de Quer\u00e9taro\"},\"image\":{\"@id\":\"https:\/\/www.nexoinformativo.mx\/#\/schema\/logo\/image\/\"},\"sameAs\":[\"https:\/\/www.facebook.com\/people\/Nexo-Informativo\/61564066885511\/\"]},{\"@type\":\"Person\",\"@id\":\"https:\/\/www.nexoinformativo.mx\/#\/schema\/person\/7749d380ba08c8ca00d7bc76fd907b7d\",\"name\":\"Nexo Informativo\",\"image\":{\"@type\":\"ImageObject\",\"inLanguage\":\"es\",\"@id\":\"https:\/\/www.nexoinformativo.mx\/#\/schema\/person\/image\/\",\"url\":\"https:\/\/secure.gravatar.com\/avatar\/dde2928154642a13d95f87ddf1ea9718fe2b46760a005c53e41ff5ad610704e6?s=96&d=mm&r=g\",\"contentUrl\":\"https:\/\/secure.gravatar.com\/avatar\/dde2928154642a13d95f87ddf1ea9718fe2b46760a005c53e41ff5ad610704e6?s=96&d=mm&r=g\",\"caption\":\"Nexo Informativo\"},\"url\":\"https:\/\/www.nexoinformativo.mx\/index.php\/author\/edicion\/\"}]}<\/script>\n<!-- \/ Yoast SEO plugin. -->","yoast_head_json":{"title":"Conagua fortalece la gesti\u00f3n del agua y evita el sobreexplotaci\u00f3n de acu\u00edferos | Nexo Informativo Santiago de Quer\u00e9taro","description":"Conagua fortalece la gesti\u00f3n del agua y evita el sobreexplotaci\u00f3n de acu\u00edferos","robots":{"index":"index","follow":"follow","max-snippet":"max-snippet:-1","max-image-preview":"max-image-preview:large","max-video-preview":"max-video-preview:-1"},"canonical":"https:\/\/www.nexoinformativo.mx\/index.php\/2025\/01\/03\/conagua-fortalece-la-gestion-del-agua-y-evita-el-sobreexplotacion-de-acuiferos\/","og_locale":"es_MX","og_type":"article","og_title":"Conagua fortalece la gesti\u00f3n del agua y evita el sobreexplotaci\u00f3n de acu\u00edferos | Nexo Informativo Santiago de Quer\u00e9taro","og_description":"Conagua fortalece la gesti\u00f3n del agua y evita el sobreexplotaci\u00f3n de acu\u00edferos","og_url":"https:\/\/www.nexoinformativo.mx\/index.php\/2025\/01\/03\/conagua-fortalece-la-gestion-del-agua-y-evita-el-sobreexplotacion-de-acuiferos\/","og_site_name":"Nexo Informativo Santiago de Quer\u00e9taro","article_publisher":"https:\/\/www.facebook.com\/people\/Nexo-Informativo\/61564066885511\/","article_published_time":"2025-01-03T15:00:10+00:00","article_modified_time":"2025-01-03T17:04:39+00:00","og_image":[{"width":650,"height":380,"url":"https:\/\/www.nexoinformativo.mx\/wp-content\/uploads\/2025\/01\/IMG_9043.jpg","type":"image\/jpeg"}],"author":"Nexo Informativo","twitter_card":"summary_large_image","twitter_misc":{"Escrito por":"Nexo Informativo","Tiempo de lectura":"2 minutos"},"schema":{"@context":"https:\/\/schema.org","@graph":[{"@type":"Article","@id":"https:\/\/www.nexoinformativo.mx\/index.php\/2025\/01\/03\/conagua-fortalece-la-gestion-del-agua-y-evita-el-sobreexplotacion-de-acuiferos\/#article","isPartOf":{"@id":"https:\/\/www.nexoinformativo.mx\/index.php\/2025\/01\/03\/conagua-fortalece-la-gestion-del-agua-y-evita-el-sobreexplotacion-de-acuiferos\/"},"author":{"name":"Nexo Informativo","@id":"https:\/\/www.nexoinformativo.mx\/#\/schema\/person\/7749d380ba08c8ca00d7bc76fd907b7d"},"headline":"Conagua fortalece la gesti\u00f3n del agua y evita el sobreexplotaci\u00f3n de acu\u00edferos","datePublished":"2025-01-03T15:00:10+00:00","dateModified":"2025-01-03T17:04:39+00:00","mainEntityOfPage":{"@id":"https:\/\/www.nexoinformativo.mx\/index.php\/2025\/01\/03\/conagua-fortalece-la-gestion-del-agua-y-evita-el-sobreexplotacion-de-acuiferos\/"},"wordCount":290,"commentCount":0,"publisher":{"@id":"https:\/\/www.nexoinformativo.mx\/#organization"},"image":{"@id":"https:\/\/www.nexoinformativo.mx\/index.php\/2025\/01\/03\/conagua-fortalece-la-gestion-del-agua-y-evita-el-sobreexplotacion-de-acuiferos\/#primaryimage"},"thumbnailUrl":"https:\/\/www.nexoinformativo.mx\/wp-content\/uploads\/2025\/01\/IMG_9043.jpg","keywords":["AguaSustentable","Conagua","Gesti\u00f3nDelAgua","M\u00e9xicoConAgua"],"articleSection":["Nacional","\u00daltima Hora"],"inLanguage":"es","potentialAction":[{"@type":"CommentAction","name":"Comment","target":["https:\/\/www.nexoinformativo.mx\/index.php\/2025\/01\/03\/conagua-fortalece-la-gestion-del-agua-y-evita-el-sobreexplotacion-de-acuiferos\/#respond"]}]},{"@type":"WebPage","@id":"https:\/\/www.nexoinformativo.mx\/index.php\/2025\/01\/03\/conagua-fortalece-la-gestion-del-agua-y-evita-el-sobreexplotacion-de-acuiferos\/","url":"https:\/\/www.nexoinformativo.mx\/index.php\/2025\/01\/03\/conagua-fortalece-la-gestion-del-agua-y-evita-el-sobreexplotacion-de-acuiferos\/","name":"Conagua fortalece la gesti\u00f3n del agua y evita el sobreexplotaci\u00f3n de acu\u00edferos | Nexo Informativo Santiago de Quer\u00e9taro","isPartOf":{"@id":"https:\/\/www.nexoinformativo.mx\/#website"},"primaryImageOfPage":{"@id":"https:\/\/www.nexoinformativo.mx\/index.php\/2025\/01\/03\/conagua-fortalece-la-gestion-del-agua-y-evita-el-sobreexplotacion-de-acuiferos\/#primaryimage"},"image":{"@id":"https:\/\/www.nexoinformativo.mx\/index.php\/2025\/01\/03\/conagua-fortalece-la-gestion-del-agua-y-evita-el-sobreexplotacion-de-acuiferos\/#primaryimage"},"thumbnailUrl":"https:\/\/www.nexoinformativo.mx\/wp-content\/uploads\/2025\/01\/IMG_9043.jpg","datePublished":"2025-01-03T15:00:10+00:00","dateModified":"2025-01-03T17:04:39+00:00","description":"Conagua fortalece la gesti\u00f3n del agua y evita el sobreexplotaci\u00f3n de acu\u00edferos","breadcrumb":{"@id":"https:\/\/www.nexoinformativo.mx\/index.php\/2025\/01\/03\/conagua-fortalece-la-gestion-del-agua-y-evita-el-sobreexplotacion-de-acuiferos\/#breadcrumb"},"inLanguage":"es","potentialAction":[{"@type":"ReadAction","target":["https:\/\/www.nexoinformativo.mx\/index.php\/2025\/01\/03\/conagua-fortalece-la-gestion-del-agua-y-evita-el-sobreexplotacion-de-acuiferos\/"]}]},{"@type":"ImageObject","inLanguage":"es","@id":"https:\/\/www.nexoinformativo.mx\/index.php\/2025\/01\/03\/conagua-fortalece-la-gestion-del-agua-y-evita-el-sobreexplotacion-de-acuiferos\/#primaryimage","url":"https:\/\/www.nexoinformativo.mx\/wp-content\/uploads\/2025\/01\/IMG_9043.jpg","contentUrl":"https:\/\/www.nexoinformativo.mx\/wp-content\/uploads\/2025\/01\/IMG_9043.jpg","width":650,"height":380},{"@type":"BreadcrumbList","@id":"https:\/\/www.nexoinformativo.mx\/index.php\/2025\/01\/03\/conagua-fortalece-la-gestion-del-agua-y-evita-el-sobreexplotacion-de-acuiferos\/#breadcrumb","itemListElement":[{"@type":"ListItem","position":1,"name":"Inicio","item":"https:\/\/www.nexoinformativo.mx\/"},{"@type":"ListItem","position":2,"name":"Conagua fortalece la gesti\u00f3n del agua y evita el sobreexplotaci\u00f3n de acu\u00edferos"}]},{"@type":"WebSite","@id":"https:\/\/www.nexoinformativo.mx\/#website","url":"https:\/\/www.nexoinformativo.mx\/","name":"Nexo Informativo Santiago de Quer\u00e9taro","description":"Explora NexoInformativo y convi\u00e9rtete en parte de una comunidad que valora el conocimiento y la verdad. Tu nexoinformativo es tu puente hacia una comprensi\u00f3n m\u00e1s profunda del mundo que te rodea.","publisher":{"@id":"https:\/\/www.nexoinformativo.mx\/#organization"},"potentialAction":[{"@type":"SearchAction","target":{"@type":"EntryPoint","urlTemplate":"https:\/\/www.nexoinformativo.mx\/?s={search_term_string}"},"query-input":{"@type":"PropertyValueSpecification","valueRequired":true,"valueName":"search_term_string"}}],"inLanguage":"es"},{"@type":"Organization","@id":"https:\/\/www.nexoinformativo.mx\/#organization","name":"Nexo Informativo Santiago de Quer\u00e9taro","url":"https:\/\/www.nexoinformativo.mx\/","logo":{"@type":"ImageObject","inLanguage":"es","@id":"https:\/\/www.nexoinformativo.mx\/#\/schema\/logo\/image\/","url":"https:\/\/www.nexoinformativo.mx\/wp-content\/uploads\/2024\/07\/nexoi-trasparente-2.png","contentUrl":"https:\/\/www.nexoinformativo.mx\/wp-content\/uploads\/2024\/07\/nexoi-trasparente-2.png","width":816,"height":339,"caption":"Nexo Informativo Santiago de Quer\u00e9taro"},"image":{"@id":"https:\/\/www.nexoinformativo.mx\/#\/schema\/logo\/image\/"},"sameAs":["https:\/\/www.facebook.com\/people\/Nexo-Informativo\/61564066885511\/"]},{"@type":"Person","@id":"https:\/\/www.nexoinformativo.mx\/#\/schema\/person\/7749d380ba08c8ca00d7bc76fd907b7d","name":"Nexo Informativo","image":{"@type":"ImageObject","inLanguage":"es","@id":"https:\/\/www.nexoinformativo.mx\/#\/schema\/person\/image\/","url":"https:\/\/secure.gravatar.com\/avatar\/dde2928154642a13d95f87ddf1ea9718fe2b46760a005c53e41ff5ad610704e6?s=96&d=mm&r=g","contentUrl":"https:\/\/secure.gravatar.com\/avatar\/dde2928154642a13d95f87ddf1ea9718fe2b46760a005c53e41ff5ad610704e6?s=96&d=mm&r=g","caption":"Nexo Informativo"},"url":"https:\/\/www.nexoinformativo.mx\/index.php\/author\/edicion\/"}]}},"_links":{"self":[{"href":"https:\/\/www.nexoinformativo.mx\/index.php\/wp-json\/wp\/v2\/posts\/9263","targetHints":{"allow":["GET"]}}],"collection":[{"href":"https:\/\/www.nexoinformativo.mx\/index.php\/wp-json\/wp\/v2\/posts"}],"about":[{"href":"https:\/\/www.nexoinformativo.mx\/index.php\/wp-json\/wp\/v2\/types\/post"}],"author":[{"embeddable":true,"href":"https:\/\/www.nexoinformativo.mx\/index.php\/wp-json\/wp\/v2\/users\/3"}],"replies":[{"embeddable":true,"href":"https:\/\/www.nexoinformativo.mx\/index.php\/wp-json\/wp\/v2\/comments?post=9263"}],"version-history":[{"count":6,"href":"https:\/\/www.nexoinformativo.mx\/index.php\/wp-json\/wp\/v2\/posts\/9263\/revisions"}],"predecessor-version":[{"id":9270,"href":"https:\/\/www.nexoinformativo.mx\/index.php\/wp-json\/wp\/v2\/posts\/9263\/revisions\/9270"}],"wp:featuredmedia":[{"embeddable":true,"href":"https:\/\/www.nexoinformativo.mx\/index.php\/wp-json\/wp\/v2\/media\/9264"}],"wp:attachment":[{"href":"https:\/\/www.nexoinformativo.mx\/index.php\/wp-json\/wp\/v2\/media?parent=9263"}],"wp:term":[{"taxonomy":"category","embeddable":true,"href":"https:\/\/www.nexoinformativo.mx\/index.php\/wp-json\/wp\/v2\/categories?post=9263"},{"taxonomy":"post_tag","embeddable":true,"href":"https:\/\/www.nexoinformativo.mx\/index.php\/wp-json\/wp\/v2\/tags?post=9263"}],"curies":[{"name":"wp","href":"https:\/\/api.w.org\/{rel}","templated":true}]}}