{"id":9285,"date":"2025-01-04T06:30:27","date_gmt":"2025-01-04T12:30:27","guid":{"rendered":"https:\/\/www.nexoinformativo.mx\/?p=9285"},"modified":"2025-01-04T10:49:40","modified_gmt":"2025-01-04T16:49:40","slug":"tragedia-en-pinal-de-amoles-trabajador-pierde-la-vida-aplastado-por-roca-en-una-mina-de-bucareli","status":"publish","type":"post","link":"https:\/\/www.nexoinformativo.mx\/index.php\/2025\/01\/04\/tragedia-en-pinal-de-amoles-trabajador-pierde-la-vida-aplastado-por-roca-en-una-mina-de-bucareli\/","title":{"rendered":"Tragedia en Pinal de Amoles trabajador pierde la vida aplastado por roca en una mina de Bucareli"},"content":{"rendered":"<p style=\"text-align: justify;\" data-sourcepos=\"9:1-9:318\">Un lamentable accidente cobr\u00f3 la vida de un hombre de aproximadamente 45 a\u00f1os en una mina ubicada en la comunidad de Bucareli, municipio de Pinal de Amoles, Quer\u00e9taro.<\/p>\n<p>&nbsp;<\/p>\n<p style=\"text-align: justify;\" data-sourcepos=\"9:1-9:318\">Los hechos ocurrieron esta tarde cuando una roca se desprendi\u00f3 y cay\u00f3 sobre el trabajador mientras realizaba sus labores al interior de la excavaci\u00f3n.<\/p>\n<p>&nbsp;<\/p>\n<p style=\"text-align: justify;\" data-sourcepos=\"11:1-11:240\">Al lugar arribaron de inmediato param\u00e9dicos y elementos de Protecci\u00f3n Civil municipal, quienes intentaron brindar los primeros auxilios al hombre. Sin embargo, debido a la gravedad de las lesiones, solo pudieron confirmar su fallecimiento.<\/p>\n<p>&nbsp;<\/p>\n<p style=\"text-align: justify;\" data-sourcepos=\"13:1-13:322\">La zona fue acordonada para permitir las diligencias correspondientes por parte del personal de la Fiscal\u00eda General del Estado (FGE), con sede en Jalpan de Serra. Servicios Periciales se encarg\u00f3 de levantar el cuerpo y trasladarlo a la morgue para practicar la necropsia de ley y determinar las causas exactas del deceso.<\/p>\n<p>&nbsp;<\/p>\n<p style=\"text-align: justify;\" data-sourcepos=\"15:1-15:287\">Este tr\u00e1gico suceso ha conmocionado a la comunidad de Bucareli y ha puesto en el foco de atenci\u00f3n las condiciones de seguridad en las minas de la regi\u00f3n.<\/p>\n<p>&nbsp;<\/p>\n<p style=\"text-align: justify;\" data-sourcepos=\"15:1-15:287\">Las autoridades competentes ya iniciaron una investigaci\u00f3n para esclarecer los hechos y determinar si hubo alg\u00fan tipo de negligencia.<\/p>\n<\/p>\n<p>&nbsp;<\/p>\n<p style=\"text-align: center;\" data-sourcepos=\"15:1-15:287\"><em><strong>\u00a1Informaci\u00f3n que transforma!<\/strong><\/em><\/p>\n","protected":false},"excerpt":{"rendered":"<p>Un lamentable accidente cobr\u00f3 la vida de un hombre de aproximadamente 45 a\u00f1os en una mina ubicada en la comunidad de Bucareli, municipio de Pinal de Amoles, Quer\u00e9taro.<\/p>\n","protected":false},"author":3,"featured_media":9286,"comment_status":"open","ping_status":"open","sticky":false,"template":"","format":"standard","meta":{"footnotes":""},"categories":[65,137,58],"tags":[2973,601,133,2974],"class_list":["post-9285","post","type-post","status-publish","format-standard","has-post-thumbnail","hentry","category-municipios","category-sucesos","category-ultima-hora","tag-accidentemina","tag-pinaldeamoles","tag-queretaro","tag-seguridadminera"],"yoast_head":"<!-- This site is optimized with the Yoast SEO plugin v25.0 - https:\/\/yoast.com\/wordpress\/plugins\/seo\/ -->\n<title>Tragedia en Pinal de Amoles trabajador pierde la vida aplastado por roca en una mina de Bucareli | Nexo Informativo Santiago de Quer\u00e9taro<\/title>\n<meta name=\"description\" content=\"Tragedia en Pinal de Amoles trabajador pierde la vida aplastado por roca en una mina de Bucareli\" \/>\n<meta name=\"robots\" content=\"index, follow, max-snippet:-1, max-image-preview:large, max-video-preview:-1\" \/>\n<link rel=\"canonical\" href=\"https:\/\/www.nexoinformativo.mx\/index.php\/2025\/01\/04\/tragedia-en-pinal-de-amoles-trabajador-pierde-la-vida-aplastado-por-roca-en-una-mina-de-bucareli\/\" \/>\n<meta property=\"og:locale\" content=\"es_MX\" \/>\n<meta property=\"og:type\" content=\"article\" \/>\n<meta property=\"og:title\" content=\"Tragedia en Pinal de Amoles trabajador pierde la vida aplastado por roca en una mina de Bucareli | Nexo Informativo Santiago de Quer\u00e9taro\" \/>\n<meta property=\"og:description\" content=\"Tragedia en Pinal de Amoles trabajador pierde la vida aplastado por roca en una mina de Bucareli\" \/>\n<meta property=\"og:url\" content=\"https:\/\/www.nexoinformativo.mx\/index.php\/2025\/01\/04\/tragedia-en-pinal-de-amoles-trabajador-pierde-la-vida-aplastado-por-roca-en-una-mina-de-bucareli\/\" \/>\n<meta property=\"og:site_name\" content=\"Nexo Informativo Santiago de Quer\u00e9taro\" \/>\n<meta property=\"article:publisher\" content=\"https:\/\/www.facebook.com\/people\/Nexo-Informativo\/61564066885511\/\" \/>\n<meta property=\"article:published_time\" content=\"2025-01-04T12:30:27+00:00\" \/>\n<meta property=\"article:modified_time\" content=\"2025-01-04T16:49:40+00:00\" \/>\n<meta property=\"og:image\" content=\"https:\/\/www.nexoinformativo.mx\/wp-content\/uploads\/2025\/01\/IMG-20250103-WA0073-e1736009282503.webp\" \/>\n\t<meta property=\"og:image:width\" content=\"700\" \/>\n\t<meta property=\"og:image:height\" content=\"875\" \/>\n\t<meta property=\"og:image:type\" content=\"image\/webp\" \/>\n<meta name=\"author\" content=\"Nexo Informativo\" \/>\n<meta name=\"twitter:card\" content=\"summary_large_image\" \/>\n<meta name=\"twitter:label1\" content=\"Escrito por\" \/>\n\t<meta name=\"twitter:data1\" content=\"Nexo Informativo\" \/>\n\t<meta name=\"twitter:label2\" content=\"Tiempo de lectura\" \/>\n\t<meta name=\"twitter:data2\" content=\"2 minutos\" \/>\n<script type=\"application\/ld+json\" class=\"yoast-schema-graph\">{\"@context\":\"https:\/\/schema.org\",\"@graph\":[{\"@type\":\"Article\",\"@id\":\"https:\/\/www.nexoinformativo.mx\/index.php\/2025\/01\/04\/tragedia-en-pinal-de-amoles-trabajador-pierde-la-vida-aplastado-por-roca-en-una-mina-de-bucareli\/#article\",\"isPartOf\":{\"@id\":\"https:\/\/www.nexoinformativo.mx\/index.php\/2025\/01\/04\/tragedia-en-pinal-de-amoles-trabajador-pierde-la-vida-aplastado-por-roca-en-una-mina-de-bucareli\/\"},\"author\":{\"name\":\"Nexo Informativo\",\"@id\":\"https:\/\/www.nexoinformativo.mx\/#\/schema\/person\/7749d380ba08c8ca00d7bc76fd907b7d\"},\"headline\":\"Tragedia en Pinal de Amoles trabajador pierde la vida aplastado por roca en una mina de Bucareli\",\"datePublished\":\"2025-01-04T12:30:27+00:00\",\"dateModified\":\"2025-01-04T16:49:40+00:00\",\"mainEntityOfPage\":{\"@id\":\"https:\/\/www.nexoinformativo.mx\/index.php\/2025\/01\/04\/tragedia-en-pinal-de-amoles-trabajador-pierde-la-vida-aplastado-por-roca-en-una-mina-de-bucareli\/\"},\"wordCount\":222,\"commentCount\":0,\"publisher\":{\"@id\":\"https:\/\/www.nexoinformativo.mx\/#organization\"},\"image\":{\"@id\":\"https:\/\/www.nexoinformativo.mx\/index.php\/2025\/01\/04\/tragedia-en-pinal-de-amoles-trabajador-pierde-la-vida-aplastado-por-roca-en-una-mina-de-bucareli\/#primaryimage\"},\"thumbnailUrl\":\"https:\/\/www.nexoinformativo.mx\/wp-content\/uploads\/2025\/01\/IMG-20250103-WA0073-e1736009282503.webp\",\"keywords\":[\"AccidenteMina\",\"PinalDeAmoles\",\"Quer\u00e9taro\",\"SeguridadMinera\"],\"articleSection\":[\"Municipios\",\"Sucesos\",\"\u00daltima Hora\"],\"inLanguage\":\"es\",\"potentialAction\":[{\"@type\":\"CommentAction\",\"name\":\"Comment\",\"target\":[\"https:\/\/www.nexoinformativo.mx\/index.php\/2025\/01\/04\/tragedia-en-pinal-de-amoles-trabajador-pierde-la-vida-aplastado-por-roca-en-una-mina-de-bucareli\/#respond\"]}]},{\"@type\":\"WebPage\",\"@id\":\"https:\/\/www.nexoinformativo.mx\/index.php\/2025\/01\/04\/tragedia-en-pinal-de-amoles-trabajador-pierde-la-vida-aplastado-por-roca-en-una-mina-de-bucareli\/\",\"url\":\"https:\/\/www.nexoinformativo.mx\/index.php\/2025\/01\/04\/tragedia-en-pinal-de-amoles-trabajador-pierde-la-vida-aplastado-por-roca-en-una-mina-de-bucareli\/\",\"name\":\"Tragedia en Pinal de Amoles trabajador pierde la vida aplastado por roca en una mina de Bucareli | Nexo Informativo Santiago de Quer\u00e9taro\",\"isPartOf\":{\"@id\":\"https:\/\/www.nexoinformativo.mx\/#website\"},\"primaryImageOfPage\":{\"@id\":\"https:\/\/www.nexoinformativo.mx\/index.php\/2025\/01\/04\/tragedia-en-pinal-de-amoles-trabajador-pierde-la-vida-aplastado-por-roca-en-una-mina-de-bucareli\/#primaryimage\"},\"image\":{\"@id\":\"https:\/\/www.nexoinformativo.mx\/index.php\/2025\/01\/04\/tragedia-en-pinal-de-amoles-trabajador-pierde-la-vida-aplastado-por-roca-en-una-mina-de-bucareli\/#primaryimage\"},\"thumbnailUrl\":\"https:\/\/www.nexoinformativo.mx\/wp-content\/uploads\/2025\/01\/IMG-20250103-WA0073-e1736009282503.webp\",\"datePublished\":\"2025-01-04T12:30:27+00:00\",\"dateModified\":\"2025-01-04T16:49:40+00:00\",\"description\":\"Tragedia en Pinal de Amoles trabajador pierde la vida aplastado por roca en una mina de Bucareli\",\"breadcrumb\":{\"@id\":\"https:\/\/www.nexoinformativo.mx\/index.php\/2025\/01\/04\/tragedia-en-pinal-de-amoles-trabajador-pierde-la-vida-aplastado-por-roca-en-una-mina-de-bucareli\/#breadcrumb\"},\"inLanguage\":\"es\",\"potentialAction\":[{\"@type\":\"ReadAction\",\"target\":[\"https:\/\/www.nexoinformativo.mx\/index.php\/2025\/01\/04\/tragedia-en-pinal-de-amoles-trabajador-pierde-la-vida-aplastado-por-roca-en-una-mina-de-bucareli\/\"]}]},{\"@type\":\"ImageObject\",\"inLanguage\":\"es\",\"@id\":\"https:\/\/www.nexoinformativo.mx\/index.php\/2025\/01\/04\/tragedia-en-pinal-de-amoles-trabajador-pierde-la-vida-aplastado-por-roca-en-una-mina-de-bucareli\/#primaryimage\",\"url\":\"https:\/\/www.nexoinformativo.mx\/wp-content\/uploads\/2025\/01\/IMG-20250103-WA0073-e1736009282503.webp\",\"contentUrl\":\"https:\/\/www.nexoinformativo.mx\/wp-content\/uploads\/2025\/01\/IMG-20250103-WA0073-e1736009282503.webp\",\"width\":700,\"height\":875},{\"@type\":\"BreadcrumbList\",\"@id\":\"https:\/\/www.nexoinformativo.mx\/index.php\/2025\/01\/04\/tragedia-en-pinal-de-amoles-trabajador-pierde-la-vida-aplastado-por-roca-en-una-mina-de-bucareli\/#breadcrumb\",\"itemListElement\":[{\"@type\":\"ListItem\",\"position\":1,\"name\":\"Inicio\",\"item\":\"https:\/\/www.nexoinformativo.mx\/\"},{\"@type\":\"ListItem\",\"position\":2,\"name\":\"Tragedia en Pinal de Amoles trabajador pierde la vida aplastado por roca en una mina de Bucareli\"}]},{\"@type\":\"WebSite\",\"@id\":\"https:\/\/www.nexoinformativo.mx\/#website\",\"url\":\"https:\/\/www.nexoinformativo.mx\/\",\"name\":\"Nexo Informativo Santiago de Quer\u00e9taro\",\"description\":\"Explora NexoInformativo y convi\u00e9rtete en parte de una comunidad que valora el conocimiento y la verdad. Tu nexoinformativo es tu puente hacia una comprensi\u00f3n m\u00e1s profunda del mundo que te rodea.\",\"publisher\":{\"@id\":\"https:\/\/www.nexoinformativo.mx\/#organization\"},\"potentialAction\":[{\"@type\":\"SearchAction\",\"target\":{\"@type\":\"EntryPoint\",\"urlTemplate\":\"https:\/\/www.nexoinformativo.mx\/?s={search_term_string}\"},\"query-input\":{\"@type\":\"PropertyValueSpecification\",\"valueRequired\":true,\"valueName\":\"search_term_string\"}}],\"inLanguage\":\"es\"},{\"@type\":\"Organization\",\"@id\":\"https:\/\/www.nexoinformativo.mx\/#organization\",\"name\":\"Nexo Informativo Santiago de Quer\u00e9taro\",\"url\":\"https:\/\/www.nexoinformativo.mx\/\",\"logo\":{\"@type\":\"ImageObject\",\"inLanguage\":\"es\",\"@id\":\"https:\/\/www.nexoinformativo.mx\/#\/schema\/logo\/image\/\",\"url\":\"https:\/\/www.nexoinformativo.mx\/wp-content\/uploads\/2024\/07\/nexoi-trasparente-2.png\",\"contentUrl\":\"https:\/\/www.nexoinformativo.mx\/wp-content\/uploads\/2024\/07\/nexoi-trasparente-2.png\",\"width\":816,\"height\":339,\"caption\":\"Nexo Informativo Santiago de Quer\u00e9taro\"},\"image\":{\"@id\":\"https:\/\/www.nexoinformativo.mx\/#\/schema\/logo\/image\/\"},\"sameAs\":[\"https:\/\/www.facebook.com\/people\/Nexo-Informativo\/61564066885511\/\"]},{\"@type\":\"Person\",\"@id\":\"https:\/\/www.nexoinformativo.mx\/#\/schema\/person\/7749d380ba08c8ca00d7bc76fd907b7d\",\"name\":\"Nexo Informativo\",\"image\":{\"@type\":\"ImageObject\",\"inLanguage\":\"es\",\"@id\":\"https:\/\/www.nexoinformativo.mx\/#\/schema\/person\/image\/\",\"url\":\"https:\/\/secure.gravatar.com\/avatar\/dde2928154642a13d95f87ddf1ea9718fe2b46760a005c53e41ff5ad610704e6?s=96&d=mm&r=g\",\"contentUrl\":\"https:\/\/secure.gravatar.com\/avatar\/dde2928154642a13d95f87ddf1ea9718fe2b46760a005c53e41ff5ad610704e6?s=96&d=mm&r=g\",\"caption\":\"Nexo Informativo\"},\"url\":\"https:\/\/www.nexoinformativo.mx\/index.php\/author\/edicion\/\"}]}<\/script>\n<!-- \/ Yoast SEO plugin. -->","yoast_head_json":{"title":"Tragedia en Pinal de Amoles trabajador pierde la vida aplastado por roca en una mina de Bucareli | Nexo Informativo Santiago de Quer\u00e9taro","description":"Tragedia en Pinal de Amoles trabajador pierde la vida aplastado por roca en una mina de Bucareli","robots":{"index":"index","follow":"follow","max-snippet":"max-snippet:-1","max-image-preview":"max-image-preview:large","max-video-preview":"max-video-preview:-1"},"canonical":"https:\/\/www.nexoinformativo.mx\/index.php\/2025\/01\/04\/tragedia-en-pinal-de-amoles-trabajador-pierde-la-vida-aplastado-por-roca-en-una-mina-de-bucareli\/","og_locale":"es_MX","og_type":"article","og_title":"Tragedia en Pinal de Amoles trabajador pierde la vida aplastado por roca en una mina de Bucareli | Nexo Informativo Santiago de Quer\u00e9taro","og_description":"Tragedia en Pinal de Amoles trabajador pierde la vida aplastado por roca en una mina de Bucareli","og_url":"https:\/\/www.nexoinformativo.mx\/index.php\/2025\/01\/04\/tragedia-en-pinal-de-amoles-trabajador-pierde-la-vida-aplastado-por-roca-en-una-mina-de-bucareli\/","og_site_name":"Nexo Informativo Santiago de Quer\u00e9taro","article_publisher":"https:\/\/www.facebook.com\/people\/Nexo-Informativo\/61564066885511\/","article_published_time":"2025-01-04T12:30:27+00:00","article_modified_time":"2025-01-04T16:49:40+00:00","og_image":[{"width":700,"height":875,"url":"https:\/\/www.nexoinformativo.mx\/wp-content\/uploads\/2025\/01\/IMG-20250103-WA0073-e1736009282503.webp","type":"image\/webp"}],"author":"Nexo Informativo","twitter_card":"summary_large_image","twitter_misc":{"Escrito por":"Nexo Informativo","Tiempo de lectura":"2 minutos"},"schema":{"@context":"https:\/\/schema.org","@graph":[{"@type":"Article","@id":"https:\/\/www.nexoinformativo.mx\/index.php\/2025\/01\/04\/tragedia-en-pinal-de-amoles-trabajador-pierde-la-vida-aplastado-por-roca-en-una-mina-de-bucareli\/#article","isPartOf":{"@id":"https:\/\/www.nexoinformativo.mx\/index.php\/2025\/01\/04\/tragedia-en-pinal-de-amoles-trabajador-pierde-la-vida-aplastado-por-roca-en-una-mina-de-bucareli\/"},"author":{"name":"Nexo Informativo","@id":"https:\/\/www.nexoinformativo.mx\/#\/schema\/person\/7749d380ba08c8ca00d7bc76fd907b7d"},"headline":"Tragedia en Pinal de Amoles trabajador pierde la vida aplastado por roca en una mina de Bucareli","datePublished":"2025-01-04T12:30:27+00:00","dateModified":"2025-01-04T16:49:40+00:00","mainEntityOfPage":{"@id":"https:\/\/www.nexoinformativo.mx\/index.php\/2025\/01\/04\/tragedia-en-pinal-de-amoles-trabajador-pierde-la-vida-aplastado-por-roca-en-una-mina-de-bucareli\/"},"wordCount":222,"commentCount":0,"publisher":{"@id":"https:\/\/www.nexoinformativo.mx\/#organization"},"image":{"@id":"https:\/\/www.nexoinformativo.mx\/index.php\/2025\/01\/04\/tragedia-en-pinal-de-amoles-trabajador-pierde-la-vida-aplastado-por-roca-en-una-mina-de-bucareli\/#primaryimage"},"thumbnailUrl":"https:\/\/www.nexoinformativo.mx\/wp-content\/uploads\/2025\/01\/IMG-20250103-WA0073-e1736009282503.webp","keywords":["AccidenteMina","PinalDeAmoles","Quer\u00e9taro","SeguridadMinera"],"articleSection":["Municipios","Sucesos","\u00daltima Hora"],"inLanguage":"es","potentialAction":[{"@type":"CommentAction","name":"Comment","target":["https:\/\/www.nexoinformativo.mx\/index.php\/2025\/01\/04\/tragedia-en-pinal-de-amoles-trabajador-pierde-la-vida-aplastado-por-roca-en-una-mina-de-bucareli\/#respond"]}]},{"@type":"WebPage","@id":"https:\/\/www.nexoinformativo.mx\/index.php\/2025\/01\/04\/tragedia-en-pinal-de-amoles-trabajador-pierde-la-vida-aplastado-por-roca-en-una-mina-de-bucareli\/","url":"https:\/\/www.nexoinformativo.mx\/index.php\/2025\/01\/04\/tragedia-en-pinal-de-amoles-trabajador-pierde-la-vida-aplastado-por-roca-en-una-mina-de-bucareli\/","name":"Tragedia en Pinal de Amoles trabajador pierde la vida aplastado por roca en una mina de Bucareli | Nexo Informativo Santiago de Quer\u00e9taro","isPartOf":{"@id":"https:\/\/www.nexoinformativo.mx\/#website"},"primaryImageOfPage":{"@id":"https:\/\/www.nexoinformativo.mx\/index.php\/2025\/01\/04\/tragedia-en-pinal-de-amoles-trabajador-pierde-la-vida-aplastado-por-roca-en-una-mina-de-bucareli\/#primaryimage"},"image":{"@id":"https:\/\/www.nexoinformativo.mx\/index.php\/2025\/01\/04\/tragedia-en-pinal-de-amoles-trabajador-pierde-la-vida-aplastado-por-roca-en-una-mina-de-bucareli\/#primaryimage"},"thumbnailUrl":"https:\/\/www.nexoinformativo.mx\/wp-content\/uploads\/2025\/01\/IMG-20250103-WA0073-e1736009282503.webp","datePublished":"2025-01-04T12:30:27+00:00","dateModified":"2025-01-04T16:49:40+00:00","description":"Tragedia en Pinal de Amoles trabajador pierde la vida aplastado por roca en una mina de Bucareli","breadcrumb":{"@id":"https:\/\/www.nexoinformativo.mx\/index.php\/2025\/01\/04\/tragedia-en-pinal-de-amoles-trabajador-pierde-la-vida-aplastado-por-roca-en-una-mina-de-bucareli\/#breadcrumb"},"inLanguage":"es","potentialAction":[{"@type":"ReadAction","target":["https:\/\/www.nexoinformativo.mx\/index.php\/2025\/01\/04\/tragedia-en-pinal-de-amoles-trabajador-pierde-la-vida-aplastado-por-roca-en-una-mina-de-bucareli\/"]}]},{"@type":"ImageObject","inLanguage":"es","@id":"https:\/\/www.nexoinformativo.mx\/index.php\/2025\/01\/04\/tragedia-en-pinal-de-amoles-trabajador-pierde-la-vida-aplastado-por-roca-en-una-mina-de-bucareli\/#primaryimage","url":"https:\/\/www.nexoinformativo.mx\/wp-content\/uploads\/2025\/01\/IMG-20250103-WA0073-e1736009282503.webp","contentUrl":"https:\/\/www.nexoinformativo.mx\/wp-content\/uploads\/2025\/01\/IMG-20250103-WA0073-e1736009282503.webp","width":700,"height":875},{"@type":"BreadcrumbList","@id":"https:\/\/www.nexoinformativo.mx\/index.php\/2025\/01\/04\/tragedia-en-pinal-de-amoles-trabajador-pierde-la-vida-aplastado-por-roca-en-una-mina-de-bucareli\/#breadcrumb","itemListElement":[{"@type":"ListItem","position":1,"name":"Inicio","item":"https:\/\/www.nexoinformativo.mx\/"},{"@type":"ListItem","position":2,"name":"Tragedia en Pinal de Amoles trabajador pierde la vida aplastado por roca en una mina de Bucareli"}]},{"@type":"WebSite","@id":"https:\/\/www.nexoinformativo.mx\/#website","url":"https:\/\/www.nexoinformativo.mx\/","name":"Nexo Informativo Santiago de Quer\u00e9taro","description":"Explora NexoInformativo y convi\u00e9rtete en parte de una comunidad que valora el conocimiento y la verdad. Tu nexoinformativo es tu puente hacia una comprensi\u00f3n m\u00e1s profunda del mundo que te rodea.","publisher":{"@id":"https:\/\/www.nexoinformativo.mx\/#organization"},"potentialAction":[{"@type":"SearchAction","target":{"@type":"EntryPoint","urlTemplate":"https:\/\/www.nexoinformativo.mx\/?s={search_term_string}"},"query-input":{"@type":"PropertyValueSpecification","valueRequired":true,"valueName":"search_term_string"}}],"inLanguage":"es"},{"@type":"Organization","@id":"https:\/\/www.nexoinformativo.mx\/#organization","name":"Nexo Informativo Santiago de Quer\u00e9taro","url":"https:\/\/www.nexoinformativo.mx\/","logo":{"@type":"ImageObject","inLanguage":"es","@id":"https:\/\/www.nexoinformativo.mx\/#\/schema\/logo\/image\/","url":"https:\/\/www.nexoinformativo.mx\/wp-content\/uploads\/2024\/07\/nexoi-trasparente-2.png","contentUrl":"https:\/\/www.nexoinformativo.mx\/wp-content\/uploads\/2024\/07\/nexoi-trasparente-2.png","width":816,"height":339,"caption":"Nexo Informativo Santiago de Quer\u00e9taro"},"image":{"@id":"https:\/\/www.nexoinformativo.mx\/#\/schema\/logo\/image\/"},"sameAs":["https:\/\/www.facebook.com\/people\/Nexo-Informativo\/61564066885511\/"]},{"@type":"Person","@id":"https:\/\/www.nexoinformativo.mx\/#\/schema\/person\/7749d380ba08c8ca00d7bc76fd907b7d","name":"Nexo Informativo","image":{"@type":"ImageObject","inLanguage":"es","@id":"https:\/\/www.nexoinformativo.mx\/#\/schema\/person\/image\/","url":"https:\/\/secure.gravatar.com\/avatar\/dde2928154642a13d95f87ddf1ea9718fe2b46760a005c53e41ff5ad610704e6?s=96&d=mm&r=g","contentUrl":"https:\/\/secure.gravatar.com\/avatar\/dde2928154642a13d95f87ddf1ea9718fe2b46760a005c53e41ff5ad610704e6?s=96&d=mm&r=g","caption":"Nexo Informativo"},"url":"https:\/\/www.nexoinformativo.mx\/index.php\/author\/edicion\/"}]}},"_links":{"self":[{"href":"https:\/\/www.nexoinformativo.mx\/index.php\/wp-json\/wp\/v2\/posts\/9285","targetHints":{"allow":["GET"]}}],"collection":[{"href":"https:\/\/www.nexoinformativo.mx\/index.php\/wp-json\/wp\/v2\/posts"}],"about":[{"href":"https:\/\/www.nexoinformativo.mx\/index.php\/wp-json\/wp\/v2\/types\/post"}],"author":[{"embeddable":true,"href":"https:\/\/www.nexoinformativo.mx\/index.php\/wp-json\/wp\/v2\/users\/3"}],"replies":[{"embeddable":true,"href":"https:\/\/www.nexoinformativo.mx\/index.php\/wp-json\/wp\/v2\/comments?post=9285"}],"version-history":[{"count":4,"href":"https:\/\/www.nexoinformativo.mx\/index.php\/wp-json\/wp\/v2\/posts\/9285\/revisions"}],"predecessor-version":[{"id":9290,"href":"https:\/\/www.nexoinformativo.mx\/index.php\/wp-json\/wp\/v2\/posts\/9285\/revisions\/9290"}],"wp:featuredmedia":[{"embeddable":true,"href":"https:\/\/www.nexoinformativo.mx\/index.php\/wp-json\/wp\/v2\/media\/9286"}],"wp:attachment":[{"href":"https:\/\/www.nexoinformativo.mx\/index.php\/wp-json\/wp\/v2\/media?parent=9285"}],"wp:term":[{"taxonomy":"category","embeddable":true,"href":"https:\/\/www.nexoinformativo.mx\/index.php\/wp-json\/wp\/v2\/categories?post=9285"},{"taxonomy":"post_tag","embeddable":true,"href":"https:\/\/www.nexoinformativo.mx\/index.php\/wp-json\/wp\/v2\/tags?post=9285"}],"curies":[{"name":"wp","href":"https:\/\/api.w.org\/{rel}","templated":true}]}}