{"id":9292,"date":"2025-01-04T09:00:41","date_gmt":"2025-01-04T15:00:41","guid":{"rendered":"https:\/\/www.nexoinformativo.mx\/?p=9292"},"modified":"2025-01-04T14:49:54","modified_gmt":"2025-01-04T20:49:54","slug":"revolucion-tecnologica-la-inteligencia-artificial-pone-en-jaque-el-empleo-en-mexico-quintana-roo-y-estado-de-mexico-los-mas-afectados","status":"publish","type":"post","link":"https:\/\/www.nexoinformativo.mx\/index.php\/2025\/01\/04\/revolucion-tecnologica-la-inteligencia-artificial-pone-en-jaque-el-empleo-en-mexico-quintana-roo-y-estado-de-mexico-los-mas-afectados\/","title":{"rendered":"La Inteligencia Artificial pone en jaque el empleo en M\u00e9xico, Quintana Roo y Estado de M\u00e9xico, los m\u00e1s afectados"},"content":{"rendered":"<p style=\"text-align: justify;\" data-sourcepos=\"7:1-7:332\">La Inteligencia Artificial Generativa (IA Generativa) est\u00e1 transformando r\u00e1pidamente el mercado laboral mexicano. Seg\u00fan un reciente informe de la OCDE, titulado <strong>&#8220;Creaci\u00f3n de empleo y desarrollo econ\u00f3mico local 2024&#8221;<\/strong>, cerca del 19% de los empleos en M\u00e9xico est\u00e1n expuestos a un alto riesgo de automatizaci\u00f3n debido a esta tecnolog\u00eda.<\/p>\n<p>&nbsp;<\/p>\n<p style=\"text-align: justify;\" data-sourcepos=\"9:1-9:248\">Quintana Roo y el Estado de M\u00e9xico encabezan la lista de entidades con mayor proporci\u00f3n de puestos de trabajo en riesgo, con casi un 23%. Esto significa que casi 1 de cada 4 empleos en estas entidades podr\u00eda verse afectado por la IA Generativa.<\/p>\n<p>&nbsp;<\/p>\n<p style=\"text-align: justify;\" data-sourcepos=\"11:1-11:339\">La raz\u00f3n detr\u00e1s de esta situaci\u00f3n es que la IA Generativa es capaz de realizar tareas que antes solo pod\u00edan ser llevadas a cabo por humanos, incluyendo tareas cognitivas y creativas. Esto significa que no solo los empleos rutinarios y menos calificados est\u00e1n en riesgo, sino tambi\u00e9n aquellos que requieren un alto nivel de especializaci\u00f3n.<\/p>\n<p>&nbsp;<\/p>\n<p style=\"text-align: justify;\" data-sourcepos=\"15:1-15:247\">La IA Generativa plantea nuevos desaf\u00edos para el mercado laboral. Los trabajadores deber\u00e1n adaptarse a esta nueva realidad, adquiriendo nuevas habilidades y conocimientos para poder competir en un entorno cada vez m\u00e1s automatizado.<\/p>\n<p>&nbsp;<\/p>\n<p style=\"text-align: justify;\" data-sourcepos=\"19:1-19:188\">Es fundamental que tanto el gobierno como las empresas y las instituciones educativas trabajen en conjunto para enfrentar este desaf\u00edo. Algunas de las medidas que se pueden tomar:<\/p>\n<p>&nbsp;<\/p>\n<p style=\"text-align: justify;\"><strong>*Invertir en educaci\u00f3n y capacitaci\u00f3n:<\/strong> Es necesario preparar a los trabajadores para los empleos del futuro, ofreciendo programas de capacitaci\u00f3n en las nuevas tecnolog\u00edas.<\/p>\n<p>&nbsp;<\/p>\n<p style=\"text-align: justify;\"><strong>*Fomentar la investigaci\u00f3n y el desarrollo:<\/strong> Es importante invertir en investigaci\u00f3n para desarrollar nuevas aplicaciones de la IA Generativa que beneficien a la sociedad.<\/p>\n<p>&nbsp;<\/p>\n<p style=\"text-align: justify;\"><strong>*Crear pol\u00edticas laborales que protejan a los trabajadores:<\/strong> Es necesario establecer pol\u00edticas laborales que garanticen una transici\u00f3n justa hacia un mercado laboral automatizado.<\/p>\n<p>&nbsp;<\/p>\n<p style=\"text-align: center;\"><em><strong>\u00a1Informaci\u00f3n que transforma!<\/strong><\/em><\/p>\n","protected":false},"excerpt":{"rendered":"<p>La Inteligencia Artificial Generativa (IA Generativa) est\u00e1 transformando r\u00e1pidamente el mercado laboral mexicano. Seg\u00fan un reciente informe de la OCDE, titulado &#8220;Creaci\u00f3n de empleo y desarrollo econ\u00f3mico local 2024&#8221;, cerca del 19% de los empleos en M\u00e9xico est\u00e1n expuestos a un alto riesgo de automatizaci\u00f3n debido a esta tecnolog\u00eda.<\/p>\n","protected":false},"author":3,"featured_media":9293,"comment_status":"open","ping_status":"open","sticky":false,"template":"","format":"standard","meta":{"footnotes":""},"categories":[88,137,13,58],"tags":[2977,2975,2976,2978],"class_list":["post-9292","post","type-post","status-publish","format-standard","has-post-thumbnail","hentry","category-nacional","category-sucesos","category-tecnologia","category-ultima-hora","tag-futurodeltrabajo","tag-iagenerativa","tag-mercadolaboral","tag-ocde"],"yoast_head":"<!-- This site is optimized with the Yoast SEO plugin v25.0 - https:\/\/yoast.com\/wordpress\/plugins\/seo\/ -->\n<title>La Inteligencia Artificial pone en jaque el empleo en M\u00e9xico, Quintana Roo y Estado de M\u00e9xico, los m\u00e1s afectados | Nexo Informativo Santiago de Quer\u00e9taro<\/title>\n<meta name=\"description\" content=\"La Inteligencia Artificial pone en jaque el empleo en M\u00e9xico, Quintana Roo y Estado de M\u00e9xico, los m\u00e1s afectados\" \/>\n<meta name=\"robots\" content=\"index, follow, max-snippet:-1, max-image-preview:large, max-video-preview:-1\" \/>\n<link rel=\"canonical\" href=\"https:\/\/www.nexoinformativo.mx\/index.php\/2025\/01\/04\/revolucion-tecnologica-la-inteligencia-artificial-pone-en-jaque-el-empleo-en-mexico-quintana-roo-y-estado-de-mexico-los-mas-afectados\/\" \/>\n<meta property=\"og:locale\" content=\"es_MX\" \/>\n<meta property=\"og:type\" content=\"article\" \/>\n<meta property=\"og:title\" content=\"La Inteligencia Artificial pone en jaque el empleo en M\u00e9xico, Quintana Roo y Estado de M\u00e9xico, los m\u00e1s afectados | Nexo Informativo Santiago de Quer\u00e9taro\" \/>\n<meta property=\"og:description\" content=\"La Inteligencia Artificial pone en jaque el empleo en M\u00e9xico, Quintana Roo y Estado de M\u00e9xico, los m\u00e1s afectados\" \/>\n<meta property=\"og:url\" content=\"https:\/\/www.nexoinformativo.mx\/index.php\/2025\/01\/04\/revolucion-tecnologica-la-inteligencia-artificial-pone-en-jaque-el-empleo-en-mexico-quintana-roo-y-estado-de-mexico-los-mas-afectados\/\" \/>\n<meta property=\"og:site_name\" content=\"Nexo Informativo Santiago de Quer\u00e9taro\" \/>\n<meta property=\"article:publisher\" content=\"https:\/\/www.facebook.com\/people\/Nexo-Informativo\/61564066885511\/\" \/>\n<meta property=\"article:published_time\" content=\"2025-01-04T15:00:41+00:00\" \/>\n<meta property=\"article:modified_time\" content=\"2025-01-04T20:49:54+00:00\" \/>\n<meta property=\"og:image\" content=\"https:\/\/www.nexoinformativo.mx\/wp-content\/uploads\/2025\/01\/pexels-mikael-blomkvist-6476592-e1736009835119.jpeg\" \/>\n\t<meta property=\"og:image:width\" content=\"800\" \/>\n\t<meta property=\"og:image:height\" content=\"534\" \/>\n\t<meta property=\"og:image:type\" content=\"image\/jpeg\" \/>\n<meta name=\"author\" content=\"Nexo Informativo\" \/>\n<meta name=\"twitter:card\" content=\"summary_large_image\" \/>\n<meta name=\"twitter:label1\" content=\"Escrito por\" \/>\n\t<meta name=\"twitter:data1\" content=\"Nexo Informativo\" \/>\n\t<meta name=\"twitter:label2\" content=\"Tiempo de lectura\" \/>\n\t<meta name=\"twitter:data2\" content=\"2 minutos\" \/>\n<script type=\"application\/ld+json\" class=\"yoast-schema-graph\">{\"@context\":\"https:\/\/schema.org\",\"@graph\":[{\"@type\":\"Article\",\"@id\":\"https:\/\/www.nexoinformativo.mx\/index.php\/2025\/01\/04\/revolucion-tecnologica-la-inteligencia-artificial-pone-en-jaque-el-empleo-en-mexico-quintana-roo-y-estado-de-mexico-los-mas-afectados\/#article\",\"isPartOf\":{\"@id\":\"https:\/\/www.nexoinformativo.mx\/index.php\/2025\/01\/04\/revolucion-tecnologica-la-inteligencia-artificial-pone-en-jaque-el-empleo-en-mexico-quintana-roo-y-estado-de-mexico-los-mas-afectados\/\"},\"author\":{\"name\":\"Nexo Informativo\",\"@id\":\"https:\/\/www.nexoinformativo.mx\/#\/schema\/person\/7749d380ba08c8ca00d7bc76fd907b7d\"},\"headline\":\"La Inteligencia Artificial pone en jaque el empleo en M\u00e9xico, Quintana Roo y Estado de M\u00e9xico, los m\u00e1s afectados\",\"datePublished\":\"2025-01-04T15:00:41+00:00\",\"dateModified\":\"2025-01-04T20:49:54+00:00\",\"mainEntityOfPage\":{\"@id\":\"https:\/\/www.nexoinformativo.mx\/index.php\/2025\/01\/04\/revolucion-tecnologica-la-inteligencia-artificial-pone-en-jaque-el-empleo-en-mexico-quintana-roo-y-estado-de-mexico-los-mas-afectados\/\"},\"wordCount\":340,\"commentCount\":0,\"publisher\":{\"@id\":\"https:\/\/www.nexoinformativo.mx\/#organization\"},\"image\":{\"@id\":\"https:\/\/www.nexoinformativo.mx\/index.php\/2025\/01\/04\/revolucion-tecnologica-la-inteligencia-artificial-pone-en-jaque-el-empleo-en-mexico-quintana-roo-y-estado-de-mexico-los-mas-afectados\/#primaryimage\"},\"thumbnailUrl\":\"https:\/\/www.nexoinformativo.mx\/wp-content\/uploads\/2025\/01\/pexels-mikael-blomkvist-6476592-e1736009835119.jpeg\",\"keywords\":[\"FuturoDelTrabajo\",\"IAGenerativa\",\"MercadoLaboral\",\"OCDE\"],\"articleSection\":[\"Nacional\",\"Sucesos\",\"Tecnolog\u00eda\",\"\u00daltima Hora\"],\"inLanguage\":\"es\",\"potentialAction\":[{\"@type\":\"CommentAction\",\"name\":\"Comment\",\"target\":[\"https:\/\/www.nexoinformativo.mx\/index.php\/2025\/01\/04\/revolucion-tecnologica-la-inteligencia-artificial-pone-en-jaque-el-empleo-en-mexico-quintana-roo-y-estado-de-mexico-los-mas-afectados\/#respond\"]}]},{\"@type\":\"WebPage\",\"@id\":\"https:\/\/www.nexoinformativo.mx\/index.php\/2025\/01\/04\/revolucion-tecnologica-la-inteligencia-artificial-pone-en-jaque-el-empleo-en-mexico-quintana-roo-y-estado-de-mexico-los-mas-afectados\/\",\"url\":\"https:\/\/www.nexoinformativo.mx\/index.php\/2025\/01\/04\/revolucion-tecnologica-la-inteligencia-artificial-pone-en-jaque-el-empleo-en-mexico-quintana-roo-y-estado-de-mexico-los-mas-afectados\/\",\"name\":\"La Inteligencia Artificial pone en jaque el empleo en M\u00e9xico, Quintana Roo y Estado de M\u00e9xico, los m\u00e1s afectados | Nexo Informativo Santiago de Quer\u00e9taro\",\"isPartOf\":{\"@id\":\"https:\/\/www.nexoinformativo.mx\/#website\"},\"primaryImageOfPage\":{\"@id\":\"https:\/\/www.nexoinformativo.mx\/index.php\/2025\/01\/04\/revolucion-tecnologica-la-inteligencia-artificial-pone-en-jaque-el-empleo-en-mexico-quintana-roo-y-estado-de-mexico-los-mas-afectados\/#primaryimage\"},\"image\":{\"@id\":\"https:\/\/www.nexoinformativo.mx\/index.php\/2025\/01\/04\/revolucion-tecnologica-la-inteligencia-artificial-pone-en-jaque-el-empleo-en-mexico-quintana-roo-y-estado-de-mexico-los-mas-afectados\/#primaryimage\"},\"thumbnailUrl\":\"https:\/\/www.nexoinformativo.mx\/wp-content\/uploads\/2025\/01\/pexels-mikael-blomkvist-6476592-e1736009835119.jpeg\",\"datePublished\":\"2025-01-04T15:00:41+00:00\",\"dateModified\":\"2025-01-04T20:49:54+00:00\",\"description\":\"La Inteligencia Artificial pone en jaque el empleo en M\u00e9xico, Quintana Roo y Estado de M\u00e9xico, los m\u00e1s afectados\",\"breadcrumb\":{\"@id\":\"https:\/\/www.nexoinformativo.mx\/index.php\/2025\/01\/04\/revolucion-tecnologica-la-inteligencia-artificial-pone-en-jaque-el-empleo-en-mexico-quintana-roo-y-estado-de-mexico-los-mas-afectados\/#breadcrumb\"},\"inLanguage\":\"es\",\"potentialAction\":[{\"@type\":\"ReadAction\",\"target\":[\"https:\/\/www.nexoinformativo.mx\/index.php\/2025\/01\/04\/revolucion-tecnologica-la-inteligencia-artificial-pone-en-jaque-el-empleo-en-mexico-quintana-roo-y-estado-de-mexico-los-mas-afectados\/\"]}]},{\"@type\":\"ImageObject\",\"inLanguage\":\"es\",\"@id\":\"https:\/\/www.nexoinformativo.mx\/index.php\/2025\/01\/04\/revolucion-tecnologica-la-inteligencia-artificial-pone-en-jaque-el-empleo-en-mexico-quintana-roo-y-estado-de-mexico-los-mas-afectados\/#primaryimage\",\"url\":\"https:\/\/www.nexoinformativo.mx\/wp-content\/uploads\/2025\/01\/pexels-mikael-blomkvist-6476592-e1736009835119.jpeg\",\"contentUrl\":\"https:\/\/www.nexoinformativo.mx\/wp-content\/uploads\/2025\/01\/pexels-mikael-blomkvist-6476592-e1736009835119.jpeg\",\"width\":800,\"height\":534},{\"@type\":\"BreadcrumbList\",\"@id\":\"https:\/\/www.nexoinformativo.mx\/index.php\/2025\/01\/04\/revolucion-tecnologica-la-inteligencia-artificial-pone-en-jaque-el-empleo-en-mexico-quintana-roo-y-estado-de-mexico-los-mas-afectados\/#breadcrumb\",\"itemListElement\":[{\"@type\":\"ListItem\",\"position\":1,\"name\":\"Inicio\",\"item\":\"https:\/\/www.nexoinformativo.mx\/\"},{\"@type\":\"ListItem\",\"position\":2,\"name\":\"La Inteligencia Artificial pone en jaque el empleo en M\u00e9xico, Quintana Roo y Estado de M\u00e9xico, los m\u00e1s afectados\"}]},{\"@type\":\"WebSite\",\"@id\":\"https:\/\/www.nexoinformativo.mx\/#website\",\"url\":\"https:\/\/www.nexoinformativo.mx\/\",\"name\":\"Nexo Informativo Santiago de Quer\u00e9taro\",\"description\":\"Explora NexoInformativo y convi\u00e9rtete en parte de una comunidad que valora el conocimiento y la verdad. Tu nexoinformativo es tu puente hacia una comprensi\u00f3n m\u00e1s profunda del mundo que te rodea.\",\"publisher\":{\"@id\":\"https:\/\/www.nexoinformativo.mx\/#organization\"},\"potentialAction\":[{\"@type\":\"SearchAction\",\"target\":{\"@type\":\"EntryPoint\",\"urlTemplate\":\"https:\/\/www.nexoinformativo.mx\/?s={search_term_string}\"},\"query-input\":{\"@type\":\"PropertyValueSpecification\",\"valueRequired\":true,\"valueName\":\"search_term_string\"}}],\"inLanguage\":\"es\"},{\"@type\":\"Organization\",\"@id\":\"https:\/\/www.nexoinformativo.mx\/#organization\",\"name\":\"Nexo Informativo Santiago de Quer\u00e9taro\",\"url\":\"https:\/\/www.nexoinformativo.mx\/\",\"logo\":{\"@type\":\"ImageObject\",\"inLanguage\":\"es\",\"@id\":\"https:\/\/www.nexoinformativo.mx\/#\/schema\/logo\/image\/\",\"url\":\"https:\/\/www.nexoinformativo.mx\/wp-content\/uploads\/2024\/07\/nexoi-trasparente-2.png\",\"contentUrl\":\"https:\/\/www.nexoinformativo.mx\/wp-content\/uploads\/2024\/07\/nexoi-trasparente-2.png\",\"width\":816,\"height\":339,\"caption\":\"Nexo Informativo Santiago de Quer\u00e9taro\"},\"image\":{\"@id\":\"https:\/\/www.nexoinformativo.mx\/#\/schema\/logo\/image\/\"},\"sameAs\":[\"https:\/\/www.facebook.com\/people\/Nexo-Informativo\/61564066885511\/\"]},{\"@type\":\"Person\",\"@id\":\"https:\/\/www.nexoinformativo.mx\/#\/schema\/person\/7749d380ba08c8ca00d7bc76fd907b7d\",\"name\":\"Nexo Informativo\",\"image\":{\"@type\":\"ImageObject\",\"inLanguage\":\"es\",\"@id\":\"https:\/\/www.nexoinformativo.mx\/#\/schema\/person\/image\/\",\"url\":\"https:\/\/secure.gravatar.com\/avatar\/dde2928154642a13d95f87ddf1ea9718fe2b46760a005c53e41ff5ad610704e6?s=96&d=mm&r=g\",\"contentUrl\":\"https:\/\/secure.gravatar.com\/avatar\/dde2928154642a13d95f87ddf1ea9718fe2b46760a005c53e41ff5ad610704e6?s=96&d=mm&r=g\",\"caption\":\"Nexo Informativo\"},\"url\":\"https:\/\/www.nexoinformativo.mx\/index.php\/author\/edicion\/\"}]}<\/script>\n<!-- \/ Yoast SEO plugin. -->","yoast_head_json":{"title":"La Inteligencia Artificial pone en jaque el empleo en M\u00e9xico, Quintana Roo y Estado de M\u00e9xico, los m\u00e1s afectados | Nexo Informativo Santiago de Quer\u00e9taro","description":"La Inteligencia Artificial pone en jaque el empleo en M\u00e9xico, Quintana Roo y Estado de M\u00e9xico, los m\u00e1s afectados","robots":{"index":"index","follow":"follow","max-snippet":"max-snippet:-1","max-image-preview":"max-image-preview:large","max-video-preview":"max-video-preview:-1"},"canonical":"https:\/\/www.nexoinformativo.mx\/index.php\/2025\/01\/04\/revolucion-tecnologica-la-inteligencia-artificial-pone-en-jaque-el-empleo-en-mexico-quintana-roo-y-estado-de-mexico-los-mas-afectados\/","og_locale":"es_MX","og_type":"article","og_title":"La Inteligencia Artificial pone en jaque el empleo en M\u00e9xico, Quintana Roo y Estado de M\u00e9xico, los m\u00e1s afectados | Nexo Informativo Santiago de Quer\u00e9taro","og_description":"La Inteligencia Artificial pone en jaque el empleo en M\u00e9xico, Quintana Roo y Estado de M\u00e9xico, los m\u00e1s afectados","og_url":"https:\/\/www.nexoinformativo.mx\/index.php\/2025\/01\/04\/revolucion-tecnologica-la-inteligencia-artificial-pone-en-jaque-el-empleo-en-mexico-quintana-roo-y-estado-de-mexico-los-mas-afectados\/","og_site_name":"Nexo Informativo Santiago de Quer\u00e9taro","article_publisher":"https:\/\/www.facebook.com\/people\/Nexo-Informativo\/61564066885511\/","article_published_time":"2025-01-04T15:00:41+00:00","article_modified_time":"2025-01-04T20:49:54+00:00","og_image":[{"width":800,"height":534,"url":"https:\/\/www.nexoinformativo.mx\/wp-content\/uploads\/2025\/01\/pexels-mikael-blomkvist-6476592-e1736009835119.jpeg","type":"image\/jpeg"}],"author":"Nexo Informativo","twitter_card":"summary_large_image","twitter_misc":{"Escrito por":"Nexo Informativo","Tiempo de lectura":"2 minutos"},"schema":{"@context":"https:\/\/schema.org","@graph":[{"@type":"Article","@id":"https:\/\/www.nexoinformativo.mx\/index.php\/2025\/01\/04\/revolucion-tecnologica-la-inteligencia-artificial-pone-en-jaque-el-empleo-en-mexico-quintana-roo-y-estado-de-mexico-los-mas-afectados\/#article","isPartOf":{"@id":"https:\/\/www.nexoinformativo.mx\/index.php\/2025\/01\/04\/revolucion-tecnologica-la-inteligencia-artificial-pone-en-jaque-el-empleo-en-mexico-quintana-roo-y-estado-de-mexico-los-mas-afectados\/"},"author":{"name":"Nexo Informativo","@id":"https:\/\/www.nexoinformativo.mx\/#\/schema\/person\/7749d380ba08c8ca00d7bc76fd907b7d"},"headline":"La Inteligencia Artificial pone en jaque el empleo en M\u00e9xico, Quintana Roo y Estado de M\u00e9xico, los m\u00e1s afectados","datePublished":"2025-01-04T15:00:41+00:00","dateModified":"2025-01-04T20:49:54+00:00","mainEntityOfPage":{"@id":"https:\/\/www.nexoinformativo.mx\/index.php\/2025\/01\/04\/revolucion-tecnologica-la-inteligencia-artificial-pone-en-jaque-el-empleo-en-mexico-quintana-roo-y-estado-de-mexico-los-mas-afectados\/"},"wordCount":340,"commentCount":0,"publisher":{"@id":"https:\/\/www.nexoinformativo.mx\/#organization"},"image":{"@id":"https:\/\/www.nexoinformativo.mx\/index.php\/2025\/01\/04\/revolucion-tecnologica-la-inteligencia-artificial-pone-en-jaque-el-empleo-en-mexico-quintana-roo-y-estado-de-mexico-los-mas-afectados\/#primaryimage"},"thumbnailUrl":"https:\/\/www.nexoinformativo.mx\/wp-content\/uploads\/2025\/01\/pexels-mikael-blomkvist-6476592-e1736009835119.jpeg","keywords":["FuturoDelTrabajo","IAGenerativa","MercadoLaboral","OCDE"],"articleSection":["Nacional","Sucesos","Tecnolog\u00eda","\u00daltima Hora"],"inLanguage":"es","potentialAction":[{"@type":"CommentAction","name":"Comment","target":["https:\/\/www.nexoinformativo.mx\/index.php\/2025\/01\/04\/revolucion-tecnologica-la-inteligencia-artificial-pone-en-jaque-el-empleo-en-mexico-quintana-roo-y-estado-de-mexico-los-mas-afectados\/#respond"]}]},{"@type":"WebPage","@id":"https:\/\/www.nexoinformativo.mx\/index.php\/2025\/01\/04\/revolucion-tecnologica-la-inteligencia-artificial-pone-en-jaque-el-empleo-en-mexico-quintana-roo-y-estado-de-mexico-los-mas-afectados\/","url":"https:\/\/www.nexoinformativo.mx\/index.php\/2025\/01\/04\/revolucion-tecnologica-la-inteligencia-artificial-pone-en-jaque-el-empleo-en-mexico-quintana-roo-y-estado-de-mexico-los-mas-afectados\/","name":"La Inteligencia Artificial pone en jaque el empleo en M\u00e9xico, Quintana Roo y Estado de M\u00e9xico, los m\u00e1s afectados | Nexo Informativo Santiago de Quer\u00e9taro","isPartOf":{"@id":"https:\/\/www.nexoinformativo.mx\/#website"},"primaryImageOfPage":{"@id":"https:\/\/www.nexoinformativo.mx\/index.php\/2025\/01\/04\/revolucion-tecnologica-la-inteligencia-artificial-pone-en-jaque-el-empleo-en-mexico-quintana-roo-y-estado-de-mexico-los-mas-afectados\/#primaryimage"},"image":{"@id":"https:\/\/www.nexoinformativo.mx\/index.php\/2025\/01\/04\/revolucion-tecnologica-la-inteligencia-artificial-pone-en-jaque-el-empleo-en-mexico-quintana-roo-y-estado-de-mexico-los-mas-afectados\/#primaryimage"},"thumbnailUrl":"https:\/\/www.nexoinformativo.mx\/wp-content\/uploads\/2025\/01\/pexels-mikael-blomkvist-6476592-e1736009835119.jpeg","datePublished":"2025-01-04T15:00:41+00:00","dateModified":"2025-01-04T20:49:54+00:00","description":"La Inteligencia Artificial pone en jaque el empleo en M\u00e9xico, Quintana Roo y Estado de M\u00e9xico, los m\u00e1s afectados","breadcrumb":{"@id":"https:\/\/www.nexoinformativo.mx\/index.php\/2025\/01\/04\/revolucion-tecnologica-la-inteligencia-artificial-pone-en-jaque-el-empleo-en-mexico-quintana-roo-y-estado-de-mexico-los-mas-afectados\/#breadcrumb"},"inLanguage":"es","potentialAction":[{"@type":"ReadAction","target":["https:\/\/www.nexoinformativo.mx\/index.php\/2025\/01\/04\/revolucion-tecnologica-la-inteligencia-artificial-pone-en-jaque-el-empleo-en-mexico-quintana-roo-y-estado-de-mexico-los-mas-afectados\/"]}]},{"@type":"ImageObject","inLanguage":"es","@id":"https:\/\/www.nexoinformativo.mx\/index.php\/2025\/01\/04\/revolucion-tecnologica-la-inteligencia-artificial-pone-en-jaque-el-empleo-en-mexico-quintana-roo-y-estado-de-mexico-los-mas-afectados\/#primaryimage","url":"https:\/\/www.nexoinformativo.mx\/wp-content\/uploads\/2025\/01\/pexels-mikael-blomkvist-6476592-e1736009835119.jpeg","contentUrl":"https:\/\/www.nexoinformativo.mx\/wp-content\/uploads\/2025\/01\/pexels-mikael-blomkvist-6476592-e1736009835119.jpeg","width":800,"height":534},{"@type":"BreadcrumbList","@id":"https:\/\/www.nexoinformativo.mx\/index.php\/2025\/01\/04\/revolucion-tecnologica-la-inteligencia-artificial-pone-en-jaque-el-empleo-en-mexico-quintana-roo-y-estado-de-mexico-los-mas-afectados\/#breadcrumb","itemListElement":[{"@type":"ListItem","position":1,"name":"Inicio","item":"https:\/\/www.nexoinformativo.mx\/"},{"@type":"ListItem","position":2,"name":"La Inteligencia Artificial pone en jaque el empleo en M\u00e9xico, Quintana Roo y Estado de M\u00e9xico, los m\u00e1s afectados"}]},{"@type":"WebSite","@id":"https:\/\/www.nexoinformativo.mx\/#website","url":"https:\/\/www.nexoinformativo.mx\/","name":"Nexo Informativo Santiago de Quer\u00e9taro","description":"Explora NexoInformativo y convi\u00e9rtete en parte de una comunidad que valora el conocimiento y la verdad. Tu nexoinformativo es tu puente hacia una comprensi\u00f3n m\u00e1s profunda del mundo que te rodea.","publisher":{"@id":"https:\/\/www.nexoinformativo.mx\/#organization"},"potentialAction":[{"@type":"SearchAction","target":{"@type":"EntryPoint","urlTemplate":"https:\/\/www.nexoinformativo.mx\/?s={search_term_string}"},"query-input":{"@type":"PropertyValueSpecification","valueRequired":true,"valueName":"search_term_string"}}],"inLanguage":"es"},{"@type":"Organization","@id":"https:\/\/www.nexoinformativo.mx\/#organization","name":"Nexo Informativo Santiago de Quer\u00e9taro","url":"https:\/\/www.nexoinformativo.mx\/","logo":{"@type":"ImageObject","inLanguage":"es","@id":"https:\/\/www.nexoinformativo.mx\/#\/schema\/logo\/image\/","url":"https:\/\/www.nexoinformativo.mx\/wp-content\/uploads\/2024\/07\/nexoi-trasparente-2.png","contentUrl":"https:\/\/www.nexoinformativo.mx\/wp-content\/uploads\/2024\/07\/nexoi-trasparente-2.png","width":816,"height":339,"caption":"Nexo Informativo Santiago de Quer\u00e9taro"},"image":{"@id":"https:\/\/www.nexoinformativo.mx\/#\/schema\/logo\/image\/"},"sameAs":["https:\/\/www.facebook.com\/people\/Nexo-Informativo\/61564066885511\/"]},{"@type":"Person","@id":"https:\/\/www.nexoinformativo.mx\/#\/schema\/person\/7749d380ba08c8ca00d7bc76fd907b7d","name":"Nexo Informativo","image":{"@type":"ImageObject","inLanguage":"es","@id":"https:\/\/www.nexoinformativo.mx\/#\/schema\/person\/image\/","url":"https:\/\/secure.gravatar.com\/avatar\/dde2928154642a13d95f87ddf1ea9718fe2b46760a005c53e41ff5ad610704e6?s=96&d=mm&r=g","contentUrl":"https:\/\/secure.gravatar.com\/avatar\/dde2928154642a13d95f87ddf1ea9718fe2b46760a005c53e41ff5ad610704e6?s=96&d=mm&r=g","caption":"Nexo Informativo"},"url":"https:\/\/www.nexoinformativo.mx\/index.php\/author\/edicion\/"}]}},"_links":{"self":[{"href":"https:\/\/www.nexoinformativo.mx\/index.php\/wp-json\/wp\/v2\/posts\/9292","targetHints":{"allow":["GET"]}}],"collection":[{"href":"https:\/\/www.nexoinformativo.mx\/index.php\/wp-json\/wp\/v2\/posts"}],"about":[{"href":"https:\/\/www.nexoinformativo.mx\/index.php\/wp-json\/wp\/v2\/types\/post"}],"author":[{"embeddable":true,"href":"https:\/\/www.nexoinformativo.mx\/index.php\/wp-json\/wp\/v2\/users\/3"}],"replies":[{"embeddable":true,"href":"https:\/\/www.nexoinformativo.mx\/index.php\/wp-json\/wp\/v2\/comments?post=9292"}],"version-history":[{"count":9,"href":"https:\/\/www.nexoinformativo.mx\/index.php\/wp-json\/wp\/v2\/posts\/9292\/revisions"}],"predecessor-version":[{"id":9302,"href":"https:\/\/www.nexoinformativo.mx\/index.php\/wp-json\/wp\/v2\/posts\/9292\/revisions\/9302"}],"wp:featuredmedia":[{"embeddable":true,"href":"https:\/\/www.nexoinformativo.mx\/index.php\/wp-json\/wp\/v2\/media\/9293"}],"wp:attachment":[{"href":"https:\/\/www.nexoinformativo.mx\/index.php\/wp-json\/wp\/v2\/media?parent=9292"}],"wp:term":[{"taxonomy":"category","embeddable":true,"href":"https:\/\/www.nexoinformativo.mx\/index.php\/wp-json\/wp\/v2\/categories?post=9292"},{"taxonomy":"post_tag","embeddable":true,"href":"https:\/\/www.nexoinformativo.mx\/index.php\/wp-json\/wp\/v2\/tags?post=9292"}],"curies":[{"name":"wp","href":"https:\/\/api.w.org\/{rel}","templated":true}]}}