{"id":9309,"date":"2025-01-04T07:00:36","date_gmt":"2025-01-04T13:00:36","guid":{"rendered":"https:\/\/www.nexoinformativo.mx\/?p=9309"},"modified":"2025-01-04T11:14:33","modified_gmt":"2025-01-04T17:14:33","slug":"queretaro-intensifica-la-lucha-contra-el-dengue-ante-el-aumento-de-casos","status":"publish","type":"post","link":"https:\/\/www.nexoinformativo.mx\/index.php\/2025\/01\/04\/queretaro-intensifica-la-lucha-contra-el-dengue-ante-el-aumento-de-casos\/","title":{"rendered":"Quer\u00e9taro intensifica la lucha contra el dengue ante el aumento de casos"},"content":{"rendered":"<p style=\"text-align: justify;\" data-sourcepos=\"7:1-7:289\">La Secretar\u00eda de Salud de Quer\u00e9taro (SESA) ha encendido las alarmas ante el incremento de casos de dengue en el estado. Con un total de 2,847 casos confirmados al 31 de diciembre de 2024, las autoridades sanitarias han intensificado las acciones de prevenci\u00f3n y control de esta enfermedad.<\/p>\n<\/p>\n<p>&nbsp;<\/p>\n<p style=\"text-align: justify;\" data-sourcepos=\"9:1-9:197\">Los municipios m\u00e1s afectados son Quer\u00e9taro, Pe\u00f1amiller y Tolim\u00e1n, donde se han registrado la mayor cantidad de casos. Lamentablemente, se han reportado cinco defunciones relacionadas con el dengue.<\/p>\n<\/p>\n<p>&nbsp;<\/p>\n<p style=\"text-align: justify;\" data-sourcepos=\"11:1-11:220\">Ante esta situaci\u00f3n, la SESA exhorta a la poblaci\u00f3n a reforzar las medidas preventivas, como eliminar los criaderos de mosquitos, protegerse de las picaduras y acudir de inmediato al m\u00e9dico ante la aparici\u00f3n de s\u00edntomas.<\/p>\n<\/p>\n<p>&nbsp;<\/p>\n<p style=\"text-align: justify;\" data-sourcepos=\"15:1-15:81\">Las brigadas de vectores han intensificado sus labores, realizando acciones como control larvario, fumigaci\u00f3n y eliminaci\u00f3n de criaderos. Seguimiento de casos y b\u00fasqueda intencionada de nuevos contagios y concientizaci\u00f3n con la difusi\u00f3n de informaci\u00f3n sobre prevenci\u00f3n y control del dengue.<\/p>\n<\/p>\n<p>&nbsp;<\/p>\n<p style=\"text-align: justify;\" data-sourcepos=\"23:1-23:266\">Los s\u00edntomas m\u00e1s comunes del dengue incluyen fiebre alta, dolor de cabeza intenso, dolor detr\u00e1s de los ojos, dolor muscular y articular, n\u00e1useas, v\u00f3mitos y sarpullido. En casos graves, pueden presentarse complicaciones como dolor abdominal intenso, sangrado y shock.<\/p>\n<\/p>\n<p>&nbsp;<\/p>\n<p style=\"text-align: justify;\" data-sourcepos=\"25:1-25:29\">\u00bfC\u00f3mo prevenir el dengue? Revisa tu hogar y alrededores en busca de recipientes con agua estancada, como llantas, macetas y botellas. Utiliza repelente, ropa que cubra la mayor parte del cuerpo y mosquitos. Ante cualquier s\u00edntoma, no te automediques y consulta a un profesional de la salud.<\/p>\n<\/p>\n<p>&nbsp;<\/p>\n<p style=\"text-align: justify;\" data-sourcepos=\"31:1-31:154\">Es importante destacar que el dengue es una enfermedad prevenible y que la colaboraci\u00f3n de la ciudadan\u00eda es fundamental para controlar su propagaci\u00f3n.<\/p>\n<\/p>\n<p>&nbsp;<\/p>\n<p style=\"text-align: center;\" data-sourcepos=\"31:1-31:154\"><em><strong>\u00a1Informaci\u00f3n que transforma!<\/strong><\/em><\/p>\n","protected":false},"excerpt":{"rendered":"<p>La Secretar\u00eda de Salud de Quer\u00e9taro (SESA) ha encendido las alarmas ante el incremento de casos de dengue en el estado. Con un total de 2,847 casos confirmados al 31 de diciembre de 2024, las autoridades sanitarias han intensificado las acciones de prevenci\u00f3n y control de esta enfermedad.<\/p>\n","protected":false},"author":3,"featured_media":9310,"comment_status":"open","ping_status":"open","sticky":false,"template":"","format":"standard","meta":{"footnotes":""},"categories":[42,58],"tags":[323,806,133,139],"class_list":["post-9309","post","type-post","status-publish","format-standard","has-post-thumbnail","hentry","category-estado","category-ultima-hora","tag-dengue","tag-prevencion","tag-queretaro","tag-salud"],"yoast_head":"<!-- This site is optimized with the Yoast SEO plugin v25.0 - https:\/\/yoast.com\/wordpress\/plugins\/seo\/ -->\n<title>Quer\u00e9taro intensifica la lucha contra el dengue ante el aumento de casos | Nexo Informativo Santiago de Quer\u00e9taro<\/title>\n<meta name=\"description\" content=\"Quer\u00e9taro intensifica la lucha contra el dengue ante el aumento de casos\" \/>\n<meta name=\"robots\" content=\"index, follow, max-snippet:-1, max-image-preview:large, max-video-preview:-1\" \/>\n<link rel=\"canonical\" href=\"https:\/\/www.nexoinformativo.mx\/index.php\/2025\/01\/04\/queretaro-intensifica-la-lucha-contra-el-dengue-ante-el-aumento-de-casos\/\" \/>\n<meta property=\"og:locale\" content=\"es_MX\" \/>\n<meta property=\"og:type\" content=\"article\" \/>\n<meta property=\"og:title\" content=\"Quer\u00e9taro intensifica la lucha contra el dengue ante el aumento de casos | Nexo Informativo Santiago de Quer\u00e9taro\" \/>\n<meta property=\"og:description\" content=\"Quer\u00e9taro intensifica la lucha contra el dengue ante el aumento de casos\" \/>\n<meta property=\"og:url\" content=\"https:\/\/www.nexoinformativo.mx\/index.php\/2025\/01\/04\/queretaro-intensifica-la-lucha-contra-el-dengue-ante-el-aumento-de-casos\/\" \/>\n<meta property=\"og:site_name\" content=\"Nexo Informativo Santiago de Quer\u00e9taro\" \/>\n<meta property=\"article:publisher\" content=\"https:\/\/www.facebook.com\/people\/Nexo-Informativo\/61564066885511\/\" \/>\n<meta property=\"article:published_time\" content=\"2025-01-04T13:00:36+00:00\" \/>\n<meta property=\"article:modified_time\" content=\"2025-01-04T17:14:33+00:00\" \/>\n<meta property=\"og:image\" content=\"https:\/\/www.nexoinformativo.mx\/wp-content\/uploads\/2025\/01\/PHOTO-2025-01-04-10-33-10-e1736010804564.jpg\" \/>\n\t<meta property=\"og:image:width\" content=\"700\" \/>\n\t<meta property=\"og:image:height\" content=\"700\" \/>\n\t<meta property=\"og:image:type\" content=\"image\/jpeg\" \/>\n<meta name=\"author\" content=\"Nexo Informativo\" \/>\n<meta name=\"twitter:card\" content=\"summary_large_image\" \/>\n<meta name=\"twitter:label1\" content=\"Escrito por\" \/>\n\t<meta name=\"twitter:data1\" content=\"Nexo Informativo\" \/>\n\t<meta name=\"twitter:label2\" content=\"Tiempo de lectura\" \/>\n\t<meta name=\"twitter:data2\" content=\"2 minutos\" \/>\n<script type=\"application\/ld+json\" class=\"yoast-schema-graph\">{\"@context\":\"https:\/\/schema.org\",\"@graph\":[{\"@type\":\"Article\",\"@id\":\"https:\/\/www.nexoinformativo.mx\/index.php\/2025\/01\/04\/queretaro-intensifica-la-lucha-contra-el-dengue-ante-el-aumento-de-casos\/#article\",\"isPartOf\":{\"@id\":\"https:\/\/www.nexoinformativo.mx\/index.php\/2025\/01\/04\/queretaro-intensifica-la-lucha-contra-el-dengue-ante-el-aumento-de-casos\/\"},\"author\":{\"name\":\"Nexo Informativo\",\"@id\":\"https:\/\/www.nexoinformativo.mx\/#\/schema\/person\/7749d380ba08c8ca00d7bc76fd907b7d\"},\"headline\":\"Quer\u00e9taro intensifica la lucha contra el dengue ante el aumento de casos\",\"datePublished\":\"2025-01-04T13:00:36+00:00\",\"dateModified\":\"2025-01-04T17:14:33+00:00\",\"mainEntityOfPage\":{\"@id\":\"https:\/\/www.nexoinformativo.mx\/index.php\/2025\/01\/04\/queretaro-intensifica-la-lucha-contra-el-dengue-ante-el-aumento-de-casos\/\"},\"wordCount\":310,\"commentCount\":0,\"publisher\":{\"@id\":\"https:\/\/www.nexoinformativo.mx\/#organization\"},\"image\":{\"@id\":\"https:\/\/www.nexoinformativo.mx\/index.php\/2025\/01\/04\/queretaro-intensifica-la-lucha-contra-el-dengue-ante-el-aumento-de-casos\/#primaryimage\"},\"thumbnailUrl\":\"https:\/\/www.nexoinformativo.mx\/wp-content\/uploads\/2025\/01\/PHOTO-2025-01-04-10-33-10-e1736010804564.jpg\",\"keywords\":[\"dengue\",\"Prevenci\u00f3n\",\"Quer\u00e9taro\",\"salud\"],\"articleSection\":[\"Estado\",\"\u00daltima Hora\"],\"inLanguage\":\"es\",\"potentialAction\":[{\"@type\":\"CommentAction\",\"name\":\"Comment\",\"target\":[\"https:\/\/www.nexoinformativo.mx\/index.php\/2025\/01\/04\/queretaro-intensifica-la-lucha-contra-el-dengue-ante-el-aumento-de-casos\/#respond\"]}]},{\"@type\":\"WebPage\",\"@id\":\"https:\/\/www.nexoinformativo.mx\/index.php\/2025\/01\/04\/queretaro-intensifica-la-lucha-contra-el-dengue-ante-el-aumento-de-casos\/\",\"url\":\"https:\/\/www.nexoinformativo.mx\/index.php\/2025\/01\/04\/queretaro-intensifica-la-lucha-contra-el-dengue-ante-el-aumento-de-casos\/\",\"name\":\"Quer\u00e9taro intensifica la lucha contra el dengue ante el aumento de casos | Nexo Informativo Santiago de Quer\u00e9taro\",\"isPartOf\":{\"@id\":\"https:\/\/www.nexoinformativo.mx\/#website\"},\"primaryImageOfPage\":{\"@id\":\"https:\/\/www.nexoinformativo.mx\/index.php\/2025\/01\/04\/queretaro-intensifica-la-lucha-contra-el-dengue-ante-el-aumento-de-casos\/#primaryimage\"},\"image\":{\"@id\":\"https:\/\/www.nexoinformativo.mx\/index.php\/2025\/01\/04\/queretaro-intensifica-la-lucha-contra-el-dengue-ante-el-aumento-de-casos\/#primaryimage\"},\"thumbnailUrl\":\"https:\/\/www.nexoinformativo.mx\/wp-content\/uploads\/2025\/01\/PHOTO-2025-01-04-10-33-10-e1736010804564.jpg\",\"datePublished\":\"2025-01-04T13:00:36+00:00\",\"dateModified\":\"2025-01-04T17:14:33+00:00\",\"description\":\"Quer\u00e9taro intensifica la lucha contra el dengue ante el aumento de casos\",\"breadcrumb\":{\"@id\":\"https:\/\/www.nexoinformativo.mx\/index.php\/2025\/01\/04\/queretaro-intensifica-la-lucha-contra-el-dengue-ante-el-aumento-de-casos\/#breadcrumb\"},\"inLanguage\":\"es\",\"potentialAction\":[{\"@type\":\"ReadAction\",\"target\":[\"https:\/\/www.nexoinformativo.mx\/index.php\/2025\/01\/04\/queretaro-intensifica-la-lucha-contra-el-dengue-ante-el-aumento-de-casos\/\"]}]},{\"@type\":\"ImageObject\",\"inLanguage\":\"es\",\"@id\":\"https:\/\/www.nexoinformativo.mx\/index.php\/2025\/01\/04\/queretaro-intensifica-la-lucha-contra-el-dengue-ante-el-aumento-de-casos\/#primaryimage\",\"url\":\"https:\/\/www.nexoinformativo.mx\/wp-content\/uploads\/2025\/01\/PHOTO-2025-01-04-10-33-10-e1736010804564.jpg\",\"contentUrl\":\"https:\/\/www.nexoinformativo.mx\/wp-content\/uploads\/2025\/01\/PHOTO-2025-01-04-10-33-10-e1736010804564.jpg\",\"width\":700,\"height\":700},{\"@type\":\"BreadcrumbList\",\"@id\":\"https:\/\/www.nexoinformativo.mx\/index.php\/2025\/01\/04\/queretaro-intensifica-la-lucha-contra-el-dengue-ante-el-aumento-de-casos\/#breadcrumb\",\"itemListElement\":[{\"@type\":\"ListItem\",\"position\":1,\"name\":\"Inicio\",\"item\":\"https:\/\/www.nexoinformativo.mx\/\"},{\"@type\":\"ListItem\",\"position\":2,\"name\":\"Quer\u00e9taro intensifica la lucha contra el dengue ante el aumento de casos\"}]},{\"@type\":\"WebSite\",\"@id\":\"https:\/\/www.nexoinformativo.mx\/#website\",\"url\":\"https:\/\/www.nexoinformativo.mx\/\",\"name\":\"Nexo Informativo Santiago de Quer\u00e9taro\",\"description\":\"Explora NexoInformativo y convi\u00e9rtete en parte de una comunidad que valora el conocimiento y la verdad. Tu nexoinformativo es tu puente hacia una comprensi\u00f3n m\u00e1s profunda del mundo que te rodea.\",\"publisher\":{\"@id\":\"https:\/\/www.nexoinformativo.mx\/#organization\"},\"potentialAction\":[{\"@type\":\"SearchAction\",\"target\":{\"@type\":\"EntryPoint\",\"urlTemplate\":\"https:\/\/www.nexoinformativo.mx\/?s={search_term_string}\"},\"query-input\":{\"@type\":\"PropertyValueSpecification\",\"valueRequired\":true,\"valueName\":\"search_term_string\"}}],\"inLanguage\":\"es\"},{\"@type\":\"Organization\",\"@id\":\"https:\/\/www.nexoinformativo.mx\/#organization\",\"name\":\"Nexo Informativo Santiago de Quer\u00e9taro\",\"url\":\"https:\/\/www.nexoinformativo.mx\/\",\"logo\":{\"@type\":\"ImageObject\",\"inLanguage\":\"es\",\"@id\":\"https:\/\/www.nexoinformativo.mx\/#\/schema\/logo\/image\/\",\"url\":\"https:\/\/www.nexoinformativo.mx\/wp-content\/uploads\/2024\/07\/nexoi-trasparente-2.png\",\"contentUrl\":\"https:\/\/www.nexoinformativo.mx\/wp-content\/uploads\/2024\/07\/nexoi-trasparente-2.png\",\"width\":816,\"height\":339,\"caption\":\"Nexo Informativo Santiago de Quer\u00e9taro\"},\"image\":{\"@id\":\"https:\/\/www.nexoinformativo.mx\/#\/schema\/logo\/image\/\"},\"sameAs\":[\"https:\/\/www.facebook.com\/people\/Nexo-Informativo\/61564066885511\/\"]},{\"@type\":\"Person\",\"@id\":\"https:\/\/www.nexoinformativo.mx\/#\/schema\/person\/7749d380ba08c8ca00d7bc76fd907b7d\",\"name\":\"Nexo Informativo\",\"image\":{\"@type\":\"ImageObject\",\"inLanguage\":\"es\",\"@id\":\"https:\/\/www.nexoinformativo.mx\/#\/schema\/person\/image\/\",\"url\":\"https:\/\/secure.gravatar.com\/avatar\/dde2928154642a13d95f87ddf1ea9718fe2b46760a005c53e41ff5ad610704e6?s=96&d=mm&r=g\",\"contentUrl\":\"https:\/\/secure.gravatar.com\/avatar\/dde2928154642a13d95f87ddf1ea9718fe2b46760a005c53e41ff5ad610704e6?s=96&d=mm&r=g\",\"caption\":\"Nexo Informativo\"},\"url\":\"https:\/\/www.nexoinformativo.mx\/index.php\/author\/edicion\/\"}]}<\/script>\n<!-- \/ Yoast SEO plugin. -->","yoast_head_json":{"title":"Quer\u00e9taro intensifica la lucha contra el dengue ante el aumento de casos | Nexo Informativo Santiago de Quer\u00e9taro","description":"Quer\u00e9taro intensifica la lucha contra el dengue ante el aumento de casos","robots":{"index":"index","follow":"follow","max-snippet":"max-snippet:-1","max-image-preview":"max-image-preview:large","max-video-preview":"max-video-preview:-1"},"canonical":"https:\/\/www.nexoinformativo.mx\/index.php\/2025\/01\/04\/queretaro-intensifica-la-lucha-contra-el-dengue-ante-el-aumento-de-casos\/","og_locale":"es_MX","og_type":"article","og_title":"Quer\u00e9taro intensifica la lucha contra el dengue ante el aumento de casos | Nexo Informativo Santiago de Quer\u00e9taro","og_description":"Quer\u00e9taro intensifica la lucha contra el dengue ante el aumento de casos","og_url":"https:\/\/www.nexoinformativo.mx\/index.php\/2025\/01\/04\/queretaro-intensifica-la-lucha-contra-el-dengue-ante-el-aumento-de-casos\/","og_site_name":"Nexo Informativo Santiago de Quer\u00e9taro","article_publisher":"https:\/\/www.facebook.com\/people\/Nexo-Informativo\/61564066885511\/","article_published_time":"2025-01-04T13:00:36+00:00","article_modified_time":"2025-01-04T17:14:33+00:00","og_image":[{"width":700,"height":700,"url":"https:\/\/www.nexoinformativo.mx\/wp-content\/uploads\/2025\/01\/PHOTO-2025-01-04-10-33-10-e1736010804564.jpg","type":"image\/jpeg"}],"author":"Nexo Informativo","twitter_card":"summary_large_image","twitter_misc":{"Escrito por":"Nexo Informativo","Tiempo de lectura":"2 minutos"},"schema":{"@context":"https:\/\/schema.org","@graph":[{"@type":"Article","@id":"https:\/\/www.nexoinformativo.mx\/index.php\/2025\/01\/04\/queretaro-intensifica-la-lucha-contra-el-dengue-ante-el-aumento-de-casos\/#article","isPartOf":{"@id":"https:\/\/www.nexoinformativo.mx\/index.php\/2025\/01\/04\/queretaro-intensifica-la-lucha-contra-el-dengue-ante-el-aumento-de-casos\/"},"author":{"name":"Nexo Informativo","@id":"https:\/\/www.nexoinformativo.mx\/#\/schema\/person\/7749d380ba08c8ca00d7bc76fd907b7d"},"headline":"Quer\u00e9taro intensifica la lucha contra el dengue ante el aumento de casos","datePublished":"2025-01-04T13:00:36+00:00","dateModified":"2025-01-04T17:14:33+00:00","mainEntityOfPage":{"@id":"https:\/\/www.nexoinformativo.mx\/index.php\/2025\/01\/04\/queretaro-intensifica-la-lucha-contra-el-dengue-ante-el-aumento-de-casos\/"},"wordCount":310,"commentCount":0,"publisher":{"@id":"https:\/\/www.nexoinformativo.mx\/#organization"},"image":{"@id":"https:\/\/www.nexoinformativo.mx\/index.php\/2025\/01\/04\/queretaro-intensifica-la-lucha-contra-el-dengue-ante-el-aumento-de-casos\/#primaryimage"},"thumbnailUrl":"https:\/\/www.nexoinformativo.mx\/wp-content\/uploads\/2025\/01\/PHOTO-2025-01-04-10-33-10-e1736010804564.jpg","keywords":["dengue","Prevenci\u00f3n","Quer\u00e9taro","salud"],"articleSection":["Estado","\u00daltima Hora"],"inLanguage":"es","potentialAction":[{"@type":"CommentAction","name":"Comment","target":["https:\/\/www.nexoinformativo.mx\/index.php\/2025\/01\/04\/queretaro-intensifica-la-lucha-contra-el-dengue-ante-el-aumento-de-casos\/#respond"]}]},{"@type":"WebPage","@id":"https:\/\/www.nexoinformativo.mx\/index.php\/2025\/01\/04\/queretaro-intensifica-la-lucha-contra-el-dengue-ante-el-aumento-de-casos\/","url":"https:\/\/www.nexoinformativo.mx\/index.php\/2025\/01\/04\/queretaro-intensifica-la-lucha-contra-el-dengue-ante-el-aumento-de-casos\/","name":"Quer\u00e9taro intensifica la lucha contra el dengue ante el aumento de casos | Nexo Informativo Santiago de Quer\u00e9taro","isPartOf":{"@id":"https:\/\/www.nexoinformativo.mx\/#website"},"primaryImageOfPage":{"@id":"https:\/\/www.nexoinformativo.mx\/index.php\/2025\/01\/04\/queretaro-intensifica-la-lucha-contra-el-dengue-ante-el-aumento-de-casos\/#primaryimage"},"image":{"@id":"https:\/\/www.nexoinformativo.mx\/index.php\/2025\/01\/04\/queretaro-intensifica-la-lucha-contra-el-dengue-ante-el-aumento-de-casos\/#primaryimage"},"thumbnailUrl":"https:\/\/www.nexoinformativo.mx\/wp-content\/uploads\/2025\/01\/PHOTO-2025-01-04-10-33-10-e1736010804564.jpg","datePublished":"2025-01-04T13:00:36+00:00","dateModified":"2025-01-04T17:14:33+00:00","description":"Quer\u00e9taro intensifica la lucha contra el dengue ante el aumento de casos","breadcrumb":{"@id":"https:\/\/www.nexoinformativo.mx\/index.php\/2025\/01\/04\/queretaro-intensifica-la-lucha-contra-el-dengue-ante-el-aumento-de-casos\/#breadcrumb"},"inLanguage":"es","potentialAction":[{"@type":"ReadAction","target":["https:\/\/www.nexoinformativo.mx\/index.php\/2025\/01\/04\/queretaro-intensifica-la-lucha-contra-el-dengue-ante-el-aumento-de-casos\/"]}]},{"@type":"ImageObject","inLanguage":"es","@id":"https:\/\/www.nexoinformativo.mx\/index.php\/2025\/01\/04\/queretaro-intensifica-la-lucha-contra-el-dengue-ante-el-aumento-de-casos\/#primaryimage","url":"https:\/\/www.nexoinformativo.mx\/wp-content\/uploads\/2025\/01\/PHOTO-2025-01-04-10-33-10-e1736010804564.jpg","contentUrl":"https:\/\/www.nexoinformativo.mx\/wp-content\/uploads\/2025\/01\/PHOTO-2025-01-04-10-33-10-e1736010804564.jpg","width":700,"height":700},{"@type":"BreadcrumbList","@id":"https:\/\/www.nexoinformativo.mx\/index.php\/2025\/01\/04\/queretaro-intensifica-la-lucha-contra-el-dengue-ante-el-aumento-de-casos\/#breadcrumb","itemListElement":[{"@type":"ListItem","position":1,"name":"Inicio","item":"https:\/\/www.nexoinformativo.mx\/"},{"@type":"ListItem","position":2,"name":"Quer\u00e9taro intensifica la lucha contra el dengue ante el aumento de casos"}]},{"@type":"WebSite","@id":"https:\/\/www.nexoinformativo.mx\/#website","url":"https:\/\/www.nexoinformativo.mx\/","name":"Nexo Informativo Santiago de Quer\u00e9taro","description":"Explora NexoInformativo y convi\u00e9rtete en parte de una comunidad que valora el conocimiento y la verdad. Tu nexoinformativo es tu puente hacia una comprensi\u00f3n m\u00e1s profunda del mundo que te rodea.","publisher":{"@id":"https:\/\/www.nexoinformativo.mx\/#organization"},"potentialAction":[{"@type":"SearchAction","target":{"@type":"EntryPoint","urlTemplate":"https:\/\/www.nexoinformativo.mx\/?s={search_term_string}"},"query-input":{"@type":"PropertyValueSpecification","valueRequired":true,"valueName":"search_term_string"}}],"inLanguage":"es"},{"@type":"Organization","@id":"https:\/\/www.nexoinformativo.mx\/#organization","name":"Nexo Informativo Santiago de Quer\u00e9taro","url":"https:\/\/www.nexoinformativo.mx\/","logo":{"@type":"ImageObject","inLanguage":"es","@id":"https:\/\/www.nexoinformativo.mx\/#\/schema\/logo\/image\/","url":"https:\/\/www.nexoinformativo.mx\/wp-content\/uploads\/2024\/07\/nexoi-trasparente-2.png","contentUrl":"https:\/\/www.nexoinformativo.mx\/wp-content\/uploads\/2024\/07\/nexoi-trasparente-2.png","width":816,"height":339,"caption":"Nexo Informativo Santiago de Quer\u00e9taro"},"image":{"@id":"https:\/\/www.nexoinformativo.mx\/#\/schema\/logo\/image\/"},"sameAs":["https:\/\/www.facebook.com\/people\/Nexo-Informativo\/61564066885511\/"]},{"@type":"Person","@id":"https:\/\/www.nexoinformativo.mx\/#\/schema\/person\/7749d380ba08c8ca00d7bc76fd907b7d","name":"Nexo Informativo","image":{"@type":"ImageObject","inLanguage":"es","@id":"https:\/\/www.nexoinformativo.mx\/#\/schema\/person\/image\/","url":"https:\/\/secure.gravatar.com\/avatar\/dde2928154642a13d95f87ddf1ea9718fe2b46760a005c53e41ff5ad610704e6?s=96&d=mm&r=g","contentUrl":"https:\/\/secure.gravatar.com\/avatar\/dde2928154642a13d95f87ddf1ea9718fe2b46760a005c53e41ff5ad610704e6?s=96&d=mm&r=g","caption":"Nexo Informativo"},"url":"https:\/\/www.nexoinformativo.mx\/index.php\/author\/edicion\/"}]}},"_links":{"self":[{"href":"https:\/\/www.nexoinformativo.mx\/index.php\/wp-json\/wp\/v2\/posts\/9309","targetHints":{"allow":["GET"]}}],"collection":[{"href":"https:\/\/www.nexoinformativo.mx\/index.php\/wp-json\/wp\/v2\/posts"}],"about":[{"href":"https:\/\/www.nexoinformativo.mx\/index.php\/wp-json\/wp\/v2\/types\/post"}],"author":[{"embeddable":true,"href":"https:\/\/www.nexoinformativo.mx\/index.php\/wp-json\/wp\/v2\/users\/3"}],"replies":[{"embeddable":true,"href":"https:\/\/www.nexoinformativo.mx\/index.php\/wp-json\/wp\/v2\/comments?post=9309"}],"version-history":[{"count":3,"href":"https:\/\/www.nexoinformativo.mx\/index.php\/wp-json\/wp\/v2\/posts\/9309\/revisions"}],"predecessor-version":[{"id":9313,"href":"https:\/\/www.nexoinformativo.mx\/index.php\/wp-json\/wp\/v2\/posts\/9309\/revisions\/9313"}],"wp:featuredmedia":[{"embeddable":true,"href":"https:\/\/www.nexoinformativo.mx\/index.php\/wp-json\/wp\/v2\/media\/9310"}],"wp:attachment":[{"href":"https:\/\/www.nexoinformativo.mx\/index.php\/wp-json\/wp\/v2\/media?parent=9309"}],"wp:term":[{"taxonomy":"category","embeddable":true,"href":"https:\/\/www.nexoinformativo.mx\/index.php\/wp-json\/wp\/v2\/categories?post=9309"},{"taxonomy":"post_tag","embeddable":true,"href":"https:\/\/www.nexoinformativo.mx\/index.php\/wp-json\/wp\/v2\/tags?post=9309"}],"curies":[{"name":"wp","href":"https:\/\/api.w.org\/{rel}","templated":true}]}}