{"id":9340,"date":"2025-01-05T17:30:21","date_gmt":"2025-01-05T23:30:21","guid":{"rendered":"https:\/\/www.nexoinformativo.mx\/?p=9340"},"modified":"2025-01-05T20:40:52","modified_gmt":"2025-01-06T02:40:52","slug":"viena-llega-a-queretaro-la-orquesta-filarmonica-de-queretaro-inicia-su-temporada-con-una-velada-musical-llena-de-tradicion-y-elegancia","status":"publish","type":"post","link":"https:\/\/www.nexoinformativo.mx\/index.php\/2025\/01\/05\/viena-llega-a-queretaro-la-orquesta-filarmonica-de-queretaro-inicia-su-temporada-con-una-velada-musical-llena-de-tradicion-y-elegancia\/","title":{"rendered":"\u00a1Viena llega a Quer\u00e9taro! La Orquesta Filarm\u00f3nica del Estado inicia su temporada con una velada musical llena de tradici\u00f3n y elegancia"},"content":{"rendered":"<p style=\"text-align: justify;\" data-sourcepos=\"9:1-9:321\">Prep\u00e1rate para un viaje musical a Viena sin salir de Quer\u00e9taro. La Orquesta Filarm\u00f3nica del Estado de Quer\u00e9taro (OFEQ) te invita a celebrar el inicio de a\u00f1o con su tradicional concierto de A\u00f1o Nuevo. El pr\u00f3ximo 15 de enero, a partir de las 20:00 horas, el Teatro Metropolitano se llenar\u00e1 de la magia de la m\u00fasica vienesa.<\/p>\n<\/p>\n<p>&nbsp;<\/p>\n<p style=\"text-align: justify;\" data-sourcepos=\"11:1-11:289\">Bajo la batuta del maestro Mark Kadin, la OFEQ interpretar\u00e1 un repertorio lleno de valses, polkas y oberturas que te transportar\u00e1n a la Viena m\u00e1s rom\u00e1ntica y festiva. Obras de grandes compositores como Johann Strauss, Franz Leh\u00e1r y Jacques Offenbach cobrar\u00e1n vida en una noche inolvidable.<\/p>\n<\/p>\n<p>&nbsp;<\/p>\n<p style=\"text-align: justify;\" data-sourcepos=\"13:1-13:37\">\u00bfQu\u00e9 te espera en este concierto?<\/p>\n<\/p>\n<p>&nbsp;<\/p>\n<p style=\"text-align: justify;\">*Un recorrido musical por Viena: Disfruta de piezas cl\u00e1sicas que capturan la esencia de la ciudad de los valses.<\/p>\n<p style=\"text-align: justify;\">*Una velada llena de energ\u00eda: La m\u00fasica de la OFEQ te har\u00e1 vibrar y bailar en tu asiento.<\/p>\n<p style=\"text-align: justify;\">*Una experiencia \u00fanica: Participa en la tradicional interpretaci\u00f3n de la Marcha Radetzky.<\/p>\n<\/p>\n<p>&nbsp;<\/p>\n<p style=\"text-align: justify;\" data-sourcepos=\"19:1-19:22\">\u00a1No te lo pierdas! Los boletos ya est\u00e1n a la venta en l\u00ednea a trav\u00e9s de la p\u00e1gina oficial de la OFEQ y en el punto de venta ubicado en el centro hist\u00f3rico de Quer\u00e9taro. Adquiere tus boletos y s\u00e9 parte de esta celebraci\u00f3n musical.<\/p>\n<\/p>\n<p>&nbsp;<\/p>\n<p style=\"text-align: center;\" data-sourcepos=\"19:1-19:22\"><em><strong>\u00a1Informaci\u00f3n que transforma!<\/strong><\/em><\/p>\n","protected":false},"excerpt":{"rendered":"<p>Prep\u00e1rate para un viaje musical a Viena sin salir de Quer\u00e9taro. La Orquesta Filarm\u00f3nica del Estado de Quer\u00e9taro (OFEQ) te invita a celebrar el inicio de a\u00f1o con su tradicional concierto de A\u00f1o Nuevo. El pr\u00f3ximo 15 de enero, a partir de las 20:00 horas, el Teatro Metropolitano se llenar\u00e1 de la magia de la m\u00fasica vienesa.<\/p>\n","protected":false},"author":3,"featured_media":9341,"comment_status":"open","ping_status":"open","sticky":false,"template":"","format":"standard","meta":{"footnotes":""},"categories":[50,58],"tags":[2984,1531,2248,2985],"class_list":["post-9340","post","type-post","status-publish","format-standard","has-post-thumbnail","hentry","category-espectaculos","category-ultima-hora","tag-conciertoanonuevo","tag-musicaclasica","tag-ofeq","tag-vienaenqueretaro"],"yoast_head":"<!-- This site is optimized with the Yoast SEO plugin v25.0 - https:\/\/yoast.com\/wordpress\/plugins\/seo\/ -->\n<title>\u00a1Viena llega a Quer\u00e9taro! La Orquesta Filarm\u00f3nica del Estado inicia su temporada con una velada musical llena de tradici\u00f3n y elegancia | Nexo Informativo Santiago de Quer\u00e9taro<\/title>\n<meta name=\"description\" content=\"\u00a1Viena llega a Quer\u00e9taro! La Orquesta Filarm\u00f3nica del Estado inicia su temporada con una velada musical llena de tradici\u00f3n y elegancia\" \/>\n<meta name=\"robots\" content=\"index, follow, max-snippet:-1, max-image-preview:large, max-video-preview:-1\" \/>\n<link rel=\"canonical\" href=\"https:\/\/www.nexoinformativo.mx\/index.php\/2025\/01\/05\/viena-llega-a-queretaro-la-orquesta-filarmonica-de-queretaro-inicia-su-temporada-con-una-velada-musical-llena-de-tradicion-y-elegancia\/\" \/>\n<meta property=\"og:locale\" content=\"es_MX\" \/>\n<meta property=\"og:type\" content=\"article\" \/>\n<meta property=\"og:title\" content=\"\u00a1Viena llega a Quer\u00e9taro! La Orquesta Filarm\u00f3nica del Estado inicia su temporada con una velada musical llena de tradici\u00f3n y elegancia | Nexo Informativo Santiago de Quer\u00e9taro\" \/>\n<meta property=\"og:description\" content=\"\u00a1Viena llega a Quer\u00e9taro! La Orquesta Filarm\u00f3nica del Estado inicia su temporada con una velada musical llena de tradici\u00f3n y elegancia\" \/>\n<meta property=\"og:url\" content=\"https:\/\/www.nexoinformativo.mx\/index.php\/2025\/01\/05\/viena-llega-a-queretaro-la-orquesta-filarmonica-de-queretaro-inicia-su-temporada-con-una-velada-musical-llena-de-tradicion-y-elegancia\/\" \/>\n<meta property=\"og:site_name\" content=\"Nexo Informativo Santiago de Quer\u00e9taro\" \/>\n<meta property=\"article:publisher\" content=\"https:\/\/www.facebook.com\/people\/Nexo-Informativo\/61564066885511\/\" \/>\n<meta property=\"article:published_time\" content=\"2025-01-05T23:30:21+00:00\" \/>\n<meta property=\"article:modified_time\" content=\"2025-01-06T02:40:52+00:00\" \/>\n<meta property=\"og:image\" content=\"https:\/\/www.nexoinformativo.mx\/wp-content\/uploads\/2025\/01\/PHOTO-2025-01-05-19-59-27-e1736131104827.jpg\" \/>\n\t<meta property=\"og:image:width\" content=\"800\" \/>\n\t<meta property=\"og:image:height\" content=\"600\" \/>\n\t<meta property=\"og:image:type\" content=\"image\/jpeg\" \/>\n<meta name=\"author\" content=\"Nexo Informativo\" \/>\n<meta name=\"twitter:card\" content=\"summary_large_image\" \/>\n<meta name=\"twitter:label1\" content=\"Escrito por\" \/>\n\t<meta name=\"twitter:data1\" content=\"Nexo Informativo\" \/>\n\t<meta name=\"twitter:label2\" content=\"Tiempo de lectura\" \/>\n\t<meta name=\"twitter:data2\" content=\"2 minutos\" \/>\n<script type=\"application\/ld+json\" class=\"yoast-schema-graph\">{\"@context\":\"https:\/\/schema.org\",\"@graph\":[{\"@type\":\"Article\",\"@id\":\"https:\/\/www.nexoinformativo.mx\/index.php\/2025\/01\/05\/viena-llega-a-queretaro-la-orquesta-filarmonica-de-queretaro-inicia-su-temporada-con-una-velada-musical-llena-de-tradicion-y-elegancia\/#article\",\"isPartOf\":{\"@id\":\"https:\/\/www.nexoinformativo.mx\/index.php\/2025\/01\/05\/viena-llega-a-queretaro-la-orquesta-filarmonica-de-queretaro-inicia-su-temporada-con-una-velada-musical-llena-de-tradicion-y-elegancia\/\"},\"author\":{\"name\":\"Nexo Informativo\",\"@id\":\"https:\/\/www.nexoinformativo.mx\/#\/schema\/person\/7749d380ba08c8ca00d7bc76fd907b7d\"},\"headline\":\"\u00a1Viena llega a Quer\u00e9taro! La Orquesta Filarm\u00f3nica del Estado inicia su temporada con una velada musical llena de tradici\u00f3n y elegancia\",\"datePublished\":\"2025-01-05T23:30:21+00:00\",\"dateModified\":\"2025-01-06T02:40:52+00:00\",\"mainEntityOfPage\":{\"@id\":\"https:\/\/www.nexoinformativo.mx\/index.php\/2025\/01\/05\/viena-llega-a-queretaro-la-orquesta-filarmonica-de-queretaro-inicia-su-temporada-con-una-velada-musical-llena-de-tradicion-y-elegancia\/\"},\"wordCount\":258,\"commentCount\":0,\"publisher\":{\"@id\":\"https:\/\/www.nexoinformativo.mx\/#organization\"},\"image\":{\"@id\":\"https:\/\/www.nexoinformativo.mx\/index.php\/2025\/01\/05\/viena-llega-a-queretaro-la-orquesta-filarmonica-de-queretaro-inicia-su-temporada-con-una-velada-musical-llena-de-tradicion-y-elegancia\/#primaryimage\"},\"thumbnailUrl\":\"https:\/\/www.nexoinformativo.mx\/wp-content\/uploads\/2025\/01\/PHOTO-2025-01-05-19-59-27-e1736131104827.jpg\",\"keywords\":[\"ConciertoA\u00f1oNuevo\",\"M\u00fasicaCl\u00e1sica\",\"OFEQ\",\"VienaEnQuer\u00e9taro\"],\"articleSection\":[\"Espect\u00e1culos\",\"\u00daltima Hora\"],\"inLanguage\":\"es\",\"potentialAction\":[{\"@type\":\"CommentAction\",\"name\":\"Comment\",\"target\":[\"https:\/\/www.nexoinformativo.mx\/index.php\/2025\/01\/05\/viena-llega-a-queretaro-la-orquesta-filarmonica-de-queretaro-inicia-su-temporada-con-una-velada-musical-llena-de-tradicion-y-elegancia\/#respond\"]}]},{\"@type\":\"WebPage\",\"@id\":\"https:\/\/www.nexoinformativo.mx\/index.php\/2025\/01\/05\/viena-llega-a-queretaro-la-orquesta-filarmonica-de-queretaro-inicia-su-temporada-con-una-velada-musical-llena-de-tradicion-y-elegancia\/\",\"url\":\"https:\/\/www.nexoinformativo.mx\/index.php\/2025\/01\/05\/viena-llega-a-queretaro-la-orquesta-filarmonica-de-queretaro-inicia-su-temporada-con-una-velada-musical-llena-de-tradicion-y-elegancia\/\",\"name\":\"\u00a1Viena llega a Quer\u00e9taro! La Orquesta Filarm\u00f3nica del Estado inicia su temporada con una velada musical llena de tradici\u00f3n y elegancia | Nexo Informativo Santiago de Quer\u00e9taro\",\"isPartOf\":{\"@id\":\"https:\/\/www.nexoinformativo.mx\/#website\"},\"primaryImageOfPage\":{\"@id\":\"https:\/\/www.nexoinformativo.mx\/index.php\/2025\/01\/05\/viena-llega-a-queretaro-la-orquesta-filarmonica-de-queretaro-inicia-su-temporada-con-una-velada-musical-llena-de-tradicion-y-elegancia\/#primaryimage\"},\"image\":{\"@id\":\"https:\/\/www.nexoinformativo.mx\/index.php\/2025\/01\/05\/viena-llega-a-queretaro-la-orquesta-filarmonica-de-queretaro-inicia-su-temporada-con-una-velada-musical-llena-de-tradicion-y-elegancia\/#primaryimage\"},\"thumbnailUrl\":\"https:\/\/www.nexoinformativo.mx\/wp-content\/uploads\/2025\/01\/PHOTO-2025-01-05-19-59-27-e1736131104827.jpg\",\"datePublished\":\"2025-01-05T23:30:21+00:00\",\"dateModified\":\"2025-01-06T02:40:52+00:00\",\"description\":\"\u00a1Viena llega a Quer\u00e9taro! La Orquesta Filarm\u00f3nica del Estado inicia su temporada con una velada musical llena de tradici\u00f3n y elegancia\",\"breadcrumb\":{\"@id\":\"https:\/\/www.nexoinformativo.mx\/index.php\/2025\/01\/05\/viena-llega-a-queretaro-la-orquesta-filarmonica-de-queretaro-inicia-su-temporada-con-una-velada-musical-llena-de-tradicion-y-elegancia\/#breadcrumb\"},\"inLanguage\":\"es\",\"potentialAction\":[{\"@type\":\"ReadAction\",\"target\":[\"https:\/\/www.nexoinformativo.mx\/index.php\/2025\/01\/05\/viena-llega-a-queretaro-la-orquesta-filarmonica-de-queretaro-inicia-su-temporada-con-una-velada-musical-llena-de-tradicion-y-elegancia\/\"]}]},{\"@type\":\"ImageObject\",\"inLanguage\":\"es\",\"@id\":\"https:\/\/www.nexoinformativo.mx\/index.php\/2025\/01\/05\/viena-llega-a-queretaro-la-orquesta-filarmonica-de-queretaro-inicia-su-temporada-con-una-velada-musical-llena-de-tradicion-y-elegancia\/#primaryimage\",\"url\":\"https:\/\/www.nexoinformativo.mx\/wp-content\/uploads\/2025\/01\/PHOTO-2025-01-05-19-59-27-e1736131104827.jpg\",\"contentUrl\":\"https:\/\/www.nexoinformativo.mx\/wp-content\/uploads\/2025\/01\/PHOTO-2025-01-05-19-59-27-e1736131104827.jpg\",\"width\":800,\"height\":600},{\"@type\":\"BreadcrumbList\",\"@id\":\"https:\/\/www.nexoinformativo.mx\/index.php\/2025\/01\/05\/viena-llega-a-queretaro-la-orquesta-filarmonica-de-queretaro-inicia-su-temporada-con-una-velada-musical-llena-de-tradicion-y-elegancia\/#breadcrumb\",\"itemListElement\":[{\"@type\":\"ListItem\",\"position\":1,\"name\":\"Inicio\",\"item\":\"https:\/\/www.nexoinformativo.mx\/\"},{\"@type\":\"ListItem\",\"position\":2,\"name\":\"\u00a1Viena llega a Quer\u00e9taro! La Orquesta Filarm\u00f3nica del Estado inicia su temporada con una velada musical llena de tradici\u00f3n y elegancia\"}]},{\"@type\":\"WebSite\",\"@id\":\"https:\/\/www.nexoinformativo.mx\/#website\",\"url\":\"https:\/\/www.nexoinformativo.mx\/\",\"name\":\"Nexo Informativo Santiago de Quer\u00e9taro\",\"description\":\"Explora NexoInformativo y convi\u00e9rtete en parte de una comunidad que valora el conocimiento y la verdad. Tu nexoinformativo es tu puente hacia una comprensi\u00f3n m\u00e1s profunda del mundo que te rodea.\",\"publisher\":{\"@id\":\"https:\/\/www.nexoinformativo.mx\/#organization\"},\"potentialAction\":[{\"@type\":\"SearchAction\",\"target\":{\"@type\":\"EntryPoint\",\"urlTemplate\":\"https:\/\/www.nexoinformativo.mx\/?s={search_term_string}\"},\"query-input\":{\"@type\":\"PropertyValueSpecification\",\"valueRequired\":true,\"valueName\":\"search_term_string\"}}],\"inLanguage\":\"es\"},{\"@type\":\"Organization\",\"@id\":\"https:\/\/www.nexoinformativo.mx\/#organization\",\"name\":\"Nexo Informativo Santiago de Quer\u00e9taro\",\"url\":\"https:\/\/www.nexoinformativo.mx\/\",\"logo\":{\"@type\":\"ImageObject\",\"inLanguage\":\"es\",\"@id\":\"https:\/\/www.nexoinformativo.mx\/#\/schema\/logo\/image\/\",\"url\":\"https:\/\/www.nexoinformativo.mx\/wp-content\/uploads\/2024\/07\/nexoi-trasparente-2.png\",\"contentUrl\":\"https:\/\/www.nexoinformativo.mx\/wp-content\/uploads\/2024\/07\/nexoi-trasparente-2.png\",\"width\":816,\"height\":339,\"caption\":\"Nexo Informativo Santiago de Quer\u00e9taro\"},\"image\":{\"@id\":\"https:\/\/www.nexoinformativo.mx\/#\/schema\/logo\/image\/\"},\"sameAs\":[\"https:\/\/www.facebook.com\/people\/Nexo-Informativo\/61564066885511\/\"]},{\"@type\":\"Person\",\"@id\":\"https:\/\/www.nexoinformativo.mx\/#\/schema\/person\/7749d380ba08c8ca00d7bc76fd907b7d\",\"name\":\"Nexo Informativo\",\"image\":{\"@type\":\"ImageObject\",\"inLanguage\":\"es\",\"@id\":\"https:\/\/www.nexoinformativo.mx\/#\/schema\/person\/image\/\",\"url\":\"https:\/\/secure.gravatar.com\/avatar\/dde2928154642a13d95f87ddf1ea9718fe2b46760a005c53e41ff5ad610704e6?s=96&d=mm&r=g\",\"contentUrl\":\"https:\/\/secure.gravatar.com\/avatar\/dde2928154642a13d95f87ddf1ea9718fe2b46760a005c53e41ff5ad610704e6?s=96&d=mm&r=g\",\"caption\":\"Nexo Informativo\"},\"url\":\"https:\/\/www.nexoinformativo.mx\/index.php\/author\/edicion\/\"}]}<\/script>\n<!-- \/ Yoast SEO plugin. -->","yoast_head_json":{"title":"\u00a1Viena llega a Quer\u00e9taro! La Orquesta Filarm\u00f3nica del Estado inicia su temporada con una velada musical llena de tradici\u00f3n y elegancia | Nexo Informativo Santiago de Quer\u00e9taro","description":"\u00a1Viena llega a Quer\u00e9taro! La Orquesta Filarm\u00f3nica del Estado inicia su temporada con una velada musical llena de tradici\u00f3n y elegancia","robots":{"index":"index","follow":"follow","max-snippet":"max-snippet:-1","max-image-preview":"max-image-preview:large","max-video-preview":"max-video-preview:-1"},"canonical":"https:\/\/www.nexoinformativo.mx\/index.php\/2025\/01\/05\/viena-llega-a-queretaro-la-orquesta-filarmonica-de-queretaro-inicia-su-temporada-con-una-velada-musical-llena-de-tradicion-y-elegancia\/","og_locale":"es_MX","og_type":"article","og_title":"\u00a1Viena llega a Quer\u00e9taro! La Orquesta Filarm\u00f3nica del Estado inicia su temporada con una velada musical llena de tradici\u00f3n y elegancia | Nexo Informativo Santiago de Quer\u00e9taro","og_description":"\u00a1Viena llega a Quer\u00e9taro! La Orquesta Filarm\u00f3nica del Estado inicia su temporada con una velada musical llena de tradici\u00f3n y elegancia","og_url":"https:\/\/www.nexoinformativo.mx\/index.php\/2025\/01\/05\/viena-llega-a-queretaro-la-orquesta-filarmonica-de-queretaro-inicia-su-temporada-con-una-velada-musical-llena-de-tradicion-y-elegancia\/","og_site_name":"Nexo Informativo Santiago de Quer\u00e9taro","article_publisher":"https:\/\/www.facebook.com\/people\/Nexo-Informativo\/61564066885511\/","article_published_time":"2025-01-05T23:30:21+00:00","article_modified_time":"2025-01-06T02:40:52+00:00","og_image":[{"width":800,"height":600,"url":"https:\/\/www.nexoinformativo.mx\/wp-content\/uploads\/2025\/01\/PHOTO-2025-01-05-19-59-27-e1736131104827.jpg","type":"image\/jpeg"}],"author":"Nexo Informativo","twitter_card":"summary_large_image","twitter_misc":{"Escrito por":"Nexo Informativo","Tiempo de lectura":"2 minutos"},"schema":{"@context":"https:\/\/schema.org","@graph":[{"@type":"Article","@id":"https:\/\/www.nexoinformativo.mx\/index.php\/2025\/01\/05\/viena-llega-a-queretaro-la-orquesta-filarmonica-de-queretaro-inicia-su-temporada-con-una-velada-musical-llena-de-tradicion-y-elegancia\/#article","isPartOf":{"@id":"https:\/\/www.nexoinformativo.mx\/index.php\/2025\/01\/05\/viena-llega-a-queretaro-la-orquesta-filarmonica-de-queretaro-inicia-su-temporada-con-una-velada-musical-llena-de-tradicion-y-elegancia\/"},"author":{"name":"Nexo Informativo","@id":"https:\/\/www.nexoinformativo.mx\/#\/schema\/person\/7749d380ba08c8ca00d7bc76fd907b7d"},"headline":"\u00a1Viena llega a Quer\u00e9taro! La Orquesta Filarm\u00f3nica del Estado inicia su temporada con una velada musical llena de tradici\u00f3n y elegancia","datePublished":"2025-01-05T23:30:21+00:00","dateModified":"2025-01-06T02:40:52+00:00","mainEntityOfPage":{"@id":"https:\/\/www.nexoinformativo.mx\/index.php\/2025\/01\/05\/viena-llega-a-queretaro-la-orquesta-filarmonica-de-queretaro-inicia-su-temporada-con-una-velada-musical-llena-de-tradicion-y-elegancia\/"},"wordCount":258,"commentCount":0,"publisher":{"@id":"https:\/\/www.nexoinformativo.mx\/#organization"},"image":{"@id":"https:\/\/www.nexoinformativo.mx\/index.php\/2025\/01\/05\/viena-llega-a-queretaro-la-orquesta-filarmonica-de-queretaro-inicia-su-temporada-con-una-velada-musical-llena-de-tradicion-y-elegancia\/#primaryimage"},"thumbnailUrl":"https:\/\/www.nexoinformativo.mx\/wp-content\/uploads\/2025\/01\/PHOTO-2025-01-05-19-59-27-e1736131104827.jpg","keywords":["ConciertoA\u00f1oNuevo","M\u00fasicaCl\u00e1sica","OFEQ","VienaEnQuer\u00e9taro"],"articleSection":["Espect\u00e1culos","\u00daltima Hora"],"inLanguage":"es","potentialAction":[{"@type":"CommentAction","name":"Comment","target":["https:\/\/www.nexoinformativo.mx\/index.php\/2025\/01\/05\/viena-llega-a-queretaro-la-orquesta-filarmonica-de-queretaro-inicia-su-temporada-con-una-velada-musical-llena-de-tradicion-y-elegancia\/#respond"]}]},{"@type":"WebPage","@id":"https:\/\/www.nexoinformativo.mx\/index.php\/2025\/01\/05\/viena-llega-a-queretaro-la-orquesta-filarmonica-de-queretaro-inicia-su-temporada-con-una-velada-musical-llena-de-tradicion-y-elegancia\/","url":"https:\/\/www.nexoinformativo.mx\/index.php\/2025\/01\/05\/viena-llega-a-queretaro-la-orquesta-filarmonica-de-queretaro-inicia-su-temporada-con-una-velada-musical-llena-de-tradicion-y-elegancia\/","name":"\u00a1Viena llega a Quer\u00e9taro! La Orquesta Filarm\u00f3nica del Estado inicia su temporada con una velada musical llena de tradici\u00f3n y elegancia | Nexo Informativo Santiago de Quer\u00e9taro","isPartOf":{"@id":"https:\/\/www.nexoinformativo.mx\/#website"},"primaryImageOfPage":{"@id":"https:\/\/www.nexoinformativo.mx\/index.php\/2025\/01\/05\/viena-llega-a-queretaro-la-orquesta-filarmonica-de-queretaro-inicia-su-temporada-con-una-velada-musical-llena-de-tradicion-y-elegancia\/#primaryimage"},"image":{"@id":"https:\/\/www.nexoinformativo.mx\/index.php\/2025\/01\/05\/viena-llega-a-queretaro-la-orquesta-filarmonica-de-queretaro-inicia-su-temporada-con-una-velada-musical-llena-de-tradicion-y-elegancia\/#primaryimage"},"thumbnailUrl":"https:\/\/www.nexoinformativo.mx\/wp-content\/uploads\/2025\/01\/PHOTO-2025-01-05-19-59-27-e1736131104827.jpg","datePublished":"2025-01-05T23:30:21+00:00","dateModified":"2025-01-06T02:40:52+00:00","description":"\u00a1Viena llega a Quer\u00e9taro! La Orquesta Filarm\u00f3nica del Estado inicia su temporada con una velada musical llena de tradici\u00f3n y elegancia","breadcrumb":{"@id":"https:\/\/www.nexoinformativo.mx\/index.php\/2025\/01\/05\/viena-llega-a-queretaro-la-orquesta-filarmonica-de-queretaro-inicia-su-temporada-con-una-velada-musical-llena-de-tradicion-y-elegancia\/#breadcrumb"},"inLanguage":"es","potentialAction":[{"@type":"ReadAction","target":["https:\/\/www.nexoinformativo.mx\/index.php\/2025\/01\/05\/viena-llega-a-queretaro-la-orquesta-filarmonica-de-queretaro-inicia-su-temporada-con-una-velada-musical-llena-de-tradicion-y-elegancia\/"]}]},{"@type":"ImageObject","inLanguage":"es","@id":"https:\/\/www.nexoinformativo.mx\/index.php\/2025\/01\/05\/viena-llega-a-queretaro-la-orquesta-filarmonica-de-queretaro-inicia-su-temporada-con-una-velada-musical-llena-de-tradicion-y-elegancia\/#primaryimage","url":"https:\/\/www.nexoinformativo.mx\/wp-content\/uploads\/2025\/01\/PHOTO-2025-01-05-19-59-27-e1736131104827.jpg","contentUrl":"https:\/\/www.nexoinformativo.mx\/wp-content\/uploads\/2025\/01\/PHOTO-2025-01-05-19-59-27-e1736131104827.jpg","width":800,"height":600},{"@type":"BreadcrumbList","@id":"https:\/\/www.nexoinformativo.mx\/index.php\/2025\/01\/05\/viena-llega-a-queretaro-la-orquesta-filarmonica-de-queretaro-inicia-su-temporada-con-una-velada-musical-llena-de-tradicion-y-elegancia\/#breadcrumb","itemListElement":[{"@type":"ListItem","position":1,"name":"Inicio","item":"https:\/\/www.nexoinformativo.mx\/"},{"@type":"ListItem","position":2,"name":"\u00a1Viena llega a Quer\u00e9taro! La Orquesta Filarm\u00f3nica del Estado inicia su temporada con una velada musical llena de tradici\u00f3n y elegancia"}]},{"@type":"WebSite","@id":"https:\/\/www.nexoinformativo.mx\/#website","url":"https:\/\/www.nexoinformativo.mx\/","name":"Nexo Informativo Santiago de Quer\u00e9taro","description":"Explora NexoInformativo y convi\u00e9rtete en parte de una comunidad que valora el conocimiento y la verdad. Tu nexoinformativo es tu puente hacia una comprensi\u00f3n m\u00e1s profunda del mundo que te rodea.","publisher":{"@id":"https:\/\/www.nexoinformativo.mx\/#organization"},"potentialAction":[{"@type":"SearchAction","target":{"@type":"EntryPoint","urlTemplate":"https:\/\/www.nexoinformativo.mx\/?s={search_term_string}"},"query-input":{"@type":"PropertyValueSpecification","valueRequired":true,"valueName":"search_term_string"}}],"inLanguage":"es"},{"@type":"Organization","@id":"https:\/\/www.nexoinformativo.mx\/#organization","name":"Nexo Informativo Santiago de Quer\u00e9taro","url":"https:\/\/www.nexoinformativo.mx\/","logo":{"@type":"ImageObject","inLanguage":"es","@id":"https:\/\/www.nexoinformativo.mx\/#\/schema\/logo\/image\/","url":"https:\/\/www.nexoinformativo.mx\/wp-content\/uploads\/2024\/07\/nexoi-trasparente-2.png","contentUrl":"https:\/\/www.nexoinformativo.mx\/wp-content\/uploads\/2024\/07\/nexoi-trasparente-2.png","width":816,"height":339,"caption":"Nexo Informativo Santiago de Quer\u00e9taro"},"image":{"@id":"https:\/\/www.nexoinformativo.mx\/#\/schema\/logo\/image\/"},"sameAs":["https:\/\/www.facebook.com\/people\/Nexo-Informativo\/61564066885511\/"]},{"@type":"Person","@id":"https:\/\/www.nexoinformativo.mx\/#\/schema\/person\/7749d380ba08c8ca00d7bc76fd907b7d","name":"Nexo Informativo","image":{"@type":"ImageObject","inLanguage":"es","@id":"https:\/\/www.nexoinformativo.mx\/#\/schema\/person\/image\/","url":"https:\/\/secure.gravatar.com\/avatar\/dde2928154642a13d95f87ddf1ea9718fe2b46760a005c53e41ff5ad610704e6?s=96&d=mm&r=g","contentUrl":"https:\/\/secure.gravatar.com\/avatar\/dde2928154642a13d95f87ddf1ea9718fe2b46760a005c53e41ff5ad610704e6?s=96&d=mm&r=g","caption":"Nexo Informativo"},"url":"https:\/\/www.nexoinformativo.mx\/index.php\/author\/edicion\/"}]}},"_links":{"self":[{"href":"https:\/\/www.nexoinformativo.mx\/index.php\/wp-json\/wp\/v2\/posts\/9340","targetHints":{"allow":["GET"]}}],"collection":[{"href":"https:\/\/www.nexoinformativo.mx\/index.php\/wp-json\/wp\/v2\/posts"}],"about":[{"href":"https:\/\/www.nexoinformativo.mx\/index.php\/wp-json\/wp\/v2\/types\/post"}],"author":[{"embeddable":true,"href":"https:\/\/www.nexoinformativo.mx\/index.php\/wp-json\/wp\/v2\/users\/3"}],"replies":[{"embeddable":true,"href":"https:\/\/www.nexoinformativo.mx\/index.php\/wp-json\/wp\/v2\/comments?post=9340"}],"version-history":[{"count":4,"href":"https:\/\/www.nexoinformativo.mx\/index.php\/wp-json\/wp\/v2\/posts\/9340\/revisions"}],"predecessor-version":[{"id":9347,"href":"https:\/\/www.nexoinformativo.mx\/index.php\/wp-json\/wp\/v2\/posts\/9340\/revisions\/9347"}],"wp:featuredmedia":[{"embeddable":true,"href":"https:\/\/www.nexoinformativo.mx\/index.php\/wp-json\/wp\/v2\/media\/9341"}],"wp:attachment":[{"href":"https:\/\/www.nexoinformativo.mx\/index.php\/wp-json\/wp\/v2\/media?parent=9340"}],"wp:term":[{"taxonomy":"category","embeddable":true,"href":"https:\/\/www.nexoinformativo.mx\/index.php\/wp-json\/wp\/v2\/categories?post=9340"},{"taxonomy":"post_tag","embeddable":true,"href":"https:\/\/www.nexoinformativo.mx\/index.php\/wp-json\/wp\/v2\/tags?post=9340"}],"curies":[{"name":"wp","href":"https:\/\/api.w.org\/{rel}","templated":true}]}}