{"id":9358,"date":"2025-01-06T07:30:37","date_gmt":"2025-01-06T13:30:37","guid":{"rendered":"https:\/\/www.nexoinformativo.mx\/?p=9358"},"modified":"2025-01-06T13:14:16","modified_gmt":"2025-01-06T19:14:16","slug":"abandonan-a-nina-de-4-anos-en-taqueria-de-san-juan-del-rio-durante-la-madrugada","status":"publish","type":"post","link":"https:\/\/www.nexoinformativo.mx\/index.php\/2025\/01\/06\/abandonan-a-nina-de-4-anos-en-taqueria-de-san-juan-del-rio-durante-la-madrugada\/","title":{"rendered":"Abandonan a ni\u00f1a de 4 a\u00f1os en taquer\u00eda de San Juan del R\u00edo durante la madrugada"},"content":{"rendered":"<p style=\"text-align: justify;\" data-sourcepos=\"11:1-11:269\">Un hecho que ha conmocionado a la comunidad de San Juan del R\u00edo ocurri\u00f3 durante la madrugada de este lunes 6 de enero, D\u00eda de Reyes. Una mujer abandon\u00f3 a su hija de tan solo 4 a\u00f1os de edad en una taquer\u00eda ubicada en la colonia Benito Ju\u00e1rez.<\/p>\n<p>&nbsp;<\/p>\n<p style=\"text-align: justify;\" data-sourcepos=\"13:1-13:212\">De acuerdo con los empleados del establecimiento, la madre solicit\u00f3 que cuidaran a la menor mientras realizaba una compra, pero nunca regres\u00f3. Ante esta situaci\u00f3n, los trabajadores dieron aviso a las autoridades.<\/p>\n<p>&nbsp;<\/p>\n<p style=\"text-align: justify;\" data-sourcepos=\"15:1-15:274\">Al lugar arribaron elementos de la Polic\u00eda Municipal, quienes iniciaron la b\u00fasqueda de la mujer, sin resultados positivos. Ante esta situaci\u00f3n, el caso fue turnado al Sistema Municipal para el Desarrollo Integral de la Familia (SMDIF), quienes se hicieron cargo de la menor.<\/p>\n<p>&nbsp;<\/p>\n<p style=\"text-align: justify;\" data-sourcepos=\"17:1-17:240\">Actualmente, las autoridades competentes se encuentran investigando el paradero de la madre y las razones que la llevaron a tomar esta decisi\u00f3n. Se espera que en las pr\u00f3ximas horas se den a conocer m\u00e1s detalles sobre este lamentable suceso.<\/p>\n<p>&nbsp;<\/p>\n<p style=\"text-align: justify;\" data-sourcepos=\"19:1-19:151\">Este hecho ha generado indignaci\u00f3n entre la sociedad, quienes exigen justicia para la peque\u00f1a y que se esclarezcan los motivos detr\u00e1s de este abandono.<\/p>\n<p>&nbsp;<\/p>\n<p style=\"text-align: center;\" data-sourcepos=\"19:1-19:151\"><em><strong>\u00a1Informaci\u00f3n que transforma!<\/strong><\/em><\/p>\n","protected":false},"excerpt":{"rendered":"<p>Un hecho que ha conmocionado a la comunidad de San Juan del R\u00edo ocurri\u00f3 durante la madrugada de este lunes 6 de enero, D\u00eda de Reyes. Una mujer abandon\u00f3 a su hija de tan solo 4 a\u00f1os de edad en una taquer\u00eda ubicada en la colonia Benito Ju\u00e1rez.<\/p>\n","protected":false},"author":3,"featured_media":9359,"comment_status":"open","ping_status":"open","sticky":false,"template":"","format":"standard","meta":{"footnotes":""},"categories":[65,58],"tags":[2988,2990,2989,382],"class_list":["post-9358","post","type-post","status-publish","format-standard","has-post-thumbnail","hentry","category-municipios","category-ultima-hora","tag-abandonodemenores","tag-alertaamber","tag-justiciaparaninos","tag-sanjuandelrio"],"yoast_head":"<!-- This site is optimized with the Yoast SEO plugin v25.0 - https:\/\/yoast.com\/wordpress\/plugins\/seo\/ -->\n<title>Abandonan a ni\u00f1a de 4 a\u00f1os en taquer\u00eda de San Juan del R\u00edo durante la madrugada | Nexo Informativo Santiago de Quer\u00e9taro<\/title>\n<meta name=\"description\" content=\"Abandonan a ni\u00f1a de 4 a\u00f1os en taquer\u00eda de San Juan del R\u00edo durante la madrugada\" \/>\n<meta name=\"robots\" content=\"index, follow, max-snippet:-1, max-image-preview:large, max-video-preview:-1\" \/>\n<link rel=\"canonical\" href=\"https:\/\/www.nexoinformativo.mx\/index.php\/2025\/01\/06\/abandonan-a-nina-de-4-anos-en-taqueria-de-san-juan-del-rio-durante-la-madrugada\/\" \/>\n<meta property=\"og:locale\" content=\"es_MX\" \/>\n<meta property=\"og:type\" content=\"article\" \/>\n<meta property=\"og:title\" content=\"Abandonan a ni\u00f1a de 4 a\u00f1os en taquer\u00eda de San Juan del R\u00edo durante la madrugada | Nexo Informativo Santiago de Quer\u00e9taro\" \/>\n<meta property=\"og:description\" content=\"Abandonan a ni\u00f1a de 4 a\u00f1os en taquer\u00eda de San Juan del R\u00edo durante la madrugada\" \/>\n<meta property=\"og:url\" content=\"https:\/\/www.nexoinformativo.mx\/index.php\/2025\/01\/06\/abandonan-a-nina-de-4-anos-en-taqueria-de-san-juan-del-rio-durante-la-madrugada\/\" \/>\n<meta property=\"og:site_name\" content=\"Nexo Informativo Santiago de Quer\u00e9taro\" \/>\n<meta property=\"article:publisher\" content=\"https:\/\/www.facebook.com\/people\/Nexo-Informativo\/61564066885511\/\" \/>\n<meta property=\"article:published_time\" content=\"2025-01-06T13:30:37+00:00\" \/>\n<meta property=\"article:modified_time\" content=\"2025-01-06T19:14:16+00:00\" \/>\n<meta property=\"og:image\" content=\"https:\/\/www.nexoinformativo.mx\/wp-content\/uploads\/2025\/01\/PHOTO-2025-01-06-11-38-27-e1736190769574.jpg\" \/>\n\t<meta property=\"og:image:width\" content=\"800\" \/>\n\t<meta property=\"og:image:height\" content=\"600\" \/>\n\t<meta property=\"og:image:type\" content=\"image\/jpeg\" \/>\n<meta name=\"author\" content=\"Nexo Informativo\" \/>\n<meta name=\"twitter:card\" content=\"summary_large_image\" \/>\n<meta name=\"twitter:label1\" content=\"Escrito por\" \/>\n\t<meta name=\"twitter:data1\" content=\"Nexo Informativo\" \/>\n\t<meta name=\"twitter:label2\" content=\"Tiempo de lectura\" \/>\n\t<meta name=\"twitter:data2\" content=\"2 minutos\" \/>\n<script type=\"application\/ld+json\" class=\"yoast-schema-graph\">{\"@context\":\"https:\/\/schema.org\",\"@graph\":[{\"@type\":\"Article\",\"@id\":\"https:\/\/www.nexoinformativo.mx\/index.php\/2025\/01\/06\/abandonan-a-nina-de-4-anos-en-taqueria-de-san-juan-del-rio-durante-la-madrugada\/#article\",\"isPartOf\":{\"@id\":\"https:\/\/www.nexoinformativo.mx\/index.php\/2025\/01\/06\/abandonan-a-nina-de-4-anos-en-taqueria-de-san-juan-del-rio-durante-la-madrugada\/\"},\"author\":{\"name\":\"Nexo Informativo\",\"@id\":\"https:\/\/www.nexoinformativo.mx\/#\/schema\/person\/7749d380ba08c8ca00d7bc76fd907b7d\"},\"headline\":\"Abandonan a ni\u00f1a de 4 a\u00f1os en taquer\u00eda de San Juan del R\u00edo durante la madrugada\",\"datePublished\":\"2025-01-06T13:30:37+00:00\",\"dateModified\":\"2025-01-06T19:14:16+00:00\",\"mainEntityOfPage\":{\"@id\":\"https:\/\/www.nexoinformativo.mx\/index.php\/2025\/01\/06\/abandonan-a-nina-de-4-anos-en-taqueria-de-san-juan-del-rio-durante-la-madrugada\/\"},\"wordCount\":227,\"commentCount\":0,\"publisher\":{\"@id\":\"https:\/\/www.nexoinformativo.mx\/#organization\"},\"image\":{\"@id\":\"https:\/\/www.nexoinformativo.mx\/index.php\/2025\/01\/06\/abandonan-a-nina-de-4-anos-en-taqueria-de-san-juan-del-rio-durante-la-madrugada\/#primaryimage\"},\"thumbnailUrl\":\"https:\/\/www.nexoinformativo.mx\/wp-content\/uploads\/2025\/01\/PHOTO-2025-01-06-11-38-27-e1736190769574.jpg\",\"keywords\":[\"Abandonodemenores\",\"AlertaAmber\",\"JusticiaParaNi\u00f1os\",\"SanJuanDelR\u00edo\"],\"articleSection\":[\"Municipios\",\"\u00daltima Hora\"],\"inLanguage\":\"es\",\"potentialAction\":[{\"@type\":\"CommentAction\",\"name\":\"Comment\",\"target\":[\"https:\/\/www.nexoinformativo.mx\/index.php\/2025\/01\/06\/abandonan-a-nina-de-4-anos-en-taqueria-de-san-juan-del-rio-durante-la-madrugada\/#respond\"]}]},{\"@type\":\"WebPage\",\"@id\":\"https:\/\/www.nexoinformativo.mx\/index.php\/2025\/01\/06\/abandonan-a-nina-de-4-anos-en-taqueria-de-san-juan-del-rio-durante-la-madrugada\/\",\"url\":\"https:\/\/www.nexoinformativo.mx\/index.php\/2025\/01\/06\/abandonan-a-nina-de-4-anos-en-taqueria-de-san-juan-del-rio-durante-la-madrugada\/\",\"name\":\"Abandonan a ni\u00f1a de 4 a\u00f1os en taquer\u00eda de San Juan del R\u00edo durante la madrugada | Nexo Informativo Santiago de Quer\u00e9taro\",\"isPartOf\":{\"@id\":\"https:\/\/www.nexoinformativo.mx\/#website\"},\"primaryImageOfPage\":{\"@id\":\"https:\/\/www.nexoinformativo.mx\/index.php\/2025\/01\/06\/abandonan-a-nina-de-4-anos-en-taqueria-de-san-juan-del-rio-durante-la-madrugada\/#primaryimage\"},\"image\":{\"@id\":\"https:\/\/www.nexoinformativo.mx\/index.php\/2025\/01\/06\/abandonan-a-nina-de-4-anos-en-taqueria-de-san-juan-del-rio-durante-la-madrugada\/#primaryimage\"},\"thumbnailUrl\":\"https:\/\/www.nexoinformativo.mx\/wp-content\/uploads\/2025\/01\/PHOTO-2025-01-06-11-38-27-e1736190769574.jpg\",\"datePublished\":\"2025-01-06T13:30:37+00:00\",\"dateModified\":\"2025-01-06T19:14:16+00:00\",\"description\":\"Abandonan a ni\u00f1a de 4 a\u00f1os en taquer\u00eda de San Juan del R\u00edo durante la madrugada\",\"breadcrumb\":{\"@id\":\"https:\/\/www.nexoinformativo.mx\/index.php\/2025\/01\/06\/abandonan-a-nina-de-4-anos-en-taqueria-de-san-juan-del-rio-durante-la-madrugada\/#breadcrumb\"},\"inLanguage\":\"es\",\"potentialAction\":[{\"@type\":\"ReadAction\",\"target\":[\"https:\/\/www.nexoinformativo.mx\/index.php\/2025\/01\/06\/abandonan-a-nina-de-4-anos-en-taqueria-de-san-juan-del-rio-durante-la-madrugada\/\"]}]},{\"@type\":\"ImageObject\",\"inLanguage\":\"es\",\"@id\":\"https:\/\/www.nexoinformativo.mx\/index.php\/2025\/01\/06\/abandonan-a-nina-de-4-anos-en-taqueria-de-san-juan-del-rio-durante-la-madrugada\/#primaryimage\",\"url\":\"https:\/\/www.nexoinformativo.mx\/wp-content\/uploads\/2025\/01\/PHOTO-2025-01-06-11-38-27-e1736190769574.jpg\",\"contentUrl\":\"https:\/\/www.nexoinformativo.mx\/wp-content\/uploads\/2025\/01\/PHOTO-2025-01-06-11-38-27-e1736190769574.jpg\",\"width\":800,\"height\":600},{\"@type\":\"BreadcrumbList\",\"@id\":\"https:\/\/www.nexoinformativo.mx\/index.php\/2025\/01\/06\/abandonan-a-nina-de-4-anos-en-taqueria-de-san-juan-del-rio-durante-la-madrugada\/#breadcrumb\",\"itemListElement\":[{\"@type\":\"ListItem\",\"position\":1,\"name\":\"Inicio\",\"item\":\"https:\/\/www.nexoinformativo.mx\/\"},{\"@type\":\"ListItem\",\"position\":2,\"name\":\"Abandonan a ni\u00f1a de 4 a\u00f1os en taquer\u00eda de San Juan del R\u00edo durante la madrugada\"}]},{\"@type\":\"WebSite\",\"@id\":\"https:\/\/www.nexoinformativo.mx\/#website\",\"url\":\"https:\/\/www.nexoinformativo.mx\/\",\"name\":\"Nexo Informativo Santiago de Quer\u00e9taro\",\"description\":\"Explora NexoInformativo y convi\u00e9rtete en parte de una comunidad que valora el conocimiento y la verdad. Tu nexoinformativo es tu puente hacia una comprensi\u00f3n m\u00e1s profunda del mundo que te rodea.\",\"publisher\":{\"@id\":\"https:\/\/www.nexoinformativo.mx\/#organization\"},\"potentialAction\":[{\"@type\":\"SearchAction\",\"target\":{\"@type\":\"EntryPoint\",\"urlTemplate\":\"https:\/\/www.nexoinformativo.mx\/?s={search_term_string}\"},\"query-input\":{\"@type\":\"PropertyValueSpecification\",\"valueRequired\":true,\"valueName\":\"search_term_string\"}}],\"inLanguage\":\"es\"},{\"@type\":\"Organization\",\"@id\":\"https:\/\/www.nexoinformativo.mx\/#organization\",\"name\":\"Nexo Informativo Santiago de Quer\u00e9taro\",\"url\":\"https:\/\/www.nexoinformativo.mx\/\",\"logo\":{\"@type\":\"ImageObject\",\"inLanguage\":\"es\",\"@id\":\"https:\/\/www.nexoinformativo.mx\/#\/schema\/logo\/image\/\",\"url\":\"https:\/\/www.nexoinformativo.mx\/wp-content\/uploads\/2024\/07\/nexoi-trasparente-2.png\",\"contentUrl\":\"https:\/\/www.nexoinformativo.mx\/wp-content\/uploads\/2024\/07\/nexoi-trasparente-2.png\",\"width\":816,\"height\":339,\"caption\":\"Nexo Informativo Santiago de Quer\u00e9taro\"},\"image\":{\"@id\":\"https:\/\/www.nexoinformativo.mx\/#\/schema\/logo\/image\/\"},\"sameAs\":[\"https:\/\/www.facebook.com\/people\/Nexo-Informativo\/61564066885511\/\"]},{\"@type\":\"Person\",\"@id\":\"https:\/\/www.nexoinformativo.mx\/#\/schema\/person\/7749d380ba08c8ca00d7bc76fd907b7d\",\"name\":\"Nexo Informativo\",\"image\":{\"@type\":\"ImageObject\",\"inLanguage\":\"es\",\"@id\":\"https:\/\/www.nexoinformativo.mx\/#\/schema\/person\/image\/\",\"url\":\"https:\/\/secure.gravatar.com\/avatar\/dde2928154642a13d95f87ddf1ea9718fe2b46760a005c53e41ff5ad610704e6?s=96&d=mm&r=g\",\"contentUrl\":\"https:\/\/secure.gravatar.com\/avatar\/dde2928154642a13d95f87ddf1ea9718fe2b46760a005c53e41ff5ad610704e6?s=96&d=mm&r=g\",\"caption\":\"Nexo Informativo\"},\"url\":\"https:\/\/www.nexoinformativo.mx\/index.php\/author\/edicion\/\"}]}<\/script>\n<!-- \/ Yoast SEO plugin. -->","yoast_head_json":{"title":"Abandonan a ni\u00f1a de 4 a\u00f1os en taquer\u00eda de San Juan del R\u00edo durante la madrugada | Nexo Informativo Santiago de Quer\u00e9taro","description":"Abandonan a ni\u00f1a de 4 a\u00f1os en taquer\u00eda de San Juan del R\u00edo durante la madrugada","robots":{"index":"index","follow":"follow","max-snippet":"max-snippet:-1","max-image-preview":"max-image-preview:large","max-video-preview":"max-video-preview:-1"},"canonical":"https:\/\/www.nexoinformativo.mx\/index.php\/2025\/01\/06\/abandonan-a-nina-de-4-anos-en-taqueria-de-san-juan-del-rio-durante-la-madrugada\/","og_locale":"es_MX","og_type":"article","og_title":"Abandonan a ni\u00f1a de 4 a\u00f1os en taquer\u00eda de San Juan del R\u00edo durante la madrugada | Nexo Informativo Santiago de Quer\u00e9taro","og_description":"Abandonan a ni\u00f1a de 4 a\u00f1os en taquer\u00eda de San Juan del R\u00edo durante la madrugada","og_url":"https:\/\/www.nexoinformativo.mx\/index.php\/2025\/01\/06\/abandonan-a-nina-de-4-anos-en-taqueria-de-san-juan-del-rio-durante-la-madrugada\/","og_site_name":"Nexo Informativo Santiago de Quer\u00e9taro","article_publisher":"https:\/\/www.facebook.com\/people\/Nexo-Informativo\/61564066885511\/","article_published_time":"2025-01-06T13:30:37+00:00","article_modified_time":"2025-01-06T19:14:16+00:00","og_image":[{"width":800,"height":600,"url":"https:\/\/www.nexoinformativo.mx\/wp-content\/uploads\/2025\/01\/PHOTO-2025-01-06-11-38-27-e1736190769574.jpg","type":"image\/jpeg"}],"author":"Nexo Informativo","twitter_card":"summary_large_image","twitter_misc":{"Escrito por":"Nexo Informativo","Tiempo de lectura":"2 minutos"},"schema":{"@context":"https:\/\/schema.org","@graph":[{"@type":"Article","@id":"https:\/\/www.nexoinformativo.mx\/index.php\/2025\/01\/06\/abandonan-a-nina-de-4-anos-en-taqueria-de-san-juan-del-rio-durante-la-madrugada\/#article","isPartOf":{"@id":"https:\/\/www.nexoinformativo.mx\/index.php\/2025\/01\/06\/abandonan-a-nina-de-4-anos-en-taqueria-de-san-juan-del-rio-durante-la-madrugada\/"},"author":{"name":"Nexo Informativo","@id":"https:\/\/www.nexoinformativo.mx\/#\/schema\/person\/7749d380ba08c8ca00d7bc76fd907b7d"},"headline":"Abandonan a ni\u00f1a de 4 a\u00f1os en taquer\u00eda de San Juan del R\u00edo durante la madrugada","datePublished":"2025-01-06T13:30:37+00:00","dateModified":"2025-01-06T19:14:16+00:00","mainEntityOfPage":{"@id":"https:\/\/www.nexoinformativo.mx\/index.php\/2025\/01\/06\/abandonan-a-nina-de-4-anos-en-taqueria-de-san-juan-del-rio-durante-la-madrugada\/"},"wordCount":227,"commentCount":0,"publisher":{"@id":"https:\/\/www.nexoinformativo.mx\/#organization"},"image":{"@id":"https:\/\/www.nexoinformativo.mx\/index.php\/2025\/01\/06\/abandonan-a-nina-de-4-anos-en-taqueria-de-san-juan-del-rio-durante-la-madrugada\/#primaryimage"},"thumbnailUrl":"https:\/\/www.nexoinformativo.mx\/wp-content\/uploads\/2025\/01\/PHOTO-2025-01-06-11-38-27-e1736190769574.jpg","keywords":["Abandonodemenores","AlertaAmber","JusticiaParaNi\u00f1os","SanJuanDelR\u00edo"],"articleSection":["Municipios","\u00daltima Hora"],"inLanguage":"es","potentialAction":[{"@type":"CommentAction","name":"Comment","target":["https:\/\/www.nexoinformativo.mx\/index.php\/2025\/01\/06\/abandonan-a-nina-de-4-anos-en-taqueria-de-san-juan-del-rio-durante-la-madrugada\/#respond"]}]},{"@type":"WebPage","@id":"https:\/\/www.nexoinformativo.mx\/index.php\/2025\/01\/06\/abandonan-a-nina-de-4-anos-en-taqueria-de-san-juan-del-rio-durante-la-madrugada\/","url":"https:\/\/www.nexoinformativo.mx\/index.php\/2025\/01\/06\/abandonan-a-nina-de-4-anos-en-taqueria-de-san-juan-del-rio-durante-la-madrugada\/","name":"Abandonan a ni\u00f1a de 4 a\u00f1os en taquer\u00eda de San Juan del R\u00edo durante la madrugada | Nexo Informativo Santiago de Quer\u00e9taro","isPartOf":{"@id":"https:\/\/www.nexoinformativo.mx\/#website"},"primaryImageOfPage":{"@id":"https:\/\/www.nexoinformativo.mx\/index.php\/2025\/01\/06\/abandonan-a-nina-de-4-anos-en-taqueria-de-san-juan-del-rio-durante-la-madrugada\/#primaryimage"},"image":{"@id":"https:\/\/www.nexoinformativo.mx\/index.php\/2025\/01\/06\/abandonan-a-nina-de-4-anos-en-taqueria-de-san-juan-del-rio-durante-la-madrugada\/#primaryimage"},"thumbnailUrl":"https:\/\/www.nexoinformativo.mx\/wp-content\/uploads\/2025\/01\/PHOTO-2025-01-06-11-38-27-e1736190769574.jpg","datePublished":"2025-01-06T13:30:37+00:00","dateModified":"2025-01-06T19:14:16+00:00","description":"Abandonan a ni\u00f1a de 4 a\u00f1os en taquer\u00eda de San Juan del R\u00edo durante la madrugada","breadcrumb":{"@id":"https:\/\/www.nexoinformativo.mx\/index.php\/2025\/01\/06\/abandonan-a-nina-de-4-anos-en-taqueria-de-san-juan-del-rio-durante-la-madrugada\/#breadcrumb"},"inLanguage":"es","potentialAction":[{"@type":"ReadAction","target":["https:\/\/www.nexoinformativo.mx\/index.php\/2025\/01\/06\/abandonan-a-nina-de-4-anos-en-taqueria-de-san-juan-del-rio-durante-la-madrugada\/"]}]},{"@type":"ImageObject","inLanguage":"es","@id":"https:\/\/www.nexoinformativo.mx\/index.php\/2025\/01\/06\/abandonan-a-nina-de-4-anos-en-taqueria-de-san-juan-del-rio-durante-la-madrugada\/#primaryimage","url":"https:\/\/www.nexoinformativo.mx\/wp-content\/uploads\/2025\/01\/PHOTO-2025-01-06-11-38-27-e1736190769574.jpg","contentUrl":"https:\/\/www.nexoinformativo.mx\/wp-content\/uploads\/2025\/01\/PHOTO-2025-01-06-11-38-27-e1736190769574.jpg","width":800,"height":600},{"@type":"BreadcrumbList","@id":"https:\/\/www.nexoinformativo.mx\/index.php\/2025\/01\/06\/abandonan-a-nina-de-4-anos-en-taqueria-de-san-juan-del-rio-durante-la-madrugada\/#breadcrumb","itemListElement":[{"@type":"ListItem","position":1,"name":"Inicio","item":"https:\/\/www.nexoinformativo.mx\/"},{"@type":"ListItem","position":2,"name":"Abandonan a ni\u00f1a de 4 a\u00f1os en taquer\u00eda de San Juan del R\u00edo durante la madrugada"}]},{"@type":"WebSite","@id":"https:\/\/www.nexoinformativo.mx\/#website","url":"https:\/\/www.nexoinformativo.mx\/","name":"Nexo Informativo Santiago de Quer\u00e9taro","description":"Explora NexoInformativo y convi\u00e9rtete en parte de una comunidad que valora el conocimiento y la verdad. Tu nexoinformativo es tu puente hacia una comprensi\u00f3n m\u00e1s profunda del mundo que te rodea.","publisher":{"@id":"https:\/\/www.nexoinformativo.mx\/#organization"},"potentialAction":[{"@type":"SearchAction","target":{"@type":"EntryPoint","urlTemplate":"https:\/\/www.nexoinformativo.mx\/?s={search_term_string}"},"query-input":{"@type":"PropertyValueSpecification","valueRequired":true,"valueName":"search_term_string"}}],"inLanguage":"es"},{"@type":"Organization","@id":"https:\/\/www.nexoinformativo.mx\/#organization","name":"Nexo Informativo Santiago de Quer\u00e9taro","url":"https:\/\/www.nexoinformativo.mx\/","logo":{"@type":"ImageObject","inLanguage":"es","@id":"https:\/\/www.nexoinformativo.mx\/#\/schema\/logo\/image\/","url":"https:\/\/www.nexoinformativo.mx\/wp-content\/uploads\/2024\/07\/nexoi-trasparente-2.png","contentUrl":"https:\/\/www.nexoinformativo.mx\/wp-content\/uploads\/2024\/07\/nexoi-trasparente-2.png","width":816,"height":339,"caption":"Nexo Informativo Santiago de Quer\u00e9taro"},"image":{"@id":"https:\/\/www.nexoinformativo.mx\/#\/schema\/logo\/image\/"},"sameAs":["https:\/\/www.facebook.com\/people\/Nexo-Informativo\/61564066885511\/"]},{"@type":"Person","@id":"https:\/\/www.nexoinformativo.mx\/#\/schema\/person\/7749d380ba08c8ca00d7bc76fd907b7d","name":"Nexo Informativo","image":{"@type":"ImageObject","inLanguage":"es","@id":"https:\/\/www.nexoinformativo.mx\/#\/schema\/person\/image\/","url":"https:\/\/secure.gravatar.com\/avatar\/dde2928154642a13d95f87ddf1ea9718fe2b46760a005c53e41ff5ad610704e6?s=96&d=mm&r=g","contentUrl":"https:\/\/secure.gravatar.com\/avatar\/dde2928154642a13d95f87ddf1ea9718fe2b46760a005c53e41ff5ad610704e6?s=96&d=mm&r=g","caption":"Nexo Informativo"},"url":"https:\/\/www.nexoinformativo.mx\/index.php\/author\/edicion\/"}]}},"_links":{"self":[{"href":"https:\/\/www.nexoinformativo.mx\/index.php\/wp-json\/wp\/v2\/posts\/9358","targetHints":{"allow":["GET"]}}],"collection":[{"href":"https:\/\/www.nexoinformativo.mx\/index.php\/wp-json\/wp\/v2\/posts"}],"about":[{"href":"https:\/\/www.nexoinformativo.mx\/index.php\/wp-json\/wp\/v2\/types\/post"}],"author":[{"embeddable":true,"href":"https:\/\/www.nexoinformativo.mx\/index.php\/wp-json\/wp\/v2\/users\/3"}],"replies":[{"embeddable":true,"href":"https:\/\/www.nexoinformativo.mx\/index.php\/wp-json\/wp\/v2\/comments?post=9358"}],"version-history":[{"count":5,"href":"https:\/\/www.nexoinformativo.mx\/index.php\/wp-json\/wp\/v2\/posts\/9358\/revisions"}],"predecessor-version":[{"id":9364,"href":"https:\/\/www.nexoinformativo.mx\/index.php\/wp-json\/wp\/v2\/posts\/9358\/revisions\/9364"}],"wp:featuredmedia":[{"embeddable":true,"href":"https:\/\/www.nexoinformativo.mx\/index.php\/wp-json\/wp\/v2\/media\/9359"}],"wp:attachment":[{"href":"https:\/\/www.nexoinformativo.mx\/index.php\/wp-json\/wp\/v2\/media?parent=9358"}],"wp:term":[{"taxonomy":"category","embeddable":true,"href":"https:\/\/www.nexoinformativo.mx\/index.php\/wp-json\/wp\/v2\/categories?post=9358"},{"taxonomy":"post_tag","embeddable":true,"href":"https:\/\/www.nexoinformativo.mx\/index.php\/wp-json\/wp\/v2\/tags?post=9358"}],"curies":[{"name":"wp","href":"https:\/\/api.w.org\/{rel}","templated":true}]}}