{"id":9370,"date":"2025-01-06T08:30:11","date_gmt":"2025-01-06T14:30:11","guid":{"rendered":"https:\/\/www.nexoinformativo.mx\/?p=9370"},"modified":"2025-01-06T13:29:46","modified_gmt":"2025-01-06T19:29:46","slug":"queretaro-intensifica-la-vacunacion-contra-la-influenza-casi-65-de-la-meta-alcanzada","status":"publish","type":"post","link":"https:\/\/www.nexoinformativo.mx\/index.php\/2025\/01\/06\/queretaro-intensifica-la-vacunacion-contra-la-influenza-casi-65-de-la-meta-alcanzada\/","title":{"rendered":"Quer\u00e9taro intensifica la vacunaci\u00f3n contra la influenza, casi 65% de la meta alcanzada"},"content":{"rendered":"<p style=\"text-align: justify;\" data-sourcepos=\"11:1-11:269\">La Secretar\u00eda de Salud del estado de Quer\u00e9taro ha informado que se ha logrado un avance significativo en la campa\u00f1a de vacunaci\u00f3n contra la influenza estacional. Hasta la fecha, se han aplicado m\u00e1s de 402 mil dosis, lo que representa casi el 65% de la meta establecida.<\/p>\n<\/p>\n<p>&nbsp;<\/p>\n<p style=\"text-align: justify;\" data-sourcepos=\"13:1-13:340\">A pesar de este avance, es importante recordar que la temporada de influenza a\u00fan no ha concluido y se exhorta a la poblaci\u00f3n a continuar vacun\u00e1ndose. Los grupos de riesgo, como adultos mayores, embarazadas, ni\u00f1os menores de cinco a\u00f1os y personas con enfermedades cr\u00f3nicas, son especialmente vulnerables a complicaciones por esta enfermedad.<\/p>\n<\/p>\n<p>&nbsp;<\/p>\n<p style=\"text-align: justify;\" data-sourcepos=\"15:1-15:225\">La influenza se caracteriza por s\u00edntomas como fiebre alta, tos, dolor muscular y malestar general. Aunque en la mayor\u00eda de los casos se recupera en una semana, en algunos puede causar complicaciones graves, incluso la muerte.<\/p>\n<\/p>\n<p>&nbsp;<\/p>\n<p style=\"text-align: justify;\" data-sourcepos=\"19:1-19:266\">La vacuna contra la influenza est\u00e1 disponible en los centros de salud de los 18 municipios, as\u00ed como en diversos puntos estrat\u00e9gicos como plazas comerciales y mercados. El ISSSTE e IMSS tambi\u00e9n han habilitado m\u00f3dulos de vacunaci\u00f3n en diferentes puntos de la entidad.<\/p>\n<\/p>\n<p>&nbsp;<\/p>\n<p style=\"text-align: justify;\" data-sourcepos=\"23:1-23:93\">\u00a1Vac\u00fanate y protege tu salud y la de tu familia! La Secretar\u00eda de Salud recomienda a la poblaci\u00f3n a seguir las siguientes medidas preventivas.<\/p>\n<\/p>\n<p>&nbsp;<\/p>\n<p style=\"text-align: justify;\">Lavarse las manos frecuentemente con agua y jab\u00f3n, cubrirse la boca y nariz al toser o estornudar, evita el contacto cercano con personas enfermas y limpiar y desinfectar objetos y superficies de uso com\u00fan.<\/p>\n<\/p>\n<p>&nbsp;<\/p>\n<p style=\"text-align: center;\"><em><strong>\u00a1Informaci\u00f3n que transforma!<\/strong><\/em><\/p>\n","protected":false},"excerpt":{"rendered":"<p>La Secretar\u00eda de Salud del estado de Quer\u00e9taro ha informado que se ha logrado un avance significativo en la campa\u00f1a de vacunaci\u00f3n contra la influenza estacional. Hasta la fecha, se han aplicado m\u00e1s de 402 mil dosis, lo que representa casi el 65% de la meta establecida.<\/p>\n","protected":false},"author":3,"featured_media":9371,"comment_status":"open","ping_status":"open","sticky":false,"template":"","format":"standard","meta":{"footnotes":""},"categories":[42,58],"tags":[2993,1054,2994,2992],"class_list":["post-9370","post","type-post","status-publish","format-standard","has-post-thumbnail","hentry","category-estado","category-ultima-hora","tag-prevenirlainfluenza","tag-saludqueretaro","tag-temporadainvernal","tag-vacunacontralainfluenza"],"yoast_head":"<!-- This site is optimized with the Yoast SEO plugin v25.0 - https:\/\/yoast.com\/wordpress\/plugins\/seo\/ -->\n<title>Quer\u00e9taro intensifica la vacunaci\u00f3n contra la influenza, casi 65% de la meta alcanzada | Nexo Informativo Santiago de Quer\u00e9taro<\/title>\n<meta name=\"robots\" content=\"index, follow, max-snippet:-1, max-image-preview:large, max-video-preview:-1\" \/>\n<link rel=\"canonical\" href=\"https:\/\/www.nexoinformativo.mx\/index.php\/2025\/01\/06\/queretaro-intensifica-la-vacunacion-contra-la-influenza-casi-65-de-la-meta-alcanzada\/\" \/>\n<meta property=\"og:locale\" content=\"es_MX\" \/>\n<meta property=\"og:type\" content=\"article\" \/>\n<meta property=\"og:title\" content=\"Quer\u00e9taro intensifica la vacunaci\u00f3n contra la influenza, casi 65% de la meta alcanzada | Nexo Informativo Santiago de Quer\u00e9taro\" \/>\n<meta property=\"og:description\" content=\"La Secretar\u00eda de Salud del estado de Quer\u00e9taro ha informado que se ha logrado un avance significativo en la campa\u00f1a de vacunaci\u00f3n contra la influenza estacional. Hasta la fecha, se han aplicado m\u00e1s de 402 mil dosis, lo que representa casi el 65% de la meta establecida.\" \/>\n<meta property=\"og:url\" content=\"https:\/\/www.nexoinformativo.mx\/index.php\/2025\/01\/06\/queretaro-intensifica-la-vacunacion-contra-la-influenza-casi-65-de-la-meta-alcanzada\/\" \/>\n<meta property=\"og:site_name\" content=\"Nexo Informativo Santiago de Quer\u00e9taro\" \/>\n<meta property=\"article:publisher\" content=\"https:\/\/www.facebook.com\/people\/Nexo-Informativo\/61564066885511\/\" \/>\n<meta property=\"article:published_time\" content=\"2025-01-06T14:30:11+00:00\" \/>\n<meta property=\"article:modified_time\" content=\"2025-01-06T19:29:46+00:00\" \/>\n<meta property=\"og:image\" content=\"https:\/\/www.nexoinformativo.mx\/wp-content\/uploads\/2025\/01\/a492f83b-9102-451f-aec6-83b521f41bfb-e1736191734747.jpg\" \/>\n\t<meta property=\"og:image:width\" content=\"700\" \/>\n\t<meta property=\"og:image:height\" content=\"883\" \/>\n\t<meta property=\"og:image:type\" content=\"image\/jpeg\" \/>\n<meta name=\"author\" content=\"Nexo Informativo\" \/>\n<meta name=\"twitter:card\" content=\"summary_large_image\" \/>\n<meta name=\"twitter:label1\" content=\"Escrito por\" \/>\n\t<meta name=\"twitter:data1\" content=\"Nexo Informativo\" \/>\n\t<meta name=\"twitter:label2\" content=\"Tiempo de lectura\" \/>\n\t<meta name=\"twitter:data2\" content=\"2 minutos\" \/>\n<script type=\"application\/ld+json\" class=\"yoast-schema-graph\">{\"@context\":\"https:\/\/schema.org\",\"@graph\":[{\"@type\":\"Article\",\"@id\":\"https:\/\/www.nexoinformativo.mx\/index.php\/2025\/01\/06\/queretaro-intensifica-la-vacunacion-contra-la-influenza-casi-65-de-la-meta-alcanzada\/#article\",\"isPartOf\":{\"@id\":\"https:\/\/www.nexoinformativo.mx\/index.php\/2025\/01\/06\/queretaro-intensifica-la-vacunacion-contra-la-influenza-casi-65-de-la-meta-alcanzada\/\"},\"author\":{\"name\":\"Nexo Informativo\",\"@id\":\"https:\/\/www.nexoinformativo.mx\/#\/schema\/person\/7749d380ba08c8ca00d7bc76fd907b7d\"},\"headline\":\"Quer\u00e9taro intensifica la vacunaci\u00f3n contra la influenza, casi 65% de la meta alcanzada\",\"datePublished\":\"2025-01-06T14:30:11+00:00\",\"dateModified\":\"2025-01-06T19:29:46+00:00\",\"mainEntityOfPage\":{\"@id\":\"https:\/\/www.nexoinformativo.mx\/index.php\/2025\/01\/06\/queretaro-intensifica-la-vacunacion-contra-la-influenza-casi-65-de-la-meta-alcanzada\/\"},\"wordCount\":279,\"commentCount\":0,\"publisher\":{\"@id\":\"https:\/\/www.nexoinformativo.mx\/#organization\"},\"image\":{\"@id\":\"https:\/\/www.nexoinformativo.mx\/index.php\/2025\/01\/06\/queretaro-intensifica-la-vacunacion-contra-la-influenza-casi-65-de-la-meta-alcanzada\/#primaryimage\"},\"thumbnailUrl\":\"https:\/\/www.nexoinformativo.mx\/wp-content\/uploads\/2025\/01\/a492f83b-9102-451f-aec6-83b521f41bfb-e1736191734747.jpg\",\"keywords\":[\"PrevenirLaInfluenza\",\"SaludQuer\u00e9taro\",\"TemporadaInvernal\",\"VacunaContraLaInfluenza\"],\"articleSection\":[\"Estado\",\"\u00daltima Hora\"],\"inLanguage\":\"es\",\"potentialAction\":[{\"@type\":\"CommentAction\",\"name\":\"Comment\",\"target\":[\"https:\/\/www.nexoinformativo.mx\/index.php\/2025\/01\/06\/queretaro-intensifica-la-vacunacion-contra-la-influenza-casi-65-de-la-meta-alcanzada\/#respond\"]}]},{\"@type\":\"WebPage\",\"@id\":\"https:\/\/www.nexoinformativo.mx\/index.php\/2025\/01\/06\/queretaro-intensifica-la-vacunacion-contra-la-influenza-casi-65-de-la-meta-alcanzada\/\",\"url\":\"https:\/\/www.nexoinformativo.mx\/index.php\/2025\/01\/06\/queretaro-intensifica-la-vacunacion-contra-la-influenza-casi-65-de-la-meta-alcanzada\/\",\"name\":\"Quer\u00e9taro intensifica la vacunaci\u00f3n contra la influenza, casi 65% de la meta alcanzada | Nexo Informativo Santiago de Quer\u00e9taro\",\"isPartOf\":{\"@id\":\"https:\/\/www.nexoinformativo.mx\/#website\"},\"primaryImageOfPage\":{\"@id\":\"https:\/\/www.nexoinformativo.mx\/index.php\/2025\/01\/06\/queretaro-intensifica-la-vacunacion-contra-la-influenza-casi-65-de-la-meta-alcanzada\/#primaryimage\"},\"image\":{\"@id\":\"https:\/\/www.nexoinformativo.mx\/index.php\/2025\/01\/06\/queretaro-intensifica-la-vacunacion-contra-la-influenza-casi-65-de-la-meta-alcanzada\/#primaryimage\"},\"thumbnailUrl\":\"https:\/\/www.nexoinformativo.mx\/wp-content\/uploads\/2025\/01\/a492f83b-9102-451f-aec6-83b521f41bfb-e1736191734747.jpg\",\"datePublished\":\"2025-01-06T14:30:11+00:00\",\"dateModified\":\"2025-01-06T19:29:46+00:00\",\"breadcrumb\":{\"@id\":\"https:\/\/www.nexoinformativo.mx\/index.php\/2025\/01\/06\/queretaro-intensifica-la-vacunacion-contra-la-influenza-casi-65-de-la-meta-alcanzada\/#breadcrumb\"},\"inLanguage\":\"es\",\"potentialAction\":[{\"@type\":\"ReadAction\",\"target\":[\"https:\/\/www.nexoinformativo.mx\/index.php\/2025\/01\/06\/queretaro-intensifica-la-vacunacion-contra-la-influenza-casi-65-de-la-meta-alcanzada\/\"]}]},{\"@type\":\"ImageObject\",\"inLanguage\":\"es\",\"@id\":\"https:\/\/www.nexoinformativo.mx\/index.php\/2025\/01\/06\/queretaro-intensifica-la-vacunacion-contra-la-influenza-casi-65-de-la-meta-alcanzada\/#primaryimage\",\"url\":\"https:\/\/www.nexoinformativo.mx\/wp-content\/uploads\/2025\/01\/a492f83b-9102-451f-aec6-83b521f41bfb-e1736191734747.jpg\",\"contentUrl\":\"https:\/\/www.nexoinformativo.mx\/wp-content\/uploads\/2025\/01\/a492f83b-9102-451f-aec6-83b521f41bfb-e1736191734747.jpg\",\"width\":700,\"height\":883},{\"@type\":\"BreadcrumbList\",\"@id\":\"https:\/\/www.nexoinformativo.mx\/index.php\/2025\/01\/06\/queretaro-intensifica-la-vacunacion-contra-la-influenza-casi-65-de-la-meta-alcanzada\/#breadcrumb\",\"itemListElement\":[{\"@type\":\"ListItem\",\"position\":1,\"name\":\"Inicio\",\"item\":\"https:\/\/www.nexoinformativo.mx\/\"},{\"@type\":\"ListItem\",\"position\":2,\"name\":\"Quer\u00e9taro intensifica la vacunaci\u00f3n contra la influenza, casi 65% de la meta alcanzada\"}]},{\"@type\":\"WebSite\",\"@id\":\"https:\/\/www.nexoinformativo.mx\/#website\",\"url\":\"https:\/\/www.nexoinformativo.mx\/\",\"name\":\"Nexo Informativo Santiago de Quer\u00e9taro\",\"description\":\"Explora NexoInformativo y convi\u00e9rtete en parte de una comunidad que valora el conocimiento y la verdad. Tu nexoinformativo es tu puente hacia una comprensi\u00f3n m\u00e1s profunda del mundo que te rodea.\",\"publisher\":{\"@id\":\"https:\/\/www.nexoinformativo.mx\/#organization\"},\"potentialAction\":[{\"@type\":\"SearchAction\",\"target\":{\"@type\":\"EntryPoint\",\"urlTemplate\":\"https:\/\/www.nexoinformativo.mx\/?s={search_term_string}\"},\"query-input\":{\"@type\":\"PropertyValueSpecification\",\"valueRequired\":true,\"valueName\":\"search_term_string\"}}],\"inLanguage\":\"es\"},{\"@type\":\"Organization\",\"@id\":\"https:\/\/www.nexoinformativo.mx\/#organization\",\"name\":\"Nexo Informativo Santiago de Quer\u00e9taro\",\"url\":\"https:\/\/www.nexoinformativo.mx\/\",\"logo\":{\"@type\":\"ImageObject\",\"inLanguage\":\"es\",\"@id\":\"https:\/\/www.nexoinformativo.mx\/#\/schema\/logo\/image\/\",\"url\":\"https:\/\/www.nexoinformativo.mx\/wp-content\/uploads\/2024\/07\/nexoi-trasparente-2.png\",\"contentUrl\":\"https:\/\/www.nexoinformativo.mx\/wp-content\/uploads\/2024\/07\/nexoi-trasparente-2.png\",\"width\":816,\"height\":339,\"caption\":\"Nexo Informativo Santiago de Quer\u00e9taro\"},\"image\":{\"@id\":\"https:\/\/www.nexoinformativo.mx\/#\/schema\/logo\/image\/\"},\"sameAs\":[\"https:\/\/www.facebook.com\/people\/Nexo-Informativo\/61564066885511\/\"]},{\"@type\":\"Person\",\"@id\":\"https:\/\/www.nexoinformativo.mx\/#\/schema\/person\/7749d380ba08c8ca00d7bc76fd907b7d\",\"name\":\"Nexo Informativo\",\"image\":{\"@type\":\"ImageObject\",\"inLanguage\":\"es\",\"@id\":\"https:\/\/www.nexoinformativo.mx\/#\/schema\/person\/image\/\",\"url\":\"https:\/\/secure.gravatar.com\/avatar\/dde2928154642a13d95f87ddf1ea9718fe2b46760a005c53e41ff5ad610704e6?s=96&d=mm&r=g\",\"contentUrl\":\"https:\/\/secure.gravatar.com\/avatar\/dde2928154642a13d95f87ddf1ea9718fe2b46760a005c53e41ff5ad610704e6?s=96&d=mm&r=g\",\"caption\":\"Nexo Informativo\"},\"url\":\"https:\/\/www.nexoinformativo.mx\/index.php\/author\/edicion\/\"}]}<\/script>\n<!-- \/ Yoast SEO plugin. -->","yoast_head_json":{"title":"Quer\u00e9taro intensifica la vacunaci\u00f3n contra la influenza, casi 65% de la meta alcanzada | Nexo Informativo Santiago de Quer\u00e9taro","robots":{"index":"index","follow":"follow","max-snippet":"max-snippet:-1","max-image-preview":"max-image-preview:large","max-video-preview":"max-video-preview:-1"},"canonical":"https:\/\/www.nexoinformativo.mx\/index.php\/2025\/01\/06\/queretaro-intensifica-la-vacunacion-contra-la-influenza-casi-65-de-la-meta-alcanzada\/","og_locale":"es_MX","og_type":"article","og_title":"Quer\u00e9taro intensifica la vacunaci\u00f3n contra la influenza, casi 65% de la meta alcanzada | Nexo Informativo Santiago de Quer\u00e9taro","og_description":"La Secretar\u00eda de Salud del estado de Quer\u00e9taro ha informado que se ha logrado un avance significativo en la campa\u00f1a de vacunaci\u00f3n contra la influenza estacional. Hasta la fecha, se han aplicado m\u00e1s de 402 mil dosis, lo que representa casi el 65% de la meta establecida.","og_url":"https:\/\/www.nexoinformativo.mx\/index.php\/2025\/01\/06\/queretaro-intensifica-la-vacunacion-contra-la-influenza-casi-65-de-la-meta-alcanzada\/","og_site_name":"Nexo Informativo Santiago de Quer\u00e9taro","article_publisher":"https:\/\/www.facebook.com\/people\/Nexo-Informativo\/61564066885511\/","article_published_time":"2025-01-06T14:30:11+00:00","article_modified_time":"2025-01-06T19:29:46+00:00","og_image":[{"width":700,"height":883,"url":"https:\/\/www.nexoinformativo.mx\/wp-content\/uploads\/2025\/01\/a492f83b-9102-451f-aec6-83b521f41bfb-e1736191734747.jpg","type":"image\/jpeg"}],"author":"Nexo Informativo","twitter_card":"summary_large_image","twitter_misc":{"Escrito por":"Nexo Informativo","Tiempo de lectura":"2 minutos"},"schema":{"@context":"https:\/\/schema.org","@graph":[{"@type":"Article","@id":"https:\/\/www.nexoinformativo.mx\/index.php\/2025\/01\/06\/queretaro-intensifica-la-vacunacion-contra-la-influenza-casi-65-de-la-meta-alcanzada\/#article","isPartOf":{"@id":"https:\/\/www.nexoinformativo.mx\/index.php\/2025\/01\/06\/queretaro-intensifica-la-vacunacion-contra-la-influenza-casi-65-de-la-meta-alcanzada\/"},"author":{"name":"Nexo Informativo","@id":"https:\/\/www.nexoinformativo.mx\/#\/schema\/person\/7749d380ba08c8ca00d7bc76fd907b7d"},"headline":"Quer\u00e9taro intensifica la vacunaci\u00f3n contra la influenza, casi 65% de la meta alcanzada","datePublished":"2025-01-06T14:30:11+00:00","dateModified":"2025-01-06T19:29:46+00:00","mainEntityOfPage":{"@id":"https:\/\/www.nexoinformativo.mx\/index.php\/2025\/01\/06\/queretaro-intensifica-la-vacunacion-contra-la-influenza-casi-65-de-la-meta-alcanzada\/"},"wordCount":279,"commentCount":0,"publisher":{"@id":"https:\/\/www.nexoinformativo.mx\/#organization"},"image":{"@id":"https:\/\/www.nexoinformativo.mx\/index.php\/2025\/01\/06\/queretaro-intensifica-la-vacunacion-contra-la-influenza-casi-65-de-la-meta-alcanzada\/#primaryimage"},"thumbnailUrl":"https:\/\/www.nexoinformativo.mx\/wp-content\/uploads\/2025\/01\/a492f83b-9102-451f-aec6-83b521f41bfb-e1736191734747.jpg","keywords":["PrevenirLaInfluenza","SaludQuer\u00e9taro","TemporadaInvernal","VacunaContraLaInfluenza"],"articleSection":["Estado","\u00daltima Hora"],"inLanguage":"es","potentialAction":[{"@type":"CommentAction","name":"Comment","target":["https:\/\/www.nexoinformativo.mx\/index.php\/2025\/01\/06\/queretaro-intensifica-la-vacunacion-contra-la-influenza-casi-65-de-la-meta-alcanzada\/#respond"]}]},{"@type":"WebPage","@id":"https:\/\/www.nexoinformativo.mx\/index.php\/2025\/01\/06\/queretaro-intensifica-la-vacunacion-contra-la-influenza-casi-65-de-la-meta-alcanzada\/","url":"https:\/\/www.nexoinformativo.mx\/index.php\/2025\/01\/06\/queretaro-intensifica-la-vacunacion-contra-la-influenza-casi-65-de-la-meta-alcanzada\/","name":"Quer\u00e9taro intensifica la vacunaci\u00f3n contra la influenza, casi 65% de la meta alcanzada | Nexo Informativo Santiago de Quer\u00e9taro","isPartOf":{"@id":"https:\/\/www.nexoinformativo.mx\/#website"},"primaryImageOfPage":{"@id":"https:\/\/www.nexoinformativo.mx\/index.php\/2025\/01\/06\/queretaro-intensifica-la-vacunacion-contra-la-influenza-casi-65-de-la-meta-alcanzada\/#primaryimage"},"image":{"@id":"https:\/\/www.nexoinformativo.mx\/index.php\/2025\/01\/06\/queretaro-intensifica-la-vacunacion-contra-la-influenza-casi-65-de-la-meta-alcanzada\/#primaryimage"},"thumbnailUrl":"https:\/\/www.nexoinformativo.mx\/wp-content\/uploads\/2025\/01\/a492f83b-9102-451f-aec6-83b521f41bfb-e1736191734747.jpg","datePublished":"2025-01-06T14:30:11+00:00","dateModified":"2025-01-06T19:29:46+00:00","breadcrumb":{"@id":"https:\/\/www.nexoinformativo.mx\/index.php\/2025\/01\/06\/queretaro-intensifica-la-vacunacion-contra-la-influenza-casi-65-de-la-meta-alcanzada\/#breadcrumb"},"inLanguage":"es","potentialAction":[{"@type":"ReadAction","target":["https:\/\/www.nexoinformativo.mx\/index.php\/2025\/01\/06\/queretaro-intensifica-la-vacunacion-contra-la-influenza-casi-65-de-la-meta-alcanzada\/"]}]},{"@type":"ImageObject","inLanguage":"es","@id":"https:\/\/www.nexoinformativo.mx\/index.php\/2025\/01\/06\/queretaro-intensifica-la-vacunacion-contra-la-influenza-casi-65-de-la-meta-alcanzada\/#primaryimage","url":"https:\/\/www.nexoinformativo.mx\/wp-content\/uploads\/2025\/01\/a492f83b-9102-451f-aec6-83b521f41bfb-e1736191734747.jpg","contentUrl":"https:\/\/www.nexoinformativo.mx\/wp-content\/uploads\/2025\/01\/a492f83b-9102-451f-aec6-83b521f41bfb-e1736191734747.jpg","width":700,"height":883},{"@type":"BreadcrumbList","@id":"https:\/\/www.nexoinformativo.mx\/index.php\/2025\/01\/06\/queretaro-intensifica-la-vacunacion-contra-la-influenza-casi-65-de-la-meta-alcanzada\/#breadcrumb","itemListElement":[{"@type":"ListItem","position":1,"name":"Inicio","item":"https:\/\/www.nexoinformativo.mx\/"},{"@type":"ListItem","position":2,"name":"Quer\u00e9taro intensifica la vacunaci\u00f3n contra la influenza, casi 65% de la meta alcanzada"}]},{"@type":"WebSite","@id":"https:\/\/www.nexoinformativo.mx\/#website","url":"https:\/\/www.nexoinformativo.mx\/","name":"Nexo Informativo Santiago de Quer\u00e9taro","description":"Explora NexoInformativo y convi\u00e9rtete en parte de una comunidad que valora el conocimiento y la verdad. Tu nexoinformativo es tu puente hacia una comprensi\u00f3n m\u00e1s profunda del mundo que te rodea.","publisher":{"@id":"https:\/\/www.nexoinformativo.mx\/#organization"},"potentialAction":[{"@type":"SearchAction","target":{"@type":"EntryPoint","urlTemplate":"https:\/\/www.nexoinformativo.mx\/?s={search_term_string}"},"query-input":{"@type":"PropertyValueSpecification","valueRequired":true,"valueName":"search_term_string"}}],"inLanguage":"es"},{"@type":"Organization","@id":"https:\/\/www.nexoinformativo.mx\/#organization","name":"Nexo Informativo Santiago de Quer\u00e9taro","url":"https:\/\/www.nexoinformativo.mx\/","logo":{"@type":"ImageObject","inLanguage":"es","@id":"https:\/\/www.nexoinformativo.mx\/#\/schema\/logo\/image\/","url":"https:\/\/www.nexoinformativo.mx\/wp-content\/uploads\/2024\/07\/nexoi-trasparente-2.png","contentUrl":"https:\/\/www.nexoinformativo.mx\/wp-content\/uploads\/2024\/07\/nexoi-trasparente-2.png","width":816,"height":339,"caption":"Nexo Informativo Santiago de Quer\u00e9taro"},"image":{"@id":"https:\/\/www.nexoinformativo.mx\/#\/schema\/logo\/image\/"},"sameAs":["https:\/\/www.facebook.com\/people\/Nexo-Informativo\/61564066885511\/"]},{"@type":"Person","@id":"https:\/\/www.nexoinformativo.mx\/#\/schema\/person\/7749d380ba08c8ca00d7bc76fd907b7d","name":"Nexo Informativo","image":{"@type":"ImageObject","inLanguage":"es","@id":"https:\/\/www.nexoinformativo.mx\/#\/schema\/person\/image\/","url":"https:\/\/secure.gravatar.com\/avatar\/dde2928154642a13d95f87ddf1ea9718fe2b46760a005c53e41ff5ad610704e6?s=96&d=mm&r=g","contentUrl":"https:\/\/secure.gravatar.com\/avatar\/dde2928154642a13d95f87ddf1ea9718fe2b46760a005c53e41ff5ad610704e6?s=96&d=mm&r=g","caption":"Nexo Informativo"},"url":"https:\/\/www.nexoinformativo.mx\/index.php\/author\/edicion\/"}]}},"_links":{"self":[{"href":"https:\/\/www.nexoinformativo.mx\/index.php\/wp-json\/wp\/v2\/posts\/9370","targetHints":{"allow":["GET"]}}],"collection":[{"href":"https:\/\/www.nexoinformativo.mx\/index.php\/wp-json\/wp\/v2\/posts"}],"about":[{"href":"https:\/\/www.nexoinformativo.mx\/index.php\/wp-json\/wp\/v2\/types\/post"}],"author":[{"embeddable":true,"href":"https:\/\/www.nexoinformativo.mx\/index.php\/wp-json\/wp\/v2\/users\/3"}],"replies":[{"embeddable":true,"href":"https:\/\/www.nexoinformativo.mx\/index.php\/wp-json\/wp\/v2\/comments?post=9370"}],"version-history":[{"count":3,"href":"https:\/\/www.nexoinformativo.mx\/index.php\/wp-json\/wp\/v2\/posts\/9370\/revisions"}],"predecessor-version":[{"id":9374,"href":"https:\/\/www.nexoinformativo.mx\/index.php\/wp-json\/wp\/v2\/posts\/9370\/revisions\/9374"}],"wp:featuredmedia":[{"embeddable":true,"href":"https:\/\/www.nexoinformativo.mx\/index.php\/wp-json\/wp\/v2\/media\/9371"}],"wp:attachment":[{"href":"https:\/\/www.nexoinformativo.mx\/index.php\/wp-json\/wp\/v2\/media?parent=9370"}],"wp:term":[{"taxonomy":"category","embeddable":true,"href":"https:\/\/www.nexoinformativo.mx\/index.php\/wp-json\/wp\/v2\/categories?post=9370"},{"taxonomy":"post_tag","embeddable":true,"href":"https:\/\/www.nexoinformativo.mx\/index.php\/wp-json\/wp\/v2\/tags?post=9370"}],"curies":[{"name":"wp","href":"https:\/\/api.w.org\/{rel}","templated":true}]}}