{"id":9375,"date":"2025-01-06T09:00:02","date_gmt":"2025-01-06T15:00:02","guid":{"rendered":"https:\/\/www.nexoinformativo.mx\/?p=9375"},"modified":"2025-01-06T13:36:42","modified_gmt":"2025-01-06T19:36:42","slug":"el-marques-hace-un-llamado-no-al-regalo-de-mascotas-en-reyes-una-mascota-es-una-responsabilidad","status":"publish","type":"post","link":"https:\/\/www.nexoinformativo.mx\/index.php\/2025\/01\/06\/el-marques-hace-un-llamado-no-al-regalo-de-mascotas-en-reyes-una-mascota-es-una-responsabilidad\/","title":{"rendered":"El Marqu\u00e9s hace un llamado \u00a1No! al regalo de mascotas en Reyes una mascota es una responsabilidad"},"content":{"rendered":"<p style=\"text-align: justify;\" data-sourcepos=\"11:1-11:362\">Ante el inminente D\u00eda de Reyes, el municipio de El Marqu\u00e9s ha lanzado una importante campa\u00f1a para concientizar a la poblaci\u00f3n sobre la responsabilidad que implica tener una mascota. A trav\u00e9s del Centro de Atenci\u00f3n Animal Municipal (CAAM), se exhorta a evitar la compra o regalo de animales durante esta festividad, con el objetivo de prevenir el abandono animal.<\/p>\n<p>&nbsp;<\/p>\n<p style=\"text-align: justify;\" data-sourcepos=\"13:1-13:360\">El director del CAAM, Israel Hern\u00e1ndez, ha se\u00f1alado que regalar una mascota sin considerar las implicaciones que esto conlleva es un acto irresponsable. Muchas veces, los ni\u00f1os o quienes reciben un animal como regalo no est\u00e1n preparados para asumir los cuidados que requiere una mascota, lo que deriva en su abandono cuando crecen y demandan m\u00e1s atenci\u00f3n.<\/p>\n<p>&nbsp;<\/p>\n<p style=\"text-align: justify;\" data-sourcepos=\"15:1-15:232\"><strong>&#8220;Un perro o un gato no es un juguete ni un regalo adecuado para Reyes Magos&#8221;<\/strong>, afirm\u00f3 Hern\u00e1ndez. La responsabilidad de cuidar a un animal implica proporcionar alimentaci\u00f3n adecuada, atenci\u00f3n veterinaria, ejercicio y mucho amor.<\/p>\n<p>&nbsp;<\/p>\n<p style=\"text-align: justify;\" data-sourcepos=\"17:1-17:289\">Para combatir esta problem\u00e1tica, el municipio de El Marqu\u00e9s realiza operativos constantes en tianguis y puntos de venta clandestina de animales, imponiendo sanciones econ\u00f3micas a quienes infrinjan la ley. Adem\u00e1s, se promueve la adopci\u00f3n responsable de mascotas en los refugios municipales.<\/p>\n<p>&nbsp;<\/p>\n<p style=\"text-align: justify;\" data-sourcepos=\"21:1-21:193\">Al adoptar una mascota de un refugio, est\u00e1s brindando una segunda oportunidad a un animal que lo necesita. Adem\u00e1s, est\u00e1s contribuyendo a reducir el n\u00famero de animales abandonados en las calles.<\/p>\n<p>&nbsp;<\/p>\n<p style=\"text-align: justify;\" data-sourcepos=\"23:1-23:58\"><strong>Recomendaciones si deseas tener una mascota:<\/strong><\/p>\n<\/p>\n<p>&nbsp;<br \/>\n*Investiga sobre la raza y las necesidades espec\u00edficas de la mascota que deseas adoptar.<\/p>\n<p>*Asume la responsabilidad de cuidar a un animal implica tiempo, dedicaci\u00f3n y recursos econ\u00f3micos.<\/p>\n<p>*La esterilizaci\u00f3n es fundamental para controlar la poblaci\u00f3n de animales callejeros.<\/p>\n<p>*En los refugios encontrar\u00e1s una gran variedad de animales en busca de un hogar.<\/p>\n<p>&nbsp;<\/p>\n<p style=\"text-align: center;\"><em><strong>\u00a1Informaci\u00f3n que transforma!<\/strong><\/em><\/p>\n","protected":false},"excerpt":{"rendered":"<p>Ante el inminente D\u00eda de Reyes, el municipio de El Marqu\u00e9s ha lanzado una importante campa\u00f1a para concientizar a la poblaci\u00f3n sobre la responsabilidad que implica tener una mascota. A trav\u00e9s del Centro de Atenci\u00f3n Animal Municipal (CAAM), se exhorta a evitar la compra o regalo de animales durante esta festividad, con el objetivo de prevenir el abandono animal.<\/p>\n","protected":false},"author":3,"featured_media":9376,"comment_status":"open","ping_status":"open","sticky":false,"template":"","format":"standard","meta":{"footnotes":""},"categories":[65,58],"tags":[411,410,149,2995],"class_list":["post-9375","post","type-post","status-publish","format-standard","has-post-thumbnail","hentry","category-municipios","category-ultima-hora","tag-adoptanocompres","tag-bienestaranimal","tag-elmarques","tag-noalabandono"],"yoast_head":"<!-- This site is optimized with the Yoast SEO plugin v25.0 - https:\/\/yoast.com\/wordpress\/plugins\/seo\/ -->\n<title>El Marqu\u00e9s hace un llamado \u00a1No! al regalo de mascotas en Reyes una mascota es una responsabilidad | Nexo Informativo Santiago de Quer\u00e9taro<\/title>\n<meta name=\"description\" content=\"El Marqu\u00e9s hace un llamado \u00a1No! al regalo de mascotas en Reyes una mascota es una responsabilidad\" \/>\n<meta name=\"robots\" content=\"index, follow, max-snippet:-1, max-image-preview:large, max-video-preview:-1\" \/>\n<link rel=\"canonical\" href=\"https:\/\/www.nexoinformativo.mx\/index.php\/2025\/01\/06\/el-marques-hace-un-llamado-no-al-regalo-de-mascotas-en-reyes-una-mascota-es-una-responsabilidad\/\" \/>\n<meta property=\"og:locale\" content=\"es_MX\" \/>\n<meta property=\"og:type\" content=\"article\" \/>\n<meta property=\"og:title\" content=\"El Marqu\u00e9s hace un llamado \u00a1No! al regalo de mascotas en Reyes una mascota es una responsabilidad | Nexo Informativo Santiago de Quer\u00e9taro\" \/>\n<meta property=\"og:description\" content=\"El Marqu\u00e9s hace un llamado \u00a1No! al regalo de mascotas en Reyes una mascota es una responsabilidad\" \/>\n<meta property=\"og:url\" content=\"https:\/\/www.nexoinformativo.mx\/index.php\/2025\/01\/06\/el-marques-hace-un-llamado-no-al-regalo-de-mascotas-en-reyes-una-mascota-es-una-responsabilidad\/\" \/>\n<meta property=\"og:site_name\" content=\"Nexo Informativo Santiago de Quer\u00e9taro\" \/>\n<meta property=\"article:publisher\" content=\"https:\/\/www.facebook.com\/people\/Nexo-Informativo\/61564066885511\/\" \/>\n<meta property=\"article:published_time\" content=\"2025-01-06T15:00:02+00:00\" \/>\n<meta property=\"article:modified_time\" content=\"2025-01-06T19:36:42+00:00\" \/>\n<meta property=\"og:image\" content=\"https:\/\/www.nexoinformativo.mx\/wp-content\/uploads\/2025\/01\/PHOTO-2025-01-06-09-11-24-scaled-e1736192087220.jpg\" \/>\n\t<meta property=\"og:image:width\" content=\"800\" \/>\n\t<meta property=\"og:image:height\" content=\"533\" \/>\n\t<meta property=\"og:image:type\" content=\"image\/jpeg\" \/>\n<meta name=\"author\" content=\"Nexo Informativo\" \/>\n<meta name=\"twitter:card\" content=\"summary_large_image\" \/>\n<meta name=\"twitter:label1\" content=\"Escrito por\" \/>\n\t<meta name=\"twitter:data1\" content=\"Nexo Informativo\" \/>\n\t<meta name=\"twitter:label2\" content=\"Tiempo de lectura\" \/>\n\t<meta name=\"twitter:data2\" content=\"2 minutos\" \/>\n<script type=\"application\/ld+json\" class=\"yoast-schema-graph\">{\"@context\":\"https:\/\/schema.org\",\"@graph\":[{\"@type\":\"Article\",\"@id\":\"https:\/\/www.nexoinformativo.mx\/index.php\/2025\/01\/06\/el-marques-hace-un-llamado-no-al-regalo-de-mascotas-en-reyes-una-mascota-es-una-responsabilidad\/#article\",\"isPartOf\":{\"@id\":\"https:\/\/www.nexoinformativo.mx\/index.php\/2025\/01\/06\/el-marques-hace-un-llamado-no-al-regalo-de-mascotas-en-reyes-una-mascota-es-una-responsabilidad\/\"},\"author\":{\"name\":\"Nexo Informativo\",\"@id\":\"https:\/\/www.nexoinformativo.mx\/#\/schema\/person\/7749d380ba08c8ca00d7bc76fd907b7d\"},\"headline\":\"El Marqu\u00e9s hace un llamado \u00a1No! al regalo de mascotas en Reyes una mascota es una responsabilidad\",\"datePublished\":\"2025-01-06T15:00:02+00:00\",\"dateModified\":\"2025-01-06T19:36:42+00:00\",\"mainEntityOfPage\":{\"@id\":\"https:\/\/www.nexoinformativo.mx\/index.php\/2025\/01\/06\/el-marques-hace-un-llamado-no-al-regalo-de-mascotas-en-reyes-una-mascota-es-una-responsabilidad\/\"},\"wordCount\":341,\"commentCount\":0,\"publisher\":{\"@id\":\"https:\/\/www.nexoinformativo.mx\/#organization\"},\"image\":{\"@id\":\"https:\/\/www.nexoinformativo.mx\/index.php\/2025\/01\/06\/el-marques-hace-un-llamado-no-al-regalo-de-mascotas-en-reyes-una-mascota-es-una-responsabilidad\/#primaryimage\"},\"thumbnailUrl\":\"https:\/\/www.nexoinformativo.mx\/wp-content\/uploads\/2025\/01\/PHOTO-2025-01-06-09-11-24-scaled-e1736192087220.jpg\",\"keywords\":[\"AdoptaNoCompres\",\"BienestarAnimal\",\"elmarques\",\"NoAlAbandono\"],\"articleSection\":[\"Municipios\",\"\u00daltima Hora\"],\"inLanguage\":\"es\",\"potentialAction\":[{\"@type\":\"CommentAction\",\"name\":\"Comment\",\"target\":[\"https:\/\/www.nexoinformativo.mx\/index.php\/2025\/01\/06\/el-marques-hace-un-llamado-no-al-regalo-de-mascotas-en-reyes-una-mascota-es-una-responsabilidad\/#respond\"]}]},{\"@type\":\"WebPage\",\"@id\":\"https:\/\/www.nexoinformativo.mx\/index.php\/2025\/01\/06\/el-marques-hace-un-llamado-no-al-regalo-de-mascotas-en-reyes-una-mascota-es-una-responsabilidad\/\",\"url\":\"https:\/\/www.nexoinformativo.mx\/index.php\/2025\/01\/06\/el-marques-hace-un-llamado-no-al-regalo-de-mascotas-en-reyes-una-mascota-es-una-responsabilidad\/\",\"name\":\"El Marqu\u00e9s hace un llamado \u00a1No! al regalo de mascotas en Reyes una mascota es una responsabilidad | Nexo Informativo Santiago de Quer\u00e9taro\",\"isPartOf\":{\"@id\":\"https:\/\/www.nexoinformativo.mx\/#website\"},\"primaryImageOfPage\":{\"@id\":\"https:\/\/www.nexoinformativo.mx\/index.php\/2025\/01\/06\/el-marques-hace-un-llamado-no-al-regalo-de-mascotas-en-reyes-una-mascota-es-una-responsabilidad\/#primaryimage\"},\"image\":{\"@id\":\"https:\/\/www.nexoinformativo.mx\/index.php\/2025\/01\/06\/el-marques-hace-un-llamado-no-al-regalo-de-mascotas-en-reyes-una-mascota-es-una-responsabilidad\/#primaryimage\"},\"thumbnailUrl\":\"https:\/\/www.nexoinformativo.mx\/wp-content\/uploads\/2025\/01\/PHOTO-2025-01-06-09-11-24-scaled-e1736192087220.jpg\",\"datePublished\":\"2025-01-06T15:00:02+00:00\",\"dateModified\":\"2025-01-06T19:36:42+00:00\",\"description\":\"El Marqu\u00e9s hace un llamado \u00a1No! al regalo de mascotas en Reyes una mascota es una responsabilidad\",\"breadcrumb\":{\"@id\":\"https:\/\/www.nexoinformativo.mx\/index.php\/2025\/01\/06\/el-marques-hace-un-llamado-no-al-regalo-de-mascotas-en-reyes-una-mascota-es-una-responsabilidad\/#breadcrumb\"},\"inLanguage\":\"es\",\"potentialAction\":[{\"@type\":\"ReadAction\",\"target\":[\"https:\/\/www.nexoinformativo.mx\/index.php\/2025\/01\/06\/el-marques-hace-un-llamado-no-al-regalo-de-mascotas-en-reyes-una-mascota-es-una-responsabilidad\/\"]}]},{\"@type\":\"ImageObject\",\"inLanguage\":\"es\",\"@id\":\"https:\/\/www.nexoinformativo.mx\/index.php\/2025\/01\/06\/el-marques-hace-un-llamado-no-al-regalo-de-mascotas-en-reyes-una-mascota-es-una-responsabilidad\/#primaryimage\",\"url\":\"https:\/\/www.nexoinformativo.mx\/wp-content\/uploads\/2025\/01\/PHOTO-2025-01-06-09-11-24-scaled-e1736192087220.jpg\",\"contentUrl\":\"https:\/\/www.nexoinformativo.mx\/wp-content\/uploads\/2025\/01\/PHOTO-2025-01-06-09-11-24-scaled-e1736192087220.jpg\",\"width\":800,\"height\":533},{\"@type\":\"BreadcrumbList\",\"@id\":\"https:\/\/www.nexoinformativo.mx\/index.php\/2025\/01\/06\/el-marques-hace-un-llamado-no-al-regalo-de-mascotas-en-reyes-una-mascota-es-una-responsabilidad\/#breadcrumb\",\"itemListElement\":[{\"@type\":\"ListItem\",\"position\":1,\"name\":\"Inicio\",\"item\":\"https:\/\/www.nexoinformativo.mx\/\"},{\"@type\":\"ListItem\",\"position\":2,\"name\":\"El Marqu\u00e9s hace un llamado \u00a1No! al regalo de mascotas en Reyes una mascota es una responsabilidad\"}]},{\"@type\":\"WebSite\",\"@id\":\"https:\/\/www.nexoinformativo.mx\/#website\",\"url\":\"https:\/\/www.nexoinformativo.mx\/\",\"name\":\"Nexo Informativo Santiago de Quer\u00e9taro\",\"description\":\"Explora NexoInformativo y convi\u00e9rtete en parte de una comunidad que valora el conocimiento y la verdad. Tu nexoinformativo es tu puente hacia una comprensi\u00f3n m\u00e1s profunda del mundo que te rodea.\",\"publisher\":{\"@id\":\"https:\/\/www.nexoinformativo.mx\/#organization\"},\"potentialAction\":[{\"@type\":\"SearchAction\",\"target\":{\"@type\":\"EntryPoint\",\"urlTemplate\":\"https:\/\/www.nexoinformativo.mx\/?s={search_term_string}\"},\"query-input\":{\"@type\":\"PropertyValueSpecification\",\"valueRequired\":true,\"valueName\":\"search_term_string\"}}],\"inLanguage\":\"es\"},{\"@type\":\"Organization\",\"@id\":\"https:\/\/www.nexoinformativo.mx\/#organization\",\"name\":\"Nexo Informativo Santiago de Quer\u00e9taro\",\"url\":\"https:\/\/www.nexoinformativo.mx\/\",\"logo\":{\"@type\":\"ImageObject\",\"inLanguage\":\"es\",\"@id\":\"https:\/\/www.nexoinformativo.mx\/#\/schema\/logo\/image\/\",\"url\":\"https:\/\/www.nexoinformativo.mx\/wp-content\/uploads\/2024\/07\/nexoi-trasparente-2.png\",\"contentUrl\":\"https:\/\/www.nexoinformativo.mx\/wp-content\/uploads\/2024\/07\/nexoi-trasparente-2.png\",\"width\":816,\"height\":339,\"caption\":\"Nexo Informativo Santiago de Quer\u00e9taro\"},\"image\":{\"@id\":\"https:\/\/www.nexoinformativo.mx\/#\/schema\/logo\/image\/\"},\"sameAs\":[\"https:\/\/www.facebook.com\/people\/Nexo-Informativo\/61564066885511\/\"]},{\"@type\":\"Person\",\"@id\":\"https:\/\/www.nexoinformativo.mx\/#\/schema\/person\/7749d380ba08c8ca00d7bc76fd907b7d\",\"name\":\"Nexo Informativo\",\"image\":{\"@type\":\"ImageObject\",\"inLanguage\":\"es\",\"@id\":\"https:\/\/www.nexoinformativo.mx\/#\/schema\/person\/image\/\",\"url\":\"https:\/\/secure.gravatar.com\/avatar\/dde2928154642a13d95f87ddf1ea9718fe2b46760a005c53e41ff5ad610704e6?s=96&d=mm&r=g\",\"contentUrl\":\"https:\/\/secure.gravatar.com\/avatar\/dde2928154642a13d95f87ddf1ea9718fe2b46760a005c53e41ff5ad610704e6?s=96&d=mm&r=g\",\"caption\":\"Nexo Informativo\"},\"url\":\"https:\/\/www.nexoinformativo.mx\/index.php\/author\/edicion\/\"}]}<\/script>\n<!-- \/ Yoast SEO plugin. -->","yoast_head_json":{"title":"El Marqu\u00e9s hace un llamado \u00a1No! al regalo de mascotas en Reyes una mascota es una responsabilidad | Nexo Informativo Santiago de Quer\u00e9taro","description":"El Marqu\u00e9s hace un llamado \u00a1No! al regalo de mascotas en Reyes una mascota es una responsabilidad","robots":{"index":"index","follow":"follow","max-snippet":"max-snippet:-1","max-image-preview":"max-image-preview:large","max-video-preview":"max-video-preview:-1"},"canonical":"https:\/\/www.nexoinformativo.mx\/index.php\/2025\/01\/06\/el-marques-hace-un-llamado-no-al-regalo-de-mascotas-en-reyes-una-mascota-es-una-responsabilidad\/","og_locale":"es_MX","og_type":"article","og_title":"El Marqu\u00e9s hace un llamado \u00a1No! al regalo de mascotas en Reyes una mascota es una responsabilidad | Nexo Informativo Santiago de Quer\u00e9taro","og_description":"El Marqu\u00e9s hace un llamado \u00a1No! al regalo de mascotas en Reyes una mascota es una responsabilidad","og_url":"https:\/\/www.nexoinformativo.mx\/index.php\/2025\/01\/06\/el-marques-hace-un-llamado-no-al-regalo-de-mascotas-en-reyes-una-mascota-es-una-responsabilidad\/","og_site_name":"Nexo Informativo Santiago de Quer\u00e9taro","article_publisher":"https:\/\/www.facebook.com\/people\/Nexo-Informativo\/61564066885511\/","article_published_time":"2025-01-06T15:00:02+00:00","article_modified_time":"2025-01-06T19:36:42+00:00","og_image":[{"width":800,"height":533,"url":"https:\/\/www.nexoinformativo.mx\/wp-content\/uploads\/2025\/01\/PHOTO-2025-01-06-09-11-24-scaled-e1736192087220.jpg","type":"image\/jpeg"}],"author":"Nexo Informativo","twitter_card":"summary_large_image","twitter_misc":{"Escrito por":"Nexo Informativo","Tiempo de lectura":"2 minutos"},"schema":{"@context":"https:\/\/schema.org","@graph":[{"@type":"Article","@id":"https:\/\/www.nexoinformativo.mx\/index.php\/2025\/01\/06\/el-marques-hace-un-llamado-no-al-regalo-de-mascotas-en-reyes-una-mascota-es-una-responsabilidad\/#article","isPartOf":{"@id":"https:\/\/www.nexoinformativo.mx\/index.php\/2025\/01\/06\/el-marques-hace-un-llamado-no-al-regalo-de-mascotas-en-reyes-una-mascota-es-una-responsabilidad\/"},"author":{"name":"Nexo Informativo","@id":"https:\/\/www.nexoinformativo.mx\/#\/schema\/person\/7749d380ba08c8ca00d7bc76fd907b7d"},"headline":"El Marqu\u00e9s hace un llamado \u00a1No! al regalo de mascotas en Reyes una mascota es una responsabilidad","datePublished":"2025-01-06T15:00:02+00:00","dateModified":"2025-01-06T19:36:42+00:00","mainEntityOfPage":{"@id":"https:\/\/www.nexoinformativo.mx\/index.php\/2025\/01\/06\/el-marques-hace-un-llamado-no-al-regalo-de-mascotas-en-reyes-una-mascota-es-una-responsabilidad\/"},"wordCount":341,"commentCount":0,"publisher":{"@id":"https:\/\/www.nexoinformativo.mx\/#organization"},"image":{"@id":"https:\/\/www.nexoinformativo.mx\/index.php\/2025\/01\/06\/el-marques-hace-un-llamado-no-al-regalo-de-mascotas-en-reyes-una-mascota-es-una-responsabilidad\/#primaryimage"},"thumbnailUrl":"https:\/\/www.nexoinformativo.mx\/wp-content\/uploads\/2025\/01\/PHOTO-2025-01-06-09-11-24-scaled-e1736192087220.jpg","keywords":["AdoptaNoCompres","BienestarAnimal","elmarques","NoAlAbandono"],"articleSection":["Municipios","\u00daltima Hora"],"inLanguage":"es","potentialAction":[{"@type":"CommentAction","name":"Comment","target":["https:\/\/www.nexoinformativo.mx\/index.php\/2025\/01\/06\/el-marques-hace-un-llamado-no-al-regalo-de-mascotas-en-reyes-una-mascota-es-una-responsabilidad\/#respond"]}]},{"@type":"WebPage","@id":"https:\/\/www.nexoinformativo.mx\/index.php\/2025\/01\/06\/el-marques-hace-un-llamado-no-al-regalo-de-mascotas-en-reyes-una-mascota-es-una-responsabilidad\/","url":"https:\/\/www.nexoinformativo.mx\/index.php\/2025\/01\/06\/el-marques-hace-un-llamado-no-al-regalo-de-mascotas-en-reyes-una-mascota-es-una-responsabilidad\/","name":"El Marqu\u00e9s hace un llamado \u00a1No! al regalo de mascotas en Reyes una mascota es una responsabilidad | Nexo Informativo Santiago de Quer\u00e9taro","isPartOf":{"@id":"https:\/\/www.nexoinformativo.mx\/#website"},"primaryImageOfPage":{"@id":"https:\/\/www.nexoinformativo.mx\/index.php\/2025\/01\/06\/el-marques-hace-un-llamado-no-al-regalo-de-mascotas-en-reyes-una-mascota-es-una-responsabilidad\/#primaryimage"},"image":{"@id":"https:\/\/www.nexoinformativo.mx\/index.php\/2025\/01\/06\/el-marques-hace-un-llamado-no-al-regalo-de-mascotas-en-reyes-una-mascota-es-una-responsabilidad\/#primaryimage"},"thumbnailUrl":"https:\/\/www.nexoinformativo.mx\/wp-content\/uploads\/2025\/01\/PHOTO-2025-01-06-09-11-24-scaled-e1736192087220.jpg","datePublished":"2025-01-06T15:00:02+00:00","dateModified":"2025-01-06T19:36:42+00:00","description":"El Marqu\u00e9s hace un llamado \u00a1No! al regalo de mascotas en Reyes una mascota es una responsabilidad","breadcrumb":{"@id":"https:\/\/www.nexoinformativo.mx\/index.php\/2025\/01\/06\/el-marques-hace-un-llamado-no-al-regalo-de-mascotas-en-reyes-una-mascota-es-una-responsabilidad\/#breadcrumb"},"inLanguage":"es","potentialAction":[{"@type":"ReadAction","target":["https:\/\/www.nexoinformativo.mx\/index.php\/2025\/01\/06\/el-marques-hace-un-llamado-no-al-regalo-de-mascotas-en-reyes-una-mascota-es-una-responsabilidad\/"]}]},{"@type":"ImageObject","inLanguage":"es","@id":"https:\/\/www.nexoinformativo.mx\/index.php\/2025\/01\/06\/el-marques-hace-un-llamado-no-al-regalo-de-mascotas-en-reyes-una-mascota-es-una-responsabilidad\/#primaryimage","url":"https:\/\/www.nexoinformativo.mx\/wp-content\/uploads\/2025\/01\/PHOTO-2025-01-06-09-11-24-scaled-e1736192087220.jpg","contentUrl":"https:\/\/www.nexoinformativo.mx\/wp-content\/uploads\/2025\/01\/PHOTO-2025-01-06-09-11-24-scaled-e1736192087220.jpg","width":800,"height":533},{"@type":"BreadcrumbList","@id":"https:\/\/www.nexoinformativo.mx\/index.php\/2025\/01\/06\/el-marques-hace-un-llamado-no-al-regalo-de-mascotas-en-reyes-una-mascota-es-una-responsabilidad\/#breadcrumb","itemListElement":[{"@type":"ListItem","position":1,"name":"Inicio","item":"https:\/\/www.nexoinformativo.mx\/"},{"@type":"ListItem","position":2,"name":"El Marqu\u00e9s hace un llamado \u00a1No! al regalo de mascotas en Reyes una mascota es una responsabilidad"}]},{"@type":"WebSite","@id":"https:\/\/www.nexoinformativo.mx\/#website","url":"https:\/\/www.nexoinformativo.mx\/","name":"Nexo Informativo Santiago de Quer\u00e9taro","description":"Explora NexoInformativo y convi\u00e9rtete en parte de una comunidad que valora el conocimiento y la verdad. Tu nexoinformativo es tu puente hacia una comprensi\u00f3n m\u00e1s profunda del mundo que te rodea.","publisher":{"@id":"https:\/\/www.nexoinformativo.mx\/#organization"},"potentialAction":[{"@type":"SearchAction","target":{"@type":"EntryPoint","urlTemplate":"https:\/\/www.nexoinformativo.mx\/?s={search_term_string}"},"query-input":{"@type":"PropertyValueSpecification","valueRequired":true,"valueName":"search_term_string"}}],"inLanguage":"es"},{"@type":"Organization","@id":"https:\/\/www.nexoinformativo.mx\/#organization","name":"Nexo Informativo Santiago de Quer\u00e9taro","url":"https:\/\/www.nexoinformativo.mx\/","logo":{"@type":"ImageObject","inLanguage":"es","@id":"https:\/\/www.nexoinformativo.mx\/#\/schema\/logo\/image\/","url":"https:\/\/www.nexoinformativo.mx\/wp-content\/uploads\/2024\/07\/nexoi-trasparente-2.png","contentUrl":"https:\/\/www.nexoinformativo.mx\/wp-content\/uploads\/2024\/07\/nexoi-trasparente-2.png","width":816,"height":339,"caption":"Nexo Informativo Santiago de Quer\u00e9taro"},"image":{"@id":"https:\/\/www.nexoinformativo.mx\/#\/schema\/logo\/image\/"},"sameAs":["https:\/\/www.facebook.com\/people\/Nexo-Informativo\/61564066885511\/"]},{"@type":"Person","@id":"https:\/\/www.nexoinformativo.mx\/#\/schema\/person\/7749d380ba08c8ca00d7bc76fd907b7d","name":"Nexo Informativo","image":{"@type":"ImageObject","inLanguage":"es","@id":"https:\/\/www.nexoinformativo.mx\/#\/schema\/person\/image\/","url":"https:\/\/secure.gravatar.com\/avatar\/dde2928154642a13d95f87ddf1ea9718fe2b46760a005c53e41ff5ad610704e6?s=96&d=mm&r=g","contentUrl":"https:\/\/secure.gravatar.com\/avatar\/dde2928154642a13d95f87ddf1ea9718fe2b46760a005c53e41ff5ad610704e6?s=96&d=mm&r=g","caption":"Nexo Informativo"},"url":"https:\/\/www.nexoinformativo.mx\/index.php\/author\/edicion\/"}]}},"_links":{"self":[{"href":"https:\/\/www.nexoinformativo.mx\/index.php\/wp-json\/wp\/v2\/posts\/9375","targetHints":{"allow":["GET"]}}],"collection":[{"href":"https:\/\/www.nexoinformativo.mx\/index.php\/wp-json\/wp\/v2\/posts"}],"about":[{"href":"https:\/\/www.nexoinformativo.mx\/index.php\/wp-json\/wp\/v2\/types\/post"}],"author":[{"embeddable":true,"href":"https:\/\/www.nexoinformativo.mx\/index.php\/wp-json\/wp\/v2\/users\/3"}],"replies":[{"embeddable":true,"href":"https:\/\/www.nexoinformativo.mx\/index.php\/wp-json\/wp\/v2\/comments?post=9375"}],"version-history":[{"count":5,"href":"https:\/\/www.nexoinformativo.mx\/index.php\/wp-json\/wp\/v2\/posts\/9375\/revisions"}],"predecessor-version":[{"id":9379,"href":"https:\/\/www.nexoinformativo.mx\/index.php\/wp-json\/wp\/v2\/posts\/9375\/revisions\/9379"}],"wp:featuredmedia":[{"embeddable":true,"href":"https:\/\/www.nexoinformativo.mx\/index.php\/wp-json\/wp\/v2\/media\/9376"}],"wp:attachment":[{"href":"https:\/\/www.nexoinformativo.mx\/index.php\/wp-json\/wp\/v2\/media?parent=9375"}],"wp:term":[{"taxonomy":"category","embeddable":true,"href":"https:\/\/www.nexoinformativo.mx\/index.php\/wp-json\/wp\/v2\/categories?post=9375"},{"taxonomy":"post_tag","embeddable":true,"href":"https:\/\/www.nexoinformativo.mx\/index.php\/wp-json\/wp\/v2\/tags?post=9375"}],"curies":[{"name":"wp","href":"https:\/\/api.w.org\/{rel}","templated":true}]}}