{"id":938,"date":"2024-08-27T09:00:53","date_gmt":"2024-08-27T15:00:53","guid":{"rendered":"https:\/\/www.nexoinformativo.mx\/?p=938"},"modified":"2024-10-07T12:25:14","modified_gmt":"2024-10-07T18:25:14","slug":"queretaro-impulsa-la-educacion-con-la-expansion-del-proyecto-de-aulas-google","status":"publish","type":"post","link":"https:\/\/www.nexoinformativo.mx\/index.php\/2024\/08\/27\/queretaro-impulsa-la-educacion-con-la-expansion-del-proyecto-de-aulas-google\/","title":{"rendered":"Quer\u00e9taro Impulsa la Educaci\u00f3n con la expansi\u00f3n del proyecto de Aulas Google"},"content":{"rendered":"<p style=\"text-align: justify;\">La Secretar\u00eda de Educaci\u00f3n de Quer\u00e9taro, liderada por Martha Elena Soto Obreg\u00f3n, anunci\u00f3 el inicio de la segunda etapa del Proyecto de Aulas Google, una iniciativa clave del programa Quer\u00e9taro Digital, durante la Primera Sesi\u00f3n Ordinaria de la Comisi\u00f3n de Gobierno Digital en el Centro de Innovaci\u00f3n BLOQUE.<\/p>\n<p>&nbsp;<\/p>\n<p style=\"text-align: justify;\">Este proyecto es fundamental para transformar la educaci\u00f3n en el estado, integrando tecnolog\u00eda de vanguardia en las aulas.<\/p>\n<p>&nbsp;<\/p>\n<p style=\"text-align: justify;\"><img loading=\"lazy\" decoding=\"async\" class=\"alignnone size-full wp-image-941\" src=\"https:\/\/www.nexoinformativo.mx\/wp-content\/uploads\/2024\/08\/1000168517-e1724799315999.jpg\" alt=\"\" width=\"800\" height=\"533\" srcset=\"https:\/\/www.nexoinformativo.mx\/wp-content\/uploads\/2024\/08\/1000168517-e1724799315999.jpg 800w, https:\/\/www.nexoinformativo.mx\/wp-content\/uploads\/2024\/08\/1000168517-e1724799315999-300x200.jpg 300w, https:\/\/www.nexoinformativo.mx\/wp-content\/uploads\/2024\/08\/1000168517-e1724799315999-768x512.jpg 768w\" sizes=\"auto, (max-width: 800px) 100vw, 800px\" \/><\/p>\n<p>&nbsp;<\/p>\n<p style=\"text-align: justify;\">Expansi\u00f3n del Proyecto de Aulas Google<\/p>\n<p>&nbsp;<\/p>\n<p style=\"text-align: justify;\">En esta nueva fase, se instalar\u00e1n 45 nuevas aulas Google en escuelas de todo el estado, lo que elevar\u00e1 a 85 el n\u00famero total de salones equipados con esta tecnolog\u00eda avanzada. Cada aula contar\u00e1 con 40 dispositivos Chromebook, dise\u00f1ados espec\u00edficamente para la educaci\u00f3n en un entorno de nube tecnol\u00f3gica con acceso a internet. Este esfuerzo no solo incluye la instalaci\u00f3n de los equipos, sino tambi\u00e9n un apoyo integral de la empresa para asegurar que la tecnolog\u00eda se integre de manera efectiva en el proceso educativo.<\/p>\n<p>&nbsp;<\/p>\n<p style=\"text-align: justify;\">Capacitaci\u00f3n y Desarrollo Tecnol\u00f3gico<\/p>\n<p>&nbsp;<\/p>\n<p style=\"text-align: justify;\">Martha Elena Soto Obreg\u00f3n destac\u00f3 la importancia de la capacitaci\u00f3n tanto para docentes como para estudiantes en el uso de herramientas como Google for Education. &#8220;La actualizaci\u00f3n docente y la capacitaci\u00f3n de nuestros estudiantes en el uso del sistema y de las herramientas de Google es un paso fundamental para el desarrollo de nuestros ni\u00f1os, ni\u00f1as y adolescentes en educaci\u00f3n b\u00e1sica en el estado&#8221;, afirm\u00f3 la secretaria.<\/p>\n<p>&nbsp;<\/p>\n<p style=\"text-align: justify;\">Compromiso con la Educaci\u00f3n Digital<\/p>\n<p>&nbsp;<\/p>\n<p style=\"text-align: justify;\">Este avance es un paso crucial en la evoluci\u00f3n de la educaci\u00f3n b\u00e1sica en Quer\u00e9taro. Al incorporar estas herramientas tecnol\u00f3gicas en las aulas, el estado prepara a las nuevas generaciones para un futuro donde las habilidades tecnol\u00f3gicas son indispensables. El programa Quer\u00e9taro Digital contin\u00faa comprometido en reducir la brecha digital y asegurar que todos los estudiantes tengan acceso a una educaci\u00f3n de calidad, adaptada a las exigencias de la era digital.<\/p>\n<p>&nbsp;<\/p>\n<p style=\"text-align: justify;\"><strong>Quer\u00e9taro sigue marcando el camino en la integraci\u00f3n de tecnolog\u00eda en la educaci\u00f3n, asegurando que los estudiantes est\u00e9n preparados para enfrentar los desaf\u00edos del futuro.<\/strong><\/p>\n<p>&nbsp;<\/p>\n<p><img loading=\"lazy\" decoding=\"async\" class=\"alignnone size-full wp-image-939\" src=\"https:\/\/www.nexoinformativo.mx\/wp-content\/uploads\/2024\/08\/1000168525-e1724799329635.jpg\" alt=\"\" width=\"800\" height=\"533\" srcset=\"https:\/\/www.nexoinformativo.mx\/wp-content\/uploads\/2024\/08\/1000168525-e1724799329635.jpg 800w, https:\/\/www.nexoinformativo.mx\/wp-content\/uploads\/2024\/08\/1000168525-e1724799329635-300x200.jpg 300w, https:\/\/www.nexoinformativo.mx\/wp-content\/uploads\/2024\/08\/1000168525-e1724799329635-768x512.jpg 768w\" sizes=\"auto, (max-width: 800px) 100vw, 800px\" \/><\/p>\n","protected":false},"excerpt":{"rendered":"<p>La Secretar\u00eda de Educaci\u00f3n de Quer\u00e9taro, liderada por Martha Elena Soto Obreg\u00f3n, anunci\u00f3 el inicio de la segunda etapa del Proyecto de Aulas Google, una iniciativa clave del programa Quer\u00e9taro Digital, durante la Primera Sesi\u00f3n Ordinaria de la Comisi\u00f3n de Gobierno Digital en el Centro de Innovaci\u00f3n BLOQUE. &nbsp; Este proyecto es fundamental para transformar [&hellip;]<\/p>\n","protected":false},"author":3,"featured_media":940,"comment_status":"open","ping_status":"open","sticky":false,"template":"","format":"standard","meta":{"footnotes":""},"categories":[42,13],"tags":[220,219,222,221,218],"class_list":["post-938","post","type-post","status-publish","format-standard","has-post-thumbnail","hentry","category-estado","category-tecnologia","tag-aulasgoogle","tag-educaciontecnologica","tag-futurodigital","tag-innovacioneducativa","tag-queretarodigital"],"yoast_head":"<!-- This site is optimized with the Yoast SEO plugin v25.0 - https:\/\/yoast.com\/wordpress\/plugins\/seo\/ -->\n<title>Quer\u00e9taro Impulsa la Educaci\u00f3n con la expansi\u00f3n del proyecto de Aulas Google | Nexo Informativo Santiago de Quer\u00e9taro<\/title>\n<meta name=\"robots\" content=\"index, follow, max-snippet:-1, max-image-preview:large, max-video-preview:-1\" \/>\n<link rel=\"canonical\" href=\"https:\/\/www.nexoinformativo.mx\/index.php\/2024\/08\/27\/queretaro-impulsa-la-educacion-con-la-expansion-del-proyecto-de-aulas-google\/\" \/>\n<meta property=\"og:locale\" content=\"es_MX\" \/>\n<meta property=\"og:type\" content=\"article\" \/>\n<meta property=\"og:title\" content=\"Quer\u00e9taro Impulsa la Educaci\u00f3n con la expansi\u00f3n del proyecto de Aulas Google | Nexo Informativo Santiago de Quer\u00e9taro\" \/>\n<meta property=\"og:description\" content=\"La Secretar\u00eda de Educaci\u00f3n de Quer\u00e9taro, liderada por Martha Elena Soto Obreg\u00f3n, anunci\u00f3 el inicio de la segunda etapa del Proyecto de Aulas Google, una iniciativa clave del programa Quer\u00e9taro Digital, durante la Primera Sesi\u00f3n Ordinaria de la Comisi\u00f3n de Gobierno Digital en el Centro de Innovaci\u00f3n BLOQUE. &nbsp; Este proyecto es fundamental para transformar [&hellip;]\" \/>\n<meta property=\"og:url\" content=\"https:\/\/www.nexoinformativo.mx\/index.php\/2024\/08\/27\/queretaro-impulsa-la-educacion-con-la-expansion-del-proyecto-de-aulas-google\/\" \/>\n<meta property=\"og:site_name\" content=\"Nexo Informativo Santiago de Quer\u00e9taro\" \/>\n<meta property=\"article:publisher\" content=\"https:\/\/www.facebook.com\/people\/Nexo-Informativo\/61564066885511\/\" \/>\n<meta property=\"article:published_time\" content=\"2024-08-27T15:00:53+00:00\" \/>\n<meta property=\"article:modified_time\" content=\"2024-10-07T18:25:14+00:00\" \/>\n<meta property=\"og:image\" content=\"https:\/\/www.nexoinformativo.mx\/wp-content\/uploads\/2024\/08\/1000168519-e1724799262915.jpg\" \/>\n\t<meta property=\"og:image:width\" content=\"800\" \/>\n\t<meta property=\"og:image:height\" content=\"533\" \/>\n\t<meta property=\"og:image:type\" content=\"image\/jpeg\" \/>\n<meta name=\"author\" content=\"Nexo Informativo\" \/>\n<meta name=\"twitter:card\" content=\"summary_large_image\" \/>\n<meta name=\"twitter:label1\" content=\"Escrito por\" \/>\n\t<meta name=\"twitter:data1\" content=\"Nexo Informativo\" \/>\n\t<meta name=\"twitter:label2\" content=\"Tiempo de lectura\" \/>\n\t<meta name=\"twitter:data2\" content=\"3 minutos\" \/>\n<script type=\"application\/ld+json\" class=\"yoast-schema-graph\">{\"@context\":\"https:\/\/schema.org\",\"@graph\":[{\"@type\":\"Article\",\"@id\":\"https:\/\/www.nexoinformativo.mx\/index.php\/2024\/08\/27\/queretaro-impulsa-la-educacion-con-la-expansion-del-proyecto-de-aulas-google\/#article\",\"isPartOf\":{\"@id\":\"https:\/\/www.nexoinformativo.mx\/index.php\/2024\/08\/27\/queretaro-impulsa-la-educacion-con-la-expansion-del-proyecto-de-aulas-google\/\"},\"author\":{\"name\":\"Nexo Informativo\",\"@id\":\"https:\/\/www.nexoinformativo.mx\/#\/schema\/person\/7749d380ba08c8ca00d7bc76fd907b7d\"},\"headline\":\"Quer\u00e9taro Impulsa la Educaci\u00f3n con la expansi\u00f3n del proyecto de Aulas Google\",\"datePublished\":\"2024-08-27T15:00:53+00:00\",\"dateModified\":\"2024-10-07T18:25:14+00:00\",\"mainEntityOfPage\":{\"@id\":\"https:\/\/www.nexoinformativo.mx\/index.php\/2024\/08\/27\/queretaro-impulsa-la-educacion-con-la-expansion-del-proyecto-de-aulas-google\/\"},\"wordCount\":398,\"commentCount\":0,\"publisher\":{\"@id\":\"https:\/\/www.nexoinformativo.mx\/#organization\"},\"image\":{\"@id\":\"https:\/\/www.nexoinformativo.mx\/index.php\/2024\/08\/27\/queretaro-impulsa-la-educacion-con-la-expansion-del-proyecto-de-aulas-google\/#primaryimage\"},\"thumbnailUrl\":\"https:\/\/www.nexoinformativo.mx\/wp-content\/uploads\/2024\/08\/1000168519-e1724799262915.jpg\",\"keywords\":[\"AulasGoogle\",\"Educaci\u00f3nTecnol\u00f3gica\",\"FuturoDigital\",\"Innovaci\u00f3nEducativa\",\"Quer\u00e9taroDigital\"],\"articleSection\":[\"Estado\",\"Tecnolog\u00eda\"],\"inLanguage\":\"es\",\"potentialAction\":[{\"@type\":\"CommentAction\",\"name\":\"Comment\",\"target\":[\"https:\/\/www.nexoinformativo.mx\/index.php\/2024\/08\/27\/queretaro-impulsa-la-educacion-con-la-expansion-del-proyecto-de-aulas-google\/#respond\"]}]},{\"@type\":\"WebPage\",\"@id\":\"https:\/\/www.nexoinformativo.mx\/index.php\/2024\/08\/27\/queretaro-impulsa-la-educacion-con-la-expansion-del-proyecto-de-aulas-google\/\",\"url\":\"https:\/\/www.nexoinformativo.mx\/index.php\/2024\/08\/27\/queretaro-impulsa-la-educacion-con-la-expansion-del-proyecto-de-aulas-google\/\",\"name\":\"Quer\u00e9taro Impulsa la Educaci\u00f3n con la expansi\u00f3n del proyecto de Aulas Google | Nexo Informativo Santiago de Quer\u00e9taro\",\"isPartOf\":{\"@id\":\"https:\/\/www.nexoinformativo.mx\/#website\"},\"primaryImageOfPage\":{\"@id\":\"https:\/\/www.nexoinformativo.mx\/index.php\/2024\/08\/27\/queretaro-impulsa-la-educacion-con-la-expansion-del-proyecto-de-aulas-google\/#primaryimage\"},\"image\":{\"@id\":\"https:\/\/www.nexoinformativo.mx\/index.php\/2024\/08\/27\/queretaro-impulsa-la-educacion-con-la-expansion-del-proyecto-de-aulas-google\/#primaryimage\"},\"thumbnailUrl\":\"https:\/\/www.nexoinformativo.mx\/wp-content\/uploads\/2024\/08\/1000168519-e1724799262915.jpg\",\"datePublished\":\"2024-08-27T15:00:53+00:00\",\"dateModified\":\"2024-10-07T18:25:14+00:00\",\"breadcrumb\":{\"@id\":\"https:\/\/www.nexoinformativo.mx\/index.php\/2024\/08\/27\/queretaro-impulsa-la-educacion-con-la-expansion-del-proyecto-de-aulas-google\/#breadcrumb\"},\"inLanguage\":\"es\",\"potentialAction\":[{\"@type\":\"ReadAction\",\"target\":[\"https:\/\/www.nexoinformativo.mx\/index.php\/2024\/08\/27\/queretaro-impulsa-la-educacion-con-la-expansion-del-proyecto-de-aulas-google\/\"]}]},{\"@type\":\"ImageObject\",\"inLanguage\":\"es\",\"@id\":\"https:\/\/www.nexoinformativo.mx\/index.php\/2024\/08\/27\/queretaro-impulsa-la-educacion-con-la-expansion-del-proyecto-de-aulas-google\/#primaryimage\",\"url\":\"https:\/\/www.nexoinformativo.mx\/wp-content\/uploads\/2024\/08\/1000168519-e1724799262915.jpg\",\"contentUrl\":\"https:\/\/www.nexoinformativo.mx\/wp-content\/uploads\/2024\/08\/1000168519-e1724799262915.jpg\",\"width\":800,\"height\":533},{\"@type\":\"BreadcrumbList\",\"@id\":\"https:\/\/www.nexoinformativo.mx\/index.php\/2024\/08\/27\/queretaro-impulsa-la-educacion-con-la-expansion-del-proyecto-de-aulas-google\/#breadcrumb\",\"itemListElement\":[{\"@type\":\"ListItem\",\"position\":1,\"name\":\"Inicio\",\"item\":\"https:\/\/www.nexoinformativo.mx\/\"},{\"@type\":\"ListItem\",\"position\":2,\"name\":\"Quer\u00e9taro Impulsa la Educaci\u00f3n con la expansi\u00f3n del proyecto de Aulas Google\"}]},{\"@type\":\"WebSite\",\"@id\":\"https:\/\/www.nexoinformativo.mx\/#website\",\"url\":\"https:\/\/www.nexoinformativo.mx\/\",\"name\":\"Nexo Informativo Santiago de Quer\u00e9taro\",\"description\":\"Explora NexoInformativo y convi\u00e9rtete en parte de una comunidad que valora el conocimiento y la verdad. Tu nexoinformativo es tu puente hacia una comprensi\u00f3n m\u00e1s profunda del mundo que te rodea.\",\"publisher\":{\"@id\":\"https:\/\/www.nexoinformativo.mx\/#organization\"},\"potentialAction\":[{\"@type\":\"SearchAction\",\"target\":{\"@type\":\"EntryPoint\",\"urlTemplate\":\"https:\/\/www.nexoinformativo.mx\/?s={search_term_string}\"},\"query-input\":{\"@type\":\"PropertyValueSpecification\",\"valueRequired\":true,\"valueName\":\"search_term_string\"}}],\"inLanguage\":\"es\"},{\"@type\":\"Organization\",\"@id\":\"https:\/\/www.nexoinformativo.mx\/#organization\",\"name\":\"Nexo Informativo Santiago de Quer\u00e9taro\",\"url\":\"https:\/\/www.nexoinformativo.mx\/\",\"logo\":{\"@type\":\"ImageObject\",\"inLanguage\":\"es\",\"@id\":\"https:\/\/www.nexoinformativo.mx\/#\/schema\/logo\/image\/\",\"url\":\"https:\/\/www.nexoinformativo.mx\/wp-content\/uploads\/2024\/07\/nexoi-trasparente-2.png\",\"contentUrl\":\"https:\/\/www.nexoinformativo.mx\/wp-content\/uploads\/2024\/07\/nexoi-trasparente-2.png\",\"width\":816,\"height\":339,\"caption\":\"Nexo Informativo Santiago de Quer\u00e9taro\"},\"image\":{\"@id\":\"https:\/\/www.nexoinformativo.mx\/#\/schema\/logo\/image\/\"},\"sameAs\":[\"https:\/\/www.facebook.com\/people\/Nexo-Informativo\/61564066885511\/\"]},{\"@type\":\"Person\",\"@id\":\"https:\/\/www.nexoinformativo.mx\/#\/schema\/person\/7749d380ba08c8ca00d7bc76fd907b7d\",\"name\":\"Nexo Informativo\",\"image\":{\"@type\":\"ImageObject\",\"inLanguage\":\"es\",\"@id\":\"https:\/\/www.nexoinformativo.mx\/#\/schema\/person\/image\/\",\"url\":\"https:\/\/secure.gravatar.com\/avatar\/dde2928154642a13d95f87ddf1ea9718fe2b46760a005c53e41ff5ad610704e6?s=96&d=mm&r=g\",\"contentUrl\":\"https:\/\/secure.gravatar.com\/avatar\/dde2928154642a13d95f87ddf1ea9718fe2b46760a005c53e41ff5ad610704e6?s=96&d=mm&r=g\",\"caption\":\"Nexo Informativo\"},\"url\":\"https:\/\/www.nexoinformativo.mx\/index.php\/author\/edicion\/\"}]}<\/script>\n<!-- \/ Yoast SEO plugin. -->","yoast_head_json":{"title":"Quer\u00e9taro Impulsa la Educaci\u00f3n con la expansi\u00f3n del proyecto de Aulas Google | Nexo Informativo Santiago de Quer\u00e9taro","robots":{"index":"index","follow":"follow","max-snippet":"max-snippet:-1","max-image-preview":"max-image-preview:large","max-video-preview":"max-video-preview:-1"},"canonical":"https:\/\/www.nexoinformativo.mx\/index.php\/2024\/08\/27\/queretaro-impulsa-la-educacion-con-la-expansion-del-proyecto-de-aulas-google\/","og_locale":"es_MX","og_type":"article","og_title":"Quer\u00e9taro Impulsa la Educaci\u00f3n con la expansi\u00f3n del proyecto de Aulas Google | Nexo Informativo Santiago de Quer\u00e9taro","og_description":"La Secretar\u00eda de Educaci\u00f3n de Quer\u00e9taro, liderada por Martha Elena Soto Obreg\u00f3n, anunci\u00f3 el inicio de la segunda etapa del Proyecto de Aulas Google, una iniciativa clave del programa Quer\u00e9taro Digital, durante la Primera Sesi\u00f3n Ordinaria de la Comisi\u00f3n de Gobierno Digital en el Centro de Innovaci\u00f3n BLOQUE. &nbsp; Este proyecto es fundamental para transformar [&hellip;]","og_url":"https:\/\/www.nexoinformativo.mx\/index.php\/2024\/08\/27\/queretaro-impulsa-la-educacion-con-la-expansion-del-proyecto-de-aulas-google\/","og_site_name":"Nexo Informativo Santiago de Quer\u00e9taro","article_publisher":"https:\/\/www.facebook.com\/people\/Nexo-Informativo\/61564066885511\/","article_published_time":"2024-08-27T15:00:53+00:00","article_modified_time":"2024-10-07T18:25:14+00:00","og_image":[{"width":800,"height":533,"url":"https:\/\/www.nexoinformativo.mx\/wp-content\/uploads\/2024\/08\/1000168519-e1724799262915.jpg","type":"image\/jpeg"}],"author":"Nexo Informativo","twitter_card":"summary_large_image","twitter_misc":{"Escrito por":"Nexo Informativo","Tiempo de lectura":"3 minutos"},"schema":{"@context":"https:\/\/schema.org","@graph":[{"@type":"Article","@id":"https:\/\/www.nexoinformativo.mx\/index.php\/2024\/08\/27\/queretaro-impulsa-la-educacion-con-la-expansion-del-proyecto-de-aulas-google\/#article","isPartOf":{"@id":"https:\/\/www.nexoinformativo.mx\/index.php\/2024\/08\/27\/queretaro-impulsa-la-educacion-con-la-expansion-del-proyecto-de-aulas-google\/"},"author":{"name":"Nexo Informativo","@id":"https:\/\/www.nexoinformativo.mx\/#\/schema\/person\/7749d380ba08c8ca00d7bc76fd907b7d"},"headline":"Quer\u00e9taro Impulsa la Educaci\u00f3n con la expansi\u00f3n del proyecto de Aulas Google","datePublished":"2024-08-27T15:00:53+00:00","dateModified":"2024-10-07T18:25:14+00:00","mainEntityOfPage":{"@id":"https:\/\/www.nexoinformativo.mx\/index.php\/2024\/08\/27\/queretaro-impulsa-la-educacion-con-la-expansion-del-proyecto-de-aulas-google\/"},"wordCount":398,"commentCount":0,"publisher":{"@id":"https:\/\/www.nexoinformativo.mx\/#organization"},"image":{"@id":"https:\/\/www.nexoinformativo.mx\/index.php\/2024\/08\/27\/queretaro-impulsa-la-educacion-con-la-expansion-del-proyecto-de-aulas-google\/#primaryimage"},"thumbnailUrl":"https:\/\/www.nexoinformativo.mx\/wp-content\/uploads\/2024\/08\/1000168519-e1724799262915.jpg","keywords":["AulasGoogle","Educaci\u00f3nTecnol\u00f3gica","FuturoDigital","Innovaci\u00f3nEducativa","Quer\u00e9taroDigital"],"articleSection":["Estado","Tecnolog\u00eda"],"inLanguage":"es","potentialAction":[{"@type":"CommentAction","name":"Comment","target":["https:\/\/www.nexoinformativo.mx\/index.php\/2024\/08\/27\/queretaro-impulsa-la-educacion-con-la-expansion-del-proyecto-de-aulas-google\/#respond"]}]},{"@type":"WebPage","@id":"https:\/\/www.nexoinformativo.mx\/index.php\/2024\/08\/27\/queretaro-impulsa-la-educacion-con-la-expansion-del-proyecto-de-aulas-google\/","url":"https:\/\/www.nexoinformativo.mx\/index.php\/2024\/08\/27\/queretaro-impulsa-la-educacion-con-la-expansion-del-proyecto-de-aulas-google\/","name":"Quer\u00e9taro Impulsa la Educaci\u00f3n con la expansi\u00f3n del proyecto de Aulas Google | Nexo Informativo Santiago de Quer\u00e9taro","isPartOf":{"@id":"https:\/\/www.nexoinformativo.mx\/#website"},"primaryImageOfPage":{"@id":"https:\/\/www.nexoinformativo.mx\/index.php\/2024\/08\/27\/queretaro-impulsa-la-educacion-con-la-expansion-del-proyecto-de-aulas-google\/#primaryimage"},"image":{"@id":"https:\/\/www.nexoinformativo.mx\/index.php\/2024\/08\/27\/queretaro-impulsa-la-educacion-con-la-expansion-del-proyecto-de-aulas-google\/#primaryimage"},"thumbnailUrl":"https:\/\/www.nexoinformativo.mx\/wp-content\/uploads\/2024\/08\/1000168519-e1724799262915.jpg","datePublished":"2024-08-27T15:00:53+00:00","dateModified":"2024-10-07T18:25:14+00:00","breadcrumb":{"@id":"https:\/\/www.nexoinformativo.mx\/index.php\/2024\/08\/27\/queretaro-impulsa-la-educacion-con-la-expansion-del-proyecto-de-aulas-google\/#breadcrumb"},"inLanguage":"es","potentialAction":[{"@type":"ReadAction","target":["https:\/\/www.nexoinformativo.mx\/index.php\/2024\/08\/27\/queretaro-impulsa-la-educacion-con-la-expansion-del-proyecto-de-aulas-google\/"]}]},{"@type":"ImageObject","inLanguage":"es","@id":"https:\/\/www.nexoinformativo.mx\/index.php\/2024\/08\/27\/queretaro-impulsa-la-educacion-con-la-expansion-del-proyecto-de-aulas-google\/#primaryimage","url":"https:\/\/www.nexoinformativo.mx\/wp-content\/uploads\/2024\/08\/1000168519-e1724799262915.jpg","contentUrl":"https:\/\/www.nexoinformativo.mx\/wp-content\/uploads\/2024\/08\/1000168519-e1724799262915.jpg","width":800,"height":533},{"@type":"BreadcrumbList","@id":"https:\/\/www.nexoinformativo.mx\/index.php\/2024\/08\/27\/queretaro-impulsa-la-educacion-con-la-expansion-del-proyecto-de-aulas-google\/#breadcrumb","itemListElement":[{"@type":"ListItem","position":1,"name":"Inicio","item":"https:\/\/www.nexoinformativo.mx\/"},{"@type":"ListItem","position":2,"name":"Quer\u00e9taro Impulsa la Educaci\u00f3n con la expansi\u00f3n del proyecto de Aulas Google"}]},{"@type":"WebSite","@id":"https:\/\/www.nexoinformativo.mx\/#website","url":"https:\/\/www.nexoinformativo.mx\/","name":"Nexo Informativo Santiago de Quer\u00e9taro","description":"Explora NexoInformativo y convi\u00e9rtete en parte de una comunidad que valora el conocimiento y la verdad. Tu nexoinformativo es tu puente hacia una comprensi\u00f3n m\u00e1s profunda del mundo que te rodea.","publisher":{"@id":"https:\/\/www.nexoinformativo.mx\/#organization"},"potentialAction":[{"@type":"SearchAction","target":{"@type":"EntryPoint","urlTemplate":"https:\/\/www.nexoinformativo.mx\/?s={search_term_string}"},"query-input":{"@type":"PropertyValueSpecification","valueRequired":true,"valueName":"search_term_string"}}],"inLanguage":"es"},{"@type":"Organization","@id":"https:\/\/www.nexoinformativo.mx\/#organization","name":"Nexo Informativo Santiago de Quer\u00e9taro","url":"https:\/\/www.nexoinformativo.mx\/","logo":{"@type":"ImageObject","inLanguage":"es","@id":"https:\/\/www.nexoinformativo.mx\/#\/schema\/logo\/image\/","url":"https:\/\/www.nexoinformativo.mx\/wp-content\/uploads\/2024\/07\/nexoi-trasparente-2.png","contentUrl":"https:\/\/www.nexoinformativo.mx\/wp-content\/uploads\/2024\/07\/nexoi-trasparente-2.png","width":816,"height":339,"caption":"Nexo Informativo Santiago de Quer\u00e9taro"},"image":{"@id":"https:\/\/www.nexoinformativo.mx\/#\/schema\/logo\/image\/"},"sameAs":["https:\/\/www.facebook.com\/people\/Nexo-Informativo\/61564066885511\/"]},{"@type":"Person","@id":"https:\/\/www.nexoinformativo.mx\/#\/schema\/person\/7749d380ba08c8ca00d7bc76fd907b7d","name":"Nexo Informativo","image":{"@type":"ImageObject","inLanguage":"es","@id":"https:\/\/www.nexoinformativo.mx\/#\/schema\/person\/image\/","url":"https:\/\/secure.gravatar.com\/avatar\/dde2928154642a13d95f87ddf1ea9718fe2b46760a005c53e41ff5ad610704e6?s=96&d=mm&r=g","contentUrl":"https:\/\/secure.gravatar.com\/avatar\/dde2928154642a13d95f87ddf1ea9718fe2b46760a005c53e41ff5ad610704e6?s=96&d=mm&r=g","caption":"Nexo Informativo"},"url":"https:\/\/www.nexoinformativo.mx\/index.php\/author\/edicion\/"}]}},"_links":{"self":[{"href":"https:\/\/www.nexoinformativo.mx\/index.php\/wp-json\/wp\/v2\/posts\/938","targetHints":{"allow":["GET"]}}],"collection":[{"href":"https:\/\/www.nexoinformativo.mx\/index.php\/wp-json\/wp\/v2\/posts"}],"about":[{"href":"https:\/\/www.nexoinformativo.mx\/index.php\/wp-json\/wp\/v2\/types\/post"}],"author":[{"embeddable":true,"href":"https:\/\/www.nexoinformativo.mx\/index.php\/wp-json\/wp\/v2\/users\/3"}],"replies":[{"embeddable":true,"href":"https:\/\/www.nexoinformativo.mx\/index.php\/wp-json\/wp\/v2\/comments?post=938"}],"version-history":[{"count":4,"href":"https:\/\/www.nexoinformativo.mx\/index.php\/wp-json\/wp\/v2\/posts\/938\/revisions"}],"predecessor-version":[{"id":2866,"href":"https:\/\/www.nexoinformativo.mx\/index.php\/wp-json\/wp\/v2\/posts\/938\/revisions\/2866"}],"wp:featuredmedia":[{"embeddable":true,"href":"https:\/\/www.nexoinformativo.mx\/index.php\/wp-json\/wp\/v2\/media\/940"}],"wp:attachment":[{"href":"https:\/\/www.nexoinformativo.mx\/index.php\/wp-json\/wp\/v2\/media?parent=938"}],"wp:term":[{"taxonomy":"category","embeddable":true,"href":"https:\/\/www.nexoinformativo.mx\/index.php\/wp-json\/wp\/v2\/categories?post=938"},{"taxonomy":"post_tag","embeddable":true,"href":"https:\/\/www.nexoinformativo.mx\/index.php\/wp-json\/wp\/v2\/tags?post=938"}],"curies":[{"name":"wp","href":"https:\/\/api.w.org\/{rel}","templated":true}]}}