{"id":9393,"date":"2025-01-06T11:00:40","date_gmt":"2025-01-06T17:00:40","guid":{"rendered":"https:\/\/www.nexoinformativo.mx\/?p=9393"},"modified":"2025-01-06T14:47:45","modified_gmt":"2025-01-06T20:47:45","slug":"sedesu-impulsa-a-269-proyectos-de-pymes-queretanas-para-fortalecer-la-economia-local","status":"publish","type":"post","link":"https:\/\/www.nexoinformativo.mx\/index.php\/2025\/01\/06\/sedesu-impulsa-a-269-proyectos-de-pymes-queretanas-para-fortalecer-la-economia-local\/","title":{"rendered":"SEDESU impulsa a 269 proyectos de PyMEs queretanas para fortalecer la econom\u00eda local"},"content":{"rendered":"<p style=\"text-align: justify;\" data-sourcepos=\"11:1-11:358\">La Secretar\u00eda de Desarrollo Sustentable (SEDESU) de Quer\u00e9taro ha anunciado el \u00e9xito de diversos programas enfocados en fortalecer el tejido empresarial del estado.<\/p>\n<\/p>\n<p>&nbsp;<\/p>\n<p style=\"text-align: justify;\" data-sourcepos=\"11:1-11:358\">A trav\u00e9s del subprograma para el Fortalecimiento Regional (PROFORE), se han beneficiado 451 queretanos de 16 municipios, quienes han impulsado 269 proyectos de transformaci\u00f3n en sus comunidades.<\/p>\n<\/p>\n<p>&nbsp;<\/p>\n<p style=\"text-align: justify;\" data-sourcepos=\"13:1-13:211\">Estos proyectos, que abarcan diversos sectores econ\u00f3micos, buscan mejorar la competitividad de las peque\u00f1as y medianas empresas (PyMEs), las cuales son consideradas la columna vertebral de la econom\u00eda queretana.<\/p>\n<\/p>\n<p>&nbsp;<\/p>\n<p style=\"text-align: justify;\" data-sourcepos=\"15:1-15:360\">Adem\u00e1s del PROFORE, la SEDESU ha impulsado el programa de Apoyo a Sectores Econ\u00f3micos (PASE), beneficiando a 13 mil 983 queretanos a trav\u00e9s de 46 proyectos. Asimismo, el programa Disexport, que celebra su 25 aniversario, ha apoyado a 644 empresarios y emprendedores, contribuyendo a la internacionalizaci\u00f3n de productos queretanos y a la generaci\u00f3n de empleos.<\/p>\n<\/p>\n<p>&nbsp;<\/p>\n<p style=\"text-align: justify;\" data-sourcepos=\"17:1-17:277\"><strong>&#8220;Quer\u00e9taro se consolida como un estado que fomenta el emprendimiento y la innovaci\u00f3n&#8221;<\/strong>, afirm\u00f3 Marco Del Prete Tercero, secretario de Desarrollo Sustentable. &#8220;A trav\u00e9s de estos programas, estamos brindando las herramientas necesarias para que las PyMEs crezcan y se consoliden&#8221;.<\/p>\n<\/p>\n<p>&nbsp;<\/p>\n<p style=\"text-align: justify;\" data-sourcepos=\"19:1-19:319\">Como muestra del compromiso del estado por promover la exportaci\u00f3n de productos queretanos, la SEDESU, en colaboraci\u00f3n con el Consejo Empresarial Mexicano de Comercio Exterior, Inversi\u00f3n y Tecnolog\u00eda (COMCE), particip\u00f3 en la feria Sial Par\u00eds, una de las exposiciones de innovaci\u00f3n alimentaria m\u00e1s importantes del mundo.<\/p>\n<\/p>\n<p>&nbsp;<\/p>\n<p style=\"text-align: center;\" data-sourcepos=\"19:1-19:319\"><em><strong>\u00a1Informaci\u00f3n que transforma!<\/strong><\/em><\/p>\n<h3 data-sourcepos=\"21:1-21:37\"><\/h3>\n","protected":false},"excerpt":{"rendered":"<p>La Secretar\u00eda de Desarrollo Sustentable (SEDESU) de Quer\u00e9taro ha anunciado el \u00e9xito de diversos programas enfocados en fortalecer el tejido empresarial del estado.<\/p>\n","protected":false},"author":3,"featured_media":9388,"comment_status":"open","ping_status":"open","sticky":false,"template":"","format":"standard","meta":{"footnotes":""},"categories":[5,42,58],"tags":[352,126,2998,1876],"class_list":["post-9393","post","type-post","status-publish","format-standard","has-post-thumbnail","hentry","category-economia","category-estado","category-ultima-hora","tag-desarrolloeconomico","tag-emprendimiento","tag-pymesqueretaro","tag-sedesu"],"yoast_head":"<!-- This site is optimized with the Yoast SEO plugin v25.0 - https:\/\/yoast.com\/wordpress\/plugins\/seo\/ -->\n<title>SEDESU impulsa a 269 proyectos de PyMEs queretanas para fortalecer la econom\u00eda local | Nexo Informativo Santiago de Quer\u00e9taro<\/title>\n<meta name=\"description\" content=\"SEDESU impulsa a 269 proyectos de PyMEs queretanas para fortalecer la econom\u00eda local\" \/>\n<meta name=\"robots\" content=\"index, follow, max-snippet:-1, max-image-preview:large, max-video-preview:-1\" \/>\n<link rel=\"canonical\" href=\"https:\/\/www.nexoinformativo.mx\/index.php\/2025\/01\/06\/sedesu-impulsa-a-269-proyectos-de-pymes-queretanas-para-fortalecer-la-economia-local\/\" \/>\n<meta property=\"og:locale\" content=\"es_MX\" \/>\n<meta property=\"og:type\" content=\"article\" \/>\n<meta property=\"og:title\" content=\"SEDESU impulsa a 269 proyectos de PyMEs queretanas para fortalecer la econom\u00eda local | Nexo Informativo Santiago de Quer\u00e9taro\" \/>\n<meta property=\"og:description\" content=\"SEDESU impulsa a 269 proyectos de PyMEs queretanas para fortalecer la econom\u00eda local\" \/>\n<meta property=\"og:url\" content=\"https:\/\/www.nexoinformativo.mx\/index.php\/2025\/01\/06\/sedesu-impulsa-a-269-proyectos-de-pymes-queretanas-para-fortalecer-la-economia-local\/\" \/>\n<meta property=\"og:site_name\" content=\"Nexo Informativo Santiago de Quer\u00e9taro\" \/>\n<meta property=\"article:publisher\" content=\"https:\/\/www.facebook.com\/people\/Nexo-Informativo\/61564066885511\/\" \/>\n<meta property=\"article:published_time\" content=\"2025-01-06T17:00:40+00:00\" \/>\n<meta property=\"article:modified_time\" content=\"2025-01-06T20:47:45+00:00\" \/>\n<meta property=\"og:image\" content=\"https:\/\/www.nexoinformativo.mx\/wp-content\/uploads\/2025\/01\/PHOTO-2025-01-06-09-46-28-2-e1736194128582.jpg\" \/>\n\t<meta property=\"og:image:width\" content=\"800\" \/>\n\t<meta property=\"og:image:height\" content=\"534\" \/>\n\t<meta property=\"og:image:type\" content=\"image\/jpeg\" \/>\n<meta name=\"author\" content=\"Nexo Informativo\" \/>\n<meta name=\"twitter:card\" content=\"summary_large_image\" \/>\n<meta name=\"twitter:label1\" content=\"Escrito por\" \/>\n\t<meta name=\"twitter:data1\" content=\"Nexo Informativo\" \/>\n\t<meta name=\"twitter:label2\" content=\"Tiempo de lectura\" \/>\n\t<meta name=\"twitter:data2\" content=\"2 minutos\" \/>\n<script type=\"application\/ld+json\" class=\"yoast-schema-graph\">{\"@context\":\"https:\/\/schema.org\",\"@graph\":[{\"@type\":\"Article\",\"@id\":\"https:\/\/www.nexoinformativo.mx\/index.php\/2025\/01\/06\/sedesu-impulsa-a-269-proyectos-de-pymes-queretanas-para-fortalecer-la-economia-local\/#article\",\"isPartOf\":{\"@id\":\"https:\/\/www.nexoinformativo.mx\/index.php\/2025\/01\/06\/sedesu-impulsa-a-269-proyectos-de-pymes-queretanas-para-fortalecer-la-economia-local\/\"},\"author\":{\"name\":\"Nexo Informativo\",\"@id\":\"https:\/\/www.nexoinformativo.mx\/#\/schema\/person\/7749d380ba08c8ca00d7bc76fd907b7d\"},\"headline\":\"SEDESU impulsa a 269 proyectos de PyMEs queretanas para fortalecer la econom\u00eda local\",\"datePublished\":\"2025-01-06T17:00:40+00:00\",\"dateModified\":\"2025-01-06T20:47:45+00:00\",\"mainEntityOfPage\":{\"@id\":\"https:\/\/www.nexoinformativo.mx\/index.php\/2025\/01\/06\/sedesu-impulsa-a-269-proyectos-de-pymes-queretanas-para-fortalecer-la-economia-local\/\"},\"wordCount\":257,\"commentCount\":0,\"publisher\":{\"@id\":\"https:\/\/www.nexoinformativo.mx\/#organization\"},\"image\":{\"@id\":\"https:\/\/www.nexoinformativo.mx\/index.php\/2025\/01\/06\/sedesu-impulsa-a-269-proyectos-de-pymes-queretanas-para-fortalecer-la-economia-local\/#primaryimage\"},\"thumbnailUrl\":\"https:\/\/www.nexoinformativo.mx\/wp-content\/uploads\/2025\/01\/PHOTO-2025-01-06-09-46-28-2-e1736194128582.jpg\",\"keywords\":[\"DesarrolloEcon\u00f3mico\",\"emprendimiento\",\"PyMEsQuer\u00e9taro\",\"SEDESU\"],\"articleSection\":[\"Econom\u00eda\",\"Estado\",\"\u00daltima Hora\"],\"inLanguage\":\"es\",\"potentialAction\":[{\"@type\":\"CommentAction\",\"name\":\"Comment\",\"target\":[\"https:\/\/www.nexoinformativo.mx\/index.php\/2025\/01\/06\/sedesu-impulsa-a-269-proyectos-de-pymes-queretanas-para-fortalecer-la-economia-local\/#respond\"]}]},{\"@type\":\"WebPage\",\"@id\":\"https:\/\/www.nexoinformativo.mx\/index.php\/2025\/01\/06\/sedesu-impulsa-a-269-proyectos-de-pymes-queretanas-para-fortalecer-la-economia-local\/\",\"url\":\"https:\/\/www.nexoinformativo.mx\/index.php\/2025\/01\/06\/sedesu-impulsa-a-269-proyectos-de-pymes-queretanas-para-fortalecer-la-economia-local\/\",\"name\":\"SEDESU impulsa a 269 proyectos de PyMEs queretanas para fortalecer la econom\u00eda local | Nexo Informativo Santiago de Quer\u00e9taro\",\"isPartOf\":{\"@id\":\"https:\/\/www.nexoinformativo.mx\/#website\"},\"primaryImageOfPage\":{\"@id\":\"https:\/\/www.nexoinformativo.mx\/index.php\/2025\/01\/06\/sedesu-impulsa-a-269-proyectos-de-pymes-queretanas-para-fortalecer-la-economia-local\/#primaryimage\"},\"image\":{\"@id\":\"https:\/\/www.nexoinformativo.mx\/index.php\/2025\/01\/06\/sedesu-impulsa-a-269-proyectos-de-pymes-queretanas-para-fortalecer-la-economia-local\/#primaryimage\"},\"thumbnailUrl\":\"https:\/\/www.nexoinformativo.mx\/wp-content\/uploads\/2025\/01\/PHOTO-2025-01-06-09-46-28-2-e1736194128582.jpg\",\"datePublished\":\"2025-01-06T17:00:40+00:00\",\"dateModified\":\"2025-01-06T20:47:45+00:00\",\"description\":\"SEDESU impulsa a 269 proyectos de PyMEs queretanas para fortalecer la econom\u00eda local\",\"breadcrumb\":{\"@id\":\"https:\/\/www.nexoinformativo.mx\/index.php\/2025\/01\/06\/sedesu-impulsa-a-269-proyectos-de-pymes-queretanas-para-fortalecer-la-economia-local\/#breadcrumb\"},\"inLanguage\":\"es\",\"potentialAction\":[{\"@type\":\"ReadAction\",\"target\":[\"https:\/\/www.nexoinformativo.mx\/index.php\/2025\/01\/06\/sedesu-impulsa-a-269-proyectos-de-pymes-queretanas-para-fortalecer-la-economia-local\/\"]}]},{\"@type\":\"ImageObject\",\"inLanguage\":\"es\",\"@id\":\"https:\/\/www.nexoinformativo.mx\/index.php\/2025\/01\/06\/sedesu-impulsa-a-269-proyectos-de-pymes-queretanas-para-fortalecer-la-economia-local\/#primaryimage\",\"url\":\"https:\/\/www.nexoinformativo.mx\/wp-content\/uploads\/2025\/01\/PHOTO-2025-01-06-09-46-28-2-e1736194128582.jpg\",\"contentUrl\":\"https:\/\/www.nexoinformativo.mx\/wp-content\/uploads\/2025\/01\/PHOTO-2025-01-06-09-46-28-2-e1736194128582.jpg\",\"width\":800,\"height\":534},{\"@type\":\"BreadcrumbList\",\"@id\":\"https:\/\/www.nexoinformativo.mx\/index.php\/2025\/01\/06\/sedesu-impulsa-a-269-proyectos-de-pymes-queretanas-para-fortalecer-la-economia-local\/#breadcrumb\",\"itemListElement\":[{\"@type\":\"ListItem\",\"position\":1,\"name\":\"Inicio\",\"item\":\"https:\/\/www.nexoinformativo.mx\/\"},{\"@type\":\"ListItem\",\"position\":2,\"name\":\"SEDESU impulsa a 269 proyectos de PyMEs queretanas para fortalecer la econom\u00eda local\"}]},{\"@type\":\"WebSite\",\"@id\":\"https:\/\/www.nexoinformativo.mx\/#website\",\"url\":\"https:\/\/www.nexoinformativo.mx\/\",\"name\":\"Nexo Informativo Santiago de Quer\u00e9taro\",\"description\":\"Explora NexoInformativo y convi\u00e9rtete en parte de una comunidad que valora el conocimiento y la verdad. Tu nexoinformativo es tu puente hacia una comprensi\u00f3n m\u00e1s profunda del mundo que te rodea.\",\"publisher\":{\"@id\":\"https:\/\/www.nexoinformativo.mx\/#organization\"},\"potentialAction\":[{\"@type\":\"SearchAction\",\"target\":{\"@type\":\"EntryPoint\",\"urlTemplate\":\"https:\/\/www.nexoinformativo.mx\/?s={search_term_string}\"},\"query-input\":{\"@type\":\"PropertyValueSpecification\",\"valueRequired\":true,\"valueName\":\"search_term_string\"}}],\"inLanguage\":\"es\"},{\"@type\":\"Organization\",\"@id\":\"https:\/\/www.nexoinformativo.mx\/#organization\",\"name\":\"Nexo Informativo Santiago de Quer\u00e9taro\",\"url\":\"https:\/\/www.nexoinformativo.mx\/\",\"logo\":{\"@type\":\"ImageObject\",\"inLanguage\":\"es\",\"@id\":\"https:\/\/www.nexoinformativo.mx\/#\/schema\/logo\/image\/\",\"url\":\"https:\/\/www.nexoinformativo.mx\/wp-content\/uploads\/2024\/07\/nexoi-trasparente-2.png\",\"contentUrl\":\"https:\/\/www.nexoinformativo.mx\/wp-content\/uploads\/2024\/07\/nexoi-trasparente-2.png\",\"width\":816,\"height\":339,\"caption\":\"Nexo Informativo Santiago de Quer\u00e9taro\"},\"image\":{\"@id\":\"https:\/\/www.nexoinformativo.mx\/#\/schema\/logo\/image\/\"},\"sameAs\":[\"https:\/\/www.facebook.com\/people\/Nexo-Informativo\/61564066885511\/\"]},{\"@type\":\"Person\",\"@id\":\"https:\/\/www.nexoinformativo.mx\/#\/schema\/person\/7749d380ba08c8ca00d7bc76fd907b7d\",\"name\":\"Nexo Informativo\",\"image\":{\"@type\":\"ImageObject\",\"inLanguage\":\"es\",\"@id\":\"https:\/\/www.nexoinformativo.mx\/#\/schema\/person\/image\/\",\"url\":\"https:\/\/secure.gravatar.com\/avatar\/dde2928154642a13d95f87ddf1ea9718fe2b46760a005c53e41ff5ad610704e6?s=96&d=mm&r=g\",\"contentUrl\":\"https:\/\/secure.gravatar.com\/avatar\/dde2928154642a13d95f87ddf1ea9718fe2b46760a005c53e41ff5ad610704e6?s=96&d=mm&r=g\",\"caption\":\"Nexo Informativo\"},\"url\":\"https:\/\/www.nexoinformativo.mx\/index.php\/author\/edicion\/\"}]}<\/script>\n<!-- \/ Yoast SEO plugin. -->","yoast_head_json":{"title":"SEDESU impulsa a 269 proyectos de PyMEs queretanas para fortalecer la econom\u00eda local | Nexo Informativo Santiago de Quer\u00e9taro","description":"SEDESU impulsa a 269 proyectos de PyMEs queretanas para fortalecer la econom\u00eda local","robots":{"index":"index","follow":"follow","max-snippet":"max-snippet:-1","max-image-preview":"max-image-preview:large","max-video-preview":"max-video-preview:-1"},"canonical":"https:\/\/www.nexoinformativo.mx\/index.php\/2025\/01\/06\/sedesu-impulsa-a-269-proyectos-de-pymes-queretanas-para-fortalecer-la-economia-local\/","og_locale":"es_MX","og_type":"article","og_title":"SEDESU impulsa a 269 proyectos de PyMEs queretanas para fortalecer la econom\u00eda local | Nexo Informativo Santiago de Quer\u00e9taro","og_description":"SEDESU impulsa a 269 proyectos de PyMEs queretanas para fortalecer la econom\u00eda local","og_url":"https:\/\/www.nexoinformativo.mx\/index.php\/2025\/01\/06\/sedesu-impulsa-a-269-proyectos-de-pymes-queretanas-para-fortalecer-la-economia-local\/","og_site_name":"Nexo Informativo Santiago de Quer\u00e9taro","article_publisher":"https:\/\/www.facebook.com\/people\/Nexo-Informativo\/61564066885511\/","article_published_time":"2025-01-06T17:00:40+00:00","article_modified_time":"2025-01-06T20:47:45+00:00","og_image":[{"width":800,"height":534,"url":"https:\/\/www.nexoinformativo.mx\/wp-content\/uploads\/2025\/01\/PHOTO-2025-01-06-09-46-28-2-e1736194128582.jpg","type":"image\/jpeg"}],"author":"Nexo Informativo","twitter_card":"summary_large_image","twitter_misc":{"Escrito por":"Nexo Informativo","Tiempo de lectura":"2 minutos"},"schema":{"@context":"https:\/\/schema.org","@graph":[{"@type":"Article","@id":"https:\/\/www.nexoinformativo.mx\/index.php\/2025\/01\/06\/sedesu-impulsa-a-269-proyectos-de-pymes-queretanas-para-fortalecer-la-economia-local\/#article","isPartOf":{"@id":"https:\/\/www.nexoinformativo.mx\/index.php\/2025\/01\/06\/sedesu-impulsa-a-269-proyectos-de-pymes-queretanas-para-fortalecer-la-economia-local\/"},"author":{"name":"Nexo Informativo","@id":"https:\/\/www.nexoinformativo.mx\/#\/schema\/person\/7749d380ba08c8ca00d7bc76fd907b7d"},"headline":"SEDESU impulsa a 269 proyectos de PyMEs queretanas para fortalecer la econom\u00eda local","datePublished":"2025-01-06T17:00:40+00:00","dateModified":"2025-01-06T20:47:45+00:00","mainEntityOfPage":{"@id":"https:\/\/www.nexoinformativo.mx\/index.php\/2025\/01\/06\/sedesu-impulsa-a-269-proyectos-de-pymes-queretanas-para-fortalecer-la-economia-local\/"},"wordCount":257,"commentCount":0,"publisher":{"@id":"https:\/\/www.nexoinformativo.mx\/#organization"},"image":{"@id":"https:\/\/www.nexoinformativo.mx\/index.php\/2025\/01\/06\/sedesu-impulsa-a-269-proyectos-de-pymes-queretanas-para-fortalecer-la-economia-local\/#primaryimage"},"thumbnailUrl":"https:\/\/www.nexoinformativo.mx\/wp-content\/uploads\/2025\/01\/PHOTO-2025-01-06-09-46-28-2-e1736194128582.jpg","keywords":["DesarrolloEcon\u00f3mico","emprendimiento","PyMEsQuer\u00e9taro","SEDESU"],"articleSection":["Econom\u00eda","Estado","\u00daltima Hora"],"inLanguage":"es","potentialAction":[{"@type":"CommentAction","name":"Comment","target":["https:\/\/www.nexoinformativo.mx\/index.php\/2025\/01\/06\/sedesu-impulsa-a-269-proyectos-de-pymes-queretanas-para-fortalecer-la-economia-local\/#respond"]}]},{"@type":"WebPage","@id":"https:\/\/www.nexoinformativo.mx\/index.php\/2025\/01\/06\/sedesu-impulsa-a-269-proyectos-de-pymes-queretanas-para-fortalecer-la-economia-local\/","url":"https:\/\/www.nexoinformativo.mx\/index.php\/2025\/01\/06\/sedesu-impulsa-a-269-proyectos-de-pymes-queretanas-para-fortalecer-la-economia-local\/","name":"SEDESU impulsa a 269 proyectos de PyMEs queretanas para fortalecer la econom\u00eda local | Nexo Informativo Santiago de Quer\u00e9taro","isPartOf":{"@id":"https:\/\/www.nexoinformativo.mx\/#website"},"primaryImageOfPage":{"@id":"https:\/\/www.nexoinformativo.mx\/index.php\/2025\/01\/06\/sedesu-impulsa-a-269-proyectos-de-pymes-queretanas-para-fortalecer-la-economia-local\/#primaryimage"},"image":{"@id":"https:\/\/www.nexoinformativo.mx\/index.php\/2025\/01\/06\/sedesu-impulsa-a-269-proyectos-de-pymes-queretanas-para-fortalecer-la-economia-local\/#primaryimage"},"thumbnailUrl":"https:\/\/www.nexoinformativo.mx\/wp-content\/uploads\/2025\/01\/PHOTO-2025-01-06-09-46-28-2-e1736194128582.jpg","datePublished":"2025-01-06T17:00:40+00:00","dateModified":"2025-01-06T20:47:45+00:00","description":"SEDESU impulsa a 269 proyectos de PyMEs queretanas para fortalecer la econom\u00eda local","breadcrumb":{"@id":"https:\/\/www.nexoinformativo.mx\/index.php\/2025\/01\/06\/sedesu-impulsa-a-269-proyectos-de-pymes-queretanas-para-fortalecer-la-economia-local\/#breadcrumb"},"inLanguage":"es","potentialAction":[{"@type":"ReadAction","target":["https:\/\/www.nexoinformativo.mx\/index.php\/2025\/01\/06\/sedesu-impulsa-a-269-proyectos-de-pymes-queretanas-para-fortalecer-la-economia-local\/"]}]},{"@type":"ImageObject","inLanguage":"es","@id":"https:\/\/www.nexoinformativo.mx\/index.php\/2025\/01\/06\/sedesu-impulsa-a-269-proyectos-de-pymes-queretanas-para-fortalecer-la-economia-local\/#primaryimage","url":"https:\/\/www.nexoinformativo.mx\/wp-content\/uploads\/2025\/01\/PHOTO-2025-01-06-09-46-28-2-e1736194128582.jpg","contentUrl":"https:\/\/www.nexoinformativo.mx\/wp-content\/uploads\/2025\/01\/PHOTO-2025-01-06-09-46-28-2-e1736194128582.jpg","width":800,"height":534},{"@type":"BreadcrumbList","@id":"https:\/\/www.nexoinformativo.mx\/index.php\/2025\/01\/06\/sedesu-impulsa-a-269-proyectos-de-pymes-queretanas-para-fortalecer-la-economia-local\/#breadcrumb","itemListElement":[{"@type":"ListItem","position":1,"name":"Inicio","item":"https:\/\/www.nexoinformativo.mx\/"},{"@type":"ListItem","position":2,"name":"SEDESU impulsa a 269 proyectos de PyMEs queretanas para fortalecer la econom\u00eda local"}]},{"@type":"WebSite","@id":"https:\/\/www.nexoinformativo.mx\/#website","url":"https:\/\/www.nexoinformativo.mx\/","name":"Nexo Informativo Santiago de Quer\u00e9taro","description":"Explora NexoInformativo y convi\u00e9rtete en parte de una comunidad que valora el conocimiento y la verdad. Tu nexoinformativo es tu puente hacia una comprensi\u00f3n m\u00e1s profunda del mundo que te rodea.","publisher":{"@id":"https:\/\/www.nexoinformativo.mx\/#organization"},"potentialAction":[{"@type":"SearchAction","target":{"@type":"EntryPoint","urlTemplate":"https:\/\/www.nexoinformativo.mx\/?s={search_term_string}"},"query-input":{"@type":"PropertyValueSpecification","valueRequired":true,"valueName":"search_term_string"}}],"inLanguage":"es"},{"@type":"Organization","@id":"https:\/\/www.nexoinformativo.mx\/#organization","name":"Nexo Informativo Santiago de Quer\u00e9taro","url":"https:\/\/www.nexoinformativo.mx\/","logo":{"@type":"ImageObject","inLanguage":"es","@id":"https:\/\/www.nexoinformativo.mx\/#\/schema\/logo\/image\/","url":"https:\/\/www.nexoinformativo.mx\/wp-content\/uploads\/2024\/07\/nexoi-trasparente-2.png","contentUrl":"https:\/\/www.nexoinformativo.mx\/wp-content\/uploads\/2024\/07\/nexoi-trasparente-2.png","width":816,"height":339,"caption":"Nexo Informativo Santiago de Quer\u00e9taro"},"image":{"@id":"https:\/\/www.nexoinformativo.mx\/#\/schema\/logo\/image\/"},"sameAs":["https:\/\/www.facebook.com\/people\/Nexo-Informativo\/61564066885511\/"]},{"@type":"Person","@id":"https:\/\/www.nexoinformativo.mx\/#\/schema\/person\/7749d380ba08c8ca00d7bc76fd907b7d","name":"Nexo Informativo","image":{"@type":"ImageObject","inLanguage":"es","@id":"https:\/\/www.nexoinformativo.mx\/#\/schema\/person\/image\/","url":"https:\/\/secure.gravatar.com\/avatar\/dde2928154642a13d95f87ddf1ea9718fe2b46760a005c53e41ff5ad610704e6?s=96&d=mm&r=g","contentUrl":"https:\/\/secure.gravatar.com\/avatar\/dde2928154642a13d95f87ddf1ea9718fe2b46760a005c53e41ff5ad610704e6?s=96&d=mm&r=g","caption":"Nexo Informativo"},"url":"https:\/\/www.nexoinformativo.mx\/index.php\/author\/edicion\/"}]}},"_links":{"self":[{"href":"https:\/\/www.nexoinformativo.mx\/index.php\/wp-json\/wp\/v2\/posts\/9393","targetHints":{"allow":["GET"]}}],"collection":[{"href":"https:\/\/www.nexoinformativo.mx\/index.php\/wp-json\/wp\/v2\/posts"}],"about":[{"href":"https:\/\/www.nexoinformativo.mx\/index.php\/wp-json\/wp\/v2\/types\/post"}],"author":[{"embeddable":true,"href":"https:\/\/www.nexoinformativo.mx\/index.php\/wp-json\/wp\/v2\/users\/3"}],"replies":[{"embeddable":true,"href":"https:\/\/www.nexoinformativo.mx\/index.php\/wp-json\/wp\/v2\/comments?post=9393"}],"version-history":[{"count":3,"href":"https:\/\/www.nexoinformativo.mx\/index.php\/wp-json\/wp\/v2\/posts\/9393\/revisions"}],"predecessor-version":[{"id":9396,"href":"https:\/\/www.nexoinformativo.mx\/index.php\/wp-json\/wp\/v2\/posts\/9393\/revisions\/9396"}],"wp:featuredmedia":[{"embeddable":true,"href":"https:\/\/www.nexoinformativo.mx\/index.php\/wp-json\/wp\/v2\/media\/9388"}],"wp:attachment":[{"href":"https:\/\/www.nexoinformativo.mx\/index.php\/wp-json\/wp\/v2\/media?parent=9393"}],"wp:term":[{"taxonomy":"category","embeddable":true,"href":"https:\/\/www.nexoinformativo.mx\/index.php\/wp-json\/wp\/v2\/categories?post=9393"},{"taxonomy":"post_tag","embeddable":true,"href":"https:\/\/www.nexoinformativo.mx\/index.php\/wp-json\/wp\/v2\/tags?post=9393"}],"curies":[{"name":"wp","href":"https:\/\/api.w.org\/{rel}","templated":true}]}}