{"id":9403,"date":"2025-01-06T15:00:32","date_gmt":"2025-01-06T21:00:32","guid":{"rendered":"https:\/\/www.nexoinformativo.mx\/?p=9403"},"modified":"2025-01-06T17:44:17","modified_gmt":"2025-01-06T23:44:17","slug":"queretaro-se-prepara-para-conmemorar-el-5-de-febrero-con-posible-visita-de-claudia-sheinbaum","status":"publish","type":"post","link":"https:\/\/www.nexoinformativo.mx\/index.php\/2025\/01\/06\/queretaro-se-prepara-para-conmemorar-el-5-de-febrero-con-posible-visita-de-claudia-sheinbaum\/","title":{"rendered":"Quer\u00e9taro se prepara para conmemorar el 5 de Febrero con posible visita de Claudia Sheinbaum"},"content":{"rendered":"<p style=\"text-align: justify;\" data-sourcepos=\"11:1-11:420\">La entidad queretana se encuentra en los preparativos para conmemorar un a\u00f1o m\u00e1s la promulgaci\u00f3n de la Constituci\u00f3n Pol\u00edtica de los Estados Unidos Mexicanos, el pr\u00f3ximo 5 de febrero.<\/p>\n<\/p>\n<p>&nbsp;<\/p>\n<p style=\"text-align: justify;\" data-sourcepos=\"11:1-11:420\">As\u00ed lo dio a conocer el delegado de la Secretar\u00eda de Gobernaci\u00f3n en el estado, Samuel Mena Stadelmann, quien se\u00f1al\u00f3 que ya se han sostenido reuniones con autoridades estatales para afinar los detalles de este importante evento hist\u00f3rico.<\/p>\n<\/p>\n<p>&nbsp;<\/p>\n<p style=\"text-align: justify;\" data-sourcepos=\"13:1-13:346\">Aunque a\u00fan no se ha confirmado de manera oficial la visita de la presidenta de M\u00e9xico, Claudia Sheinbaum, las autoridades est\u00e1n trabajando como si as\u00ed fuera. &#8220;Estamos preparando todo para recibir a la presidenta, si ella decide venir. Es un evento muy importante para nuestro pa\u00eds y queremos que se celebre a lo grande&#8221;, mencion\u00f3 Mena Stadelmann.<\/p>\n<\/p>\n<p>&nbsp;<\/p>\n<p style=\"text-align: justify;\" data-sourcepos=\"15:1-15:278\">Adem\u00e1s de la posible visita presidencial, se contempla la realizaci\u00f3n de la Conferencia Nacional de Gobernadores (CONAGO) en fechas cercanas al 5 de febrero. Esto permitir\u00eda aprovechar la presencia de autoridades federales y estatales para discutir temas de relevancia nacional.<\/p>\n<\/p>\n<p>&nbsp;<\/p>\n<p style=\"text-align: center;\" data-sourcepos=\"15:1-15:278\"><em><strong>\u00a1Informaci\u00f3n que transforma!<\/strong><\/em><\/p>\n","protected":false},"excerpt":{"rendered":"<p>La entidad queretana se encuentra en los preparativos para conmemorar un a\u00f1o m\u00e1s la promulgaci\u00f3n de la Constituci\u00f3n Pol\u00edtica de los Estados Unidos Mexicanos, el pr\u00f3ximo 5 de febrero.<\/p>\n","protected":false},"author":3,"featured_media":9404,"comment_status":"open","ping_status":"open","sticky":false,"template":"","format":"standard","meta":{"footnotes":""},"categories":[42,58],"tags":[3000,967,3001,133],"class_list":["post-9403","post","type-post","status-publish","format-standard","has-post-thumbnail","hentry","category-estado","category-ultima-hora","tag-5defebrero","tag-claudiasheinbaum","tag-constitucionmexicana","tag-queretaro"],"yoast_head":"<!-- This site is optimized with the Yoast SEO plugin v25.0 - https:\/\/yoast.com\/wordpress\/plugins\/seo\/ -->\n<title>Quer\u00e9taro se prepara para conmemorar el 5 de Febrero con posible visita de Claudia Sheinbaum | Nexo Informativo Santiago de Quer\u00e9taro<\/title>\n<meta name=\"description\" content=\"Quer\u00e9taro se prepara para conmemorar el 5 de Febrero con posible visita de Claudia Sheinbaum\" \/>\n<meta name=\"robots\" content=\"index, follow, max-snippet:-1, max-image-preview:large, max-video-preview:-1\" \/>\n<link rel=\"canonical\" href=\"https:\/\/www.nexoinformativo.mx\/index.php\/2025\/01\/06\/queretaro-se-prepara-para-conmemorar-el-5-de-febrero-con-posible-visita-de-claudia-sheinbaum\/\" \/>\n<meta property=\"og:locale\" content=\"es_MX\" \/>\n<meta property=\"og:type\" content=\"article\" \/>\n<meta property=\"og:title\" content=\"Quer\u00e9taro se prepara para conmemorar el 5 de Febrero con posible visita de Claudia Sheinbaum | Nexo Informativo Santiago de Quer\u00e9taro\" \/>\n<meta property=\"og:description\" content=\"Quer\u00e9taro se prepara para conmemorar el 5 de Febrero con posible visita de Claudia Sheinbaum\" \/>\n<meta property=\"og:url\" content=\"https:\/\/www.nexoinformativo.mx\/index.php\/2025\/01\/06\/queretaro-se-prepara-para-conmemorar-el-5-de-febrero-con-posible-visita-de-claudia-sheinbaum\/\" \/>\n<meta property=\"og:site_name\" content=\"Nexo Informativo Santiago de Quer\u00e9taro\" \/>\n<meta property=\"article:publisher\" content=\"https:\/\/www.facebook.com\/people\/Nexo-Informativo\/61564066885511\/\" \/>\n<meta property=\"article:published_time\" content=\"2025-01-06T21:00:32+00:00\" \/>\n<meta property=\"article:modified_time\" content=\"2025-01-06T23:44:17+00:00\" \/>\n<meta property=\"og:image\" content=\"https:\/\/www.nexoinformativo.mx\/wp-content\/uploads\/2025\/01\/5062cae0-29ae-4228-ba7f-95a272a6e539-e1736207009561.jpg\" \/>\n\t<meta property=\"og:image:width\" content=\"800\" \/>\n\t<meta property=\"og:image:height\" content=\"507\" \/>\n\t<meta property=\"og:image:type\" content=\"image\/jpeg\" \/>\n<meta name=\"author\" content=\"Nexo Informativo\" \/>\n<meta name=\"twitter:card\" content=\"summary_large_image\" \/>\n<meta name=\"twitter:label1\" content=\"Escrito por\" \/>\n\t<meta name=\"twitter:data1\" content=\"Nexo Informativo\" \/>\n\t<meta name=\"twitter:label2\" content=\"Tiempo de lectura\" \/>\n\t<meta name=\"twitter:data2\" content=\"1 minuto\" \/>\n<script type=\"application\/ld+json\" class=\"yoast-schema-graph\">{\"@context\":\"https:\/\/schema.org\",\"@graph\":[{\"@type\":\"Article\",\"@id\":\"https:\/\/www.nexoinformativo.mx\/index.php\/2025\/01\/06\/queretaro-se-prepara-para-conmemorar-el-5-de-febrero-con-posible-visita-de-claudia-sheinbaum\/#article\",\"isPartOf\":{\"@id\":\"https:\/\/www.nexoinformativo.mx\/index.php\/2025\/01\/06\/queretaro-se-prepara-para-conmemorar-el-5-de-febrero-con-posible-visita-de-claudia-sheinbaum\/\"},\"author\":{\"name\":\"Nexo Informativo\",\"@id\":\"https:\/\/www.nexoinformativo.mx\/#\/schema\/person\/7749d380ba08c8ca00d7bc76fd907b7d\"},\"headline\":\"Quer\u00e9taro se prepara para conmemorar el 5 de Febrero con posible visita de Claudia Sheinbaum\",\"datePublished\":\"2025-01-06T21:00:32+00:00\",\"dateModified\":\"2025-01-06T23:44:17+00:00\",\"mainEntityOfPage\":{\"@id\":\"https:\/\/www.nexoinformativo.mx\/index.php\/2025\/01\/06\/queretaro-se-prepara-para-conmemorar-el-5-de-febrero-con-posible-visita-de-claudia-sheinbaum\/\"},\"wordCount\":202,\"commentCount\":0,\"publisher\":{\"@id\":\"https:\/\/www.nexoinformativo.mx\/#organization\"},\"image\":{\"@id\":\"https:\/\/www.nexoinformativo.mx\/index.php\/2025\/01\/06\/queretaro-se-prepara-para-conmemorar-el-5-de-febrero-con-posible-visita-de-claudia-sheinbaum\/#primaryimage\"},\"thumbnailUrl\":\"https:\/\/www.nexoinformativo.mx\/wp-content\/uploads\/2025\/01\/5062cae0-29ae-4228-ba7f-95a272a6e539-e1736207009561.jpg\",\"keywords\":[\"5deFebrero\",\"ClaudiaSheinbaum\",\"Constituci\u00f3nMexicana\",\"Quer\u00e9taro\"],\"articleSection\":[\"Estado\",\"\u00daltima Hora\"],\"inLanguage\":\"es\",\"potentialAction\":[{\"@type\":\"CommentAction\",\"name\":\"Comment\",\"target\":[\"https:\/\/www.nexoinformativo.mx\/index.php\/2025\/01\/06\/queretaro-se-prepara-para-conmemorar-el-5-de-febrero-con-posible-visita-de-claudia-sheinbaum\/#respond\"]}]},{\"@type\":\"WebPage\",\"@id\":\"https:\/\/www.nexoinformativo.mx\/index.php\/2025\/01\/06\/queretaro-se-prepara-para-conmemorar-el-5-de-febrero-con-posible-visita-de-claudia-sheinbaum\/\",\"url\":\"https:\/\/www.nexoinformativo.mx\/index.php\/2025\/01\/06\/queretaro-se-prepara-para-conmemorar-el-5-de-febrero-con-posible-visita-de-claudia-sheinbaum\/\",\"name\":\"Quer\u00e9taro se prepara para conmemorar el 5 de Febrero con posible visita de Claudia Sheinbaum | Nexo Informativo Santiago de Quer\u00e9taro\",\"isPartOf\":{\"@id\":\"https:\/\/www.nexoinformativo.mx\/#website\"},\"primaryImageOfPage\":{\"@id\":\"https:\/\/www.nexoinformativo.mx\/index.php\/2025\/01\/06\/queretaro-se-prepara-para-conmemorar-el-5-de-febrero-con-posible-visita-de-claudia-sheinbaum\/#primaryimage\"},\"image\":{\"@id\":\"https:\/\/www.nexoinformativo.mx\/index.php\/2025\/01\/06\/queretaro-se-prepara-para-conmemorar-el-5-de-febrero-con-posible-visita-de-claudia-sheinbaum\/#primaryimage\"},\"thumbnailUrl\":\"https:\/\/www.nexoinformativo.mx\/wp-content\/uploads\/2025\/01\/5062cae0-29ae-4228-ba7f-95a272a6e539-e1736207009561.jpg\",\"datePublished\":\"2025-01-06T21:00:32+00:00\",\"dateModified\":\"2025-01-06T23:44:17+00:00\",\"description\":\"Quer\u00e9taro se prepara para conmemorar el 5 de Febrero con posible visita de Claudia Sheinbaum\",\"breadcrumb\":{\"@id\":\"https:\/\/www.nexoinformativo.mx\/index.php\/2025\/01\/06\/queretaro-se-prepara-para-conmemorar-el-5-de-febrero-con-posible-visita-de-claudia-sheinbaum\/#breadcrumb\"},\"inLanguage\":\"es\",\"potentialAction\":[{\"@type\":\"ReadAction\",\"target\":[\"https:\/\/www.nexoinformativo.mx\/index.php\/2025\/01\/06\/queretaro-se-prepara-para-conmemorar-el-5-de-febrero-con-posible-visita-de-claudia-sheinbaum\/\"]}]},{\"@type\":\"ImageObject\",\"inLanguage\":\"es\",\"@id\":\"https:\/\/www.nexoinformativo.mx\/index.php\/2025\/01\/06\/queretaro-se-prepara-para-conmemorar-el-5-de-febrero-con-posible-visita-de-claudia-sheinbaum\/#primaryimage\",\"url\":\"https:\/\/www.nexoinformativo.mx\/wp-content\/uploads\/2025\/01\/5062cae0-29ae-4228-ba7f-95a272a6e539-e1736207009561.jpg\",\"contentUrl\":\"https:\/\/www.nexoinformativo.mx\/wp-content\/uploads\/2025\/01\/5062cae0-29ae-4228-ba7f-95a272a6e539-e1736207009561.jpg\",\"width\":800,\"height\":507},{\"@type\":\"BreadcrumbList\",\"@id\":\"https:\/\/www.nexoinformativo.mx\/index.php\/2025\/01\/06\/queretaro-se-prepara-para-conmemorar-el-5-de-febrero-con-posible-visita-de-claudia-sheinbaum\/#breadcrumb\",\"itemListElement\":[{\"@type\":\"ListItem\",\"position\":1,\"name\":\"Inicio\",\"item\":\"https:\/\/www.nexoinformativo.mx\/\"},{\"@type\":\"ListItem\",\"position\":2,\"name\":\"Quer\u00e9taro se prepara para conmemorar el 5 de Febrero con posible visita de Claudia Sheinbaum\"}]},{\"@type\":\"WebSite\",\"@id\":\"https:\/\/www.nexoinformativo.mx\/#website\",\"url\":\"https:\/\/www.nexoinformativo.mx\/\",\"name\":\"Nexo Informativo Santiago de Quer\u00e9taro\",\"description\":\"Explora NexoInformativo y convi\u00e9rtete en parte de una comunidad que valora el conocimiento y la verdad. Tu nexoinformativo es tu puente hacia una comprensi\u00f3n m\u00e1s profunda del mundo que te rodea.\",\"publisher\":{\"@id\":\"https:\/\/www.nexoinformativo.mx\/#organization\"},\"potentialAction\":[{\"@type\":\"SearchAction\",\"target\":{\"@type\":\"EntryPoint\",\"urlTemplate\":\"https:\/\/www.nexoinformativo.mx\/?s={search_term_string}\"},\"query-input\":{\"@type\":\"PropertyValueSpecification\",\"valueRequired\":true,\"valueName\":\"search_term_string\"}}],\"inLanguage\":\"es\"},{\"@type\":\"Organization\",\"@id\":\"https:\/\/www.nexoinformativo.mx\/#organization\",\"name\":\"Nexo Informativo Santiago de Quer\u00e9taro\",\"url\":\"https:\/\/www.nexoinformativo.mx\/\",\"logo\":{\"@type\":\"ImageObject\",\"inLanguage\":\"es\",\"@id\":\"https:\/\/www.nexoinformativo.mx\/#\/schema\/logo\/image\/\",\"url\":\"https:\/\/www.nexoinformativo.mx\/wp-content\/uploads\/2024\/07\/nexoi-trasparente-2.png\",\"contentUrl\":\"https:\/\/www.nexoinformativo.mx\/wp-content\/uploads\/2024\/07\/nexoi-trasparente-2.png\",\"width\":816,\"height\":339,\"caption\":\"Nexo Informativo Santiago de Quer\u00e9taro\"},\"image\":{\"@id\":\"https:\/\/www.nexoinformativo.mx\/#\/schema\/logo\/image\/\"},\"sameAs\":[\"https:\/\/www.facebook.com\/people\/Nexo-Informativo\/61564066885511\/\"]},{\"@type\":\"Person\",\"@id\":\"https:\/\/www.nexoinformativo.mx\/#\/schema\/person\/7749d380ba08c8ca00d7bc76fd907b7d\",\"name\":\"Nexo Informativo\",\"image\":{\"@type\":\"ImageObject\",\"inLanguage\":\"es\",\"@id\":\"https:\/\/www.nexoinformativo.mx\/#\/schema\/person\/image\/\",\"url\":\"https:\/\/secure.gravatar.com\/avatar\/dde2928154642a13d95f87ddf1ea9718fe2b46760a005c53e41ff5ad610704e6?s=96&d=mm&r=g\",\"contentUrl\":\"https:\/\/secure.gravatar.com\/avatar\/dde2928154642a13d95f87ddf1ea9718fe2b46760a005c53e41ff5ad610704e6?s=96&d=mm&r=g\",\"caption\":\"Nexo Informativo\"},\"url\":\"https:\/\/www.nexoinformativo.mx\/index.php\/author\/edicion\/\"}]}<\/script>\n<!-- \/ Yoast SEO plugin. -->","yoast_head_json":{"title":"Quer\u00e9taro se prepara para conmemorar el 5 de Febrero con posible visita de Claudia Sheinbaum | Nexo Informativo Santiago de Quer\u00e9taro","description":"Quer\u00e9taro se prepara para conmemorar el 5 de Febrero con posible visita de Claudia Sheinbaum","robots":{"index":"index","follow":"follow","max-snippet":"max-snippet:-1","max-image-preview":"max-image-preview:large","max-video-preview":"max-video-preview:-1"},"canonical":"https:\/\/www.nexoinformativo.mx\/index.php\/2025\/01\/06\/queretaro-se-prepara-para-conmemorar-el-5-de-febrero-con-posible-visita-de-claudia-sheinbaum\/","og_locale":"es_MX","og_type":"article","og_title":"Quer\u00e9taro se prepara para conmemorar el 5 de Febrero con posible visita de Claudia Sheinbaum | Nexo Informativo Santiago de Quer\u00e9taro","og_description":"Quer\u00e9taro se prepara para conmemorar el 5 de Febrero con posible visita de Claudia Sheinbaum","og_url":"https:\/\/www.nexoinformativo.mx\/index.php\/2025\/01\/06\/queretaro-se-prepara-para-conmemorar-el-5-de-febrero-con-posible-visita-de-claudia-sheinbaum\/","og_site_name":"Nexo Informativo Santiago de Quer\u00e9taro","article_publisher":"https:\/\/www.facebook.com\/people\/Nexo-Informativo\/61564066885511\/","article_published_time":"2025-01-06T21:00:32+00:00","article_modified_time":"2025-01-06T23:44:17+00:00","og_image":[{"width":800,"height":507,"url":"https:\/\/www.nexoinformativo.mx\/wp-content\/uploads\/2025\/01\/5062cae0-29ae-4228-ba7f-95a272a6e539-e1736207009561.jpg","type":"image\/jpeg"}],"author":"Nexo Informativo","twitter_card":"summary_large_image","twitter_misc":{"Escrito por":"Nexo Informativo","Tiempo de lectura":"1 minuto"},"schema":{"@context":"https:\/\/schema.org","@graph":[{"@type":"Article","@id":"https:\/\/www.nexoinformativo.mx\/index.php\/2025\/01\/06\/queretaro-se-prepara-para-conmemorar-el-5-de-febrero-con-posible-visita-de-claudia-sheinbaum\/#article","isPartOf":{"@id":"https:\/\/www.nexoinformativo.mx\/index.php\/2025\/01\/06\/queretaro-se-prepara-para-conmemorar-el-5-de-febrero-con-posible-visita-de-claudia-sheinbaum\/"},"author":{"name":"Nexo Informativo","@id":"https:\/\/www.nexoinformativo.mx\/#\/schema\/person\/7749d380ba08c8ca00d7bc76fd907b7d"},"headline":"Quer\u00e9taro se prepara para conmemorar el 5 de Febrero con posible visita de Claudia Sheinbaum","datePublished":"2025-01-06T21:00:32+00:00","dateModified":"2025-01-06T23:44:17+00:00","mainEntityOfPage":{"@id":"https:\/\/www.nexoinformativo.mx\/index.php\/2025\/01\/06\/queretaro-se-prepara-para-conmemorar-el-5-de-febrero-con-posible-visita-de-claudia-sheinbaum\/"},"wordCount":202,"commentCount":0,"publisher":{"@id":"https:\/\/www.nexoinformativo.mx\/#organization"},"image":{"@id":"https:\/\/www.nexoinformativo.mx\/index.php\/2025\/01\/06\/queretaro-se-prepara-para-conmemorar-el-5-de-febrero-con-posible-visita-de-claudia-sheinbaum\/#primaryimage"},"thumbnailUrl":"https:\/\/www.nexoinformativo.mx\/wp-content\/uploads\/2025\/01\/5062cae0-29ae-4228-ba7f-95a272a6e539-e1736207009561.jpg","keywords":["5deFebrero","ClaudiaSheinbaum","Constituci\u00f3nMexicana","Quer\u00e9taro"],"articleSection":["Estado","\u00daltima Hora"],"inLanguage":"es","potentialAction":[{"@type":"CommentAction","name":"Comment","target":["https:\/\/www.nexoinformativo.mx\/index.php\/2025\/01\/06\/queretaro-se-prepara-para-conmemorar-el-5-de-febrero-con-posible-visita-de-claudia-sheinbaum\/#respond"]}]},{"@type":"WebPage","@id":"https:\/\/www.nexoinformativo.mx\/index.php\/2025\/01\/06\/queretaro-se-prepara-para-conmemorar-el-5-de-febrero-con-posible-visita-de-claudia-sheinbaum\/","url":"https:\/\/www.nexoinformativo.mx\/index.php\/2025\/01\/06\/queretaro-se-prepara-para-conmemorar-el-5-de-febrero-con-posible-visita-de-claudia-sheinbaum\/","name":"Quer\u00e9taro se prepara para conmemorar el 5 de Febrero con posible visita de Claudia Sheinbaum | Nexo Informativo Santiago de Quer\u00e9taro","isPartOf":{"@id":"https:\/\/www.nexoinformativo.mx\/#website"},"primaryImageOfPage":{"@id":"https:\/\/www.nexoinformativo.mx\/index.php\/2025\/01\/06\/queretaro-se-prepara-para-conmemorar-el-5-de-febrero-con-posible-visita-de-claudia-sheinbaum\/#primaryimage"},"image":{"@id":"https:\/\/www.nexoinformativo.mx\/index.php\/2025\/01\/06\/queretaro-se-prepara-para-conmemorar-el-5-de-febrero-con-posible-visita-de-claudia-sheinbaum\/#primaryimage"},"thumbnailUrl":"https:\/\/www.nexoinformativo.mx\/wp-content\/uploads\/2025\/01\/5062cae0-29ae-4228-ba7f-95a272a6e539-e1736207009561.jpg","datePublished":"2025-01-06T21:00:32+00:00","dateModified":"2025-01-06T23:44:17+00:00","description":"Quer\u00e9taro se prepara para conmemorar el 5 de Febrero con posible visita de Claudia Sheinbaum","breadcrumb":{"@id":"https:\/\/www.nexoinformativo.mx\/index.php\/2025\/01\/06\/queretaro-se-prepara-para-conmemorar-el-5-de-febrero-con-posible-visita-de-claudia-sheinbaum\/#breadcrumb"},"inLanguage":"es","potentialAction":[{"@type":"ReadAction","target":["https:\/\/www.nexoinformativo.mx\/index.php\/2025\/01\/06\/queretaro-se-prepara-para-conmemorar-el-5-de-febrero-con-posible-visita-de-claudia-sheinbaum\/"]}]},{"@type":"ImageObject","inLanguage":"es","@id":"https:\/\/www.nexoinformativo.mx\/index.php\/2025\/01\/06\/queretaro-se-prepara-para-conmemorar-el-5-de-febrero-con-posible-visita-de-claudia-sheinbaum\/#primaryimage","url":"https:\/\/www.nexoinformativo.mx\/wp-content\/uploads\/2025\/01\/5062cae0-29ae-4228-ba7f-95a272a6e539-e1736207009561.jpg","contentUrl":"https:\/\/www.nexoinformativo.mx\/wp-content\/uploads\/2025\/01\/5062cae0-29ae-4228-ba7f-95a272a6e539-e1736207009561.jpg","width":800,"height":507},{"@type":"BreadcrumbList","@id":"https:\/\/www.nexoinformativo.mx\/index.php\/2025\/01\/06\/queretaro-se-prepara-para-conmemorar-el-5-de-febrero-con-posible-visita-de-claudia-sheinbaum\/#breadcrumb","itemListElement":[{"@type":"ListItem","position":1,"name":"Inicio","item":"https:\/\/www.nexoinformativo.mx\/"},{"@type":"ListItem","position":2,"name":"Quer\u00e9taro se prepara para conmemorar el 5 de Febrero con posible visita de Claudia Sheinbaum"}]},{"@type":"WebSite","@id":"https:\/\/www.nexoinformativo.mx\/#website","url":"https:\/\/www.nexoinformativo.mx\/","name":"Nexo Informativo Santiago de Quer\u00e9taro","description":"Explora NexoInformativo y convi\u00e9rtete en parte de una comunidad que valora el conocimiento y la verdad. Tu nexoinformativo es tu puente hacia una comprensi\u00f3n m\u00e1s profunda del mundo que te rodea.","publisher":{"@id":"https:\/\/www.nexoinformativo.mx\/#organization"},"potentialAction":[{"@type":"SearchAction","target":{"@type":"EntryPoint","urlTemplate":"https:\/\/www.nexoinformativo.mx\/?s={search_term_string}"},"query-input":{"@type":"PropertyValueSpecification","valueRequired":true,"valueName":"search_term_string"}}],"inLanguage":"es"},{"@type":"Organization","@id":"https:\/\/www.nexoinformativo.mx\/#organization","name":"Nexo Informativo Santiago de Quer\u00e9taro","url":"https:\/\/www.nexoinformativo.mx\/","logo":{"@type":"ImageObject","inLanguage":"es","@id":"https:\/\/www.nexoinformativo.mx\/#\/schema\/logo\/image\/","url":"https:\/\/www.nexoinformativo.mx\/wp-content\/uploads\/2024\/07\/nexoi-trasparente-2.png","contentUrl":"https:\/\/www.nexoinformativo.mx\/wp-content\/uploads\/2024\/07\/nexoi-trasparente-2.png","width":816,"height":339,"caption":"Nexo Informativo Santiago de Quer\u00e9taro"},"image":{"@id":"https:\/\/www.nexoinformativo.mx\/#\/schema\/logo\/image\/"},"sameAs":["https:\/\/www.facebook.com\/people\/Nexo-Informativo\/61564066885511\/"]},{"@type":"Person","@id":"https:\/\/www.nexoinformativo.mx\/#\/schema\/person\/7749d380ba08c8ca00d7bc76fd907b7d","name":"Nexo Informativo","image":{"@type":"ImageObject","inLanguage":"es","@id":"https:\/\/www.nexoinformativo.mx\/#\/schema\/person\/image\/","url":"https:\/\/secure.gravatar.com\/avatar\/dde2928154642a13d95f87ddf1ea9718fe2b46760a005c53e41ff5ad610704e6?s=96&d=mm&r=g","contentUrl":"https:\/\/secure.gravatar.com\/avatar\/dde2928154642a13d95f87ddf1ea9718fe2b46760a005c53e41ff5ad610704e6?s=96&d=mm&r=g","caption":"Nexo Informativo"},"url":"https:\/\/www.nexoinformativo.mx\/index.php\/author\/edicion\/"}]}},"_links":{"self":[{"href":"https:\/\/www.nexoinformativo.mx\/index.php\/wp-json\/wp\/v2\/posts\/9403","targetHints":{"allow":["GET"]}}],"collection":[{"href":"https:\/\/www.nexoinformativo.mx\/index.php\/wp-json\/wp\/v2\/posts"}],"about":[{"href":"https:\/\/www.nexoinformativo.mx\/index.php\/wp-json\/wp\/v2\/types\/post"}],"author":[{"embeddable":true,"href":"https:\/\/www.nexoinformativo.mx\/index.php\/wp-json\/wp\/v2\/users\/3"}],"replies":[{"embeddable":true,"href":"https:\/\/www.nexoinformativo.mx\/index.php\/wp-json\/wp\/v2\/comments?post=9403"}],"version-history":[{"count":3,"href":"https:\/\/www.nexoinformativo.mx\/index.php\/wp-json\/wp\/v2\/posts\/9403\/revisions"}],"predecessor-version":[{"id":9407,"href":"https:\/\/www.nexoinformativo.mx\/index.php\/wp-json\/wp\/v2\/posts\/9403\/revisions\/9407"}],"wp:featuredmedia":[{"embeddable":true,"href":"https:\/\/www.nexoinformativo.mx\/index.php\/wp-json\/wp\/v2\/media\/9404"}],"wp:attachment":[{"href":"https:\/\/www.nexoinformativo.mx\/index.php\/wp-json\/wp\/v2\/media?parent=9403"}],"wp:term":[{"taxonomy":"category","embeddable":true,"href":"https:\/\/www.nexoinformativo.mx\/index.php\/wp-json\/wp\/v2\/categories?post=9403"},{"taxonomy":"post_tag","embeddable":true,"href":"https:\/\/www.nexoinformativo.mx\/index.php\/wp-json\/wp\/v2\/tags?post=9403"}],"curies":[{"name":"wp","href":"https:\/\/api.w.org\/{rel}","templated":true}]}}