{"id":9413,"date":"2025-01-07T10:00:02","date_gmt":"2025-01-07T16:00:02","guid":{"rendered":"https:\/\/www.nexoinformativo.mx\/?p=9413"},"modified":"2025-01-07T16:37:02","modified_gmt":"2025-01-07T22:37:02","slug":"canciller-de-la-fuente-llama-a-la-unidad-para-defender-los-derechos-de-los-mexicanos-en-el-exterior","status":"publish","type":"post","link":"https:\/\/www.nexoinformativo.mx\/index.php\/2025\/01\/07\/canciller-de-la-fuente-llama-a-la-unidad-para-defender-los-derechos-de-los-mexicanos-en-el-exterior\/","title":{"rendered":"Canciller De la Fuente llama a la unidad para defender los derechos de los mexicanos en el exterior"},"content":{"rendered":"<p style=\"text-align: justify;\" data-sourcepos=\"11:1-11:234\">Durante <strong>la XXXVI Reuni\u00f3n de titulares de Embajadas y Consulados<\/strong> (REC), el canciller Juan Ram\u00f3n de la Fuente hizo un llamado a la unidad y al trabajo en equipo para fortalecer la defensa de los derechos de los mexicanos en el exterior.<\/p>\n<\/p>\n<p>&nbsp;<\/p>\n<p style=\"text-align: justify;\" data-sourcepos=\"13:1-13:264\">Ante representantes diplom\u00e1ticos de todo el mundo, el canciller enfatiz\u00f3 la importancia de una Secretar\u00eda de Relaciones Exteriores (SRE) comprometida y eficaz para enfrentar los desaf\u00edos actuales y representar los intereses de M\u00e9xico en el escenario internacional.<\/p>\n<\/p>\n<p>&nbsp;<\/p>\n<p style=\"text-align: justify;\" data-sourcepos=\"15:1-15:193\">&#8220;M\u00e9xico necesita una SRE unida y comprometida como sabe hacerlo, para estar a la altura de las circunstancias nacionales e internacionales que los tiempos modernos exigen&#8221;, afirm\u00f3 De la Fuente.<\/p>\n<\/p>\n<p>&nbsp;<\/p>\n<p style=\"text-align: justify;\" data-sourcepos=\"17:1-17:323\">El canciller destac\u00f3 la importancia de brindar apoyo legal a los connacionales en el extranjero, especialmente a aquellos en situaci\u00f3n irregular. En este sentido, anunci\u00f3 el fortalecimiento del programa de asesor\u00edas legales externas (PALE) y la creaci\u00f3n de una red de abogados para atender las necesidades de los mexicanos.<\/p>\n<\/p>\n<p>&nbsp;<\/p>\n<p style=\"text-align: justify;\" data-sourcepos=\"19:1-19:151\">Adem\u00e1s, De la Fuente hizo hincapi\u00e9 en la necesidad de una diplomacia feminista, promoviendo la igualdad de g\u00e9nero en las representaciones diplom\u00e1ticas.<\/p>\n<\/p>\n<p>&nbsp;<\/p>\n<p style=\"text-align: justify;\" data-sourcepos=\"21:1-21:282\">La REC 2025 servir\u00e1 como un espacio para analizar el contexto geopol\u00edtico actual y definir las prioridades de la pol\u00edtica exterior mexicana. Se abordar\u00e1n temas como el desarrollo, la econom\u00eda, el comercio, la movilidad humana, la diplomacia tur\u00edstica y la cooperaci\u00f3n internacional.<\/p>\n<\/p>\n<p>&nbsp;<\/p>\n<p style=\"text-align: center;\" data-sourcepos=\"21:1-21:282\"><em><strong>\u00a1Informaci\u00f3n que transforma!<\/strong><\/em><\/p>\n","protected":false},"excerpt":{"rendered":"<p>Durante la XXXVI Reuni\u00f3n de titulares de Embajadas y Consulados (REC), el canciller Juan Ram\u00f3n de la Fuente hizo un llamado a la unidad y al trabajo en equipo para fortalecer la defensa de los derechos de los mexicanos en el exterior.<\/p>\n","protected":false},"author":3,"featured_media":9414,"comment_status":"open","ping_status":"open","sticky":false,"template":"","format":"standard","meta":{"footnotes":""},"categories":[88,58],"tags":[3005,3004,3006,2552],"class_list":["post-9413","post","type-post","status-publish","format-standard","has-post-thumbnail","hentry","category-nacional","category-ultima-hora","tag-derechosdelosmexicanos","tag-diplomaciamexicana","tag-rec2025","tag-sre"],"yoast_head":"<!-- This site is optimized with the Yoast SEO plugin v25.0 - https:\/\/yoast.com\/wordpress\/plugins\/seo\/ -->\n<title>Canciller De la Fuente llama a la unidad para defender los derechos de los mexicanos en el exterior | Nexo Informativo Santiago de Quer\u00e9taro<\/title>\n<meta name=\"description\" content=\"Canciller De la Fuente llama a la unidad para defender los derechos de los mexicanos en el exterior\" \/>\n<meta name=\"robots\" content=\"index, follow, max-snippet:-1, max-image-preview:large, max-video-preview:-1\" \/>\n<link rel=\"canonical\" href=\"https:\/\/www.nexoinformativo.mx\/index.php\/2025\/01\/07\/canciller-de-la-fuente-llama-a-la-unidad-para-defender-los-derechos-de-los-mexicanos-en-el-exterior\/\" \/>\n<meta property=\"og:locale\" content=\"es_MX\" \/>\n<meta property=\"og:type\" content=\"article\" \/>\n<meta property=\"og:title\" content=\"Canciller De la Fuente llama a la unidad para defender los derechos de los mexicanos en el exterior | Nexo Informativo Santiago de Quer\u00e9taro\" \/>\n<meta property=\"og:description\" content=\"Canciller De la Fuente llama a la unidad para defender los derechos de los mexicanos en el exterior\" \/>\n<meta property=\"og:url\" content=\"https:\/\/www.nexoinformativo.mx\/index.php\/2025\/01\/07\/canciller-de-la-fuente-llama-a-la-unidad-para-defender-los-derechos-de-los-mexicanos-en-el-exterior\/\" \/>\n<meta property=\"og:site_name\" content=\"Nexo Informativo Santiago de Quer\u00e9taro\" \/>\n<meta property=\"article:publisher\" content=\"https:\/\/www.facebook.com\/people\/Nexo-Informativo\/61564066885511\/\" \/>\n<meta property=\"article:published_time\" content=\"2025-01-07T16:00:02+00:00\" \/>\n<meta property=\"article:modified_time\" content=\"2025-01-07T22:37:02+00:00\" \/>\n<meta property=\"og:image\" content=\"https:\/\/www.nexoinformativo.mx\/wp-content\/uploads\/2025\/01\/IMG_9135-scaled-e1736289363761.jpg\" \/>\n\t<meta property=\"og:image:width\" content=\"800\" \/>\n\t<meta property=\"og:image:height\" content=\"533\" \/>\n\t<meta property=\"og:image:type\" content=\"image\/jpeg\" \/>\n<meta name=\"author\" content=\"Nexo Informativo\" \/>\n<meta name=\"twitter:card\" content=\"summary_large_image\" \/>\n<meta name=\"twitter:label1\" content=\"Escrito por\" \/>\n\t<meta name=\"twitter:data1\" content=\"Nexo Informativo\" \/>\n\t<meta name=\"twitter:label2\" content=\"Tiempo de lectura\" \/>\n\t<meta name=\"twitter:data2\" content=\"2 minutos\" \/>\n<script type=\"application\/ld+json\" class=\"yoast-schema-graph\">{\"@context\":\"https:\/\/schema.org\",\"@graph\":[{\"@type\":\"Article\",\"@id\":\"https:\/\/www.nexoinformativo.mx\/index.php\/2025\/01\/07\/canciller-de-la-fuente-llama-a-la-unidad-para-defender-los-derechos-de-los-mexicanos-en-el-exterior\/#article\",\"isPartOf\":{\"@id\":\"https:\/\/www.nexoinformativo.mx\/index.php\/2025\/01\/07\/canciller-de-la-fuente-llama-a-la-unidad-para-defender-los-derechos-de-los-mexicanos-en-el-exterior\/\"},\"author\":{\"name\":\"Nexo Informativo\",\"@id\":\"https:\/\/www.nexoinformativo.mx\/#\/schema\/person\/7749d380ba08c8ca00d7bc76fd907b7d\"},\"headline\":\"Canciller De la Fuente llama a la unidad para defender los derechos de los mexicanos en el exterior\",\"datePublished\":\"2025-01-07T16:00:02+00:00\",\"dateModified\":\"2025-01-07T22:37:02+00:00\",\"mainEntityOfPage\":{\"@id\":\"https:\/\/www.nexoinformativo.mx\/index.php\/2025\/01\/07\/canciller-de-la-fuente-llama-a-la-unidad-para-defender-los-derechos-de-los-mexicanos-en-el-exterior\/\"},\"wordCount\":268,\"commentCount\":0,\"publisher\":{\"@id\":\"https:\/\/www.nexoinformativo.mx\/#organization\"},\"image\":{\"@id\":\"https:\/\/www.nexoinformativo.mx\/index.php\/2025\/01\/07\/canciller-de-la-fuente-llama-a-la-unidad-para-defender-los-derechos-de-los-mexicanos-en-el-exterior\/#primaryimage\"},\"thumbnailUrl\":\"https:\/\/www.nexoinformativo.mx\/wp-content\/uploads\/2025\/01\/IMG_9135-scaled-e1736289363761.jpg\",\"keywords\":[\"DerechosDeLosMexicanos\",\"DiplomaciaMexicana\",\"REC2025\",\"SRE\"],\"articleSection\":[\"Nacional\",\"\u00daltima Hora\"],\"inLanguage\":\"es\",\"potentialAction\":[{\"@type\":\"CommentAction\",\"name\":\"Comment\",\"target\":[\"https:\/\/www.nexoinformativo.mx\/index.php\/2025\/01\/07\/canciller-de-la-fuente-llama-a-la-unidad-para-defender-los-derechos-de-los-mexicanos-en-el-exterior\/#respond\"]}]},{\"@type\":\"WebPage\",\"@id\":\"https:\/\/www.nexoinformativo.mx\/index.php\/2025\/01\/07\/canciller-de-la-fuente-llama-a-la-unidad-para-defender-los-derechos-de-los-mexicanos-en-el-exterior\/\",\"url\":\"https:\/\/www.nexoinformativo.mx\/index.php\/2025\/01\/07\/canciller-de-la-fuente-llama-a-la-unidad-para-defender-los-derechos-de-los-mexicanos-en-el-exterior\/\",\"name\":\"Canciller De la Fuente llama a la unidad para defender los derechos de los mexicanos en el exterior | Nexo Informativo Santiago de Quer\u00e9taro\",\"isPartOf\":{\"@id\":\"https:\/\/www.nexoinformativo.mx\/#website\"},\"primaryImageOfPage\":{\"@id\":\"https:\/\/www.nexoinformativo.mx\/index.php\/2025\/01\/07\/canciller-de-la-fuente-llama-a-la-unidad-para-defender-los-derechos-de-los-mexicanos-en-el-exterior\/#primaryimage\"},\"image\":{\"@id\":\"https:\/\/www.nexoinformativo.mx\/index.php\/2025\/01\/07\/canciller-de-la-fuente-llama-a-la-unidad-para-defender-los-derechos-de-los-mexicanos-en-el-exterior\/#primaryimage\"},\"thumbnailUrl\":\"https:\/\/www.nexoinformativo.mx\/wp-content\/uploads\/2025\/01\/IMG_9135-scaled-e1736289363761.jpg\",\"datePublished\":\"2025-01-07T16:00:02+00:00\",\"dateModified\":\"2025-01-07T22:37:02+00:00\",\"description\":\"Canciller De la Fuente llama a la unidad para defender los derechos de los mexicanos en el exterior\",\"breadcrumb\":{\"@id\":\"https:\/\/www.nexoinformativo.mx\/index.php\/2025\/01\/07\/canciller-de-la-fuente-llama-a-la-unidad-para-defender-los-derechos-de-los-mexicanos-en-el-exterior\/#breadcrumb\"},\"inLanguage\":\"es\",\"potentialAction\":[{\"@type\":\"ReadAction\",\"target\":[\"https:\/\/www.nexoinformativo.mx\/index.php\/2025\/01\/07\/canciller-de-la-fuente-llama-a-la-unidad-para-defender-los-derechos-de-los-mexicanos-en-el-exterior\/\"]}]},{\"@type\":\"ImageObject\",\"inLanguage\":\"es\",\"@id\":\"https:\/\/www.nexoinformativo.mx\/index.php\/2025\/01\/07\/canciller-de-la-fuente-llama-a-la-unidad-para-defender-los-derechos-de-los-mexicanos-en-el-exterior\/#primaryimage\",\"url\":\"https:\/\/www.nexoinformativo.mx\/wp-content\/uploads\/2025\/01\/IMG_9135-scaled-e1736289363761.jpg\",\"contentUrl\":\"https:\/\/www.nexoinformativo.mx\/wp-content\/uploads\/2025\/01\/IMG_9135-scaled-e1736289363761.jpg\",\"width\":800,\"height\":533},{\"@type\":\"BreadcrumbList\",\"@id\":\"https:\/\/www.nexoinformativo.mx\/index.php\/2025\/01\/07\/canciller-de-la-fuente-llama-a-la-unidad-para-defender-los-derechos-de-los-mexicanos-en-el-exterior\/#breadcrumb\",\"itemListElement\":[{\"@type\":\"ListItem\",\"position\":1,\"name\":\"Inicio\",\"item\":\"https:\/\/www.nexoinformativo.mx\/\"},{\"@type\":\"ListItem\",\"position\":2,\"name\":\"Canciller De la Fuente llama a la unidad para defender los derechos de los mexicanos en el exterior\"}]},{\"@type\":\"WebSite\",\"@id\":\"https:\/\/www.nexoinformativo.mx\/#website\",\"url\":\"https:\/\/www.nexoinformativo.mx\/\",\"name\":\"Nexo Informativo Santiago de Quer\u00e9taro\",\"description\":\"Explora NexoInformativo y convi\u00e9rtete en parte de una comunidad que valora el conocimiento y la verdad. Tu nexoinformativo es tu puente hacia una comprensi\u00f3n m\u00e1s profunda del mundo que te rodea.\",\"publisher\":{\"@id\":\"https:\/\/www.nexoinformativo.mx\/#organization\"},\"potentialAction\":[{\"@type\":\"SearchAction\",\"target\":{\"@type\":\"EntryPoint\",\"urlTemplate\":\"https:\/\/www.nexoinformativo.mx\/?s={search_term_string}\"},\"query-input\":{\"@type\":\"PropertyValueSpecification\",\"valueRequired\":true,\"valueName\":\"search_term_string\"}}],\"inLanguage\":\"es\"},{\"@type\":\"Organization\",\"@id\":\"https:\/\/www.nexoinformativo.mx\/#organization\",\"name\":\"Nexo Informativo Santiago de Quer\u00e9taro\",\"url\":\"https:\/\/www.nexoinformativo.mx\/\",\"logo\":{\"@type\":\"ImageObject\",\"inLanguage\":\"es\",\"@id\":\"https:\/\/www.nexoinformativo.mx\/#\/schema\/logo\/image\/\",\"url\":\"https:\/\/www.nexoinformativo.mx\/wp-content\/uploads\/2024\/07\/nexoi-trasparente-2.png\",\"contentUrl\":\"https:\/\/www.nexoinformativo.mx\/wp-content\/uploads\/2024\/07\/nexoi-trasparente-2.png\",\"width\":816,\"height\":339,\"caption\":\"Nexo Informativo Santiago de Quer\u00e9taro\"},\"image\":{\"@id\":\"https:\/\/www.nexoinformativo.mx\/#\/schema\/logo\/image\/\"},\"sameAs\":[\"https:\/\/www.facebook.com\/people\/Nexo-Informativo\/61564066885511\/\"]},{\"@type\":\"Person\",\"@id\":\"https:\/\/www.nexoinformativo.mx\/#\/schema\/person\/7749d380ba08c8ca00d7bc76fd907b7d\",\"name\":\"Nexo Informativo\",\"image\":{\"@type\":\"ImageObject\",\"inLanguage\":\"es\",\"@id\":\"https:\/\/www.nexoinformativo.mx\/#\/schema\/person\/image\/\",\"url\":\"https:\/\/secure.gravatar.com\/avatar\/dde2928154642a13d95f87ddf1ea9718fe2b46760a005c53e41ff5ad610704e6?s=96&d=mm&r=g\",\"contentUrl\":\"https:\/\/secure.gravatar.com\/avatar\/dde2928154642a13d95f87ddf1ea9718fe2b46760a005c53e41ff5ad610704e6?s=96&d=mm&r=g\",\"caption\":\"Nexo Informativo\"},\"url\":\"https:\/\/www.nexoinformativo.mx\/index.php\/author\/edicion\/\"}]}<\/script>\n<!-- \/ Yoast SEO plugin. -->","yoast_head_json":{"title":"Canciller De la Fuente llama a la unidad para defender los derechos de los mexicanos en el exterior | Nexo Informativo Santiago de Quer\u00e9taro","description":"Canciller De la Fuente llama a la unidad para defender los derechos de los mexicanos en el exterior","robots":{"index":"index","follow":"follow","max-snippet":"max-snippet:-1","max-image-preview":"max-image-preview:large","max-video-preview":"max-video-preview:-1"},"canonical":"https:\/\/www.nexoinformativo.mx\/index.php\/2025\/01\/07\/canciller-de-la-fuente-llama-a-la-unidad-para-defender-los-derechos-de-los-mexicanos-en-el-exterior\/","og_locale":"es_MX","og_type":"article","og_title":"Canciller De la Fuente llama a la unidad para defender los derechos de los mexicanos en el exterior | Nexo Informativo Santiago de Quer\u00e9taro","og_description":"Canciller De la Fuente llama a la unidad para defender los derechos de los mexicanos en el exterior","og_url":"https:\/\/www.nexoinformativo.mx\/index.php\/2025\/01\/07\/canciller-de-la-fuente-llama-a-la-unidad-para-defender-los-derechos-de-los-mexicanos-en-el-exterior\/","og_site_name":"Nexo Informativo Santiago de Quer\u00e9taro","article_publisher":"https:\/\/www.facebook.com\/people\/Nexo-Informativo\/61564066885511\/","article_published_time":"2025-01-07T16:00:02+00:00","article_modified_time":"2025-01-07T22:37:02+00:00","og_image":[{"width":800,"height":533,"url":"https:\/\/www.nexoinformativo.mx\/wp-content\/uploads\/2025\/01\/IMG_9135-scaled-e1736289363761.jpg","type":"image\/jpeg"}],"author":"Nexo Informativo","twitter_card":"summary_large_image","twitter_misc":{"Escrito por":"Nexo Informativo","Tiempo de lectura":"2 minutos"},"schema":{"@context":"https:\/\/schema.org","@graph":[{"@type":"Article","@id":"https:\/\/www.nexoinformativo.mx\/index.php\/2025\/01\/07\/canciller-de-la-fuente-llama-a-la-unidad-para-defender-los-derechos-de-los-mexicanos-en-el-exterior\/#article","isPartOf":{"@id":"https:\/\/www.nexoinformativo.mx\/index.php\/2025\/01\/07\/canciller-de-la-fuente-llama-a-la-unidad-para-defender-los-derechos-de-los-mexicanos-en-el-exterior\/"},"author":{"name":"Nexo Informativo","@id":"https:\/\/www.nexoinformativo.mx\/#\/schema\/person\/7749d380ba08c8ca00d7bc76fd907b7d"},"headline":"Canciller De la Fuente llama a la unidad para defender los derechos de los mexicanos en el exterior","datePublished":"2025-01-07T16:00:02+00:00","dateModified":"2025-01-07T22:37:02+00:00","mainEntityOfPage":{"@id":"https:\/\/www.nexoinformativo.mx\/index.php\/2025\/01\/07\/canciller-de-la-fuente-llama-a-la-unidad-para-defender-los-derechos-de-los-mexicanos-en-el-exterior\/"},"wordCount":268,"commentCount":0,"publisher":{"@id":"https:\/\/www.nexoinformativo.mx\/#organization"},"image":{"@id":"https:\/\/www.nexoinformativo.mx\/index.php\/2025\/01\/07\/canciller-de-la-fuente-llama-a-la-unidad-para-defender-los-derechos-de-los-mexicanos-en-el-exterior\/#primaryimage"},"thumbnailUrl":"https:\/\/www.nexoinformativo.mx\/wp-content\/uploads\/2025\/01\/IMG_9135-scaled-e1736289363761.jpg","keywords":["DerechosDeLosMexicanos","DiplomaciaMexicana","REC2025","SRE"],"articleSection":["Nacional","\u00daltima Hora"],"inLanguage":"es","potentialAction":[{"@type":"CommentAction","name":"Comment","target":["https:\/\/www.nexoinformativo.mx\/index.php\/2025\/01\/07\/canciller-de-la-fuente-llama-a-la-unidad-para-defender-los-derechos-de-los-mexicanos-en-el-exterior\/#respond"]}]},{"@type":"WebPage","@id":"https:\/\/www.nexoinformativo.mx\/index.php\/2025\/01\/07\/canciller-de-la-fuente-llama-a-la-unidad-para-defender-los-derechos-de-los-mexicanos-en-el-exterior\/","url":"https:\/\/www.nexoinformativo.mx\/index.php\/2025\/01\/07\/canciller-de-la-fuente-llama-a-la-unidad-para-defender-los-derechos-de-los-mexicanos-en-el-exterior\/","name":"Canciller De la Fuente llama a la unidad para defender los derechos de los mexicanos en el exterior | Nexo Informativo Santiago de Quer\u00e9taro","isPartOf":{"@id":"https:\/\/www.nexoinformativo.mx\/#website"},"primaryImageOfPage":{"@id":"https:\/\/www.nexoinformativo.mx\/index.php\/2025\/01\/07\/canciller-de-la-fuente-llama-a-la-unidad-para-defender-los-derechos-de-los-mexicanos-en-el-exterior\/#primaryimage"},"image":{"@id":"https:\/\/www.nexoinformativo.mx\/index.php\/2025\/01\/07\/canciller-de-la-fuente-llama-a-la-unidad-para-defender-los-derechos-de-los-mexicanos-en-el-exterior\/#primaryimage"},"thumbnailUrl":"https:\/\/www.nexoinformativo.mx\/wp-content\/uploads\/2025\/01\/IMG_9135-scaled-e1736289363761.jpg","datePublished":"2025-01-07T16:00:02+00:00","dateModified":"2025-01-07T22:37:02+00:00","description":"Canciller De la Fuente llama a la unidad para defender los derechos de los mexicanos en el exterior","breadcrumb":{"@id":"https:\/\/www.nexoinformativo.mx\/index.php\/2025\/01\/07\/canciller-de-la-fuente-llama-a-la-unidad-para-defender-los-derechos-de-los-mexicanos-en-el-exterior\/#breadcrumb"},"inLanguage":"es","potentialAction":[{"@type":"ReadAction","target":["https:\/\/www.nexoinformativo.mx\/index.php\/2025\/01\/07\/canciller-de-la-fuente-llama-a-la-unidad-para-defender-los-derechos-de-los-mexicanos-en-el-exterior\/"]}]},{"@type":"ImageObject","inLanguage":"es","@id":"https:\/\/www.nexoinformativo.mx\/index.php\/2025\/01\/07\/canciller-de-la-fuente-llama-a-la-unidad-para-defender-los-derechos-de-los-mexicanos-en-el-exterior\/#primaryimage","url":"https:\/\/www.nexoinformativo.mx\/wp-content\/uploads\/2025\/01\/IMG_9135-scaled-e1736289363761.jpg","contentUrl":"https:\/\/www.nexoinformativo.mx\/wp-content\/uploads\/2025\/01\/IMG_9135-scaled-e1736289363761.jpg","width":800,"height":533},{"@type":"BreadcrumbList","@id":"https:\/\/www.nexoinformativo.mx\/index.php\/2025\/01\/07\/canciller-de-la-fuente-llama-a-la-unidad-para-defender-los-derechos-de-los-mexicanos-en-el-exterior\/#breadcrumb","itemListElement":[{"@type":"ListItem","position":1,"name":"Inicio","item":"https:\/\/www.nexoinformativo.mx\/"},{"@type":"ListItem","position":2,"name":"Canciller De la Fuente llama a la unidad para defender los derechos de los mexicanos en el exterior"}]},{"@type":"WebSite","@id":"https:\/\/www.nexoinformativo.mx\/#website","url":"https:\/\/www.nexoinformativo.mx\/","name":"Nexo Informativo Santiago de Quer\u00e9taro","description":"Explora NexoInformativo y convi\u00e9rtete en parte de una comunidad que valora el conocimiento y la verdad. Tu nexoinformativo es tu puente hacia una comprensi\u00f3n m\u00e1s profunda del mundo que te rodea.","publisher":{"@id":"https:\/\/www.nexoinformativo.mx\/#organization"},"potentialAction":[{"@type":"SearchAction","target":{"@type":"EntryPoint","urlTemplate":"https:\/\/www.nexoinformativo.mx\/?s={search_term_string}"},"query-input":{"@type":"PropertyValueSpecification","valueRequired":true,"valueName":"search_term_string"}}],"inLanguage":"es"},{"@type":"Organization","@id":"https:\/\/www.nexoinformativo.mx\/#organization","name":"Nexo Informativo Santiago de Quer\u00e9taro","url":"https:\/\/www.nexoinformativo.mx\/","logo":{"@type":"ImageObject","inLanguage":"es","@id":"https:\/\/www.nexoinformativo.mx\/#\/schema\/logo\/image\/","url":"https:\/\/www.nexoinformativo.mx\/wp-content\/uploads\/2024\/07\/nexoi-trasparente-2.png","contentUrl":"https:\/\/www.nexoinformativo.mx\/wp-content\/uploads\/2024\/07\/nexoi-trasparente-2.png","width":816,"height":339,"caption":"Nexo Informativo Santiago de Quer\u00e9taro"},"image":{"@id":"https:\/\/www.nexoinformativo.mx\/#\/schema\/logo\/image\/"},"sameAs":["https:\/\/www.facebook.com\/people\/Nexo-Informativo\/61564066885511\/"]},{"@type":"Person","@id":"https:\/\/www.nexoinformativo.mx\/#\/schema\/person\/7749d380ba08c8ca00d7bc76fd907b7d","name":"Nexo Informativo","image":{"@type":"ImageObject","inLanguage":"es","@id":"https:\/\/www.nexoinformativo.mx\/#\/schema\/person\/image\/","url":"https:\/\/secure.gravatar.com\/avatar\/dde2928154642a13d95f87ddf1ea9718fe2b46760a005c53e41ff5ad610704e6?s=96&d=mm&r=g","contentUrl":"https:\/\/secure.gravatar.com\/avatar\/dde2928154642a13d95f87ddf1ea9718fe2b46760a005c53e41ff5ad610704e6?s=96&d=mm&r=g","caption":"Nexo Informativo"},"url":"https:\/\/www.nexoinformativo.mx\/index.php\/author\/edicion\/"}]}},"_links":{"self":[{"href":"https:\/\/www.nexoinformativo.mx\/index.php\/wp-json\/wp\/v2\/posts\/9413","targetHints":{"allow":["GET"]}}],"collection":[{"href":"https:\/\/www.nexoinformativo.mx\/index.php\/wp-json\/wp\/v2\/posts"}],"about":[{"href":"https:\/\/www.nexoinformativo.mx\/index.php\/wp-json\/wp\/v2\/types\/post"}],"author":[{"embeddable":true,"href":"https:\/\/www.nexoinformativo.mx\/index.php\/wp-json\/wp\/v2\/users\/3"}],"replies":[{"embeddable":true,"href":"https:\/\/www.nexoinformativo.mx\/index.php\/wp-json\/wp\/v2\/comments?post=9413"}],"version-history":[{"count":3,"href":"https:\/\/www.nexoinformativo.mx\/index.php\/wp-json\/wp\/v2\/posts\/9413\/revisions"}],"predecessor-version":[{"id":9417,"href":"https:\/\/www.nexoinformativo.mx\/index.php\/wp-json\/wp\/v2\/posts\/9413\/revisions\/9417"}],"wp:featuredmedia":[{"embeddable":true,"href":"https:\/\/www.nexoinformativo.mx\/index.php\/wp-json\/wp\/v2\/media\/9414"}],"wp:attachment":[{"href":"https:\/\/www.nexoinformativo.mx\/index.php\/wp-json\/wp\/v2\/media?parent=9413"}],"wp:term":[{"taxonomy":"category","embeddable":true,"href":"https:\/\/www.nexoinformativo.mx\/index.php\/wp-json\/wp\/v2\/categories?post=9413"},{"taxonomy":"post_tag","embeddable":true,"href":"https:\/\/www.nexoinformativo.mx\/index.php\/wp-json\/wp\/v2\/tags?post=9413"}],"curies":[{"name":"wp","href":"https:\/\/api.w.org\/{rel}","templated":true}]}}