{"id":9442,"date":"2025-01-07T12:00:06","date_gmt":"2025-01-07T18:00:06","guid":{"rendered":"https:\/\/www.nexoinformativo.mx\/?p=9442"},"modified":"2025-01-07T17:54:34","modified_gmt":"2025-01-07T23:54:34","slug":"sector-salud-de-mexico-lanza-campana-integral-contra-las-drogas-el-fentanilo-mata","status":"publish","type":"post","link":"https:\/\/www.nexoinformativo.mx\/index.php\/2025\/01\/07\/sector-salud-de-mexico-lanza-campana-integral-contra-las-drogas-el-fentanilo-mata\/","title":{"rendered":"Sector Salud de M\u00e9xico lanza campa\u00f1a integral contra las drogas: \u00a1El fentanilo mata!"},"content":{"rendered":"<p style=\"text-align: justify;\" data-sourcepos=\"11:1-11:230\">El gobierno de M\u00e9xico, encabezado por la presidenta Claudia Sheinbaum, ha puesto en marcha una nueva estrategia nacional para prevenir, tratar y rehabilitar el consumo de drogas, con un enfoque especial en el combate al fentanilo.<\/p>\n<p>&nbsp;<\/p>\n<p style=\"text-align: justify;\" data-sourcepos=\"13:1-13:194\">El secretario de Salud, David Kershenobich, anunci\u00f3 que esta estrategia integral contar\u00e1 con la participaci\u00f3n de diversas instituciones como el IMSS, el ISSSTE, Pemex y la CONASAMA.<\/p>\n<p>&nbsp;<\/p>\n<p style=\"text-align: justify;\" data-sourcepos=\"15:1-15:181\"><strong>&#8220;Es muy importante la prevenci\u00f3n, es parte fundamental de la estrategia; el tratamiento, que es pieza clave; y, tercero, tiene que ver con la rehabilitaci\u00f3n&#8221;<\/strong>, destac\u00f3 el secretario.<\/p>\n<p>&nbsp;<\/p>\n<p style=\"text-align: justify;\" data-sourcepos=\"17:1-17:208\">El gobierno mexicano cuenta con una amplia red de servicios para atender el problema de las adicciones, incluyendo m\u00e1s de 6 mil unidades m\u00e9dicas y 3 mil 746 camas hospitalarias especializadas en todo el pa\u00eds.<\/p>\n<p>&nbsp;<\/p>\n<p style=\"text-align: justify;\" data-sourcepos=\"19:1-19:190\">Si bien el consumo de la mayor\u00eda de las drogas en M\u00e9xico se ha mantenido estable o incluso disminuido, el fentanilo representa una amenaza creciente debido a su alta adictividad y letalidad.<\/p>\n<p>&nbsp;<\/p>\n<p style=\"text-align: justify;\" data-sourcepos=\"21:1-21:232\"><strong>&#8220;Afortunadamente, nosotros no tenemos un problema de fentanilo, como lo tienen otros pa\u00edses&#8221;<\/strong>, asegur\u00f3 el secretario Kershenobich, sin embargo, resalt\u00f3 la importancia de prevenir su consumo y brindar atenci\u00f3n a quienes ya lo padecen.<\/p>\n<p>&nbsp;<\/p>\n<p style=\"text-align: justify;\" data-sourcepos=\"23:1-23:169\">La Cofepris ha implementado medidas para controlar la prescripci\u00f3n y el uso de medicamentos opioides, incluyendo el fentanilo, con el objetivo de evitar su uso indebido.<\/p>\n<p>&nbsp;<\/p>\n<p style=\"text-align: center;\" data-sourcepos=\"23:1-23:169\"><em><strong>\u00a1Informaci\u00f3n que transforma!<\/strong><\/em><\/p>\n","protected":false},"excerpt":{"rendered":"<p>El gobierno de M\u00e9xico, encabezado por la presidenta Claudia Sheinbaum, ha puesto en marcha una nueva estrategia nacional para prevenir, tratar y rehabilitar el consumo de drogas, con un enfoque especial en el combate al fentanilo.<\/p>\n","protected":false},"author":3,"featured_media":9443,"comment_status":"open","ping_status":"open","sticky":false,"template":"","format":"standard","meta":{"footnotes":""},"categories":[88,58],"tags":[3014,3015,1610,751],"class_list":["post-9442","post","type-post","status-publish","format-standard","has-post-thumbnail","hentry","category-nacional","category-ultima-hora","tag-contralasadicciones","tag-fentanilo","tag-mexico","tag-saludmental"],"yoast_head":"<!-- This site is optimized with the Yoast SEO plugin v25.0 - https:\/\/yoast.com\/wordpress\/plugins\/seo\/ -->\n<title>Sector Salud de M\u00e9xico lanza campa\u00f1a integral contra las drogas: \u00a1El fentanilo mata! | Nexo Informativo Santiago de Quer\u00e9taro<\/title>\n<meta name=\"description\" content=\"Sector Salud de M\u00e9xico lanza campa\u00f1a integral contra las drogas: \u00a1El fentanilo mata!\" \/>\n<meta name=\"robots\" content=\"index, follow, max-snippet:-1, max-image-preview:large, max-video-preview:-1\" \/>\n<link rel=\"canonical\" href=\"https:\/\/www.nexoinformativo.mx\/index.php\/2025\/01\/07\/sector-salud-de-mexico-lanza-campana-integral-contra-las-drogas-el-fentanilo-mata\/\" \/>\n<meta property=\"og:locale\" content=\"es_MX\" \/>\n<meta property=\"og:type\" content=\"article\" \/>\n<meta property=\"og:title\" content=\"Sector Salud de M\u00e9xico lanza campa\u00f1a integral contra las drogas: \u00a1El fentanilo mata! | Nexo Informativo Santiago de Quer\u00e9taro\" \/>\n<meta property=\"og:description\" content=\"Sector Salud de M\u00e9xico lanza campa\u00f1a integral contra las drogas: \u00a1El fentanilo mata!\" \/>\n<meta property=\"og:url\" content=\"https:\/\/www.nexoinformativo.mx\/index.php\/2025\/01\/07\/sector-salud-de-mexico-lanza-campana-integral-contra-las-drogas-el-fentanilo-mata\/\" \/>\n<meta property=\"og:site_name\" content=\"Nexo Informativo Santiago de Quer\u00e9taro\" \/>\n<meta property=\"article:publisher\" content=\"https:\/\/www.facebook.com\/people\/Nexo-Informativo\/61564066885511\/\" \/>\n<meta property=\"article:published_time\" content=\"2025-01-07T18:00:06+00:00\" \/>\n<meta property=\"article:modified_time\" content=\"2025-01-07T23:54:34+00:00\" \/>\n<meta property=\"og:image\" content=\"https:\/\/www.nexoinformativo.mx\/wp-content\/uploads\/2025\/01\/IMG_9139-e1736292576530.jpg\" \/>\n\t<meta property=\"og:image:width\" content=\"800\" \/>\n\t<meta property=\"og:image:height\" content=\"527\" \/>\n\t<meta property=\"og:image:type\" content=\"image\/jpeg\" \/>\n<meta name=\"author\" content=\"Nexo Informativo\" \/>\n<meta name=\"twitter:card\" content=\"summary_large_image\" \/>\n<meta name=\"twitter:label1\" content=\"Escrito por\" \/>\n\t<meta name=\"twitter:data1\" content=\"Nexo Informativo\" \/>\n\t<meta name=\"twitter:label2\" content=\"Tiempo de lectura\" \/>\n\t<meta name=\"twitter:data2\" content=\"2 minutos\" \/>\n<script type=\"application\/ld+json\" class=\"yoast-schema-graph\">{\"@context\":\"https:\/\/schema.org\",\"@graph\":[{\"@type\":\"Article\",\"@id\":\"https:\/\/www.nexoinformativo.mx\/index.php\/2025\/01\/07\/sector-salud-de-mexico-lanza-campana-integral-contra-las-drogas-el-fentanilo-mata\/#article\",\"isPartOf\":{\"@id\":\"https:\/\/www.nexoinformativo.mx\/index.php\/2025\/01\/07\/sector-salud-de-mexico-lanza-campana-integral-contra-las-drogas-el-fentanilo-mata\/\"},\"author\":{\"name\":\"Nexo Informativo\",\"@id\":\"https:\/\/www.nexoinformativo.mx\/#\/schema\/person\/7749d380ba08c8ca00d7bc76fd907b7d\"},\"headline\":\"Sector Salud de M\u00e9xico lanza campa\u00f1a integral contra las drogas: \u00a1El fentanilo mata!\",\"datePublished\":\"2025-01-07T18:00:06+00:00\",\"dateModified\":\"2025-01-07T23:54:34+00:00\",\"mainEntityOfPage\":{\"@id\":\"https:\/\/www.nexoinformativo.mx\/index.php\/2025\/01\/07\/sector-salud-de-mexico-lanza-campana-integral-contra-las-drogas-el-fentanilo-mata\/\"},\"wordCount\":253,\"commentCount\":0,\"publisher\":{\"@id\":\"https:\/\/www.nexoinformativo.mx\/#organization\"},\"image\":{\"@id\":\"https:\/\/www.nexoinformativo.mx\/index.php\/2025\/01\/07\/sector-salud-de-mexico-lanza-campana-integral-contra-las-drogas-el-fentanilo-mata\/#primaryimage\"},\"thumbnailUrl\":\"https:\/\/www.nexoinformativo.mx\/wp-content\/uploads\/2025\/01\/IMG_9139-e1736292576530.jpg\",\"keywords\":[\"ContraLasAdicciones\",\"Fentanilo\",\"M\u00e9xico\",\"SaludMental\"],\"articleSection\":[\"Nacional\",\"\u00daltima Hora\"],\"inLanguage\":\"es\",\"potentialAction\":[{\"@type\":\"CommentAction\",\"name\":\"Comment\",\"target\":[\"https:\/\/www.nexoinformativo.mx\/index.php\/2025\/01\/07\/sector-salud-de-mexico-lanza-campana-integral-contra-las-drogas-el-fentanilo-mata\/#respond\"]}]},{\"@type\":\"WebPage\",\"@id\":\"https:\/\/www.nexoinformativo.mx\/index.php\/2025\/01\/07\/sector-salud-de-mexico-lanza-campana-integral-contra-las-drogas-el-fentanilo-mata\/\",\"url\":\"https:\/\/www.nexoinformativo.mx\/index.php\/2025\/01\/07\/sector-salud-de-mexico-lanza-campana-integral-contra-las-drogas-el-fentanilo-mata\/\",\"name\":\"Sector Salud de M\u00e9xico lanza campa\u00f1a integral contra las drogas: \u00a1El fentanilo mata! | Nexo Informativo Santiago de Quer\u00e9taro\",\"isPartOf\":{\"@id\":\"https:\/\/www.nexoinformativo.mx\/#website\"},\"primaryImageOfPage\":{\"@id\":\"https:\/\/www.nexoinformativo.mx\/index.php\/2025\/01\/07\/sector-salud-de-mexico-lanza-campana-integral-contra-las-drogas-el-fentanilo-mata\/#primaryimage\"},\"image\":{\"@id\":\"https:\/\/www.nexoinformativo.mx\/index.php\/2025\/01\/07\/sector-salud-de-mexico-lanza-campana-integral-contra-las-drogas-el-fentanilo-mata\/#primaryimage\"},\"thumbnailUrl\":\"https:\/\/www.nexoinformativo.mx\/wp-content\/uploads\/2025\/01\/IMG_9139-e1736292576530.jpg\",\"datePublished\":\"2025-01-07T18:00:06+00:00\",\"dateModified\":\"2025-01-07T23:54:34+00:00\",\"description\":\"Sector Salud de M\u00e9xico lanza campa\u00f1a integral contra las drogas: \u00a1El fentanilo mata!\",\"breadcrumb\":{\"@id\":\"https:\/\/www.nexoinformativo.mx\/index.php\/2025\/01\/07\/sector-salud-de-mexico-lanza-campana-integral-contra-las-drogas-el-fentanilo-mata\/#breadcrumb\"},\"inLanguage\":\"es\",\"potentialAction\":[{\"@type\":\"ReadAction\",\"target\":[\"https:\/\/www.nexoinformativo.mx\/index.php\/2025\/01\/07\/sector-salud-de-mexico-lanza-campana-integral-contra-las-drogas-el-fentanilo-mata\/\"]}]},{\"@type\":\"ImageObject\",\"inLanguage\":\"es\",\"@id\":\"https:\/\/www.nexoinformativo.mx\/index.php\/2025\/01\/07\/sector-salud-de-mexico-lanza-campana-integral-contra-las-drogas-el-fentanilo-mata\/#primaryimage\",\"url\":\"https:\/\/www.nexoinformativo.mx\/wp-content\/uploads\/2025\/01\/IMG_9139-e1736292576530.jpg\",\"contentUrl\":\"https:\/\/www.nexoinformativo.mx\/wp-content\/uploads\/2025\/01\/IMG_9139-e1736292576530.jpg\",\"width\":800,\"height\":527},{\"@type\":\"BreadcrumbList\",\"@id\":\"https:\/\/www.nexoinformativo.mx\/index.php\/2025\/01\/07\/sector-salud-de-mexico-lanza-campana-integral-contra-las-drogas-el-fentanilo-mata\/#breadcrumb\",\"itemListElement\":[{\"@type\":\"ListItem\",\"position\":1,\"name\":\"Inicio\",\"item\":\"https:\/\/www.nexoinformativo.mx\/\"},{\"@type\":\"ListItem\",\"position\":2,\"name\":\"Sector Salud de M\u00e9xico lanza campa\u00f1a integral contra las drogas: \u00a1El fentanilo mata!\"}]},{\"@type\":\"WebSite\",\"@id\":\"https:\/\/www.nexoinformativo.mx\/#website\",\"url\":\"https:\/\/www.nexoinformativo.mx\/\",\"name\":\"Nexo Informativo Santiago de Quer\u00e9taro\",\"description\":\"Explora NexoInformativo y convi\u00e9rtete en parte de una comunidad que valora el conocimiento y la verdad. Tu nexoinformativo es tu puente hacia una comprensi\u00f3n m\u00e1s profunda del mundo que te rodea.\",\"publisher\":{\"@id\":\"https:\/\/www.nexoinformativo.mx\/#organization\"},\"potentialAction\":[{\"@type\":\"SearchAction\",\"target\":{\"@type\":\"EntryPoint\",\"urlTemplate\":\"https:\/\/www.nexoinformativo.mx\/?s={search_term_string}\"},\"query-input\":{\"@type\":\"PropertyValueSpecification\",\"valueRequired\":true,\"valueName\":\"search_term_string\"}}],\"inLanguage\":\"es\"},{\"@type\":\"Organization\",\"@id\":\"https:\/\/www.nexoinformativo.mx\/#organization\",\"name\":\"Nexo Informativo Santiago de Quer\u00e9taro\",\"url\":\"https:\/\/www.nexoinformativo.mx\/\",\"logo\":{\"@type\":\"ImageObject\",\"inLanguage\":\"es\",\"@id\":\"https:\/\/www.nexoinformativo.mx\/#\/schema\/logo\/image\/\",\"url\":\"https:\/\/www.nexoinformativo.mx\/wp-content\/uploads\/2024\/07\/nexoi-trasparente-2.png\",\"contentUrl\":\"https:\/\/www.nexoinformativo.mx\/wp-content\/uploads\/2024\/07\/nexoi-trasparente-2.png\",\"width\":816,\"height\":339,\"caption\":\"Nexo Informativo Santiago de Quer\u00e9taro\"},\"image\":{\"@id\":\"https:\/\/www.nexoinformativo.mx\/#\/schema\/logo\/image\/\"},\"sameAs\":[\"https:\/\/www.facebook.com\/people\/Nexo-Informativo\/61564066885511\/\"]},{\"@type\":\"Person\",\"@id\":\"https:\/\/www.nexoinformativo.mx\/#\/schema\/person\/7749d380ba08c8ca00d7bc76fd907b7d\",\"name\":\"Nexo Informativo\",\"image\":{\"@type\":\"ImageObject\",\"inLanguage\":\"es\",\"@id\":\"https:\/\/www.nexoinformativo.mx\/#\/schema\/person\/image\/\",\"url\":\"https:\/\/secure.gravatar.com\/avatar\/dde2928154642a13d95f87ddf1ea9718fe2b46760a005c53e41ff5ad610704e6?s=96&d=mm&r=g\",\"contentUrl\":\"https:\/\/secure.gravatar.com\/avatar\/dde2928154642a13d95f87ddf1ea9718fe2b46760a005c53e41ff5ad610704e6?s=96&d=mm&r=g\",\"caption\":\"Nexo Informativo\"},\"url\":\"https:\/\/www.nexoinformativo.mx\/index.php\/author\/edicion\/\"}]}<\/script>\n<!-- \/ Yoast SEO plugin. -->","yoast_head_json":{"title":"Sector Salud de M\u00e9xico lanza campa\u00f1a integral contra las drogas: \u00a1El fentanilo mata! | Nexo Informativo Santiago de Quer\u00e9taro","description":"Sector Salud de M\u00e9xico lanza campa\u00f1a integral contra las drogas: \u00a1El fentanilo mata!","robots":{"index":"index","follow":"follow","max-snippet":"max-snippet:-1","max-image-preview":"max-image-preview:large","max-video-preview":"max-video-preview:-1"},"canonical":"https:\/\/www.nexoinformativo.mx\/index.php\/2025\/01\/07\/sector-salud-de-mexico-lanza-campana-integral-contra-las-drogas-el-fentanilo-mata\/","og_locale":"es_MX","og_type":"article","og_title":"Sector Salud de M\u00e9xico lanza campa\u00f1a integral contra las drogas: \u00a1El fentanilo mata! | Nexo Informativo Santiago de Quer\u00e9taro","og_description":"Sector Salud de M\u00e9xico lanza campa\u00f1a integral contra las drogas: \u00a1El fentanilo mata!","og_url":"https:\/\/www.nexoinformativo.mx\/index.php\/2025\/01\/07\/sector-salud-de-mexico-lanza-campana-integral-contra-las-drogas-el-fentanilo-mata\/","og_site_name":"Nexo Informativo Santiago de Quer\u00e9taro","article_publisher":"https:\/\/www.facebook.com\/people\/Nexo-Informativo\/61564066885511\/","article_published_time":"2025-01-07T18:00:06+00:00","article_modified_time":"2025-01-07T23:54:34+00:00","og_image":[{"width":800,"height":527,"url":"https:\/\/www.nexoinformativo.mx\/wp-content\/uploads\/2025\/01\/IMG_9139-e1736292576530.jpg","type":"image\/jpeg"}],"author":"Nexo Informativo","twitter_card":"summary_large_image","twitter_misc":{"Escrito por":"Nexo Informativo","Tiempo de lectura":"2 minutos"},"schema":{"@context":"https:\/\/schema.org","@graph":[{"@type":"Article","@id":"https:\/\/www.nexoinformativo.mx\/index.php\/2025\/01\/07\/sector-salud-de-mexico-lanza-campana-integral-contra-las-drogas-el-fentanilo-mata\/#article","isPartOf":{"@id":"https:\/\/www.nexoinformativo.mx\/index.php\/2025\/01\/07\/sector-salud-de-mexico-lanza-campana-integral-contra-las-drogas-el-fentanilo-mata\/"},"author":{"name":"Nexo Informativo","@id":"https:\/\/www.nexoinformativo.mx\/#\/schema\/person\/7749d380ba08c8ca00d7bc76fd907b7d"},"headline":"Sector Salud de M\u00e9xico lanza campa\u00f1a integral contra las drogas: \u00a1El fentanilo mata!","datePublished":"2025-01-07T18:00:06+00:00","dateModified":"2025-01-07T23:54:34+00:00","mainEntityOfPage":{"@id":"https:\/\/www.nexoinformativo.mx\/index.php\/2025\/01\/07\/sector-salud-de-mexico-lanza-campana-integral-contra-las-drogas-el-fentanilo-mata\/"},"wordCount":253,"commentCount":0,"publisher":{"@id":"https:\/\/www.nexoinformativo.mx\/#organization"},"image":{"@id":"https:\/\/www.nexoinformativo.mx\/index.php\/2025\/01\/07\/sector-salud-de-mexico-lanza-campana-integral-contra-las-drogas-el-fentanilo-mata\/#primaryimage"},"thumbnailUrl":"https:\/\/www.nexoinformativo.mx\/wp-content\/uploads\/2025\/01\/IMG_9139-e1736292576530.jpg","keywords":["ContraLasAdicciones","Fentanilo","M\u00e9xico","SaludMental"],"articleSection":["Nacional","\u00daltima Hora"],"inLanguage":"es","potentialAction":[{"@type":"CommentAction","name":"Comment","target":["https:\/\/www.nexoinformativo.mx\/index.php\/2025\/01\/07\/sector-salud-de-mexico-lanza-campana-integral-contra-las-drogas-el-fentanilo-mata\/#respond"]}]},{"@type":"WebPage","@id":"https:\/\/www.nexoinformativo.mx\/index.php\/2025\/01\/07\/sector-salud-de-mexico-lanza-campana-integral-contra-las-drogas-el-fentanilo-mata\/","url":"https:\/\/www.nexoinformativo.mx\/index.php\/2025\/01\/07\/sector-salud-de-mexico-lanza-campana-integral-contra-las-drogas-el-fentanilo-mata\/","name":"Sector Salud de M\u00e9xico lanza campa\u00f1a integral contra las drogas: \u00a1El fentanilo mata! | Nexo Informativo Santiago de Quer\u00e9taro","isPartOf":{"@id":"https:\/\/www.nexoinformativo.mx\/#website"},"primaryImageOfPage":{"@id":"https:\/\/www.nexoinformativo.mx\/index.php\/2025\/01\/07\/sector-salud-de-mexico-lanza-campana-integral-contra-las-drogas-el-fentanilo-mata\/#primaryimage"},"image":{"@id":"https:\/\/www.nexoinformativo.mx\/index.php\/2025\/01\/07\/sector-salud-de-mexico-lanza-campana-integral-contra-las-drogas-el-fentanilo-mata\/#primaryimage"},"thumbnailUrl":"https:\/\/www.nexoinformativo.mx\/wp-content\/uploads\/2025\/01\/IMG_9139-e1736292576530.jpg","datePublished":"2025-01-07T18:00:06+00:00","dateModified":"2025-01-07T23:54:34+00:00","description":"Sector Salud de M\u00e9xico lanza campa\u00f1a integral contra las drogas: \u00a1El fentanilo mata!","breadcrumb":{"@id":"https:\/\/www.nexoinformativo.mx\/index.php\/2025\/01\/07\/sector-salud-de-mexico-lanza-campana-integral-contra-las-drogas-el-fentanilo-mata\/#breadcrumb"},"inLanguage":"es","potentialAction":[{"@type":"ReadAction","target":["https:\/\/www.nexoinformativo.mx\/index.php\/2025\/01\/07\/sector-salud-de-mexico-lanza-campana-integral-contra-las-drogas-el-fentanilo-mata\/"]}]},{"@type":"ImageObject","inLanguage":"es","@id":"https:\/\/www.nexoinformativo.mx\/index.php\/2025\/01\/07\/sector-salud-de-mexico-lanza-campana-integral-contra-las-drogas-el-fentanilo-mata\/#primaryimage","url":"https:\/\/www.nexoinformativo.mx\/wp-content\/uploads\/2025\/01\/IMG_9139-e1736292576530.jpg","contentUrl":"https:\/\/www.nexoinformativo.mx\/wp-content\/uploads\/2025\/01\/IMG_9139-e1736292576530.jpg","width":800,"height":527},{"@type":"BreadcrumbList","@id":"https:\/\/www.nexoinformativo.mx\/index.php\/2025\/01\/07\/sector-salud-de-mexico-lanza-campana-integral-contra-las-drogas-el-fentanilo-mata\/#breadcrumb","itemListElement":[{"@type":"ListItem","position":1,"name":"Inicio","item":"https:\/\/www.nexoinformativo.mx\/"},{"@type":"ListItem","position":2,"name":"Sector Salud de M\u00e9xico lanza campa\u00f1a integral contra las drogas: \u00a1El fentanilo mata!"}]},{"@type":"WebSite","@id":"https:\/\/www.nexoinformativo.mx\/#website","url":"https:\/\/www.nexoinformativo.mx\/","name":"Nexo Informativo Santiago de Quer\u00e9taro","description":"Explora NexoInformativo y convi\u00e9rtete en parte de una comunidad que valora el conocimiento y la verdad. Tu nexoinformativo es tu puente hacia una comprensi\u00f3n m\u00e1s profunda del mundo que te rodea.","publisher":{"@id":"https:\/\/www.nexoinformativo.mx\/#organization"},"potentialAction":[{"@type":"SearchAction","target":{"@type":"EntryPoint","urlTemplate":"https:\/\/www.nexoinformativo.mx\/?s={search_term_string}"},"query-input":{"@type":"PropertyValueSpecification","valueRequired":true,"valueName":"search_term_string"}}],"inLanguage":"es"},{"@type":"Organization","@id":"https:\/\/www.nexoinformativo.mx\/#organization","name":"Nexo Informativo Santiago de Quer\u00e9taro","url":"https:\/\/www.nexoinformativo.mx\/","logo":{"@type":"ImageObject","inLanguage":"es","@id":"https:\/\/www.nexoinformativo.mx\/#\/schema\/logo\/image\/","url":"https:\/\/www.nexoinformativo.mx\/wp-content\/uploads\/2024\/07\/nexoi-trasparente-2.png","contentUrl":"https:\/\/www.nexoinformativo.mx\/wp-content\/uploads\/2024\/07\/nexoi-trasparente-2.png","width":816,"height":339,"caption":"Nexo Informativo Santiago de Quer\u00e9taro"},"image":{"@id":"https:\/\/www.nexoinformativo.mx\/#\/schema\/logo\/image\/"},"sameAs":["https:\/\/www.facebook.com\/people\/Nexo-Informativo\/61564066885511\/"]},{"@type":"Person","@id":"https:\/\/www.nexoinformativo.mx\/#\/schema\/person\/7749d380ba08c8ca00d7bc76fd907b7d","name":"Nexo Informativo","image":{"@type":"ImageObject","inLanguage":"es","@id":"https:\/\/www.nexoinformativo.mx\/#\/schema\/person\/image\/","url":"https:\/\/secure.gravatar.com\/avatar\/dde2928154642a13d95f87ddf1ea9718fe2b46760a005c53e41ff5ad610704e6?s=96&d=mm&r=g","contentUrl":"https:\/\/secure.gravatar.com\/avatar\/dde2928154642a13d95f87ddf1ea9718fe2b46760a005c53e41ff5ad610704e6?s=96&d=mm&r=g","caption":"Nexo Informativo"},"url":"https:\/\/www.nexoinformativo.mx\/index.php\/author\/edicion\/"}]}},"_links":{"self":[{"href":"https:\/\/www.nexoinformativo.mx\/index.php\/wp-json\/wp\/v2\/posts\/9442","targetHints":{"allow":["GET"]}}],"collection":[{"href":"https:\/\/www.nexoinformativo.mx\/index.php\/wp-json\/wp\/v2\/posts"}],"about":[{"href":"https:\/\/www.nexoinformativo.mx\/index.php\/wp-json\/wp\/v2\/types\/post"}],"author":[{"embeddable":true,"href":"https:\/\/www.nexoinformativo.mx\/index.php\/wp-json\/wp\/v2\/users\/3"}],"replies":[{"embeddable":true,"href":"https:\/\/www.nexoinformativo.mx\/index.php\/wp-json\/wp\/v2\/comments?post=9442"}],"version-history":[{"count":4,"href":"https:\/\/www.nexoinformativo.mx\/index.php\/wp-json\/wp\/v2\/posts\/9442\/revisions"}],"predecessor-version":[{"id":9447,"href":"https:\/\/www.nexoinformativo.mx\/index.php\/wp-json\/wp\/v2\/posts\/9442\/revisions\/9447"}],"wp:featuredmedia":[{"embeddable":true,"href":"https:\/\/www.nexoinformativo.mx\/index.php\/wp-json\/wp\/v2\/media\/9443"}],"wp:attachment":[{"href":"https:\/\/www.nexoinformativo.mx\/index.php\/wp-json\/wp\/v2\/media?parent=9442"}],"wp:term":[{"taxonomy":"category","embeddable":true,"href":"https:\/\/www.nexoinformativo.mx\/index.php\/wp-json\/wp\/v2\/categories?post=9442"},{"taxonomy":"post_tag","embeddable":true,"href":"https:\/\/www.nexoinformativo.mx\/index.php\/wp-json\/wp\/v2\/tags?post=9442"}],"curies":[{"name":"wp","href":"https:\/\/api.w.org\/{rel}","templated":true}]}}