{"id":9458,"date":"2025-01-07T13:00:59","date_gmt":"2025-01-07T19:00:59","guid":{"rendered":"https:\/\/www.nexoinformativo.mx\/?p=9458"},"modified":"2025-01-07T18:06:35","modified_gmt":"2025-01-08T00:06:35","slug":"imss-reporta-disminucion-en-puestos-de-trabajo-en-diciembre-el-mercado-laboral-mexicano-desacelera","status":"publish","type":"post","link":"https:\/\/www.nexoinformativo.mx\/index.php\/2025\/01\/07\/imss-reporta-disminucion-en-puestos-de-trabajo-en-diciembre-el-mercado-laboral-mexicano-desacelera\/","title":{"rendered":"IMSS reporta disminuci\u00f3n en puestos de trabajo en diciembre el mercado laboral mexicano desacelera"},"content":{"rendered":"<p style=\"text-align: justify;\" data-sourcepos=\"11:1-11:287\">El Instituto Mexicano del Seguro Social (IMSS) report\u00f3 una disminuci\u00f3n de 405,259 puestos de trabajo durante el mes de diciembre de 2024, lo que representa una tasa de variaci\u00f3n mensual de -1.8%.<\/p>\n<\/p>\n<p>&nbsp;<\/p>\n<p style=\"text-align: justify;\" data-sourcepos=\"11:1-11:287\">A pesar de esta contracci\u00f3n, el a\u00f1o cerr\u00f3 con un crecimiento anual de 1.0% respecto a 2023. Los sectores de transportes y comunicaciones, comercio, electricidad y servicios para empresas fueron los que presentaron mayor crecimiento anual en t\u00e9rminos de generaci\u00f3n de empleo.<\/p>\n<\/p>\n<p>&nbsp;<\/p>\n<p style=\"text-align: justify;\" data-sourcepos=\"11:1-11:287\">Por entidades federativas, el Estado de M\u00e9xico, Hidalgo y Guerrero destacaron con aumentos superiores al 4%. En cuanto a los salarios, se registr\u00f3 un incremento anual nominal del 9.2%, el tercero m\u00e1s alto en los \u00faltimos 23 a\u00f1os. El salario promedio de cotizaci\u00f3n alcanz\u00f3 los $587.4 pesos.<\/p>\n<\/p>\n<p>&nbsp;<\/p>\n<p style=\"text-align: justify;\" data-sourcepos=\"17:1-17:273\">A pesar del crecimiento salarial, el n\u00famero de patrones registrados ante el IMSS disminuy\u00f3 un 1.7% anual. Adem\u00e1s, el IMSS brinda seguridad social a m\u00e1s de 8.5 millones de personas en otras modalidades de ocupaci\u00f3n, como trabajadores del hogar y trabajadores independientes.<\/p>\n<\/p>\n<p>&nbsp;<\/p>\n<p style=\"text-align: justify;\" data-sourcepos=\"21:1-21:320\">La desaceleraci\u00f3n en la generaci\u00f3n de empleo durante diciembre podr\u00eda estar relacionada con factores estacionales o coyunturales. Es importante monitorear esta tendencia en los pr\u00f3ximos meses para determinar si se trata de un fen\u00f3meno aislado o si refleja una desaceleraci\u00f3n m\u00e1s generalizada de la econom\u00eda.<\/p>\n<\/p>\n<p>&nbsp;<\/p>\n<p style=\"text-align: justify;\" data-sourcepos=\"23:1-23:248\">El aumento salarial es una se\u00f1al positiva, ya que indica un mayor poder adquisitivo de los trabajadores. El mercado laboral mexicano muestra una din\u00e1mica compleja.<\/p>\n<\/p>\n<p>&nbsp;<\/p>\n<p style=\"text-align: justify;\" data-sourcepos=\"23:1-23:248\">Si bien se observa un crecimiento salarial y algunos sectores contin\u00faan generando empleo, la disminuci\u00f3n en el n\u00famero de puestos de trabajo en diciembre es una se\u00f1al que debe ser analizada con atenci\u00f3n.<\/p>\n<\/p>\n<p>&nbsp;<\/p>\n<p style=\"text-align: center;\" data-sourcepos=\"23:1-23:248\"><em><strong>\u00a1Informaci\u00f3n que transforma!<\/strong><\/em><\/p>\n","protected":false},"excerpt":{"rendered":"<p>El Instituto Mexicano del Seguro Social (IMSS) report\u00f3 una disminuci\u00f3n de 405,259 puestos de trabajo durante el mes de diciembre de 2024, lo que representa una tasa de variaci\u00f3n mensual de -1.8%.<\/p>\n","protected":false},"author":3,"featured_media":9459,"comment_status":"open","ping_status":"open","sticky":false,"template":"","format":"standard","meta":{"footnotes":""},"categories":[88,58],"tags":[1733,1750,2976,3018],"class_list":["post-9458","post","type-post","status-publish","format-standard","has-post-thumbnail","hentry","category-nacional","category-ultima-hora","tag-empleo","tag-imss","tag-mercadolaboral","tag-salarios"],"yoast_head":"<!-- This site is optimized with the Yoast SEO plugin v25.0 - https:\/\/yoast.com\/wordpress\/plugins\/seo\/ -->\n<title>IMSS reporta disminuci\u00f3n en puestos de trabajo en diciembre el mercado laboral mexicano desacelera | Nexo Informativo Santiago de Quer\u00e9taro<\/title>\n<meta name=\"description\" content=\"IMSS reporta disminuci\u00f3n en puestos de trabajo en diciembre el mercado laboral mexicano desacelera\" \/>\n<meta name=\"robots\" content=\"index, follow, max-snippet:-1, max-image-preview:large, max-video-preview:-1\" \/>\n<link rel=\"canonical\" href=\"https:\/\/www.nexoinformativo.mx\/index.php\/2025\/01\/07\/imss-reporta-disminucion-en-puestos-de-trabajo-en-diciembre-el-mercado-laboral-mexicano-desacelera\/\" \/>\n<meta property=\"og:locale\" content=\"es_MX\" \/>\n<meta property=\"og:type\" content=\"article\" \/>\n<meta property=\"og:title\" content=\"IMSS reporta disminuci\u00f3n en puestos de trabajo en diciembre el mercado laboral mexicano desacelera | Nexo Informativo Santiago de Quer\u00e9taro\" \/>\n<meta property=\"og:description\" content=\"IMSS reporta disminuci\u00f3n en puestos de trabajo en diciembre el mercado laboral mexicano desacelera\" \/>\n<meta property=\"og:url\" content=\"https:\/\/www.nexoinformativo.mx\/index.php\/2025\/01\/07\/imss-reporta-disminucion-en-puestos-de-trabajo-en-diciembre-el-mercado-laboral-mexicano-desacelera\/\" \/>\n<meta property=\"og:site_name\" content=\"Nexo Informativo Santiago de Quer\u00e9taro\" \/>\n<meta property=\"article:publisher\" content=\"https:\/\/www.facebook.com\/people\/Nexo-Informativo\/61564066885511\/\" \/>\n<meta property=\"article:published_time\" content=\"2025-01-07T19:00:59+00:00\" \/>\n<meta property=\"article:modified_time\" content=\"2025-01-08T00:06:35+00:00\" \/>\n<meta property=\"og:image\" content=\"https:\/\/www.nexoinformativo.mx\/wp-content\/uploads\/2025\/01\/PHOTO-2025-01-06-19-44-10-e1736294696233.jpg\" \/>\n\t<meta property=\"og:image:width\" content=\"800\" \/>\n\t<meta property=\"og:image:height\" content=\"451\" \/>\n\t<meta property=\"og:image:type\" content=\"image\/jpeg\" \/>\n<meta name=\"author\" content=\"Nexo Informativo\" \/>\n<meta name=\"twitter:card\" content=\"summary_large_image\" \/>\n<meta name=\"twitter:label1\" content=\"Escrito por\" \/>\n\t<meta name=\"twitter:data1\" content=\"Nexo Informativo\" \/>\n\t<meta name=\"twitter:label2\" content=\"Tiempo de lectura\" \/>\n\t<meta name=\"twitter:data2\" content=\"2 minutos\" \/>\n<script type=\"application\/ld+json\" class=\"yoast-schema-graph\">{\"@context\":\"https:\/\/schema.org\",\"@graph\":[{\"@type\":\"Article\",\"@id\":\"https:\/\/www.nexoinformativo.mx\/index.php\/2025\/01\/07\/imss-reporta-disminucion-en-puestos-de-trabajo-en-diciembre-el-mercado-laboral-mexicano-desacelera\/#article\",\"isPartOf\":{\"@id\":\"https:\/\/www.nexoinformativo.mx\/index.php\/2025\/01\/07\/imss-reporta-disminucion-en-puestos-de-trabajo-en-diciembre-el-mercado-laboral-mexicano-desacelera\/\"},\"author\":{\"name\":\"Nexo Informativo\",\"@id\":\"https:\/\/www.nexoinformativo.mx\/#\/schema\/person\/7749d380ba08c8ca00d7bc76fd907b7d\"},\"headline\":\"IMSS reporta disminuci\u00f3n en puestos de trabajo en diciembre el mercado laboral mexicano desacelera\",\"datePublished\":\"2025-01-07T19:00:59+00:00\",\"dateModified\":\"2025-01-08T00:06:35+00:00\",\"mainEntityOfPage\":{\"@id\":\"https:\/\/www.nexoinformativo.mx\/index.php\/2025\/01\/07\/imss-reporta-disminucion-en-puestos-de-trabajo-en-diciembre-el-mercado-laboral-mexicano-desacelera\/\"},\"wordCount\":311,\"commentCount\":0,\"publisher\":{\"@id\":\"https:\/\/www.nexoinformativo.mx\/#organization\"},\"image\":{\"@id\":\"https:\/\/www.nexoinformativo.mx\/index.php\/2025\/01\/07\/imss-reporta-disminucion-en-puestos-de-trabajo-en-diciembre-el-mercado-laboral-mexicano-desacelera\/#primaryimage\"},\"thumbnailUrl\":\"https:\/\/www.nexoinformativo.mx\/wp-content\/uploads\/2025\/01\/PHOTO-2025-01-06-19-44-10-e1736294696233.jpg\",\"keywords\":[\"Empleo\",\"IMSS\",\"MercadoLaboral\",\"Salarios\"],\"articleSection\":[\"Nacional\",\"\u00daltima Hora\"],\"inLanguage\":\"es\",\"potentialAction\":[{\"@type\":\"CommentAction\",\"name\":\"Comment\",\"target\":[\"https:\/\/www.nexoinformativo.mx\/index.php\/2025\/01\/07\/imss-reporta-disminucion-en-puestos-de-trabajo-en-diciembre-el-mercado-laboral-mexicano-desacelera\/#respond\"]}]},{\"@type\":\"WebPage\",\"@id\":\"https:\/\/www.nexoinformativo.mx\/index.php\/2025\/01\/07\/imss-reporta-disminucion-en-puestos-de-trabajo-en-diciembre-el-mercado-laboral-mexicano-desacelera\/\",\"url\":\"https:\/\/www.nexoinformativo.mx\/index.php\/2025\/01\/07\/imss-reporta-disminucion-en-puestos-de-trabajo-en-diciembre-el-mercado-laboral-mexicano-desacelera\/\",\"name\":\"IMSS reporta disminuci\u00f3n en puestos de trabajo en diciembre el mercado laboral mexicano desacelera | Nexo Informativo Santiago de Quer\u00e9taro\",\"isPartOf\":{\"@id\":\"https:\/\/www.nexoinformativo.mx\/#website\"},\"primaryImageOfPage\":{\"@id\":\"https:\/\/www.nexoinformativo.mx\/index.php\/2025\/01\/07\/imss-reporta-disminucion-en-puestos-de-trabajo-en-diciembre-el-mercado-laboral-mexicano-desacelera\/#primaryimage\"},\"image\":{\"@id\":\"https:\/\/www.nexoinformativo.mx\/index.php\/2025\/01\/07\/imss-reporta-disminucion-en-puestos-de-trabajo-en-diciembre-el-mercado-laboral-mexicano-desacelera\/#primaryimage\"},\"thumbnailUrl\":\"https:\/\/www.nexoinformativo.mx\/wp-content\/uploads\/2025\/01\/PHOTO-2025-01-06-19-44-10-e1736294696233.jpg\",\"datePublished\":\"2025-01-07T19:00:59+00:00\",\"dateModified\":\"2025-01-08T00:06:35+00:00\",\"description\":\"IMSS reporta disminuci\u00f3n en puestos de trabajo en diciembre el mercado laboral mexicano desacelera\",\"breadcrumb\":{\"@id\":\"https:\/\/www.nexoinformativo.mx\/index.php\/2025\/01\/07\/imss-reporta-disminucion-en-puestos-de-trabajo-en-diciembre-el-mercado-laboral-mexicano-desacelera\/#breadcrumb\"},\"inLanguage\":\"es\",\"potentialAction\":[{\"@type\":\"ReadAction\",\"target\":[\"https:\/\/www.nexoinformativo.mx\/index.php\/2025\/01\/07\/imss-reporta-disminucion-en-puestos-de-trabajo-en-diciembre-el-mercado-laboral-mexicano-desacelera\/\"]}]},{\"@type\":\"ImageObject\",\"inLanguage\":\"es\",\"@id\":\"https:\/\/www.nexoinformativo.mx\/index.php\/2025\/01\/07\/imss-reporta-disminucion-en-puestos-de-trabajo-en-diciembre-el-mercado-laboral-mexicano-desacelera\/#primaryimage\",\"url\":\"https:\/\/www.nexoinformativo.mx\/wp-content\/uploads\/2025\/01\/PHOTO-2025-01-06-19-44-10-e1736294696233.jpg\",\"contentUrl\":\"https:\/\/www.nexoinformativo.mx\/wp-content\/uploads\/2025\/01\/PHOTO-2025-01-06-19-44-10-e1736294696233.jpg\",\"width\":800,\"height\":451},{\"@type\":\"BreadcrumbList\",\"@id\":\"https:\/\/www.nexoinformativo.mx\/index.php\/2025\/01\/07\/imss-reporta-disminucion-en-puestos-de-trabajo-en-diciembre-el-mercado-laboral-mexicano-desacelera\/#breadcrumb\",\"itemListElement\":[{\"@type\":\"ListItem\",\"position\":1,\"name\":\"Inicio\",\"item\":\"https:\/\/www.nexoinformativo.mx\/\"},{\"@type\":\"ListItem\",\"position\":2,\"name\":\"IMSS reporta disminuci\u00f3n en puestos de trabajo en diciembre el mercado laboral mexicano desacelera\"}]},{\"@type\":\"WebSite\",\"@id\":\"https:\/\/www.nexoinformativo.mx\/#website\",\"url\":\"https:\/\/www.nexoinformativo.mx\/\",\"name\":\"Nexo Informativo Santiago de Quer\u00e9taro\",\"description\":\"Explora NexoInformativo y convi\u00e9rtete en parte de una comunidad que valora el conocimiento y la verdad. Tu nexoinformativo es tu puente hacia una comprensi\u00f3n m\u00e1s profunda del mundo que te rodea.\",\"publisher\":{\"@id\":\"https:\/\/www.nexoinformativo.mx\/#organization\"},\"potentialAction\":[{\"@type\":\"SearchAction\",\"target\":{\"@type\":\"EntryPoint\",\"urlTemplate\":\"https:\/\/www.nexoinformativo.mx\/?s={search_term_string}\"},\"query-input\":{\"@type\":\"PropertyValueSpecification\",\"valueRequired\":true,\"valueName\":\"search_term_string\"}}],\"inLanguage\":\"es\"},{\"@type\":\"Organization\",\"@id\":\"https:\/\/www.nexoinformativo.mx\/#organization\",\"name\":\"Nexo Informativo Santiago de Quer\u00e9taro\",\"url\":\"https:\/\/www.nexoinformativo.mx\/\",\"logo\":{\"@type\":\"ImageObject\",\"inLanguage\":\"es\",\"@id\":\"https:\/\/www.nexoinformativo.mx\/#\/schema\/logo\/image\/\",\"url\":\"https:\/\/www.nexoinformativo.mx\/wp-content\/uploads\/2024\/07\/nexoi-trasparente-2.png\",\"contentUrl\":\"https:\/\/www.nexoinformativo.mx\/wp-content\/uploads\/2024\/07\/nexoi-trasparente-2.png\",\"width\":816,\"height\":339,\"caption\":\"Nexo Informativo Santiago de Quer\u00e9taro\"},\"image\":{\"@id\":\"https:\/\/www.nexoinformativo.mx\/#\/schema\/logo\/image\/\"},\"sameAs\":[\"https:\/\/www.facebook.com\/people\/Nexo-Informativo\/61564066885511\/\"]},{\"@type\":\"Person\",\"@id\":\"https:\/\/www.nexoinformativo.mx\/#\/schema\/person\/7749d380ba08c8ca00d7bc76fd907b7d\",\"name\":\"Nexo Informativo\",\"image\":{\"@type\":\"ImageObject\",\"inLanguage\":\"es\",\"@id\":\"https:\/\/www.nexoinformativo.mx\/#\/schema\/person\/image\/\",\"url\":\"https:\/\/secure.gravatar.com\/avatar\/dde2928154642a13d95f87ddf1ea9718fe2b46760a005c53e41ff5ad610704e6?s=96&d=mm&r=g\",\"contentUrl\":\"https:\/\/secure.gravatar.com\/avatar\/dde2928154642a13d95f87ddf1ea9718fe2b46760a005c53e41ff5ad610704e6?s=96&d=mm&r=g\",\"caption\":\"Nexo Informativo\"},\"url\":\"https:\/\/www.nexoinformativo.mx\/index.php\/author\/edicion\/\"}]}<\/script>\n<!-- \/ Yoast SEO plugin. -->","yoast_head_json":{"title":"IMSS reporta disminuci\u00f3n en puestos de trabajo en diciembre el mercado laboral mexicano desacelera | Nexo Informativo Santiago de Quer\u00e9taro","description":"IMSS reporta disminuci\u00f3n en puestos de trabajo en diciembre el mercado laboral mexicano desacelera","robots":{"index":"index","follow":"follow","max-snippet":"max-snippet:-1","max-image-preview":"max-image-preview:large","max-video-preview":"max-video-preview:-1"},"canonical":"https:\/\/www.nexoinformativo.mx\/index.php\/2025\/01\/07\/imss-reporta-disminucion-en-puestos-de-trabajo-en-diciembre-el-mercado-laboral-mexicano-desacelera\/","og_locale":"es_MX","og_type":"article","og_title":"IMSS reporta disminuci\u00f3n en puestos de trabajo en diciembre el mercado laboral mexicano desacelera | Nexo Informativo Santiago de Quer\u00e9taro","og_description":"IMSS reporta disminuci\u00f3n en puestos de trabajo en diciembre el mercado laboral mexicano desacelera","og_url":"https:\/\/www.nexoinformativo.mx\/index.php\/2025\/01\/07\/imss-reporta-disminucion-en-puestos-de-trabajo-en-diciembre-el-mercado-laboral-mexicano-desacelera\/","og_site_name":"Nexo Informativo Santiago de Quer\u00e9taro","article_publisher":"https:\/\/www.facebook.com\/people\/Nexo-Informativo\/61564066885511\/","article_published_time":"2025-01-07T19:00:59+00:00","article_modified_time":"2025-01-08T00:06:35+00:00","og_image":[{"width":800,"height":451,"url":"https:\/\/www.nexoinformativo.mx\/wp-content\/uploads\/2025\/01\/PHOTO-2025-01-06-19-44-10-e1736294696233.jpg","type":"image\/jpeg"}],"author":"Nexo Informativo","twitter_card":"summary_large_image","twitter_misc":{"Escrito por":"Nexo Informativo","Tiempo de lectura":"2 minutos"},"schema":{"@context":"https:\/\/schema.org","@graph":[{"@type":"Article","@id":"https:\/\/www.nexoinformativo.mx\/index.php\/2025\/01\/07\/imss-reporta-disminucion-en-puestos-de-trabajo-en-diciembre-el-mercado-laboral-mexicano-desacelera\/#article","isPartOf":{"@id":"https:\/\/www.nexoinformativo.mx\/index.php\/2025\/01\/07\/imss-reporta-disminucion-en-puestos-de-trabajo-en-diciembre-el-mercado-laboral-mexicano-desacelera\/"},"author":{"name":"Nexo Informativo","@id":"https:\/\/www.nexoinformativo.mx\/#\/schema\/person\/7749d380ba08c8ca00d7bc76fd907b7d"},"headline":"IMSS reporta disminuci\u00f3n en puestos de trabajo en diciembre el mercado laboral mexicano desacelera","datePublished":"2025-01-07T19:00:59+00:00","dateModified":"2025-01-08T00:06:35+00:00","mainEntityOfPage":{"@id":"https:\/\/www.nexoinformativo.mx\/index.php\/2025\/01\/07\/imss-reporta-disminucion-en-puestos-de-trabajo-en-diciembre-el-mercado-laboral-mexicano-desacelera\/"},"wordCount":311,"commentCount":0,"publisher":{"@id":"https:\/\/www.nexoinformativo.mx\/#organization"},"image":{"@id":"https:\/\/www.nexoinformativo.mx\/index.php\/2025\/01\/07\/imss-reporta-disminucion-en-puestos-de-trabajo-en-diciembre-el-mercado-laboral-mexicano-desacelera\/#primaryimage"},"thumbnailUrl":"https:\/\/www.nexoinformativo.mx\/wp-content\/uploads\/2025\/01\/PHOTO-2025-01-06-19-44-10-e1736294696233.jpg","keywords":["Empleo","IMSS","MercadoLaboral","Salarios"],"articleSection":["Nacional","\u00daltima Hora"],"inLanguage":"es","potentialAction":[{"@type":"CommentAction","name":"Comment","target":["https:\/\/www.nexoinformativo.mx\/index.php\/2025\/01\/07\/imss-reporta-disminucion-en-puestos-de-trabajo-en-diciembre-el-mercado-laboral-mexicano-desacelera\/#respond"]}]},{"@type":"WebPage","@id":"https:\/\/www.nexoinformativo.mx\/index.php\/2025\/01\/07\/imss-reporta-disminucion-en-puestos-de-trabajo-en-diciembre-el-mercado-laboral-mexicano-desacelera\/","url":"https:\/\/www.nexoinformativo.mx\/index.php\/2025\/01\/07\/imss-reporta-disminucion-en-puestos-de-trabajo-en-diciembre-el-mercado-laboral-mexicano-desacelera\/","name":"IMSS reporta disminuci\u00f3n en puestos de trabajo en diciembre el mercado laboral mexicano desacelera | Nexo Informativo Santiago de Quer\u00e9taro","isPartOf":{"@id":"https:\/\/www.nexoinformativo.mx\/#website"},"primaryImageOfPage":{"@id":"https:\/\/www.nexoinformativo.mx\/index.php\/2025\/01\/07\/imss-reporta-disminucion-en-puestos-de-trabajo-en-diciembre-el-mercado-laboral-mexicano-desacelera\/#primaryimage"},"image":{"@id":"https:\/\/www.nexoinformativo.mx\/index.php\/2025\/01\/07\/imss-reporta-disminucion-en-puestos-de-trabajo-en-diciembre-el-mercado-laboral-mexicano-desacelera\/#primaryimage"},"thumbnailUrl":"https:\/\/www.nexoinformativo.mx\/wp-content\/uploads\/2025\/01\/PHOTO-2025-01-06-19-44-10-e1736294696233.jpg","datePublished":"2025-01-07T19:00:59+00:00","dateModified":"2025-01-08T00:06:35+00:00","description":"IMSS reporta disminuci\u00f3n en puestos de trabajo en diciembre el mercado laboral mexicano desacelera","breadcrumb":{"@id":"https:\/\/www.nexoinformativo.mx\/index.php\/2025\/01\/07\/imss-reporta-disminucion-en-puestos-de-trabajo-en-diciembre-el-mercado-laboral-mexicano-desacelera\/#breadcrumb"},"inLanguage":"es","potentialAction":[{"@type":"ReadAction","target":["https:\/\/www.nexoinformativo.mx\/index.php\/2025\/01\/07\/imss-reporta-disminucion-en-puestos-de-trabajo-en-diciembre-el-mercado-laboral-mexicano-desacelera\/"]}]},{"@type":"ImageObject","inLanguage":"es","@id":"https:\/\/www.nexoinformativo.mx\/index.php\/2025\/01\/07\/imss-reporta-disminucion-en-puestos-de-trabajo-en-diciembre-el-mercado-laboral-mexicano-desacelera\/#primaryimage","url":"https:\/\/www.nexoinformativo.mx\/wp-content\/uploads\/2025\/01\/PHOTO-2025-01-06-19-44-10-e1736294696233.jpg","contentUrl":"https:\/\/www.nexoinformativo.mx\/wp-content\/uploads\/2025\/01\/PHOTO-2025-01-06-19-44-10-e1736294696233.jpg","width":800,"height":451},{"@type":"BreadcrumbList","@id":"https:\/\/www.nexoinformativo.mx\/index.php\/2025\/01\/07\/imss-reporta-disminucion-en-puestos-de-trabajo-en-diciembre-el-mercado-laboral-mexicano-desacelera\/#breadcrumb","itemListElement":[{"@type":"ListItem","position":1,"name":"Inicio","item":"https:\/\/www.nexoinformativo.mx\/"},{"@type":"ListItem","position":2,"name":"IMSS reporta disminuci\u00f3n en puestos de trabajo en diciembre el mercado laboral mexicano desacelera"}]},{"@type":"WebSite","@id":"https:\/\/www.nexoinformativo.mx\/#website","url":"https:\/\/www.nexoinformativo.mx\/","name":"Nexo Informativo Santiago de Quer\u00e9taro","description":"Explora NexoInformativo y convi\u00e9rtete en parte de una comunidad que valora el conocimiento y la verdad. Tu nexoinformativo es tu puente hacia una comprensi\u00f3n m\u00e1s profunda del mundo que te rodea.","publisher":{"@id":"https:\/\/www.nexoinformativo.mx\/#organization"},"potentialAction":[{"@type":"SearchAction","target":{"@type":"EntryPoint","urlTemplate":"https:\/\/www.nexoinformativo.mx\/?s={search_term_string}"},"query-input":{"@type":"PropertyValueSpecification","valueRequired":true,"valueName":"search_term_string"}}],"inLanguage":"es"},{"@type":"Organization","@id":"https:\/\/www.nexoinformativo.mx\/#organization","name":"Nexo Informativo Santiago de Quer\u00e9taro","url":"https:\/\/www.nexoinformativo.mx\/","logo":{"@type":"ImageObject","inLanguage":"es","@id":"https:\/\/www.nexoinformativo.mx\/#\/schema\/logo\/image\/","url":"https:\/\/www.nexoinformativo.mx\/wp-content\/uploads\/2024\/07\/nexoi-trasparente-2.png","contentUrl":"https:\/\/www.nexoinformativo.mx\/wp-content\/uploads\/2024\/07\/nexoi-trasparente-2.png","width":816,"height":339,"caption":"Nexo Informativo Santiago de Quer\u00e9taro"},"image":{"@id":"https:\/\/www.nexoinformativo.mx\/#\/schema\/logo\/image\/"},"sameAs":["https:\/\/www.facebook.com\/people\/Nexo-Informativo\/61564066885511\/"]},{"@type":"Person","@id":"https:\/\/www.nexoinformativo.mx\/#\/schema\/person\/7749d380ba08c8ca00d7bc76fd907b7d","name":"Nexo Informativo","image":{"@type":"ImageObject","inLanguage":"es","@id":"https:\/\/www.nexoinformativo.mx\/#\/schema\/person\/image\/","url":"https:\/\/secure.gravatar.com\/avatar\/dde2928154642a13d95f87ddf1ea9718fe2b46760a005c53e41ff5ad610704e6?s=96&d=mm&r=g","contentUrl":"https:\/\/secure.gravatar.com\/avatar\/dde2928154642a13d95f87ddf1ea9718fe2b46760a005c53e41ff5ad610704e6?s=96&d=mm&r=g","caption":"Nexo Informativo"},"url":"https:\/\/www.nexoinformativo.mx\/index.php\/author\/edicion\/"}]}},"_links":{"self":[{"href":"https:\/\/www.nexoinformativo.mx\/index.php\/wp-json\/wp\/v2\/posts\/9458","targetHints":{"allow":["GET"]}}],"collection":[{"href":"https:\/\/www.nexoinformativo.mx\/index.php\/wp-json\/wp\/v2\/posts"}],"about":[{"href":"https:\/\/www.nexoinformativo.mx\/index.php\/wp-json\/wp\/v2\/types\/post"}],"author":[{"embeddable":true,"href":"https:\/\/www.nexoinformativo.mx\/index.php\/wp-json\/wp\/v2\/users\/3"}],"replies":[{"embeddable":true,"href":"https:\/\/www.nexoinformativo.mx\/index.php\/wp-json\/wp\/v2\/comments?post=9458"}],"version-history":[{"count":3,"href":"https:\/\/www.nexoinformativo.mx\/index.php\/wp-json\/wp\/v2\/posts\/9458\/revisions"}],"predecessor-version":[{"id":9462,"href":"https:\/\/www.nexoinformativo.mx\/index.php\/wp-json\/wp\/v2\/posts\/9458\/revisions\/9462"}],"wp:featuredmedia":[{"embeddable":true,"href":"https:\/\/www.nexoinformativo.mx\/index.php\/wp-json\/wp\/v2\/media\/9459"}],"wp:attachment":[{"href":"https:\/\/www.nexoinformativo.mx\/index.php\/wp-json\/wp\/v2\/media?parent=9458"}],"wp:term":[{"taxonomy":"category","embeddable":true,"href":"https:\/\/www.nexoinformativo.mx\/index.php\/wp-json\/wp\/v2\/categories?post=9458"},{"taxonomy":"post_tag","embeddable":true,"href":"https:\/\/www.nexoinformativo.mx\/index.php\/wp-json\/wp\/v2\/tags?post=9458"}],"curies":[{"name":"wp","href":"https:\/\/api.w.org\/{rel}","templated":true}]}}