{"id":9463,"date":"2025-01-07T13:30:54","date_gmt":"2025-01-07T19:30:54","guid":{"rendered":"https:\/\/www.nexoinformativo.mx\/?p=9463"},"modified":"2025-01-07T18:16:10","modified_gmt":"2025-01-08T00:16:10","slug":"aprovecha-los-descuentos-hasta-marzo-en-multas-y-verificacion-vehicular","status":"publish","type":"post","link":"https:\/\/www.nexoinformativo.mx\/index.php\/2025\/01\/07\/aprovecha-los-descuentos-hasta-marzo-en-multas-y-verificacion-vehicular\/","title":{"rendered":"Aprovecha los descuentos hasta marzo en multas y verificaci\u00f3n vehicular"},"content":{"rendered":"<p style=\"text-align: justify;\" data-sourcepos=\"11:1-11:253\">El Gobierno del Estado ha decidido extender los descuentos en multas de verificaci\u00f3n vehicular hasta el mes de marzo. Esto significa que a\u00fan tienes tiempo para regularizar tu situaci\u00f3n y evitar sanciones m\u00e1s altas.<\/p>\n<p>&nbsp;<\/p>\n<p style=\"text-align: justify;\" data-sourcepos=\"13:1-13:259\">A trav\u00e9s de la aplicaci\u00f3n m\u00f3vil AppQro, podr\u00e1s obtener el mayor beneficio, con un descuento del 75% en enero, 50% en febrero y 25% en marzo. Sin embargo, es importante recordar que estos descuentos no aplican si realizas el pago en las oficinas de Recaudanet.<\/p>\n<p>&nbsp;<\/p>\n<p style=\"text-align: justify;\" data-sourcepos=\"15:1-15:187\">Esta medida busca incentivar a los propietarios de veh\u00edculos a cumplir con la verificaci\u00f3n vehicular, una acci\u00f3n fundamental para mejorar la calidad del aire y proteger el medio ambiente.<\/p>\n<p>&nbsp;<\/p>\n<p style=\"text-align: justify;\" data-sourcepos=\"17:1-17:36\"><strong>\u00bfC\u00f3mo aprovechar los descuentos?<\/strong><\/p>\n<p>&nbsp;<\/p>\n<p style=\"text-align: justify;\"><strong>*Descarga la AppQro:<\/strong> Accede a la aplicaci\u00f3n desde tu dispositivo m\u00f3vil y reg\u00edstrate.<\/p>\n<p style=\"text-align: justify;\"><strong>*Consulta tus multas:<\/strong> Verifica el monto de tus adeudos por concepto de verificaci\u00f3n vehicular.<\/p>\n<p style=\"text-align: justify;\"><strong>*Realiza el pago:<\/strong> Utiliza la opci\u00f3n de pago en l\u00ednea para obtener el descuento correspondiente.<\/p>\n<p>&nbsp;<\/p>\n<p style=\"text-align: justify;\" data-sourcepos=\"23:1-23:100\">\u00a1No pierdas esta oportunidad! Regulariza tu situaci\u00f3n y contribuye a un medio ambiente m\u00e1s sano.<\/p>\n<p>&nbsp;<\/p>\n<p style=\"text-align: center;\" data-sourcepos=\"23:1-23:100\"><em><strong>\u00a1Informaci\u00f3n que transforma!<\/strong><\/em><\/p>\n","protected":false},"excerpt":{"rendered":"<p>El Gobierno del Estado ha decidido extender los descuentos en multas de verificaci\u00f3n vehicular hasta el mes de marzo. Esto significa que a\u00fan tienes tiempo para regularizar tu situaci\u00f3n y evitar sanciones m\u00e1s altas.<\/p>\n","protected":false},"author":3,"featured_media":9464,"comment_status":"open","ping_status":"open","sticky":false,"template":"","format":"standard","meta":{"footnotes":""},"categories":[42,58],"tags":[1515,1924,656,3019],"class_list":["post-9463","post","type-post","status-publish","format-standard","has-post-thumbnail","hentry","category-estado","category-ultima-hora","tag-appqro","tag-descuentos","tag-medioambiente","tag-verificacionvehicular"],"yoast_head":"<!-- This site is optimized with the Yoast SEO plugin v25.0 - https:\/\/yoast.com\/wordpress\/plugins\/seo\/ -->\n<title>Aprovecha los descuentos hasta marzo en multas y verificaci\u00f3n vehicular | Nexo Informativo Santiago de Quer\u00e9taro<\/title>\n<meta name=\"description\" content=\"Aprovecha los descuentos hasta marzo en multas y verificaci\u00f3n vehicular\" \/>\n<meta name=\"robots\" content=\"index, follow, max-snippet:-1, max-image-preview:large, max-video-preview:-1\" \/>\n<link rel=\"canonical\" href=\"https:\/\/www.nexoinformativo.mx\/index.php\/2025\/01\/07\/aprovecha-los-descuentos-hasta-marzo-en-multas-y-verificacion-vehicular\/\" \/>\n<meta property=\"og:locale\" content=\"es_MX\" \/>\n<meta property=\"og:type\" content=\"article\" \/>\n<meta property=\"og:title\" content=\"Aprovecha los descuentos hasta marzo en multas y verificaci\u00f3n vehicular | Nexo Informativo Santiago de Quer\u00e9taro\" \/>\n<meta property=\"og:description\" content=\"Aprovecha los descuentos hasta marzo en multas y verificaci\u00f3n vehicular\" \/>\n<meta property=\"og:url\" content=\"https:\/\/www.nexoinformativo.mx\/index.php\/2025\/01\/07\/aprovecha-los-descuentos-hasta-marzo-en-multas-y-verificacion-vehicular\/\" \/>\n<meta property=\"og:site_name\" content=\"Nexo Informativo Santiago de Quer\u00e9taro\" \/>\n<meta property=\"article:publisher\" content=\"https:\/\/www.facebook.com\/people\/Nexo-Informativo\/61564066885511\/\" \/>\n<meta property=\"article:published_time\" content=\"2025-01-07T19:30:54+00:00\" \/>\n<meta property=\"article:modified_time\" content=\"2025-01-08T00:16:10+00:00\" \/>\n<meta property=\"og:image\" content=\"https:\/\/www.nexoinformativo.mx\/wp-content\/uploads\/2025\/01\/PHOTO-2025-01-06-19-44-35-e1736295079256.jpg\" \/>\n\t<meta property=\"og:image:width\" content=\"800\" \/>\n\t<meta property=\"og:image:height\" content=\"564\" \/>\n\t<meta property=\"og:image:type\" content=\"image\/jpeg\" \/>\n<meta name=\"author\" content=\"Nexo Informativo\" \/>\n<meta name=\"twitter:card\" content=\"summary_large_image\" \/>\n<meta name=\"twitter:label1\" content=\"Escrito por\" \/>\n\t<meta name=\"twitter:data1\" content=\"Nexo Informativo\" \/>\n\t<meta name=\"twitter:label2\" content=\"Tiempo de lectura\" \/>\n\t<meta name=\"twitter:data2\" content=\"1 minuto\" \/>\n<script type=\"application\/ld+json\" class=\"yoast-schema-graph\">{\"@context\":\"https:\/\/schema.org\",\"@graph\":[{\"@type\":\"Article\",\"@id\":\"https:\/\/www.nexoinformativo.mx\/index.php\/2025\/01\/07\/aprovecha-los-descuentos-hasta-marzo-en-multas-y-verificacion-vehicular\/#article\",\"isPartOf\":{\"@id\":\"https:\/\/www.nexoinformativo.mx\/index.php\/2025\/01\/07\/aprovecha-los-descuentos-hasta-marzo-en-multas-y-verificacion-vehicular\/\"},\"author\":{\"name\":\"Nexo Informativo\",\"@id\":\"https:\/\/www.nexoinformativo.mx\/#\/schema\/person\/7749d380ba08c8ca00d7bc76fd907b7d\"},\"headline\":\"Aprovecha los descuentos hasta marzo en multas y verificaci\u00f3n vehicular\",\"datePublished\":\"2025-01-07T19:30:54+00:00\",\"dateModified\":\"2025-01-08T00:16:10+00:00\",\"mainEntityOfPage\":{\"@id\":\"https:\/\/www.nexoinformativo.mx\/index.php\/2025\/01\/07\/aprovecha-los-descuentos-hasta-marzo-en-multas-y-verificacion-vehicular\/\"},\"wordCount\":207,\"commentCount\":0,\"publisher\":{\"@id\":\"https:\/\/www.nexoinformativo.mx\/#organization\"},\"image\":{\"@id\":\"https:\/\/www.nexoinformativo.mx\/index.php\/2025\/01\/07\/aprovecha-los-descuentos-hasta-marzo-en-multas-y-verificacion-vehicular\/#primaryimage\"},\"thumbnailUrl\":\"https:\/\/www.nexoinformativo.mx\/wp-content\/uploads\/2025\/01\/PHOTO-2025-01-06-19-44-35-e1736295079256.jpg\",\"keywords\":[\"AppQro\",\"Descuentos\",\"MedioAmbiente\",\"Verificaci\u00f3nVehicular\"],\"articleSection\":[\"Estado\",\"\u00daltima Hora\"],\"inLanguage\":\"es\",\"potentialAction\":[{\"@type\":\"CommentAction\",\"name\":\"Comment\",\"target\":[\"https:\/\/www.nexoinformativo.mx\/index.php\/2025\/01\/07\/aprovecha-los-descuentos-hasta-marzo-en-multas-y-verificacion-vehicular\/#respond\"]}]},{\"@type\":\"WebPage\",\"@id\":\"https:\/\/www.nexoinformativo.mx\/index.php\/2025\/01\/07\/aprovecha-los-descuentos-hasta-marzo-en-multas-y-verificacion-vehicular\/\",\"url\":\"https:\/\/www.nexoinformativo.mx\/index.php\/2025\/01\/07\/aprovecha-los-descuentos-hasta-marzo-en-multas-y-verificacion-vehicular\/\",\"name\":\"Aprovecha los descuentos hasta marzo en multas y verificaci\u00f3n vehicular | Nexo Informativo Santiago de Quer\u00e9taro\",\"isPartOf\":{\"@id\":\"https:\/\/www.nexoinformativo.mx\/#website\"},\"primaryImageOfPage\":{\"@id\":\"https:\/\/www.nexoinformativo.mx\/index.php\/2025\/01\/07\/aprovecha-los-descuentos-hasta-marzo-en-multas-y-verificacion-vehicular\/#primaryimage\"},\"image\":{\"@id\":\"https:\/\/www.nexoinformativo.mx\/index.php\/2025\/01\/07\/aprovecha-los-descuentos-hasta-marzo-en-multas-y-verificacion-vehicular\/#primaryimage\"},\"thumbnailUrl\":\"https:\/\/www.nexoinformativo.mx\/wp-content\/uploads\/2025\/01\/PHOTO-2025-01-06-19-44-35-e1736295079256.jpg\",\"datePublished\":\"2025-01-07T19:30:54+00:00\",\"dateModified\":\"2025-01-08T00:16:10+00:00\",\"description\":\"Aprovecha los descuentos hasta marzo en multas y verificaci\u00f3n vehicular\",\"breadcrumb\":{\"@id\":\"https:\/\/www.nexoinformativo.mx\/index.php\/2025\/01\/07\/aprovecha-los-descuentos-hasta-marzo-en-multas-y-verificacion-vehicular\/#breadcrumb\"},\"inLanguage\":\"es\",\"potentialAction\":[{\"@type\":\"ReadAction\",\"target\":[\"https:\/\/www.nexoinformativo.mx\/index.php\/2025\/01\/07\/aprovecha-los-descuentos-hasta-marzo-en-multas-y-verificacion-vehicular\/\"]}]},{\"@type\":\"ImageObject\",\"inLanguage\":\"es\",\"@id\":\"https:\/\/www.nexoinformativo.mx\/index.php\/2025\/01\/07\/aprovecha-los-descuentos-hasta-marzo-en-multas-y-verificacion-vehicular\/#primaryimage\",\"url\":\"https:\/\/www.nexoinformativo.mx\/wp-content\/uploads\/2025\/01\/PHOTO-2025-01-06-19-44-35-e1736295079256.jpg\",\"contentUrl\":\"https:\/\/www.nexoinformativo.mx\/wp-content\/uploads\/2025\/01\/PHOTO-2025-01-06-19-44-35-e1736295079256.jpg\",\"width\":800,\"height\":564},{\"@type\":\"BreadcrumbList\",\"@id\":\"https:\/\/www.nexoinformativo.mx\/index.php\/2025\/01\/07\/aprovecha-los-descuentos-hasta-marzo-en-multas-y-verificacion-vehicular\/#breadcrumb\",\"itemListElement\":[{\"@type\":\"ListItem\",\"position\":1,\"name\":\"Inicio\",\"item\":\"https:\/\/www.nexoinformativo.mx\/\"},{\"@type\":\"ListItem\",\"position\":2,\"name\":\"Aprovecha los descuentos hasta marzo en multas y verificaci\u00f3n vehicular\"}]},{\"@type\":\"WebSite\",\"@id\":\"https:\/\/www.nexoinformativo.mx\/#website\",\"url\":\"https:\/\/www.nexoinformativo.mx\/\",\"name\":\"Nexo Informativo Santiago de Quer\u00e9taro\",\"description\":\"Explora NexoInformativo y convi\u00e9rtete en parte de una comunidad que valora el conocimiento y la verdad. Tu nexoinformativo es tu puente hacia una comprensi\u00f3n m\u00e1s profunda del mundo que te rodea.\",\"publisher\":{\"@id\":\"https:\/\/www.nexoinformativo.mx\/#organization\"},\"potentialAction\":[{\"@type\":\"SearchAction\",\"target\":{\"@type\":\"EntryPoint\",\"urlTemplate\":\"https:\/\/www.nexoinformativo.mx\/?s={search_term_string}\"},\"query-input\":{\"@type\":\"PropertyValueSpecification\",\"valueRequired\":true,\"valueName\":\"search_term_string\"}}],\"inLanguage\":\"es\"},{\"@type\":\"Organization\",\"@id\":\"https:\/\/www.nexoinformativo.mx\/#organization\",\"name\":\"Nexo Informativo Santiago de Quer\u00e9taro\",\"url\":\"https:\/\/www.nexoinformativo.mx\/\",\"logo\":{\"@type\":\"ImageObject\",\"inLanguage\":\"es\",\"@id\":\"https:\/\/www.nexoinformativo.mx\/#\/schema\/logo\/image\/\",\"url\":\"https:\/\/www.nexoinformativo.mx\/wp-content\/uploads\/2024\/07\/nexoi-trasparente-2.png\",\"contentUrl\":\"https:\/\/www.nexoinformativo.mx\/wp-content\/uploads\/2024\/07\/nexoi-trasparente-2.png\",\"width\":816,\"height\":339,\"caption\":\"Nexo Informativo Santiago de Quer\u00e9taro\"},\"image\":{\"@id\":\"https:\/\/www.nexoinformativo.mx\/#\/schema\/logo\/image\/\"},\"sameAs\":[\"https:\/\/www.facebook.com\/people\/Nexo-Informativo\/61564066885511\/\"]},{\"@type\":\"Person\",\"@id\":\"https:\/\/www.nexoinformativo.mx\/#\/schema\/person\/7749d380ba08c8ca00d7bc76fd907b7d\",\"name\":\"Nexo Informativo\",\"image\":{\"@type\":\"ImageObject\",\"inLanguage\":\"es\",\"@id\":\"https:\/\/www.nexoinformativo.mx\/#\/schema\/person\/image\/\",\"url\":\"https:\/\/secure.gravatar.com\/avatar\/dde2928154642a13d95f87ddf1ea9718fe2b46760a005c53e41ff5ad610704e6?s=96&d=mm&r=g\",\"contentUrl\":\"https:\/\/secure.gravatar.com\/avatar\/dde2928154642a13d95f87ddf1ea9718fe2b46760a005c53e41ff5ad610704e6?s=96&d=mm&r=g\",\"caption\":\"Nexo Informativo\"},\"url\":\"https:\/\/www.nexoinformativo.mx\/index.php\/author\/edicion\/\"}]}<\/script>\n<!-- \/ Yoast SEO plugin. -->","yoast_head_json":{"title":"Aprovecha los descuentos hasta marzo en multas y verificaci\u00f3n vehicular | Nexo Informativo Santiago de Quer\u00e9taro","description":"Aprovecha los descuentos hasta marzo en multas y verificaci\u00f3n vehicular","robots":{"index":"index","follow":"follow","max-snippet":"max-snippet:-1","max-image-preview":"max-image-preview:large","max-video-preview":"max-video-preview:-1"},"canonical":"https:\/\/www.nexoinformativo.mx\/index.php\/2025\/01\/07\/aprovecha-los-descuentos-hasta-marzo-en-multas-y-verificacion-vehicular\/","og_locale":"es_MX","og_type":"article","og_title":"Aprovecha los descuentos hasta marzo en multas y verificaci\u00f3n vehicular | Nexo Informativo Santiago de Quer\u00e9taro","og_description":"Aprovecha los descuentos hasta marzo en multas y verificaci\u00f3n vehicular","og_url":"https:\/\/www.nexoinformativo.mx\/index.php\/2025\/01\/07\/aprovecha-los-descuentos-hasta-marzo-en-multas-y-verificacion-vehicular\/","og_site_name":"Nexo Informativo Santiago de Quer\u00e9taro","article_publisher":"https:\/\/www.facebook.com\/people\/Nexo-Informativo\/61564066885511\/","article_published_time":"2025-01-07T19:30:54+00:00","article_modified_time":"2025-01-08T00:16:10+00:00","og_image":[{"width":800,"height":564,"url":"https:\/\/www.nexoinformativo.mx\/wp-content\/uploads\/2025\/01\/PHOTO-2025-01-06-19-44-35-e1736295079256.jpg","type":"image\/jpeg"}],"author":"Nexo Informativo","twitter_card":"summary_large_image","twitter_misc":{"Escrito por":"Nexo Informativo","Tiempo de lectura":"1 minuto"},"schema":{"@context":"https:\/\/schema.org","@graph":[{"@type":"Article","@id":"https:\/\/www.nexoinformativo.mx\/index.php\/2025\/01\/07\/aprovecha-los-descuentos-hasta-marzo-en-multas-y-verificacion-vehicular\/#article","isPartOf":{"@id":"https:\/\/www.nexoinformativo.mx\/index.php\/2025\/01\/07\/aprovecha-los-descuentos-hasta-marzo-en-multas-y-verificacion-vehicular\/"},"author":{"name":"Nexo Informativo","@id":"https:\/\/www.nexoinformativo.mx\/#\/schema\/person\/7749d380ba08c8ca00d7bc76fd907b7d"},"headline":"Aprovecha los descuentos hasta marzo en multas y verificaci\u00f3n vehicular","datePublished":"2025-01-07T19:30:54+00:00","dateModified":"2025-01-08T00:16:10+00:00","mainEntityOfPage":{"@id":"https:\/\/www.nexoinformativo.mx\/index.php\/2025\/01\/07\/aprovecha-los-descuentos-hasta-marzo-en-multas-y-verificacion-vehicular\/"},"wordCount":207,"commentCount":0,"publisher":{"@id":"https:\/\/www.nexoinformativo.mx\/#organization"},"image":{"@id":"https:\/\/www.nexoinformativo.mx\/index.php\/2025\/01\/07\/aprovecha-los-descuentos-hasta-marzo-en-multas-y-verificacion-vehicular\/#primaryimage"},"thumbnailUrl":"https:\/\/www.nexoinformativo.mx\/wp-content\/uploads\/2025\/01\/PHOTO-2025-01-06-19-44-35-e1736295079256.jpg","keywords":["AppQro","Descuentos","MedioAmbiente","Verificaci\u00f3nVehicular"],"articleSection":["Estado","\u00daltima Hora"],"inLanguage":"es","potentialAction":[{"@type":"CommentAction","name":"Comment","target":["https:\/\/www.nexoinformativo.mx\/index.php\/2025\/01\/07\/aprovecha-los-descuentos-hasta-marzo-en-multas-y-verificacion-vehicular\/#respond"]}]},{"@type":"WebPage","@id":"https:\/\/www.nexoinformativo.mx\/index.php\/2025\/01\/07\/aprovecha-los-descuentos-hasta-marzo-en-multas-y-verificacion-vehicular\/","url":"https:\/\/www.nexoinformativo.mx\/index.php\/2025\/01\/07\/aprovecha-los-descuentos-hasta-marzo-en-multas-y-verificacion-vehicular\/","name":"Aprovecha los descuentos hasta marzo en multas y verificaci\u00f3n vehicular | Nexo Informativo Santiago de Quer\u00e9taro","isPartOf":{"@id":"https:\/\/www.nexoinformativo.mx\/#website"},"primaryImageOfPage":{"@id":"https:\/\/www.nexoinformativo.mx\/index.php\/2025\/01\/07\/aprovecha-los-descuentos-hasta-marzo-en-multas-y-verificacion-vehicular\/#primaryimage"},"image":{"@id":"https:\/\/www.nexoinformativo.mx\/index.php\/2025\/01\/07\/aprovecha-los-descuentos-hasta-marzo-en-multas-y-verificacion-vehicular\/#primaryimage"},"thumbnailUrl":"https:\/\/www.nexoinformativo.mx\/wp-content\/uploads\/2025\/01\/PHOTO-2025-01-06-19-44-35-e1736295079256.jpg","datePublished":"2025-01-07T19:30:54+00:00","dateModified":"2025-01-08T00:16:10+00:00","description":"Aprovecha los descuentos hasta marzo en multas y verificaci\u00f3n vehicular","breadcrumb":{"@id":"https:\/\/www.nexoinformativo.mx\/index.php\/2025\/01\/07\/aprovecha-los-descuentos-hasta-marzo-en-multas-y-verificacion-vehicular\/#breadcrumb"},"inLanguage":"es","potentialAction":[{"@type":"ReadAction","target":["https:\/\/www.nexoinformativo.mx\/index.php\/2025\/01\/07\/aprovecha-los-descuentos-hasta-marzo-en-multas-y-verificacion-vehicular\/"]}]},{"@type":"ImageObject","inLanguage":"es","@id":"https:\/\/www.nexoinformativo.mx\/index.php\/2025\/01\/07\/aprovecha-los-descuentos-hasta-marzo-en-multas-y-verificacion-vehicular\/#primaryimage","url":"https:\/\/www.nexoinformativo.mx\/wp-content\/uploads\/2025\/01\/PHOTO-2025-01-06-19-44-35-e1736295079256.jpg","contentUrl":"https:\/\/www.nexoinformativo.mx\/wp-content\/uploads\/2025\/01\/PHOTO-2025-01-06-19-44-35-e1736295079256.jpg","width":800,"height":564},{"@type":"BreadcrumbList","@id":"https:\/\/www.nexoinformativo.mx\/index.php\/2025\/01\/07\/aprovecha-los-descuentos-hasta-marzo-en-multas-y-verificacion-vehicular\/#breadcrumb","itemListElement":[{"@type":"ListItem","position":1,"name":"Inicio","item":"https:\/\/www.nexoinformativo.mx\/"},{"@type":"ListItem","position":2,"name":"Aprovecha los descuentos hasta marzo en multas y verificaci\u00f3n vehicular"}]},{"@type":"WebSite","@id":"https:\/\/www.nexoinformativo.mx\/#website","url":"https:\/\/www.nexoinformativo.mx\/","name":"Nexo Informativo Santiago de Quer\u00e9taro","description":"Explora NexoInformativo y convi\u00e9rtete en parte de una comunidad que valora el conocimiento y la verdad. Tu nexoinformativo es tu puente hacia una comprensi\u00f3n m\u00e1s profunda del mundo que te rodea.","publisher":{"@id":"https:\/\/www.nexoinformativo.mx\/#organization"},"potentialAction":[{"@type":"SearchAction","target":{"@type":"EntryPoint","urlTemplate":"https:\/\/www.nexoinformativo.mx\/?s={search_term_string}"},"query-input":{"@type":"PropertyValueSpecification","valueRequired":true,"valueName":"search_term_string"}}],"inLanguage":"es"},{"@type":"Organization","@id":"https:\/\/www.nexoinformativo.mx\/#organization","name":"Nexo Informativo Santiago de Quer\u00e9taro","url":"https:\/\/www.nexoinformativo.mx\/","logo":{"@type":"ImageObject","inLanguage":"es","@id":"https:\/\/www.nexoinformativo.mx\/#\/schema\/logo\/image\/","url":"https:\/\/www.nexoinformativo.mx\/wp-content\/uploads\/2024\/07\/nexoi-trasparente-2.png","contentUrl":"https:\/\/www.nexoinformativo.mx\/wp-content\/uploads\/2024\/07\/nexoi-trasparente-2.png","width":816,"height":339,"caption":"Nexo Informativo Santiago de Quer\u00e9taro"},"image":{"@id":"https:\/\/www.nexoinformativo.mx\/#\/schema\/logo\/image\/"},"sameAs":["https:\/\/www.facebook.com\/people\/Nexo-Informativo\/61564066885511\/"]},{"@type":"Person","@id":"https:\/\/www.nexoinformativo.mx\/#\/schema\/person\/7749d380ba08c8ca00d7bc76fd907b7d","name":"Nexo Informativo","image":{"@type":"ImageObject","inLanguage":"es","@id":"https:\/\/www.nexoinformativo.mx\/#\/schema\/person\/image\/","url":"https:\/\/secure.gravatar.com\/avatar\/dde2928154642a13d95f87ddf1ea9718fe2b46760a005c53e41ff5ad610704e6?s=96&d=mm&r=g","contentUrl":"https:\/\/secure.gravatar.com\/avatar\/dde2928154642a13d95f87ddf1ea9718fe2b46760a005c53e41ff5ad610704e6?s=96&d=mm&r=g","caption":"Nexo Informativo"},"url":"https:\/\/www.nexoinformativo.mx\/index.php\/author\/edicion\/"}]}},"_links":{"self":[{"href":"https:\/\/www.nexoinformativo.mx\/index.php\/wp-json\/wp\/v2\/posts\/9463","targetHints":{"allow":["GET"]}}],"collection":[{"href":"https:\/\/www.nexoinformativo.mx\/index.php\/wp-json\/wp\/v2\/posts"}],"about":[{"href":"https:\/\/www.nexoinformativo.mx\/index.php\/wp-json\/wp\/v2\/types\/post"}],"author":[{"embeddable":true,"href":"https:\/\/www.nexoinformativo.mx\/index.php\/wp-json\/wp\/v2\/users\/3"}],"replies":[{"embeddable":true,"href":"https:\/\/www.nexoinformativo.mx\/index.php\/wp-json\/wp\/v2\/comments?post=9463"}],"version-history":[{"count":5,"href":"https:\/\/www.nexoinformativo.mx\/index.php\/wp-json\/wp\/v2\/posts\/9463\/revisions"}],"predecessor-version":[{"id":9470,"href":"https:\/\/www.nexoinformativo.mx\/index.php\/wp-json\/wp\/v2\/posts\/9463\/revisions\/9470"}],"wp:featuredmedia":[{"embeddable":true,"href":"https:\/\/www.nexoinformativo.mx\/index.php\/wp-json\/wp\/v2\/media\/9464"}],"wp:attachment":[{"href":"https:\/\/www.nexoinformativo.mx\/index.php\/wp-json\/wp\/v2\/media?parent=9463"}],"wp:term":[{"taxonomy":"category","embeddable":true,"href":"https:\/\/www.nexoinformativo.mx\/index.php\/wp-json\/wp\/v2\/categories?post=9463"},{"taxonomy":"post_tag","embeddable":true,"href":"https:\/\/www.nexoinformativo.mx\/index.php\/wp-json\/wp\/v2\/tags?post=9463"}],"curies":[{"name":"wp","href":"https:\/\/api.w.org\/{rel}","templated":true}]}}