{"id":9471,"date":"2025-01-07T14:00:39","date_gmt":"2025-01-07T20:00:39","guid":{"rendered":"https:\/\/www.nexoinformativo.mx\/?p=9471"},"modified":"2025-01-07T18:35:06","modified_gmt":"2025-01-08T00:35:06","slug":"queretaro-arranca-el-ciclo-escolar-2025-con-el-regreso-de-mas-de-668-mil-estudiante","status":"publish","type":"post","link":"https:\/\/www.nexoinformativo.mx\/index.php\/2025\/01\/07\/queretaro-arranca-el-ciclo-escolar-2025-con-el-regreso-de-mas-de-668-mil-estudiante\/","title":{"rendered":"Quer\u00e9taro arranca el ciclo escolar 2025 con el regreso de m\u00e1s de 668 mil estudiante"},"content":{"rendered":"<p style=\"text-align: justify;\" data-sourcepos=\"11:1-11:248\">Este viernes 10 de enero, miles de estudiantes queretanos vuelven a las aulas para iniciar el nuevo ciclo escolar. Seg\u00fan datos de la USEBEQ, m\u00e1s de 668 mil alumnos de educaci\u00f3n b\u00e1sica, media superior y superior retomar\u00e1n sus actividades acad\u00e9micas.<\/p>\n<\/p>\n<p>&nbsp;<\/p>\n<p style=\"text-align: justify;\" data-sourcepos=\"13:1-13:201\">Educaci\u00f3n b\u00e1sica: La mayor\u00eda de los estudiantes de educaci\u00f3n b\u00e1sica, alrededor de 448 mil, ya se encuentran en clases desde este viernes 10 de enero, de acuerdo con el calendario escolar de la SEP.<\/p>\n<\/p>\n<p>&nbsp;<\/p>\n<p style=\"text-align: justify;\" data-sourcepos=\"15:1-15:243\">Educaci\u00f3n media superior: Para los j\u00f3venes de nivel medio superior, las fechas de inicio var\u00edan seg\u00fan la instituci\u00f3n. El COBAQ comenzar\u00e1 el 4 de febrero, mientras que el CECyTEQ y el CONALEP lo har\u00e1n el 10 y 17 de febrero, respectivamente.<\/p>\n<\/p>\n<p>&nbsp;<\/p>\n<p style=\"text-align: justify;\" data-sourcepos=\"17:1-17:220\">Educaci\u00f3n superior: Las universidades tambi\u00e9n han establecido diferentes fechas de inicio. Algunas, como la UPSRJ y la UNAQ, ya comenzaron el 6 de enero, mientras que otras como la UPN iniciar\u00e1n hasta el 15 de enero.<\/p>\n<\/p>\n<p>&nbsp;<\/p>\n<p style=\"text-align: justify;\" data-sourcepos=\"19:1-19:163\">Docentes y personal administrativo: Junto con los estudiantes, m\u00e1s de 38 mil docentes tambi\u00e9n retomar\u00e1n sus actividades educativas en este nuevo ciclo escolar.<\/p>\n<\/p>\n<p>&nbsp;<\/p>\n<p style=\"text-align: justify;\" data-sourcepos=\"23:1-23:236\">Las autoridades educativas estatales han realizado las gestiones necesarias para garantizar un regreso a clases seguro y ordenado. Se han implementado medidas de higiene y seguridad para prevenir contagios de enfermedades respiratorias.<\/p>\n<\/p>\n<p>&nbsp;<\/p>\n<p style=\"text-align: justify;\" data-sourcepos=\"27:1-27:184\">\u00a1Les deseamos mucho \u00e9xito en este nuevo camino! Este nuevo ciclo escolar representa una oportunidad para que los estudiantes adquieran nuevos conocimientos, habilidades y experiencias.<\/p>\n<\/p>\n<p>&nbsp;<\/p>\n<p style=\"text-align: center;\" data-sourcepos=\"27:1-27:184\"><em><strong>\u00a1Informaci\u00f3n que transforma!<\/strong><\/em><\/p>\n","protected":false},"excerpt":{"rendered":"<p>Este viernes 10 de enero, miles de estudiantes queretanos vuelven a las aulas para iniciar el nuevo ciclo escolar. Seg\u00fan datos de la USEBEQ, m\u00e1s de 668 mil alumnos de educaci\u00f3n b\u00e1sica, media superior y superior retomar\u00e1n sus actividades acad\u00e9micas.<\/p>\n","protected":false},"author":3,"featured_media":9472,"comment_status":"open","ping_status":"open","sticky":false,"template":"","format":"standard","meta":{"footnotes":""},"categories":[42,58],"tags":[173,3020,133,182],"class_list":["post-9471","post","type-post","status-publish","format-standard","has-post-thumbnail","hentry","category-estado","category-ultima-hora","tag-educacion","tag-nuevocicloescolar","tag-queretaro","tag-regresoaclases"],"yoast_head":"<!-- This site is optimized with the Yoast SEO plugin v25.0 - https:\/\/yoast.com\/wordpress\/plugins\/seo\/ -->\n<title>Quer\u00e9taro arranca el ciclo escolar 2025 con el regreso de m\u00e1s de 668 mil estudiante | Nexo Informativo Santiago de Quer\u00e9taro<\/title>\n<meta name=\"description\" content=\"Quer\u00e9taro arranca el ciclo escolar 2025 con el regreso de m\u00e1s de 668 mil estudiante\" \/>\n<meta name=\"robots\" content=\"index, follow, max-snippet:-1, max-image-preview:large, max-video-preview:-1\" \/>\n<link rel=\"canonical\" href=\"https:\/\/www.nexoinformativo.mx\/index.php\/2025\/01\/07\/queretaro-arranca-el-ciclo-escolar-2025-con-el-regreso-de-mas-de-668-mil-estudiante\/\" \/>\n<meta property=\"og:locale\" content=\"es_MX\" \/>\n<meta property=\"og:type\" content=\"article\" \/>\n<meta property=\"og:title\" content=\"Quer\u00e9taro arranca el ciclo escolar 2025 con el regreso de m\u00e1s de 668 mil estudiante | Nexo Informativo Santiago de Quer\u00e9taro\" \/>\n<meta property=\"og:description\" content=\"Quer\u00e9taro arranca el ciclo escolar 2025 con el regreso de m\u00e1s de 668 mil estudiante\" \/>\n<meta property=\"og:url\" content=\"https:\/\/www.nexoinformativo.mx\/index.php\/2025\/01\/07\/queretaro-arranca-el-ciclo-escolar-2025-con-el-regreso-de-mas-de-668-mil-estudiante\/\" \/>\n<meta property=\"og:site_name\" content=\"Nexo Informativo Santiago de Quer\u00e9taro\" \/>\n<meta property=\"article:publisher\" content=\"https:\/\/www.facebook.com\/people\/Nexo-Informativo\/61564066885511\/\" \/>\n<meta property=\"article:published_time\" content=\"2025-01-07T20:00:39+00:00\" \/>\n<meta property=\"article:modified_time\" content=\"2025-01-08T00:35:06+00:00\" \/>\n<meta property=\"og:image\" content=\"https:\/\/www.nexoinformativo.mx\/wp-content\/uploads\/2025\/01\/PHOTO-2025-01-07-11-38-30-e1736296453741.jpg\" \/>\n\t<meta property=\"og:image:width\" content=\"700\" \/>\n\t<meta property=\"og:image:height\" content=\"700\" \/>\n\t<meta property=\"og:image:type\" content=\"image\/jpeg\" \/>\n<meta name=\"author\" content=\"Nexo Informativo\" \/>\n<meta name=\"twitter:card\" content=\"summary_large_image\" \/>\n<meta name=\"twitter:label1\" content=\"Escrito por\" \/>\n\t<meta name=\"twitter:data1\" content=\"Nexo Informativo\" \/>\n\t<meta name=\"twitter:label2\" content=\"Tiempo de lectura\" \/>\n\t<meta name=\"twitter:data2\" content=\"2 minutos\" \/>\n<script type=\"application\/ld+json\" class=\"yoast-schema-graph\">{\"@context\":\"https:\/\/schema.org\",\"@graph\":[{\"@type\":\"Article\",\"@id\":\"https:\/\/www.nexoinformativo.mx\/index.php\/2025\/01\/07\/queretaro-arranca-el-ciclo-escolar-2025-con-el-regreso-de-mas-de-668-mil-estudiante\/#article\",\"isPartOf\":{\"@id\":\"https:\/\/www.nexoinformativo.mx\/index.php\/2025\/01\/07\/queretaro-arranca-el-ciclo-escolar-2025-con-el-regreso-de-mas-de-668-mil-estudiante\/\"},\"author\":{\"name\":\"Nexo Informativo\",\"@id\":\"https:\/\/www.nexoinformativo.mx\/#\/schema\/person\/7749d380ba08c8ca00d7bc76fd907b7d\"},\"headline\":\"Quer\u00e9taro arranca el ciclo escolar 2025 con el regreso de m\u00e1s de 668 mil estudiante\",\"datePublished\":\"2025-01-07T20:00:39+00:00\",\"dateModified\":\"2025-01-08T00:35:06+00:00\",\"mainEntityOfPage\":{\"@id\":\"https:\/\/www.nexoinformativo.mx\/index.php\/2025\/01\/07\/queretaro-arranca-el-ciclo-escolar-2025-con-el-regreso-de-mas-de-668-mil-estudiante\/\"},\"wordCount\":270,\"commentCount\":0,\"publisher\":{\"@id\":\"https:\/\/www.nexoinformativo.mx\/#organization\"},\"image\":{\"@id\":\"https:\/\/www.nexoinformativo.mx\/index.php\/2025\/01\/07\/queretaro-arranca-el-ciclo-escolar-2025-con-el-regreso-de-mas-de-668-mil-estudiante\/#primaryimage\"},\"thumbnailUrl\":\"https:\/\/www.nexoinformativo.mx\/wp-content\/uploads\/2025\/01\/PHOTO-2025-01-07-11-38-30-e1736296453741.jpg\",\"keywords\":[\"educacion\",\"NuevoCicloEscolar\",\"Quer\u00e9taro\",\"regresoaclases\"],\"articleSection\":[\"Estado\",\"\u00daltima Hora\"],\"inLanguage\":\"es\",\"potentialAction\":[{\"@type\":\"CommentAction\",\"name\":\"Comment\",\"target\":[\"https:\/\/www.nexoinformativo.mx\/index.php\/2025\/01\/07\/queretaro-arranca-el-ciclo-escolar-2025-con-el-regreso-de-mas-de-668-mil-estudiante\/#respond\"]}]},{\"@type\":\"WebPage\",\"@id\":\"https:\/\/www.nexoinformativo.mx\/index.php\/2025\/01\/07\/queretaro-arranca-el-ciclo-escolar-2025-con-el-regreso-de-mas-de-668-mil-estudiante\/\",\"url\":\"https:\/\/www.nexoinformativo.mx\/index.php\/2025\/01\/07\/queretaro-arranca-el-ciclo-escolar-2025-con-el-regreso-de-mas-de-668-mil-estudiante\/\",\"name\":\"Quer\u00e9taro arranca el ciclo escolar 2025 con el regreso de m\u00e1s de 668 mil estudiante | Nexo Informativo Santiago de Quer\u00e9taro\",\"isPartOf\":{\"@id\":\"https:\/\/www.nexoinformativo.mx\/#website\"},\"primaryImageOfPage\":{\"@id\":\"https:\/\/www.nexoinformativo.mx\/index.php\/2025\/01\/07\/queretaro-arranca-el-ciclo-escolar-2025-con-el-regreso-de-mas-de-668-mil-estudiante\/#primaryimage\"},\"image\":{\"@id\":\"https:\/\/www.nexoinformativo.mx\/index.php\/2025\/01\/07\/queretaro-arranca-el-ciclo-escolar-2025-con-el-regreso-de-mas-de-668-mil-estudiante\/#primaryimage\"},\"thumbnailUrl\":\"https:\/\/www.nexoinformativo.mx\/wp-content\/uploads\/2025\/01\/PHOTO-2025-01-07-11-38-30-e1736296453741.jpg\",\"datePublished\":\"2025-01-07T20:00:39+00:00\",\"dateModified\":\"2025-01-08T00:35:06+00:00\",\"description\":\"Quer\u00e9taro arranca el ciclo escolar 2025 con el regreso de m\u00e1s de 668 mil estudiante\",\"breadcrumb\":{\"@id\":\"https:\/\/www.nexoinformativo.mx\/index.php\/2025\/01\/07\/queretaro-arranca-el-ciclo-escolar-2025-con-el-regreso-de-mas-de-668-mil-estudiante\/#breadcrumb\"},\"inLanguage\":\"es\",\"potentialAction\":[{\"@type\":\"ReadAction\",\"target\":[\"https:\/\/www.nexoinformativo.mx\/index.php\/2025\/01\/07\/queretaro-arranca-el-ciclo-escolar-2025-con-el-regreso-de-mas-de-668-mil-estudiante\/\"]}]},{\"@type\":\"ImageObject\",\"inLanguage\":\"es\",\"@id\":\"https:\/\/www.nexoinformativo.mx\/index.php\/2025\/01\/07\/queretaro-arranca-el-ciclo-escolar-2025-con-el-regreso-de-mas-de-668-mil-estudiante\/#primaryimage\",\"url\":\"https:\/\/www.nexoinformativo.mx\/wp-content\/uploads\/2025\/01\/PHOTO-2025-01-07-11-38-30-e1736296453741.jpg\",\"contentUrl\":\"https:\/\/www.nexoinformativo.mx\/wp-content\/uploads\/2025\/01\/PHOTO-2025-01-07-11-38-30-e1736296453741.jpg\",\"width\":700,\"height\":700},{\"@type\":\"BreadcrumbList\",\"@id\":\"https:\/\/www.nexoinformativo.mx\/index.php\/2025\/01\/07\/queretaro-arranca-el-ciclo-escolar-2025-con-el-regreso-de-mas-de-668-mil-estudiante\/#breadcrumb\",\"itemListElement\":[{\"@type\":\"ListItem\",\"position\":1,\"name\":\"Inicio\",\"item\":\"https:\/\/www.nexoinformativo.mx\/\"},{\"@type\":\"ListItem\",\"position\":2,\"name\":\"Quer\u00e9taro arranca el ciclo escolar 2025 con el regreso de m\u00e1s de 668 mil estudiante\"}]},{\"@type\":\"WebSite\",\"@id\":\"https:\/\/www.nexoinformativo.mx\/#website\",\"url\":\"https:\/\/www.nexoinformativo.mx\/\",\"name\":\"Nexo Informativo Santiago de Quer\u00e9taro\",\"description\":\"Explora NexoInformativo y convi\u00e9rtete en parte de una comunidad que valora el conocimiento y la verdad. Tu nexoinformativo es tu puente hacia una comprensi\u00f3n m\u00e1s profunda del mundo que te rodea.\",\"publisher\":{\"@id\":\"https:\/\/www.nexoinformativo.mx\/#organization\"},\"potentialAction\":[{\"@type\":\"SearchAction\",\"target\":{\"@type\":\"EntryPoint\",\"urlTemplate\":\"https:\/\/www.nexoinformativo.mx\/?s={search_term_string}\"},\"query-input\":{\"@type\":\"PropertyValueSpecification\",\"valueRequired\":true,\"valueName\":\"search_term_string\"}}],\"inLanguage\":\"es\"},{\"@type\":\"Organization\",\"@id\":\"https:\/\/www.nexoinformativo.mx\/#organization\",\"name\":\"Nexo Informativo Santiago de Quer\u00e9taro\",\"url\":\"https:\/\/www.nexoinformativo.mx\/\",\"logo\":{\"@type\":\"ImageObject\",\"inLanguage\":\"es\",\"@id\":\"https:\/\/www.nexoinformativo.mx\/#\/schema\/logo\/image\/\",\"url\":\"https:\/\/www.nexoinformativo.mx\/wp-content\/uploads\/2024\/07\/nexoi-trasparente-2.png\",\"contentUrl\":\"https:\/\/www.nexoinformativo.mx\/wp-content\/uploads\/2024\/07\/nexoi-trasparente-2.png\",\"width\":816,\"height\":339,\"caption\":\"Nexo Informativo Santiago de Quer\u00e9taro\"},\"image\":{\"@id\":\"https:\/\/www.nexoinformativo.mx\/#\/schema\/logo\/image\/\"},\"sameAs\":[\"https:\/\/www.facebook.com\/people\/Nexo-Informativo\/61564066885511\/\"]},{\"@type\":\"Person\",\"@id\":\"https:\/\/www.nexoinformativo.mx\/#\/schema\/person\/7749d380ba08c8ca00d7bc76fd907b7d\",\"name\":\"Nexo Informativo\",\"image\":{\"@type\":\"ImageObject\",\"inLanguage\":\"es\",\"@id\":\"https:\/\/www.nexoinformativo.mx\/#\/schema\/person\/image\/\",\"url\":\"https:\/\/secure.gravatar.com\/avatar\/dde2928154642a13d95f87ddf1ea9718fe2b46760a005c53e41ff5ad610704e6?s=96&d=mm&r=g\",\"contentUrl\":\"https:\/\/secure.gravatar.com\/avatar\/dde2928154642a13d95f87ddf1ea9718fe2b46760a005c53e41ff5ad610704e6?s=96&d=mm&r=g\",\"caption\":\"Nexo Informativo\"},\"url\":\"https:\/\/www.nexoinformativo.mx\/index.php\/author\/edicion\/\"}]}<\/script>\n<!-- \/ Yoast SEO plugin. -->","yoast_head_json":{"title":"Quer\u00e9taro arranca el ciclo escolar 2025 con el regreso de m\u00e1s de 668 mil estudiante | Nexo Informativo Santiago de Quer\u00e9taro","description":"Quer\u00e9taro arranca el ciclo escolar 2025 con el regreso de m\u00e1s de 668 mil estudiante","robots":{"index":"index","follow":"follow","max-snippet":"max-snippet:-1","max-image-preview":"max-image-preview:large","max-video-preview":"max-video-preview:-1"},"canonical":"https:\/\/www.nexoinformativo.mx\/index.php\/2025\/01\/07\/queretaro-arranca-el-ciclo-escolar-2025-con-el-regreso-de-mas-de-668-mil-estudiante\/","og_locale":"es_MX","og_type":"article","og_title":"Quer\u00e9taro arranca el ciclo escolar 2025 con el regreso de m\u00e1s de 668 mil estudiante | Nexo Informativo Santiago de Quer\u00e9taro","og_description":"Quer\u00e9taro arranca el ciclo escolar 2025 con el regreso de m\u00e1s de 668 mil estudiante","og_url":"https:\/\/www.nexoinformativo.mx\/index.php\/2025\/01\/07\/queretaro-arranca-el-ciclo-escolar-2025-con-el-regreso-de-mas-de-668-mil-estudiante\/","og_site_name":"Nexo Informativo Santiago de Quer\u00e9taro","article_publisher":"https:\/\/www.facebook.com\/people\/Nexo-Informativo\/61564066885511\/","article_published_time":"2025-01-07T20:00:39+00:00","article_modified_time":"2025-01-08T00:35:06+00:00","og_image":[{"width":700,"height":700,"url":"https:\/\/www.nexoinformativo.mx\/wp-content\/uploads\/2025\/01\/PHOTO-2025-01-07-11-38-30-e1736296453741.jpg","type":"image\/jpeg"}],"author":"Nexo Informativo","twitter_card":"summary_large_image","twitter_misc":{"Escrito por":"Nexo Informativo","Tiempo de lectura":"2 minutos"},"schema":{"@context":"https:\/\/schema.org","@graph":[{"@type":"Article","@id":"https:\/\/www.nexoinformativo.mx\/index.php\/2025\/01\/07\/queretaro-arranca-el-ciclo-escolar-2025-con-el-regreso-de-mas-de-668-mil-estudiante\/#article","isPartOf":{"@id":"https:\/\/www.nexoinformativo.mx\/index.php\/2025\/01\/07\/queretaro-arranca-el-ciclo-escolar-2025-con-el-regreso-de-mas-de-668-mil-estudiante\/"},"author":{"name":"Nexo Informativo","@id":"https:\/\/www.nexoinformativo.mx\/#\/schema\/person\/7749d380ba08c8ca00d7bc76fd907b7d"},"headline":"Quer\u00e9taro arranca el ciclo escolar 2025 con el regreso de m\u00e1s de 668 mil estudiante","datePublished":"2025-01-07T20:00:39+00:00","dateModified":"2025-01-08T00:35:06+00:00","mainEntityOfPage":{"@id":"https:\/\/www.nexoinformativo.mx\/index.php\/2025\/01\/07\/queretaro-arranca-el-ciclo-escolar-2025-con-el-regreso-de-mas-de-668-mil-estudiante\/"},"wordCount":270,"commentCount":0,"publisher":{"@id":"https:\/\/www.nexoinformativo.mx\/#organization"},"image":{"@id":"https:\/\/www.nexoinformativo.mx\/index.php\/2025\/01\/07\/queretaro-arranca-el-ciclo-escolar-2025-con-el-regreso-de-mas-de-668-mil-estudiante\/#primaryimage"},"thumbnailUrl":"https:\/\/www.nexoinformativo.mx\/wp-content\/uploads\/2025\/01\/PHOTO-2025-01-07-11-38-30-e1736296453741.jpg","keywords":["educacion","NuevoCicloEscolar","Quer\u00e9taro","regresoaclases"],"articleSection":["Estado","\u00daltima Hora"],"inLanguage":"es","potentialAction":[{"@type":"CommentAction","name":"Comment","target":["https:\/\/www.nexoinformativo.mx\/index.php\/2025\/01\/07\/queretaro-arranca-el-ciclo-escolar-2025-con-el-regreso-de-mas-de-668-mil-estudiante\/#respond"]}]},{"@type":"WebPage","@id":"https:\/\/www.nexoinformativo.mx\/index.php\/2025\/01\/07\/queretaro-arranca-el-ciclo-escolar-2025-con-el-regreso-de-mas-de-668-mil-estudiante\/","url":"https:\/\/www.nexoinformativo.mx\/index.php\/2025\/01\/07\/queretaro-arranca-el-ciclo-escolar-2025-con-el-regreso-de-mas-de-668-mil-estudiante\/","name":"Quer\u00e9taro arranca el ciclo escolar 2025 con el regreso de m\u00e1s de 668 mil estudiante | Nexo Informativo Santiago de Quer\u00e9taro","isPartOf":{"@id":"https:\/\/www.nexoinformativo.mx\/#website"},"primaryImageOfPage":{"@id":"https:\/\/www.nexoinformativo.mx\/index.php\/2025\/01\/07\/queretaro-arranca-el-ciclo-escolar-2025-con-el-regreso-de-mas-de-668-mil-estudiante\/#primaryimage"},"image":{"@id":"https:\/\/www.nexoinformativo.mx\/index.php\/2025\/01\/07\/queretaro-arranca-el-ciclo-escolar-2025-con-el-regreso-de-mas-de-668-mil-estudiante\/#primaryimage"},"thumbnailUrl":"https:\/\/www.nexoinformativo.mx\/wp-content\/uploads\/2025\/01\/PHOTO-2025-01-07-11-38-30-e1736296453741.jpg","datePublished":"2025-01-07T20:00:39+00:00","dateModified":"2025-01-08T00:35:06+00:00","description":"Quer\u00e9taro arranca el ciclo escolar 2025 con el regreso de m\u00e1s de 668 mil estudiante","breadcrumb":{"@id":"https:\/\/www.nexoinformativo.mx\/index.php\/2025\/01\/07\/queretaro-arranca-el-ciclo-escolar-2025-con-el-regreso-de-mas-de-668-mil-estudiante\/#breadcrumb"},"inLanguage":"es","potentialAction":[{"@type":"ReadAction","target":["https:\/\/www.nexoinformativo.mx\/index.php\/2025\/01\/07\/queretaro-arranca-el-ciclo-escolar-2025-con-el-regreso-de-mas-de-668-mil-estudiante\/"]}]},{"@type":"ImageObject","inLanguage":"es","@id":"https:\/\/www.nexoinformativo.mx\/index.php\/2025\/01\/07\/queretaro-arranca-el-ciclo-escolar-2025-con-el-regreso-de-mas-de-668-mil-estudiante\/#primaryimage","url":"https:\/\/www.nexoinformativo.mx\/wp-content\/uploads\/2025\/01\/PHOTO-2025-01-07-11-38-30-e1736296453741.jpg","contentUrl":"https:\/\/www.nexoinformativo.mx\/wp-content\/uploads\/2025\/01\/PHOTO-2025-01-07-11-38-30-e1736296453741.jpg","width":700,"height":700},{"@type":"BreadcrumbList","@id":"https:\/\/www.nexoinformativo.mx\/index.php\/2025\/01\/07\/queretaro-arranca-el-ciclo-escolar-2025-con-el-regreso-de-mas-de-668-mil-estudiante\/#breadcrumb","itemListElement":[{"@type":"ListItem","position":1,"name":"Inicio","item":"https:\/\/www.nexoinformativo.mx\/"},{"@type":"ListItem","position":2,"name":"Quer\u00e9taro arranca el ciclo escolar 2025 con el regreso de m\u00e1s de 668 mil estudiante"}]},{"@type":"WebSite","@id":"https:\/\/www.nexoinformativo.mx\/#website","url":"https:\/\/www.nexoinformativo.mx\/","name":"Nexo Informativo Santiago de Quer\u00e9taro","description":"Explora NexoInformativo y convi\u00e9rtete en parte de una comunidad que valora el conocimiento y la verdad. Tu nexoinformativo es tu puente hacia una comprensi\u00f3n m\u00e1s profunda del mundo que te rodea.","publisher":{"@id":"https:\/\/www.nexoinformativo.mx\/#organization"},"potentialAction":[{"@type":"SearchAction","target":{"@type":"EntryPoint","urlTemplate":"https:\/\/www.nexoinformativo.mx\/?s={search_term_string}"},"query-input":{"@type":"PropertyValueSpecification","valueRequired":true,"valueName":"search_term_string"}}],"inLanguage":"es"},{"@type":"Organization","@id":"https:\/\/www.nexoinformativo.mx\/#organization","name":"Nexo Informativo Santiago de Quer\u00e9taro","url":"https:\/\/www.nexoinformativo.mx\/","logo":{"@type":"ImageObject","inLanguage":"es","@id":"https:\/\/www.nexoinformativo.mx\/#\/schema\/logo\/image\/","url":"https:\/\/www.nexoinformativo.mx\/wp-content\/uploads\/2024\/07\/nexoi-trasparente-2.png","contentUrl":"https:\/\/www.nexoinformativo.mx\/wp-content\/uploads\/2024\/07\/nexoi-trasparente-2.png","width":816,"height":339,"caption":"Nexo Informativo Santiago de Quer\u00e9taro"},"image":{"@id":"https:\/\/www.nexoinformativo.mx\/#\/schema\/logo\/image\/"},"sameAs":["https:\/\/www.facebook.com\/people\/Nexo-Informativo\/61564066885511\/"]},{"@type":"Person","@id":"https:\/\/www.nexoinformativo.mx\/#\/schema\/person\/7749d380ba08c8ca00d7bc76fd907b7d","name":"Nexo Informativo","image":{"@type":"ImageObject","inLanguage":"es","@id":"https:\/\/www.nexoinformativo.mx\/#\/schema\/person\/image\/","url":"https:\/\/secure.gravatar.com\/avatar\/dde2928154642a13d95f87ddf1ea9718fe2b46760a005c53e41ff5ad610704e6?s=96&d=mm&r=g","contentUrl":"https:\/\/secure.gravatar.com\/avatar\/dde2928154642a13d95f87ddf1ea9718fe2b46760a005c53e41ff5ad610704e6?s=96&d=mm&r=g","caption":"Nexo Informativo"},"url":"https:\/\/www.nexoinformativo.mx\/index.php\/author\/edicion\/"}]}},"_links":{"self":[{"href":"https:\/\/www.nexoinformativo.mx\/index.php\/wp-json\/wp\/v2\/posts\/9471","targetHints":{"allow":["GET"]}}],"collection":[{"href":"https:\/\/www.nexoinformativo.mx\/index.php\/wp-json\/wp\/v2\/posts"}],"about":[{"href":"https:\/\/www.nexoinformativo.mx\/index.php\/wp-json\/wp\/v2\/types\/post"}],"author":[{"embeddable":true,"href":"https:\/\/www.nexoinformativo.mx\/index.php\/wp-json\/wp\/v2\/users\/3"}],"replies":[{"embeddable":true,"href":"https:\/\/www.nexoinformativo.mx\/index.php\/wp-json\/wp\/v2\/comments?post=9471"}],"version-history":[{"count":3,"href":"https:\/\/www.nexoinformativo.mx\/index.php\/wp-json\/wp\/v2\/posts\/9471\/revisions"}],"predecessor-version":[{"id":9475,"href":"https:\/\/www.nexoinformativo.mx\/index.php\/wp-json\/wp\/v2\/posts\/9471\/revisions\/9475"}],"wp:featuredmedia":[{"embeddable":true,"href":"https:\/\/www.nexoinformativo.mx\/index.php\/wp-json\/wp\/v2\/media\/9472"}],"wp:attachment":[{"href":"https:\/\/www.nexoinformativo.mx\/index.php\/wp-json\/wp\/v2\/media?parent=9471"}],"wp:term":[{"taxonomy":"category","embeddable":true,"href":"https:\/\/www.nexoinformativo.mx\/index.php\/wp-json\/wp\/v2\/categories?post=9471"},{"taxonomy":"post_tag","embeddable":true,"href":"https:\/\/www.nexoinformativo.mx\/index.php\/wp-json\/wp\/v2\/tags?post=9471"}],"curies":[{"name":"wp","href":"https:\/\/api.w.org\/{rel}","templated":true}]}}