{"id":9476,"date":"2025-01-07T14:30:22","date_gmt":"2025-01-07T20:30:22","guid":{"rendered":"https:\/\/www.nexoinformativo.mx\/?p=9476"},"modified":"2025-01-07T20:01:19","modified_gmt":"2025-01-08T02:01:19","slug":"queretaro-brilla-como-segundo-destino-turistico-sin-playa-mas-visitado-del-pais","status":"publish","type":"post","link":"https:\/\/www.nexoinformativo.mx\/index.php\/2025\/01\/07\/queretaro-brilla-como-segundo-destino-turistico-sin-playa-mas-visitado-del-pais\/","title":{"rendered":"Quer\u00e9taro se consolida como 2do destino tur\u00edstico sin playa m\u00e1s visitado del pa\u00eds"},"content":{"rendered":"<p style=\"text-align: justify;\" data-sourcepos=\"11:1-11:369\">La ciudad de Quer\u00e9taro consolid\u00f3 su posici\u00f3n como uno de los destinos tur\u00edsticos m\u00e1s atractivos del pa\u00eds, al registrar una derrama econ\u00f3mica de 1,506 millones de pesos durante el mes de diciembre.<\/p>\n<p>&nbsp;<\/p>\n<p style=\"text-align: justify;\" data-sourcepos=\"11:1-11:369\">Con una ocupaci\u00f3n hotelera promedio del 60% al 65% y picos de hasta el 70% en fechas clave como Navidad y A\u00f1o Nuevo, la capital queretana recibi\u00f3 a m\u00e1s de 310 mil turistas.<\/p>\n<p>&nbsp;<\/p>\n<p style=\"text-align: justify;\" data-sourcepos=\"13:1-13:212\">El Centro Hist\u00f3rico fue el gran protagonista de la temporada, cautivando a visitantes nacionales, principalmente de estados vecinos, con su arquitectura colonial, plazas llenas de vida y una rica oferta cultural.<\/p>\n<p>&nbsp;<\/p>\n<p style=\"text-align: justify;\" data-sourcepos=\"15:1-15:201\">Mariana Ortiz, secretaria de Turismo, destac\u00f3 que estos resultados posicionan a Quer\u00e9taro como el segundo destino sin playa m\u00e1s preferido por los turistas a nivel nacional, solo superado por Chihuahua.<\/p>\n<p>&nbsp;<\/p>\n<p style=\"text-align: justify;\" data-sourcepos=\"17:1-17:300\">Nuestra riqueza cultural, hist\u00f3rica y gastron\u00f3mica, combinada con la belleza de nuestra ciudad, nos convierten en una opci\u00f3n atractiva para los visitantes.<\/p>\n<p>&nbsp;<\/p>\n<p style=\"text-align: center;\" data-sourcepos=\"17:1-17:300\"><em><strong>\u00a1Informaci\u00f3n que transforma!<\/strong><\/em><\/p>\n","protected":false},"excerpt":{"rendered":"<p>La ciudad de Quer\u00e9taro consolid\u00f3 su posici\u00f3n como uno de los destinos tur\u00edsticos m\u00e1s atractivos del pa\u00eds, al registrar una derrama econ\u00f3mica de 1,506 millones de pesos durante el mes de diciembre.<\/p>\n","protected":false},"author":3,"featured_media":9496,"comment_status":"open","ping_status":"open","sticky":false,"template":"","format":"standard","meta":{"footnotes":""},"categories":[5,42,58],"tags":[653,1610,133,1686],"class_list":["post-9476","post","type-post","status-publish","format-standard","has-post-thumbnail","hentry","category-economia","category-estado","category-ultima-hora","tag-centrohistorico","tag-mexico","tag-queretaro","tag-turismo"],"yoast_head":"<!-- This site is optimized with the Yoast SEO plugin v25.0 - https:\/\/yoast.com\/wordpress\/plugins\/seo\/ -->\n<title>Quer\u00e9taro se consolida como 2do destino tur\u00edstico sin playa m\u00e1s visitado del pa\u00eds | Nexo Informativo Santiago de Quer\u00e9taro<\/title>\n<meta name=\"description\" content=\"Quer\u00e9taro brilla como segundo destino tur\u00edstico sin playa m\u00e1s visitado del pa\u00eds\" \/>\n<meta name=\"robots\" content=\"index, follow, max-snippet:-1, max-image-preview:large, max-video-preview:-1\" \/>\n<link rel=\"canonical\" href=\"https:\/\/www.nexoinformativo.mx\/index.php\/2025\/01\/07\/queretaro-brilla-como-segundo-destino-turistico-sin-playa-mas-visitado-del-pais\/\" \/>\n<meta property=\"og:locale\" content=\"es_MX\" \/>\n<meta property=\"og:type\" content=\"article\" \/>\n<meta property=\"og:title\" content=\"Quer\u00e9taro se consolida como 2do destino tur\u00edstico sin playa m\u00e1s visitado del pa\u00eds | Nexo Informativo Santiago de Quer\u00e9taro\" \/>\n<meta property=\"og:description\" content=\"Quer\u00e9taro brilla como segundo destino tur\u00edstico sin playa m\u00e1s visitado del pa\u00eds\" \/>\n<meta property=\"og:url\" content=\"https:\/\/www.nexoinformativo.mx\/index.php\/2025\/01\/07\/queretaro-brilla-como-segundo-destino-turistico-sin-playa-mas-visitado-del-pais\/\" \/>\n<meta property=\"og:site_name\" content=\"Nexo Informativo Santiago de Quer\u00e9taro\" \/>\n<meta property=\"article:publisher\" content=\"https:\/\/www.facebook.com\/people\/Nexo-Informativo\/61564066885511\/\" \/>\n<meta property=\"article:published_time\" content=\"2025-01-07T20:30:22+00:00\" \/>\n<meta property=\"article:modified_time\" content=\"2025-01-08T02:01:19+00:00\" \/>\n<meta property=\"og:image\" content=\"https:\/\/www.nexoinformativo.mx\/wp-content\/uploads\/2025\/01\/1736301553986-e1736301661234.jpg\" \/>\n\t<meta property=\"og:image:width\" content=\"800\" \/>\n\t<meta property=\"og:image:height\" content=\"547\" \/>\n\t<meta property=\"og:image:type\" content=\"image\/jpeg\" \/>\n<meta name=\"author\" content=\"Nexo Informativo\" \/>\n<meta name=\"twitter:card\" content=\"summary_large_image\" \/>\n<meta name=\"twitter:label1\" content=\"Escrito por\" \/>\n\t<meta name=\"twitter:data1\" content=\"Nexo Informativo\" \/>\n\t<meta name=\"twitter:label2\" content=\"Tiempo de lectura\" \/>\n\t<meta name=\"twitter:data2\" content=\"1 minuto\" \/>\n<script type=\"application\/ld+json\" class=\"yoast-schema-graph\">{\"@context\":\"https:\/\/schema.org\",\"@graph\":[{\"@type\":\"Article\",\"@id\":\"https:\/\/www.nexoinformativo.mx\/index.php\/2025\/01\/07\/queretaro-brilla-como-segundo-destino-turistico-sin-playa-mas-visitado-del-pais\/#article\",\"isPartOf\":{\"@id\":\"https:\/\/www.nexoinformativo.mx\/index.php\/2025\/01\/07\/queretaro-brilla-como-segundo-destino-turistico-sin-playa-mas-visitado-del-pais\/\"},\"author\":{\"name\":\"Nexo Informativo\",\"@id\":\"https:\/\/www.nexoinformativo.mx\/#\/schema\/person\/7749d380ba08c8ca00d7bc76fd907b7d\"},\"headline\":\"Quer\u00e9taro se consolida como 2do destino tur\u00edstico sin playa m\u00e1s visitado del pa\u00eds\",\"datePublished\":\"2025-01-07T20:30:22+00:00\",\"dateModified\":\"2025-01-08T02:01:19+00:00\",\"mainEntityOfPage\":{\"@id\":\"https:\/\/www.nexoinformativo.mx\/index.php\/2025\/01\/07\/queretaro-brilla-como-segundo-destino-turistico-sin-playa-mas-visitado-del-pais\/\"},\"wordCount\":184,\"commentCount\":0,\"publisher\":{\"@id\":\"https:\/\/www.nexoinformativo.mx\/#organization\"},\"image\":{\"@id\":\"https:\/\/www.nexoinformativo.mx\/index.php\/2025\/01\/07\/queretaro-brilla-como-segundo-destino-turistico-sin-playa-mas-visitado-del-pais\/#primaryimage\"},\"thumbnailUrl\":\"https:\/\/www.nexoinformativo.mx\/wp-content\/uploads\/2025\/01\/1736301553986-e1736301661234.jpg\",\"keywords\":[\"CentroHist\u00f3rico\",\"M\u00e9xico\",\"Quer\u00e9taro\",\"Turismo\"],\"articleSection\":[\"Econom\u00eda\",\"Estado\",\"\u00daltima Hora\"],\"inLanguage\":\"es\",\"potentialAction\":[{\"@type\":\"CommentAction\",\"name\":\"Comment\",\"target\":[\"https:\/\/www.nexoinformativo.mx\/index.php\/2025\/01\/07\/queretaro-brilla-como-segundo-destino-turistico-sin-playa-mas-visitado-del-pais\/#respond\"]}]},{\"@type\":\"WebPage\",\"@id\":\"https:\/\/www.nexoinformativo.mx\/index.php\/2025\/01\/07\/queretaro-brilla-como-segundo-destino-turistico-sin-playa-mas-visitado-del-pais\/\",\"url\":\"https:\/\/www.nexoinformativo.mx\/index.php\/2025\/01\/07\/queretaro-brilla-como-segundo-destino-turistico-sin-playa-mas-visitado-del-pais\/\",\"name\":\"Quer\u00e9taro se consolida como 2do destino tur\u00edstico sin playa m\u00e1s visitado del pa\u00eds | Nexo Informativo Santiago de Quer\u00e9taro\",\"isPartOf\":{\"@id\":\"https:\/\/www.nexoinformativo.mx\/#website\"},\"primaryImageOfPage\":{\"@id\":\"https:\/\/www.nexoinformativo.mx\/index.php\/2025\/01\/07\/queretaro-brilla-como-segundo-destino-turistico-sin-playa-mas-visitado-del-pais\/#primaryimage\"},\"image\":{\"@id\":\"https:\/\/www.nexoinformativo.mx\/index.php\/2025\/01\/07\/queretaro-brilla-como-segundo-destino-turistico-sin-playa-mas-visitado-del-pais\/#primaryimage\"},\"thumbnailUrl\":\"https:\/\/www.nexoinformativo.mx\/wp-content\/uploads\/2025\/01\/1736301553986-e1736301661234.jpg\",\"datePublished\":\"2025-01-07T20:30:22+00:00\",\"dateModified\":\"2025-01-08T02:01:19+00:00\",\"description\":\"Quer\u00e9taro brilla como segundo destino tur\u00edstico sin playa m\u00e1s visitado del pa\u00eds\",\"breadcrumb\":{\"@id\":\"https:\/\/www.nexoinformativo.mx\/index.php\/2025\/01\/07\/queretaro-brilla-como-segundo-destino-turistico-sin-playa-mas-visitado-del-pais\/#breadcrumb\"},\"inLanguage\":\"es\",\"potentialAction\":[{\"@type\":\"ReadAction\",\"target\":[\"https:\/\/www.nexoinformativo.mx\/index.php\/2025\/01\/07\/queretaro-brilla-como-segundo-destino-turistico-sin-playa-mas-visitado-del-pais\/\"]}]},{\"@type\":\"ImageObject\",\"inLanguage\":\"es\",\"@id\":\"https:\/\/www.nexoinformativo.mx\/index.php\/2025\/01\/07\/queretaro-brilla-como-segundo-destino-turistico-sin-playa-mas-visitado-del-pais\/#primaryimage\",\"url\":\"https:\/\/www.nexoinformativo.mx\/wp-content\/uploads\/2025\/01\/1736301553986-e1736301661234.jpg\",\"contentUrl\":\"https:\/\/www.nexoinformativo.mx\/wp-content\/uploads\/2025\/01\/1736301553986-e1736301661234.jpg\",\"width\":800,\"height\":547},{\"@type\":\"BreadcrumbList\",\"@id\":\"https:\/\/www.nexoinformativo.mx\/index.php\/2025\/01\/07\/queretaro-brilla-como-segundo-destino-turistico-sin-playa-mas-visitado-del-pais\/#breadcrumb\",\"itemListElement\":[{\"@type\":\"ListItem\",\"position\":1,\"name\":\"Inicio\",\"item\":\"https:\/\/www.nexoinformativo.mx\/\"},{\"@type\":\"ListItem\",\"position\":2,\"name\":\"Quer\u00e9taro se consolida como 2do destino tur\u00edstico sin playa m\u00e1s visitado del pa\u00eds\"}]},{\"@type\":\"WebSite\",\"@id\":\"https:\/\/www.nexoinformativo.mx\/#website\",\"url\":\"https:\/\/www.nexoinformativo.mx\/\",\"name\":\"Nexo Informativo Santiago de Quer\u00e9taro\",\"description\":\"Explora NexoInformativo y convi\u00e9rtete en parte de una comunidad que valora el conocimiento y la verdad. Tu nexoinformativo es tu puente hacia una comprensi\u00f3n m\u00e1s profunda del mundo que te rodea.\",\"publisher\":{\"@id\":\"https:\/\/www.nexoinformativo.mx\/#organization\"},\"potentialAction\":[{\"@type\":\"SearchAction\",\"target\":{\"@type\":\"EntryPoint\",\"urlTemplate\":\"https:\/\/www.nexoinformativo.mx\/?s={search_term_string}\"},\"query-input\":{\"@type\":\"PropertyValueSpecification\",\"valueRequired\":true,\"valueName\":\"search_term_string\"}}],\"inLanguage\":\"es\"},{\"@type\":\"Organization\",\"@id\":\"https:\/\/www.nexoinformativo.mx\/#organization\",\"name\":\"Nexo Informativo Santiago de Quer\u00e9taro\",\"url\":\"https:\/\/www.nexoinformativo.mx\/\",\"logo\":{\"@type\":\"ImageObject\",\"inLanguage\":\"es\",\"@id\":\"https:\/\/www.nexoinformativo.mx\/#\/schema\/logo\/image\/\",\"url\":\"https:\/\/www.nexoinformativo.mx\/wp-content\/uploads\/2024\/07\/nexoi-trasparente-2.png\",\"contentUrl\":\"https:\/\/www.nexoinformativo.mx\/wp-content\/uploads\/2024\/07\/nexoi-trasparente-2.png\",\"width\":816,\"height\":339,\"caption\":\"Nexo Informativo Santiago de Quer\u00e9taro\"},\"image\":{\"@id\":\"https:\/\/www.nexoinformativo.mx\/#\/schema\/logo\/image\/\"},\"sameAs\":[\"https:\/\/www.facebook.com\/people\/Nexo-Informativo\/61564066885511\/\"]},{\"@type\":\"Person\",\"@id\":\"https:\/\/www.nexoinformativo.mx\/#\/schema\/person\/7749d380ba08c8ca00d7bc76fd907b7d\",\"name\":\"Nexo Informativo\",\"image\":{\"@type\":\"ImageObject\",\"inLanguage\":\"es\",\"@id\":\"https:\/\/www.nexoinformativo.mx\/#\/schema\/person\/image\/\",\"url\":\"https:\/\/secure.gravatar.com\/avatar\/dde2928154642a13d95f87ddf1ea9718fe2b46760a005c53e41ff5ad610704e6?s=96&d=mm&r=g\",\"contentUrl\":\"https:\/\/secure.gravatar.com\/avatar\/dde2928154642a13d95f87ddf1ea9718fe2b46760a005c53e41ff5ad610704e6?s=96&d=mm&r=g\",\"caption\":\"Nexo Informativo\"},\"url\":\"https:\/\/www.nexoinformativo.mx\/index.php\/author\/edicion\/\"}]}<\/script>\n<!-- \/ Yoast SEO plugin. -->","yoast_head_json":{"title":"Quer\u00e9taro se consolida como 2do destino tur\u00edstico sin playa m\u00e1s visitado del pa\u00eds | Nexo Informativo Santiago de Quer\u00e9taro","description":"Quer\u00e9taro brilla como segundo destino tur\u00edstico sin playa m\u00e1s visitado del pa\u00eds","robots":{"index":"index","follow":"follow","max-snippet":"max-snippet:-1","max-image-preview":"max-image-preview:large","max-video-preview":"max-video-preview:-1"},"canonical":"https:\/\/www.nexoinformativo.mx\/index.php\/2025\/01\/07\/queretaro-brilla-como-segundo-destino-turistico-sin-playa-mas-visitado-del-pais\/","og_locale":"es_MX","og_type":"article","og_title":"Quer\u00e9taro se consolida como 2do destino tur\u00edstico sin playa m\u00e1s visitado del pa\u00eds | Nexo Informativo Santiago de Quer\u00e9taro","og_description":"Quer\u00e9taro brilla como segundo destino tur\u00edstico sin playa m\u00e1s visitado del pa\u00eds","og_url":"https:\/\/www.nexoinformativo.mx\/index.php\/2025\/01\/07\/queretaro-brilla-como-segundo-destino-turistico-sin-playa-mas-visitado-del-pais\/","og_site_name":"Nexo Informativo Santiago de Quer\u00e9taro","article_publisher":"https:\/\/www.facebook.com\/people\/Nexo-Informativo\/61564066885511\/","article_published_time":"2025-01-07T20:30:22+00:00","article_modified_time":"2025-01-08T02:01:19+00:00","og_image":[{"width":800,"height":547,"url":"https:\/\/www.nexoinformativo.mx\/wp-content\/uploads\/2025\/01\/1736301553986-e1736301661234.jpg","type":"image\/jpeg"}],"author":"Nexo Informativo","twitter_card":"summary_large_image","twitter_misc":{"Escrito por":"Nexo Informativo","Tiempo de lectura":"1 minuto"},"schema":{"@context":"https:\/\/schema.org","@graph":[{"@type":"Article","@id":"https:\/\/www.nexoinformativo.mx\/index.php\/2025\/01\/07\/queretaro-brilla-como-segundo-destino-turistico-sin-playa-mas-visitado-del-pais\/#article","isPartOf":{"@id":"https:\/\/www.nexoinformativo.mx\/index.php\/2025\/01\/07\/queretaro-brilla-como-segundo-destino-turistico-sin-playa-mas-visitado-del-pais\/"},"author":{"name":"Nexo Informativo","@id":"https:\/\/www.nexoinformativo.mx\/#\/schema\/person\/7749d380ba08c8ca00d7bc76fd907b7d"},"headline":"Quer\u00e9taro se consolida como 2do destino tur\u00edstico sin playa m\u00e1s visitado del pa\u00eds","datePublished":"2025-01-07T20:30:22+00:00","dateModified":"2025-01-08T02:01:19+00:00","mainEntityOfPage":{"@id":"https:\/\/www.nexoinformativo.mx\/index.php\/2025\/01\/07\/queretaro-brilla-como-segundo-destino-turistico-sin-playa-mas-visitado-del-pais\/"},"wordCount":184,"commentCount":0,"publisher":{"@id":"https:\/\/www.nexoinformativo.mx\/#organization"},"image":{"@id":"https:\/\/www.nexoinformativo.mx\/index.php\/2025\/01\/07\/queretaro-brilla-como-segundo-destino-turistico-sin-playa-mas-visitado-del-pais\/#primaryimage"},"thumbnailUrl":"https:\/\/www.nexoinformativo.mx\/wp-content\/uploads\/2025\/01\/1736301553986-e1736301661234.jpg","keywords":["CentroHist\u00f3rico","M\u00e9xico","Quer\u00e9taro","Turismo"],"articleSection":["Econom\u00eda","Estado","\u00daltima Hora"],"inLanguage":"es","potentialAction":[{"@type":"CommentAction","name":"Comment","target":["https:\/\/www.nexoinformativo.mx\/index.php\/2025\/01\/07\/queretaro-brilla-como-segundo-destino-turistico-sin-playa-mas-visitado-del-pais\/#respond"]}]},{"@type":"WebPage","@id":"https:\/\/www.nexoinformativo.mx\/index.php\/2025\/01\/07\/queretaro-brilla-como-segundo-destino-turistico-sin-playa-mas-visitado-del-pais\/","url":"https:\/\/www.nexoinformativo.mx\/index.php\/2025\/01\/07\/queretaro-brilla-como-segundo-destino-turistico-sin-playa-mas-visitado-del-pais\/","name":"Quer\u00e9taro se consolida como 2do destino tur\u00edstico sin playa m\u00e1s visitado del pa\u00eds | Nexo Informativo Santiago de Quer\u00e9taro","isPartOf":{"@id":"https:\/\/www.nexoinformativo.mx\/#website"},"primaryImageOfPage":{"@id":"https:\/\/www.nexoinformativo.mx\/index.php\/2025\/01\/07\/queretaro-brilla-como-segundo-destino-turistico-sin-playa-mas-visitado-del-pais\/#primaryimage"},"image":{"@id":"https:\/\/www.nexoinformativo.mx\/index.php\/2025\/01\/07\/queretaro-brilla-como-segundo-destino-turistico-sin-playa-mas-visitado-del-pais\/#primaryimage"},"thumbnailUrl":"https:\/\/www.nexoinformativo.mx\/wp-content\/uploads\/2025\/01\/1736301553986-e1736301661234.jpg","datePublished":"2025-01-07T20:30:22+00:00","dateModified":"2025-01-08T02:01:19+00:00","description":"Quer\u00e9taro brilla como segundo destino tur\u00edstico sin playa m\u00e1s visitado del pa\u00eds","breadcrumb":{"@id":"https:\/\/www.nexoinformativo.mx\/index.php\/2025\/01\/07\/queretaro-brilla-como-segundo-destino-turistico-sin-playa-mas-visitado-del-pais\/#breadcrumb"},"inLanguage":"es","potentialAction":[{"@type":"ReadAction","target":["https:\/\/www.nexoinformativo.mx\/index.php\/2025\/01\/07\/queretaro-brilla-como-segundo-destino-turistico-sin-playa-mas-visitado-del-pais\/"]}]},{"@type":"ImageObject","inLanguage":"es","@id":"https:\/\/www.nexoinformativo.mx\/index.php\/2025\/01\/07\/queretaro-brilla-como-segundo-destino-turistico-sin-playa-mas-visitado-del-pais\/#primaryimage","url":"https:\/\/www.nexoinformativo.mx\/wp-content\/uploads\/2025\/01\/1736301553986-e1736301661234.jpg","contentUrl":"https:\/\/www.nexoinformativo.mx\/wp-content\/uploads\/2025\/01\/1736301553986-e1736301661234.jpg","width":800,"height":547},{"@type":"BreadcrumbList","@id":"https:\/\/www.nexoinformativo.mx\/index.php\/2025\/01\/07\/queretaro-brilla-como-segundo-destino-turistico-sin-playa-mas-visitado-del-pais\/#breadcrumb","itemListElement":[{"@type":"ListItem","position":1,"name":"Inicio","item":"https:\/\/www.nexoinformativo.mx\/"},{"@type":"ListItem","position":2,"name":"Quer\u00e9taro se consolida como 2do destino tur\u00edstico sin playa m\u00e1s visitado del pa\u00eds"}]},{"@type":"WebSite","@id":"https:\/\/www.nexoinformativo.mx\/#website","url":"https:\/\/www.nexoinformativo.mx\/","name":"Nexo Informativo Santiago de Quer\u00e9taro","description":"Explora NexoInformativo y convi\u00e9rtete en parte de una comunidad que valora el conocimiento y la verdad. Tu nexoinformativo es tu puente hacia una comprensi\u00f3n m\u00e1s profunda del mundo que te rodea.","publisher":{"@id":"https:\/\/www.nexoinformativo.mx\/#organization"},"potentialAction":[{"@type":"SearchAction","target":{"@type":"EntryPoint","urlTemplate":"https:\/\/www.nexoinformativo.mx\/?s={search_term_string}"},"query-input":{"@type":"PropertyValueSpecification","valueRequired":true,"valueName":"search_term_string"}}],"inLanguage":"es"},{"@type":"Organization","@id":"https:\/\/www.nexoinformativo.mx\/#organization","name":"Nexo Informativo Santiago de Quer\u00e9taro","url":"https:\/\/www.nexoinformativo.mx\/","logo":{"@type":"ImageObject","inLanguage":"es","@id":"https:\/\/www.nexoinformativo.mx\/#\/schema\/logo\/image\/","url":"https:\/\/www.nexoinformativo.mx\/wp-content\/uploads\/2024\/07\/nexoi-trasparente-2.png","contentUrl":"https:\/\/www.nexoinformativo.mx\/wp-content\/uploads\/2024\/07\/nexoi-trasparente-2.png","width":816,"height":339,"caption":"Nexo Informativo Santiago de Quer\u00e9taro"},"image":{"@id":"https:\/\/www.nexoinformativo.mx\/#\/schema\/logo\/image\/"},"sameAs":["https:\/\/www.facebook.com\/people\/Nexo-Informativo\/61564066885511\/"]},{"@type":"Person","@id":"https:\/\/www.nexoinformativo.mx\/#\/schema\/person\/7749d380ba08c8ca00d7bc76fd907b7d","name":"Nexo Informativo","image":{"@type":"ImageObject","inLanguage":"es","@id":"https:\/\/www.nexoinformativo.mx\/#\/schema\/person\/image\/","url":"https:\/\/secure.gravatar.com\/avatar\/dde2928154642a13d95f87ddf1ea9718fe2b46760a005c53e41ff5ad610704e6?s=96&d=mm&r=g","contentUrl":"https:\/\/secure.gravatar.com\/avatar\/dde2928154642a13d95f87ddf1ea9718fe2b46760a005c53e41ff5ad610704e6?s=96&d=mm&r=g","caption":"Nexo Informativo"},"url":"https:\/\/www.nexoinformativo.mx\/index.php\/author\/edicion\/"}]}},"_links":{"self":[{"href":"https:\/\/www.nexoinformativo.mx\/index.php\/wp-json\/wp\/v2\/posts\/9476","targetHints":{"allow":["GET"]}}],"collection":[{"href":"https:\/\/www.nexoinformativo.mx\/index.php\/wp-json\/wp\/v2\/posts"}],"about":[{"href":"https:\/\/www.nexoinformativo.mx\/index.php\/wp-json\/wp\/v2\/types\/post"}],"author":[{"embeddable":true,"href":"https:\/\/www.nexoinformativo.mx\/index.php\/wp-json\/wp\/v2\/users\/3"}],"replies":[{"embeddable":true,"href":"https:\/\/www.nexoinformativo.mx\/index.php\/wp-json\/wp\/v2\/comments?post=9476"}],"version-history":[{"count":4,"href":"https:\/\/www.nexoinformativo.mx\/index.php\/wp-json\/wp\/v2\/posts\/9476\/revisions"}],"predecessor-version":[{"id":9495,"href":"https:\/\/www.nexoinformativo.mx\/index.php\/wp-json\/wp\/v2\/posts\/9476\/revisions\/9495"}],"wp:featuredmedia":[{"embeddable":true,"href":"https:\/\/www.nexoinformativo.mx\/index.php\/wp-json\/wp\/v2\/media\/9496"}],"wp:attachment":[{"href":"https:\/\/www.nexoinformativo.mx\/index.php\/wp-json\/wp\/v2\/media?parent=9476"}],"wp:term":[{"taxonomy":"category","embeddable":true,"href":"https:\/\/www.nexoinformativo.mx\/index.php\/wp-json\/wp\/v2\/categories?post=9476"},{"taxonomy":"post_tag","embeddable":true,"href":"https:\/\/www.nexoinformativo.mx\/index.php\/wp-json\/wp\/v2\/tags?post=9476"}],"curies":[{"name":"wp","href":"https:\/\/api.w.org\/{rel}","templated":true}]}}