{"id":9481,"date":"2025-01-07T15:00:24","date_gmt":"2025-01-07T21:00:24","guid":{"rendered":"https:\/\/www.nexoinformativo.mx\/?p=9481"},"modified":"2025-01-07T20:37:09","modified_gmt":"2025-01-08T02:37:09","slug":"queretaro-responde-a-la-demanda-ciudadana-nuevos-banos-publicos-gratuitos-en-el-centro-historico","status":"publish","type":"post","link":"https:\/\/www.nexoinformativo.mx\/index.php\/2025\/01\/07\/queretaro-responde-a-la-demanda-ciudadana-nuevos-banos-publicos-gratuitos-en-el-centro-historico\/","title":{"rendered":"Quer\u00e9taro responde a la demanda ciudadana \u00a1Nuevos ba\u00f1os p\u00fablicos gratuitos en el Centro Hist\u00f3rico!"},"content":{"rendered":"<p style=\"text-align: justify;\" data-sourcepos=\"11:1-11:378\">El municipio ha anunciado la construcci\u00f3n de los primeros ba\u00f1os p\u00fablicos gratuitos en la ciudad.Estos espacios, que estar\u00e1n ubicados en la calle de Guti\u00e9rrez N\u00e1jera, cerca del Templo de la Cruz, son una respuesta a las demandas de los ciudadanos y visitantes que buscaban un servicio b\u00e1sico en esta zona.<\/p>\n<p>&nbsp;<\/p>\n<p style=\"text-align: justify;\" data-sourcepos=\"13:1-13:329\">El presidente municipal, Felifer Mac\u00edas, destac\u00f3 que esta iniciativa busca mejorar la experiencia de quienes visitan el Centro Hist\u00f3rico y brindar un servicio incluyente para todas las personas. Los ba\u00f1os contar\u00e1n con instalaciones adaptadas para personas con discapacidad y estar\u00e1n disponibles de manera gratuita.<\/p>\n<p>&nbsp;<\/p>\n<p style=\"text-align: justify;\" data-sourcepos=\"15:1-15:261\">La inversi\u00f3n inicial para este primer m\u00f3dulo es de 5 millones de pesos. Sin embargo, el municipio tiene contemplado construir al menos otros 5 ba\u00f1os p\u00fablicos en diferentes puntos del Centro Hist\u00f3rico, siempre y cuando sean en inmuebles propiedad del municipio.<\/p>\n<p>&nbsp;<\/p>\n<p style=\"text-align: justify;\" data-sourcepos=\"19:1-19:254\">Cada m\u00f3dulo contar\u00e1 con 3 ba\u00f1os para hombres, 6 mingitorios, 5 m\u00f3dulos para mujeres y uno especialmente dise\u00f1ado para personas con discapacidad. Los horarios de operaci\u00f3n a\u00fan est\u00e1n por definirse, pero se adaptar\u00e1n a la afluencia de personas en cada zona.<\/p>\n<p>&nbsp;<\/p>\n<p style=\"text-align: justify;\" data-sourcepos=\"23:1-23:257\">Esta iniciativa no solo beneficiar\u00e1 a los turistas, sino tambi\u00e9n a los vecinos y trabajadores del Centro Hist\u00f3rico, quienes podr\u00e1n acceder a un servicio b\u00e1sico de manera gratuita.<\/p>\n<p>&nbsp;<\/p>\n<p style=\"text-align: center;\" data-sourcepos=\"23:1-23:257\"><em><strong>\u00a1Informaci\u00f3n que transforma!<\/strong><\/em><\/p>\n","protected":false},"excerpt":{"rendered":"<p>El municipio ha anunciado la construcci\u00f3n de los primeros ba\u00f1os p\u00fablicos gratuitos en la ciudad.Estos espacios, que estar\u00e1n ubicados en la calle de Guti\u00e9rrez N\u00e1jera, cerca del Templo de la Cruz, son una respuesta a las demandas de los ciudadanos y visitantes que buscaban un servicio b\u00e1sico en esta zona.<\/p>\n","protected":false},"author":3,"featured_media":9504,"comment_status":"open","ping_status":"open","sticky":false,"template":"","format":"standard","meta":{"footnotes":""},"categories":[65,58],"tags":[3021,653,1189,133],"class_list":["post-9481","post","type-post","status-publish","format-standard","has-post-thumbnail","hentry","category-municipios","category-ultima-hora","tag-banospublicos","tag-centrohistorico","tag-inclusion","tag-queretaro"],"yoast_head":"<!-- This site is optimized with the Yoast SEO plugin v25.0 - https:\/\/yoast.com\/wordpress\/plugins\/seo\/ -->\n<title>Quer\u00e9taro responde a la demanda ciudadana \u00a1Nuevos ba\u00f1os p\u00fablicos gratuitos en el Centro Hist\u00f3rico! | Nexo Informativo Santiago de Quer\u00e9taro<\/title>\n<meta name=\"description\" content=\"Quer\u00e9taro responde a la demanda ciudadana \u00a1Nuevos ba\u00f1os p\u00fablicos gratuitos en el Centro Hist\u00f3rico!\" \/>\n<meta name=\"robots\" content=\"index, follow, max-snippet:-1, max-image-preview:large, max-video-preview:-1\" \/>\n<link rel=\"canonical\" href=\"https:\/\/www.nexoinformativo.mx\/index.php\/2025\/01\/07\/queretaro-responde-a-la-demanda-ciudadana-nuevos-banos-publicos-gratuitos-en-el-centro-historico\/\" \/>\n<meta property=\"og:locale\" content=\"es_MX\" \/>\n<meta property=\"og:type\" content=\"article\" \/>\n<meta property=\"og:title\" content=\"Quer\u00e9taro responde a la demanda ciudadana \u00a1Nuevos ba\u00f1os p\u00fablicos gratuitos en el Centro Hist\u00f3rico! | Nexo Informativo Santiago de Quer\u00e9taro\" \/>\n<meta property=\"og:description\" content=\"Quer\u00e9taro responde a la demanda ciudadana \u00a1Nuevos ba\u00f1os p\u00fablicos gratuitos en el Centro Hist\u00f3rico!\" \/>\n<meta property=\"og:url\" content=\"https:\/\/www.nexoinformativo.mx\/index.php\/2025\/01\/07\/queretaro-responde-a-la-demanda-ciudadana-nuevos-banos-publicos-gratuitos-en-el-centro-historico\/\" \/>\n<meta property=\"og:site_name\" content=\"Nexo Informativo Santiago de Quer\u00e9taro\" \/>\n<meta property=\"article:publisher\" content=\"https:\/\/www.facebook.com\/people\/Nexo-Informativo\/61564066885511\/\" \/>\n<meta property=\"article:published_time\" content=\"2025-01-07T21:00:24+00:00\" \/>\n<meta property=\"article:modified_time\" content=\"2025-01-08T02:37:09+00:00\" \/>\n<meta property=\"og:image\" content=\"https:\/\/www.nexoinformativo.mx\/wp-content\/uploads\/2025\/01\/PHOTO-2025-01-07-20-33-41-e1736303797952.jpg\" \/>\n\t<meta property=\"og:image:width\" content=\"800\" \/>\n\t<meta property=\"og:image:height\" content=\"600\" \/>\n\t<meta property=\"og:image:type\" content=\"image\/jpeg\" \/>\n<meta name=\"author\" content=\"Nexo Informativo\" \/>\n<meta name=\"twitter:card\" content=\"summary_large_image\" \/>\n<meta name=\"twitter:label1\" content=\"Escrito por\" \/>\n\t<meta name=\"twitter:data1\" content=\"Nexo Informativo\" \/>\n\t<meta name=\"twitter:label2\" content=\"Tiempo de lectura\" \/>\n\t<meta name=\"twitter:data2\" content=\"2 minutos\" \/>\n<script type=\"application\/ld+json\" class=\"yoast-schema-graph\">{\"@context\":\"https:\/\/schema.org\",\"@graph\":[{\"@type\":\"Article\",\"@id\":\"https:\/\/www.nexoinformativo.mx\/index.php\/2025\/01\/07\/queretaro-responde-a-la-demanda-ciudadana-nuevos-banos-publicos-gratuitos-en-el-centro-historico\/#article\",\"isPartOf\":{\"@id\":\"https:\/\/www.nexoinformativo.mx\/index.php\/2025\/01\/07\/queretaro-responde-a-la-demanda-ciudadana-nuevos-banos-publicos-gratuitos-en-el-centro-historico\/\"},\"author\":{\"name\":\"Nexo Informativo\",\"@id\":\"https:\/\/www.nexoinformativo.mx\/#\/schema\/person\/7749d380ba08c8ca00d7bc76fd907b7d\"},\"headline\":\"Quer\u00e9taro responde a la demanda ciudadana \u00a1Nuevos ba\u00f1os p\u00fablicos gratuitos en el Centro Hist\u00f3rico!\",\"datePublished\":\"2025-01-07T21:00:24+00:00\",\"dateModified\":\"2025-01-08T02:37:09+00:00\",\"mainEntityOfPage\":{\"@id\":\"https:\/\/www.nexoinformativo.mx\/index.php\/2025\/01\/07\/queretaro-responde-a-la-demanda-ciudadana-nuevos-banos-publicos-gratuitos-en-el-centro-historico\/\"},\"wordCount\":256,\"commentCount\":0,\"publisher\":{\"@id\":\"https:\/\/www.nexoinformativo.mx\/#organization\"},\"image\":{\"@id\":\"https:\/\/www.nexoinformativo.mx\/index.php\/2025\/01\/07\/queretaro-responde-a-la-demanda-ciudadana-nuevos-banos-publicos-gratuitos-en-el-centro-historico\/#primaryimage\"},\"thumbnailUrl\":\"https:\/\/www.nexoinformativo.mx\/wp-content\/uploads\/2025\/01\/PHOTO-2025-01-07-20-33-41-e1736303797952.jpg\",\"keywords\":[\"Ba\u00f1osP\u00fablicos\",\"CentroHist\u00f3rico\",\"Inclusi\u00f3n\",\"Quer\u00e9taro\"],\"articleSection\":[\"Municipios\",\"\u00daltima Hora\"],\"inLanguage\":\"es\",\"potentialAction\":[{\"@type\":\"CommentAction\",\"name\":\"Comment\",\"target\":[\"https:\/\/www.nexoinformativo.mx\/index.php\/2025\/01\/07\/queretaro-responde-a-la-demanda-ciudadana-nuevos-banos-publicos-gratuitos-en-el-centro-historico\/#respond\"]}]},{\"@type\":\"WebPage\",\"@id\":\"https:\/\/www.nexoinformativo.mx\/index.php\/2025\/01\/07\/queretaro-responde-a-la-demanda-ciudadana-nuevos-banos-publicos-gratuitos-en-el-centro-historico\/\",\"url\":\"https:\/\/www.nexoinformativo.mx\/index.php\/2025\/01\/07\/queretaro-responde-a-la-demanda-ciudadana-nuevos-banos-publicos-gratuitos-en-el-centro-historico\/\",\"name\":\"Quer\u00e9taro responde a la demanda ciudadana \u00a1Nuevos ba\u00f1os p\u00fablicos gratuitos en el Centro Hist\u00f3rico! | Nexo Informativo Santiago de Quer\u00e9taro\",\"isPartOf\":{\"@id\":\"https:\/\/www.nexoinformativo.mx\/#website\"},\"primaryImageOfPage\":{\"@id\":\"https:\/\/www.nexoinformativo.mx\/index.php\/2025\/01\/07\/queretaro-responde-a-la-demanda-ciudadana-nuevos-banos-publicos-gratuitos-en-el-centro-historico\/#primaryimage\"},\"image\":{\"@id\":\"https:\/\/www.nexoinformativo.mx\/index.php\/2025\/01\/07\/queretaro-responde-a-la-demanda-ciudadana-nuevos-banos-publicos-gratuitos-en-el-centro-historico\/#primaryimage\"},\"thumbnailUrl\":\"https:\/\/www.nexoinformativo.mx\/wp-content\/uploads\/2025\/01\/PHOTO-2025-01-07-20-33-41-e1736303797952.jpg\",\"datePublished\":\"2025-01-07T21:00:24+00:00\",\"dateModified\":\"2025-01-08T02:37:09+00:00\",\"description\":\"Quer\u00e9taro responde a la demanda ciudadana \u00a1Nuevos ba\u00f1os p\u00fablicos gratuitos en el Centro Hist\u00f3rico!\",\"breadcrumb\":{\"@id\":\"https:\/\/www.nexoinformativo.mx\/index.php\/2025\/01\/07\/queretaro-responde-a-la-demanda-ciudadana-nuevos-banos-publicos-gratuitos-en-el-centro-historico\/#breadcrumb\"},\"inLanguage\":\"es\",\"potentialAction\":[{\"@type\":\"ReadAction\",\"target\":[\"https:\/\/www.nexoinformativo.mx\/index.php\/2025\/01\/07\/queretaro-responde-a-la-demanda-ciudadana-nuevos-banos-publicos-gratuitos-en-el-centro-historico\/\"]}]},{\"@type\":\"ImageObject\",\"inLanguage\":\"es\",\"@id\":\"https:\/\/www.nexoinformativo.mx\/index.php\/2025\/01\/07\/queretaro-responde-a-la-demanda-ciudadana-nuevos-banos-publicos-gratuitos-en-el-centro-historico\/#primaryimage\",\"url\":\"https:\/\/www.nexoinformativo.mx\/wp-content\/uploads\/2025\/01\/PHOTO-2025-01-07-20-33-41-e1736303797952.jpg\",\"contentUrl\":\"https:\/\/www.nexoinformativo.mx\/wp-content\/uploads\/2025\/01\/PHOTO-2025-01-07-20-33-41-e1736303797952.jpg\",\"width\":800,\"height\":600},{\"@type\":\"BreadcrumbList\",\"@id\":\"https:\/\/www.nexoinformativo.mx\/index.php\/2025\/01\/07\/queretaro-responde-a-la-demanda-ciudadana-nuevos-banos-publicos-gratuitos-en-el-centro-historico\/#breadcrumb\",\"itemListElement\":[{\"@type\":\"ListItem\",\"position\":1,\"name\":\"Inicio\",\"item\":\"https:\/\/www.nexoinformativo.mx\/\"},{\"@type\":\"ListItem\",\"position\":2,\"name\":\"Quer\u00e9taro responde a la demanda ciudadana \u00a1Nuevos ba\u00f1os p\u00fablicos gratuitos en el Centro Hist\u00f3rico!\"}]},{\"@type\":\"WebSite\",\"@id\":\"https:\/\/www.nexoinformativo.mx\/#website\",\"url\":\"https:\/\/www.nexoinformativo.mx\/\",\"name\":\"Nexo Informativo Santiago de Quer\u00e9taro\",\"description\":\"Explora NexoInformativo y convi\u00e9rtete en parte de una comunidad que valora el conocimiento y la verdad. Tu nexoinformativo es tu puente hacia una comprensi\u00f3n m\u00e1s profunda del mundo que te rodea.\",\"publisher\":{\"@id\":\"https:\/\/www.nexoinformativo.mx\/#organization\"},\"potentialAction\":[{\"@type\":\"SearchAction\",\"target\":{\"@type\":\"EntryPoint\",\"urlTemplate\":\"https:\/\/www.nexoinformativo.mx\/?s={search_term_string}\"},\"query-input\":{\"@type\":\"PropertyValueSpecification\",\"valueRequired\":true,\"valueName\":\"search_term_string\"}}],\"inLanguage\":\"es\"},{\"@type\":\"Organization\",\"@id\":\"https:\/\/www.nexoinformativo.mx\/#organization\",\"name\":\"Nexo Informativo Santiago de Quer\u00e9taro\",\"url\":\"https:\/\/www.nexoinformativo.mx\/\",\"logo\":{\"@type\":\"ImageObject\",\"inLanguage\":\"es\",\"@id\":\"https:\/\/www.nexoinformativo.mx\/#\/schema\/logo\/image\/\",\"url\":\"https:\/\/www.nexoinformativo.mx\/wp-content\/uploads\/2024\/07\/nexoi-trasparente-2.png\",\"contentUrl\":\"https:\/\/www.nexoinformativo.mx\/wp-content\/uploads\/2024\/07\/nexoi-trasparente-2.png\",\"width\":816,\"height\":339,\"caption\":\"Nexo Informativo Santiago de Quer\u00e9taro\"},\"image\":{\"@id\":\"https:\/\/www.nexoinformativo.mx\/#\/schema\/logo\/image\/\"},\"sameAs\":[\"https:\/\/www.facebook.com\/people\/Nexo-Informativo\/61564066885511\/\"]},{\"@type\":\"Person\",\"@id\":\"https:\/\/www.nexoinformativo.mx\/#\/schema\/person\/7749d380ba08c8ca00d7bc76fd907b7d\",\"name\":\"Nexo Informativo\",\"image\":{\"@type\":\"ImageObject\",\"inLanguage\":\"es\",\"@id\":\"https:\/\/www.nexoinformativo.mx\/#\/schema\/person\/image\/\",\"url\":\"https:\/\/secure.gravatar.com\/avatar\/dde2928154642a13d95f87ddf1ea9718fe2b46760a005c53e41ff5ad610704e6?s=96&d=mm&r=g\",\"contentUrl\":\"https:\/\/secure.gravatar.com\/avatar\/dde2928154642a13d95f87ddf1ea9718fe2b46760a005c53e41ff5ad610704e6?s=96&d=mm&r=g\",\"caption\":\"Nexo Informativo\"},\"url\":\"https:\/\/www.nexoinformativo.mx\/index.php\/author\/edicion\/\"}]}<\/script>\n<!-- \/ Yoast SEO plugin. -->","yoast_head_json":{"title":"Quer\u00e9taro responde a la demanda ciudadana \u00a1Nuevos ba\u00f1os p\u00fablicos gratuitos en el Centro Hist\u00f3rico! | Nexo Informativo Santiago de Quer\u00e9taro","description":"Quer\u00e9taro responde a la demanda ciudadana \u00a1Nuevos ba\u00f1os p\u00fablicos gratuitos en el Centro Hist\u00f3rico!","robots":{"index":"index","follow":"follow","max-snippet":"max-snippet:-1","max-image-preview":"max-image-preview:large","max-video-preview":"max-video-preview:-1"},"canonical":"https:\/\/www.nexoinformativo.mx\/index.php\/2025\/01\/07\/queretaro-responde-a-la-demanda-ciudadana-nuevos-banos-publicos-gratuitos-en-el-centro-historico\/","og_locale":"es_MX","og_type":"article","og_title":"Quer\u00e9taro responde a la demanda ciudadana \u00a1Nuevos ba\u00f1os p\u00fablicos gratuitos en el Centro Hist\u00f3rico! | Nexo Informativo Santiago de Quer\u00e9taro","og_description":"Quer\u00e9taro responde a la demanda ciudadana \u00a1Nuevos ba\u00f1os p\u00fablicos gratuitos en el Centro Hist\u00f3rico!","og_url":"https:\/\/www.nexoinformativo.mx\/index.php\/2025\/01\/07\/queretaro-responde-a-la-demanda-ciudadana-nuevos-banos-publicos-gratuitos-en-el-centro-historico\/","og_site_name":"Nexo Informativo Santiago de Quer\u00e9taro","article_publisher":"https:\/\/www.facebook.com\/people\/Nexo-Informativo\/61564066885511\/","article_published_time":"2025-01-07T21:00:24+00:00","article_modified_time":"2025-01-08T02:37:09+00:00","og_image":[{"width":800,"height":600,"url":"https:\/\/www.nexoinformativo.mx\/wp-content\/uploads\/2025\/01\/PHOTO-2025-01-07-20-33-41-e1736303797952.jpg","type":"image\/jpeg"}],"author":"Nexo Informativo","twitter_card":"summary_large_image","twitter_misc":{"Escrito por":"Nexo Informativo","Tiempo de lectura":"2 minutos"},"schema":{"@context":"https:\/\/schema.org","@graph":[{"@type":"Article","@id":"https:\/\/www.nexoinformativo.mx\/index.php\/2025\/01\/07\/queretaro-responde-a-la-demanda-ciudadana-nuevos-banos-publicos-gratuitos-en-el-centro-historico\/#article","isPartOf":{"@id":"https:\/\/www.nexoinformativo.mx\/index.php\/2025\/01\/07\/queretaro-responde-a-la-demanda-ciudadana-nuevos-banos-publicos-gratuitos-en-el-centro-historico\/"},"author":{"name":"Nexo Informativo","@id":"https:\/\/www.nexoinformativo.mx\/#\/schema\/person\/7749d380ba08c8ca00d7bc76fd907b7d"},"headline":"Quer\u00e9taro responde a la demanda ciudadana \u00a1Nuevos ba\u00f1os p\u00fablicos gratuitos en el Centro Hist\u00f3rico!","datePublished":"2025-01-07T21:00:24+00:00","dateModified":"2025-01-08T02:37:09+00:00","mainEntityOfPage":{"@id":"https:\/\/www.nexoinformativo.mx\/index.php\/2025\/01\/07\/queretaro-responde-a-la-demanda-ciudadana-nuevos-banos-publicos-gratuitos-en-el-centro-historico\/"},"wordCount":256,"commentCount":0,"publisher":{"@id":"https:\/\/www.nexoinformativo.mx\/#organization"},"image":{"@id":"https:\/\/www.nexoinformativo.mx\/index.php\/2025\/01\/07\/queretaro-responde-a-la-demanda-ciudadana-nuevos-banos-publicos-gratuitos-en-el-centro-historico\/#primaryimage"},"thumbnailUrl":"https:\/\/www.nexoinformativo.mx\/wp-content\/uploads\/2025\/01\/PHOTO-2025-01-07-20-33-41-e1736303797952.jpg","keywords":["Ba\u00f1osP\u00fablicos","CentroHist\u00f3rico","Inclusi\u00f3n","Quer\u00e9taro"],"articleSection":["Municipios","\u00daltima Hora"],"inLanguage":"es","potentialAction":[{"@type":"CommentAction","name":"Comment","target":["https:\/\/www.nexoinformativo.mx\/index.php\/2025\/01\/07\/queretaro-responde-a-la-demanda-ciudadana-nuevos-banos-publicos-gratuitos-en-el-centro-historico\/#respond"]}]},{"@type":"WebPage","@id":"https:\/\/www.nexoinformativo.mx\/index.php\/2025\/01\/07\/queretaro-responde-a-la-demanda-ciudadana-nuevos-banos-publicos-gratuitos-en-el-centro-historico\/","url":"https:\/\/www.nexoinformativo.mx\/index.php\/2025\/01\/07\/queretaro-responde-a-la-demanda-ciudadana-nuevos-banos-publicos-gratuitos-en-el-centro-historico\/","name":"Quer\u00e9taro responde a la demanda ciudadana \u00a1Nuevos ba\u00f1os p\u00fablicos gratuitos en el Centro Hist\u00f3rico! | Nexo Informativo Santiago de Quer\u00e9taro","isPartOf":{"@id":"https:\/\/www.nexoinformativo.mx\/#website"},"primaryImageOfPage":{"@id":"https:\/\/www.nexoinformativo.mx\/index.php\/2025\/01\/07\/queretaro-responde-a-la-demanda-ciudadana-nuevos-banos-publicos-gratuitos-en-el-centro-historico\/#primaryimage"},"image":{"@id":"https:\/\/www.nexoinformativo.mx\/index.php\/2025\/01\/07\/queretaro-responde-a-la-demanda-ciudadana-nuevos-banos-publicos-gratuitos-en-el-centro-historico\/#primaryimage"},"thumbnailUrl":"https:\/\/www.nexoinformativo.mx\/wp-content\/uploads\/2025\/01\/PHOTO-2025-01-07-20-33-41-e1736303797952.jpg","datePublished":"2025-01-07T21:00:24+00:00","dateModified":"2025-01-08T02:37:09+00:00","description":"Quer\u00e9taro responde a la demanda ciudadana \u00a1Nuevos ba\u00f1os p\u00fablicos gratuitos en el Centro Hist\u00f3rico!","breadcrumb":{"@id":"https:\/\/www.nexoinformativo.mx\/index.php\/2025\/01\/07\/queretaro-responde-a-la-demanda-ciudadana-nuevos-banos-publicos-gratuitos-en-el-centro-historico\/#breadcrumb"},"inLanguage":"es","potentialAction":[{"@type":"ReadAction","target":["https:\/\/www.nexoinformativo.mx\/index.php\/2025\/01\/07\/queretaro-responde-a-la-demanda-ciudadana-nuevos-banos-publicos-gratuitos-en-el-centro-historico\/"]}]},{"@type":"ImageObject","inLanguage":"es","@id":"https:\/\/www.nexoinformativo.mx\/index.php\/2025\/01\/07\/queretaro-responde-a-la-demanda-ciudadana-nuevos-banos-publicos-gratuitos-en-el-centro-historico\/#primaryimage","url":"https:\/\/www.nexoinformativo.mx\/wp-content\/uploads\/2025\/01\/PHOTO-2025-01-07-20-33-41-e1736303797952.jpg","contentUrl":"https:\/\/www.nexoinformativo.mx\/wp-content\/uploads\/2025\/01\/PHOTO-2025-01-07-20-33-41-e1736303797952.jpg","width":800,"height":600},{"@type":"BreadcrumbList","@id":"https:\/\/www.nexoinformativo.mx\/index.php\/2025\/01\/07\/queretaro-responde-a-la-demanda-ciudadana-nuevos-banos-publicos-gratuitos-en-el-centro-historico\/#breadcrumb","itemListElement":[{"@type":"ListItem","position":1,"name":"Inicio","item":"https:\/\/www.nexoinformativo.mx\/"},{"@type":"ListItem","position":2,"name":"Quer\u00e9taro responde a la demanda ciudadana \u00a1Nuevos ba\u00f1os p\u00fablicos gratuitos en el Centro Hist\u00f3rico!"}]},{"@type":"WebSite","@id":"https:\/\/www.nexoinformativo.mx\/#website","url":"https:\/\/www.nexoinformativo.mx\/","name":"Nexo Informativo Santiago de Quer\u00e9taro","description":"Explora NexoInformativo y convi\u00e9rtete en parte de una comunidad que valora el conocimiento y la verdad. Tu nexoinformativo es tu puente hacia una comprensi\u00f3n m\u00e1s profunda del mundo que te rodea.","publisher":{"@id":"https:\/\/www.nexoinformativo.mx\/#organization"},"potentialAction":[{"@type":"SearchAction","target":{"@type":"EntryPoint","urlTemplate":"https:\/\/www.nexoinformativo.mx\/?s={search_term_string}"},"query-input":{"@type":"PropertyValueSpecification","valueRequired":true,"valueName":"search_term_string"}}],"inLanguage":"es"},{"@type":"Organization","@id":"https:\/\/www.nexoinformativo.mx\/#organization","name":"Nexo Informativo Santiago de Quer\u00e9taro","url":"https:\/\/www.nexoinformativo.mx\/","logo":{"@type":"ImageObject","inLanguage":"es","@id":"https:\/\/www.nexoinformativo.mx\/#\/schema\/logo\/image\/","url":"https:\/\/www.nexoinformativo.mx\/wp-content\/uploads\/2024\/07\/nexoi-trasparente-2.png","contentUrl":"https:\/\/www.nexoinformativo.mx\/wp-content\/uploads\/2024\/07\/nexoi-trasparente-2.png","width":816,"height":339,"caption":"Nexo Informativo Santiago de Quer\u00e9taro"},"image":{"@id":"https:\/\/www.nexoinformativo.mx\/#\/schema\/logo\/image\/"},"sameAs":["https:\/\/www.facebook.com\/people\/Nexo-Informativo\/61564066885511\/"]},{"@type":"Person","@id":"https:\/\/www.nexoinformativo.mx\/#\/schema\/person\/7749d380ba08c8ca00d7bc76fd907b7d","name":"Nexo Informativo","image":{"@type":"ImageObject","inLanguage":"es","@id":"https:\/\/www.nexoinformativo.mx\/#\/schema\/person\/image\/","url":"https:\/\/secure.gravatar.com\/avatar\/dde2928154642a13d95f87ddf1ea9718fe2b46760a005c53e41ff5ad610704e6?s=96&d=mm&r=g","contentUrl":"https:\/\/secure.gravatar.com\/avatar\/dde2928154642a13d95f87ddf1ea9718fe2b46760a005c53e41ff5ad610704e6?s=96&d=mm&r=g","caption":"Nexo Informativo"},"url":"https:\/\/www.nexoinformativo.mx\/index.php\/author\/edicion\/"}]}},"_links":{"self":[{"href":"https:\/\/www.nexoinformativo.mx\/index.php\/wp-json\/wp\/v2\/posts\/9481","targetHints":{"allow":["GET"]}}],"collection":[{"href":"https:\/\/www.nexoinformativo.mx\/index.php\/wp-json\/wp\/v2\/posts"}],"about":[{"href":"https:\/\/www.nexoinformativo.mx\/index.php\/wp-json\/wp\/v2\/types\/post"}],"author":[{"embeddable":true,"href":"https:\/\/www.nexoinformativo.mx\/index.php\/wp-json\/wp\/v2\/users\/3"}],"replies":[{"embeddable":true,"href":"https:\/\/www.nexoinformativo.mx\/index.php\/wp-json\/wp\/v2\/comments?post=9481"}],"version-history":[{"count":6,"href":"https:\/\/www.nexoinformativo.mx\/index.php\/wp-json\/wp\/v2\/posts\/9481\/revisions"}],"predecessor-version":[{"id":9485,"href":"https:\/\/www.nexoinformativo.mx\/index.php\/wp-json\/wp\/v2\/posts\/9481\/revisions\/9485"}],"wp:featuredmedia":[{"embeddable":true,"href":"https:\/\/www.nexoinformativo.mx\/index.php\/wp-json\/wp\/v2\/media\/9504"}],"wp:attachment":[{"href":"https:\/\/www.nexoinformativo.mx\/index.php\/wp-json\/wp\/v2\/media?parent=9481"}],"wp:term":[{"taxonomy":"category","embeddable":true,"href":"https:\/\/www.nexoinformativo.mx\/index.php\/wp-json\/wp\/v2\/categories?post=9481"},{"taxonomy":"post_tag","embeddable":true,"href":"https:\/\/www.nexoinformativo.mx\/index.php\/wp-json\/wp\/v2\/tags?post=9481"}],"curies":[{"name":"wp","href":"https:\/\/api.w.org\/{rel}","templated":true}]}}