{"id":9487,"date":"2025-01-07T16:00:01","date_gmt":"2025-01-07T22:00:01","guid":{"rendered":"https:\/\/www.nexoinformativo.mx\/?p=9487"},"modified":"2025-01-07T19:06:28","modified_gmt":"2025-01-08T01:06:28","slug":"queretaro-inicia-el-ano-con-17-obras-sociales-en-beneficio-de-las-familias","status":"publish","type":"post","link":"https:\/\/www.nexoinformativo.mx\/index.php\/2025\/01\/07\/queretaro-inicia-el-ano-con-17-obras-sociales-en-beneficio-de-las-familias\/","title":{"rendered":"Quer\u00e9taro inicia el a\u00f1o con 17 obras sociales en beneficio de las familias"},"content":{"rendered":"<p style=\"text-align: justify;\">El presidente municipal de Quer\u00e9taro, Felifer Mac\u00edas, junto con el secretario de Obras P\u00fablicas, Francisco Villegas, present\u00f3 los avances en obra p\u00fablica durante los primeros 100 d\u00edas de su administraci\u00f3n.<\/p>\n<p>&nbsp;<\/p>\n<p style=\"text-align: justify;\">Con una inversi\u00f3n superior a los 160 millones de pesos, se han iniciado 17 proyectos clave para mejorar la calidad de vida de las familias queretanas. Mac\u00edas destac\u00f3 que las obras se seleccionaron por su impacto social y utilidad, bas\u00e1ndose en solicitudes ciudadanas y necesidades urgentes.<\/p>\n<p>&nbsp;<\/p>\n<p style=\"text-align: justify;\">Entre las obras destacadas se encuentran intervenciones en servicios b\u00e1sicos, infraestructura educativa y espacios p\u00fablicos. En Reforma Agraria y El Granjenal, se ejecutan proyectos integrales de agua potable, drenaje y pavimentaci\u00f3n con una inversi\u00f3n de 48 millones de pesos.<\/p>\n<p>&nbsp;<\/p>\n<p style=\"text-align: justify;\">En el Centro Hist\u00f3rico, se prioriza la renovaci\u00f3n del alumbrado perimetral de la Alameda Hidalgo, la rehabilitaci\u00f3n del andador De Jes\u00fas Garc\u00eda y la habilitaci\u00f3n de ba\u00f1os p\u00fablicos gratuitos en la calle Guti\u00e9rrez N\u00e1jera, con una inversi\u00f3n de 20 millones de pesos.<\/p>\n<p>&nbsp;<\/p>\n<p style=\"text-align: justify;\">El alcalde anunci\u00f3 una mega consulta ciudadana el 20 de enero para el Programa Anual de Obra, permitiendo a los ciudadanos influir en las decisiones sobre obras y proyectos que beneficien su calidad de vida.<\/p>\n<p>&nbsp;<\/p>\n<p style=\"text-align: justify;\">Esta consulta recoger\u00e1 las necesidades y prioridades de los queretanos para asegurar un uso eficiente de los recursos p\u00fablicos y promover un Quer\u00e9taro m\u00e1s equitativo y bien planeado.<\/p>\n<p>&nbsp;<\/p>\n<p style=\"text-align: center;\"><em><strong>\u00a1Informaci\u00f3n que transforma!<\/strong><\/em><\/p>\n","protected":false},"excerpt":{"rendered":"<p>El presidente municipal de Quer\u00e9taro, Felifer Mac\u00edas, junto con el secretario de Obras P\u00fablicas, Francisco Villegas, present\u00f3 los avances en obra p\u00fablica durante los primeros 100 d\u00edas de su administraci\u00f3n.<\/p>\n","protected":false},"author":3,"featured_media":9488,"comment_status":"open","ping_status":"open","sticky":false,"template":"","format":"standard","meta":{"footnotes":""},"categories":[42,58],"tags":[3022,1000,734,693],"class_list":["post-9487","post","type-post","status-publish","format-standard","has-post-thumbnail","hentry","category-estado","category-ultima-hora","tag-consultaciudadana","tag-felifermacias","tag-infraestructura","tag-obrasqueretaro"],"yoast_head":"<!-- This site is optimized with the Yoast SEO plugin v25.0 - https:\/\/yoast.com\/wordpress\/plugins\/seo\/ -->\n<title>Quer\u00e9taro inicia el a\u00f1o con 17 obras sociales en beneficio de las familias | Nexo Informativo Santiago de Quer\u00e9taro<\/title>\n<meta name=\"description\" content=\"Quer\u00e9taro inicia el a\u00f1o con 17 obras sociales en beneficio de las familias\" \/>\n<meta name=\"robots\" content=\"index, follow, max-snippet:-1, max-image-preview:large, max-video-preview:-1\" \/>\n<link rel=\"canonical\" href=\"https:\/\/www.nexoinformativo.mx\/index.php\/2025\/01\/07\/queretaro-inicia-el-ano-con-17-obras-sociales-en-beneficio-de-las-familias\/\" \/>\n<meta property=\"og:locale\" content=\"es_MX\" \/>\n<meta property=\"og:type\" content=\"article\" \/>\n<meta property=\"og:title\" content=\"Quer\u00e9taro inicia el a\u00f1o con 17 obras sociales en beneficio de las familias | Nexo Informativo Santiago de Quer\u00e9taro\" \/>\n<meta property=\"og:description\" content=\"Quer\u00e9taro inicia el a\u00f1o con 17 obras sociales en beneficio de las familias\" \/>\n<meta property=\"og:url\" content=\"https:\/\/www.nexoinformativo.mx\/index.php\/2025\/01\/07\/queretaro-inicia-el-ano-con-17-obras-sociales-en-beneficio-de-las-familias\/\" \/>\n<meta property=\"og:site_name\" content=\"Nexo Informativo Santiago de Quer\u00e9taro\" \/>\n<meta property=\"article:publisher\" content=\"https:\/\/www.facebook.com\/people\/Nexo-Informativo\/61564066885511\/\" \/>\n<meta property=\"article:published_time\" content=\"2025-01-07T22:00:01+00:00\" \/>\n<meta property=\"article:modified_time\" content=\"2025-01-08T01:06:28+00:00\" \/>\n<meta property=\"og:image\" content=\"https:\/\/www.nexoinformativo.mx\/wp-content\/uploads\/2025\/01\/PHOTO-2025-01-07-17-00-54-e1736298186205.jpg\" \/>\n\t<meta property=\"og:image:width\" content=\"800\" \/>\n\t<meta property=\"og:image:height\" content=\"533\" \/>\n\t<meta property=\"og:image:type\" content=\"image\/jpeg\" \/>\n<meta name=\"author\" content=\"Nexo Informativo\" \/>\n<meta name=\"twitter:card\" content=\"summary_large_image\" \/>\n<meta name=\"twitter:label1\" content=\"Escrito por\" \/>\n\t<meta name=\"twitter:data1\" content=\"Nexo Informativo\" \/>\n\t<meta name=\"twitter:label2\" content=\"Tiempo de lectura\" \/>\n\t<meta name=\"twitter:data2\" content=\"2 minutos\" \/>\n<script type=\"application\/ld+json\" class=\"yoast-schema-graph\">{\"@context\":\"https:\/\/schema.org\",\"@graph\":[{\"@type\":\"Article\",\"@id\":\"https:\/\/www.nexoinformativo.mx\/index.php\/2025\/01\/07\/queretaro-inicia-el-ano-con-17-obras-sociales-en-beneficio-de-las-familias\/#article\",\"isPartOf\":{\"@id\":\"https:\/\/www.nexoinformativo.mx\/index.php\/2025\/01\/07\/queretaro-inicia-el-ano-con-17-obras-sociales-en-beneficio-de-las-familias\/\"},\"author\":{\"name\":\"Nexo Informativo\",\"@id\":\"https:\/\/www.nexoinformativo.mx\/#\/schema\/person\/7749d380ba08c8ca00d7bc76fd907b7d\"},\"headline\":\"Quer\u00e9taro inicia el a\u00f1o con 17 obras sociales en beneficio de las familias\",\"datePublished\":\"2025-01-07T22:00:01+00:00\",\"dateModified\":\"2025-01-08T01:06:28+00:00\",\"mainEntityOfPage\":{\"@id\":\"https:\/\/www.nexoinformativo.mx\/index.php\/2025\/01\/07\/queretaro-inicia-el-ano-con-17-obras-sociales-en-beneficio-de-las-familias\/\"},\"wordCount\":265,\"commentCount\":0,\"publisher\":{\"@id\":\"https:\/\/www.nexoinformativo.mx\/#organization\"},\"image\":{\"@id\":\"https:\/\/www.nexoinformativo.mx\/index.php\/2025\/01\/07\/queretaro-inicia-el-ano-con-17-obras-sociales-en-beneficio-de-las-familias\/#primaryimage\"},\"thumbnailUrl\":\"https:\/\/www.nexoinformativo.mx\/wp-content\/uploads\/2025\/01\/PHOTO-2025-01-07-17-00-54-e1736298186205.jpg\",\"keywords\":[\"ConsultaCiudadana\",\"FeliferMac\u00edas\",\"Infraestructura\",\"ObrasQuer\u00e9taro\"],\"articleSection\":[\"Estado\",\"\u00daltima Hora\"],\"inLanguage\":\"es\",\"potentialAction\":[{\"@type\":\"CommentAction\",\"name\":\"Comment\",\"target\":[\"https:\/\/www.nexoinformativo.mx\/index.php\/2025\/01\/07\/queretaro-inicia-el-ano-con-17-obras-sociales-en-beneficio-de-las-familias\/#respond\"]}]},{\"@type\":\"WebPage\",\"@id\":\"https:\/\/www.nexoinformativo.mx\/index.php\/2025\/01\/07\/queretaro-inicia-el-ano-con-17-obras-sociales-en-beneficio-de-las-familias\/\",\"url\":\"https:\/\/www.nexoinformativo.mx\/index.php\/2025\/01\/07\/queretaro-inicia-el-ano-con-17-obras-sociales-en-beneficio-de-las-familias\/\",\"name\":\"Quer\u00e9taro inicia el a\u00f1o con 17 obras sociales en beneficio de las familias | Nexo Informativo Santiago de Quer\u00e9taro\",\"isPartOf\":{\"@id\":\"https:\/\/www.nexoinformativo.mx\/#website\"},\"primaryImageOfPage\":{\"@id\":\"https:\/\/www.nexoinformativo.mx\/index.php\/2025\/01\/07\/queretaro-inicia-el-ano-con-17-obras-sociales-en-beneficio-de-las-familias\/#primaryimage\"},\"image\":{\"@id\":\"https:\/\/www.nexoinformativo.mx\/index.php\/2025\/01\/07\/queretaro-inicia-el-ano-con-17-obras-sociales-en-beneficio-de-las-familias\/#primaryimage\"},\"thumbnailUrl\":\"https:\/\/www.nexoinformativo.mx\/wp-content\/uploads\/2025\/01\/PHOTO-2025-01-07-17-00-54-e1736298186205.jpg\",\"datePublished\":\"2025-01-07T22:00:01+00:00\",\"dateModified\":\"2025-01-08T01:06:28+00:00\",\"description\":\"Quer\u00e9taro inicia el a\u00f1o con 17 obras sociales en beneficio de las familias\",\"breadcrumb\":{\"@id\":\"https:\/\/www.nexoinformativo.mx\/index.php\/2025\/01\/07\/queretaro-inicia-el-ano-con-17-obras-sociales-en-beneficio-de-las-familias\/#breadcrumb\"},\"inLanguage\":\"es\",\"potentialAction\":[{\"@type\":\"ReadAction\",\"target\":[\"https:\/\/www.nexoinformativo.mx\/index.php\/2025\/01\/07\/queretaro-inicia-el-ano-con-17-obras-sociales-en-beneficio-de-las-familias\/\"]}]},{\"@type\":\"ImageObject\",\"inLanguage\":\"es\",\"@id\":\"https:\/\/www.nexoinformativo.mx\/index.php\/2025\/01\/07\/queretaro-inicia-el-ano-con-17-obras-sociales-en-beneficio-de-las-familias\/#primaryimage\",\"url\":\"https:\/\/www.nexoinformativo.mx\/wp-content\/uploads\/2025\/01\/PHOTO-2025-01-07-17-00-54-e1736298186205.jpg\",\"contentUrl\":\"https:\/\/www.nexoinformativo.mx\/wp-content\/uploads\/2025\/01\/PHOTO-2025-01-07-17-00-54-e1736298186205.jpg\",\"width\":800,\"height\":533},{\"@type\":\"BreadcrumbList\",\"@id\":\"https:\/\/www.nexoinformativo.mx\/index.php\/2025\/01\/07\/queretaro-inicia-el-ano-con-17-obras-sociales-en-beneficio-de-las-familias\/#breadcrumb\",\"itemListElement\":[{\"@type\":\"ListItem\",\"position\":1,\"name\":\"Inicio\",\"item\":\"https:\/\/www.nexoinformativo.mx\/\"},{\"@type\":\"ListItem\",\"position\":2,\"name\":\"Quer\u00e9taro inicia el a\u00f1o con 17 obras sociales en beneficio de las familias\"}]},{\"@type\":\"WebSite\",\"@id\":\"https:\/\/www.nexoinformativo.mx\/#website\",\"url\":\"https:\/\/www.nexoinformativo.mx\/\",\"name\":\"Nexo Informativo Santiago de Quer\u00e9taro\",\"description\":\"Explora NexoInformativo y convi\u00e9rtete en parte de una comunidad que valora el conocimiento y la verdad. Tu nexoinformativo es tu puente hacia una comprensi\u00f3n m\u00e1s profunda del mundo que te rodea.\",\"publisher\":{\"@id\":\"https:\/\/www.nexoinformativo.mx\/#organization\"},\"potentialAction\":[{\"@type\":\"SearchAction\",\"target\":{\"@type\":\"EntryPoint\",\"urlTemplate\":\"https:\/\/www.nexoinformativo.mx\/?s={search_term_string}\"},\"query-input\":{\"@type\":\"PropertyValueSpecification\",\"valueRequired\":true,\"valueName\":\"search_term_string\"}}],\"inLanguage\":\"es\"},{\"@type\":\"Organization\",\"@id\":\"https:\/\/www.nexoinformativo.mx\/#organization\",\"name\":\"Nexo Informativo Santiago de Quer\u00e9taro\",\"url\":\"https:\/\/www.nexoinformativo.mx\/\",\"logo\":{\"@type\":\"ImageObject\",\"inLanguage\":\"es\",\"@id\":\"https:\/\/www.nexoinformativo.mx\/#\/schema\/logo\/image\/\",\"url\":\"https:\/\/www.nexoinformativo.mx\/wp-content\/uploads\/2024\/07\/nexoi-trasparente-2.png\",\"contentUrl\":\"https:\/\/www.nexoinformativo.mx\/wp-content\/uploads\/2024\/07\/nexoi-trasparente-2.png\",\"width\":816,\"height\":339,\"caption\":\"Nexo Informativo Santiago de Quer\u00e9taro\"},\"image\":{\"@id\":\"https:\/\/www.nexoinformativo.mx\/#\/schema\/logo\/image\/\"},\"sameAs\":[\"https:\/\/www.facebook.com\/people\/Nexo-Informativo\/61564066885511\/\"]},{\"@type\":\"Person\",\"@id\":\"https:\/\/www.nexoinformativo.mx\/#\/schema\/person\/7749d380ba08c8ca00d7bc76fd907b7d\",\"name\":\"Nexo Informativo\",\"image\":{\"@type\":\"ImageObject\",\"inLanguage\":\"es\",\"@id\":\"https:\/\/www.nexoinformativo.mx\/#\/schema\/person\/image\/\",\"url\":\"https:\/\/secure.gravatar.com\/avatar\/dde2928154642a13d95f87ddf1ea9718fe2b46760a005c53e41ff5ad610704e6?s=96&d=mm&r=g\",\"contentUrl\":\"https:\/\/secure.gravatar.com\/avatar\/dde2928154642a13d95f87ddf1ea9718fe2b46760a005c53e41ff5ad610704e6?s=96&d=mm&r=g\",\"caption\":\"Nexo Informativo\"},\"url\":\"https:\/\/www.nexoinformativo.mx\/index.php\/author\/edicion\/\"}]}<\/script>\n<!-- \/ Yoast SEO plugin. -->","yoast_head_json":{"title":"Quer\u00e9taro inicia el a\u00f1o con 17 obras sociales en beneficio de las familias | Nexo Informativo Santiago de Quer\u00e9taro","description":"Quer\u00e9taro inicia el a\u00f1o con 17 obras sociales en beneficio de las familias","robots":{"index":"index","follow":"follow","max-snippet":"max-snippet:-1","max-image-preview":"max-image-preview:large","max-video-preview":"max-video-preview:-1"},"canonical":"https:\/\/www.nexoinformativo.mx\/index.php\/2025\/01\/07\/queretaro-inicia-el-ano-con-17-obras-sociales-en-beneficio-de-las-familias\/","og_locale":"es_MX","og_type":"article","og_title":"Quer\u00e9taro inicia el a\u00f1o con 17 obras sociales en beneficio de las familias | Nexo Informativo Santiago de Quer\u00e9taro","og_description":"Quer\u00e9taro inicia el a\u00f1o con 17 obras sociales en beneficio de las familias","og_url":"https:\/\/www.nexoinformativo.mx\/index.php\/2025\/01\/07\/queretaro-inicia-el-ano-con-17-obras-sociales-en-beneficio-de-las-familias\/","og_site_name":"Nexo Informativo Santiago de Quer\u00e9taro","article_publisher":"https:\/\/www.facebook.com\/people\/Nexo-Informativo\/61564066885511\/","article_published_time":"2025-01-07T22:00:01+00:00","article_modified_time":"2025-01-08T01:06:28+00:00","og_image":[{"width":800,"height":533,"url":"https:\/\/www.nexoinformativo.mx\/wp-content\/uploads\/2025\/01\/PHOTO-2025-01-07-17-00-54-e1736298186205.jpg","type":"image\/jpeg"}],"author":"Nexo Informativo","twitter_card":"summary_large_image","twitter_misc":{"Escrito por":"Nexo Informativo","Tiempo de lectura":"2 minutos"},"schema":{"@context":"https:\/\/schema.org","@graph":[{"@type":"Article","@id":"https:\/\/www.nexoinformativo.mx\/index.php\/2025\/01\/07\/queretaro-inicia-el-ano-con-17-obras-sociales-en-beneficio-de-las-familias\/#article","isPartOf":{"@id":"https:\/\/www.nexoinformativo.mx\/index.php\/2025\/01\/07\/queretaro-inicia-el-ano-con-17-obras-sociales-en-beneficio-de-las-familias\/"},"author":{"name":"Nexo Informativo","@id":"https:\/\/www.nexoinformativo.mx\/#\/schema\/person\/7749d380ba08c8ca00d7bc76fd907b7d"},"headline":"Quer\u00e9taro inicia el a\u00f1o con 17 obras sociales en beneficio de las familias","datePublished":"2025-01-07T22:00:01+00:00","dateModified":"2025-01-08T01:06:28+00:00","mainEntityOfPage":{"@id":"https:\/\/www.nexoinformativo.mx\/index.php\/2025\/01\/07\/queretaro-inicia-el-ano-con-17-obras-sociales-en-beneficio-de-las-familias\/"},"wordCount":265,"commentCount":0,"publisher":{"@id":"https:\/\/www.nexoinformativo.mx\/#organization"},"image":{"@id":"https:\/\/www.nexoinformativo.mx\/index.php\/2025\/01\/07\/queretaro-inicia-el-ano-con-17-obras-sociales-en-beneficio-de-las-familias\/#primaryimage"},"thumbnailUrl":"https:\/\/www.nexoinformativo.mx\/wp-content\/uploads\/2025\/01\/PHOTO-2025-01-07-17-00-54-e1736298186205.jpg","keywords":["ConsultaCiudadana","FeliferMac\u00edas","Infraestructura","ObrasQuer\u00e9taro"],"articleSection":["Estado","\u00daltima Hora"],"inLanguage":"es","potentialAction":[{"@type":"CommentAction","name":"Comment","target":["https:\/\/www.nexoinformativo.mx\/index.php\/2025\/01\/07\/queretaro-inicia-el-ano-con-17-obras-sociales-en-beneficio-de-las-familias\/#respond"]}]},{"@type":"WebPage","@id":"https:\/\/www.nexoinformativo.mx\/index.php\/2025\/01\/07\/queretaro-inicia-el-ano-con-17-obras-sociales-en-beneficio-de-las-familias\/","url":"https:\/\/www.nexoinformativo.mx\/index.php\/2025\/01\/07\/queretaro-inicia-el-ano-con-17-obras-sociales-en-beneficio-de-las-familias\/","name":"Quer\u00e9taro inicia el a\u00f1o con 17 obras sociales en beneficio de las familias | Nexo Informativo Santiago de Quer\u00e9taro","isPartOf":{"@id":"https:\/\/www.nexoinformativo.mx\/#website"},"primaryImageOfPage":{"@id":"https:\/\/www.nexoinformativo.mx\/index.php\/2025\/01\/07\/queretaro-inicia-el-ano-con-17-obras-sociales-en-beneficio-de-las-familias\/#primaryimage"},"image":{"@id":"https:\/\/www.nexoinformativo.mx\/index.php\/2025\/01\/07\/queretaro-inicia-el-ano-con-17-obras-sociales-en-beneficio-de-las-familias\/#primaryimage"},"thumbnailUrl":"https:\/\/www.nexoinformativo.mx\/wp-content\/uploads\/2025\/01\/PHOTO-2025-01-07-17-00-54-e1736298186205.jpg","datePublished":"2025-01-07T22:00:01+00:00","dateModified":"2025-01-08T01:06:28+00:00","description":"Quer\u00e9taro inicia el a\u00f1o con 17 obras sociales en beneficio de las familias","breadcrumb":{"@id":"https:\/\/www.nexoinformativo.mx\/index.php\/2025\/01\/07\/queretaro-inicia-el-ano-con-17-obras-sociales-en-beneficio-de-las-familias\/#breadcrumb"},"inLanguage":"es","potentialAction":[{"@type":"ReadAction","target":["https:\/\/www.nexoinformativo.mx\/index.php\/2025\/01\/07\/queretaro-inicia-el-ano-con-17-obras-sociales-en-beneficio-de-las-familias\/"]}]},{"@type":"ImageObject","inLanguage":"es","@id":"https:\/\/www.nexoinformativo.mx\/index.php\/2025\/01\/07\/queretaro-inicia-el-ano-con-17-obras-sociales-en-beneficio-de-las-familias\/#primaryimage","url":"https:\/\/www.nexoinformativo.mx\/wp-content\/uploads\/2025\/01\/PHOTO-2025-01-07-17-00-54-e1736298186205.jpg","contentUrl":"https:\/\/www.nexoinformativo.mx\/wp-content\/uploads\/2025\/01\/PHOTO-2025-01-07-17-00-54-e1736298186205.jpg","width":800,"height":533},{"@type":"BreadcrumbList","@id":"https:\/\/www.nexoinformativo.mx\/index.php\/2025\/01\/07\/queretaro-inicia-el-ano-con-17-obras-sociales-en-beneficio-de-las-familias\/#breadcrumb","itemListElement":[{"@type":"ListItem","position":1,"name":"Inicio","item":"https:\/\/www.nexoinformativo.mx\/"},{"@type":"ListItem","position":2,"name":"Quer\u00e9taro inicia el a\u00f1o con 17 obras sociales en beneficio de las familias"}]},{"@type":"WebSite","@id":"https:\/\/www.nexoinformativo.mx\/#website","url":"https:\/\/www.nexoinformativo.mx\/","name":"Nexo Informativo Santiago de Quer\u00e9taro","description":"Explora NexoInformativo y convi\u00e9rtete en parte de una comunidad que valora el conocimiento y la verdad. Tu nexoinformativo es tu puente hacia una comprensi\u00f3n m\u00e1s profunda del mundo que te rodea.","publisher":{"@id":"https:\/\/www.nexoinformativo.mx\/#organization"},"potentialAction":[{"@type":"SearchAction","target":{"@type":"EntryPoint","urlTemplate":"https:\/\/www.nexoinformativo.mx\/?s={search_term_string}"},"query-input":{"@type":"PropertyValueSpecification","valueRequired":true,"valueName":"search_term_string"}}],"inLanguage":"es"},{"@type":"Organization","@id":"https:\/\/www.nexoinformativo.mx\/#organization","name":"Nexo Informativo Santiago de Quer\u00e9taro","url":"https:\/\/www.nexoinformativo.mx\/","logo":{"@type":"ImageObject","inLanguage":"es","@id":"https:\/\/www.nexoinformativo.mx\/#\/schema\/logo\/image\/","url":"https:\/\/www.nexoinformativo.mx\/wp-content\/uploads\/2024\/07\/nexoi-trasparente-2.png","contentUrl":"https:\/\/www.nexoinformativo.mx\/wp-content\/uploads\/2024\/07\/nexoi-trasparente-2.png","width":816,"height":339,"caption":"Nexo Informativo Santiago de Quer\u00e9taro"},"image":{"@id":"https:\/\/www.nexoinformativo.mx\/#\/schema\/logo\/image\/"},"sameAs":["https:\/\/www.facebook.com\/people\/Nexo-Informativo\/61564066885511\/"]},{"@type":"Person","@id":"https:\/\/www.nexoinformativo.mx\/#\/schema\/person\/7749d380ba08c8ca00d7bc76fd907b7d","name":"Nexo Informativo","image":{"@type":"ImageObject","inLanguage":"es","@id":"https:\/\/www.nexoinformativo.mx\/#\/schema\/person\/image\/","url":"https:\/\/secure.gravatar.com\/avatar\/dde2928154642a13d95f87ddf1ea9718fe2b46760a005c53e41ff5ad610704e6?s=96&d=mm&r=g","contentUrl":"https:\/\/secure.gravatar.com\/avatar\/dde2928154642a13d95f87ddf1ea9718fe2b46760a005c53e41ff5ad610704e6?s=96&d=mm&r=g","caption":"Nexo Informativo"},"url":"https:\/\/www.nexoinformativo.mx\/index.php\/author\/edicion\/"}]}},"_links":{"self":[{"href":"https:\/\/www.nexoinformativo.mx\/index.php\/wp-json\/wp\/v2\/posts\/9487","targetHints":{"allow":["GET"]}}],"collection":[{"href":"https:\/\/www.nexoinformativo.mx\/index.php\/wp-json\/wp\/v2\/posts"}],"about":[{"href":"https:\/\/www.nexoinformativo.mx\/index.php\/wp-json\/wp\/v2\/types\/post"}],"author":[{"embeddable":true,"href":"https:\/\/www.nexoinformativo.mx\/index.php\/wp-json\/wp\/v2\/users\/3"}],"replies":[{"embeddable":true,"href":"https:\/\/www.nexoinformativo.mx\/index.php\/wp-json\/wp\/v2\/comments?post=9487"}],"version-history":[{"count":4,"href":"https:\/\/www.nexoinformativo.mx\/index.php\/wp-json\/wp\/v2\/posts\/9487\/revisions"}],"predecessor-version":[{"id":9493,"href":"https:\/\/www.nexoinformativo.mx\/index.php\/wp-json\/wp\/v2\/posts\/9487\/revisions\/9493"}],"wp:featuredmedia":[{"embeddable":true,"href":"https:\/\/www.nexoinformativo.mx\/index.php\/wp-json\/wp\/v2\/media\/9488"}],"wp:attachment":[{"href":"https:\/\/www.nexoinformativo.mx\/index.php\/wp-json\/wp\/v2\/media?parent=9487"}],"wp:term":[{"taxonomy":"category","embeddable":true,"href":"https:\/\/www.nexoinformativo.mx\/index.php\/wp-json\/wp\/v2\/categories?post=9487"},{"taxonomy":"post_tag","embeddable":true,"href":"https:\/\/www.nexoinformativo.mx\/index.php\/wp-json\/wp\/v2\/tags?post=9487"}],"curies":[{"name":"wp","href":"https:\/\/api.w.org\/{rel}","templated":true}]}}