{"id":9497,"date":"2025-01-07T17:00:06","date_gmt":"2025-01-07T23:00:06","guid":{"rendered":"https:\/\/www.nexoinformativo.mx\/?p=9497"},"modified":"2025-01-07T20:29:48","modified_gmt":"2025-01-08T02:29:48","slug":"identifican-al-wonder-uno-de-los-agresores-en-parada-del-qrobus-en-la-avenida-de-la-luz-y-piden-justicia-por-su-propia-mano","status":"publish","type":"post","link":"https:\/\/www.nexoinformativo.mx\/index.php\/2025\/01\/07\/identifican-al-wonder-uno-de-los-agresores-en-parada-del-qrobus-en-la-avenida-de-la-luz-y-piden-justicia-por-su-propia-mano\/","title":{"rendered":"Identifican al &#8220;Wonder&#8221; uno de los agresores en parada del QroBus en la Avenida de la Luz y piden justicia por su propia mano"},"content":{"rendered":"<p style=\"text-align: justify;\" data-sourcepos=\"11:1-11:295\">La sociedad queretana se encuentra conmocionada tras la brutal agresi\u00f3n ocurrida el pasado fin de semana en la parada de Qrob\u00fas ubicada en Avenida de la Luz.<\/p>\n<p>&nbsp;<\/p>\n<p style=\"text-align: justify;\" data-sourcepos=\"11:1-11:295\">A trav\u00e9s de redes sociales, se ha logrado identificar a uno de los presuntos responsables del ataque, un joven conocido como &#8220;El Wonder&#8221;.<\/p>\n<p>&nbsp;<\/p>\n<p style=\"text-align: justify;\" data-sourcepos=\"11:1-11:295\">V\u00edctor &#8220;N&#8221;, de aproximadamente 20 a\u00f1os, es se\u00f1alado como el principal agresor en el video que se viraliz\u00f3 r\u00e1pidamente. Vecinos de la zona de Cerrito Colorado y Sat\u00e9lite lo reconocen como un individuo con antecedentes violentos y presuntamente responsable de varios robos en la zona.<\/p>\n<p>&nbsp;<\/p>\n<p style=\"text-align: justify;\" data-sourcepos=\"15:1-15:274\">Ante la falta de respuesta de las autoridades, algunos ciudadanos han hecho un llamado a la justicia por propia mano, exigiendo el arresto de &#8220;El Wonder&#8221;. Sin embargo, es importante recordar que tomar la ley por cuenta propia es un delito y puede tener graves consecuencias.<\/p>\n<p>&nbsp;<\/p>\n<p style=\"text-align: justify;\" data-sourcepos=\"17:1-17:268\">Hasta el momento, se desconoce si existe alguna denuncia formal ante la Fiscal\u00eda General del Estado (FGE) en contra de este sujeto.<\/p>\n<p>&nbsp;<\/p>\n<p style=\"text-align: justify;\" data-sourcepos=\"17:1-17:268\">Las autoridades deben actuar con celeridad para detener a los responsables de esta agresi\u00f3n y garantizar la seguridad de los ciudadanos.<\/p>\n<p>&nbsp;<\/p>\n<h5 style=\"text-align: center;\" data-sourcepos=\"19:1-19:37\"><em>\u00a1Informaci\u00f3n que transforma!<\/em><\/h5>\n","protected":false},"excerpt":{"rendered":"<p>La sociedad queretana se encuentra conmocionada tras la brutal agresi\u00f3n ocurrida el pasado fin de semana en la parada de Qrob\u00fas ubicada en Avenida de la Luz.<\/p>\n","protected":false},"author":3,"featured_media":9498,"comment_status":"open","ping_status":"open","sticky":false,"template":"","format":"standard","meta":{"footnotes":""},"categories":[137,58],"tags":[3024,3023,1363,157],"class_list":["post-9497","post","type-post","status-publish","format-standard","has-post-thumbnail","hentry","category-sucesos","category-ultima-hora","tag-agresionqrobus","tag-elwonder","tag-justiciaparaqueretaro","tag-seguridadciudadana"],"yoast_head":"<!-- This site is optimized with the Yoast SEO plugin v25.0 - https:\/\/yoast.com\/wordpress\/plugins\/seo\/ -->\n<title>Identifican al &quot;Wonder&quot; uno de los agresores en parada del QroBus en la Avenida de la Luz y piden justicia por su propia mano | Nexo Informativo Santiago de Quer\u00e9taro<\/title>\n<meta name=\"description\" content=\"Identifican al &quot;Wonder&quot; uno de los agresores en parada del QroBus en la Avenida de la Luz y piden justicia por su propia mano\" \/>\n<meta name=\"robots\" content=\"index, follow, max-snippet:-1, max-image-preview:large, max-video-preview:-1\" \/>\n<link rel=\"canonical\" href=\"https:\/\/www.nexoinformativo.mx\/index.php\/2025\/01\/07\/identifican-al-wonder-uno-de-los-agresores-en-parada-del-qrobus-en-la-avenida-de-la-luz-y-piden-justicia-por-su-propia-mano\/\" \/>\n<meta property=\"og:locale\" content=\"es_MX\" \/>\n<meta property=\"og:type\" content=\"article\" \/>\n<meta property=\"og:title\" content=\"Identifican al &quot;Wonder&quot; uno de los agresores en parada del QroBus en la Avenida de la Luz y piden justicia por su propia mano | Nexo Informativo Santiago de Quer\u00e9taro\" \/>\n<meta property=\"og:description\" content=\"Identifican al &quot;Wonder&quot; uno de los agresores en parada del QroBus en la Avenida de la Luz y piden justicia por su propia mano\" \/>\n<meta property=\"og:url\" content=\"https:\/\/www.nexoinformativo.mx\/index.php\/2025\/01\/07\/identifican-al-wonder-uno-de-los-agresores-en-parada-del-qrobus-en-la-avenida-de-la-luz-y-piden-justicia-por-su-propia-mano\/\" \/>\n<meta property=\"og:site_name\" content=\"Nexo Informativo Santiago de Quer\u00e9taro\" \/>\n<meta property=\"article:publisher\" content=\"https:\/\/www.facebook.com\/people\/Nexo-Informativo\/61564066885511\/\" \/>\n<meta property=\"article:published_time\" content=\"2025-01-07T23:00:06+00:00\" \/>\n<meta property=\"article:modified_time\" content=\"2025-01-08T02:29:48+00:00\" \/>\n<meta property=\"og:image\" content=\"https:\/\/www.nexoinformativo.mx\/wp-content\/uploads\/2025\/01\/PHOTO-2025-01-07-20-16-57.jpg\" \/>\n\t<meta property=\"og:image:width\" content=\"576\" \/>\n\t<meta property=\"og:image:height\" content=\"576\" \/>\n\t<meta property=\"og:image:type\" content=\"image\/jpeg\" \/>\n<meta name=\"author\" content=\"Nexo Informativo\" \/>\n<meta name=\"twitter:card\" content=\"summary_large_image\" \/>\n<meta name=\"twitter:label1\" content=\"Escrito por\" \/>\n\t<meta name=\"twitter:data1\" content=\"Nexo Informativo\" \/>\n\t<meta name=\"twitter:label2\" content=\"Tiempo de lectura\" \/>\n\t<meta name=\"twitter:data2\" content=\"2 minutos\" \/>\n<script type=\"application\/ld+json\" class=\"yoast-schema-graph\">{\"@context\":\"https:\/\/schema.org\",\"@graph\":[{\"@type\":\"Article\",\"@id\":\"https:\/\/www.nexoinformativo.mx\/index.php\/2025\/01\/07\/identifican-al-wonder-uno-de-los-agresores-en-parada-del-qrobus-en-la-avenida-de-la-luz-y-piden-justicia-por-su-propia-mano\/#article\",\"isPartOf\":{\"@id\":\"https:\/\/www.nexoinformativo.mx\/index.php\/2025\/01\/07\/identifican-al-wonder-uno-de-los-agresores-en-parada-del-qrobus-en-la-avenida-de-la-luz-y-piden-justicia-por-su-propia-mano\/\"},\"author\":{\"name\":\"Nexo Informativo\",\"@id\":\"https:\/\/www.nexoinformativo.mx\/#\/schema\/person\/7749d380ba08c8ca00d7bc76fd907b7d\"},\"headline\":\"Identifican al &#8220;Wonder&#8221; uno de los agresores en parada del QroBus en la Avenida de la Luz y piden justicia por su propia mano\",\"datePublished\":\"2025-01-07T23:00:06+00:00\",\"dateModified\":\"2025-01-08T02:29:48+00:00\",\"mainEntityOfPage\":{\"@id\":\"https:\/\/www.nexoinformativo.mx\/index.php\/2025\/01\/07\/identifican-al-wonder-uno-de-los-agresores-en-parada-del-qrobus-en-la-avenida-de-la-luz-y-piden-justicia-por-su-propia-mano\/\"},\"wordCount\":227,\"commentCount\":0,\"publisher\":{\"@id\":\"https:\/\/www.nexoinformativo.mx\/#organization\"},\"image\":{\"@id\":\"https:\/\/www.nexoinformativo.mx\/index.php\/2025\/01\/07\/identifican-al-wonder-uno-de-los-agresores-en-parada-del-qrobus-en-la-avenida-de-la-luz-y-piden-justicia-por-su-propia-mano\/#primaryimage\"},\"thumbnailUrl\":\"https:\/\/www.nexoinformativo.mx\/wp-content\/uploads\/2025\/01\/PHOTO-2025-01-07-20-16-57.jpg\",\"keywords\":[\"Agresi\u00f3nQrob\u00fas\",\"ElWonder\",\"JusticiaParaQueretaro\",\"SeguridadCiudadana\"],\"articleSection\":[\"Sucesos\",\"\u00daltima Hora\"],\"inLanguage\":\"es\",\"potentialAction\":[{\"@type\":\"CommentAction\",\"name\":\"Comment\",\"target\":[\"https:\/\/www.nexoinformativo.mx\/index.php\/2025\/01\/07\/identifican-al-wonder-uno-de-los-agresores-en-parada-del-qrobus-en-la-avenida-de-la-luz-y-piden-justicia-por-su-propia-mano\/#respond\"]}]},{\"@type\":\"WebPage\",\"@id\":\"https:\/\/www.nexoinformativo.mx\/index.php\/2025\/01\/07\/identifican-al-wonder-uno-de-los-agresores-en-parada-del-qrobus-en-la-avenida-de-la-luz-y-piden-justicia-por-su-propia-mano\/\",\"url\":\"https:\/\/www.nexoinformativo.mx\/index.php\/2025\/01\/07\/identifican-al-wonder-uno-de-los-agresores-en-parada-del-qrobus-en-la-avenida-de-la-luz-y-piden-justicia-por-su-propia-mano\/\",\"name\":\"Identifican al \\\"Wonder\\\" uno de los agresores en parada del QroBus en la Avenida de la Luz y piden justicia por su propia mano | Nexo Informativo Santiago de Quer\u00e9taro\",\"isPartOf\":{\"@id\":\"https:\/\/www.nexoinformativo.mx\/#website\"},\"primaryImageOfPage\":{\"@id\":\"https:\/\/www.nexoinformativo.mx\/index.php\/2025\/01\/07\/identifican-al-wonder-uno-de-los-agresores-en-parada-del-qrobus-en-la-avenida-de-la-luz-y-piden-justicia-por-su-propia-mano\/#primaryimage\"},\"image\":{\"@id\":\"https:\/\/www.nexoinformativo.mx\/index.php\/2025\/01\/07\/identifican-al-wonder-uno-de-los-agresores-en-parada-del-qrobus-en-la-avenida-de-la-luz-y-piden-justicia-por-su-propia-mano\/#primaryimage\"},\"thumbnailUrl\":\"https:\/\/www.nexoinformativo.mx\/wp-content\/uploads\/2025\/01\/PHOTO-2025-01-07-20-16-57.jpg\",\"datePublished\":\"2025-01-07T23:00:06+00:00\",\"dateModified\":\"2025-01-08T02:29:48+00:00\",\"description\":\"Identifican al \\\"Wonder\\\" uno de los agresores en parada del QroBus en la Avenida de la Luz y piden justicia por su propia mano\",\"breadcrumb\":{\"@id\":\"https:\/\/www.nexoinformativo.mx\/index.php\/2025\/01\/07\/identifican-al-wonder-uno-de-los-agresores-en-parada-del-qrobus-en-la-avenida-de-la-luz-y-piden-justicia-por-su-propia-mano\/#breadcrumb\"},\"inLanguage\":\"es\",\"potentialAction\":[{\"@type\":\"ReadAction\",\"target\":[\"https:\/\/www.nexoinformativo.mx\/index.php\/2025\/01\/07\/identifican-al-wonder-uno-de-los-agresores-en-parada-del-qrobus-en-la-avenida-de-la-luz-y-piden-justicia-por-su-propia-mano\/\"]}]},{\"@type\":\"ImageObject\",\"inLanguage\":\"es\",\"@id\":\"https:\/\/www.nexoinformativo.mx\/index.php\/2025\/01\/07\/identifican-al-wonder-uno-de-los-agresores-en-parada-del-qrobus-en-la-avenida-de-la-luz-y-piden-justicia-por-su-propia-mano\/#primaryimage\",\"url\":\"https:\/\/www.nexoinformativo.mx\/wp-content\/uploads\/2025\/01\/PHOTO-2025-01-07-20-16-57.jpg\",\"contentUrl\":\"https:\/\/www.nexoinformativo.mx\/wp-content\/uploads\/2025\/01\/PHOTO-2025-01-07-20-16-57.jpg\",\"width\":576,\"height\":576},{\"@type\":\"BreadcrumbList\",\"@id\":\"https:\/\/www.nexoinformativo.mx\/index.php\/2025\/01\/07\/identifican-al-wonder-uno-de-los-agresores-en-parada-del-qrobus-en-la-avenida-de-la-luz-y-piden-justicia-por-su-propia-mano\/#breadcrumb\",\"itemListElement\":[{\"@type\":\"ListItem\",\"position\":1,\"name\":\"Inicio\",\"item\":\"https:\/\/www.nexoinformativo.mx\/\"},{\"@type\":\"ListItem\",\"position\":2,\"name\":\"Identifican al &#8220;Wonder&#8221; uno de los agresores en parada del QroBus en la Avenida de la Luz y piden justicia por su propia mano\"}]},{\"@type\":\"WebSite\",\"@id\":\"https:\/\/www.nexoinformativo.mx\/#website\",\"url\":\"https:\/\/www.nexoinformativo.mx\/\",\"name\":\"Nexo Informativo Santiago de Quer\u00e9taro\",\"description\":\"Explora NexoInformativo y convi\u00e9rtete en parte de una comunidad que valora el conocimiento y la verdad. Tu nexoinformativo es tu puente hacia una comprensi\u00f3n m\u00e1s profunda del mundo que te rodea.\",\"publisher\":{\"@id\":\"https:\/\/www.nexoinformativo.mx\/#organization\"},\"potentialAction\":[{\"@type\":\"SearchAction\",\"target\":{\"@type\":\"EntryPoint\",\"urlTemplate\":\"https:\/\/www.nexoinformativo.mx\/?s={search_term_string}\"},\"query-input\":{\"@type\":\"PropertyValueSpecification\",\"valueRequired\":true,\"valueName\":\"search_term_string\"}}],\"inLanguage\":\"es\"},{\"@type\":\"Organization\",\"@id\":\"https:\/\/www.nexoinformativo.mx\/#organization\",\"name\":\"Nexo Informativo Santiago de Quer\u00e9taro\",\"url\":\"https:\/\/www.nexoinformativo.mx\/\",\"logo\":{\"@type\":\"ImageObject\",\"inLanguage\":\"es\",\"@id\":\"https:\/\/www.nexoinformativo.mx\/#\/schema\/logo\/image\/\",\"url\":\"https:\/\/www.nexoinformativo.mx\/wp-content\/uploads\/2024\/07\/nexoi-trasparente-2.png\",\"contentUrl\":\"https:\/\/www.nexoinformativo.mx\/wp-content\/uploads\/2024\/07\/nexoi-trasparente-2.png\",\"width\":816,\"height\":339,\"caption\":\"Nexo Informativo Santiago de Quer\u00e9taro\"},\"image\":{\"@id\":\"https:\/\/www.nexoinformativo.mx\/#\/schema\/logo\/image\/\"},\"sameAs\":[\"https:\/\/www.facebook.com\/people\/Nexo-Informativo\/61564066885511\/\"]},{\"@type\":\"Person\",\"@id\":\"https:\/\/www.nexoinformativo.mx\/#\/schema\/person\/7749d380ba08c8ca00d7bc76fd907b7d\",\"name\":\"Nexo Informativo\",\"image\":{\"@type\":\"ImageObject\",\"inLanguage\":\"es\",\"@id\":\"https:\/\/www.nexoinformativo.mx\/#\/schema\/person\/image\/\",\"url\":\"https:\/\/secure.gravatar.com\/avatar\/dde2928154642a13d95f87ddf1ea9718fe2b46760a005c53e41ff5ad610704e6?s=96&d=mm&r=g\",\"contentUrl\":\"https:\/\/secure.gravatar.com\/avatar\/dde2928154642a13d95f87ddf1ea9718fe2b46760a005c53e41ff5ad610704e6?s=96&d=mm&r=g\",\"caption\":\"Nexo Informativo\"},\"url\":\"https:\/\/www.nexoinformativo.mx\/index.php\/author\/edicion\/\"}]}<\/script>\n<!-- \/ Yoast SEO plugin. -->","yoast_head_json":{"title":"Identifican al \"Wonder\" uno de los agresores en parada del QroBus en la Avenida de la Luz y piden justicia por su propia mano | Nexo Informativo Santiago de Quer\u00e9taro","description":"Identifican al \"Wonder\" uno de los agresores en parada del QroBus en la Avenida de la Luz y piden justicia por su propia mano","robots":{"index":"index","follow":"follow","max-snippet":"max-snippet:-1","max-image-preview":"max-image-preview:large","max-video-preview":"max-video-preview:-1"},"canonical":"https:\/\/www.nexoinformativo.mx\/index.php\/2025\/01\/07\/identifican-al-wonder-uno-de-los-agresores-en-parada-del-qrobus-en-la-avenida-de-la-luz-y-piden-justicia-por-su-propia-mano\/","og_locale":"es_MX","og_type":"article","og_title":"Identifican al \"Wonder\" uno de los agresores en parada del QroBus en la Avenida de la Luz y piden justicia por su propia mano | Nexo Informativo Santiago de Quer\u00e9taro","og_description":"Identifican al \"Wonder\" uno de los agresores en parada del QroBus en la Avenida de la Luz y piden justicia por su propia mano","og_url":"https:\/\/www.nexoinformativo.mx\/index.php\/2025\/01\/07\/identifican-al-wonder-uno-de-los-agresores-en-parada-del-qrobus-en-la-avenida-de-la-luz-y-piden-justicia-por-su-propia-mano\/","og_site_name":"Nexo Informativo Santiago de Quer\u00e9taro","article_publisher":"https:\/\/www.facebook.com\/people\/Nexo-Informativo\/61564066885511\/","article_published_time":"2025-01-07T23:00:06+00:00","article_modified_time":"2025-01-08T02:29:48+00:00","og_image":[{"width":576,"height":576,"url":"https:\/\/www.nexoinformativo.mx\/wp-content\/uploads\/2025\/01\/PHOTO-2025-01-07-20-16-57.jpg","type":"image\/jpeg"}],"author":"Nexo Informativo","twitter_card":"summary_large_image","twitter_misc":{"Escrito por":"Nexo Informativo","Tiempo de lectura":"2 minutos"},"schema":{"@context":"https:\/\/schema.org","@graph":[{"@type":"Article","@id":"https:\/\/www.nexoinformativo.mx\/index.php\/2025\/01\/07\/identifican-al-wonder-uno-de-los-agresores-en-parada-del-qrobus-en-la-avenida-de-la-luz-y-piden-justicia-por-su-propia-mano\/#article","isPartOf":{"@id":"https:\/\/www.nexoinformativo.mx\/index.php\/2025\/01\/07\/identifican-al-wonder-uno-de-los-agresores-en-parada-del-qrobus-en-la-avenida-de-la-luz-y-piden-justicia-por-su-propia-mano\/"},"author":{"name":"Nexo Informativo","@id":"https:\/\/www.nexoinformativo.mx\/#\/schema\/person\/7749d380ba08c8ca00d7bc76fd907b7d"},"headline":"Identifican al &#8220;Wonder&#8221; uno de los agresores en parada del QroBus en la Avenida de la Luz y piden justicia por su propia mano","datePublished":"2025-01-07T23:00:06+00:00","dateModified":"2025-01-08T02:29:48+00:00","mainEntityOfPage":{"@id":"https:\/\/www.nexoinformativo.mx\/index.php\/2025\/01\/07\/identifican-al-wonder-uno-de-los-agresores-en-parada-del-qrobus-en-la-avenida-de-la-luz-y-piden-justicia-por-su-propia-mano\/"},"wordCount":227,"commentCount":0,"publisher":{"@id":"https:\/\/www.nexoinformativo.mx\/#organization"},"image":{"@id":"https:\/\/www.nexoinformativo.mx\/index.php\/2025\/01\/07\/identifican-al-wonder-uno-de-los-agresores-en-parada-del-qrobus-en-la-avenida-de-la-luz-y-piden-justicia-por-su-propia-mano\/#primaryimage"},"thumbnailUrl":"https:\/\/www.nexoinformativo.mx\/wp-content\/uploads\/2025\/01\/PHOTO-2025-01-07-20-16-57.jpg","keywords":["Agresi\u00f3nQrob\u00fas","ElWonder","JusticiaParaQueretaro","SeguridadCiudadana"],"articleSection":["Sucesos","\u00daltima Hora"],"inLanguage":"es","potentialAction":[{"@type":"CommentAction","name":"Comment","target":["https:\/\/www.nexoinformativo.mx\/index.php\/2025\/01\/07\/identifican-al-wonder-uno-de-los-agresores-en-parada-del-qrobus-en-la-avenida-de-la-luz-y-piden-justicia-por-su-propia-mano\/#respond"]}]},{"@type":"WebPage","@id":"https:\/\/www.nexoinformativo.mx\/index.php\/2025\/01\/07\/identifican-al-wonder-uno-de-los-agresores-en-parada-del-qrobus-en-la-avenida-de-la-luz-y-piden-justicia-por-su-propia-mano\/","url":"https:\/\/www.nexoinformativo.mx\/index.php\/2025\/01\/07\/identifican-al-wonder-uno-de-los-agresores-en-parada-del-qrobus-en-la-avenida-de-la-luz-y-piden-justicia-por-su-propia-mano\/","name":"Identifican al \"Wonder\" uno de los agresores en parada del QroBus en la Avenida de la Luz y piden justicia por su propia mano | Nexo Informativo Santiago de Quer\u00e9taro","isPartOf":{"@id":"https:\/\/www.nexoinformativo.mx\/#website"},"primaryImageOfPage":{"@id":"https:\/\/www.nexoinformativo.mx\/index.php\/2025\/01\/07\/identifican-al-wonder-uno-de-los-agresores-en-parada-del-qrobus-en-la-avenida-de-la-luz-y-piden-justicia-por-su-propia-mano\/#primaryimage"},"image":{"@id":"https:\/\/www.nexoinformativo.mx\/index.php\/2025\/01\/07\/identifican-al-wonder-uno-de-los-agresores-en-parada-del-qrobus-en-la-avenida-de-la-luz-y-piden-justicia-por-su-propia-mano\/#primaryimage"},"thumbnailUrl":"https:\/\/www.nexoinformativo.mx\/wp-content\/uploads\/2025\/01\/PHOTO-2025-01-07-20-16-57.jpg","datePublished":"2025-01-07T23:00:06+00:00","dateModified":"2025-01-08T02:29:48+00:00","description":"Identifican al \"Wonder\" uno de los agresores en parada del QroBus en la Avenida de la Luz y piden justicia por su propia mano","breadcrumb":{"@id":"https:\/\/www.nexoinformativo.mx\/index.php\/2025\/01\/07\/identifican-al-wonder-uno-de-los-agresores-en-parada-del-qrobus-en-la-avenida-de-la-luz-y-piden-justicia-por-su-propia-mano\/#breadcrumb"},"inLanguage":"es","potentialAction":[{"@type":"ReadAction","target":["https:\/\/www.nexoinformativo.mx\/index.php\/2025\/01\/07\/identifican-al-wonder-uno-de-los-agresores-en-parada-del-qrobus-en-la-avenida-de-la-luz-y-piden-justicia-por-su-propia-mano\/"]}]},{"@type":"ImageObject","inLanguage":"es","@id":"https:\/\/www.nexoinformativo.mx\/index.php\/2025\/01\/07\/identifican-al-wonder-uno-de-los-agresores-en-parada-del-qrobus-en-la-avenida-de-la-luz-y-piden-justicia-por-su-propia-mano\/#primaryimage","url":"https:\/\/www.nexoinformativo.mx\/wp-content\/uploads\/2025\/01\/PHOTO-2025-01-07-20-16-57.jpg","contentUrl":"https:\/\/www.nexoinformativo.mx\/wp-content\/uploads\/2025\/01\/PHOTO-2025-01-07-20-16-57.jpg","width":576,"height":576},{"@type":"BreadcrumbList","@id":"https:\/\/www.nexoinformativo.mx\/index.php\/2025\/01\/07\/identifican-al-wonder-uno-de-los-agresores-en-parada-del-qrobus-en-la-avenida-de-la-luz-y-piden-justicia-por-su-propia-mano\/#breadcrumb","itemListElement":[{"@type":"ListItem","position":1,"name":"Inicio","item":"https:\/\/www.nexoinformativo.mx\/"},{"@type":"ListItem","position":2,"name":"Identifican al &#8220;Wonder&#8221; uno de los agresores en parada del QroBus en la Avenida de la Luz y piden justicia por su propia mano"}]},{"@type":"WebSite","@id":"https:\/\/www.nexoinformativo.mx\/#website","url":"https:\/\/www.nexoinformativo.mx\/","name":"Nexo Informativo Santiago de Quer\u00e9taro","description":"Explora NexoInformativo y convi\u00e9rtete en parte de una comunidad que valora el conocimiento y la verdad. Tu nexoinformativo es tu puente hacia una comprensi\u00f3n m\u00e1s profunda del mundo que te rodea.","publisher":{"@id":"https:\/\/www.nexoinformativo.mx\/#organization"},"potentialAction":[{"@type":"SearchAction","target":{"@type":"EntryPoint","urlTemplate":"https:\/\/www.nexoinformativo.mx\/?s={search_term_string}"},"query-input":{"@type":"PropertyValueSpecification","valueRequired":true,"valueName":"search_term_string"}}],"inLanguage":"es"},{"@type":"Organization","@id":"https:\/\/www.nexoinformativo.mx\/#organization","name":"Nexo Informativo Santiago de Quer\u00e9taro","url":"https:\/\/www.nexoinformativo.mx\/","logo":{"@type":"ImageObject","inLanguage":"es","@id":"https:\/\/www.nexoinformativo.mx\/#\/schema\/logo\/image\/","url":"https:\/\/www.nexoinformativo.mx\/wp-content\/uploads\/2024\/07\/nexoi-trasparente-2.png","contentUrl":"https:\/\/www.nexoinformativo.mx\/wp-content\/uploads\/2024\/07\/nexoi-trasparente-2.png","width":816,"height":339,"caption":"Nexo Informativo Santiago de Quer\u00e9taro"},"image":{"@id":"https:\/\/www.nexoinformativo.mx\/#\/schema\/logo\/image\/"},"sameAs":["https:\/\/www.facebook.com\/people\/Nexo-Informativo\/61564066885511\/"]},{"@type":"Person","@id":"https:\/\/www.nexoinformativo.mx\/#\/schema\/person\/7749d380ba08c8ca00d7bc76fd907b7d","name":"Nexo Informativo","image":{"@type":"ImageObject","inLanguage":"es","@id":"https:\/\/www.nexoinformativo.mx\/#\/schema\/person\/image\/","url":"https:\/\/secure.gravatar.com\/avatar\/dde2928154642a13d95f87ddf1ea9718fe2b46760a005c53e41ff5ad610704e6?s=96&d=mm&r=g","contentUrl":"https:\/\/secure.gravatar.com\/avatar\/dde2928154642a13d95f87ddf1ea9718fe2b46760a005c53e41ff5ad610704e6?s=96&d=mm&r=g","caption":"Nexo Informativo"},"url":"https:\/\/www.nexoinformativo.mx\/index.php\/author\/edicion\/"}]}},"_links":{"self":[{"href":"https:\/\/www.nexoinformativo.mx\/index.php\/wp-json\/wp\/v2\/posts\/9497","targetHints":{"allow":["GET"]}}],"collection":[{"href":"https:\/\/www.nexoinformativo.mx\/index.php\/wp-json\/wp\/v2\/posts"}],"about":[{"href":"https:\/\/www.nexoinformativo.mx\/index.php\/wp-json\/wp\/v2\/types\/post"}],"author":[{"embeddable":true,"href":"https:\/\/www.nexoinformativo.mx\/index.php\/wp-json\/wp\/v2\/users\/3"}],"replies":[{"embeddable":true,"href":"https:\/\/www.nexoinformativo.mx\/index.php\/wp-json\/wp\/v2\/comments?post=9497"}],"version-history":[{"count":5,"href":"https:\/\/www.nexoinformativo.mx\/index.php\/wp-json\/wp\/v2\/posts\/9497\/revisions"}],"predecessor-version":[{"id":9501,"href":"https:\/\/www.nexoinformativo.mx\/index.php\/wp-json\/wp\/v2\/posts\/9497\/revisions\/9501"}],"wp:featuredmedia":[{"embeddable":true,"href":"https:\/\/www.nexoinformativo.mx\/index.php\/wp-json\/wp\/v2\/media\/9498"}],"wp:attachment":[{"href":"https:\/\/www.nexoinformativo.mx\/index.php\/wp-json\/wp\/v2\/media?parent=9497"}],"wp:term":[{"taxonomy":"category","embeddable":true,"href":"https:\/\/www.nexoinformativo.mx\/index.php\/wp-json\/wp\/v2\/categories?post=9497"},{"taxonomy":"post_tag","embeddable":true,"href":"https:\/\/www.nexoinformativo.mx\/index.php\/wp-json\/wp\/v2\/tags?post=9497"}],"curies":[{"name":"wp","href":"https:\/\/api.w.org\/{rel}","templated":true}]}}