{"id":9538,"date":"2025-01-08T11:00:37","date_gmt":"2025-01-08T17:00:37","guid":{"rendered":"https:\/\/www.nexoinformativo.mx\/?p=9538"},"modified":"2025-01-08T14:00:07","modified_gmt":"2025-01-08T20:00:07","slug":"detenido-por-maltrato-en-anexo-de-rehabilitacion-en-prision-por-lesiones-y-privacion-de-la-libertad","status":"publish","type":"post","link":"https:\/\/www.nexoinformativo.mx\/index.php\/2025\/01\/08\/detenido-por-maltrato-en-anexo-de-rehabilitacion-en-prision-por-lesiones-y-privacion-de-la-libertad\/","title":{"rendered":"Detenido por maltrato en anexo de rehabilitaci\u00f3n en prisi\u00f3n por lesiones y privaci\u00f3n de la libertad"},"content":{"rendered":"<p style=\"text-align: justify;\" data-sourcepos=\"11:1-11:353\">La Fiscal\u00eda General del Estado de Quer\u00e9taro ha dado un paso importante en la b\u00fasqueda de justicia para una v\u00edctima de maltrato en un anexo de rehabilitaci\u00f3n.<\/p>\n<p>&nbsp;<\/p>\n<p style=\"text-align: justify;\" data-sourcepos=\"11:1-11:353\">Un juez de control ha vinculado a proceso a una persona por los delitos de privaci\u00f3n de la libertad personal calificada y lesiones dolosas, tras los hechos ocurridos el pasado 6 de abril de 2023.<\/p>\n<p>&nbsp;<\/p>\n<p style=\"text-align: justify;\" data-sourcepos=\"13:1-13:262\">Los familiares de la v\u00edctima, quien hab\u00eda sido ingresado a una cl\u00ednica de rehabilitaci\u00f3n ubicada en la colonia Jardines del Sol, en el municipio de Quer\u00e9taro, denunciaron que al visitar a su familiar se percataron de que presentaba signos evidentes de violencia.<\/p>\n<p>&nbsp;<\/p>\n<p style=\"text-align: justify;\" data-sourcepos=\"15:1-15:388\">Ante esta situaci\u00f3n, las autoridades iniciaron una investigaci\u00f3n que permiti\u00f3 reunir las pruebas necesarias para presentar una acusaci\u00f3n formal en contra del presunto responsable.<\/p>\n<\/p>\n<p>&nbsp;<\/p>\n<p style=\"text-align: justify;\" data-sourcepos=\"15:1-15:388\">Durante la audiencia inicial, el juez de control valor\u00f3 los elementos presentados por la Fiscal\u00eda y determin\u00f3 vincular a proceso al imputado, imponi\u00e9ndole la medida cautelar de prisi\u00f3n preventiva justificada.<\/p>\n<p>&nbsp;<\/p>\n<p style=\"text-align: justify;\" data-sourcepos=\"17:1-17:206\">Con esta resoluci\u00f3n, las autoridades env\u00edan un mensaje claro de que no tolerar\u00e1n ning\u00fan tipo de violencia, especialmente en lugares donde se supone que las personas buscan ayuda para superar sus adicciones.<\/p>\n<p>&nbsp;<\/p>\n<p style=\"text-align: center;\" data-sourcepos=\"17:1-17:206\"><em><strong>\u00a1Informaci\u00f3n que transforma!<\/strong><\/em><\/p>\n","protected":false},"excerpt":{"rendered":"<p>La Fiscal\u00eda General del Estado de Quer\u00e9taro ha dado un paso importante en la b\u00fasqueda de justicia para una v\u00edctima de maltrato en un anexo de rehabilitaci\u00f3n.<\/p>\n","protected":false},"author":3,"featured_media":9539,"comment_status":"open","ping_status":"open","sticky":false,"template":"","format":"standard","meta":{"footnotes":""},"categories":[137,58],"tags":[1197,3032,2374,133],"class_list":["post-9538","post","type-post","status-publish","format-standard","has-post-thumbnail","hentry","category-sucesos","category-ultima-hora","tag-justiciaparalasvictimas","tag-maltratoenanexos","tag-prisionpreventiva","tag-queretaro"],"yoast_head":"<!-- This site is optimized with the Yoast SEO plugin v25.0 - https:\/\/yoast.com\/wordpress\/plugins\/seo\/ -->\n<title>Detenido por maltrato en anexo de rehabilitaci\u00f3n en prisi\u00f3n por lesiones y privaci\u00f3n de la libertad | Nexo Informativo Santiago de Quer\u00e9taro<\/title>\n<meta name=\"description\" content=\"Detenido por maltrato en anexo de rehabilitaci\u00f3n en prisi\u00f3n por lesiones y privaci\u00f3n de la libertad\" \/>\n<meta name=\"robots\" content=\"index, follow, max-snippet:-1, max-image-preview:large, max-video-preview:-1\" \/>\n<link rel=\"canonical\" href=\"https:\/\/www.nexoinformativo.mx\/index.php\/2025\/01\/08\/detenido-por-maltrato-en-anexo-de-rehabilitacion-en-prision-por-lesiones-y-privacion-de-la-libertad\/\" \/>\n<meta property=\"og:locale\" content=\"es_MX\" \/>\n<meta property=\"og:type\" content=\"article\" \/>\n<meta property=\"og:title\" content=\"Detenido por maltrato en anexo de rehabilitaci\u00f3n en prisi\u00f3n por lesiones y privaci\u00f3n de la libertad | Nexo Informativo Santiago de Quer\u00e9taro\" \/>\n<meta property=\"og:description\" content=\"Detenido por maltrato en anexo de rehabilitaci\u00f3n en prisi\u00f3n por lesiones y privaci\u00f3n de la libertad\" \/>\n<meta property=\"og:url\" content=\"https:\/\/www.nexoinformativo.mx\/index.php\/2025\/01\/08\/detenido-por-maltrato-en-anexo-de-rehabilitacion-en-prision-por-lesiones-y-privacion-de-la-libertad\/\" \/>\n<meta property=\"og:site_name\" content=\"Nexo Informativo Santiago de Quer\u00e9taro\" \/>\n<meta property=\"article:publisher\" content=\"https:\/\/www.facebook.com\/people\/Nexo-Informativo\/61564066885511\/\" \/>\n<meta property=\"article:published_time\" content=\"2025-01-08T17:00:37+00:00\" \/>\n<meta property=\"article:modified_time\" content=\"2025-01-08T20:00:07+00:00\" \/>\n<meta property=\"og:image\" content=\"https:\/\/www.nexoinformativo.mx\/wp-content\/uploads\/2025\/01\/PHOTO-2025-01-08-12-42-11-e1736366323917.jpg\" \/>\n\t<meta property=\"og:image:width\" content=\"800\" \/>\n\t<meta property=\"og:image:height\" content=\"504\" \/>\n\t<meta property=\"og:image:type\" content=\"image\/jpeg\" \/>\n<meta name=\"author\" content=\"Nexo Informativo\" \/>\n<meta name=\"twitter:card\" content=\"summary_large_image\" \/>\n<meta name=\"twitter:label1\" content=\"Escrito por\" \/>\n\t<meta name=\"twitter:data1\" content=\"Nexo Informativo\" \/>\n\t<meta name=\"twitter:label2\" content=\"Tiempo de lectura\" \/>\n\t<meta name=\"twitter:data2\" content=\"2 minutos\" \/>\n<script type=\"application\/ld+json\" class=\"yoast-schema-graph\">{\"@context\":\"https:\/\/schema.org\",\"@graph\":[{\"@type\":\"Article\",\"@id\":\"https:\/\/www.nexoinformativo.mx\/index.php\/2025\/01\/08\/detenido-por-maltrato-en-anexo-de-rehabilitacion-en-prision-por-lesiones-y-privacion-de-la-libertad\/#article\",\"isPartOf\":{\"@id\":\"https:\/\/www.nexoinformativo.mx\/index.php\/2025\/01\/08\/detenido-por-maltrato-en-anexo-de-rehabilitacion-en-prision-por-lesiones-y-privacion-de-la-libertad\/\"},\"author\":{\"name\":\"Nexo Informativo\",\"@id\":\"https:\/\/www.nexoinformativo.mx\/#\/schema\/person\/7749d380ba08c8ca00d7bc76fd907b7d\"},\"headline\":\"Detenido por maltrato en anexo de rehabilitaci\u00f3n en prisi\u00f3n por lesiones y privaci\u00f3n de la libertad\",\"datePublished\":\"2025-01-08T17:00:37+00:00\",\"dateModified\":\"2025-01-08T20:00:07+00:00\",\"mainEntityOfPage\":{\"@id\":\"https:\/\/www.nexoinformativo.mx\/index.php\/2025\/01\/08\/detenido-por-maltrato-en-anexo-de-rehabilitacion-en-prision-por-lesiones-y-privacion-de-la-libertad\/\"},\"wordCount\":238,\"commentCount\":0,\"publisher\":{\"@id\":\"https:\/\/www.nexoinformativo.mx\/#organization\"},\"image\":{\"@id\":\"https:\/\/www.nexoinformativo.mx\/index.php\/2025\/01\/08\/detenido-por-maltrato-en-anexo-de-rehabilitacion-en-prision-por-lesiones-y-privacion-de-la-libertad\/#primaryimage\"},\"thumbnailUrl\":\"https:\/\/www.nexoinformativo.mx\/wp-content\/uploads\/2025\/01\/PHOTO-2025-01-08-12-42-11-e1736366323917.jpg\",\"keywords\":[\"JusticiaParaLasV\u00edctimas\",\"MaltratoEnAnexos\",\"Prisi\u00f3nPreventiva\",\"Quer\u00e9taro\"],\"articleSection\":[\"Sucesos\",\"\u00daltima Hora\"],\"inLanguage\":\"es\",\"potentialAction\":[{\"@type\":\"CommentAction\",\"name\":\"Comment\",\"target\":[\"https:\/\/www.nexoinformativo.mx\/index.php\/2025\/01\/08\/detenido-por-maltrato-en-anexo-de-rehabilitacion-en-prision-por-lesiones-y-privacion-de-la-libertad\/#respond\"]}]},{\"@type\":\"WebPage\",\"@id\":\"https:\/\/www.nexoinformativo.mx\/index.php\/2025\/01\/08\/detenido-por-maltrato-en-anexo-de-rehabilitacion-en-prision-por-lesiones-y-privacion-de-la-libertad\/\",\"url\":\"https:\/\/www.nexoinformativo.mx\/index.php\/2025\/01\/08\/detenido-por-maltrato-en-anexo-de-rehabilitacion-en-prision-por-lesiones-y-privacion-de-la-libertad\/\",\"name\":\"Detenido por maltrato en anexo de rehabilitaci\u00f3n en prisi\u00f3n por lesiones y privaci\u00f3n de la libertad | Nexo Informativo Santiago de Quer\u00e9taro\",\"isPartOf\":{\"@id\":\"https:\/\/www.nexoinformativo.mx\/#website\"},\"primaryImageOfPage\":{\"@id\":\"https:\/\/www.nexoinformativo.mx\/index.php\/2025\/01\/08\/detenido-por-maltrato-en-anexo-de-rehabilitacion-en-prision-por-lesiones-y-privacion-de-la-libertad\/#primaryimage\"},\"image\":{\"@id\":\"https:\/\/www.nexoinformativo.mx\/index.php\/2025\/01\/08\/detenido-por-maltrato-en-anexo-de-rehabilitacion-en-prision-por-lesiones-y-privacion-de-la-libertad\/#primaryimage\"},\"thumbnailUrl\":\"https:\/\/www.nexoinformativo.mx\/wp-content\/uploads\/2025\/01\/PHOTO-2025-01-08-12-42-11-e1736366323917.jpg\",\"datePublished\":\"2025-01-08T17:00:37+00:00\",\"dateModified\":\"2025-01-08T20:00:07+00:00\",\"description\":\"Detenido por maltrato en anexo de rehabilitaci\u00f3n en prisi\u00f3n por lesiones y privaci\u00f3n de la libertad\",\"breadcrumb\":{\"@id\":\"https:\/\/www.nexoinformativo.mx\/index.php\/2025\/01\/08\/detenido-por-maltrato-en-anexo-de-rehabilitacion-en-prision-por-lesiones-y-privacion-de-la-libertad\/#breadcrumb\"},\"inLanguage\":\"es\",\"potentialAction\":[{\"@type\":\"ReadAction\",\"target\":[\"https:\/\/www.nexoinformativo.mx\/index.php\/2025\/01\/08\/detenido-por-maltrato-en-anexo-de-rehabilitacion-en-prision-por-lesiones-y-privacion-de-la-libertad\/\"]}]},{\"@type\":\"ImageObject\",\"inLanguage\":\"es\",\"@id\":\"https:\/\/www.nexoinformativo.mx\/index.php\/2025\/01\/08\/detenido-por-maltrato-en-anexo-de-rehabilitacion-en-prision-por-lesiones-y-privacion-de-la-libertad\/#primaryimage\",\"url\":\"https:\/\/www.nexoinformativo.mx\/wp-content\/uploads\/2025\/01\/PHOTO-2025-01-08-12-42-11-e1736366323917.jpg\",\"contentUrl\":\"https:\/\/www.nexoinformativo.mx\/wp-content\/uploads\/2025\/01\/PHOTO-2025-01-08-12-42-11-e1736366323917.jpg\",\"width\":800,\"height\":504},{\"@type\":\"BreadcrumbList\",\"@id\":\"https:\/\/www.nexoinformativo.mx\/index.php\/2025\/01\/08\/detenido-por-maltrato-en-anexo-de-rehabilitacion-en-prision-por-lesiones-y-privacion-de-la-libertad\/#breadcrumb\",\"itemListElement\":[{\"@type\":\"ListItem\",\"position\":1,\"name\":\"Inicio\",\"item\":\"https:\/\/www.nexoinformativo.mx\/\"},{\"@type\":\"ListItem\",\"position\":2,\"name\":\"Detenido por maltrato en anexo de rehabilitaci\u00f3n en prisi\u00f3n por lesiones y privaci\u00f3n de la libertad\"}]},{\"@type\":\"WebSite\",\"@id\":\"https:\/\/www.nexoinformativo.mx\/#website\",\"url\":\"https:\/\/www.nexoinformativo.mx\/\",\"name\":\"Nexo Informativo Santiago de Quer\u00e9taro\",\"description\":\"Explora NexoInformativo y convi\u00e9rtete en parte de una comunidad que valora el conocimiento y la verdad. Tu nexoinformativo es tu puente hacia una comprensi\u00f3n m\u00e1s profunda del mundo que te rodea.\",\"publisher\":{\"@id\":\"https:\/\/www.nexoinformativo.mx\/#organization\"},\"potentialAction\":[{\"@type\":\"SearchAction\",\"target\":{\"@type\":\"EntryPoint\",\"urlTemplate\":\"https:\/\/www.nexoinformativo.mx\/?s={search_term_string}\"},\"query-input\":{\"@type\":\"PropertyValueSpecification\",\"valueRequired\":true,\"valueName\":\"search_term_string\"}}],\"inLanguage\":\"es\"},{\"@type\":\"Organization\",\"@id\":\"https:\/\/www.nexoinformativo.mx\/#organization\",\"name\":\"Nexo Informativo Santiago de Quer\u00e9taro\",\"url\":\"https:\/\/www.nexoinformativo.mx\/\",\"logo\":{\"@type\":\"ImageObject\",\"inLanguage\":\"es\",\"@id\":\"https:\/\/www.nexoinformativo.mx\/#\/schema\/logo\/image\/\",\"url\":\"https:\/\/www.nexoinformativo.mx\/wp-content\/uploads\/2024\/07\/nexoi-trasparente-2.png\",\"contentUrl\":\"https:\/\/www.nexoinformativo.mx\/wp-content\/uploads\/2024\/07\/nexoi-trasparente-2.png\",\"width\":816,\"height\":339,\"caption\":\"Nexo Informativo Santiago de Quer\u00e9taro\"},\"image\":{\"@id\":\"https:\/\/www.nexoinformativo.mx\/#\/schema\/logo\/image\/\"},\"sameAs\":[\"https:\/\/www.facebook.com\/people\/Nexo-Informativo\/61564066885511\/\"]},{\"@type\":\"Person\",\"@id\":\"https:\/\/www.nexoinformativo.mx\/#\/schema\/person\/7749d380ba08c8ca00d7bc76fd907b7d\",\"name\":\"Nexo Informativo\",\"image\":{\"@type\":\"ImageObject\",\"inLanguage\":\"es\",\"@id\":\"https:\/\/www.nexoinformativo.mx\/#\/schema\/person\/image\/\",\"url\":\"https:\/\/secure.gravatar.com\/avatar\/dde2928154642a13d95f87ddf1ea9718fe2b46760a005c53e41ff5ad610704e6?s=96&d=mm&r=g\",\"contentUrl\":\"https:\/\/secure.gravatar.com\/avatar\/dde2928154642a13d95f87ddf1ea9718fe2b46760a005c53e41ff5ad610704e6?s=96&d=mm&r=g\",\"caption\":\"Nexo Informativo\"},\"url\":\"https:\/\/www.nexoinformativo.mx\/index.php\/author\/edicion\/\"}]}<\/script>\n<!-- \/ Yoast SEO plugin. -->","yoast_head_json":{"title":"Detenido por maltrato en anexo de rehabilitaci\u00f3n en prisi\u00f3n por lesiones y privaci\u00f3n de la libertad | Nexo Informativo Santiago de Quer\u00e9taro","description":"Detenido por maltrato en anexo de rehabilitaci\u00f3n en prisi\u00f3n por lesiones y privaci\u00f3n de la libertad","robots":{"index":"index","follow":"follow","max-snippet":"max-snippet:-1","max-image-preview":"max-image-preview:large","max-video-preview":"max-video-preview:-1"},"canonical":"https:\/\/www.nexoinformativo.mx\/index.php\/2025\/01\/08\/detenido-por-maltrato-en-anexo-de-rehabilitacion-en-prision-por-lesiones-y-privacion-de-la-libertad\/","og_locale":"es_MX","og_type":"article","og_title":"Detenido por maltrato en anexo de rehabilitaci\u00f3n en prisi\u00f3n por lesiones y privaci\u00f3n de la libertad | Nexo Informativo Santiago de Quer\u00e9taro","og_description":"Detenido por maltrato en anexo de rehabilitaci\u00f3n en prisi\u00f3n por lesiones y privaci\u00f3n de la libertad","og_url":"https:\/\/www.nexoinformativo.mx\/index.php\/2025\/01\/08\/detenido-por-maltrato-en-anexo-de-rehabilitacion-en-prision-por-lesiones-y-privacion-de-la-libertad\/","og_site_name":"Nexo Informativo Santiago de Quer\u00e9taro","article_publisher":"https:\/\/www.facebook.com\/people\/Nexo-Informativo\/61564066885511\/","article_published_time":"2025-01-08T17:00:37+00:00","article_modified_time":"2025-01-08T20:00:07+00:00","og_image":[{"width":800,"height":504,"url":"https:\/\/www.nexoinformativo.mx\/wp-content\/uploads\/2025\/01\/PHOTO-2025-01-08-12-42-11-e1736366323917.jpg","type":"image\/jpeg"}],"author":"Nexo Informativo","twitter_card":"summary_large_image","twitter_misc":{"Escrito por":"Nexo Informativo","Tiempo de lectura":"2 minutos"},"schema":{"@context":"https:\/\/schema.org","@graph":[{"@type":"Article","@id":"https:\/\/www.nexoinformativo.mx\/index.php\/2025\/01\/08\/detenido-por-maltrato-en-anexo-de-rehabilitacion-en-prision-por-lesiones-y-privacion-de-la-libertad\/#article","isPartOf":{"@id":"https:\/\/www.nexoinformativo.mx\/index.php\/2025\/01\/08\/detenido-por-maltrato-en-anexo-de-rehabilitacion-en-prision-por-lesiones-y-privacion-de-la-libertad\/"},"author":{"name":"Nexo Informativo","@id":"https:\/\/www.nexoinformativo.mx\/#\/schema\/person\/7749d380ba08c8ca00d7bc76fd907b7d"},"headline":"Detenido por maltrato en anexo de rehabilitaci\u00f3n en prisi\u00f3n por lesiones y privaci\u00f3n de la libertad","datePublished":"2025-01-08T17:00:37+00:00","dateModified":"2025-01-08T20:00:07+00:00","mainEntityOfPage":{"@id":"https:\/\/www.nexoinformativo.mx\/index.php\/2025\/01\/08\/detenido-por-maltrato-en-anexo-de-rehabilitacion-en-prision-por-lesiones-y-privacion-de-la-libertad\/"},"wordCount":238,"commentCount":0,"publisher":{"@id":"https:\/\/www.nexoinformativo.mx\/#organization"},"image":{"@id":"https:\/\/www.nexoinformativo.mx\/index.php\/2025\/01\/08\/detenido-por-maltrato-en-anexo-de-rehabilitacion-en-prision-por-lesiones-y-privacion-de-la-libertad\/#primaryimage"},"thumbnailUrl":"https:\/\/www.nexoinformativo.mx\/wp-content\/uploads\/2025\/01\/PHOTO-2025-01-08-12-42-11-e1736366323917.jpg","keywords":["JusticiaParaLasV\u00edctimas","MaltratoEnAnexos","Prisi\u00f3nPreventiva","Quer\u00e9taro"],"articleSection":["Sucesos","\u00daltima Hora"],"inLanguage":"es","potentialAction":[{"@type":"CommentAction","name":"Comment","target":["https:\/\/www.nexoinformativo.mx\/index.php\/2025\/01\/08\/detenido-por-maltrato-en-anexo-de-rehabilitacion-en-prision-por-lesiones-y-privacion-de-la-libertad\/#respond"]}]},{"@type":"WebPage","@id":"https:\/\/www.nexoinformativo.mx\/index.php\/2025\/01\/08\/detenido-por-maltrato-en-anexo-de-rehabilitacion-en-prision-por-lesiones-y-privacion-de-la-libertad\/","url":"https:\/\/www.nexoinformativo.mx\/index.php\/2025\/01\/08\/detenido-por-maltrato-en-anexo-de-rehabilitacion-en-prision-por-lesiones-y-privacion-de-la-libertad\/","name":"Detenido por maltrato en anexo de rehabilitaci\u00f3n en prisi\u00f3n por lesiones y privaci\u00f3n de la libertad | Nexo Informativo Santiago de Quer\u00e9taro","isPartOf":{"@id":"https:\/\/www.nexoinformativo.mx\/#website"},"primaryImageOfPage":{"@id":"https:\/\/www.nexoinformativo.mx\/index.php\/2025\/01\/08\/detenido-por-maltrato-en-anexo-de-rehabilitacion-en-prision-por-lesiones-y-privacion-de-la-libertad\/#primaryimage"},"image":{"@id":"https:\/\/www.nexoinformativo.mx\/index.php\/2025\/01\/08\/detenido-por-maltrato-en-anexo-de-rehabilitacion-en-prision-por-lesiones-y-privacion-de-la-libertad\/#primaryimage"},"thumbnailUrl":"https:\/\/www.nexoinformativo.mx\/wp-content\/uploads\/2025\/01\/PHOTO-2025-01-08-12-42-11-e1736366323917.jpg","datePublished":"2025-01-08T17:00:37+00:00","dateModified":"2025-01-08T20:00:07+00:00","description":"Detenido por maltrato en anexo de rehabilitaci\u00f3n en prisi\u00f3n por lesiones y privaci\u00f3n de la libertad","breadcrumb":{"@id":"https:\/\/www.nexoinformativo.mx\/index.php\/2025\/01\/08\/detenido-por-maltrato-en-anexo-de-rehabilitacion-en-prision-por-lesiones-y-privacion-de-la-libertad\/#breadcrumb"},"inLanguage":"es","potentialAction":[{"@type":"ReadAction","target":["https:\/\/www.nexoinformativo.mx\/index.php\/2025\/01\/08\/detenido-por-maltrato-en-anexo-de-rehabilitacion-en-prision-por-lesiones-y-privacion-de-la-libertad\/"]}]},{"@type":"ImageObject","inLanguage":"es","@id":"https:\/\/www.nexoinformativo.mx\/index.php\/2025\/01\/08\/detenido-por-maltrato-en-anexo-de-rehabilitacion-en-prision-por-lesiones-y-privacion-de-la-libertad\/#primaryimage","url":"https:\/\/www.nexoinformativo.mx\/wp-content\/uploads\/2025\/01\/PHOTO-2025-01-08-12-42-11-e1736366323917.jpg","contentUrl":"https:\/\/www.nexoinformativo.mx\/wp-content\/uploads\/2025\/01\/PHOTO-2025-01-08-12-42-11-e1736366323917.jpg","width":800,"height":504},{"@type":"BreadcrumbList","@id":"https:\/\/www.nexoinformativo.mx\/index.php\/2025\/01\/08\/detenido-por-maltrato-en-anexo-de-rehabilitacion-en-prision-por-lesiones-y-privacion-de-la-libertad\/#breadcrumb","itemListElement":[{"@type":"ListItem","position":1,"name":"Inicio","item":"https:\/\/www.nexoinformativo.mx\/"},{"@type":"ListItem","position":2,"name":"Detenido por maltrato en anexo de rehabilitaci\u00f3n en prisi\u00f3n por lesiones y privaci\u00f3n de la libertad"}]},{"@type":"WebSite","@id":"https:\/\/www.nexoinformativo.mx\/#website","url":"https:\/\/www.nexoinformativo.mx\/","name":"Nexo Informativo Santiago de Quer\u00e9taro","description":"Explora NexoInformativo y convi\u00e9rtete en parte de una comunidad que valora el conocimiento y la verdad. Tu nexoinformativo es tu puente hacia una comprensi\u00f3n m\u00e1s profunda del mundo que te rodea.","publisher":{"@id":"https:\/\/www.nexoinformativo.mx\/#organization"},"potentialAction":[{"@type":"SearchAction","target":{"@type":"EntryPoint","urlTemplate":"https:\/\/www.nexoinformativo.mx\/?s={search_term_string}"},"query-input":{"@type":"PropertyValueSpecification","valueRequired":true,"valueName":"search_term_string"}}],"inLanguage":"es"},{"@type":"Organization","@id":"https:\/\/www.nexoinformativo.mx\/#organization","name":"Nexo Informativo Santiago de Quer\u00e9taro","url":"https:\/\/www.nexoinformativo.mx\/","logo":{"@type":"ImageObject","inLanguage":"es","@id":"https:\/\/www.nexoinformativo.mx\/#\/schema\/logo\/image\/","url":"https:\/\/www.nexoinformativo.mx\/wp-content\/uploads\/2024\/07\/nexoi-trasparente-2.png","contentUrl":"https:\/\/www.nexoinformativo.mx\/wp-content\/uploads\/2024\/07\/nexoi-trasparente-2.png","width":816,"height":339,"caption":"Nexo Informativo Santiago de Quer\u00e9taro"},"image":{"@id":"https:\/\/www.nexoinformativo.mx\/#\/schema\/logo\/image\/"},"sameAs":["https:\/\/www.facebook.com\/people\/Nexo-Informativo\/61564066885511\/"]},{"@type":"Person","@id":"https:\/\/www.nexoinformativo.mx\/#\/schema\/person\/7749d380ba08c8ca00d7bc76fd907b7d","name":"Nexo Informativo","image":{"@type":"ImageObject","inLanguage":"es","@id":"https:\/\/www.nexoinformativo.mx\/#\/schema\/person\/image\/","url":"https:\/\/secure.gravatar.com\/avatar\/dde2928154642a13d95f87ddf1ea9718fe2b46760a005c53e41ff5ad610704e6?s=96&d=mm&r=g","contentUrl":"https:\/\/secure.gravatar.com\/avatar\/dde2928154642a13d95f87ddf1ea9718fe2b46760a005c53e41ff5ad610704e6?s=96&d=mm&r=g","caption":"Nexo Informativo"},"url":"https:\/\/www.nexoinformativo.mx\/index.php\/author\/edicion\/"}]}},"_links":{"self":[{"href":"https:\/\/www.nexoinformativo.mx\/index.php\/wp-json\/wp\/v2\/posts\/9538","targetHints":{"allow":["GET"]}}],"collection":[{"href":"https:\/\/www.nexoinformativo.mx\/index.php\/wp-json\/wp\/v2\/posts"}],"about":[{"href":"https:\/\/www.nexoinformativo.mx\/index.php\/wp-json\/wp\/v2\/types\/post"}],"author":[{"embeddable":true,"href":"https:\/\/www.nexoinformativo.mx\/index.php\/wp-json\/wp\/v2\/users\/3"}],"replies":[{"embeddable":true,"href":"https:\/\/www.nexoinformativo.mx\/index.php\/wp-json\/wp\/v2\/comments?post=9538"}],"version-history":[{"count":4,"href":"https:\/\/www.nexoinformativo.mx\/index.php\/wp-json\/wp\/v2\/posts\/9538\/revisions"}],"predecessor-version":[{"id":9542,"href":"https:\/\/www.nexoinformativo.mx\/index.php\/wp-json\/wp\/v2\/posts\/9538\/revisions\/9542"}],"wp:featuredmedia":[{"embeddable":true,"href":"https:\/\/www.nexoinformativo.mx\/index.php\/wp-json\/wp\/v2\/media\/9539"}],"wp:attachment":[{"href":"https:\/\/www.nexoinformativo.mx\/index.php\/wp-json\/wp\/v2\/media?parent=9538"}],"wp:term":[{"taxonomy":"category","embeddable":true,"href":"https:\/\/www.nexoinformativo.mx\/index.php\/wp-json\/wp\/v2\/categories?post=9538"},{"taxonomy":"post_tag","embeddable":true,"href":"https:\/\/www.nexoinformativo.mx\/index.php\/wp-json\/wp\/v2\/tags?post=9538"}],"curies":[{"name":"wp","href":"https:\/\/api.w.org\/{rel}","templated":true}]}}