{"id":9545,"date":"2025-01-08T14:00:53","date_gmt":"2025-01-08T20:00:53","guid":{"rendered":"https:\/\/www.nexoinformativo.mx\/?p=9545"},"modified":"2025-01-08T17:05:50","modified_gmt":"2025-01-08T23:05:50","slug":"fge-desarticula-celula-delictiva-detienen-a-uno-y-aseguran-arsenal-en-cadereyta-y-san-joaquin","status":"publish","type":"post","link":"https:\/\/www.nexoinformativo.mx\/index.php\/2025\/01\/08\/fge-desarticula-celula-delictiva-detienen-a-uno-y-aseguran-arsenal-en-cadereyta-y-san-joaquin\/","title":{"rendered":"FGE desarticula c\u00e9lula delictiva detienen a uno y aseguran arsenal en Cadereyta y San Joaqu\u00edn"},"content":{"rendered":"<p style=\"text-align: justify;\" data-sourcepos=\"11:1-11:311\">La Fiscal\u00eda General del Estado de Quer\u00e9taro (FGE) llev\u00f3 a cabo dos cateos simult\u00e1neos en los municipios de Cadereyta de Montes y San Joaqu\u00edn, como parte de las investigaciones por delitos contra la salud. Como resultado de estos operativos, se logr\u00f3 la detenci\u00f3n de una persona y el aseguramiento de armas.<\/p>\n<\/p>\n<p>&nbsp;<\/p>\n<p style=\"text-align: justify;\" data-sourcepos=\"13:1-13:317\">El primer cateo se realiz\u00f3 en la localidad de Vizarr\u00f3n de Montes, donde los agentes de la Fiscal\u00eda encontraron y aseguraron diversas armas de fuego y cartuchos \u00fatiles. En este lugar, se logr\u00f3 la detenci\u00f3n de una persona, quien qued\u00f3 a disposici\u00f3n de la autoridad correspondiente para determinar su situaci\u00f3n jur\u00eddica.<\/p>\n<\/p>\n<p>&nbsp;<\/p>\n<p style=\"text-align: justify;\" data-sourcepos=\"15:1-15:171\">En el segundo cateo, realizado en el municipio de San Joaqu\u00edn, se aseguraron sustancias il\u00edcitas y diversos documentos que ser\u00e1n analizados como parte de la investigaci\u00f3n.<\/p>\n<\/p>\n<p>&nbsp;<\/p>\n<p style=\"text-align: justify;\" data-sourcepos=\"17:1-17:269\">Estos operativos son el resultado de trabajos de inteligencia realizados por la Fiscal\u00eda, que permitieron obtener las \u00f3rdenes de cateo correspondientes. Con estas acciones, la FGE refrenda su compromiso de combatir el delito y garantizar la seguridad de los ciudadanos.<\/p>\n<\/p>\n<p>&nbsp;<\/p>\n<p style=\"text-align: center;\" data-sourcepos=\"17:1-17:269\"><em><strong>\u00a1Informaci\u00f3n que transforma!<\/strong><\/em><\/p>\n","protected":false},"excerpt":{"rendered":"<p>La Fiscal\u00eda General del Estado de Quer\u00e9taro (FGE) llev\u00f3 a cabo dos cateos simult\u00e1neos en los municipios de Cadereyta de Montes y San Joaqu\u00edn, como parte de las investigaciones por delitos contra la salud. Como resultado de estos operativos, se logr\u00f3 la detenci\u00f3n de una persona y el aseguramiento de armas.<\/p>\n","protected":false},"author":3,"featured_media":9546,"comment_status":"open","ping_status":"open","sticky":false,"template":"","format":"standard","meta":{"footnotes":""},"categories":[65,137,58],"tags":[3034,3033,723,266],"class_list":["post-9545","post","type-post","status-publish","format-standard","has-post-thumbnail","hentry","category-municipios","category-sucesos","category-ultima-hora","tag-armamentoasegurado","tag-cateosfge","tag-detenciones","tag-seguridadqueretaro"],"yoast_head":"<!-- This site is optimized with the Yoast SEO plugin v25.0 - https:\/\/yoast.com\/wordpress\/plugins\/seo\/ -->\n<title>FGE desarticula c\u00e9lula delictiva detienen a uno y aseguran arsenal en Cadereyta y San Joaqu\u00edn | Nexo Informativo Santiago de Quer\u00e9taro<\/title>\n<meta name=\"description\" content=\"FGE desarticula c\u00e9lula delictiva detienen a uno y aseguran arsenal en Cadereyta y San Joaqu\u00edn\" \/>\n<meta name=\"robots\" content=\"index, follow, max-snippet:-1, max-image-preview:large, max-video-preview:-1\" \/>\n<link rel=\"canonical\" href=\"https:\/\/www.nexoinformativo.mx\/index.php\/2025\/01\/08\/fge-desarticula-celula-delictiva-detienen-a-uno-y-aseguran-arsenal-en-cadereyta-y-san-joaquin\/\" \/>\n<meta property=\"og:locale\" content=\"es_MX\" \/>\n<meta property=\"og:type\" content=\"article\" \/>\n<meta property=\"og:title\" content=\"FGE desarticula c\u00e9lula delictiva detienen a uno y aseguran arsenal en Cadereyta y San Joaqu\u00edn | Nexo Informativo Santiago de Quer\u00e9taro\" \/>\n<meta property=\"og:description\" content=\"FGE desarticula c\u00e9lula delictiva detienen a uno y aseguran arsenal en Cadereyta y San Joaqu\u00edn\" \/>\n<meta property=\"og:url\" content=\"https:\/\/www.nexoinformativo.mx\/index.php\/2025\/01\/08\/fge-desarticula-celula-delictiva-detienen-a-uno-y-aseguran-arsenal-en-cadereyta-y-san-joaquin\/\" \/>\n<meta property=\"og:site_name\" content=\"Nexo Informativo Santiago de Quer\u00e9taro\" \/>\n<meta property=\"article:publisher\" content=\"https:\/\/www.facebook.com\/people\/Nexo-Informativo\/61564066885511\/\" \/>\n<meta property=\"article:published_time\" content=\"2025-01-08T20:00:53+00:00\" \/>\n<meta property=\"article:modified_time\" content=\"2025-01-08T23:05:50+00:00\" \/>\n<meta property=\"og:image\" content=\"https:\/\/www.nexoinformativo.mx\/wp-content\/uploads\/2025\/01\/PHOTO-2025-01-08-15-25-10-e1736377507710.jpg\" \/>\n\t<meta property=\"og:image:width\" content=\"800\" \/>\n\t<meta property=\"og:image:height\" content=\"504\" \/>\n\t<meta property=\"og:image:type\" content=\"image\/jpeg\" \/>\n<meta name=\"author\" content=\"Nexo Informativo\" \/>\n<meta name=\"twitter:card\" content=\"summary_large_image\" \/>\n<meta name=\"twitter:label1\" content=\"Escrito por\" \/>\n\t<meta name=\"twitter:data1\" content=\"Nexo Informativo\" \/>\n\t<meta name=\"twitter:label2\" content=\"Tiempo de lectura\" \/>\n\t<meta name=\"twitter:data2\" content=\"1 minuto\" \/>\n<script type=\"application\/ld+json\" class=\"yoast-schema-graph\">{\"@context\":\"https:\/\/schema.org\",\"@graph\":[{\"@type\":\"Article\",\"@id\":\"https:\/\/www.nexoinformativo.mx\/index.php\/2025\/01\/08\/fge-desarticula-celula-delictiva-detienen-a-uno-y-aseguran-arsenal-en-cadereyta-y-san-joaquin\/#article\",\"isPartOf\":{\"@id\":\"https:\/\/www.nexoinformativo.mx\/index.php\/2025\/01\/08\/fge-desarticula-celula-delictiva-detienen-a-uno-y-aseguran-arsenal-en-cadereyta-y-san-joaquin\/\"},\"author\":{\"name\":\"Nexo Informativo\",\"@id\":\"https:\/\/www.nexoinformativo.mx\/#\/schema\/person\/7749d380ba08c8ca00d7bc76fd907b7d\"},\"headline\":\"FGE desarticula c\u00e9lula delictiva detienen a uno y aseguran arsenal en Cadereyta y San Joaqu\u00edn\",\"datePublished\":\"2025-01-08T20:00:53+00:00\",\"dateModified\":\"2025-01-08T23:05:50+00:00\",\"mainEntityOfPage\":{\"@id\":\"https:\/\/www.nexoinformativo.mx\/index.php\/2025\/01\/08\/fge-desarticula-celula-delictiva-detienen-a-uno-y-aseguran-arsenal-en-cadereyta-y-san-joaquin\/\"},\"wordCount\":209,\"commentCount\":0,\"publisher\":{\"@id\":\"https:\/\/www.nexoinformativo.mx\/#organization\"},\"image\":{\"@id\":\"https:\/\/www.nexoinformativo.mx\/index.php\/2025\/01\/08\/fge-desarticula-celula-delictiva-detienen-a-uno-y-aseguran-arsenal-en-cadereyta-y-san-joaquin\/#primaryimage\"},\"thumbnailUrl\":\"https:\/\/www.nexoinformativo.mx\/wp-content\/uploads\/2025\/01\/PHOTO-2025-01-08-15-25-10-e1736377507710.jpg\",\"keywords\":[\"ArmamentoAsegurado\",\"CateosFGE\",\"Detenciones\",\"SeguridadQueretaro\"],\"articleSection\":[\"Municipios\",\"Sucesos\",\"\u00daltima Hora\"],\"inLanguage\":\"es\",\"potentialAction\":[{\"@type\":\"CommentAction\",\"name\":\"Comment\",\"target\":[\"https:\/\/www.nexoinformativo.mx\/index.php\/2025\/01\/08\/fge-desarticula-celula-delictiva-detienen-a-uno-y-aseguran-arsenal-en-cadereyta-y-san-joaquin\/#respond\"]}]},{\"@type\":\"WebPage\",\"@id\":\"https:\/\/www.nexoinformativo.mx\/index.php\/2025\/01\/08\/fge-desarticula-celula-delictiva-detienen-a-uno-y-aseguran-arsenal-en-cadereyta-y-san-joaquin\/\",\"url\":\"https:\/\/www.nexoinformativo.mx\/index.php\/2025\/01\/08\/fge-desarticula-celula-delictiva-detienen-a-uno-y-aseguran-arsenal-en-cadereyta-y-san-joaquin\/\",\"name\":\"FGE desarticula c\u00e9lula delictiva detienen a uno y aseguran arsenal en Cadereyta y San Joaqu\u00edn | Nexo Informativo Santiago de Quer\u00e9taro\",\"isPartOf\":{\"@id\":\"https:\/\/www.nexoinformativo.mx\/#website\"},\"primaryImageOfPage\":{\"@id\":\"https:\/\/www.nexoinformativo.mx\/index.php\/2025\/01\/08\/fge-desarticula-celula-delictiva-detienen-a-uno-y-aseguran-arsenal-en-cadereyta-y-san-joaquin\/#primaryimage\"},\"image\":{\"@id\":\"https:\/\/www.nexoinformativo.mx\/index.php\/2025\/01\/08\/fge-desarticula-celula-delictiva-detienen-a-uno-y-aseguran-arsenal-en-cadereyta-y-san-joaquin\/#primaryimage\"},\"thumbnailUrl\":\"https:\/\/www.nexoinformativo.mx\/wp-content\/uploads\/2025\/01\/PHOTO-2025-01-08-15-25-10-e1736377507710.jpg\",\"datePublished\":\"2025-01-08T20:00:53+00:00\",\"dateModified\":\"2025-01-08T23:05:50+00:00\",\"description\":\"FGE desarticula c\u00e9lula delictiva detienen a uno y aseguran arsenal en Cadereyta y San Joaqu\u00edn\",\"breadcrumb\":{\"@id\":\"https:\/\/www.nexoinformativo.mx\/index.php\/2025\/01\/08\/fge-desarticula-celula-delictiva-detienen-a-uno-y-aseguran-arsenal-en-cadereyta-y-san-joaquin\/#breadcrumb\"},\"inLanguage\":\"es\",\"potentialAction\":[{\"@type\":\"ReadAction\",\"target\":[\"https:\/\/www.nexoinformativo.mx\/index.php\/2025\/01\/08\/fge-desarticula-celula-delictiva-detienen-a-uno-y-aseguran-arsenal-en-cadereyta-y-san-joaquin\/\"]}]},{\"@type\":\"ImageObject\",\"inLanguage\":\"es\",\"@id\":\"https:\/\/www.nexoinformativo.mx\/index.php\/2025\/01\/08\/fge-desarticula-celula-delictiva-detienen-a-uno-y-aseguran-arsenal-en-cadereyta-y-san-joaquin\/#primaryimage\",\"url\":\"https:\/\/www.nexoinformativo.mx\/wp-content\/uploads\/2025\/01\/PHOTO-2025-01-08-15-25-10-e1736377507710.jpg\",\"contentUrl\":\"https:\/\/www.nexoinformativo.mx\/wp-content\/uploads\/2025\/01\/PHOTO-2025-01-08-15-25-10-e1736377507710.jpg\",\"width\":800,\"height\":504},{\"@type\":\"BreadcrumbList\",\"@id\":\"https:\/\/www.nexoinformativo.mx\/index.php\/2025\/01\/08\/fge-desarticula-celula-delictiva-detienen-a-uno-y-aseguran-arsenal-en-cadereyta-y-san-joaquin\/#breadcrumb\",\"itemListElement\":[{\"@type\":\"ListItem\",\"position\":1,\"name\":\"Inicio\",\"item\":\"https:\/\/www.nexoinformativo.mx\/\"},{\"@type\":\"ListItem\",\"position\":2,\"name\":\"FGE desarticula c\u00e9lula delictiva detienen a uno y aseguran arsenal en Cadereyta y San Joaqu\u00edn\"}]},{\"@type\":\"WebSite\",\"@id\":\"https:\/\/www.nexoinformativo.mx\/#website\",\"url\":\"https:\/\/www.nexoinformativo.mx\/\",\"name\":\"Nexo Informativo Santiago de Quer\u00e9taro\",\"description\":\"Explora NexoInformativo y convi\u00e9rtete en parte de una comunidad que valora el conocimiento y la verdad. Tu nexoinformativo es tu puente hacia una comprensi\u00f3n m\u00e1s profunda del mundo que te rodea.\",\"publisher\":{\"@id\":\"https:\/\/www.nexoinformativo.mx\/#organization\"},\"potentialAction\":[{\"@type\":\"SearchAction\",\"target\":{\"@type\":\"EntryPoint\",\"urlTemplate\":\"https:\/\/www.nexoinformativo.mx\/?s={search_term_string}\"},\"query-input\":{\"@type\":\"PropertyValueSpecification\",\"valueRequired\":true,\"valueName\":\"search_term_string\"}}],\"inLanguage\":\"es\"},{\"@type\":\"Organization\",\"@id\":\"https:\/\/www.nexoinformativo.mx\/#organization\",\"name\":\"Nexo Informativo Santiago de Quer\u00e9taro\",\"url\":\"https:\/\/www.nexoinformativo.mx\/\",\"logo\":{\"@type\":\"ImageObject\",\"inLanguage\":\"es\",\"@id\":\"https:\/\/www.nexoinformativo.mx\/#\/schema\/logo\/image\/\",\"url\":\"https:\/\/www.nexoinformativo.mx\/wp-content\/uploads\/2024\/07\/nexoi-trasparente-2.png\",\"contentUrl\":\"https:\/\/www.nexoinformativo.mx\/wp-content\/uploads\/2024\/07\/nexoi-trasparente-2.png\",\"width\":816,\"height\":339,\"caption\":\"Nexo Informativo Santiago de Quer\u00e9taro\"},\"image\":{\"@id\":\"https:\/\/www.nexoinformativo.mx\/#\/schema\/logo\/image\/\"},\"sameAs\":[\"https:\/\/www.facebook.com\/people\/Nexo-Informativo\/61564066885511\/\"]},{\"@type\":\"Person\",\"@id\":\"https:\/\/www.nexoinformativo.mx\/#\/schema\/person\/7749d380ba08c8ca00d7bc76fd907b7d\",\"name\":\"Nexo Informativo\",\"image\":{\"@type\":\"ImageObject\",\"inLanguage\":\"es\",\"@id\":\"https:\/\/www.nexoinformativo.mx\/#\/schema\/person\/image\/\",\"url\":\"https:\/\/secure.gravatar.com\/avatar\/dde2928154642a13d95f87ddf1ea9718fe2b46760a005c53e41ff5ad610704e6?s=96&d=mm&r=g\",\"contentUrl\":\"https:\/\/secure.gravatar.com\/avatar\/dde2928154642a13d95f87ddf1ea9718fe2b46760a005c53e41ff5ad610704e6?s=96&d=mm&r=g\",\"caption\":\"Nexo Informativo\"},\"url\":\"https:\/\/www.nexoinformativo.mx\/index.php\/author\/edicion\/\"}]}<\/script>\n<!-- \/ Yoast SEO plugin. -->","yoast_head_json":{"title":"FGE desarticula c\u00e9lula delictiva detienen a uno y aseguran arsenal en Cadereyta y San Joaqu\u00edn | Nexo Informativo Santiago de Quer\u00e9taro","description":"FGE desarticula c\u00e9lula delictiva detienen a uno y aseguran arsenal en Cadereyta y San Joaqu\u00edn","robots":{"index":"index","follow":"follow","max-snippet":"max-snippet:-1","max-image-preview":"max-image-preview:large","max-video-preview":"max-video-preview:-1"},"canonical":"https:\/\/www.nexoinformativo.mx\/index.php\/2025\/01\/08\/fge-desarticula-celula-delictiva-detienen-a-uno-y-aseguran-arsenal-en-cadereyta-y-san-joaquin\/","og_locale":"es_MX","og_type":"article","og_title":"FGE desarticula c\u00e9lula delictiva detienen a uno y aseguran arsenal en Cadereyta y San Joaqu\u00edn | Nexo Informativo Santiago de Quer\u00e9taro","og_description":"FGE desarticula c\u00e9lula delictiva detienen a uno y aseguran arsenal en Cadereyta y San Joaqu\u00edn","og_url":"https:\/\/www.nexoinformativo.mx\/index.php\/2025\/01\/08\/fge-desarticula-celula-delictiva-detienen-a-uno-y-aseguran-arsenal-en-cadereyta-y-san-joaquin\/","og_site_name":"Nexo Informativo Santiago de Quer\u00e9taro","article_publisher":"https:\/\/www.facebook.com\/people\/Nexo-Informativo\/61564066885511\/","article_published_time":"2025-01-08T20:00:53+00:00","article_modified_time":"2025-01-08T23:05:50+00:00","og_image":[{"width":800,"height":504,"url":"https:\/\/www.nexoinformativo.mx\/wp-content\/uploads\/2025\/01\/PHOTO-2025-01-08-15-25-10-e1736377507710.jpg","type":"image\/jpeg"}],"author":"Nexo Informativo","twitter_card":"summary_large_image","twitter_misc":{"Escrito por":"Nexo Informativo","Tiempo de lectura":"1 minuto"},"schema":{"@context":"https:\/\/schema.org","@graph":[{"@type":"Article","@id":"https:\/\/www.nexoinformativo.mx\/index.php\/2025\/01\/08\/fge-desarticula-celula-delictiva-detienen-a-uno-y-aseguran-arsenal-en-cadereyta-y-san-joaquin\/#article","isPartOf":{"@id":"https:\/\/www.nexoinformativo.mx\/index.php\/2025\/01\/08\/fge-desarticula-celula-delictiva-detienen-a-uno-y-aseguran-arsenal-en-cadereyta-y-san-joaquin\/"},"author":{"name":"Nexo Informativo","@id":"https:\/\/www.nexoinformativo.mx\/#\/schema\/person\/7749d380ba08c8ca00d7bc76fd907b7d"},"headline":"FGE desarticula c\u00e9lula delictiva detienen a uno y aseguran arsenal en Cadereyta y San Joaqu\u00edn","datePublished":"2025-01-08T20:00:53+00:00","dateModified":"2025-01-08T23:05:50+00:00","mainEntityOfPage":{"@id":"https:\/\/www.nexoinformativo.mx\/index.php\/2025\/01\/08\/fge-desarticula-celula-delictiva-detienen-a-uno-y-aseguran-arsenal-en-cadereyta-y-san-joaquin\/"},"wordCount":209,"commentCount":0,"publisher":{"@id":"https:\/\/www.nexoinformativo.mx\/#organization"},"image":{"@id":"https:\/\/www.nexoinformativo.mx\/index.php\/2025\/01\/08\/fge-desarticula-celula-delictiva-detienen-a-uno-y-aseguran-arsenal-en-cadereyta-y-san-joaquin\/#primaryimage"},"thumbnailUrl":"https:\/\/www.nexoinformativo.mx\/wp-content\/uploads\/2025\/01\/PHOTO-2025-01-08-15-25-10-e1736377507710.jpg","keywords":["ArmamentoAsegurado","CateosFGE","Detenciones","SeguridadQueretaro"],"articleSection":["Municipios","Sucesos","\u00daltima Hora"],"inLanguage":"es","potentialAction":[{"@type":"CommentAction","name":"Comment","target":["https:\/\/www.nexoinformativo.mx\/index.php\/2025\/01\/08\/fge-desarticula-celula-delictiva-detienen-a-uno-y-aseguran-arsenal-en-cadereyta-y-san-joaquin\/#respond"]}]},{"@type":"WebPage","@id":"https:\/\/www.nexoinformativo.mx\/index.php\/2025\/01\/08\/fge-desarticula-celula-delictiva-detienen-a-uno-y-aseguran-arsenal-en-cadereyta-y-san-joaquin\/","url":"https:\/\/www.nexoinformativo.mx\/index.php\/2025\/01\/08\/fge-desarticula-celula-delictiva-detienen-a-uno-y-aseguran-arsenal-en-cadereyta-y-san-joaquin\/","name":"FGE desarticula c\u00e9lula delictiva detienen a uno y aseguran arsenal en Cadereyta y San Joaqu\u00edn | Nexo Informativo Santiago de Quer\u00e9taro","isPartOf":{"@id":"https:\/\/www.nexoinformativo.mx\/#website"},"primaryImageOfPage":{"@id":"https:\/\/www.nexoinformativo.mx\/index.php\/2025\/01\/08\/fge-desarticula-celula-delictiva-detienen-a-uno-y-aseguran-arsenal-en-cadereyta-y-san-joaquin\/#primaryimage"},"image":{"@id":"https:\/\/www.nexoinformativo.mx\/index.php\/2025\/01\/08\/fge-desarticula-celula-delictiva-detienen-a-uno-y-aseguran-arsenal-en-cadereyta-y-san-joaquin\/#primaryimage"},"thumbnailUrl":"https:\/\/www.nexoinformativo.mx\/wp-content\/uploads\/2025\/01\/PHOTO-2025-01-08-15-25-10-e1736377507710.jpg","datePublished":"2025-01-08T20:00:53+00:00","dateModified":"2025-01-08T23:05:50+00:00","description":"FGE desarticula c\u00e9lula delictiva detienen a uno y aseguran arsenal en Cadereyta y San Joaqu\u00edn","breadcrumb":{"@id":"https:\/\/www.nexoinformativo.mx\/index.php\/2025\/01\/08\/fge-desarticula-celula-delictiva-detienen-a-uno-y-aseguran-arsenal-en-cadereyta-y-san-joaquin\/#breadcrumb"},"inLanguage":"es","potentialAction":[{"@type":"ReadAction","target":["https:\/\/www.nexoinformativo.mx\/index.php\/2025\/01\/08\/fge-desarticula-celula-delictiva-detienen-a-uno-y-aseguran-arsenal-en-cadereyta-y-san-joaquin\/"]}]},{"@type":"ImageObject","inLanguage":"es","@id":"https:\/\/www.nexoinformativo.mx\/index.php\/2025\/01\/08\/fge-desarticula-celula-delictiva-detienen-a-uno-y-aseguran-arsenal-en-cadereyta-y-san-joaquin\/#primaryimage","url":"https:\/\/www.nexoinformativo.mx\/wp-content\/uploads\/2025\/01\/PHOTO-2025-01-08-15-25-10-e1736377507710.jpg","contentUrl":"https:\/\/www.nexoinformativo.mx\/wp-content\/uploads\/2025\/01\/PHOTO-2025-01-08-15-25-10-e1736377507710.jpg","width":800,"height":504},{"@type":"BreadcrumbList","@id":"https:\/\/www.nexoinformativo.mx\/index.php\/2025\/01\/08\/fge-desarticula-celula-delictiva-detienen-a-uno-y-aseguran-arsenal-en-cadereyta-y-san-joaquin\/#breadcrumb","itemListElement":[{"@type":"ListItem","position":1,"name":"Inicio","item":"https:\/\/www.nexoinformativo.mx\/"},{"@type":"ListItem","position":2,"name":"FGE desarticula c\u00e9lula delictiva detienen a uno y aseguran arsenal en Cadereyta y San Joaqu\u00edn"}]},{"@type":"WebSite","@id":"https:\/\/www.nexoinformativo.mx\/#website","url":"https:\/\/www.nexoinformativo.mx\/","name":"Nexo Informativo Santiago de Quer\u00e9taro","description":"Explora NexoInformativo y convi\u00e9rtete en parte de una comunidad que valora el conocimiento y la verdad. Tu nexoinformativo es tu puente hacia una comprensi\u00f3n m\u00e1s profunda del mundo que te rodea.","publisher":{"@id":"https:\/\/www.nexoinformativo.mx\/#organization"},"potentialAction":[{"@type":"SearchAction","target":{"@type":"EntryPoint","urlTemplate":"https:\/\/www.nexoinformativo.mx\/?s={search_term_string}"},"query-input":{"@type":"PropertyValueSpecification","valueRequired":true,"valueName":"search_term_string"}}],"inLanguage":"es"},{"@type":"Organization","@id":"https:\/\/www.nexoinformativo.mx\/#organization","name":"Nexo Informativo Santiago de Quer\u00e9taro","url":"https:\/\/www.nexoinformativo.mx\/","logo":{"@type":"ImageObject","inLanguage":"es","@id":"https:\/\/www.nexoinformativo.mx\/#\/schema\/logo\/image\/","url":"https:\/\/www.nexoinformativo.mx\/wp-content\/uploads\/2024\/07\/nexoi-trasparente-2.png","contentUrl":"https:\/\/www.nexoinformativo.mx\/wp-content\/uploads\/2024\/07\/nexoi-trasparente-2.png","width":816,"height":339,"caption":"Nexo Informativo Santiago de Quer\u00e9taro"},"image":{"@id":"https:\/\/www.nexoinformativo.mx\/#\/schema\/logo\/image\/"},"sameAs":["https:\/\/www.facebook.com\/people\/Nexo-Informativo\/61564066885511\/"]},{"@type":"Person","@id":"https:\/\/www.nexoinformativo.mx\/#\/schema\/person\/7749d380ba08c8ca00d7bc76fd907b7d","name":"Nexo Informativo","image":{"@type":"ImageObject","inLanguage":"es","@id":"https:\/\/www.nexoinformativo.mx\/#\/schema\/person\/image\/","url":"https:\/\/secure.gravatar.com\/avatar\/dde2928154642a13d95f87ddf1ea9718fe2b46760a005c53e41ff5ad610704e6?s=96&d=mm&r=g","contentUrl":"https:\/\/secure.gravatar.com\/avatar\/dde2928154642a13d95f87ddf1ea9718fe2b46760a005c53e41ff5ad610704e6?s=96&d=mm&r=g","caption":"Nexo Informativo"},"url":"https:\/\/www.nexoinformativo.mx\/index.php\/author\/edicion\/"}]}},"_links":{"self":[{"href":"https:\/\/www.nexoinformativo.mx\/index.php\/wp-json\/wp\/v2\/posts\/9545","targetHints":{"allow":["GET"]}}],"collection":[{"href":"https:\/\/www.nexoinformativo.mx\/index.php\/wp-json\/wp\/v2\/posts"}],"about":[{"href":"https:\/\/www.nexoinformativo.mx\/index.php\/wp-json\/wp\/v2\/types\/post"}],"author":[{"embeddable":true,"href":"https:\/\/www.nexoinformativo.mx\/index.php\/wp-json\/wp\/v2\/users\/3"}],"replies":[{"embeddable":true,"href":"https:\/\/www.nexoinformativo.mx\/index.php\/wp-json\/wp\/v2\/comments?post=9545"}],"version-history":[{"count":3,"href":"https:\/\/www.nexoinformativo.mx\/index.php\/wp-json\/wp\/v2\/posts\/9545\/revisions"}],"predecessor-version":[{"id":9549,"href":"https:\/\/www.nexoinformativo.mx\/index.php\/wp-json\/wp\/v2\/posts\/9545\/revisions\/9549"}],"wp:featuredmedia":[{"embeddable":true,"href":"https:\/\/www.nexoinformativo.mx\/index.php\/wp-json\/wp\/v2\/media\/9546"}],"wp:attachment":[{"href":"https:\/\/www.nexoinformativo.mx\/index.php\/wp-json\/wp\/v2\/media?parent=9545"}],"wp:term":[{"taxonomy":"category","embeddable":true,"href":"https:\/\/www.nexoinformativo.mx\/index.php\/wp-json\/wp\/v2\/categories?post=9545"},{"taxonomy":"post_tag","embeddable":true,"href":"https:\/\/www.nexoinformativo.mx\/index.php\/wp-json\/wp\/v2\/tags?post=9545"}],"curies":[{"name":"wp","href":"https:\/\/api.w.org\/{rel}","templated":true}]}}