{"id":9550,"date":"2025-01-08T15:00:26","date_gmt":"2025-01-08T21:00:26","guid":{"rendered":"https:\/\/www.nexoinformativo.mx\/?p=9550"},"modified":"2025-01-08T17:12:09","modified_gmt":"2025-01-08T23:12:09","slug":"rodrigo-monsalvo-fortalece-la-salud-mental-en-el-marques-con-centro-vive","status":"publish","type":"post","link":"https:\/\/www.nexoinformativo.mx\/index.php\/2025\/01\/08\/rodrigo-monsalvo-fortalece-la-salud-mental-en-el-marques-con-centro-vive\/","title":{"rendered":"Rodrigo Monsalvo fortalece la salud mental en El Marqu\u00e9s con Centro Vive"},"content":{"rendered":"<p style=\"text-align: justify;\" data-sourcepos=\"11:1-11:321\">El municipio de El Marqu\u00e9s contin\u00faa consolid\u00e1ndose como un referente en materia de salud mental en el estado de Quer\u00e9taro. Bajo el liderazgo del presidente municipal, Rodrigo Monsalvo se implementar\u00e1n nuevas acciones en 2025 para ampliar la cobertura de servicios y mejorar la calidad de vida de los habitantes.<\/p>\n<p>&nbsp;<\/p>\n<p style=\"text-align: justify;\" data-sourcepos=\"13:1-13:311\">El Instituto para la Prevenci\u00f3n y Atenci\u00f3n de las Adicciones y Conductas de Riesgo <strong>\u201cCentro Vive\u201d<\/strong> ha demostrado ser un modelo exitoso, beneficiando a m\u00e1s de 105 mil personas en 2024. Para este a\u00f1o, se espera ampliar a\u00fan m\u00e1s el alcance de los programas y servicios, llegando a todas las localidades del municipio.<\/p>\n<p>&nbsp;<\/p>\n<p style=\"text-align: justify;\" data-sourcepos=\"15:1-15:293\">Una de las novedades para 2025 es la incorporaci\u00f3n de servicios de atenci\u00f3n neurol\u00f3gica y m\u00e9dica especializada, complementando as\u00ed la oferta actual de atenci\u00f3n psicol\u00f3gica y psiqui\u00e1trica. Estos servicios ser\u00e1n ofrecidos a bajo costo, con el objetivo de hacerlos accesibles a toda la poblaci\u00f3n.<\/p>\n<p>&nbsp;<\/p>\n<p style=\"text-align: justify;\" data-sourcepos=\"17:1-17:253\">Adem\u00e1s, el municipio continuar\u00e1 fortaleciendo los programas de prevenci\u00f3n de adicciones, dirigidos principalmente a j\u00f3venes y ni\u00f1os. La idea es brindarles las herramientas necesarias para tomar decisiones saludables y evitar caer en conductas de riesgo.<\/p>\n<p>&nbsp;<\/p>\n<p style=\"text-align: justify;\" data-sourcepos=\"19:1-19:345\">&#8220;El Marqu\u00e9s es un referente a nivel estatal y a nivel nacional por sus programas preventivos en materia de cuidado de salud mental. El presidente Rodrigo Monsalvo nos ha instruido y nos ha comentado que el cuidado de la salud mental no es un lujo, ni ser\u00e1 un lujo para esta administraci\u00f3n&#8221;, afirm\u00f3 Rafael Jim\u00e9nez L\u00f3pez, director del Centro Vive.<\/p>\n<p>&nbsp;<\/p>\n<p style=\"text-align: center;\" data-sourcepos=\"21:1-21:172\"><em><strong>\u00a1Informaci\u00f3n que transforma!<\/strong><\/em><\/p>\n","protected":false},"excerpt":{"rendered":"<p>El municipio de El Marqu\u00e9s contin\u00faa consolid\u00e1ndose como un referente en materia de salud mental en el estado de Quer\u00e9taro. Bajo el liderazgo del presidente municipal, Rodrigo Monsalvo se implementar\u00e1n nuevas acciones en 2025 para ampliar la cobertura de servicios y mejorar la calidad de vida de los habitantes.<\/p>\n","protected":false},"author":3,"featured_media":9551,"comment_status":"open","ping_status":"open","sticky":false,"template":"","format":"standard","meta":{"footnotes":""},"categories":[65,58],"tags":[679,3035,149,751],"class_list":["post-9550","post","type-post","status-publish","format-standard","has-post-thumbnail","hentry","category-municipios","category-ultima-hora","tag-bienestar","tag-centrovive","tag-elmarques","tag-saludmental"],"yoast_head":"<!-- This site is optimized with the Yoast SEO plugin v25.0 - https:\/\/yoast.com\/wordpress\/plugins\/seo\/ -->\n<title>Rodrigo Monsalvo fortalece la salud mental en El Marqu\u00e9s con Centro Vive | Nexo Informativo Santiago de Quer\u00e9taro<\/title>\n<meta name=\"description\" content=\"Rodrigo Monsalvo fortalece la salud mental en El Marqu\u00e9s con Centro Vive\" \/>\n<meta name=\"robots\" content=\"index, follow, max-snippet:-1, max-image-preview:large, max-video-preview:-1\" \/>\n<link rel=\"canonical\" href=\"https:\/\/www.nexoinformativo.mx\/index.php\/2025\/01\/08\/rodrigo-monsalvo-fortalece-la-salud-mental-en-el-marques-con-centro-vive\/\" \/>\n<meta property=\"og:locale\" content=\"es_MX\" \/>\n<meta property=\"og:type\" content=\"article\" \/>\n<meta property=\"og:title\" content=\"Rodrigo Monsalvo fortalece la salud mental en El Marqu\u00e9s con Centro Vive | Nexo Informativo Santiago de Quer\u00e9taro\" \/>\n<meta property=\"og:description\" content=\"Rodrigo Monsalvo fortalece la salud mental en El Marqu\u00e9s con Centro Vive\" \/>\n<meta property=\"og:url\" content=\"https:\/\/www.nexoinformativo.mx\/index.php\/2025\/01\/08\/rodrigo-monsalvo-fortalece-la-salud-mental-en-el-marques-con-centro-vive\/\" \/>\n<meta property=\"og:site_name\" content=\"Nexo Informativo Santiago de Quer\u00e9taro\" \/>\n<meta property=\"article:publisher\" content=\"https:\/\/www.facebook.com\/people\/Nexo-Informativo\/61564066885511\/\" \/>\n<meta property=\"article:published_time\" content=\"2025-01-08T21:00:26+00:00\" \/>\n<meta property=\"article:modified_time\" content=\"2025-01-08T23:12:09+00:00\" \/>\n<meta property=\"og:image\" content=\"https:\/\/www.nexoinformativo.mx\/wp-content\/uploads\/2025\/01\/PHOTO-2025-01-08-15-26-10-scaled-e1736377810294.jpg\" \/>\n\t<meta property=\"og:image:width\" content=\"800\" \/>\n\t<meta property=\"og:image:height\" content=\"533\" \/>\n\t<meta property=\"og:image:type\" content=\"image\/jpeg\" \/>\n<meta name=\"author\" content=\"Nexo Informativo\" \/>\n<meta name=\"twitter:card\" content=\"summary_large_image\" \/>\n<meta name=\"twitter:label1\" content=\"Escrito por\" \/>\n\t<meta name=\"twitter:data1\" content=\"Nexo Informativo\" \/>\n\t<meta name=\"twitter:label2\" content=\"Tiempo de lectura\" \/>\n\t<meta name=\"twitter:data2\" content=\"2 minutos\" \/>\n<script type=\"application\/ld+json\" class=\"yoast-schema-graph\">{\"@context\":\"https:\/\/schema.org\",\"@graph\":[{\"@type\":\"Article\",\"@id\":\"https:\/\/www.nexoinformativo.mx\/index.php\/2025\/01\/08\/rodrigo-monsalvo-fortalece-la-salud-mental-en-el-marques-con-centro-vive\/#article\",\"isPartOf\":{\"@id\":\"https:\/\/www.nexoinformativo.mx\/index.php\/2025\/01\/08\/rodrigo-monsalvo-fortalece-la-salud-mental-en-el-marques-con-centro-vive\/\"},\"author\":{\"name\":\"Nexo Informativo\",\"@id\":\"https:\/\/www.nexoinformativo.mx\/#\/schema\/person\/7749d380ba08c8ca00d7bc76fd907b7d\"},\"headline\":\"Rodrigo Monsalvo fortalece la salud mental en El Marqu\u00e9s con Centro Vive\",\"datePublished\":\"2025-01-08T21:00:26+00:00\",\"dateModified\":\"2025-01-08T23:12:09+00:00\",\"mainEntityOfPage\":{\"@id\":\"https:\/\/www.nexoinformativo.mx\/index.php\/2025\/01\/08\/rodrigo-monsalvo-fortalece-la-salud-mental-en-el-marques-con-centro-vive\/\"},\"wordCount\":287,\"commentCount\":0,\"publisher\":{\"@id\":\"https:\/\/www.nexoinformativo.mx\/#organization\"},\"image\":{\"@id\":\"https:\/\/www.nexoinformativo.mx\/index.php\/2025\/01\/08\/rodrigo-monsalvo-fortalece-la-salud-mental-en-el-marques-con-centro-vive\/#primaryimage\"},\"thumbnailUrl\":\"https:\/\/www.nexoinformativo.mx\/wp-content\/uploads\/2025\/01\/PHOTO-2025-01-08-15-26-10-scaled-e1736377810294.jpg\",\"keywords\":[\"Bienestar\",\"CentroVive\",\"elmarques\",\"SaludMental\"],\"articleSection\":[\"Municipios\",\"\u00daltima Hora\"],\"inLanguage\":\"es\",\"potentialAction\":[{\"@type\":\"CommentAction\",\"name\":\"Comment\",\"target\":[\"https:\/\/www.nexoinformativo.mx\/index.php\/2025\/01\/08\/rodrigo-monsalvo-fortalece-la-salud-mental-en-el-marques-con-centro-vive\/#respond\"]}]},{\"@type\":\"WebPage\",\"@id\":\"https:\/\/www.nexoinformativo.mx\/index.php\/2025\/01\/08\/rodrigo-monsalvo-fortalece-la-salud-mental-en-el-marques-con-centro-vive\/\",\"url\":\"https:\/\/www.nexoinformativo.mx\/index.php\/2025\/01\/08\/rodrigo-monsalvo-fortalece-la-salud-mental-en-el-marques-con-centro-vive\/\",\"name\":\"Rodrigo Monsalvo fortalece la salud mental en El Marqu\u00e9s con Centro Vive | Nexo Informativo Santiago de Quer\u00e9taro\",\"isPartOf\":{\"@id\":\"https:\/\/www.nexoinformativo.mx\/#website\"},\"primaryImageOfPage\":{\"@id\":\"https:\/\/www.nexoinformativo.mx\/index.php\/2025\/01\/08\/rodrigo-monsalvo-fortalece-la-salud-mental-en-el-marques-con-centro-vive\/#primaryimage\"},\"image\":{\"@id\":\"https:\/\/www.nexoinformativo.mx\/index.php\/2025\/01\/08\/rodrigo-monsalvo-fortalece-la-salud-mental-en-el-marques-con-centro-vive\/#primaryimage\"},\"thumbnailUrl\":\"https:\/\/www.nexoinformativo.mx\/wp-content\/uploads\/2025\/01\/PHOTO-2025-01-08-15-26-10-scaled-e1736377810294.jpg\",\"datePublished\":\"2025-01-08T21:00:26+00:00\",\"dateModified\":\"2025-01-08T23:12:09+00:00\",\"description\":\"Rodrigo Monsalvo fortalece la salud mental en El Marqu\u00e9s con Centro Vive\",\"breadcrumb\":{\"@id\":\"https:\/\/www.nexoinformativo.mx\/index.php\/2025\/01\/08\/rodrigo-monsalvo-fortalece-la-salud-mental-en-el-marques-con-centro-vive\/#breadcrumb\"},\"inLanguage\":\"es\",\"potentialAction\":[{\"@type\":\"ReadAction\",\"target\":[\"https:\/\/www.nexoinformativo.mx\/index.php\/2025\/01\/08\/rodrigo-monsalvo-fortalece-la-salud-mental-en-el-marques-con-centro-vive\/\"]}]},{\"@type\":\"ImageObject\",\"inLanguage\":\"es\",\"@id\":\"https:\/\/www.nexoinformativo.mx\/index.php\/2025\/01\/08\/rodrigo-monsalvo-fortalece-la-salud-mental-en-el-marques-con-centro-vive\/#primaryimage\",\"url\":\"https:\/\/www.nexoinformativo.mx\/wp-content\/uploads\/2025\/01\/PHOTO-2025-01-08-15-26-10-scaled-e1736377810294.jpg\",\"contentUrl\":\"https:\/\/www.nexoinformativo.mx\/wp-content\/uploads\/2025\/01\/PHOTO-2025-01-08-15-26-10-scaled-e1736377810294.jpg\",\"width\":800,\"height\":533},{\"@type\":\"BreadcrumbList\",\"@id\":\"https:\/\/www.nexoinformativo.mx\/index.php\/2025\/01\/08\/rodrigo-monsalvo-fortalece-la-salud-mental-en-el-marques-con-centro-vive\/#breadcrumb\",\"itemListElement\":[{\"@type\":\"ListItem\",\"position\":1,\"name\":\"Inicio\",\"item\":\"https:\/\/www.nexoinformativo.mx\/\"},{\"@type\":\"ListItem\",\"position\":2,\"name\":\"Rodrigo Monsalvo fortalece la salud mental en El Marqu\u00e9s con Centro Vive\"}]},{\"@type\":\"WebSite\",\"@id\":\"https:\/\/www.nexoinformativo.mx\/#website\",\"url\":\"https:\/\/www.nexoinformativo.mx\/\",\"name\":\"Nexo Informativo Santiago de Quer\u00e9taro\",\"description\":\"Explora NexoInformativo y convi\u00e9rtete en parte de una comunidad que valora el conocimiento y la verdad. Tu nexoinformativo es tu puente hacia una comprensi\u00f3n m\u00e1s profunda del mundo que te rodea.\",\"publisher\":{\"@id\":\"https:\/\/www.nexoinformativo.mx\/#organization\"},\"potentialAction\":[{\"@type\":\"SearchAction\",\"target\":{\"@type\":\"EntryPoint\",\"urlTemplate\":\"https:\/\/www.nexoinformativo.mx\/?s={search_term_string}\"},\"query-input\":{\"@type\":\"PropertyValueSpecification\",\"valueRequired\":true,\"valueName\":\"search_term_string\"}}],\"inLanguage\":\"es\"},{\"@type\":\"Organization\",\"@id\":\"https:\/\/www.nexoinformativo.mx\/#organization\",\"name\":\"Nexo Informativo Santiago de Quer\u00e9taro\",\"url\":\"https:\/\/www.nexoinformativo.mx\/\",\"logo\":{\"@type\":\"ImageObject\",\"inLanguage\":\"es\",\"@id\":\"https:\/\/www.nexoinformativo.mx\/#\/schema\/logo\/image\/\",\"url\":\"https:\/\/www.nexoinformativo.mx\/wp-content\/uploads\/2024\/07\/nexoi-trasparente-2.png\",\"contentUrl\":\"https:\/\/www.nexoinformativo.mx\/wp-content\/uploads\/2024\/07\/nexoi-trasparente-2.png\",\"width\":816,\"height\":339,\"caption\":\"Nexo Informativo Santiago de Quer\u00e9taro\"},\"image\":{\"@id\":\"https:\/\/www.nexoinformativo.mx\/#\/schema\/logo\/image\/\"},\"sameAs\":[\"https:\/\/www.facebook.com\/people\/Nexo-Informativo\/61564066885511\/\"]},{\"@type\":\"Person\",\"@id\":\"https:\/\/www.nexoinformativo.mx\/#\/schema\/person\/7749d380ba08c8ca00d7bc76fd907b7d\",\"name\":\"Nexo Informativo\",\"image\":{\"@type\":\"ImageObject\",\"inLanguage\":\"es\",\"@id\":\"https:\/\/www.nexoinformativo.mx\/#\/schema\/person\/image\/\",\"url\":\"https:\/\/secure.gravatar.com\/avatar\/dde2928154642a13d95f87ddf1ea9718fe2b46760a005c53e41ff5ad610704e6?s=96&d=mm&r=g\",\"contentUrl\":\"https:\/\/secure.gravatar.com\/avatar\/dde2928154642a13d95f87ddf1ea9718fe2b46760a005c53e41ff5ad610704e6?s=96&d=mm&r=g\",\"caption\":\"Nexo Informativo\"},\"url\":\"https:\/\/www.nexoinformativo.mx\/index.php\/author\/edicion\/\"}]}<\/script>\n<!-- \/ Yoast SEO plugin. -->","yoast_head_json":{"title":"Rodrigo Monsalvo fortalece la salud mental en El Marqu\u00e9s con Centro Vive | Nexo Informativo Santiago de Quer\u00e9taro","description":"Rodrigo Monsalvo fortalece la salud mental en El Marqu\u00e9s con Centro Vive","robots":{"index":"index","follow":"follow","max-snippet":"max-snippet:-1","max-image-preview":"max-image-preview:large","max-video-preview":"max-video-preview:-1"},"canonical":"https:\/\/www.nexoinformativo.mx\/index.php\/2025\/01\/08\/rodrigo-monsalvo-fortalece-la-salud-mental-en-el-marques-con-centro-vive\/","og_locale":"es_MX","og_type":"article","og_title":"Rodrigo Monsalvo fortalece la salud mental en El Marqu\u00e9s con Centro Vive | Nexo Informativo Santiago de Quer\u00e9taro","og_description":"Rodrigo Monsalvo fortalece la salud mental en El Marqu\u00e9s con Centro Vive","og_url":"https:\/\/www.nexoinformativo.mx\/index.php\/2025\/01\/08\/rodrigo-monsalvo-fortalece-la-salud-mental-en-el-marques-con-centro-vive\/","og_site_name":"Nexo Informativo Santiago de Quer\u00e9taro","article_publisher":"https:\/\/www.facebook.com\/people\/Nexo-Informativo\/61564066885511\/","article_published_time":"2025-01-08T21:00:26+00:00","article_modified_time":"2025-01-08T23:12:09+00:00","og_image":[{"width":800,"height":533,"url":"https:\/\/www.nexoinformativo.mx\/wp-content\/uploads\/2025\/01\/PHOTO-2025-01-08-15-26-10-scaled-e1736377810294.jpg","type":"image\/jpeg"}],"author":"Nexo Informativo","twitter_card":"summary_large_image","twitter_misc":{"Escrito por":"Nexo Informativo","Tiempo de lectura":"2 minutos"},"schema":{"@context":"https:\/\/schema.org","@graph":[{"@type":"Article","@id":"https:\/\/www.nexoinformativo.mx\/index.php\/2025\/01\/08\/rodrigo-monsalvo-fortalece-la-salud-mental-en-el-marques-con-centro-vive\/#article","isPartOf":{"@id":"https:\/\/www.nexoinformativo.mx\/index.php\/2025\/01\/08\/rodrigo-monsalvo-fortalece-la-salud-mental-en-el-marques-con-centro-vive\/"},"author":{"name":"Nexo Informativo","@id":"https:\/\/www.nexoinformativo.mx\/#\/schema\/person\/7749d380ba08c8ca00d7bc76fd907b7d"},"headline":"Rodrigo Monsalvo fortalece la salud mental en El Marqu\u00e9s con Centro Vive","datePublished":"2025-01-08T21:00:26+00:00","dateModified":"2025-01-08T23:12:09+00:00","mainEntityOfPage":{"@id":"https:\/\/www.nexoinformativo.mx\/index.php\/2025\/01\/08\/rodrigo-monsalvo-fortalece-la-salud-mental-en-el-marques-con-centro-vive\/"},"wordCount":287,"commentCount":0,"publisher":{"@id":"https:\/\/www.nexoinformativo.mx\/#organization"},"image":{"@id":"https:\/\/www.nexoinformativo.mx\/index.php\/2025\/01\/08\/rodrigo-monsalvo-fortalece-la-salud-mental-en-el-marques-con-centro-vive\/#primaryimage"},"thumbnailUrl":"https:\/\/www.nexoinformativo.mx\/wp-content\/uploads\/2025\/01\/PHOTO-2025-01-08-15-26-10-scaled-e1736377810294.jpg","keywords":["Bienestar","CentroVive","elmarques","SaludMental"],"articleSection":["Municipios","\u00daltima Hora"],"inLanguage":"es","potentialAction":[{"@type":"CommentAction","name":"Comment","target":["https:\/\/www.nexoinformativo.mx\/index.php\/2025\/01\/08\/rodrigo-monsalvo-fortalece-la-salud-mental-en-el-marques-con-centro-vive\/#respond"]}]},{"@type":"WebPage","@id":"https:\/\/www.nexoinformativo.mx\/index.php\/2025\/01\/08\/rodrigo-monsalvo-fortalece-la-salud-mental-en-el-marques-con-centro-vive\/","url":"https:\/\/www.nexoinformativo.mx\/index.php\/2025\/01\/08\/rodrigo-monsalvo-fortalece-la-salud-mental-en-el-marques-con-centro-vive\/","name":"Rodrigo Monsalvo fortalece la salud mental en El Marqu\u00e9s con Centro Vive | Nexo Informativo Santiago de Quer\u00e9taro","isPartOf":{"@id":"https:\/\/www.nexoinformativo.mx\/#website"},"primaryImageOfPage":{"@id":"https:\/\/www.nexoinformativo.mx\/index.php\/2025\/01\/08\/rodrigo-monsalvo-fortalece-la-salud-mental-en-el-marques-con-centro-vive\/#primaryimage"},"image":{"@id":"https:\/\/www.nexoinformativo.mx\/index.php\/2025\/01\/08\/rodrigo-monsalvo-fortalece-la-salud-mental-en-el-marques-con-centro-vive\/#primaryimage"},"thumbnailUrl":"https:\/\/www.nexoinformativo.mx\/wp-content\/uploads\/2025\/01\/PHOTO-2025-01-08-15-26-10-scaled-e1736377810294.jpg","datePublished":"2025-01-08T21:00:26+00:00","dateModified":"2025-01-08T23:12:09+00:00","description":"Rodrigo Monsalvo fortalece la salud mental en El Marqu\u00e9s con Centro Vive","breadcrumb":{"@id":"https:\/\/www.nexoinformativo.mx\/index.php\/2025\/01\/08\/rodrigo-monsalvo-fortalece-la-salud-mental-en-el-marques-con-centro-vive\/#breadcrumb"},"inLanguage":"es","potentialAction":[{"@type":"ReadAction","target":["https:\/\/www.nexoinformativo.mx\/index.php\/2025\/01\/08\/rodrigo-monsalvo-fortalece-la-salud-mental-en-el-marques-con-centro-vive\/"]}]},{"@type":"ImageObject","inLanguage":"es","@id":"https:\/\/www.nexoinformativo.mx\/index.php\/2025\/01\/08\/rodrigo-monsalvo-fortalece-la-salud-mental-en-el-marques-con-centro-vive\/#primaryimage","url":"https:\/\/www.nexoinformativo.mx\/wp-content\/uploads\/2025\/01\/PHOTO-2025-01-08-15-26-10-scaled-e1736377810294.jpg","contentUrl":"https:\/\/www.nexoinformativo.mx\/wp-content\/uploads\/2025\/01\/PHOTO-2025-01-08-15-26-10-scaled-e1736377810294.jpg","width":800,"height":533},{"@type":"BreadcrumbList","@id":"https:\/\/www.nexoinformativo.mx\/index.php\/2025\/01\/08\/rodrigo-monsalvo-fortalece-la-salud-mental-en-el-marques-con-centro-vive\/#breadcrumb","itemListElement":[{"@type":"ListItem","position":1,"name":"Inicio","item":"https:\/\/www.nexoinformativo.mx\/"},{"@type":"ListItem","position":2,"name":"Rodrigo Monsalvo fortalece la salud mental en El Marqu\u00e9s con Centro Vive"}]},{"@type":"WebSite","@id":"https:\/\/www.nexoinformativo.mx\/#website","url":"https:\/\/www.nexoinformativo.mx\/","name":"Nexo Informativo Santiago de Quer\u00e9taro","description":"Explora NexoInformativo y convi\u00e9rtete en parte de una comunidad que valora el conocimiento y la verdad. Tu nexoinformativo es tu puente hacia una comprensi\u00f3n m\u00e1s profunda del mundo que te rodea.","publisher":{"@id":"https:\/\/www.nexoinformativo.mx\/#organization"},"potentialAction":[{"@type":"SearchAction","target":{"@type":"EntryPoint","urlTemplate":"https:\/\/www.nexoinformativo.mx\/?s={search_term_string}"},"query-input":{"@type":"PropertyValueSpecification","valueRequired":true,"valueName":"search_term_string"}}],"inLanguage":"es"},{"@type":"Organization","@id":"https:\/\/www.nexoinformativo.mx\/#organization","name":"Nexo Informativo Santiago de Quer\u00e9taro","url":"https:\/\/www.nexoinformativo.mx\/","logo":{"@type":"ImageObject","inLanguage":"es","@id":"https:\/\/www.nexoinformativo.mx\/#\/schema\/logo\/image\/","url":"https:\/\/www.nexoinformativo.mx\/wp-content\/uploads\/2024\/07\/nexoi-trasparente-2.png","contentUrl":"https:\/\/www.nexoinformativo.mx\/wp-content\/uploads\/2024\/07\/nexoi-trasparente-2.png","width":816,"height":339,"caption":"Nexo Informativo Santiago de Quer\u00e9taro"},"image":{"@id":"https:\/\/www.nexoinformativo.mx\/#\/schema\/logo\/image\/"},"sameAs":["https:\/\/www.facebook.com\/people\/Nexo-Informativo\/61564066885511\/"]},{"@type":"Person","@id":"https:\/\/www.nexoinformativo.mx\/#\/schema\/person\/7749d380ba08c8ca00d7bc76fd907b7d","name":"Nexo Informativo","image":{"@type":"ImageObject","inLanguage":"es","@id":"https:\/\/www.nexoinformativo.mx\/#\/schema\/person\/image\/","url":"https:\/\/secure.gravatar.com\/avatar\/dde2928154642a13d95f87ddf1ea9718fe2b46760a005c53e41ff5ad610704e6?s=96&d=mm&r=g","contentUrl":"https:\/\/secure.gravatar.com\/avatar\/dde2928154642a13d95f87ddf1ea9718fe2b46760a005c53e41ff5ad610704e6?s=96&d=mm&r=g","caption":"Nexo Informativo"},"url":"https:\/\/www.nexoinformativo.mx\/index.php\/author\/edicion\/"}]}},"_links":{"self":[{"href":"https:\/\/www.nexoinformativo.mx\/index.php\/wp-json\/wp\/v2\/posts\/9550","targetHints":{"allow":["GET"]}}],"collection":[{"href":"https:\/\/www.nexoinformativo.mx\/index.php\/wp-json\/wp\/v2\/posts"}],"about":[{"href":"https:\/\/www.nexoinformativo.mx\/index.php\/wp-json\/wp\/v2\/types\/post"}],"author":[{"embeddable":true,"href":"https:\/\/www.nexoinformativo.mx\/index.php\/wp-json\/wp\/v2\/users\/3"}],"replies":[{"embeddable":true,"href":"https:\/\/www.nexoinformativo.mx\/index.php\/wp-json\/wp\/v2\/comments?post=9550"}],"version-history":[{"count":6,"href":"https:\/\/www.nexoinformativo.mx\/index.php\/wp-json\/wp\/v2\/posts\/9550\/revisions"}],"predecessor-version":[{"id":9554,"href":"https:\/\/www.nexoinformativo.mx\/index.php\/wp-json\/wp\/v2\/posts\/9550\/revisions\/9554"}],"wp:featuredmedia":[{"embeddable":true,"href":"https:\/\/www.nexoinformativo.mx\/index.php\/wp-json\/wp\/v2\/media\/9551"}],"wp:attachment":[{"href":"https:\/\/www.nexoinformativo.mx\/index.php\/wp-json\/wp\/v2\/media?parent=9550"}],"wp:term":[{"taxonomy":"category","embeddable":true,"href":"https:\/\/www.nexoinformativo.mx\/index.php\/wp-json\/wp\/v2\/categories?post=9550"},{"taxonomy":"post_tag","embeddable":true,"href":"https:\/\/www.nexoinformativo.mx\/index.php\/wp-json\/wp\/v2\/tags?post=9550"}],"curies":[{"name":"wp","href":"https:\/\/api.w.org\/{rel}","templated":true}]}}