{"id":9591,"date":"2025-01-09T07:00:57","date_gmt":"2025-01-09T13:00:57","guid":{"rendered":"https:\/\/www.nexoinformativo.mx\/?p=9591"},"modified":"2025-01-09T08:08:27","modified_gmt":"2025-01-09T14:08:27","slug":"se-abre-convocatoria-la-universidad-politecnica-de-santa-rosa-jauregui-te-invita-a-formar-parte-de-su-comunidad-bilingue-e-inclusiva","status":"publish","type":"post","link":"https:\/\/www.nexoinformativo.mx\/index.php\/2025\/01\/09\/se-abre-convocatoria-la-universidad-politecnica-de-santa-rosa-jauregui-te-invita-a-formar-parte-de-su-comunidad-bilingue-e-inclusiva\/","title":{"rendered":"\u00a1Se abre convocatoria! La Universidad Polit\u00e9cnica de  Santa Rosa J\u00e1uregui te invita a formar parte de su comunidad biling\u00fce e inclusiva"},"content":{"rendered":"<p style=\"text-align: justify;\" data-sourcepos=\"11:1-11:257\">La Universidad Polit\u00e9cnica de Santa Rosa J\u00e1uregui (UPSRJ) ha abierto su proceso de admisi\u00f3n para el pr\u00f3ximo ciclo escolar. Los interesados en formar parte de esta instituci\u00f3n educativa de vanguardia podr\u00e1n realizar su tr\u00e1mite del 8 de enero al 14 de marzo.<\/p>\n<p>&nbsp;<\/p>\n<p style=\"text-align: justify;\" data-sourcepos=\"13:1-13:377\">La UPSRJ se destaca por su modelo educativo biling\u00fce, internacional y sustentable (BIS), \u00fanico en el estado de Quer\u00e9taro. Este modelo brinda a los estudiantes las herramientas necesarias para desenvolverse en un mundo globalizado y competitivo.<\/p>\n<p>&nbsp;<\/p>\n<p style=\"text-align: justify;\" data-sourcepos=\"13:1-13:377\">Adem\u00e1s, la universidad cuenta con una fuerte vocaci\u00f3n inclusiva, ofreciendo servicios especializados para personas con discapacidad. &#8220;Nuestras fortalezas es nuestro modelo BIS, somos la \u00fanica universidad p\u00fablica en el estado que es biling\u00fce, internacional y sustentable&#8221;, afirm\u00f3 el rector Christian Reyes.<\/p>\n<p>&nbsp;<\/p>\n<p style=\"text-align: justify;\" data-sourcepos=\"13:1-13:377\">El directivo destac\u00f3 que la instituci\u00f3n ha otorgado m\u00e1s de 90 becas para movilidad internacional a estudiantes y docentes durante el a\u00f1o pasado.<\/p>\n<p>&nbsp;<\/p>\n<p style=\"text-align: justify;\" data-sourcepos=\"17:1-17:82\">La UPSRJ ofrece una amplia gama de carreras de vanguardia, entre las que destacan:<\/p>\n<p>&nbsp;<\/p>\n<p style=\"text-align: justify;\">*Ingenier\u00eda en Calidad y Metrolog\u00eda<\/p>\n<p style=\"text-align: justify;\">*Ingenier\u00eda en Tecnolog\u00edas de la Informaci\u00f3n e Innovaci\u00f3n Digital<\/p>\n<p style=\"text-align: justify;\">*Ingenier\u00eda en Rob\u00f3tica Computacional<\/p>\n<p style=\"text-align: justify;\">*Ingenier\u00eda en Animaci\u00f3n y Efectos Visuales<\/p>\n<p>&nbsp;<\/p>\n<p style=\"text-align: justify;\" data-sourcepos=\"24:1-24:266\">Si est\u00e1s interesado en formar parte de esta comunidad, puedes descargar la convocatoria en www.upsrj.edu.mx\/admision o solicitar mayor informaci\u00f3n a trav\u00e9s de los n\u00fameros de WhatsApp 446 1383756 y 442 8147478.<\/p>\n<p>&nbsp;<\/p>\n<p style=\"text-align: center;\" data-sourcepos=\"24:1-24:266\"><em><strong>\u00a1Informaci\u00f3n que transforma!<\/strong><\/em><\/p>\n<p data-sourcepos=\"24:1-24:266\">\n","protected":false},"excerpt":{"rendered":"<p>La Universidad Polit\u00e9cnica de Santa Rosa J\u00e1uregui (UPSRJ) ha abierto su proceso de admisi\u00f3n para el pr\u00f3ximo ciclo escolar. Los interesados en formar parte de esta instituci\u00f3n educativa de vanguardia podr\u00e1n realizar su tr\u00e1mite del 8 de enero al 14 de marzo.<\/p>\n","protected":false},"author":3,"featured_media":9592,"comment_status":"open","ping_status":"open","sticky":false,"template":"","format":"standard","meta":{"footnotes":""},"categories":[42,58],"tags":[3046,1163,133,2672],"class_list":["post-9591","post","type-post","status-publish","format-standard","has-post-thumbnail","hentry","category-estado","category-ultima-hora","tag-admisionuniversitaria","tag-educacionsuperior","tag-queretaro","tag-upsrj"],"yoast_head":"<!-- This site is optimized with the Yoast SEO plugin v25.0 - https:\/\/yoast.com\/wordpress\/plugins\/seo\/ -->\n<title>\u00a1Se abre convocatoria! La Universidad Polit\u00e9cnica de Santa Rosa J\u00e1uregui te invita a formar parte de su comunidad biling\u00fce e inclusiva | Nexo Informativo Santiago de Quer\u00e9taro<\/title>\n<meta name=\"description\" content=\"\u00a1Se abre convocatoria! La Universidad Polit\u00e9cnica de Santa Rosa J\u00e1uregui te invita a formar parte de su comunidad biling\u00fce e inclusiva\" \/>\n<meta name=\"robots\" content=\"index, follow, max-snippet:-1, max-image-preview:large, max-video-preview:-1\" \/>\n<link rel=\"canonical\" href=\"https:\/\/www.nexoinformativo.mx\/index.php\/2025\/01\/09\/se-abre-convocatoria-la-universidad-politecnica-de-santa-rosa-jauregui-te-invita-a-formar-parte-de-su-comunidad-bilingue-e-inclusiva\/\" \/>\n<meta property=\"og:locale\" content=\"es_MX\" \/>\n<meta property=\"og:type\" content=\"article\" \/>\n<meta property=\"og:title\" content=\"\u00a1Se abre convocatoria! La Universidad Polit\u00e9cnica de Santa Rosa J\u00e1uregui te invita a formar parte de su comunidad biling\u00fce e inclusiva | Nexo Informativo Santiago de Quer\u00e9taro\" \/>\n<meta property=\"og:description\" content=\"\u00a1Se abre convocatoria! La Universidad Polit\u00e9cnica de Santa Rosa J\u00e1uregui te invita a formar parte de su comunidad biling\u00fce e inclusiva\" \/>\n<meta property=\"og:url\" content=\"https:\/\/www.nexoinformativo.mx\/index.php\/2025\/01\/09\/se-abre-convocatoria-la-universidad-politecnica-de-santa-rosa-jauregui-te-invita-a-formar-parte-de-su-comunidad-bilingue-e-inclusiva\/\" \/>\n<meta property=\"og:site_name\" content=\"Nexo Informativo Santiago de Quer\u00e9taro\" \/>\n<meta property=\"article:publisher\" content=\"https:\/\/www.facebook.com\/people\/Nexo-Informativo\/61564066885511\/\" \/>\n<meta property=\"article:published_time\" content=\"2025-01-09T13:00:57+00:00\" \/>\n<meta property=\"article:modified_time\" content=\"2025-01-09T14:08:27+00:00\" \/>\n<meta property=\"og:image\" content=\"https:\/\/www.nexoinformativo.mx\/wp-content\/uploads\/2025\/01\/PHOTO-2025-01-09-07-15-48-e1736431579276.jpg\" \/>\n\t<meta property=\"og:image:width\" content=\"800\" \/>\n\t<meta property=\"og:image:height\" content=\"628\" \/>\n\t<meta property=\"og:image:type\" content=\"image\/jpeg\" \/>\n<meta name=\"author\" content=\"Nexo Informativo\" \/>\n<meta name=\"twitter:card\" content=\"summary_large_image\" \/>\n<meta name=\"twitter:label1\" content=\"Escrito por\" \/>\n\t<meta name=\"twitter:data1\" content=\"Nexo Informativo\" \/>\n\t<meta name=\"twitter:label2\" content=\"Tiempo de lectura\" \/>\n\t<meta name=\"twitter:data2\" content=\"2 minutos\" \/>\n<script type=\"application\/ld+json\" class=\"yoast-schema-graph\">{\"@context\":\"https:\/\/schema.org\",\"@graph\":[{\"@type\":\"Article\",\"@id\":\"https:\/\/www.nexoinformativo.mx\/index.php\/2025\/01\/09\/se-abre-convocatoria-la-universidad-politecnica-de-santa-rosa-jauregui-te-invita-a-formar-parte-de-su-comunidad-bilingue-e-inclusiva\/#article\",\"isPartOf\":{\"@id\":\"https:\/\/www.nexoinformativo.mx\/index.php\/2025\/01\/09\/se-abre-convocatoria-la-universidad-politecnica-de-santa-rosa-jauregui-te-invita-a-formar-parte-de-su-comunidad-bilingue-e-inclusiva\/\"},\"author\":{\"name\":\"Nexo Informativo\",\"@id\":\"https:\/\/www.nexoinformativo.mx\/#\/schema\/person\/7749d380ba08c8ca00d7bc76fd907b7d\"},\"headline\":\"\u00a1Se abre convocatoria! La Universidad Polit\u00e9cnica de Santa Rosa J\u00e1uregui te invita a formar parte de su comunidad biling\u00fce e inclusiva\",\"datePublished\":\"2025-01-09T13:00:57+00:00\",\"dateModified\":\"2025-01-09T14:08:27+00:00\",\"mainEntityOfPage\":{\"@id\":\"https:\/\/www.nexoinformativo.mx\/index.php\/2025\/01\/09\/se-abre-convocatoria-la-universidad-politecnica-de-santa-rosa-jauregui-te-invita-a-formar-parte-de-su-comunidad-bilingue-e-inclusiva\/\"},\"wordCount\":273,\"commentCount\":0,\"publisher\":{\"@id\":\"https:\/\/www.nexoinformativo.mx\/#organization\"},\"image\":{\"@id\":\"https:\/\/www.nexoinformativo.mx\/index.php\/2025\/01\/09\/se-abre-convocatoria-la-universidad-politecnica-de-santa-rosa-jauregui-te-invita-a-formar-parte-de-su-comunidad-bilingue-e-inclusiva\/#primaryimage\"},\"thumbnailUrl\":\"https:\/\/www.nexoinformativo.mx\/wp-content\/uploads\/2025\/01\/PHOTO-2025-01-09-07-15-48-e1736431579276.jpg\",\"keywords\":[\"Admisi\u00f3nUniversitaria\",\"Educaci\u00f3nSuperior\",\"Quer\u00e9taro\",\"UPSRJ\"],\"articleSection\":[\"Estado\",\"\u00daltima Hora\"],\"inLanguage\":\"es\",\"potentialAction\":[{\"@type\":\"CommentAction\",\"name\":\"Comment\",\"target\":[\"https:\/\/www.nexoinformativo.mx\/index.php\/2025\/01\/09\/se-abre-convocatoria-la-universidad-politecnica-de-santa-rosa-jauregui-te-invita-a-formar-parte-de-su-comunidad-bilingue-e-inclusiva\/#respond\"]}]},{\"@type\":\"WebPage\",\"@id\":\"https:\/\/www.nexoinformativo.mx\/index.php\/2025\/01\/09\/se-abre-convocatoria-la-universidad-politecnica-de-santa-rosa-jauregui-te-invita-a-formar-parte-de-su-comunidad-bilingue-e-inclusiva\/\",\"url\":\"https:\/\/www.nexoinformativo.mx\/index.php\/2025\/01\/09\/se-abre-convocatoria-la-universidad-politecnica-de-santa-rosa-jauregui-te-invita-a-formar-parte-de-su-comunidad-bilingue-e-inclusiva\/\",\"name\":\"\u00a1Se abre convocatoria! La Universidad Polit\u00e9cnica de Santa Rosa J\u00e1uregui te invita a formar parte de su comunidad biling\u00fce e inclusiva | Nexo Informativo Santiago de Quer\u00e9taro\",\"isPartOf\":{\"@id\":\"https:\/\/www.nexoinformativo.mx\/#website\"},\"primaryImageOfPage\":{\"@id\":\"https:\/\/www.nexoinformativo.mx\/index.php\/2025\/01\/09\/se-abre-convocatoria-la-universidad-politecnica-de-santa-rosa-jauregui-te-invita-a-formar-parte-de-su-comunidad-bilingue-e-inclusiva\/#primaryimage\"},\"image\":{\"@id\":\"https:\/\/www.nexoinformativo.mx\/index.php\/2025\/01\/09\/se-abre-convocatoria-la-universidad-politecnica-de-santa-rosa-jauregui-te-invita-a-formar-parte-de-su-comunidad-bilingue-e-inclusiva\/#primaryimage\"},\"thumbnailUrl\":\"https:\/\/www.nexoinformativo.mx\/wp-content\/uploads\/2025\/01\/PHOTO-2025-01-09-07-15-48-e1736431579276.jpg\",\"datePublished\":\"2025-01-09T13:00:57+00:00\",\"dateModified\":\"2025-01-09T14:08:27+00:00\",\"description\":\"\u00a1Se abre convocatoria! La Universidad Polit\u00e9cnica de Santa Rosa J\u00e1uregui te invita a formar parte de su comunidad biling\u00fce e inclusiva\",\"breadcrumb\":{\"@id\":\"https:\/\/www.nexoinformativo.mx\/index.php\/2025\/01\/09\/se-abre-convocatoria-la-universidad-politecnica-de-santa-rosa-jauregui-te-invita-a-formar-parte-de-su-comunidad-bilingue-e-inclusiva\/#breadcrumb\"},\"inLanguage\":\"es\",\"potentialAction\":[{\"@type\":\"ReadAction\",\"target\":[\"https:\/\/www.nexoinformativo.mx\/index.php\/2025\/01\/09\/se-abre-convocatoria-la-universidad-politecnica-de-santa-rosa-jauregui-te-invita-a-formar-parte-de-su-comunidad-bilingue-e-inclusiva\/\"]}]},{\"@type\":\"ImageObject\",\"inLanguage\":\"es\",\"@id\":\"https:\/\/www.nexoinformativo.mx\/index.php\/2025\/01\/09\/se-abre-convocatoria-la-universidad-politecnica-de-santa-rosa-jauregui-te-invita-a-formar-parte-de-su-comunidad-bilingue-e-inclusiva\/#primaryimage\",\"url\":\"https:\/\/www.nexoinformativo.mx\/wp-content\/uploads\/2025\/01\/PHOTO-2025-01-09-07-15-48-e1736431579276.jpg\",\"contentUrl\":\"https:\/\/www.nexoinformativo.mx\/wp-content\/uploads\/2025\/01\/PHOTO-2025-01-09-07-15-48-e1736431579276.jpg\",\"width\":800,\"height\":628},{\"@type\":\"BreadcrumbList\",\"@id\":\"https:\/\/www.nexoinformativo.mx\/index.php\/2025\/01\/09\/se-abre-convocatoria-la-universidad-politecnica-de-santa-rosa-jauregui-te-invita-a-formar-parte-de-su-comunidad-bilingue-e-inclusiva\/#breadcrumb\",\"itemListElement\":[{\"@type\":\"ListItem\",\"position\":1,\"name\":\"Inicio\",\"item\":\"https:\/\/www.nexoinformativo.mx\/\"},{\"@type\":\"ListItem\",\"position\":2,\"name\":\"\u00a1Se abre convocatoria! La Universidad Polit\u00e9cnica de Santa Rosa J\u00e1uregui te invita a formar parte de su comunidad biling\u00fce e inclusiva\"}]},{\"@type\":\"WebSite\",\"@id\":\"https:\/\/www.nexoinformativo.mx\/#website\",\"url\":\"https:\/\/www.nexoinformativo.mx\/\",\"name\":\"Nexo Informativo Santiago de Quer\u00e9taro\",\"description\":\"Explora NexoInformativo y convi\u00e9rtete en parte de una comunidad que valora el conocimiento y la verdad. Tu nexoinformativo es tu puente hacia una comprensi\u00f3n m\u00e1s profunda del mundo que te rodea.\",\"publisher\":{\"@id\":\"https:\/\/www.nexoinformativo.mx\/#organization\"},\"potentialAction\":[{\"@type\":\"SearchAction\",\"target\":{\"@type\":\"EntryPoint\",\"urlTemplate\":\"https:\/\/www.nexoinformativo.mx\/?s={search_term_string}\"},\"query-input\":{\"@type\":\"PropertyValueSpecification\",\"valueRequired\":true,\"valueName\":\"search_term_string\"}}],\"inLanguage\":\"es\"},{\"@type\":\"Organization\",\"@id\":\"https:\/\/www.nexoinformativo.mx\/#organization\",\"name\":\"Nexo Informativo Santiago de Quer\u00e9taro\",\"url\":\"https:\/\/www.nexoinformativo.mx\/\",\"logo\":{\"@type\":\"ImageObject\",\"inLanguage\":\"es\",\"@id\":\"https:\/\/www.nexoinformativo.mx\/#\/schema\/logo\/image\/\",\"url\":\"https:\/\/www.nexoinformativo.mx\/wp-content\/uploads\/2024\/07\/nexoi-trasparente-2.png\",\"contentUrl\":\"https:\/\/www.nexoinformativo.mx\/wp-content\/uploads\/2024\/07\/nexoi-trasparente-2.png\",\"width\":816,\"height\":339,\"caption\":\"Nexo Informativo Santiago de Quer\u00e9taro\"},\"image\":{\"@id\":\"https:\/\/www.nexoinformativo.mx\/#\/schema\/logo\/image\/\"},\"sameAs\":[\"https:\/\/www.facebook.com\/people\/Nexo-Informativo\/61564066885511\/\"]},{\"@type\":\"Person\",\"@id\":\"https:\/\/www.nexoinformativo.mx\/#\/schema\/person\/7749d380ba08c8ca00d7bc76fd907b7d\",\"name\":\"Nexo Informativo\",\"image\":{\"@type\":\"ImageObject\",\"inLanguage\":\"es\",\"@id\":\"https:\/\/www.nexoinformativo.mx\/#\/schema\/person\/image\/\",\"url\":\"https:\/\/secure.gravatar.com\/avatar\/dde2928154642a13d95f87ddf1ea9718fe2b46760a005c53e41ff5ad610704e6?s=96&d=mm&r=g\",\"contentUrl\":\"https:\/\/secure.gravatar.com\/avatar\/dde2928154642a13d95f87ddf1ea9718fe2b46760a005c53e41ff5ad610704e6?s=96&d=mm&r=g\",\"caption\":\"Nexo Informativo\"},\"url\":\"https:\/\/www.nexoinformativo.mx\/index.php\/author\/edicion\/\"}]}<\/script>\n<!-- \/ Yoast SEO plugin. -->","yoast_head_json":{"title":"\u00a1Se abre convocatoria! La Universidad Polit\u00e9cnica de Santa Rosa J\u00e1uregui te invita a formar parte de su comunidad biling\u00fce e inclusiva | Nexo Informativo Santiago de Quer\u00e9taro","description":"\u00a1Se abre convocatoria! La Universidad Polit\u00e9cnica de Santa Rosa J\u00e1uregui te invita a formar parte de su comunidad biling\u00fce e inclusiva","robots":{"index":"index","follow":"follow","max-snippet":"max-snippet:-1","max-image-preview":"max-image-preview:large","max-video-preview":"max-video-preview:-1"},"canonical":"https:\/\/www.nexoinformativo.mx\/index.php\/2025\/01\/09\/se-abre-convocatoria-la-universidad-politecnica-de-santa-rosa-jauregui-te-invita-a-formar-parte-de-su-comunidad-bilingue-e-inclusiva\/","og_locale":"es_MX","og_type":"article","og_title":"\u00a1Se abre convocatoria! La Universidad Polit\u00e9cnica de Santa Rosa J\u00e1uregui te invita a formar parte de su comunidad biling\u00fce e inclusiva | Nexo Informativo Santiago de Quer\u00e9taro","og_description":"\u00a1Se abre convocatoria! La Universidad Polit\u00e9cnica de Santa Rosa J\u00e1uregui te invita a formar parte de su comunidad biling\u00fce e inclusiva","og_url":"https:\/\/www.nexoinformativo.mx\/index.php\/2025\/01\/09\/se-abre-convocatoria-la-universidad-politecnica-de-santa-rosa-jauregui-te-invita-a-formar-parte-de-su-comunidad-bilingue-e-inclusiva\/","og_site_name":"Nexo Informativo Santiago de Quer\u00e9taro","article_publisher":"https:\/\/www.facebook.com\/people\/Nexo-Informativo\/61564066885511\/","article_published_time":"2025-01-09T13:00:57+00:00","article_modified_time":"2025-01-09T14:08:27+00:00","og_image":[{"width":800,"height":628,"url":"https:\/\/www.nexoinformativo.mx\/wp-content\/uploads\/2025\/01\/PHOTO-2025-01-09-07-15-48-e1736431579276.jpg","type":"image\/jpeg"}],"author":"Nexo Informativo","twitter_card":"summary_large_image","twitter_misc":{"Escrito por":"Nexo Informativo","Tiempo de lectura":"2 minutos"},"schema":{"@context":"https:\/\/schema.org","@graph":[{"@type":"Article","@id":"https:\/\/www.nexoinformativo.mx\/index.php\/2025\/01\/09\/se-abre-convocatoria-la-universidad-politecnica-de-santa-rosa-jauregui-te-invita-a-formar-parte-de-su-comunidad-bilingue-e-inclusiva\/#article","isPartOf":{"@id":"https:\/\/www.nexoinformativo.mx\/index.php\/2025\/01\/09\/se-abre-convocatoria-la-universidad-politecnica-de-santa-rosa-jauregui-te-invita-a-formar-parte-de-su-comunidad-bilingue-e-inclusiva\/"},"author":{"name":"Nexo Informativo","@id":"https:\/\/www.nexoinformativo.mx\/#\/schema\/person\/7749d380ba08c8ca00d7bc76fd907b7d"},"headline":"\u00a1Se abre convocatoria! La Universidad Polit\u00e9cnica de Santa Rosa J\u00e1uregui te invita a formar parte de su comunidad biling\u00fce e inclusiva","datePublished":"2025-01-09T13:00:57+00:00","dateModified":"2025-01-09T14:08:27+00:00","mainEntityOfPage":{"@id":"https:\/\/www.nexoinformativo.mx\/index.php\/2025\/01\/09\/se-abre-convocatoria-la-universidad-politecnica-de-santa-rosa-jauregui-te-invita-a-formar-parte-de-su-comunidad-bilingue-e-inclusiva\/"},"wordCount":273,"commentCount":0,"publisher":{"@id":"https:\/\/www.nexoinformativo.mx\/#organization"},"image":{"@id":"https:\/\/www.nexoinformativo.mx\/index.php\/2025\/01\/09\/se-abre-convocatoria-la-universidad-politecnica-de-santa-rosa-jauregui-te-invita-a-formar-parte-de-su-comunidad-bilingue-e-inclusiva\/#primaryimage"},"thumbnailUrl":"https:\/\/www.nexoinformativo.mx\/wp-content\/uploads\/2025\/01\/PHOTO-2025-01-09-07-15-48-e1736431579276.jpg","keywords":["Admisi\u00f3nUniversitaria","Educaci\u00f3nSuperior","Quer\u00e9taro","UPSRJ"],"articleSection":["Estado","\u00daltima Hora"],"inLanguage":"es","potentialAction":[{"@type":"CommentAction","name":"Comment","target":["https:\/\/www.nexoinformativo.mx\/index.php\/2025\/01\/09\/se-abre-convocatoria-la-universidad-politecnica-de-santa-rosa-jauregui-te-invita-a-formar-parte-de-su-comunidad-bilingue-e-inclusiva\/#respond"]}]},{"@type":"WebPage","@id":"https:\/\/www.nexoinformativo.mx\/index.php\/2025\/01\/09\/se-abre-convocatoria-la-universidad-politecnica-de-santa-rosa-jauregui-te-invita-a-formar-parte-de-su-comunidad-bilingue-e-inclusiva\/","url":"https:\/\/www.nexoinformativo.mx\/index.php\/2025\/01\/09\/se-abre-convocatoria-la-universidad-politecnica-de-santa-rosa-jauregui-te-invita-a-formar-parte-de-su-comunidad-bilingue-e-inclusiva\/","name":"\u00a1Se abre convocatoria! La Universidad Polit\u00e9cnica de Santa Rosa J\u00e1uregui te invita a formar parte de su comunidad biling\u00fce e inclusiva | Nexo Informativo Santiago de Quer\u00e9taro","isPartOf":{"@id":"https:\/\/www.nexoinformativo.mx\/#website"},"primaryImageOfPage":{"@id":"https:\/\/www.nexoinformativo.mx\/index.php\/2025\/01\/09\/se-abre-convocatoria-la-universidad-politecnica-de-santa-rosa-jauregui-te-invita-a-formar-parte-de-su-comunidad-bilingue-e-inclusiva\/#primaryimage"},"image":{"@id":"https:\/\/www.nexoinformativo.mx\/index.php\/2025\/01\/09\/se-abre-convocatoria-la-universidad-politecnica-de-santa-rosa-jauregui-te-invita-a-formar-parte-de-su-comunidad-bilingue-e-inclusiva\/#primaryimage"},"thumbnailUrl":"https:\/\/www.nexoinformativo.mx\/wp-content\/uploads\/2025\/01\/PHOTO-2025-01-09-07-15-48-e1736431579276.jpg","datePublished":"2025-01-09T13:00:57+00:00","dateModified":"2025-01-09T14:08:27+00:00","description":"\u00a1Se abre convocatoria! La Universidad Polit\u00e9cnica de Santa Rosa J\u00e1uregui te invita a formar parte de su comunidad biling\u00fce e inclusiva","breadcrumb":{"@id":"https:\/\/www.nexoinformativo.mx\/index.php\/2025\/01\/09\/se-abre-convocatoria-la-universidad-politecnica-de-santa-rosa-jauregui-te-invita-a-formar-parte-de-su-comunidad-bilingue-e-inclusiva\/#breadcrumb"},"inLanguage":"es","potentialAction":[{"@type":"ReadAction","target":["https:\/\/www.nexoinformativo.mx\/index.php\/2025\/01\/09\/se-abre-convocatoria-la-universidad-politecnica-de-santa-rosa-jauregui-te-invita-a-formar-parte-de-su-comunidad-bilingue-e-inclusiva\/"]}]},{"@type":"ImageObject","inLanguage":"es","@id":"https:\/\/www.nexoinformativo.mx\/index.php\/2025\/01\/09\/se-abre-convocatoria-la-universidad-politecnica-de-santa-rosa-jauregui-te-invita-a-formar-parte-de-su-comunidad-bilingue-e-inclusiva\/#primaryimage","url":"https:\/\/www.nexoinformativo.mx\/wp-content\/uploads\/2025\/01\/PHOTO-2025-01-09-07-15-48-e1736431579276.jpg","contentUrl":"https:\/\/www.nexoinformativo.mx\/wp-content\/uploads\/2025\/01\/PHOTO-2025-01-09-07-15-48-e1736431579276.jpg","width":800,"height":628},{"@type":"BreadcrumbList","@id":"https:\/\/www.nexoinformativo.mx\/index.php\/2025\/01\/09\/se-abre-convocatoria-la-universidad-politecnica-de-santa-rosa-jauregui-te-invita-a-formar-parte-de-su-comunidad-bilingue-e-inclusiva\/#breadcrumb","itemListElement":[{"@type":"ListItem","position":1,"name":"Inicio","item":"https:\/\/www.nexoinformativo.mx\/"},{"@type":"ListItem","position":2,"name":"\u00a1Se abre convocatoria! La Universidad Polit\u00e9cnica de Santa Rosa J\u00e1uregui te invita a formar parte de su comunidad biling\u00fce e inclusiva"}]},{"@type":"WebSite","@id":"https:\/\/www.nexoinformativo.mx\/#website","url":"https:\/\/www.nexoinformativo.mx\/","name":"Nexo Informativo Santiago de Quer\u00e9taro","description":"Explora NexoInformativo y convi\u00e9rtete en parte de una comunidad que valora el conocimiento y la verdad. Tu nexoinformativo es tu puente hacia una comprensi\u00f3n m\u00e1s profunda del mundo que te rodea.","publisher":{"@id":"https:\/\/www.nexoinformativo.mx\/#organization"},"potentialAction":[{"@type":"SearchAction","target":{"@type":"EntryPoint","urlTemplate":"https:\/\/www.nexoinformativo.mx\/?s={search_term_string}"},"query-input":{"@type":"PropertyValueSpecification","valueRequired":true,"valueName":"search_term_string"}}],"inLanguage":"es"},{"@type":"Organization","@id":"https:\/\/www.nexoinformativo.mx\/#organization","name":"Nexo Informativo Santiago de Quer\u00e9taro","url":"https:\/\/www.nexoinformativo.mx\/","logo":{"@type":"ImageObject","inLanguage":"es","@id":"https:\/\/www.nexoinformativo.mx\/#\/schema\/logo\/image\/","url":"https:\/\/www.nexoinformativo.mx\/wp-content\/uploads\/2024\/07\/nexoi-trasparente-2.png","contentUrl":"https:\/\/www.nexoinformativo.mx\/wp-content\/uploads\/2024\/07\/nexoi-trasparente-2.png","width":816,"height":339,"caption":"Nexo Informativo Santiago de Quer\u00e9taro"},"image":{"@id":"https:\/\/www.nexoinformativo.mx\/#\/schema\/logo\/image\/"},"sameAs":["https:\/\/www.facebook.com\/people\/Nexo-Informativo\/61564066885511\/"]},{"@type":"Person","@id":"https:\/\/www.nexoinformativo.mx\/#\/schema\/person\/7749d380ba08c8ca00d7bc76fd907b7d","name":"Nexo Informativo","image":{"@type":"ImageObject","inLanguage":"es","@id":"https:\/\/www.nexoinformativo.mx\/#\/schema\/person\/image\/","url":"https:\/\/secure.gravatar.com\/avatar\/dde2928154642a13d95f87ddf1ea9718fe2b46760a005c53e41ff5ad610704e6?s=96&d=mm&r=g","contentUrl":"https:\/\/secure.gravatar.com\/avatar\/dde2928154642a13d95f87ddf1ea9718fe2b46760a005c53e41ff5ad610704e6?s=96&d=mm&r=g","caption":"Nexo Informativo"},"url":"https:\/\/www.nexoinformativo.mx\/index.php\/author\/edicion\/"}]}},"_links":{"self":[{"href":"https:\/\/www.nexoinformativo.mx\/index.php\/wp-json\/wp\/v2\/posts\/9591","targetHints":{"allow":["GET"]}}],"collection":[{"href":"https:\/\/www.nexoinformativo.mx\/index.php\/wp-json\/wp\/v2\/posts"}],"about":[{"href":"https:\/\/www.nexoinformativo.mx\/index.php\/wp-json\/wp\/v2\/types\/post"}],"author":[{"embeddable":true,"href":"https:\/\/www.nexoinformativo.mx\/index.php\/wp-json\/wp\/v2\/users\/3"}],"replies":[{"embeddable":true,"href":"https:\/\/www.nexoinformativo.mx\/index.php\/wp-json\/wp\/v2\/comments?post=9591"}],"version-history":[{"count":5,"href":"https:\/\/www.nexoinformativo.mx\/index.php\/wp-json\/wp\/v2\/posts\/9591\/revisions"}],"predecessor-version":[{"id":9595,"href":"https:\/\/www.nexoinformativo.mx\/index.php\/wp-json\/wp\/v2\/posts\/9591\/revisions\/9595"}],"wp:featuredmedia":[{"embeddable":true,"href":"https:\/\/www.nexoinformativo.mx\/index.php\/wp-json\/wp\/v2\/media\/9592"}],"wp:attachment":[{"href":"https:\/\/www.nexoinformativo.mx\/index.php\/wp-json\/wp\/v2\/media?parent=9591"}],"wp:term":[{"taxonomy":"category","embeddable":true,"href":"https:\/\/www.nexoinformativo.mx\/index.php\/wp-json\/wp\/v2\/categories?post=9591"},{"taxonomy":"post_tag","embeddable":true,"href":"https:\/\/www.nexoinformativo.mx\/index.php\/wp-json\/wp\/v2\/tags?post=9591"}],"curies":[{"name":"wp","href":"https:\/\/api.w.org\/{rel}","templated":true}]}}