{"id":960,"date":"2024-08-27T16:00:43","date_gmt":"2024-08-27T22:00:43","guid":{"rendered":"https:\/\/www.nexoinformativo.mx\/?p=960"},"modified":"2024-10-07T12:25:56","modified_gmt":"2024-10-07T18:25:56","slug":"presidente-municipal-electo-chepe-guerrero-anuncia-nuevas-incorporaciones-a-su-gabinete-y-abre-casa-de-transicion-en-corregidora","status":"publish","type":"post","link":"https:\/\/www.nexoinformativo.mx\/index.php\/2024\/08\/27\/presidente-municipal-electo-chepe-guerrero-anuncia-nuevas-incorporaciones-a-su-gabinete-y-abre-casa-de-transicion-en-corregidora\/","title":{"rendered":"Presidente Municipal electo Chepe Guerrero anuncia nuevas incorporaciones a su Gabinete y abre casa de transici\u00f3n en Corregidora"},"content":{"rendered":"<p style=\"text-align: justify;\">El presidente municipal electo de Corregidora, Chepe Guerrero, ha dado un paso importante hacia la conformaci\u00f3n de su equipo de gobierno al anunciar la incorporaci\u00f3n de Cristina Fern\u00e1ndez de Cevallos como Secretaria de Gobierno y Hugo Lora como Secretario T\u00e9cnico, quienes asumir\u00e1n sus cargos a partir del 1 de octubre de 2024. El anuncio se realiz\u00f3 durante la apertura de su Oficina de Transici\u00f3n, un espacio que estar\u00e1 abierto para toda la ciudadan\u00eda.<\/p>\n<p>&nbsp;<\/p>\n<p style=\"text-align: justify;\">En su intervenci\u00f3n, Chepe Guerrero destac\u00f3 la experiencia y capacidad de ambos funcionarios, subrayando que su inclusi\u00f3n en el gabinete es un esfuerzo por construir un equipo s\u00f3lido que trabaje en beneficio de ciudadan\u00eda del Mpio.\u00a0de Corregidora. <strong>\u201cSin lugar a dudas, estamos armando un gran equipo para que las y los ciudadanos sigan adelante, con pasos firmes a un futuro m\u00e1s pr\u00f3spero y que aqu\u00ed siga lo bueno&#8221;,\u00a0<\/strong>afirm\u00f3 Guerrero.<\/p>\n<p>&nbsp;<\/p>\n<p style=\"text-align: justify;\"><img loading=\"lazy\" decoding=\"async\" class=\"alignnone size-full wp-image-975\" src=\"https:\/\/www.nexoinformativo.mx\/wp-content\/uploads\/2024\/08\/PHOTO-2024-08-27-16-19-29-e1724805708159.jpg\" alt=\"\" width=\"800\" height=\"534\" srcset=\"https:\/\/www.nexoinformativo.mx\/wp-content\/uploads\/2024\/08\/PHOTO-2024-08-27-16-19-29-e1724805708159.jpg 800w, https:\/\/www.nexoinformativo.mx\/wp-content\/uploads\/2024\/08\/PHOTO-2024-08-27-16-19-29-e1724805708159-300x200.jpg 300w, https:\/\/www.nexoinformativo.mx\/wp-content\/uploads\/2024\/08\/PHOTO-2024-08-27-16-19-29-e1724805708159-768x513.jpg 768w\" sizes=\"auto, (max-width: 800px) 100vw, 800px\" \/><\/p>\n<p>&nbsp;<\/p>\n<p style=\"text-align: justify;\">Cristina Fern\u00e1ndez de Cevallos, licenciada en Derecho y maestra en Administraci\u00f3n P\u00fablica Estatal y Municipal por la Universidad Aut\u00f3noma de Quer\u00e9taro (UAQ), cuenta con 18 a\u00f1os de experiencia en la administraci\u00f3n p\u00fablica. Actualmente se desempe\u00f1a como secretaria de Gesti\u00f3n Delegacional en Corregidora y ha ocupado cargos relevantes como el de Secretaria de Gobierno en San Juan del R\u00edo.<\/p>\n<p>&nbsp;<\/p>\n<p style=\"text-align: justify;\">Por su parte, Hugo Lora Gonz\u00e1lez, licenciado en Ciencia Pol\u00edtica por el Instituto Tecnol\u00f3gico Aut\u00f3nomo de M\u00e9xico (ITAM), ha trabajado en el poder ejecutivo del estado como Jefe de Gesti\u00f3n Gubernamental y ha sido Asesor en el Grupo Parlamentario del PAN en el Senado de la Rep\u00fablica.<\/p>\n<p>&nbsp;<\/p>\n<p style=\"text-align: justify;\">La nueva Casa de Transici\u00f3n, ubicada en la calle Rufino Tamayo #1, colonia Pueblo Nuevo, ser\u00e1 un punto de encuentro entre el gobierno y la ciudadan\u00eda. Guerrero enfatiz\u00f3 que este espacio no solo funcionar\u00e1 como una oficina, sino como un lugar donde se fortalecer\u00e1n los lazos con la comunidad, permitiendo una comunicaci\u00f3n abierta y \u00e1gil.<\/p>\n<p>&nbsp;<\/p>\n<p style=\"text-align: justify;\"><strong>\u201cEstas no ser\u00e1n simplemente unas oficinas; ser\u00e1n un punto de encuentro donde se fortalecer\u00e1n los lazos entre el gobierno y la ciudadan\u00eda\u201d,<\/strong> concluy\u00f3 Chepe Guerrero, reafirmando su compromiso de representar un gobierno cercano y atento a las necesidades de la gente.<\/p>\n","protected":false},"excerpt":{"rendered":"<p>El presidente municipal electo de Corregidora, Chepe Guerrero, ha dado un paso importante hacia la conformaci\u00f3n de su equipo de gobierno al anunciar la incorporaci\u00f3n de Cristina Fern\u00e1ndez de Cevallos como Secretaria de Gobierno y Hugo Lora como Secretario T\u00e9cnico, quienes asumir\u00e1n sus cargos a partir del 1 de octubre de 2024. El anuncio se [&hellip;]<\/p>\n","protected":false},"author":3,"featured_media":961,"comment_status":"open","ping_status":"open","sticky":false,"template":"","format":"standard","meta":{"footnotes":""},"categories":[21],"tags":[237,233,238,236,234,235],"class_list":["post-960","post","type-post","status-publish","format-standard","has-post-thumbnail","hentry","category-politica","tag-chepeguerrero","tag-corregidora","tag-equipochepeguerrero","tag-gobiernomunicipal","tag-nuevogobiernocorregidora","tag-transicioncorregidora"],"yoast_head":"<!-- This site is optimized with the Yoast SEO plugin v25.0 - https:\/\/yoast.com\/wordpress\/plugins\/seo\/ -->\n<title>Presidente Municipal electo Chepe Guerrero anuncia nuevas incorporaciones a su Gabinete y abre casa de transici\u00f3n en Corregidora | Nexo Informativo Santiago de Quer\u00e9taro<\/title>\n<meta name=\"robots\" content=\"index, follow, max-snippet:-1, max-image-preview:large, max-video-preview:-1\" \/>\n<link rel=\"canonical\" href=\"https:\/\/www.nexoinformativo.mx\/index.php\/2024\/08\/27\/presidente-municipal-electo-chepe-guerrero-anuncia-nuevas-incorporaciones-a-su-gabinete-y-abre-casa-de-transicion-en-corregidora\/\" \/>\n<meta property=\"og:locale\" content=\"es_MX\" \/>\n<meta property=\"og:type\" content=\"article\" \/>\n<meta property=\"og:title\" content=\"Presidente Municipal electo Chepe Guerrero anuncia nuevas incorporaciones a su Gabinete y abre casa de transici\u00f3n en Corregidora | Nexo Informativo Santiago de Quer\u00e9taro\" \/>\n<meta property=\"og:description\" content=\"El presidente municipal electo de Corregidora, Chepe Guerrero, ha dado un paso importante hacia la conformaci\u00f3n de su equipo de gobierno al anunciar la incorporaci\u00f3n de Cristina Fern\u00e1ndez de Cevallos como Secretaria de Gobierno y Hugo Lora como Secretario T\u00e9cnico, quienes asumir\u00e1n sus cargos a partir del 1 de octubre de 2024. El anuncio se [&hellip;]\" \/>\n<meta property=\"og:url\" content=\"https:\/\/www.nexoinformativo.mx\/index.php\/2024\/08\/27\/presidente-municipal-electo-chepe-guerrero-anuncia-nuevas-incorporaciones-a-su-gabinete-y-abre-casa-de-transicion-en-corregidora\/\" \/>\n<meta property=\"og:site_name\" content=\"Nexo Informativo Santiago de Quer\u00e9taro\" \/>\n<meta property=\"article:publisher\" content=\"https:\/\/www.facebook.com\/people\/Nexo-Informativo\/61564066885511\/\" \/>\n<meta property=\"article:published_time\" content=\"2024-08-27T22:00:43+00:00\" \/>\n<meta property=\"article:modified_time\" content=\"2024-10-07T18:25:56+00:00\" \/>\n<meta property=\"og:image\" content=\"https:\/\/www.nexoinformativo.mx\/wp-content\/uploads\/2024\/08\/PHOTO-2024-08-27-16-19-30-e1724802658265.jpg\" \/>\n\t<meta property=\"og:image:width\" content=\"800\" \/>\n\t<meta property=\"og:image:height\" content=\"533\" \/>\n\t<meta property=\"og:image:type\" content=\"image\/jpeg\" \/>\n<meta name=\"author\" content=\"Nexo Informativo\" \/>\n<meta name=\"twitter:card\" content=\"summary_large_image\" \/>\n<meta name=\"twitter:label1\" content=\"Escrito por\" \/>\n\t<meta name=\"twitter:data1\" content=\"Nexo Informativo\" \/>\n\t<meta name=\"twitter:label2\" content=\"Tiempo de lectura\" \/>\n\t<meta name=\"twitter:data2\" content=\"2 minutos\" \/>\n<script type=\"application\/ld+json\" class=\"yoast-schema-graph\">{\"@context\":\"https:\/\/schema.org\",\"@graph\":[{\"@type\":\"Article\",\"@id\":\"https:\/\/www.nexoinformativo.mx\/index.php\/2024\/08\/27\/presidente-municipal-electo-chepe-guerrero-anuncia-nuevas-incorporaciones-a-su-gabinete-y-abre-casa-de-transicion-en-corregidora\/#article\",\"isPartOf\":{\"@id\":\"https:\/\/www.nexoinformativo.mx\/index.php\/2024\/08\/27\/presidente-municipal-electo-chepe-guerrero-anuncia-nuevas-incorporaciones-a-su-gabinete-y-abre-casa-de-transicion-en-corregidora\/\"},\"author\":{\"name\":\"Nexo Informativo\",\"@id\":\"https:\/\/www.nexoinformativo.mx\/#\/schema\/person\/7749d380ba08c8ca00d7bc76fd907b7d\"},\"headline\":\"Presidente Municipal electo Chepe Guerrero anuncia nuevas incorporaciones a su Gabinete y abre casa de transici\u00f3n en Corregidora\",\"datePublished\":\"2024-08-27T22:00:43+00:00\",\"dateModified\":\"2024-10-07T18:25:56+00:00\",\"mainEntityOfPage\":{\"@id\":\"https:\/\/www.nexoinformativo.mx\/index.php\/2024\/08\/27\/presidente-municipal-electo-chepe-guerrero-anuncia-nuevas-incorporaciones-a-su-gabinete-y-abre-casa-de-transicion-en-corregidora\/\"},\"wordCount\":405,\"commentCount\":0,\"publisher\":{\"@id\":\"https:\/\/www.nexoinformativo.mx\/#organization\"},\"image\":{\"@id\":\"https:\/\/www.nexoinformativo.mx\/index.php\/2024\/08\/27\/presidente-municipal-electo-chepe-guerrero-anuncia-nuevas-incorporaciones-a-su-gabinete-y-abre-casa-de-transicion-en-corregidora\/#primaryimage\"},\"thumbnailUrl\":\"https:\/\/www.nexoinformativo.mx\/wp-content\/uploads\/2024\/08\/PHOTO-2024-08-27-16-19-30-e1724802658265.jpg\",\"keywords\":[\"ChepeGuerrero\",\"Corregidora\",\"EquipoChepeGuerrero\",\"GobiernoMunicipal\",\"NuevogobiernoCorregidora\",\"TransicionCorregidora\"],\"articleSection\":[\"Pol\u00edtica\"],\"inLanguage\":\"es\",\"potentialAction\":[{\"@type\":\"CommentAction\",\"name\":\"Comment\",\"target\":[\"https:\/\/www.nexoinformativo.mx\/index.php\/2024\/08\/27\/presidente-municipal-electo-chepe-guerrero-anuncia-nuevas-incorporaciones-a-su-gabinete-y-abre-casa-de-transicion-en-corregidora\/#respond\"]}]},{\"@type\":\"WebPage\",\"@id\":\"https:\/\/www.nexoinformativo.mx\/index.php\/2024\/08\/27\/presidente-municipal-electo-chepe-guerrero-anuncia-nuevas-incorporaciones-a-su-gabinete-y-abre-casa-de-transicion-en-corregidora\/\",\"url\":\"https:\/\/www.nexoinformativo.mx\/index.php\/2024\/08\/27\/presidente-municipal-electo-chepe-guerrero-anuncia-nuevas-incorporaciones-a-su-gabinete-y-abre-casa-de-transicion-en-corregidora\/\",\"name\":\"Presidente Municipal electo Chepe Guerrero anuncia nuevas incorporaciones a su Gabinete y abre casa de transici\u00f3n en Corregidora | Nexo Informativo Santiago de Quer\u00e9taro\",\"isPartOf\":{\"@id\":\"https:\/\/www.nexoinformativo.mx\/#website\"},\"primaryImageOfPage\":{\"@id\":\"https:\/\/www.nexoinformativo.mx\/index.php\/2024\/08\/27\/presidente-municipal-electo-chepe-guerrero-anuncia-nuevas-incorporaciones-a-su-gabinete-y-abre-casa-de-transicion-en-corregidora\/#primaryimage\"},\"image\":{\"@id\":\"https:\/\/www.nexoinformativo.mx\/index.php\/2024\/08\/27\/presidente-municipal-electo-chepe-guerrero-anuncia-nuevas-incorporaciones-a-su-gabinete-y-abre-casa-de-transicion-en-corregidora\/#primaryimage\"},\"thumbnailUrl\":\"https:\/\/www.nexoinformativo.mx\/wp-content\/uploads\/2024\/08\/PHOTO-2024-08-27-16-19-30-e1724802658265.jpg\",\"datePublished\":\"2024-08-27T22:00:43+00:00\",\"dateModified\":\"2024-10-07T18:25:56+00:00\",\"breadcrumb\":{\"@id\":\"https:\/\/www.nexoinformativo.mx\/index.php\/2024\/08\/27\/presidente-municipal-electo-chepe-guerrero-anuncia-nuevas-incorporaciones-a-su-gabinete-y-abre-casa-de-transicion-en-corregidora\/#breadcrumb\"},\"inLanguage\":\"es\",\"potentialAction\":[{\"@type\":\"ReadAction\",\"target\":[\"https:\/\/www.nexoinformativo.mx\/index.php\/2024\/08\/27\/presidente-municipal-electo-chepe-guerrero-anuncia-nuevas-incorporaciones-a-su-gabinete-y-abre-casa-de-transicion-en-corregidora\/\"]}]},{\"@type\":\"ImageObject\",\"inLanguage\":\"es\",\"@id\":\"https:\/\/www.nexoinformativo.mx\/index.php\/2024\/08\/27\/presidente-municipal-electo-chepe-guerrero-anuncia-nuevas-incorporaciones-a-su-gabinete-y-abre-casa-de-transicion-en-corregidora\/#primaryimage\",\"url\":\"https:\/\/www.nexoinformativo.mx\/wp-content\/uploads\/2024\/08\/PHOTO-2024-08-27-16-19-30-e1724802658265.jpg\",\"contentUrl\":\"https:\/\/www.nexoinformativo.mx\/wp-content\/uploads\/2024\/08\/PHOTO-2024-08-27-16-19-30-e1724802658265.jpg\",\"width\":800,\"height\":533},{\"@type\":\"BreadcrumbList\",\"@id\":\"https:\/\/www.nexoinformativo.mx\/index.php\/2024\/08\/27\/presidente-municipal-electo-chepe-guerrero-anuncia-nuevas-incorporaciones-a-su-gabinete-y-abre-casa-de-transicion-en-corregidora\/#breadcrumb\",\"itemListElement\":[{\"@type\":\"ListItem\",\"position\":1,\"name\":\"Inicio\",\"item\":\"https:\/\/www.nexoinformativo.mx\/\"},{\"@type\":\"ListItem\",\"position\":2,\"name\":\"Presidente Municipal electo Chepe Guerrero anuncia nuevas incorporaciones a su Gabinete y abre casa de transici\u00f3n en Corregidora\"}]},{\"@type\":\"WebSite\",\"@id\":\"https:\/\/www.nexoinformativo.mx\/#website\",\"url\":\"https:\/\/www.nexoinformativo.mx\/\",\"name\":\"Nexo Informativo Santiago de Quer\u00e9taro\",\"description\":\"Explora NexoInformativo y convi\u00e9rtete en parte de una comunidad que valora el conocimiento y la verdad. Tu nexoinformativo es tu puente hacia una comprensi\u00f3n m\u00e1s profunda del mundo que te rodea.\",\"publisher\":{\"@id\":\"https:\/\/www.nexoinformativo.mx\/#organization\"},\"potentialAction\":[{\"@type\":\"SearchAction\",\"target\":{\"@type\":\"EntryPoint\",\"urlTemplate\":\"https:\/\/www.nexoinformativo.mx\/?s={search_term_string}\"},\"query-input\":{\"@type\":\"PropertyValueSpecification\",\"valueRequired\":true,\"valueName\":\"search_term_string\"}}],\"inLanguage\":\"es\"},{\"@type\":\"Organization\",\"@id\":\"https:\/\/www.nexoinformativo.mx\/#organization\",\"name\":\"Nexo Informativo Santiago de Quer\u00e9taro\",\"url\":\"https:\/\/www.nexoinformativo.mx\/\",\"logo\":{\"@type\":\"ImageObject\",\"inLanguage\":\"es\",\"@id\":\"https:\/\/www.nexoinformativo.mx\/#\/schema\/logo\/image\/\",\"url\":\"https:\/\/www.nexoinformativo.mx\/wp-content\/uploads\/2024\/07\/nexoi-trasparente-2.png\",\"contentUrl\":\"https:\/\/www.nexoinformativo.mx\/wp-content\/uploads\/2024\/07\/nexoi-trasparente-2.png\",\"width\":816,\"height\":339,\"caption\":\"Nexo Informativo Santiago de Quer\u00e9taro\"},\"image\":{\"@id\":\"https:\/\/www.nexoinformativo.mx\/#\/schema\/logo\/image\/\"},\"sameAs\":[\"https:\/\/www.facebook.com\/people\/Nexo-Informativo\/61564066885511\/\"]},{\"@type\":\"Person\",\"@id\":\"https:\/\/www.nexoinformativo.mx\/#\/schema\/person\/7749d380ba08c8ca00d7bc76fd907b7d\",\"name\":\"Nexo Informativo\",\"image\":{\"@type\":\"ImageObject\",\"inLanguage\":\"es\",\"@id\":\"https:\/\/www.nexoinformativo.mx\/#\/schema\/person\/image\/\",\"url\":\"https:\/\/secure.gravatar.com\/avatar\/dde2928154642a13d95f87ddf1ea9718fe2b46760a005c53e41ff5ad610704e6?s=96&d=mm&r=g\",\"contentUrl\":\"https:\/\/secure.gravatar.com\/avatar\/dde2928154642a13d95f87ddf1ea9718fe2b46760a005c53e41ff5ad610704e6?s=96&d=mm&r=g\",\"caption\":\"Nexo Informativo\"},\"url\":\"https:\/\/www.nexoinformativo.mx\/index.php\/author\/edicion\/\"}]}<\/script>\n<!-- \/ Yoast SEO plugin. -->","yoast_head_json":{"title":"Presidente Municipal electo Chepe Guerrero anuncia nuevas incorporaciones a su Gabinete y abre casa de transici\u00f3n en Corregidora | Nexo Informativo Santiago de Quer\u00e9taro","robots":{"index":"index","follow":"follow","max-snippet":"max-snippet:-1","max-image-preview":"max-image-preview:large","max-video-preview":"max-video-preview:-1"},"canonical":"https:\/\/www.nexoinformativo.mx\/index.php\/2024\/08\/27\/presidente-municipal-electo-chepe-guerrero-anuncia-nuevas-incorporaciones-a-su-gabinete-y-abre-casa-de-transicion-en-corregidora\/","og_locale":"es_MX","og_type":"article","og_title":"Presidente Municipal electo Chepe Guerrero anuncia nuevas incorporaciones a su Gabinete y abre casa de transici\u00f3n en Corregidora | Nexo Informativo Santiago de Quer\u00e9taro","og_description":"El presidente municipal electo de Corregidora, Chepe Guerrero, ha dado un paso importante hacia la conformaci\u00f3n de su equipo de gobierno al anunciar la incorporaci\u00f3n de Cristina Fern\u00e1ndez de Cevallos como Secretaria de Gobierno y Hugo Lora como Secretario T\u00e9cnico, quienes asumir\u00e1n sus cargos a partir del 1 de octubre de 2024. El anuncio se [&hellip;]","og_url":"https:\/\/www.nexoinformativo.mx\/index.php\/2024\/08\/27\/presidente-municipal-electo-chepe-guerrero-anuncia-nuevas-incorporaciones-a-su-gabinete-y-abre-casa-de-transicion-en-corregidora\/","og_site_name":"Nexo Informativo Santiago de Quer\u00e9taro","article_publisher":"https:\/\/www.facebook.com\/people\/Nexo-Informativo\/61564066885511\/","article_published_time":"2024-08-27T22:00:43+00:00","article_modified_time":"2024-10-07T18:25:56+00:00","og_image":[{"width":800,"height":533,"url":"https:\/\/www.nexoinformativo.mx\/wp-content\/uploads\/2024\/08\/PHOTO-2024-08-27-16-19-30-e1724802658265.jpg","type":"image\/jpeg"}],"author":"Nexo Informativo","twitter_card":"summary_large_image","twitter_misc":{"Escrito por":"Nexo Informativo","Tiempo de lectura":"2 minutos"},"schema":{"@context":"https:\/\/schema.org","@graph":[{"@type":"Article","@id":"https:\/\/www.nexoinformativo.mx\/index.php\/2024\/08\/27\/presidente-municipal-electo-chepe-guerrero-anuncia-nuevas-incorporaciones-a-su-gabinete-y-abre-casa-de-transicion-en-corregidora\/#article","isPartOf":{"@id":"https:\/\/www.nexoinformativo.mx\/index.php\/2024\/08\/27\/presidente-municipal-electo-chepe-guerrero-anuncia-nuevas-incorporaciones-a-su-gabinete-y-abre-casa-de-transicion-en-corregidora\/"},"author":{"name":"Nexo Informativo","@id":"https:\/\/www.nexoinformativo.mx\/#\/schema\/person\/7749d380ba08c8ca00d7bc76fd907b7d"},"headline":"Presidente Municipal electo Chepe Guerrero anuncia nuevas incorporaciones a su Gabinete y abre casa de transici\u00f3n en Corregidora","datePublished":"2024-08-27T22:00:43+00:00","dateModified":"2024-10-07T18:25:56+00:00","mainEntityOfPage":{"@id":"https:\/\/www.nexoinformativo.mx\/index.php\/2024\/08\/27\/presidente-municipal-electo-chepe-guerrero-anuncia-nuevas-incorporaciones-a-su-gabinete-y-abre-casa-de-transicion-en-corregidora\/"},"wordCount":405,"commentCount":0,"publisher":{"@id":"https:\/\/www.nexoinformativo.mx\/#organization"},"image":{"@id":"https:\/\/www.nexoinformativo.mx\/index.php\/2024\/08\/27\/presidente-municipal-electo-chepe-guerrero-anuncia-nuevas-incorporaciones-a-su-gabinete-y-abre-casa-de-transicion-en-corregidora\/#primaryimage"},"thumbnailUrl":"https:\/\/www.nexoinformativo.mx\/wp-content\/uploads\/2024\/08\/PHOTO-2024-08-27-16-19-30-e1724802658265.jpg","keywords":["ChepeGuerrero","Corregidora","EquipoChepeGuerrero","GobiernoMunicipal","NuevogobiernoCorregidora","TransicionCorregidora"],"articleSection":["Pol\u00edtica"],"inLanguage":"es","potentialAction":[{"@type":"CommentAction","name":"Comment","target":["https:\/\/www.nexoinformativo.mx\/index.php\/2024\/08\/27\/presidente-municipal-electo-chepe-guerrero-anuncia-nuevas-incorporaciones-a-su-gabinete-y-abre-casa-de-transicion-en-corregidora\/#respond"]}]},{"@type":"WebPage","@id":"https:\/\/www.nexoinformativo.mx\/index.php\/2024\/08\/27\/presidente-municipal-electo-chepe-guerrero-anuncia-nuevas-incorporaciones-a-su-gabinete-y-abre-casa-de-transicion-en-corregidora\/","url":"https:\/\/www.nexoinformativo.mx\/index.php\/2024\/08\/27\/presidente-municipal-electo-chepe-guerrero-anuncia-nuevas-incorporaciones-a-su-gabinete-y-abre-casa-de-transicion-en-corregidora\/","name":"Presidente Municipal electo Chepe Guerrero anuncia nuevas incorporaciones a su Gabinete y abre casa de transici\u00f3n en Corregidora | Nexo Informativo Santiago de Quer\u00e9taro","isPartOf":{"@id":"https:\/\/www.nexoinformativo.mx\/#website"},"primaryImageOfPage":{"@id":"https:\/\/www.nexoinformativo.mx\/index.php\/2024\/08\/27\/presidente-municipal-electo-chepe-guerrero-anuncia-nuevas-incorporaciones-a-su-gabinete-y-abre-casa-de-transicion-en-corregidora\/#primaryimage"},"image":{"@id":"https:\/\/www.nexoinformativo.mx\/index.php\/2024\/08\/27\/presidente-municipal-electo-chepe-guerrero-anuncia-nuevas-incorporaciones-a-su-gabinete-y-abre-casa-de-transicion-en-corregidora\/#primaryimage"},"thumbnailUrl":"https:\/\/www.nexoinformativo.mx\/wp-content\/uploads\/2024\/08\/PHOTO-2024-08-27-16-19-30-e1724802658265.jpg","datePublished":"2024-08-27T22:00:43+00:00","dateModified":"2024-10-07T18:25:56+00:00","breadcrumb":{"@id":"https:\/\/www.nexoinformativo.mx\/index.php\/2024\/08\/27\/presidente-municipal-electo-chepe-guerrero-anuncia-nuevas-incorporaciones-a-su-gabinete-y-abre-casa-de-transicion-en-corregidora\/#breadcrumb"},"inLanguage":"es","potentialAction":[{"@type":"ReadAction","target":["https:\/\/www.nexoinformativo.mx\/index.php\/2024\/08\/27\/presidente-municipal-electo-chepe-guerrero-anuncia-nuevas-incorporaciones-a-su-gabinete-y-abre-casa-de-transicion-en-corregidora\/"]}]},{"@type":"ImageObject","inLanguage":"es","@id":"https:\/\/www.nexoinformativo.mx\/index.php\/2024\/08\/27\/presidente-municipal-electo-chepe-guerrero-anuncia-nuevas-incorporaciones-a-su-gabinete-y-abre-casa-de-transicion-en-corregidora\/#primaryimage","url":"https:\/\/www.nexoinformativo.mx\/wp-content\/uploads\/2024\/08\/PHOTO-2024-08-27-16-19-30-e1724802658265.jpg","contentUrl":"https:\/\/www.nexoinformativo.mx\/wp-content\/uploads\/2024\/08\/PHOTO-2024-08-27-16-19-30-e1724802658265.jpg","width":800,"height":533},{"@type":"BreadcrumbList","@id":"https:\/\/www.nexoinformativo.mx\/index.php\/2024\/08\/27\/presidente-municipal-electo-chepe-guerrero-anuncia-nuevas-incorporaciones-a-su-gabinete-y-abre-casa-de-transicion-en-corregidora\/#breadcrumb","itemListElement":[{"@type":"ListItem","position":1,"name":"Inicio","item":"https:\/\/www.nexoinformativo.mx\/"},{"@type":"ListItem","position":2,"name":"Presidente Municipal electo Chepe Guerrero anuncia nuevas incorporaciones a su Gabinete y abre casa de transici\u00f3n en Corregidora"}]},{"@type":"WebSite","@id":"https:\/\/www.nexoinformativo.mx\/#website","url":"https:\/\/www.nexoinformativo.mx\/","name":"Nexo Informativo Santiago de Quer\u00e9taro","description":"Explora NexoInformativo y convi\u00e9rtete en parte de una comunidad que valora el conocimiento y la verdad. Tu nexoinformativo es tu puente hacia una comprensi\u00f3n m\u00e1s profunda del mundo que te rodea.","publisher":{"@id":"https:\/\/www.nexoinformativo.mx\/#organization"},"potentialAction":[{"@type":"SearchAction","target":{"@type":"EntryPoint","urlTemplate":"https:\/\/www.nexoinformativo.mx\/?s={search_term_string}"},"query-input":{"@type":"PropertyValueSpecification","valueRequired":true,"valueName":"search_term_string"}}],"inLanguage":"es"},{"@type":"Organization","@id":"https:\/\/www.nexoinformativo.mx\/#organization","name":"Nexo Informativo Santiago de Quer\u00e9taro","url":"https:\/\/www.nexoinformativo.mx\/","logo":{"@type":"ImageObject","inLanguage":"es","@id":"https:\/\/www.nexoinformativo.mx\/#\/schema\/logo\/image\/","url":"https:\/\/www.nexoinformativo.mx\/wp-content\/uploads\/2024\/07\/nexoi-trasparente-2.png","contentUrl":"https:\/\/www.nexoinformativo.mx\/wp-content\/uploads\/2024\/07\/nexoi-trasparente-2.png","width":816,"height":339,"caption":"Nexo Informativo Santiago de Quer\u00e9taro"},"image":{"@id":"https:\/\/www.nexoinformativo.mx\/#\/schema\/logo\/image\/"},"sameAs":["https:\/\/www.facebook.com\/people\/Nexo-Informativo\/61564066885511\/"]},{"@type":"Person","@id":"https:\/\/www.nexoinformativo.mx\/#\/schema\/person\/7749d380ba08c8ca00d7bc76fd907b7d","name":"Nexo Informativo","image":{"@type":"ImageObject","inLanguage":"es","@id":"https:\/\/www.nexoinformativo.mx\/#\/schema\/person\/image\/","url":"https:\/\/secure.gravatar.com\/avatar\/dde2928154642a13d95f87ddf1ea9718fe2b46760a005c53e41ff5ad610704e6?s=96&d=mm&r=g","contentUrl":"https:\/\/secure.gravatar.com\/avatar\/dde2928154642a13d95f87ddf1ea9718fe2b46760a005c53e41ff5ad610704e6?s=96&d=mm&r=g","caption":"Nexo Informativo"},"url":"https:\/\/www.nexoinformativo.mx\/index.php\/author\/edicion\/"}]}},"_links":{"self":[{"href":"https:\/\/www.nexoinformativo.mx\/index.php\/wp-json\/wp\/v2\/posts\/960","targetHints":{"allow":["GET"]}}],"collection":[{"href":"https:\/\/www.nexoinformativo.mx\/index.php\/wp-json\/wp\/v2\/posts"}],"about":[{"href":"https:\/\/www.nexoinformativo.mx\/index.php\/wp-json\/wp\/v2\/types\/post"}],"author":[{"embeddable":true,"href":"https:\/\/www.nexoinformativo.mx\/index.php\/wp-json\/wp\/v2\/users\/3"}],"replies":[{"embeddable":true,"href":"https:\/\/www.nexoinformativo.mx\/index.php\/wp-json\/wp\/v2\/comments?post=960"}],"version-history":[{"count":9,"href":"https:\/\/www.nexoinformativo.mx\/index.php\/wp-json\/wp\/v2\/posts\/960\/revisions"}],"predecessor-version":[{"id":983,"href":"https:\/\/www.nexoinformativo.mx\/index.php\/wp-json\/wp\/v2\/posts\/960\/revisions\/983"}],"wp:featuredmedia":[{"embeddable":true,"href":"https:\/\/www.nexoinformativo.mx\/index.php\/wp-json\/wp\/v2\/media\/961"}],"wp:attachment":[{"href":"https:\/\/www.nexoinformativo.mx\/index.php\/wp-json\/wp\/v2\/media?parent=960"}],"wp:term":[{"taxonomy":"category","embeddable":true,"href":"https:\/\/www.nexoinformativo.mx\/index.php\/wp-json\/wp\/v2\/categories?post=960"},{"taxonomy":"post_tag","embeddable":true,"href":"https:\/\/www.nexoinformativo.mx\/index.php\/wp-json\/wp\/v2\/tags?post=960"}],"curies":[{"name":"wp","href":"https:\/\/api.w.org\/{rel}","templated":true}]}}