{"id":9603,"date":"2025-01-09T08:00:05","date_gmt":"2025-01-09T14:00:05","guid":{"rendered":"https:\/\/www.nexoinformativo.mx\/?p=9603"},"modified":"2025-01-09T08:21:00","modified_gmt":"2025-01-09T14:21:00","slug":"sheinbaum-defiende-el-nombre-del-golfo-de-mexico-ante-propuesta-de-trump","status":"publish","type":"post","link":"https:\/\/www.nexoinformativo.mx\/index.php\/2025\/01\/09\/sheinbaum-defiende-el-nombre-del-golfo-de-mexico-ante-propuesta-de-trump\/","title":{"rendered":"Sheinbaum defiende el nombre del Golfo de M\u00e9xico ante propuesta de Trump"},"content":{"rendered":"<p style=\"text-align: justify;\">La presidenta de M\u00e9xico, Claudia Sheinbaum, respondi\u00f3 al presidente electo de los Estados Unidos, Donald Trump, tras su propuesta de cambiar el nombre del Golfo de M\u00e9xico.<\/p>\n<\/p>\n<p>&nbsp;<\/p>\n<p style=\"text-align: justify;\">Sheinbaum asegur\u00f3 que este nombre es reconocido por las Naciones Unidas y ha sido utilizado desde 1607. Durante una conferencia de prensa, Jos\u00e9 Alfonso Su\u00e1rez del Real, asesor de la Presidencia, present\u00f3 un repaso hist\u00f3rico para respaldar esta afirmaci\u00f3n.<\/p>\n<\/p>\n<p>&nbsp;<\/p>\n<p style=\"text-align: justify;\">Sheinbaum sugiri\u00f3 que Trump fue malinformado y record\u00f3 que en M\u00e9xico gobierna el pueblo. Adem\u00e1s, mencion\u00f3 que hace cuatro siglos, la regi\u00f3n de Norteam\u00e9rica se conoc\u00eda como <strong>\u201cAm\u00e9rica Mexicana\u201d<\/strong> y propuso humor\u00edsticamente retomar ese nombre. La presidenta expres\u00f3 su esperanza de mantener una buena relaci\u00f3n con Trump.<\/p>\n<\/p>\n<p>&nbsp;<\/p>\n<p style=\"text-align: justify;\">El pasado martes, Trump plante\u00f3 cambiar el nombre del Golfo de M\u00e9xico a Golfo de Am\u00e9rica, lo que gener\u00f3 controversia y atenci\u00f3n medi\u00e1tica. Tambi\u00e9n aprovech\u00f3 para criticar a M\u00e9xico por el flujo migratorio y amenaz\u00f3 con imponer un arancel del 25% si no se controla.<\/p>\n<\/p>\n<p>&nbsp;<\/p>\n<p style=\"text-align: center;\"><em><strong>\u00a1Informaci\u00f3n que transforma!<\/strong><\/em><\/p>\n","protected":false},"excerpt":{"rendered":"<p>La presidenta de M\u00e9xico, Claudia Sheinbaum, respondi\u00f3 al presidente electo de los Estados Unidos, Donald Trump, tras su propuesta de cambiar el nombre del Golfo de M\u00e9xico.<\/p>\n","protected":false},"author":3,"featured_media":9606,"comment_status":"open","ping_status":"open","sticky":false,"template":"","format":"standard","meta":{"footnotes":""},"categories":[88,58],"tags":[3048,967,2057,3047],"class_list":["post-9603","post","type-post","status-publish","format-standard","has-post-thumbnail","hentry","category-nacional","category-ultima-hora","tag-americamexicana","tag-claudiasheinbaum","tag-donaldtrump","tag-golfodemexico"],"yoast_head":"<!-- This site is optimized with the Yoast SEO plugin v25.0 - https:\/\/yoast.com\/wordpress\/plugins\/seo\/ -->\n<title>Sheinbaum defiende el nombre del Golfo de M\u00e9xico ante propuesta de Trump | Nexo Informativo Santiago de Quer\u00e9taro<\/title>\n<meta name=\"description\" content=\"Sheinbaum defiende el nombre del Golfo de M\u00e9xico ante propuesta de Trump\" \/>\n<meta name=\"robots\" content=\"index, follow, max-snippet:-1, max-image-preview:large, max-video-preview:-1\" \/>\n<link rel=\"canonical\" href=\"https:\/\/www.nexoinformativo.mx\/index.php\/2025\/01\/09\/sheinbaum-defiende-el-nombre-del-golfo-de-mexico-ante-propuesta-de-trump\/\" \/>\n<meta property=\"og:locale\" content=\"es_MX\" \/>\n<meta property=\"og:type\" content=\"article\" \/>\n<meta property=\"og:title\" content=\"Sheinbaum defiende el nombre del Golfo de M\u00e9xico ante propuesta de Trump | Nexo Informativo Santiago de Quer\u00e9taro\" \/>\n<meta property=\"og:description\" content=\"Sheinbaum defiende el nombre del Golfo de M\u00e9xico ante propuesta de Trump\" \/>\n<meta property=\"og:url\" content=\"https:\/\/www.nexoinformativo.mx\/index.php\/2025\/01\/09\/sheinbaum-defiende-el-nombre-del-golfo-de-mexico-ante-propuesta-de-trump\/\" \/>\n<meta property=\"og:site_name\" content=\"Nexo Informativo Santiago de Quer\u00e9taro\" \/>\n<meta property=\"article:publisher\" content=\"https:\/\/www.facebook.com\/people\/Nexo-Informativo\/61564066885511\/\" \/>\n<meta property=\"article:published_time\" content=\"2025-01-09T14:00:05+00:00\" \/>\n<meta property=\"article:modified_time\" content=\"2025-01-09T14:21:00+00:00\" \/>\n<meta property=\"og:image\" content=\"https:\/\/www.nexoinformativo.mx\/wp-content\/uploads\/2025\/01\/IMG_9159-e1736432453187.jpg\" \/>\n\t<meta property=\"og:image:width\" content=\"800\" \/>\n\t<meta property=\"og:image:height\" content=\"792\" \/>\n\t<meta property=\"og:image:type\" content=\"image\/jpeg\" \/>\n<meta name=\"author\" content=\"Nexo Informativo\" \/>\n<meta name=\"twitter:card\" content=\"summary_large_image\" \/>\n<meta name=\"twitter:label1\" content=\"Escrito por\" \/>\n\t<meta name=\"twitter:data1\" content=\"Nexo Informativo\" \/>\n\t<meta name=\"twitter:label2\" content=\"Tiempo de lectura\" \/>\n\t<meta name=\"twitter:data2\" content=\"1 minuto\" \/>\n<script type=\"application\/ld+json\" class=\"yoast-schema-graph\">{\"@context\":\"https:\/\/schema.org\",\"@graph\":[{\"@type\":\"Article\",\"@id\":\"https:\/\/www.nexoinformativo.mx\/index.php\/2025\/01\/09\/sheinbaum-defiende-el-nombre-del-golfo-de-mexico-ante-propuesta-de-trump\/#article\",\"isPartOf\":{\"@id\":\"https:\/\/www.nexoinformativo.mx\/index.php\/2025\/01\/09\/sheinbaum-defiende-el-nombre-del-golfo-de-mexico-ante-propuesta-de-trump\/\"},\"author\":{\"name\":\"Nexo Informativo\",\"@id\":\"https:\/\/www.nexoinformativo.mx\/#\/schema\/person\/7749d380ba08c8ca00d7bc76fd907b7d\"},\"headline\":\"Sheinbaum defiende el nombre del Golfo de M\u00e9xico ante propuesta de Trump\",\"datePublished\":\"2025-01-09T14:00:05+00:00\",\"dateModified\":\"2025-01-09T14:21:00+00:00\",\"mainEntityOfPage\":{\"@id\":\"https:\/\/www.nexoinformativo.mx\/index.php\/2025\/01\/09\/sheinbaum-defiende-el-nombre-del-golfo-de-mexico-ante-propuesta-de-trump\/\"},\"wordCount\":196,\"commentCount\":0,\"publisher\":{\"@id\":\"https:\/\/www.nexoinformativo.mx\/#organization\"},\"image\":{\"@id\":\"https:\/\/www.nexoinformativo.mx\/index.php\/2025\/01\/09\/sheinbaum-defiende-el-nombre-del-golfo-de-mexico-ante-propuesta-de-trump\/#primaryimage\"},\"thumbnailUrl\":\"https:\/\/www.nexoinformativo.mx\/wp-content\/uploads\/2025\/01\/IMG_9159-e1736432453187.jpg\",\"keywords\":[\"Am\u00e9ricaMexicana\",\"ClaudiaSheinbaum\",\"DonaldTrump\",\"GolfoDeM\u00e9xico\"],\"articleSection\":[\"Nacional\",\"\u00daltima Hora\"],\"inLanguage\":\"es\",\"potentialAction\":[{\"@type\":\"CommentAction\",\"name\":\"Comment\",\"target\":[\"https:\/\/www.nexoinformativo.mx\/index.php\/2025\/01\/09\/sheinbaum-defiende-el-nombre-del-golfo-de-mexico-ante-propuesta-de-trump\/#respond\"]}]},{\"@type\":\"WebPage\",\"@id\":\"https:\/\/www.nexoinformativo.mx\/index.php\/2025\/01\/09\/sheinbaum-defiende-el-nombre-del-golfo-de-mexico-ante-propuesta-de-trump\/\",\"url\":\"https:\/\/www.nexoinformativo.mx\/index.php\/2025\/01\/09\/sheinbaum-defiende-el-nombre-del-golfo-de-mexico-ante-propuesta-de-trump\/\",\"name\":\"Sheinbaum defiende el nombre del Golfo de M\u00e9xico ante propuesta de Trump | Nexo Informativo Santiago de Quer\u00e9taro\",\"isPartOf\":{\"@id\":\"https:\/\/www.nexoinformativo.mx\/#website\"},\"primaryImageOfPage\":{\"@id\":\"https:\/\/www.nexoinformativo.mx\/index.php\/2025\/01\/09\/sheinbaum-defiende-el-nombre-del-golfo-de-mexico-ante-propuesta-de-trump\/#primaryimage\"},\"image\":{\"@id\":\"https:\/\/www.nexoinformativo.mx\/index.php\/2025\/01\/09\/sheinbaum-defiende-el-nombre-del-golfo-de-mexico-ante-propuesta-de-trump\/#primaryimage\"},\"thumbnailUrl\":\"https:\/\/www.nexoinformativo.mx\/wp-content\/uploads\/2025\/01\/IMG_9159-e1736432453187.jpg\",\"datePublished\":\"2025-01-09T14:00:05+00:00\",\"dateModified\":\"2025-01-09T14:21:00+00:00\",\"description\":\"Sheinbaum defiende el nombre del Golfo de M\u00e9xico ante propuesta de Trump\",\"breadcrumb\":{\"@id\":\"https:\/\/www.nexoinformativo.mx\/index.php\/2025\/01\/09\/sheinbaum-defiende-el-nombre-del-golfo-de-mexico-ante-propuesta-de-trump\/#breadcrumb\"},\"inLanguage\":\"es\",\"potentialAction\":[{\"@type\":\"ReadAction\",\"target\":[\"https:\/\/www.nexoinformativo.mx\/index.php\/2025\/01\/09\/sheinbaum-defiende-el-nombre-del-golfo-de-mexico-ante-propuesta-de-trump\/\"]}]},{\"@type\":\"ImageObject\",\"inLanguage\":\"es\",\"@id\":\"https:\/\/www.nexoinformativo.mx\/index.php\/2025\/01\/09\/sheinbaum-defiende-el-nombre-del-golfo-de-mexico-ante-propuesta-de-trump\/#primaryimage\",\"url\":\"https:\/\/www.nexoinformativo.mx\/wp-content\/uploads\/2025\/01\/IMG_9159-e1736432453187.jpg\",\"contentUrl\":\"https:\/\/www.nexoinformativo.mx\/wp-content\/uploads\/2025\/01\/IMG_9159-e1736432453187.jpg\",\"width\":800,\"height\":792,\"caption\":\"Screenshot\"},{\"@type\":\"BreadcrumbList\",\"@id\":\"https:\/\/www.nexoinformativo.mx\/index.php\/2025\/01\/09\/sheinbaum-defiende-el-nombre-del-golfo-de-mexico-ante-propuesta-de-trump\/#breadcrumb\",\"itemListElement\":[{\"@type\":\"ListItem\",\"position\":1,\"name\":\"Inicio\",\"item\":\"https:\/\/www.nexoinformativo.mx\/\"},{\"@type\":\"ListItem\",\"position\":2,\"name\":\"Sheinbaum defiende el nombre del Golfo de M\u00e9xico ante propuesta de Trump\"}]},{\"@type\":\"WebSite\",\"@id\":\"https:\/\/www.nexoinformativo.mx\/#website\",\"url\":\"https:\/\/www.nexoinformativo.mx\/\",\"name\":\"Nexo Informativo Santiago de Quer\u00e9taro\",\"description\":\"Explora NexoInformativo y convi\u00e9rtete en parte de una comunidad que valora el conocimiento y la verdad. Tu nexoinformativo es tu puente hacia una comprensi\u00f3n m\u00e1s profunda del mundo que te rodea.\",\"publisher\":{\"@id\":\"https:\/\/www.nexoinformativo.mx\/#organization\"},\"potentialAction\":[{\"@type\":\"SearchAction\",\"target\":{\"@type\":\"EntryPoint\",\"urlTemplate\":\"https:\/\/www.nexoinformativo.mx\/?s={search_term_string}\"},\"query-input\":{\"@type\":\"PropertyValueSpecification\",\"valueRequired\":true,\"valueName\":\"search_term_string\"}}],\"inLanguage\":\"es\"},{\"@type\":\"Organization\",\"@id\":\"https:\/\/www.nexoinformativo.mx\/#organization\",\"name\":\"Nexo Informativo Santiago de Quer\u00e9taro\",\"url\":\"https:\/\/www.nexoinformativo.mx\/\",\"logo\":{\"@type\":\"ImageObject\",\"inLanguage\":\"es\",\"@id\":\"https:\/\/www.nexoinformativo.mx\/#\/schema\/logo\/image\/\",\"url\":\"https:\/\/www.nexoinformativo.mx\/wp-content\/uploads\/2024\/07\/nexoi-trasparente-2.png\",\"contentUrl\":\"https:\/\/www.nexoinformativo.mx\/wp-content\/uploads\/2024\/07\/nexoi-trasparente-2.png\",\"width\":816,\"height\":339,\"caption\":\"Nexo Informativo Santiago de Quer\u00e9taro\"},\"image\":{\"@id\":\"https:\/\/www.nexoinformativo.mx\/#\/schema\/logo\/image\/\"},\"sameAs\":[\"https:\/\/www.facebook.com\/people\/Nexo-Informativo\/61564066885511\/\"]},{\"@type\":\"Person\",\"@id\":\"https:\/\/www.nexoinformativo.mx\/#\/schema\/person\/7749d380ba08c8ca00d7bc76fd907b7d\",\"name\":\"Nexo Informativo\",\"image\":{\"@type\":\"ImageObject\",\"inLanguage\":\"es\",\"@id\":\"https:\/\/www.nexoinformativo.mx\/#\/schema\/person\/image\/\",\"url\":\"https:\/\/secure.gravatar.com\/avatar\/dde2928154642a13d95f87ddf1ea9718fe2b46760a005c53e41ff5ad610704e6?s=96&d=mm&r=g\",\"contentUrl\":\"https:\/\/secure.gravatar.com\/avatar\/dde2928154642a13d95f87ddf1ea9718fe2b46760a005c53e41ff5ad610704e6?s=96&d=mm&r=g\",\"caption\":\"Nexo Informativo\"},\"url\":\"https:\/\/www.nexoinformativo.mx\/index.php\/author\/edicion\/\"}]}<\/script>\n<!-- \/ Yoast SEO plugin. -->","yoast_head_json":{"title":"Sheinbaum defiende el nombre del Golfo de M\u00e9xico ante propuesta de Trump | Nexo Informativo Santiago de Quer\u00e9taro","description":"Sheinbaum defiende el nombre del Golfo de M\u00e9xico ante propuesta de Trump","robots":{"index":"index","follow":"follow","max-snippet":"max-snippet:-1","max-image-preview":"max-image-preview:large","max-video-preview":"max-video-preview:-1"},"canonical":"https:\/\/www.nexoinformativo.mx\/index.php\/2025\/01\/09\/sheinbaum-defiende-el-nombre-del-golfo-de-mexico-ante-propuesta-de-trump\/","og_locale":"es_MX","og_type":"article","og_title":"Sheinbaum defiende el nombre del Golfo de M\u00e9xico ante propuesta de Trump | Nexo Informativo Santiago de Quer\u00e9taro","og_description":"Sheinbaum defiende el nombre del Golfo de M\u00e9xico ante propuesta de Trump","og_url":"https:\/\/www.nexoinformativo.mx\/index.php\/2025\/01\/09\/sheinbaum-defiende-el-nombre-del-golfo-de-mexico-ante-propuesta-de-trump\/","og_site_name":"Nexo Informativo Santiago de Quer\u00e9taro","article_publisher":"https:\/\/www.facebook.com\/people\/Nexo-Informativo\/61564066885511\/","article_published_time":"2025-01-09T14:00:05+00:00","article_modified_time":"2025-01-09T14:21:00+00:00","og_image":[{"width":800,"height":792,"url":"https:\/\/www.nexoinformativo.mx\/wp-content\/uploads\/2025\/01\/IMG_9159-e1736432453187.jpg","type":"image\/jpeg"}],"author":"Nexo Informativo","twitter_card":"summary_large_image","twitter_misc":{"Escrito por":"Nexo Informativo","Tiempo de lectura":"1 minuto"},"schema":{"@context":"https:\/\/schema.org","@graph":[{"@type":"Article","@id":"https:\/\/www.nexoinformativo.mx\/index.php\/2025\/01\/09\/sheinbaum-defiende-el-nombre-del-golfo-de-mexico-ante-propuesta-de-trump\/#article","isPartOf":{"@id":"https:\/\/www.nexoinformativo.mx\/index.php\/2025\/01\/09\/sheinbaum-defiende-el-nombre-del-golfo-de-mexico-ante-propuesta-de-trump\/"},"author":{"name":"Nexo Informativo","@id":"https:\/\/www.nexoinformativo.mx\/#\/schema\/person\/7749d380ba08c8ca00d7bc76fd907b7d"},"headline":"Sheinbaum defiende el nombre del Golfo de M\u00e9xico ante propuesta de Trump","datePublished":"2025-01-09T14:00:05+00:00","dateModified":"2025-01-09T14:21:00+00:00","mainEntityOfPage":{"@id":"https:\/\/www.nexoinformativo.mx\/index.php\/2025\/01\/09\/sheinbaum-defiende-el-nombre-del-golfo-de-mexico-ante-propuesta-de-trump\/"},"wordCount":196,"commentCount":0,"publisher":{"@id":"https:\/\/www.nexoinformativo.mx\/#organization"},"image":{"@id":"https:\/\/www.nexoinformativo.mx\/index.php\/2025\/01\/09\/sheinbaum-defiende-el-nombre-del-golfo-de-mexico-ante-propuesta-de-trump\/#primaryimage"},"thumbnailUrl":"https:\/\/www.nexoinformativo.mx\/wp-content\/uploads\/2025\/01\/IMG_9159-e1736432453187.jpg","keywords":["Am\u00e9ricaMexicana","ClaudiaSheinbaum","DonaldTrump","GolfoDeM\u00e9xico"],"articleSection":["Nacional","\u00daltima Hora"],"inLanguage":"es","potentialAction":[{"@type":"CommentAction","name":"Comment","target":["https:\/\/www.nexoinformativo.mx\/index.php\/2025\/01\/09\/sheinbaum-defiende-el-nombre-del-golfo-de-mexico-ante-propuesta-de-trump\/#respond"]}]},{"@type":"WebPage","@id":"https:\/\/www.nexoinformativo.mx\/index.php\/2025\/01\/09\/sheinbaum-defiende-el-nombre-del-golfo-de-mexico-ante-propuesta-de-trump\/","url":"https:\/\/www.nexoinformativo.mx\/index.php\/2025\/01\/09\/sheinbaum-defiende-el-nombre-del-golfo-de-mexico-ante-propuesta-de-trump\/","name":"Sheinbaum defiende el nombre del Golfo de M\u00e9xico ante propuesta de Trump | Nexo Informativo Santiago de Quer\u00e9taro","isPartOf":{"@id":"https:\/\/www.nexoinformativo.mx\/#website"},"primaryImageOfPage":{"@id":"https:\/\/www.nexoinformativo.mx\/index.php\/2025\/01\/09\/sheinbaum-defiende-el-nombre-del-golfo-de-mexico-ante-propuesta-de-trump\/#primaryimage"},"image":{"@id":"https:\/\/www.nexoinformativo.mx\/index.php\/2025\/01\/09\/sheinbaum-defiende-el-nombre-del-golfo-de-mexico-ante-propuesta-de-trump\/#primaryimage"},"thumbnailUrl":"https:\/\/www.nexoinformativo.mx\/wp-content\/uploads\/2025\/01\/IMG_9159-e1736432453187.jpg","datePublished":"2025-01-09T14:00:05+00:00","dateModified":"2025-01-09T14:21:00+00:00","description":"Sheinbaum defiende el nombre del Golfo de M\u00e9xico ante propuesta de Trump","breadcrumb":{"@id":"https:\/\/www.nexoinformativo.mx\/index.php\/2025\/01\/09\/sheinbaum-defiende-el-nombre-del-golfo-de-mexico-ante-propuesta-de-trump\/#breadcrumb"},"inLanguage":"es","potentialAction":[{"@type":"ReadAction","target":["https:\/\/www.nexoinformativo.mx\/index.php\/2025\/01\/09\/sheinbaum-defiende-el-nombre-del-golfo-de-mexico-ante-propuesta-de-trump\/"]}]},{"@type":"ImageObject","inLanguage":"es","@id":"https:\/\/www.nexoinformativo.mx\/index.php\/2025\/01\/09\/sheinbaum-defiende-el-nombre-del-golfo-de-mexico-ante-propuesta-de-trump\/#primaryimage","url":"https:\/\/www.nexoinformativo.mx\/wp-content\/uploads\/2025\/01\/IMG_9159-e1736432453187.jpg","contentUrl":"https:\/\/www.nexoinformativo.mx\/wp-content\/uploads\/2025\/01\/IMG_9159-e1736432453187.jpg","width":800,"height":792,"caption":"Screenshot"},{"@type":"BreadcrumbList","@id":"https:\/\/www.nexoinformativo.mx\/index.php\/2025\/01\/09\/sheinbaum-defiende-el-nombre-del-golfo-de-mexico-ante-propuesta-de-trump\/#breadcrumb","itemListElement":[{"@type":"ListItem","position":1,"name":"Inicio","item":"https:\/\/www.nexoinformativo.mx\/"},{"@type":"ListItem","position":2,"name":"Sheinbaum defiende el nombre del Golfo de M\u00e9xico ante propuesta de Trump"}]},{"@type":"WebSite","@id":"https:\/\/www.nexoinformativo.mx\/#website","url":"https:\/\/www.nexoinformativo.mx\/","name":"Nexo Informativo Santiago de Quer\u00e9taro","description":"Explora NexoInformativo y convi\u00e9rtete en parte de una comunidad que valora el conocimiento y la verdad. Tu nexoinformativo es tu puente hacia una comprensi\u00f3n m\u00e1s profunda del mundo que te rodea.","publisher":{"@id":"https:\/\/www.nexoinformativo.mx\/#organization"},"potentialAction":[{"@type":"SearchAction","target":{"@type":"EntryPoint","urlTemplate":"https:\/\/www.nexoinformativo.mx\/?s={search_term_string}"},"query-input":{"@type":"PropertyValueSpecification","valueRequired":true,"valueName":"search_term_string"}}],"inLanguage":"es"},{"@type":"Organization","@id":"https:\/\/www.nexoinformativo.mx\/#organization","name":"Nexo Informativo Santiago de Quer\u00e9taro","url":"https:\/\/www.nexoinformativo.mx\/","logo":{"@type":"ImageObject","inLanguage":"es","@id":"https:\/\/www.nexoinformativo.mx\/#\/schema\/logo\/image\/","url":"https:\/\/www.nexoinformativo.mx\/wp-content\/uploads\/2024\/07\/nexoi-trasparente-2.png","contentUrl":"https:\/\/www.nexoinformativo.mx\/wp-content\/uploads\/2024\/07\/nexoi-trasparente-2.png","width":816,"height":339,"caption":"Nexo Informativo Santiago de Quer\u00e9taro"},"image":{"@id":"https:\/\/www.nexoinformativo.mx\/#\/schema\/logo\/image\/"},"sameAs":["https:\/\/www.facebook.com\/people\/Nexo-Informativo\/61564066885511\/"]},{"@type":"Person","@id":"https:\/\/www.nexoinformativo.mx\/#\/schema\/person\/7749d380ba08c8ca00d7bc76fd907b7d","name":"Nexo Informativo","image":{"@type":"ImageObject","inLanguage":"es","@id":"https:\/\/www.nexoinformativo.mx\/#\/schema\/person\/image\/","url":"https:\/\/secure.gravatar.com\/avatar\/dde2928154642a13d95f87ddf1ea9718fe2b46760a005c53e41ff5ad610704e6?s=96&d=mm&r=g","contentUrl":"https:\/\/secure.gravatar.com\/avatar\/dde2928154642a13d95f87ddf1ea9718fe2b46760a005c53e41ff5ad610704e6?s=96&d=mm&r=g","caption":"Nexo Informativo"},"url":"https:\/\/www.nexoinformativo.mx\/index.php\/author\/edicion\/"}]}},"_links":{"self":[{"href":"https:\/\/www.nexoinformativo.mx\/index.php\/wp-json\/wp\/v2\/posts\/9603","targetHints":{"allow":["GET"]}}],"collection":[{"href":"https:\/\/www.nexoinformativo.mx\/index.php\/wp-json\/wp\/v2\/posts"}],"about":[{"href":"https:\/\/www.nexoinformativo.mx\/index.php\/wp-json\/wp\/v2\/types\/post"}],"author":[{"embeddable":true,"href":"https:\/\/www.nexoinformativo.mx\/index.php\/wp-json\/wp\/v2\/users\/3"}],"replies":[{"embeddable":true,"href":"https:\/\/www.nexoinformativo.mx\/index.php\/wp-json\/wp\/v2\/comments?post=9603"}],"version-history":[{"count":3,"href":"https:\/\/www.nexoinformativo.mx\/index.php\/wp-json\/wp\/v2\/posts\/9603\/revisions"}],"predecessor-version":[{"id":9607,"href":"https:\/\/www.nexoinformativo.mx\/index.php\/wp-json\/wp\/v2\/posts\/9603\/revisions\/9607"}],"wp:featuredmedia":[{"embeddable":true,"href":"https:\/\/www.nexoinformativo.mx\/index.php\/wp-json\/wp\/v2\/media\/9606"}],"wp:attachment":[{"href":"https:\/\/www.nexoinformativo.mx\/index.php\/wp-json\/wp\/v2\/media?parent=9603"}],"wp:term":[{"taxonomy":"category","embeddable":true,"href":"https:\/\/www.nexoinformativo.mx\/index.php\/wp-json\/wp\/v2\/categories?post=9603"},{"taxonomy":"post_tag","embeddable":true,"href":"https:\/\/www.nexoinformativo.mx\/index.php\/wp-json\/wp\/v2\/tags?post=9603"}],"curies":[{"name":"wp","href":"https:\/\/api.w.org\/{rel}","templated":true}]}}