{"id":9613,"date":"2025-01-09T12:30:03","date_gmt":"2025-01-09T18:30:03","guid":{"rendered":"https:\/\/www.nexoinformativo.mx\/?p=9613"},"modified":"2025-01-09T15:36:14","modified_gmt":"2025-01-09T21:36:14","slug":"regreso-a-clases-y-secretaria-de-salud-insta-a-mantener-filtros-sanitarios-para-prevenir-contagios","status":"publish","type":"post","link":"https:\/\/www.nexoinformativo.mx\/index.php\/2025\/01\/09\/regreso-a-clases-y-secretaria-de-salud-insta-a-mantener-filtros-sanitarios-para-prevenir-contagios\/","title":{"rendered":"Regreso a clases y Secretaria de Salud insta a mantener filtros sanitarios para prevenir contagios"},"content":{"rendered":"<p style=\"text-align: justify;\" data-sourcepos=\"11:1-11:288\">Ante el inicio del nuevo ciclo escolar, la Secretar\u00eda de Salud de Quer\u00e9taro, a trav\u00e9s de su titular Martina P\u00e9rez Rend\u00f3n, ha emitido una recomendaci\u00f3n a todas las instituciones educativas: implementar filtros sanitarios para detectar a tiempo posibles casos de enfermedades respiratorias.<\/p>\n<\/p>\n<p>&nbsp;<\/p>\n<p style=\"text-align: justify;\" data-sourcepos=\"13:1-13:295\">La secretaria de salud enfatiz\u00f3 la importancia de que los padres de familia no env\u00eden a sus hijos a la escuela si presentan s\u00edntomas como gripe, tos, dolor de cabeza, fiebre o escurrimiento nasal. <strong>&#8220;Es fundamental evitar la propagaci\u00f3n de enfermedades entre los estudiantes&#8221;<\/strong>, afirm\u00f3 P\u00e9rez Rend\u00f3n.<\/p>\n<\/p>\n<p>&nbsp;<\/p>\n<p style=\"text-align: justify;\" data-sourcepos=\"15:1-15:190\">Adem\u00e1s, la funcionaria recomend\u00f3 el uso de cubrebocas en caso de ser necesario acudir a la escuela, especialmente considerando el aumento de enfermedades respiratorias en esta \u00e9poca del a\u00f1o.<\/p>\n<\/p>\n<p>&nbsp;<\/p>\n<p style=\"text-align: justify;\" data-sourcepos=\"17:1-17:226\">&#8220;Hemos visto un incremento en las atenciones en los centros de salud debido a enfermedades respiratorias. Por ello, es crucial que tanto padres como escuelas trabajen en conjunto para prevenir contagios&#8221;, se\u00f1al\u00f3 la secretaria.<\/p>\n<\/p>\n<p>&nbsp;<\/p>\n<p style=\"text-align: justify;\" data-sourcepos=\"19:1-19:187\">La Secretar\u00eda de Salud ha pedido a las escuelas retomar los filtros sanitarios que se implementaron durante la pandemia, como la toma de temperatura y la aplicaci\u00f3n de gel antibacterial.<\/p>\n<\/p>\n<p>&nbsp;<\/p>\n<p style=\"text-align: justify;\" data-sourcepos=\"21:1-21:162\">Es importante recordar que la salud de nuestros ni\u00f1os es lo primero. Al seguir estas recomendaciones, podemos contribuir a un regreso a clases seguro y saludable.<\/p>\n<\/p>\n<p>&nbsp;<\/p>\n<p style=\"text-align: center;\" data-sourcepos=\"21:1-21:162\"><em><strong>\u00a1Informaci\u00f3n que transforma!<\/strong><\/em><\/p>\n","protected":false},"excerpt":{"rendered":"<p>Ante el inicio del nuevo ciclo escolar, la Secretar\u00eda de Salud de Quer\u00e9taro, a trav\u00e9s de su titular Martina P\u00e9rez Rend\u00f3n, ha emitido una recomendaci\u00f3n a todas las instituciones educativas: implementar filtros sanitarios para detectar a tiempo posibles casos de enfermedades respiratorias.<\/p>\n","protected":false},"author":3,"featured_media":9614,"comment_status":"open","ping_status":"open","sticky":false,"template":"","format":"standard","meta":{"footnotes":""},"categories":[42,58],"tags":[3050,806,182,139],"class_list":["post-9613","post","type-post","status-publish","format-standard","has-post-thumbnail","hentry","category-estado","category-ultima-hora","tag-filtrossanitarios","tag-prevencion","tag-regresoaclases","tag-salud"],"yoast_head":"<!-- This site is optimized with the Yoast SEO plugin v25.0 - https:\/\/yoast.com\/wordpress\/plugins\/seo\/ -->\n<title>Regreso a clases y Secretaria de Salud insta a mantener filtros sanitarios para prevenir contagios | Nexo Informativo Santiago de Quer\u00e9taro<\/title>\n<meta name=\"description\" content=\"Regreso a clases y Secretaria de Salud insta a mantener filtros sanitarios para prevenir contagios\" \/>\n<meta name=\"robots\" content=\"index, follow, max-snippet:-1, max-image-preview:large, max-video-preview:-1\" \/>\n<link rel=\"canonical\" href=\"https:\/\/www.nexoinformativo.mx\/index.php\/2025\/01\/09\/regreso-a-clases-y-secretaria-de-salud-insta-a-mantener-filtros-sanitarios-para-prevenir-contagios\/\" \/>\n<meta property=\"og:locale\" content=\"es_MX\" \/>\n<meta property=\"og:type\" content=\"article\" \/>\n<meta property=\"og:title\" content=\"Regreso a clases y Secretaria de Salud insta a mantener filtros sanitarios para prevenir contagios | Nexo Informativo Santiago de Quer\u00e9taro\" \/>\n<meta property=\"og:description\" content=\"Regreso a clases y Secretaria de Salud insta a mantener filtros sanitarios para prevenir contagios\" \/>\n<meta property=\"og:url\" content=\"https:\/\/www.nexoinformativo.mx\/index.php\/2025\/01\/09\/regreso-a-clases-y-secretaria-de-salud-insta-a-mantener-filtros-sanitarios-para-prevenir-contagios\/\" \/>\n<meta property=\"og:site_name\" content=\"Nexo Informativo Santiago de Quer\u00e9taro\" \/>\n<meta property=\"article:publisher\" content=\"https:\/\/www.facebook.com\/people\/Nexo-Informativo\/61564066885511\/\" \/>\n<meta property=\"article:published_time\" content=\"2025-01-09T18:30:03+00:00\" \/>\n<meta property=\"article:modified_time\" content=\"2025-01-09T21:36:14+00:00\" \/>\n<meta property=\"og:image\" content=\"https:\/\/www.nexoinformativo.mx\/wp-content\/uploads\/2025\/01\/PHOTO-2025-01-09-14-31-05-e1736458529398.jpg\" \/>\n\t<meta property=\"og:image:width\" content=\"800\" \/>\n\t<meta property=\"og:image:height\" content=\"1067\" \/>\n\t<meta property=\"og:image:type\" content=\"image\/jpeg\" \/>\n<meta name=\"author\" content=\"Nexo Informativo\" \/>\n<meta name=\"twitter:card\" content=\"summary_large_image\" \/>\n<meta name=\"twitter:label1\" content=\"Escrito por\" \/>\n\t<meta name=\"twitter:data1\" content=\"Nexo Informativo\" \/>\n\t<meta name=\"twitter:label2\" content=\"Tiempo de lectura\" \/>\n\t<meta name=\"twitter:data2\" content=\"2 minutos\" \/>\n<script type=\"application\/ld+json\" class=\"yoast-schema-graph\">{\"@context\":\"https:\/\/schema.org\",\"@graph\":[{\"@type\":\"Article\",\"@id\":\"https:\/\/www.nexoinformativo.mx\/index.php\/2025\/01\/09\/regreso-a-clases-y-secretaria-de-salud-insta-a-mantener-filtros-sanitarios-para-prevenir-contagios\/#article\",\"isPartOf\":{\"@id\":\"https:\/\/www.nexoinformativo.mx\/index.php\/2025\/01\/09\/regreso-a-clases-y-secretaria-de-salud-insta-a-mantener-filtros-sanitarios-para-prevenir-contagios\/\"},\"author\":{\"name\":\"Nexo Informativo\",\"@id\":\"https:\/\/www.nexoinformativo.mx\/#\/schema\/person\/7749d380ba08c8ca00d7bc76fd907b7d\"},\"headline\":\"Regreso a clases y Secretaria de Salud insta a mantener filtros sanitarios para prevenir contagios\",\"datePublished\":\"2025-01-09T18:30:03+00:00\",\"dateModified\":\"2025-01-09T21:36:14+00:00\",\"mainEntityOfPage\":{\"@id\":\"https:\/\/www.nexoinformativo.mx\/index.php\/2025\/01\/09\/regreso-a-clases-y-secretaria-de-salud-insta-a-mantener-filtros-sanitarios-para-prevenir-contagios\/\"},\"wordCount\":250,\"commentCount\":0,\"publisher\":{\"@id\":\"https:\/\/www.nexoinformativo.mx\/#organization\"},\"image\":{\"@id\":\"https:\/\/www.nexoinformativo.mx\/index.php\/2025\/01\/09\/regreso-a-clases-y-secretaria-de-salud-insta-a-mantener-filtros-sanitarios-para-prevenir-contagios\/#primaryimage\"},\"thumbnailUrl\":\"https:\/\/www.nexoinformativo.mx\/wp-content\/uploads\/2025\/01\/PHOTO-2025-01-09-14-31-05-e1736458529398.jpg\",\"keywords\":[\"FiltrosSanitarios\",\"Prevenci\u00f3n\",\"regresoaclases\",\"salud\"],\"articleSection\":[\"Estado\",\"\u00daltima Hora\"],\"inLanguage\":\"es\",\"potentialAction\":[{\"@type\":\"CommentAction\",\"name\":\"Comment\",\"target\":[\"https:\/\/www.nexoinformativo.mx\/index.php\/2025\/01\/09\/regreso-a-clases-y-secretaria-de-salud-insta-a-mantener-filtros-sanitarios-para-prevenir-contagios\/#respond\"]}]},{\"@type\":\"WebPage\",\"@id\":\"https:\/\/www.nexoinformativo.mx\/index.php\/2025\/01\/09\/regreso-a-clases-y-secretaria-de-salud-insta-a-mantener-filtros-sanitarios-para-prevenir-contagios\/\",\"url\":\"https:\/\/www.nexoinformativo.mx\/index.php\/2025\/01\/09\/regreso-a-clases-y-secretaria-de-salud-insta-a-mantener-filtros-sanitarios-para-prevenir-contagios\/\",\"name\":\"Regreso a clases y Secretaria de Salud insta a mantener filtros sanitarios para prevenir contagios | Nexo Informativo Santiago de Quer\u00e9taro\",\"isPartOf\":{\"@id\":\"https:\/\/www.nexoinformativo.mx\/#website\"},\"primaryImageOfPage\":{\"@id\":\"https:\/\/www.nexoinformativo.mx\/index.php\/2025\/01\/09\/regreso-a-clases-y-secretaria-de-salud-insta-a-mantener-filtros-sanitarios-para-prevenir-contagios\/#primaryimage\"},\"image\":{\"@id\":\"https:\/\/www.nexoinformativo.mx\/index.php\/2025\/01\/09\/regreso-a-clases-y-secretaria-de-salud-insta-a-mantener-filtros-sanitarios-para-prevenir-contagios\/#primaryimage\"},\"thumbnailUrl\":\"https:\/\/www.nexoinformativo.mx\/wp-content\/uploads\/2025\/01\/PHOTO-2025-01-09-14-31-05-e1736458529398.jpg\",\"datePublished\":\"2025-01-09T18:30:03+00:00\",\"dateModified\":\"2025-01-09T21:36:14+00:00\",\"description\":\"Regreso a clases y Secretaria de Salud insta a mantener filtros sanitarios para prevenir contagios\",\"breadcrumb\":{\"@id\":\"https:\/\/www.nexoinformativo.mx\/index.php\/2025\/01\/09\/regreso-a-clases-y-secretaria-de-salud-insta-a-mantener-filtros-sanitarios-para-prevenir-contagios\/#breadcrumb\"},\"inLanguage\":\"es\",\"potentialAction\":[{\"@type\":\"ReadAction\",\"target\":[\"https:\/\/www.nexoinformativo.mx\/index.php\/2025\/01\/09\/regreso-a-clases-y-secretaria-de-salud-insta-a-mantener-filtros-sanitarios-para-prevenir-contagios\/\"]}]},{\"@type\":\"ImageObject\",\"inLanguage\":\"es\",\"@id\":\"https:\/\/www.nexoinformativo.mx\/index.php\/2025\/01\/09\/regreso-a-clases-y-secretaria-de-salud-insta-a-mantener-filtros-sanitarios-para-prevenir-contagios\/#primaryimage\",\"url\":\"https:\/\/www.nexoinformativo.mx\/wp-content\/uploads\/2025\/01\/PHOTO-2025-01-09-14-31-05-e1736458529398.jpg\",\"contentUrl\":\"https:\/\/www.nexoinformativo.mx\/wp-content\/uploads\/2025\/01\/PHOTO-2025-01-09-14-31-05-e1736458529398.jpg\",\"width\":800,\"height\":1067},{\"@type\":\"BreadcrumbList\",\"@id\":\"https:\/\/www.nexoinformativo.mx\/index.php\/2025\/01\/09\/regreso-a-clases-y-secretaria-de-salud-insta-a-mantener-filtros-sanitarios-para-prevenir-contagios\/#breadcrumb\",\"itemListElement\":[{\"@type\":\"ListItem\",\"position\":1,\"name\":\"Inicio\",\"item\":\"https:\/\/www.nexoinformativo.mx\/\"},{\"@type\":\"ListItem\",\"position\":2,\"name\":\"Regreso a clases y Secretaria de Salud insta a mantener filtros sanitarios para prevenir contagios\"}]},{\"@type\":\"WebSite\",\"@id\":\"https:\/\/www.nexoinformativo.mx\/#website\",\"url\":\"https:\/\/www.nexoinformativo.mx\/\",\"name\":\"Nexo Informativo Santiago de Quer\u00e9taro\",\"description\":\"Explora NexoInformativo y convi\u00e9rtete en parte de una comunidad que valora el conocimiento y la verdad. Tu nexoinformativo es tu puente hacia una comprensi\u00f3n m\u00e1s profunda del mundo que te rodea.\",\"publisher\":{\"@id\":\"https:\/\/www.nexoinformativo.mx\/#organization\"},\"potentialAction\":[{\"@type\":\"SearchAction\",\"target\":{\"@type\":\"EntryPoint\",\"urlTemplate\":\"https:\/\/www.nexoinformativo.mx\/?s={search_term_string}\"},\"query-input\":{\"@type\":\"PropertyValueSpecification\",\"valueRequired\":true,\"valueName\":\"search_term_string\"}}],\"inLanguage\":\"es\"},{\"@type\":\"Organization\",\"@id\":\"https:\/\/www.nexoinformativo.mx\/#organization\",\"name\":\"Nexo Informativo Santiago de Quer\u00e9taro\",\"url\":\"https:\/\/www.nexoinformativo.mx\/\",\"logo\":{\"@type\":\"ImageObject\",\"inLanguage\":\"es\",\"@id\":\"https:\/\/www.nexoinformativo.mx\/#\/schema\/logo\/image\/\",\"url\":\"https:\/\/www.nexoinformativo.mx\/wp-content\/uploads\/2024\/07\/nexoi-trasparente-2.png\",\"contentUrl\":\"https:\/\/www.nexoinformativo.mx\/wp-content\/uploads\/2024\/07\/nexoi-trasparente-2.png\",\"width\":816,\"height\":339,\"caption\":\"Nexo Informativo Santiago de Quer\u00e9taro\"},\"image\":{\"@id\":\"https:\/\/www.nexoinformativo.mx\/#\/schema\/logo\/image\/\"},\"sameAs\":[\"https:\/\/www.facebook.com\/people\/Nexo-Informativo\/61564066885511\/\"]},{\"@type\":\"Person\",\"@id\":\"https:\/\/www.nexoinformativo.mx\/#\/schema\/person\/7749d380ba08c8ca00d7bc76fd907b7d\",\"name\":\"Nexo Informativo\",\"image\":{\"@type\":\"ImageObject\",\"inLanguage\":\"es\",\"@id\":\"https:\/\/www.nexoinformativo.mx\/#\/schema\/person\/image\/\",\"url\":\"https:\/\/secure.gravatar.com\/avatar\/dde2928154642a13d95f87ddf1ea9718fe2b46760a005c53e41ff5ad610704e6?s=96&d=mm&r=g\",\"contentUrl\":\"https:\/\/secure.gravatar.com\/avatar\/dde2928154642a13d95f87ddf1ea9718fe2b46760a005c53e41ff5ad610704e6?s=96&d=mm&r=g\",\"caption\":\"Nexo Informativo\"},\"url\":\"https:\/\/www.nexoinformativo.mx\/index.php\/author\/edicion\/\"}]}<\/script>\n<!-- \/ Yoast SEO plugin. -->","yoast_head_json":{"title":"Regreso a clases y Secretaria de Salud insta a mantener filtros sanitarios para prevenir contagios | Nexo Informativo Santiago de Quer\u00e9taro","description":"Regreso a clases y Secretaria de Salud insta a mantener filtros sanitarios para prevenir contagios","robots":{"index":"index","follow":"follow","max-snippet":"max-snippet:-1","max-image-preview":"max-image-preview:large","max-video-preview":"max-video-preview:-1"},"canonical":"https:\/\/www.nexoinformativo.mx\/index.php\/2025\/01\/09\/regreso-a-clases-y-secretaria-de-salud-insta-a-mantener-filtros-sanitarios-para-prevenir-contagios\/","og_locale":"es_MX","og_type":"article","og_title":"Regreso a clases y Secretaria de Salud insta a mantener filtros sanitarios para prevenir contagios | Nexo Informativo Santiago de Quer\u00e9taro","og_description":"Regreso a clases y Secretaria de Salud insta a mantener filtros sanitarios para prevenir contagios","og_url":"https:\/\/www.nexoinformativo.mx\/index.php\/2025\/01\/09\/regreso-a-clases-y-secretaria-de-salud-insta-a-mantener-filtros-sanitarios-para-prevenir-contagios\/","og_site_name":"Nexo Informativo Santiago de Quer\u00e9taro","article_publisher":"https:\/\/www.facebook.com\/people\/Nexo-Informativo\/61564066885511\/","article_published_time":"2025-01-09T18:30:03+00:00","article_modified_time":"2025-01-09T21:36:14+00:00","og_image":[{"width":800,"height":1067,"url":"https:\/\/www.nexoinformativo.mx\/wp-content\/uploads\/2025\/01\/PHOTO-2025-01-09-14-31-05-e1736458529398.jpg","type":"image\/jpeg"}],"author":"Nexo Informativo","twitter_card":"summary_large_image","twitter_misc":{"Escrito por":"Nexo Informativo","Tiempo de lectura":"2 minutos"},"schema":{"@context":"https:\/\/schema.org","@graph":[{"@type":"Article","@id":"https:\/\/www.nexoinformativo.mx\/index.php\/2025\/01\/09\/regreso-a-clases-y-secretaria-de-salud-insta-a-mantener-filtros-sanitarios-para-prevenir-contagios\/#article","isPartOf":{"@id":"https:\/\/www.nexoinformativo.mx\/index.php\/2025\/01\/09\/regreso-a-clases-y-secretaria-de-salud-insta-a-mantener-filtros-sanitarios-para-prevenir-contagios\/"},"author":{"name":"Nexo Informativo","@id":"https:\/\/www.nexoinformativo.mx\/#\/schema\/person\/7749d380ba08c8ca00d7bc76fd907b7d"},"headline":"Regreso a clases y Secretaria de Salud insta a mantener filtros sanitarios para prevenir contagios","datePublished":"2025-01-09T18:30:03+00:00","dateModified":"2025-01-09T21:36:14+00:00","mainEntityOfPage":{"@id":"https:\/\/www.nexoinformativo.mx\/index.php\/2025\/01\/09\/regreso-a-clases-y-secretaria-de-salud-insta-a-mantener-filtros-sanitarios-para-prevenir-contagios\/"},"wordCount":250,"commentCount":0,"publisher":{"@id":"https:\/\/www.nexoinformativo.mx\/#organization"},"image":{"@id":"https:\/\/www.nexoinformativo.mx\/index.php\/2025\/01\/09\/regreso-a-clases-y-secretaria-de-salud-insta-a-mantener-filtros-sanitarios-para-prevenir-contagios\/#primaryimage"},"thumbnailUrl":"https:\/\/www.nexoinformativo.mx\/wp-content\/uploads\/2025\/01\/PHOTO-2025-01-09-14-31-05-e1736458529398.jpg","keywords":["FiltrosSanitarios","Prevenci\u00f3n","regresoaclases","salud"],"articleSection":["Estado","\u00daltima Hora"],"inLanguage":"es","potentialAction":[{"@type":"CommentAction","name":"Comment","target":["https:\/\/www.nexoinformativo.mx\/index.php\/2025\/01\/09\/regreso-a-clases-y-secretaria-de-salud-insta-a-mantener-filtros-sanitarios-para-prevenir-contagios\/#respond"]}]},{"@type":"WebPage","@id":"https:\/\/www.nexoinformativo.mx\/index.php\/2025\/01\/09\/regreso-a-clases-y-secretaria-de-salud-insta-a-mantener-filtros-sanitarios-para-prevenir-contagios\/","url":"https:\/\/www.nexoinformativo.mx\/index.php\/2025\/01\/09\/regreso-a-clases-y-secretaria-de-salud-insta-a-mantener-filtros-sanitarios-para-prevenir-contagios\/","name":"Regreso a clases y Secretaria de Salud insta a mantener filtros sanitarios para prevenir contagios | Nexo Informativo Santiago de Quer\u00e9taro","isPartOf":{"@id":"https:\/\/www.nexoinformativo.mx\/#website"},"primaryImageOfPage":{"@id":"https:\/\/www.nexoinformativo.mx\/index.php\/2025\/01\/09\/regreso-a-clases-y-secretaria-de-salud-insta-a-mantener-filtros-sanitarios-para-prevenir-contagios\/#primaryimage"},"image":{"@id":"https:\/\/www.nexoinformativo.mx\/index.php\/2025\/01\/09\/regreso-a-clases-y-secretaria-de-salud-insta-a-mantener-filtros-sanitarios-para-prevenir-contagios\/#primaryimage"},"thumbnailUrl":"https:\/\/www.nexoinformativo.mx\/wp-content\/uploads\/2025\/01\/PHOTO-2025-01-09-14-31-05-e1736458529398.jpg","datePublished":"2025-01-09T18:30:03+00:00","dateModified":"2025-01-09T21:36:14+00:00","description":"Regreso a clases y Secretaria de Salud insta a mantener filtros sanitarios para prevenir contagios","breadcrumb":{"@id":"https:\/\/www.nexoinformativo.mx\/index.php\/2025\/01\/09\/regreso-a-clases-y-secretaria-de-salud-insta-a-mantener-filtros-sanitarios-para-prevenir-contagios\/#breadcrumb"},"inLanguage":"es","potentialAction":[{"@type":"ReadAction","target":["https:\/\/www.nexoinformativo.mx\/index.php\/2025\/01\/09\/regreso-a-clases-y-secretaria-de-salud-insta-a-mantener-filtros-sanitarios-para-prevenir-contagios\/"]}]},{"@type":"ImageObject","inLanguage":"es","@id":"https:\/\/www.nexoinformativo.mx\/index.php\/2025\/01\/09\/regreso-a-clases-y-secretaria-de-salud-insta-a-mantener-filtros-sanitarios-para-prevenir-contagios\/#primaryimage","url":"https:\/\/www.nexoinformativo.mx\/wp-content\/uploads\/2025\/01\/PHOTO-2025-01-09-14-31-05-e1736458529398.jpg","contentUrl":"https:\/\/www.nexoinformativo.mx\/wp-content\/uploads\/2025\/01\/PHOTO-2025-01-09-14-31-05-e1736458529398.jpg","width":800,"height":1067},{"@type":"BreadcrumbList","@id":"https:\/\/www.nexoinformativo.mx\/index.php\/2025\/01\/09\/regreso-a-clases-y-secretaria-de-salud-insta-a-mantener-filtros-sanitarios-para-prevenir-contagios\/#breadcrumb","itemListElement":[{"@type":"ListItem","position":1,"name":"Inicio","item":"https:\/\/www.nexoinformativo.mx\/"},{"@type":"ListItem","position":2,"name":"Regreso a clases y Secretaria de Salud insta a mantener filtros sanitarios para prevenir contagios"}]},{"@type":"WebSite","@id":"https:\/\/www.nexoinformativo.mx\/#website","url":"https:\/\/www.nexoinformativo.mx\/","name":"Nexo Informativo Santiago de Quer\u00e9taro","description":"Explora NexoInformativo y convi\u00e9rtete en parte de una comunidad que valora el conocimiento y la verdad. Tu nexoinformativo es tu puente hacia una comprensi\u00f3n m\u00e1s profunda del mundo que te rodea.","publisher":{"@id":"https:\/\/www.nexoinformativo.mx\/#organization"},"potentialAction":[{"@type":"SearchAction","target":{"@type":"EntryPoint","urlTemplate":"https:\/\/www.nexoinformativo.mx\/?s={search_term_string}"},"query-input":{"@type":"PropertyValueSpecification","valueRequired":true,"valueName":"search_term_string"}}],"inLanguage":"es"},{"@type":"Organization","@id":"https:\/\/www.nexoinformativo.mx\/#organization","name":"Nexo Informativo Santiago de Quer\u00e9taro","url":"https:\/\/www.nexoinformativo.mx\/","logo":{"@type":"ImageObject","inLanguage":"es","@id":"https:\/\/www.nexoinformativo.mx\/#\/schema\/logo\/image\/","url":"https:\/\/www.nexoinformativo.mx\/wp-content\/uploads\/2024\/07\/nexoi-trasparente-2.png","contentUrl":"https:\/\/www.nexoinformativo.mx\/wp-content\/uploads\/2024\/07\/nexoi-trasparente-2.png","width":816,"height":339,"caption":"Nexo Informativo Santiago de Quer\u00e9taro"},"image":{"@id":"https:\/\/www.nexoinformativo.mx\/#\/schema\/logo\/image\/"},"sameAs":["https:\/\/www.facebook.com\/people\/Nexo-Informativo\/61564066885511\/"]},{"@type":"Person","@id":"https:\/\/www.nexoinformativo.mx\/#\/schema\/person\/7749d380ba08c8ca00d7bc76fd907b7d","name":"Nexo Informativo","image":{"@type":"ImageObject","inLanguage":"es","@id":"https:\/\/www.nexoinformativo.mx\/#\/schema\/person\/image\/","url":"https:\/\/secure.gravatar.com\/avatar\/dde2928154642a13d95f87ddf1ea9718fe2b46760a005c53e41ff5ad610704e6?s=96&d=mm&r=g","contentUrl":"https:\/\/secure.gravatar.com\/avatar\/dde2928154642a13d95f87ddf1ea9718fe2b46760a005c53e41ff5ad610704e6?s=96&d=mm&r=g","caption":"Nexo Informativo"},"url":"https:\/\/www.nexoinformativo.mx\/index.php\/author\/edicion\/"}]}},"_links":{"self":[{"href":"https:\/\/www.nexoinformativo.mx\/index.php\/wp-json\/wp\/v2\/posts\/9613","targetHints":{"allow":["GET"]}}],"collection":[{"href":"https:\/\/www.nexoinformativo.mx\/index.php\/wp-json\/wp\/v2\/posts"}],"about":[{"href":"https:\/\/www.nexoinformativo.mx\/index.php\/wp-json\/wp\/v2\/types\/post"}],"author":[{"embeddable":true,"href":"https:\/\/www.nexoinformativo.mx\/index.php\/wp-json\/wp\/v2\/users\/3"}],"replies":[{"embeddable":true,"href":"https:\/\/www.nexoinformativo.mx\/index.php\/wp-json\/wp\/v2\/comments?post=9613"}],"version-history":[{"count":3,"href":"https:\/\/www.nexoinformativo.mx\/index.php\/wp-json\/wp\/v2\/posts\/9613\/revisions"}],"predecessor-version":[{"id":9617,"href":"https:\/\/www.nexoinformativo.mx\/index.php\/wp-json\/wp\/v2\/posts\/9613\/revisions\/9617"}],"wp:featuredmedia":[{"embeddable":true,"href":"https:\/\/www.nexoinformativo.mx\/index.php\/wp-json\/wp\/v2\/media\/9614"}],"wp:attachment":[{"href":"https:\/\/www.nexoinformativo.mx\/index.php\/wp-json\/wp\/v2\/media?parent=9613"}],"wp:term":[{"taxonomy":"category","embeddable":true,"href":"https:\/\/www.nexoinformativo.mx\/index.php\/wp-json\/wp\/v2\/categories?post=9613"},{"taxonomy":"post_tag","embeddable":true,"href":"https:\/\/www.nexoinformativo.mx\/index.php\/wp-json\/wp\/v2\/tags?post=9613"}],"curies":[{"name":"wp","href":"https:\/\/api.w.org\/{rel}","templated":true}]}}