{"id":9624,"date":"2025-01-09T13:30:45","date_gmt":"2025-01-09T19:30:45","guid":{"rendered":"https:\/\/www.nexoinformativo.mx\/?p=9624"},"modified":"2025-01-09T15:44:43","modified_gmt":"2025-01-09T21:44:43","slug":"buen-inicio-de-ano-mas-de-50-mil-contribuyentes-ya-pagaron-su-predial-en-queretaro","status":"publish","type":"post","link":"https:\/\/www.nexoinformativo.mx\/index.php\/2025\/01\/09\/buen-inicio-de-ano-mas-de-50-mil-contribuyentes-ya-pagaron-su-predial-en-queretaro\/","title":{"rendered":"Buen inicio de a\u00f1o m\u00e1s de 50 mil contribuyentes ya pagaron su predial en Quer\u00e9taro"},"content":{"rendered":"<p style=\"text-align: justify;\" data-sourcepos=\"11:1-11:261\">Los queretanos han iniciado el a\u00f1o con buen pie, demostrando su compromiso con el municipio. Hasta el 7 de enero, un 20% de las claves catastrales ya han sido pagadas, lo que representa una recaudaci\u00f3n de 122 millones 346 mil pesos.<\/p>\n<\/p>\n<p>&nbsp;<\/p>\n<p style=\"text-align: justify;\" data-sourcepos=\"13:1-13:280\">El presidente municipal, Felifer Mac\u00edas, se mostr\u00f3 satisfecho con la respuesta de los contribuyentes, destacando que el 60% de los pagos se han realizado de manera presencial en las cajas de cobro, mientras que el 40% restante se ha efectuado a trav\u00e9s de medios digitales.<\/p>\n<\/p>\n<p>&nbsp;<\/p>\n<p style=\"text-align: justify;\" data-sourcepos=\"15:1-15:190\"><strong>&#8220;Agradezco a los ciudadanos su puntualidad en el pago del predial. Esto demuestra su compromiso con Quer\u00e9taro y nos permite seguir mejorando nuestros servicios p\u00fablicos&#8221;,<\/strong> expres\u00f3 el alcalde.<\/p>\n<\/p>\n<p>&nbsp;<\/p>\n<p style=\"text-align: justify;\" data-sourcepos=\"17:1-17:199\">Para este a\u00f1o, la administraci\u00f3n municipal se ha fijado la meta de alcanzar las 250 mil claves catastrales pagadas al finalizar los meses de enero y febrero, cuando se ofrecen los mayores descuentos.<\/p>\n<\/p>\n<p>&nbsp;<\/p>\n<p style=\"text-align: justify;\" data-sourcepos=\"19:1-19:197\">Cabe recordar que al realizar el pago del predial durante el mes de enero, los contribuyentes obtienen beneficios adicionales como el seguro de vivienda, comercio y, por primera vez, para mascotas.<\/p>\n<\/p>\n<p>&nbsp;<\/p>\n<p style=\"text-align: center;\" data-sourcepos=\"19:1-19:197\"><em><strong>\u00a1Informaci\u00f3n que transforma!<\/strong><\/em><\/p>\n","protected":false},"excerpt":{"rendered":"<p>Los queretanos han iniciado el a\u00f1o con buen pie, demostrando su compromiso con el municipio. Hasta el 7 de enero, un 20% de las claves catastrales ya han sido pagadas, lo que representa una recaudaci\u00f3n de 122 millones 346 mil pesos.<\/p>\n","protected":false},"author":3,"featured_media":9625,"comment_status":"open","ping_status":"open","sticky":false,"template":"","format":"standard","meta":{"footnotes":""},"categories":[65,58],"tags":[1924,2940,3052,133],"class_list":["post-9624","post","type-post","status-publish","format-standard","has-post-thumbnail","hentry","category-municipios","category-ultima-hora","tag-descuentos","tag-pagatupredial","tag-predialqueretaro","tag-queretaro"],"yoast_head":"<!-- This site is optimized with the Yoast SEO plugin v25.0 - https:\/\/yoast.com\/wordpress\/plugins\/seo\/ -->\n<title>Buen inicio de a\u00f1o m\u00e1s de 50 mil contribuyentes ya pagaron su predial en Quer\u00e9taro | Nexo Informativo Santiago de Quer\u00e9taro<\/title>\n<meta name=\"description\" content=\"Buen inicio de a\u00f1o m\u00e1s de 50 mil contribuyentes ya pagaron su predial en Quer\u00e9taro\" \/>\n<meta name=\"robots\" content=\"index, follow, max-snippet:-1, max-image-preview:large, max-video-preview:-1\" \/>\n<link rel=\"canonical\" href=\"https:\/\/www.nexoinformativo.mx\/index.php\/2025\/01\/09\/buen-inicio-de-ano-mas-de-50-mil-contribuyentes-ya-pagaron-su-predial-en-queretaro\/\" \/>\n<meta property=\"og:locale\" content=\"es_MX\" \/>\n<meta property=\"og:type\" content=\"article\" \/>\n<meta property=\"og:title\" content=\"Buen inicio de a\u00f1o m\u00e1s de 50 mil contribuyentes ya pagaron su predial en Quer\u00e9taro | Nexo Informativo Santiago de Quer\u00e9taro\" \/>\n<meta property=\"og:description\" content=\"Buen inicio de a\u00f1o m\u00e1s de 50 mil contribuyentes ya pagaron su predial en Quer\u00e9taro\" \/>\n<meta property=\"og:url\" content=\"https:\/\/www.nexoinformativo.mx\/index.php\/2025\/01\/09\/buen-inicio-de-ano-mas-de-50-mil-contribuyentes-ya-pagaron-su-predial-en-queretaro\/\" \/>\n<meta property=\"og:site_name\" content=\"Nexo Informativo Santiago de Quer\u00e9taro\" \/>\n<meta property=\"article:publisher\" content=\"https:\/\/www.facebook.com\/people\/Nexo-Informativo\/61564066885511\/\" \/>\n<meta property=\"article:published_time\" content=\"2025-01-09T19:30:45+00:00\" \/>\n<meta property=\"article:modified_time\" content=\"2025-01-09T21:44:43+00:00\" \/>\n<meta property=\"og:image\" content=\"https:\/\/www.nexoinformativo.mx\/wp-content\/uploads\/2025\/01\/PHOTO-2025-01-09-14-32-17-e1736459045427.jpg\" \/>\n\t<meta property=\"og:image:width\" content=\"800\" \/>\n\t<meta property=\"og:image:height\" content=\"600\" \/>\n\t<meta property=\"og:image:type\" content=\"image\/jpeg\" \/>\n<meta name=\"author\" content=\"Nexo Informativo\" \/>\n<meta name=\"twitter:card\" content=\"summary_large_image\" \/>\n<meta name=\"twitter:label1\" content=\"Escrito por\" \/>\n\t<meta name=\"twitter:data1\" content=\"Nexo Informativo\" \/>\n\t<meta name=\"twitter:label2\" content=\"Tiempo de lectura\" \/>\n\t<meta name=\"twitter:data2\" content=\"2 minutos\" \/>\n<script type=\"application\/ld+json\" class=\"yoast-schema-graph\">{\"@context\":\"https:\/\/schema.org\",\"@graph\":[{\"@type\":\"Article\",\"@id\":\"https:\/\/www.nexoinformativo.mx\/index.php\/2025\/01\/09\/buen-inicio-de-ano-mas-de-50-mil-contribuyentes-ya-pagaron-su-predial-en-queretaro\/#article\",\"isPartOf\":{\"@id\":\"https:\/\/www.nexoinformativo.mx\/index.php\/2025\/01\/09\/buen-inicio-de-ano-mas-de-50-mil-contribuyentes-ya-pagaron-su-predial-en-queretaro\/\"},\"author\":{\"name\":\"Nexo Informativo\",\"@id\":\"https:\/\/www.nexoinformativo.mx\/#\/schema\/person\/7749d380ba08c8ca00d7bc76fd907b7d\"},\"headline\":\"Buen inicio de a\u00f1o m\u00e1s de 50 mil contribuyentes ya pagaron su predial en Quer\u00e9taro\",\"datePublished\":\"2025-01-09T19:30:45+00:00\",\"dateModified\":\"2025-01-09T21:44:43+00:00\",\"mainEntityOfPage\":{\"@id\":\"https:\/\/www.nexoinformativo.mx\/index.php\/2025\/01\/09\/buen-inicio-de-ano-mas-de-50-mil-contribuyentes-ya-pagaron-su-predial-en-queretaro\/\"},\"wordCount\":205,\"commentCount\":0,\"publisher\":{\"@id\":\"https:\/\/www.nexoinformativo.mx\/#organization\"},\"image\":{\"@id\":\"https:\/\/www.nexoinformativo.mx\/index.php\/2025\/01\/09\/buen-inicio-de-ano-mas-de-50-mil-contribuyentes-ya-pagaron-su-predial-en-queretaro\/#primaryimage\"},\"thumbnailUrl\":\"https:\/\/www.nexoinformativo.mx\/wp-content\/uploads\/2025\/01\/PHOTO-2025-01-09-14-32-17-e1736459045427.jpg\",\"keywords\":[\"Descuentos\",\"PagatuPredial\",\"PredialQuer\u00e9taro\",\"Quer\u00e9taro\"],\"articleSection\":[\"Municipios\",\"\u00daltima Hora\"],\"inLanguage\":\"es\",\"potentialAction\":[{\"@type\":\"CommentAction\",\"name\":\"Comment\",\"target\":[\"https:\/\/www.nexoinformativo.mx\/index.php\/2025\/01\/09\/buen-inicio-de-ano-mas-de-50-mil-contribuyentes-ya-pagaron-su-predial-en-queretaro\/#respond\"]}]},{\"@type\":\"WebPage\",\"@id\":\"https:\/\/www.nexoinformativo.mx\/index.php\/2025\/01\/09\/buen-inicio-de-ano-mas-de-50-mil-contribuyentes-ya-pagaron-su-predial-en-queretaro\/\",\"url\":\"https:\/\/www.nexoinformativo.mx\/index.php\/2025\/01\/09\/buen-inicio-de-ano-mas-de-50-mil-contribuyentes-ya-pagaron-su-predial-en-queretaro\/\",\"name\":\"Buen inicio de a\u00f1o m\u00e1s de 50 mil contribuyentes ya pagaron su predial en Quer\u00e9taro | Nexo Informativo Santiago de Quer\u00e9taro\",\"isPartOf\":{\"@id\":\"https:\/\/www.nexoinformativo.mx\/#website\"},\"primaryImageOfPage\":{\"@id\":\"https:\/\/www.nexoinformativo.mx\/index.php\/2025\/01\/09\/buen-inicio-de-ano-mas-de-50-mil-contribuyentes-ya-pagaron-su-predial-en-queretaro\/#primaryimage\"},\"image\":{\"@id\":\"https:\/\/www.nexoinformativo.mx\/index.php\/2025\/01\/09\/buen-inicio-de-ano-mas-de-50-mil-contribuyentes-ya-pagaron-su-predial-en-queretaro\/#primaryimage\"},\"thumbnailUrl\":\"https:\/\/www.nexoinformativo.mx\/wp-content\/uploads\/2025\/01\/PHOTO-2025-01-09-14-32-17-e1736459045427.jpg\",\"datePublished\":\"2025-01-09T19:30:45+00:00\",\"dateModified\":\"2025-01-09T21:44:43+00:00\",\"description\":\"Buen inicio de a\u00f1o m\u00e1s de 50 mil contribuyentes ya pagaron su predial en Quer\u00e9taro\",\"breadcrumb\":{\"@id\":\"https:\/\/www.nexoinformativo.mx\/index.php\/2025\/01\/09\/buen-inicio-de-ano-mas-de-50-mil-contribuyentes-ya-pagaron-su-predial-en-queretaro\/#breadcrumb\"},\"inLanguage\":\"es\",\"potentialAction\":[{\"@type\":\"ReadAction\",\"target\":[\"https:\/\/www.nexoinformativo.mx\/index.php\/2025\/01\/09\/buen-inicio-de-ano-mas-de-50-mil-contribuyentes-ya-pagaron-su-predial-en-queretaro\/\"]}]},{\"@type\":\"ImageObject\",\"inLanguage\":\"es\",\"@id\":\"https:\/\/www.nexoinformativo.mx\/index.php\/2025\/01\/09\/buen-inicio-de-ano-mas-de-50-mil-contribuyentes-ya-pagaron-su-predial-en-queretaro\/#primaryimage\",\"url\":\"https:\/\/www.nexoinformativo.mx\/wp-content\/uploads\/2025\/01\/PHOTO-2025-01-09-14-32-17-e1736459045427.jpg\",\"contentUrl\":\"https:\/\/www.nexoinformativo.mx\/wp-content\/uploads\/2025\/01\/PHOTO-2025-01-09-14-32-17-e1736459045427.jpg\",\"width\":800,\"height\":600},{\"@type\":\"BreadcrumbList\",\"@id\":\"https:\/\/www.nexoinformativo.mx\/index.php\/2025\/01\/09\/buen-inicio-de-ano-mas-de-50-mil-contribuyentes-ya-pagaron-su-predial-en-queretaro\/#breadcrumb\",\"itemListElement\":[{\"@type\":\"ListItem\",\"position\":1,\"name\":\"Inicio\",\"item\":\"https:\/\/www.nexoinformativo.mx\/\"},{\"@type\":\"ListItem\",\"position\":2,\"name\":\"Buen inicio de a\u00f1o m\u00e1s de 50 mil contribuyentes ya pagaron su predial en Quer\u00e9taro\"}]},{\"@type\":\"WebSite\",\"@id\":\"https:\/\/www.nexoinformativo.mx\/#website\",\"url\":\"https:\/\/www.nexoinformativo.mx\/\",\"name\":\"Nexo Informativo Santiago de Quer\u00e9taro\",\"description\":\"Explora NexoInformativo y convi\u00e9rtete en parte de una comunidad que valora el conocimiento y la verdad. Tu nexoinformativo es tu puente hacia una comprensi\u00f3n m\u00e1s profunda del mundo que te rodea.\",\"publisher\":{\"@id\":\"https:\/\/www.nexoinformativo.mx\/#organization\"},\"potentialAction\":[{\"@type\":\"SearchAction\",\"target\":{\"@type\":\"EntryPoint\",\"urlTemplate\":\"https:\/\/www.nexoinformativo.mx\/?s={search_term_string}\"},\"query-input\":{\"@type\":\"PropertyValueSpecification\",\"valueRequired\":true,\"valueName\":\"search_term_string\"}}],\"inLanguage\":\"es\"},{\"@type\":\"Organization\",\"@id\":\"https:\/\/www.nexoinformativo.mx\/#organization\",\"name\":\"Nexo Informativo Santiago de Quer\u00e9taro\",\"url\":\"https:\/\/www.nexoinformativo.mx\/\",\"logo\":{\"@type\":\"ImageObject\",\"inLanguage\":\"es\",\"@id\":\"https:\/\/www.nexoinformativo.mx\/#\/schema\/logo\/image\/\",\"url\":\"https:\/\/www.nexoinformativo.mx\/wp-content\/uploads\/2024\/07\/nexoi-trasparente-2.png\",\"contentUrl\":\"https:\/\/www.nexoinformativo.mx\/wp-content\/uploads\/2024\/07\/nexoi-trasparente-2.png\",\"width\":816,\"height\":339,\"caption\":\"Nexo Informativo Santiago de Quer\u00e9taro\"},\"image\":{\"@id\":\"https:\/\/www.nexoinformativo.mx\/#\/schema\/logo\/image\/\"},\"sameAs\":[\"https:\/\/www.facebook.com\/people\/Nexo-Informativo\/61564066885511\/\"]},{\"@type\":\"Person\",\"@id\":\"https:\/\/www.nexoinformativo.mx\/#\/schema\/person\/7749d380ba08c8ca00d7bc76fd907b7d\",\"name\":\"Nexo Informativo\",\"image\":{\"@type\":\"ImageObject\",\"inLanguage\":\"es\",\"@id\":\"https:\/\/www.nexoinformativo.mx\/#\/schema\/person\/image\/\",\"url\":\"https:\/\/secure.gravatar.com\/avatar\/dde2928154642a13d95f87ddf1ea9718fe2b46760a005c53e41ff5ad610704e6?s=96&d=mm&r=g\",\"contentUrl\":\"https:\/\/secure.gravatar.com\/avatar\/dde2928154642a13d95f87ddf1ea9718fe2b46760a005c53e41ff5ad610704e6?s=96&d=mm&r=g\",\"caption\":\"Nexo Informativo\"},\"url\":\"https:\/\/www.nexoinformativo.mx\/index.php\/author\/edicion\/\"}]}<\/script>\n<!-- \/ Yoast SEO plugin. -->","yoast_head_json":{"title":"Buen inicio de a\u00f1o m\u00e1s de 50 mil contribuyentes ya pagaron su predial en Quer\u00e9taro | Nexo Informativo Santiago de Quer\u00e9taro","description":"Buen inicio de a\u00f1o m\u00e1s de 50 mil contribuyentes ya pagaron su predial en Quer\u00e9taro","robots":{"index":"index","follow":"follow","max-snippet":"max-snippet:-1","max-image-preview":"max-image-preview:large","max-video-preview":"max-video-preview:-1"},"canonical":"https:\/\/www.nexoinformativo.mx\/index.php\/2025\/01\/09\/buen-inicio-de-ano-mas-de-50-mil-contribuyentes-ya-pagaron-su-predial-en-queretaro\/","og_locale":"es_MX","og_type":"article","og_title":"Buen inicio de a\u00f1o m\u00e1s de 50 mil contribuyentes ya pagaron su predial en Quer\u00e9taro | Nexo Informativo Santiago de Quer\u00e9taro","og_description":"Buen inicio de a\u00f1o m\u00e1s de 50 mil contribuyentes ya pagaron su predial en Quer\u00e9taro","og_url":"https:\/\/www.nexoinformativo.mx\/index.php\/2025\/01\/09\/buen-inicio-de-ano-mas-de-50-mil-contribuyentes-ya-pagaron-su-predial-en-queretaro\/","og_site_name":"Nexo Informativo Santiago de Quer\u00e9taro","article_publisher":"https:\/\/www.facebook.com\/people\/Nexo-Informativo\/61564066885511\/","article_published_time":"2025-01-09T19:30:45+00:00","article_modified_time":"2025-01-09T21:44:43+00:00","og_image":[{"width":800,"height":600,"url":"https:\/\/www.nexoinformativo.mx\/wp-content\/uploads\/2025\/01\/PHOTO-2025-01-09-14-32-17-e1736459045427.jpg","type":"image\/jpeg"}],"author":"Nexo Informativo","twitter_card":"summary_large_image","twitter_misc":{"Escrito por":"Nexo Informativo","Tiempo de lectura":"2 minutos"},"schema":{"@context":"https:\/\/schema.org","@graph":[{"@type":"Article","@id":"https:\/\/www.nexoinformativo.mx\/index.php\/2025\/01\/09\/buen-inicio-de-ano-mas-de-50-mil-contribuyentes-ya-pagaron-su-predial-en-queretaro\/#article","isPartOf":{"@id":"https:\/\/www.nexoinformativo.mx\/index.php\/2025\/01\/09\/buen-inicio-de-ano-mas-de-50-mil-contribuyentes-ya-pagaron-su-predial-en-queretaro\/"},"author":{"name":"Nexo Informativo","@id":"https:\/\/www.nexoinformativo.mx\/#\/schema\/person\/7749d380ba08c8ca00d7bc76fd907b7d"},"headline":"Buen inicio de a\u00f1o m\u00e1s de 50 mil contribuyentes ya pagaron su predial en Quer\u00e9taro","datePublished":"2025-01-09T19:30:45+00:00","dateModified":"2025-01-09T21:44:43+00:00","mainEntityOfPage":{"@id":"https:\/\/www.nexoinformativo.mx\/index.php\/2025\/01\/09\/buen-inicio-de-ano-mas-de-50-mil-contribuyentes-ya-pagaron-su-predial-en-queretaro\/"},"wordCount":205,"commentCount":0,"publisher":{"@id":"https:\/\/www.nexoinformativo.mx\/#organization"},"image":{"@id":"https:\/\/www.nexoinformativo.mx\/index.php\/2025\/01\/09\/buen-inicio-de-ano-mas-de-50-mil-contribuyentes-ya-pagaron-su-predial-en-queretaro\/#primaryimage"},"thumbnailUrl":"https:\/\/www.nexoinformativo.mx\/wp-content\/uploads\/2025\/01\/PHOTO-2025-01-09-14-32-17-e1736459045427.jpg","keywords":["Descuentos","PagatuPredial","PredialQuer\u00e9taro","Quer\u00e9taro"],"articleSection":["Municipios","\u00daltima Hora"],"inLanguage":"es","potentialAction":[{"@type":"CommentAction","name":"Comment","target":["https:\/\/www.nexoinformativo.mx\/index.php\/2025\/01\/09\/buen-inicio-de-ano-mas-de-50-mil-contribuyentes-ya-pagaron-su-predial-en-queretaro\/#respond"]}]},{"@type":"WebPage","@id":"https:\/\/www.nexoinformativo.mx\/index.php\/2025\/01\/09\/buen-inicio-de-ano-mas-de-50-mil-contribuyentes-ya-pagaron-su-predial-en-queretaro\/","url":"https:\/\/www.nexoinformativo.mx\/index.php\/2025\/01\/09\/buen-inicio-de-ano-mas-de-50-mil-contribuyentes-ya-pagaron-su-predial-en-queretaro\/","name":"Buen inicio de a\u00f1o m\u00e1s de 50 mil contribuyentes ya pagaron su predial en Quer\u00e9taro | Nexo Informativo Santiago de Quer\u00e9taro","isPartOf":{"@id":"https:\/\/www.nexoinformativo.mx\/#website"},"primaryImageOfPage":{"@id":"https:\/\/www.nexoinformativo.mx\/index.php\/2025\/01\/09\/buen-inicio-de-ano-mas-de-50-mil-contribuyentes-ya-pagaron-su-predial-en-queretaro\/#primaryimage"},"image":{"@id":"https:\/\/www.nexoinformativo.mx\/index.php\/2025\/01\/09\/buen-inicio-de-ano-mas-de-50-mil-contribuyentes-ya-pagaron-su-predial-en-queretaro\/#primaryimage"},"thumbnailUrl":"https:\/\/www.nexoinformativo.mx\/wp-content\/uploads\/2025\/01\/PHOTO-2025-01-09-14-32-17-e1736459045427.jpg","datePublished":"2025-01-09T19:30:45+00:00","dateModified":"2025-01-09T21:44:43+00:00","description":"Buen inicio de a\u00f1o m\u00e1s de 50 mil contribuyentes ya pagaron su predial en Quer\u00e9taro","breadcrumb":{"@id":"https:\/\/www.nexoinformativo.mx\/index.php\/2025\/01\/09\/buen-inicio-de-ano-mas-de-50-mil-contribuyentes-ya-pagaron-su-predial-en-queretaro\/#breadcrumb"},"inLanguage":"es","potentialAction":[{"@type":"ReadAction","target":["https:\/\/www.nexoinformativo.mx\/index.php\/2025\/01\/09\/buen-inicio-de-ano-mas-de-50-mil-contribuyentes-ya-pagaron-su-predial-en-queretaro\/"]}]},{"@type":"ImageObject","inLanguage":"es","@id":"https:\/\/www.nexoinformativo.mx\/index.php\/2025\/01\/09\/buen-inicio-de-ano-mas-de-50-mil-contribuyentes-ya-pagaron-su-predial-en-queretaro\/#primaryimage","url":"https:\/\/www.nexoinformativo.mx\/wp-content\/uploads\/2025\/01\/PHOTO-2025-01-09-14-32-17-e1736459045427.jpg","contentUrl":"https:\/\/www.nexoinformativo.mx\/wp-content\/uploads\/2025\/01\/PHOTO-2025-01-09-14-32-17-e1736459045427.jpg","width":800,"height":600},{"@type":"BreadcrumbList","@id":"https:\/\/www.nexoinformativo.mx\/index.php\/2025\/01\/09\/buen-inicio-de-ano-mas-de-50-mil-contribuyentes-ya-pagaron-su-predial-en-queretaro\/#breadcrumb","itemListElement":[{"@type":"ListItem","position":1,"name":"Inicio","item":"https:\/\/www.nexoinformativo.mx\/"},{"@type":"ListItem","position":2,"name":"Buen inicio de a\u00f1o m\u00e1s de 50 mil contribuyentes ya pagaron su predial en Quer\u00e9taro"}]},{"@type":"WebSite","@id":"https:\/\/www.nexoinformativo.mx\/#website","url":"https:\/\/www.nexoinformativo.mx\/","name":"Nexo Informativo Santiago de Quer\u00e9taro","description":"Explora NexoInformativo y convi\u00e9rtete en parte de una comunidad que valora el conocimiento y la verdad. Tu nexoinformativo es tu puente hacia una comprensi\u00f3n m\u00e1s profunda del mundo que te rodea.","publisher":{"@id":"https:\/\/www.nexoinformativo.mx\/#organization"},"potentialAction":[{"@type":"SearchAction","target":{"@type":"EntryPoint","urlTemplate":"https:\/\/www.nexoinformativo.mx\/?s={search_term_string}"},"query-input":{"@type":"PropertyValueSpecification","valueRequired":true,"valueName":"search_term_string"}}],"inLanguage":"es"},{"@type":"Organization","@id":"https:\/\/www.nexoinformativo.mx\/#organization","name":"Nexo Informativo Santiago de Quer\u00e9taro","url":"https:\/\/www.nexoinformativo.mx\/","logo":{"@type":"ImageObject","inLanguage":"es","@id":"https:\/\/www.nexoinformativo.mx\/#\/schema\/logo\/image\/","url":"https:\/\/www.nexoinformativo.mx\/wp-content\/uploads\/2024\/07\/nexoi-trasparente-2.png","contentUrl":"https:\/\/www.nexoinformativo.mx\/wp-content\/uploads\/2024\/07\/nexoi-trasparente-2.png","width":816,"height":339,"caption":"Nexo Informativo Santiago de Quer\u00e9taro"},"image":{"@id":"https:\/\/www.nexoinformativo.mx\/#\/schema\/logo\/image\/"},"sameAs":["https:\/\/www.facebook.com\/people\/Nexo-Informativo\/61564066885511\/"]},{"@type":"Person","@id":"https:\/\/www.nexoinformativo.mx\/#\/schema\/person\/7749d380ba08c8ca00d7bc76fd907b7d","name":"Nexo Informativo","image":{"@type":"ImageObject","inLanguage":"es","@id":"https:\/\/www.nexoinformativo.mx\/#\/schema\/person\/image\/","url":"https:\/\/secure.gravatar.com\/avatar\/dde2928154642a13d95f87ddf1ea9718fe2b46760a005c53e41ff5ad610704e6?s=96&d=mm&r=g","contentUrl":"https:\/\/secure.gravatar.com\/avatar\/dde2928154642a13d95f87ddf1ea9718fe2b46760a005c53e41ff5ad610704e6?s=96&d=mm&r=g","caption":"Nexo Informativo"},"url":"https:\/\/www.nexoinformativo.mx\/index.php\/author\/edicion\/"}]}},"_links":{"self":[{"href":"https:\/\/www.nexoinformativo.mx\/index.php\/wp-json\/wp\/v2\/posts\/9624","targetHints":{"allow":["GET"]}}],"collection":[{"href":"https:\/\/www.nexoinformativo.mx\/index.php\/wp-json\/wp\/v2\/posts"}],"about":[{"href":"https:\/\/www.nexoinformativo.mx\/index.php\/wp-json\/wp\/v2\/types\/post"}],"author":[{"embeddable":true,"href":"https:\/\/www.nexoinformativo.mx\/index.php\/wp-json\/wp\/v2\/users\/3"}],"replies":[{"embeddable":true,"href":"https:\/\/www.nexoinformativo.mx\/index.php\/wp-json\/wp\/v2\/comments?post=9624"}],"version-history":[{"count":3,"href":"https:\/\/www.nexoinformativo.mx\/index.php\/wp-json\/wp\/v2\/posts\/9624\/revisions"}],"predecessor-version":[{"id":9628,"href":"https:\/\/www.nexoinformativo.mx\/index.php\/wp-json\/wp\/v2\/posts\/9624\/revisions\/9628"}],"wp:featuredmedia":[{"embeddable":true,"href":"https:\/\/www.nexoinformativo.mx\/index.php\/wp-json\/wp\/v2\/media\/9625"}],"wp:attachment":[{"href":"https:\/\/www.nexoinformativo.mx\/index.php\/wp-json\/wp\/v2\/media?parent=9624"}],"wp:term":[{"taxonomy":"category","embeddable":true,"href":"https:\/\/www.nexoinformativo.mx\/index.php\/wp-json\/wp\/v2\/categories?post=9624"},{"taxonomy":"post_tag","embeddable":true,"href":"https:\/\/www.nexoinformativo.mx\/index.php\/wp-json\/wp\/v2\/tags?post=9624"}],"curies":[{"name":"wp","href":"https:\/\/api.w.org\/{rel}","templated":true}]}}