{"id":9629,"date":"2025-01-09T15:00:04","date_gmt":"2025-01-09T21:00:04","guid":{"rendered":"https:\/\/www.nexoinformativo.mx\/?p=9629"},"modified":"2025-01-09T20:07:28","modified_gmt":"2025-01-10T02:07:28","slug":"ejido-el-zapote-pierde-485-hectareas-de-area-natural-protegida","status":"publish","type":"post","link":"https:\/\/www.nexoinformativo.mx\/index.php\/2025\/01\/09\/ejido-el-zapote-pierde-485-hectareas-de-area-natural-protegida\/","title":{"rendered":"Ejido El Zapote pierde 485 hect\u00e1reas de \u00e1rea natural protegida"},"content":{"rendered":"<p style=\"text-align: justify;\">Un juez federal ha ordenado la separaci\u00f3n de 485 hect\u00e1reas del \u00e1rea natural protegida ubicada en El Zapote. El presidente municipal de Quer\u00e9taro, FeliFer Mac\u00edas, explic\u00f3 que no acatar esta resoluci\u00f3n ser\u00eda considerado un desacato y delito.<\/p>\n<\/p>\n<p>&nbsp;<\/p>\n<p style=\"text-align: justify;\">Toda el \u00e1rea natural protegida es de 12 mil hect\u00e1reas y la parte separada pertenece al desarrollo inmobiliario Tierra Noble, que ha enfrentado conflictos por presunta ilegalidad en la oferta de terrenos.<\/p>\n<\/p>\n<p>&nbsp;<\/p>\n<p style=\"text-align: justify;\">A pesar de la desincorporaci\u00f3n, Mac\u00edas Olvera asegur\u00f3 que las hect\u00e1reas regresar\u00e1n a su estado de protecci\u00f3n ecol\u00f3gica, agr\u00edcola e intensiva de 2003. <\/p>\n<p>&nbsp;<strong>&#8220;Aunque haya esta desincorporaci\u00f3n y se quiten estas etiquetas, no se puede construir nada. No puede haber desarrollos ni construcci\u00f3n en las 485 hect\u00e1reas&#8221;<\/strong>, subray\u00f3.<\/p>\n<\/p>\n<p>&nbsp;<\/p>\n<p style=\"text-align: justify;\">El presidente municipal anunci\u00f3 que comenzar\u00e1 de inmediato el proceso para declarar nuevamente la \u00e1rea como protegida, lo cual podr\u00eda tomar hasta un a\u00f1o.<\/p>\n<\/p>\n<p>&nbsp;<\/p>\n<p style=\"text-align: center;\"><em><strong>\u00a1Informaci\u00f3n que transforma!<\/strong><\/em><\/p>\n","protected":false},"excerpt":{"rendered":"<p>Un juez federal ha ordenado la separaci\u00f3n de 485 hect\u00e1reas del \u00e1rea natural protegida ubicada en El Zapote. El presidente municipal de Quer\u00e9taro, FeliFer Mac\u00edas, explic\u00f3 que no acatar esta resoluci\u00f3n ser\u00eda considerado un desacato y delito.<\/p>\n","protected":false},"author":3,"featured_media":9630,"comment_status":"open","ping_status":"open","sticky":false,"template":"","format":"standard","meta":{"footnotes":""},"categories":[65,58],"tags":[3054,3053,656,133],"class_list":["post-9629","post","type-post","status-publish","format-standard","has-post-thumbnail","hentry","category-municipios","category-ultima-hora","tag-areasprotegidas","tag-elzapote","tag-medioambiente","tag-queretaro"],"yoast_head":"<!-- This site is optimized with the Yoast SEO plugin v25.0 - https:\/\/yoast.com\/wordpress\/plugins\/seo\/ -->\n<title>Ejido El Zapote pierde 485 hect\u00e1reas de \u00e1rea natural protegida | Nexo Informativo Santiago de Quer\u00e9taro<\/title>\n<meta name=\"description\" content=\"Ejido El Zapote pierde 485 hect\u00e1reas de \u00e1rea natural protegida\" \/>\n<meta name=\"robots\" content=\"index, follow, max-snippet:-1, max-image-preview:large, max-video-preview:-1\" \/>\n<link rel=\"canonical\" href=\"https:\/\/www.nexoinformativo.mx\/index.php\/2025\/01\/09\/ejido-el-zapote-pierde-485-hectareas-de-area-natural-protegida\/\" \/>\n<meta property=\"og:locale\" content=\"es_MX\" \/>\n<meta property=\"og:type\" content=\"article\" \/>\n<meta property=\"og:title\" content=\"Ejido El Zapote pierde 485 hect\u00e1reas de \u00e1rea natural protegida | Nexo Informativo Santiago de Quer\u00e9taro\" \/>\n<meta property=\"og:description\" content=\"Ejido El Zapote pierde 485 hect\u00e1reas de \u00e1rea natural protegida\" \/>\n<meta property=\"og:url\" content=\"https:\/\/www.nexoinformativo.mx\/index.php\/2025\/01\/09\/ejido-el-zapote-pierde-485-hectareas-de-area-natural-protegida\/\" \/>\n<meta property=\"og:site_name\" content=\"Nexo Informativo Santiago de Quer\u00e9taro\" \/>\n<meta property=\"article:publisher\" content=\"https:\/\/www.facebook.com\/people\/Nexo-Informativo\/61564066885511\/\" \/>\n<meta property=\"article:published_time\" content=\"2025-01-09T21:00:04+00:00\" \/>\n<meta property=\"article:modified_time\" content=\"2025-01-10T02:07:28+00:00\" \/>\n<meta property=\"og:image\" content=\"https:\/\/www.nexoinformativo.mx\/wp-content\/uploads\/2025\/01\/PHOTO-2025-01-09-16-13-10-e1736474738309.jpg\" \/>\n\t<meta property=\"og:image:width\" content=\"800\" \/>\n\t<meta property=\"og:image:height\" content=\"600\" \/>\n\t<meta property=\"og:image:type\" content=\"image\/jpeg\" \/>\n<meta name=\"author\" content=\"Nexo Informativo\" \/>\n<meta name=\"twitter:card\" content=\"summary_large_image\" \/>\n<meta name=\"twitter:label1\" content=\"Escrito por\" \/>\n\t<meta name=\"twitter:data1\" content=\"Nexo Informativo\" \/>\n\t<meta name=\"twitter:label2\" content=\"Tiempo de lectura\" \/>\n\t<meta name=\"twitter:data2\" content=\"1 minuto\" \/>\n<script type=\"application\/ld+json\" class=\"yoast-schema-graph\">{\"@context\":\"https:\/\/schema.org\",\"@graph\":[{\"@type\":\"Article\",\"@id\":\"https:\/\/www.nexoinformativo.mx\/index.php\/2025\/01\/09\/ejido-el-zapote-pierde-485-hectareas-de-area-natural-protegida\/#article\",\"isPartOf\":{\"@id\":\"https:\/\/www.nexoinformativo.mx\/index.php\/2025\/01\/09\/ejido-el-zapote-pierde-485-hectareas-de-area-natural-protegida\/\"},\"author\":{\"name\":\"Nexo Informativo\",\"@id\":\"https:\/\/www.nexoinformativo.mx\/#\/schema\/person\/7749d380ba08c8ca00d7bc76fd907b7d\"},\"headline\":\"Ejido El Zapote pierde 485 hect\u00e1reas de \u00e1rea natural protegida\",\"datePublished\":\"2025-01-09T21:00:04+00:00\",\"dateModified\":\"2025-01-10T02:07:28+00:00\",\"mainEntityOfPage\":{\"@id\":\"https:\/\/www.nexoinformativo.mx\/index.php\/2025\/01\/09\/ejido-el-zapote-pierde-485-hectareas-de-area-natural-protegida\/\"},\"wordCount\":175,\"commentCount\":0,\"publisher\":{\"@id\":\"https:\/\/www.nexoinformativo.mx\/#organization\"},\"image\":{\"@id\":\"https:\/\/www.nexoinformativo.mx\/index.php\/2025\/01\/09\/ejido-el-zapote-pierde-485-hectareas-de-area-natural-protegida\/#primaryimage\"},\"thumbnailUrl\":\"https:\/\/www.nexoinformativo.mx\/wp-content\/uploads\/2025\/01\/PHOTO-2025-01-09-16-13-10-e1736474738309.jpg\",\"keywords\":[\"\u00c1reasProtegidas\",\"ElZapote\",\"MedioAmbiente\",\"Quer\u00e9taro\"],\"articleSection\":[\"Municipios\",\"\u00daltima Hora\"],\"inLanguage\":\"es\",\"potentialAction\":[{\"@type\":\"CommentAction\",\"name\":\"Comment\",\"target\":[\"https:\/\/www.nexoinformativo.mx\/index.php\/2025\/01\/09\/ejido-el-zapote-pierde-485-hectareas-de-area-natural-protegida\/#respond\"]}]},{\"@type\":\"WebPage\",\"@id\":\"https:\/\/www.nexoinformativo.mx\/index.php\/2025\/01\/09\/ejido-el-zapote-pierde-485-hectareas-de-area-natural-protegida\/\",\"url\":\"https:\/\/www.nexoinformativo.mx\/index.php\/2025\/01\/09\/ejido-el-zapote-pierde-485-hectareas-de-area-natural-protegida\/\",\"name\":\"Ejido El Zapote pierde 485 hect\u00e1reas de \u00e1rea natural protegida | Nexo Informativo Santiago de Quer\u00e9taro\",\"isPartOf\":{\"@id\":\"https:\/\/www.nexoinformativo.mx\/#website\"},\"primaryImageOfPage\":{\"@id\":\"https:\/\/www.nexoinformativo.mx\/index.php\/2025\/01\/09\/ejido-el-zapote-pierde-485-hectareas-de-area-natural-protegida\/#primaryimage\"},\"image\":{\"@id\":\"https:\/\/www.nexoinformativo.mx\/index.php\/2025\/01\/09\/ejido-el-zapote-pierde-485-hectareas-de-area-natural-protegida\/#primaryimage\"},\"thumbnailUrl\":\"https:\/\/www.nexoinformativo.mx\/wp-content\/uploads\/2025\/01\/PHOTO-2025-01-09-16-13-10-e1736474738309.jpg\",\"datePublished\":\"2025-01-09T21:00:04+00:00\",\"dateModified\":\"2025-01-10T02:07:28+00:00\",\"description\":\"Ejido El Zapote pierde 485 hect\u00e1reas de \u00e1rea natural protegida\",\"breadcrumb\":{\"@id\":\"https:\/\/www.nexoinformativo.mx\/index.php\/2025\/01\/09\/ejido-el-zapote-pierde-485-hectareas-de-area-natural-protegida\/#breadcrumb\"},\"inLanguage\":\"es\",\"potentialAction\":[{\"@type\":\"ReadAction\",\"target\":[\"https:\/\/www.nexoinformativo.mx\/index.php\/2025\/01\/09\/ejido-el-zapote-pierde-485-hectareas-de-area-natural-protegida\/\"]}]},{\"@type\":\"ImageObject\",\"inLanguage\":\"es\",\"@id\":\"https:\/\/www.nexoinformativo.mx\/index.php\/2025\/01\/09\/ejido-el-zapote-pierde-485-hectareas-de-area-natural-protegida\/#primaryimage\",\"url\":\"https:\/\/www.nexoinformativo.mx\/wp-content\/uploads\/2025\/01\/PHOTO-2025-01-09-16-13-10-e1736474738309.jpg\",\"contentUrl\":\"https:\/\/www.nexoinformativo.mx\/wp-content\/uploads\/2025\/01\/PHOTO-2025-01-09-16-13-10-e1736474738309.jpg\",\"width\":800,\"height\":600},{\"@type\":\"BreadcrumbList\",\"@id\":\"https:\/\/www.nexoinformativo.mx\/index.php\/2025\/01\/09\/ejido-el-zapote-pierde-485-hectareas-de-area-natural-protegida\/#breadcrumb\",\"itemListElement\":[{\"@type\":\"ListItem\",\"position\":1,\"name\":\"Inicio\",\"item\":\"https:\/\/www.nexoinformativo.mx\/\"},{\"@type\":\"ListItem\",\"position\":2,\"name\":\"Ejido El Zapote pierde 485 hect\u00e1reas de \u00e1rea natural protegida\"}]},{\"@type\":\"WebSite\",\"@id\":\"https:\/\/www.nexoinformativo.mx\/#website\",\"url\":\"https:\/\/www.nexoinformativo.mx\/\",\"name\":\"Nexo Informativo Santiago de Quer\u00e9taro\",\"description\":\"Explora NexoInformativo y convi\u00e9rtete en parte de una comunidad que valora el conocimiento y la verdad. Tu nexoinformativo es tu puente hacia una comprensi\u00f3n m\u00e1s profunda del mundo que te rodea.\",\"publisher\":{\"@id\":\"https:\/\/www.nexoinformativo.mx\/#organization\"},\"potentialAction\":[{\"@type\":\"SearchAction\",\"target\":{\"@type\":\"EntryPoint\",\"urlTemplate\":\"https:\/\/www.nexoinformativo.mx\/?s={search_term_string}\"},\"query-input\":{\"@type\":\"PropertyValueSpecification\",\"valueRequired\":true,\"valueName\":\"search_term_string\"}}],\"inLanguage\":\"es\"},{\"@type\":\"Organization\",\"@id\":\"https:\/\/www.nexoinformativo.mx\/#organization\",\"name\":\"Nexo Informativo Santiago de Quer\u00e9taro\",\"url\":\"https:\/\/www.nexoinformativo.mx\/\",\"logo\":{\"@type\":\"ImageObject\",\"inLanguage\":\"es\",\"@id\":\"https:\/\/www.nexoinformativo.mx\/#\/schema\/logo\/image\/\",\"url\":\"https:\/\/www.nexoinformativo.mx\/wp-content\/uploads\/2024\/07\/nexoi-trasparente-2.png\",\"contentUrl\":\"https:\/\/www.nexoinformativo.mx\/wp-content\/uploads\/2024\/07\/nexoi-trasparente-2.png\",\"width\":816,\"height\":339,\"caption\":\"Nexo Informativo Santiago de Quer\u00e9taro\"},\"image\":{\"@id\":\"https:\/\/www.nexoinformativo.mx\/#\/schema\/logo\/image\/\"},\"sameAs\":[\"https:\/\/www.facebook.com\/people\/Nexo-Informativo\/61564066885511\/\"]},{\"@type\":\"Person\",\"@id\":\"https:\/\/www.nexoinformativo.mx\/#\/schema\/person\/7749d380ba08c8ca00d7bc76fd907b7d\",\"name\":\"Nexo Informativo\",\"image\":{\"@type\":\"ImageObject\",\"inLanguage\":\"es\",\"@id\":\"https:\/\/www.nexoinformativo.mx\/#\/schema\/person\/image\/\",\"url\":\"https:\/\/secure.gravatar.com\/avatar\/dde2928154642a13d95f87ddf1ea9718fe2b46760a005c53e41ff5ad610704e6?s=96&d=mm&r=g\",\"contentUrl\":\"https:\/\/secure.gravatar.com\/avatar\/dde2928154642a13d95f87ddf1ea9718fe2b46760a005c53e41ff5ad610704e6?s=96&d=mm&r=g\",\"caption\":\"Nexo Informativo\"},\"url\":\"https:\/\/www.nexoinformativo.mx\/index.php\/author\/edicion\/\"}]}<\/script>\n<!-- \/ Yoast SEO plugin. -->","yoast_head_json":{"title":"Ejido El Zapote pierde 485 hect\u00e1reas de \u00e1rea natural protegida | Nexo Informativo Santiago de Quer\u00e9taro","description":"Ejido El Zapote pierde 485 hect\u00e1reas de \u00e1rea natural protegida","robots":{"index":"index","follow":"follow","max-snippet":"max-snippet:-1","max-image-preview":"max-image-preview:large","max-video-preview":"max-video-preview:-1"},"canonical":"https:\/\/www.nexoinformativo.mx\/index.php\/2025\/01\/09\/ejido-el-zapote-pierde-485-hectareas-de-area-natural-protegida\/","og_locale":"es_MX","og_type":"article","og_title":"Ejido El Zapote pierde 485 hect\u00e1reas de \u00e1rea natural protegida | Nexo Informativo Santiago de Quer\u00e9taro","og_description":"Ejido El Zapote pierde 485 hect\u00e1reas de \u00e1rea natural protegida","og_url":"https:\/\/www.nexoinformativo.mx\/index.php\/2025\/01\/09\/ejido-el-zapote-pierde-485-hectareas-de-area-natural-protegida\/","og_site_name":"Nexo Informativo Santiago de Quer\u00e9taro","article_publisher":"https:\/\/www.facebook.com\/people\/Nexo-Informativo\/61564066885511\/","article_published_time":"2025-01-09T21:00:04+00:00","article_modified_time":"2025-01-10T02:07:28+00:00","og_image":[{"width":800,"height":600,"url":"https:\/\/www.nexoinformativo.mx\/wp-content\/uploads\/2025\/01\/PHOTO-2025-01-09-16-13-10-e1736474738309.jpg","type":"image\/jpeg"}],"author":"Nexo Informativo","twitter_card":"summary_large_image","twitter_misc":{"Escrito por":"Nexo Informativo","Tiempo de lectura":"1 minuto"},"schema":{"@context":"https:\/\/schema.org","@graph":[{"@type":"Article","@id":"https:\/\/www.nexoinformativo.mx\/index.php\/2025\/01\/09\/ejido-el-zapote-pierde-485-hectareas-de-area-natural-protegida\/#article","isPartOf":{"@id":"https:\/\/www.nexoinformativo.mx\/index.php\/2025\/01\/09\/ejido-el-zapote-pierde-485-hectareas-de-area-natural-protegida\/"},"author":{"name":"Nexo Informativo","@id":"https:\/\/www.nexoinformativo.mx\/#\/schema\/person\/7749d380ba08c8ca00d7bc76fd907b7d"},"headline":"Ejido El Zapote pierde 485 hect\u00e1reas de \u00e1rea natural protegida","datePublished":"2025-01-09T21:00:04+00:00","dateModified":"2025-01-10T02:07:28+00:00","mainEntityOfPage":{"@id":"https:\/\/www.nexoinformativo.mx\/index.php\/2025\/01\/09\/ejido-el-zapote-pierde-485-hectareas-de-area-natural-protegida\/"},"wordCount":175,"commentCount":0,"publisher":{"@id":"https:\/\/www.nexoinformativo.mx\/#organization"},"image":{"@id":"https:\/\/www.nexoinformativo.mx\/index.php\/2025\/01\/09\/ejido-el-zapote-pierde-485-hectareas-de-area-natural-protegida\/#primaryimage"},"thumbnailUrl":"https:\/\/www.nexoinformativo.mx\/wp-content\/uploads\/2025\/01\/PHOTO-2025-01-09-16-13-10-e1736474738309.jpg","keywords":["\u00c1reasProtegidas","ElZapote","MedioAmbiente","Quer\u00e9taro"],"articleSection":["Municipios","\u00daltima Hora"],"inLanguage":"es","potentialAction":[{"@type":"CommentAction","name":"Comment","target":["https:\/\/www.nexoinformativo.mx\/index.php\/2025\/01\/09\/ejido-el-zapote-pierde-485-hectareas-de-area-natural-protegida\/#respond"]}]},{"@type":"WebPage","@id":"https:\/\/www.nexoinformativo.mx\/index.php\/2025\/01\/09\/ejido-el-zapote-pierde-485-hectareas-de-area-natural-protegida\/","url":"https:\/\/www.nexoinformativo.mx\/index.php\/2025\/01\/09\/ejido-el-zapote-pierde-485-hectareas-de-area-natural-protegida\/","name":"Ejido El Zapote pierde 485 hect\u00e1reas de \u00e1rea natural protegida | Nexo Informativo Santiago de Quer\u00e9taro","isPartOf":{"@id":"https:\/\/www.nexoinformativo.mx\/#website"},"primaryImageOfPage":{"@id":"https:\/\/www.nexoinformativo.mx\/index.php\/2025\/01\/09\/ejido-el-zapote-pierde-485-hectareas-de-area-natural-protegida\/#primaryimage"},"image":{"@id":"https:\/\/www.nexoinformativo.mx\/index.php\/2025\/01\/09\/ejido-el-zapote-pierde-485-hectareas-de-area-natural-protegida\/#primaryimage"},"thumbnailUrl":"https:\/\/www.nexoinformativo.mx\/wp-content\/uploads\/2025\/01\/PHOTO-2025-01-09-16-13-10-e1736474738309.jpg","datePublished":"2025-01-09T21:00:04+00:00","dateModified":"2025-01-10T02:07:28+00:00","description":"Ejido El Zapote pierde 485 hect\u00e1reas de \u00e1rea natural protegida","breadcrumb":{"@id":"https:\/\/www.nexoinformativo.mx\/index.php\/2025\/01\/09\/ejido-el-zapote-pierde-485-hectareas-de-area-natural-protegida\/#breadcrumb"},"inLanguage":"es","potentialAction":[{"@type":"ReadAction","target":["https:\/\/www.nexoinformativo.mx\/index.php\/2025\/01\/09\/ejido-el-zapote-pierde-485-hectareas-de-area-natural-protegida\/"]}]},{"@type":"ImageObject","inLanguage":"es","@id":"https:\/\/www.nexoinformativo.mx\/index.php\/2025\/01\/09\/ejido-el-zapote-pierde-485-hectareas-de-area-natural-protegida\/#primaryimage","url":"https:\/\/www.nexoinformativo.mx\/wp-content\/uploads\/2025\/01\/PHOTO-2025-01-09-16-13-10-e1736474738309.jpg","contentUrl":"https:\/\/www.nexoinformativo.mx\/wp-content\/uploads\/2025\/01\/PHOTO-2025-01-09-16-13-10-e1736474738309.jpg","width":800,"height":600},{"@type":"BreadcrumbList","@id":"https:\/\/www.nexoinformativo.mx\/index.php\/2025\/01\/09\/ejido-el-zapote-pierde-485-hectareas-de-area-natural-protegida\/#breadcrumb","itemListElement":[{"@type":"ListItem","position":1,"name":"Inicio","item":"https:\/\/www.nexoinformativo.mx\/"},{"@type":"ListItem","position":2,"name":"Ejido El Zapote pierde 485 hect\u00e1reas de \u00e1rea natural protegida"}]},{"@type":"WebSite","@id":"https:\/\/www.nexoinformativo.mx\/#website","url":"https:\/\/www.nexoinformativo.mx\/","name":"Nexo Informativo Santiago de Quer\u00e9taro","description":"Explora NexoInformativo y convi\u00e9rtete en parte de una comunidad que valora el conocimiento y la verdad. Tu nexoinformativo es tu puente hacia una comprensi\u00f3n m\u00e1s profunda del mundo que te rodea.","publisher":{"@id":"https:\/\/www.nexoinformativo.mx\/#organization"},"potentialAction":[{"@type":"SearchAction","target":{"@type":"EntryPoint","urlTemplate":"https:\/\/www.nexoinformativo.mx\/?s={search_term_string}"},"query-input":{"@type":"PropertyValueSpecification","valueRequired":true,"valueName":"search_term_string"}}],"inLanguage":"es"},{"@type":"Organization","@id":"https:\/\/www.nexoinformativo.mx\/#organization","name":"Nexo Informativo Santiago de Quer\u00e9taro","url":"https:\/\/www.nexoinformativo.mx\/","logo":{"@type":"ImageObject","inLanguage":"es","@id":"https:\/\/www.nexoinformativo.mx\/#\/schema\/logo\/image\/","url":"https:\/\/www.nexoinformativo.mx\/wp-content\/uploads\/2024\/07\/nexoi-trasparente-2.png","contentUrl":"https:\/\/www.nexoinformativo.mx\/wp-content\/uploads\/2024\/07\/nexoi-trasparente-2.png","width":816,"height":339,"caption":"Nexo Informativo Santiago de Quer\u00e9taro"},"image":{"@id":"https:\/\/www.nexoinformativo.mx\/#\/schema\/logo\/image\/"},"sameAs":["https:\/\/www.facebook.com\/people\/Nexo-Informativo\/61564066885511\/"]},{"@type":"Person","@id":"https:\/\/www.nexoinformativo.mx\/#\/schema\/person\/7749d380ba08c8ca00d7bc76fd907b7d","name":"Nexo Informativo","image":{"@type":"ImageObject","inLanguage":"es","@id":"https:\/\/www.nexoinformativo.mx\/#\/schema\/person\/image\/","url":"https:\/\/secure.gravatar.com\/avatar\/dde2928154642a13d95f87ddf1ea9718fe2b46760a005c53e41ff5ad610704e6?s=96&d=mm&r=g","contentUrl":"https:\/\/secure.gravatar.com\/avatar\/dde2928154642a13d95f87ddf1ea9718fe2b46760a005c53e41ff5ad610704e6?s=96&d=mm&r=g","caption":"Nexo Informativo"},"url":"https:\/\/www.nexoinformativo.mx\/index.php\/author\/edicion\/"}]}},"_links":{"self":[{"href":"https:\/\/www.nexoinformativo.mx\/index.php\/wp-json\/wp\/v2\/posts\/9629","targetHints":{"allow":["GET"]}}],"collection":[{"href":"https:\/\/www.nexoinformativo.mx\/index.php\/wp-json\/wp\/v2\/posts"}],"about":[{"href":"https:\/\/www.nexoinformativo.mx\/index.php\/wp-json\/wp\/v2\/types\/post"}],"author":[{"embeddable":true,"href":"https:\/\/www.nexoinformativo.mx\/index.php\/wp-json\/wp\/v2\/users\/3"}],"replies":[{"embeddable":true,"href":"https:\/\/www.nexoinformativo.mx\/index.php\/wp-json\/wp\/v2\/comments?post=9629"}],"version-history":[{"count":3,"href":"https:\/\/www.nexoinformativo.mx\/index.php\/wp-json\/wp\/v2\/posts\/9629\/revisions"}],"predecessor-version":[{"id":9633,"href":"https:\/\/www.nexoinformativo.mx\/index.php\/wp-json\/wp\/v2\/posts\/9629\/revisions\/9633"}],"wp:featuredmedia":[{"embeddable":true,"href":"https:\/\/www.nexoinformativo.mx\/index.php\/wp-json\/wp\/v2\/media\/9630"}],"wp:attachment":[{"href":"https:\/\/www.nexoinformativo.mx\/index.php\/wp-json\/wp\/v2\/media?parent=9629"}],"wp:term":[{"taxonomy":"category","embeddable":true,"href":"https:\/\/www.nexoinformativo.mx\/index.php\/wp-json\/wp\/v2\/categories?post=9629"},{"taxonomy":"post_tag","embeddable":true,"href":"https:\/\/www.nexoinformativo.mx\/index.php\/wp-json\/wp\/v2\/tags?post=9629"}],"curies":[{"name":"wp","href":"https:\/\/api.w.org\/{rel}","templated":true}]}}