{"id":9640,"date":"2025-01-10T06:30:58","date_gmt":"2025-01-10T12:30:58","guid":{"rendered":"https:\/\/www.nexoinformativo.mx\/?p=9640"},"modified":"2025-01-10T11:55:31","modified_gmt":"2025-01-10T17:55:31","slug":"exito-en-el-pago-del-predial-en-san-juan-del-rio-se-superan-las-expectativas","status":"publish","type":"post","link":"https:\/\/www.nexoinformativo.mx\/index.php\/2025\/01\/10\/exito-en-el-pago-del-predial-en-san-juan-del-rio-se-superan-las-expectativas\/","title":{"rendered":"\u00c9xito en el pago del predial en San Juan del R\u00edo se superan las expectativas"},"content":{"rendered":"<p style=\"text-align: justify;\" data-sourcepos=\"11:1-11:280\">Los ciudadanos de San Juan del R\u00edo han demostrado su compromiso con el municipio al realizar el pago de su predial. En tan solo la primera semana del a\u00f1o, se ha recaudado cerca de 22 millones 200 mil pesos, superando las expectativas iniciales.<\/p>\n<\/p>\n<p>&nbsp;<\/p>\n<p style=\"text-align: justify;\" data-sourcepos=\"13:1-13:204\">De acuerdo con el director de Ingresos, Jepth\u00e9 Garc\u00eda Morales, este monto representa el pago de m\u00e1s de 13 mil claves catastrales, lo que equivale a un 13% del total de claves registradas en el municipio.<\/p>\n<\/p>\n<p>&nbsp;<\/p>\n<p style=\"text-align: justify;\" data-sourcepos=\"15:1-15:229\">&#8220;Agradecemos a los contribuyentes por su puntualidad en el pago de su predial. Estos recursos son fundamentales para seguir mejorando los servicios p\u00fablicos y la calidad de vida de todos los sanjuanenses&#8221;, expres\u00f3 Garc\u00eda Morales.<\/p>\n<\/p>\n<p>&nbsp;<\/p>\n<p style=\"text-align: justify;\" data-sourcepos=\"17:1-17:207\">Es importante recordar que durante los meses de enero y febrero se ofrecen descuentos especiales para quienes realicen su pago. Adem\u00e1s, al pagar en enero, los contribuyentes obtienen un seguro para vivienda.<\/p>\n<\/p>\n<p>&nbsp;<\/p>\n<p style=\"text-align: justify;\" data-sourcepos=\"19:1-19:233\">Para facilitar el pago, el municipio ha habilitado 21 cajas recaudadoras en diferentes puntos de la ciudad, incluyendo el Centro Cultural y de Convenciones (CECUCO), Ciudad Vive Oriente, Antigua Presidencia Municipal y Centro C\u00edvico.<\/p>\n<\/p>\n<p>&nbsp;<\/p>\n<p style=\"text-align: center;\" data-sourcepos=\"19:1-19:233\"><em><strong>\u00a1Informaci\u00f3n que transforma!<\/strong><\/em><\/p>\n","protected":false},"excerpt":{"rendered":"<p>Los ciudadanos de San Juan del R\u00edo han demostrado su compromiso con el municipio al realizar el pago de su predial. En tan solo la primera semana del a\u00f1o, se ha recaudado cerca de 22 millones 200 mil pesos, superando las expectativas iniciales.<\/p>\n","protected":false},"author":3,"featured_media":9641,"comment_status":"open","ping_status":"open","sticky":false,"template":"","format":"standard","meta":{"footnotes":""},"categories":[65,58],"tags":[2941,3055,2939,382],"class_list":["post-9640","post","type-post","status-publish","format-standard","has-post-thumbnail","hentry","category-municipios","category-ultima-hora","tag-descuentospredial","tag-pagodepredial","tag-predialsanjuan","tag-sanjuandelrio"],"yoast_head":"<!-- This site is optimized with the Yoast SEO plugin v25.0 - https:\/\/yoast.com\/wordpress\/plugins\/seo\/ -->\n<title>\u00c9xito en el pago del predial en San Juan del R\u00edo se superan las expectativas | Nexo Informativo Santiago de Quer\u00e9taro<\/title>\n<meta name=\"description\" content=\"\u00c9xito en el pago del predial en San Juan del R\u00edo se superan las expectativas\" \/>\n<meta name=\"robots\" content=\"index, follow, max-snippet:-1, max-image-preview:large, max-video-preview:-1\" \/>\n<link rel=\"canonical\" href=\"https:\/\/www.nexoinformativo.mx\/index.php\/2025\/01\/10\/exito-en-el-pago-del-predial-en-san-juan-del-rio-se-superan-las-expectativas\/\" \/>\n<meta property=\"og:locale\" content=\"es_MX\" \/>\n<meta property=\"og:type\" content=\"article\" \/>\n<meta property=\"og:title\" content=\"\u00c9xito en el pago del predial en San Juan del R\u00edo se superan las expectativas | Nexo Informativo Santiago de Quer\u00e9taro\" \/>\n<meta property=\"og:description\" content=\"\u00c9xito en el pago del predial en San Juan del R\u00edo se superan las expectativas\" \/>\n<meta property=\"og:url\" content=\"https:\/\/www.nexoinformativo.mx\/index.php\/2025\/01\/10\/exito-en-el-pago-del-predial-en-san-juan-del-rio-se-superan-las-expectativas\/\" \/>\n<meta property=\"og:site_name\" content=\"Nexo Informativo Santiago de Quer\u00e9taro\" \/>\n<meta property=\"article:publisher\" content=\"https:\/\/www.facebook.com\/people\/Nexo-Informativo\/61564066885511\/\" \/>\n<meta property=\"article:published_time\" content=\"2025-01-10T12:30:58+00:00\" \/>\n<meta property=\"article:modified_time\" content=\"2025-01-10T17:55:31+00:00\" \/>\n<meta property=\"og:image\" content=\"https:\/\/www.nexoinformativo.mx\/wp-content\/uploads\/2025\/01\/PHOTO-2025-01-10-09-54-24-e1736531693824.jpg\" \/>\n\t<meta property=\"og:image:width\" content=\"800\" \/>\n\t<meta property=\"og:image:height\" content=\"533\" \/>\n\t<meta property=\"og:image:type\" content=\"image\/jpeg\" \/>\n<meta name=\"author\" content=\"Nexo Informativo\" \/>\n<meta name=\"twitter:card\" content=\"summary_large_image\" \/>\n<meta name=\"twitter:label1\" content=\"Escrito por\" \/>\n\t<meta name=\"twitter:data1\" content=\"Nexo Informativo\" \/>\n\t<meta name=\"twitter:label2\" content=\"Tiempo de lectura\" \/>\n\t<meta name=\"twitter:data2\" content=\"2 minutos\" \/>\n<script type=\"application\/ld+json\" class=\"yoast-schema-graph\">{\"@context\":\"https:\/\/schema.org\",\"@graph\":[{\"@type\":\"Article\",\"@id\":\"https:\/\/www.nexoinformativo.mx\/index.php\/2025\/01\/10\/exito-en-el-pago-del-predial-en-san-juan-del-rio-se-superan-las-expectativas\/#article\",\"isPartOf\":{\"@id\":\"https:\/\/www.nexoinformativo.mx\/index.php\/2025\/01\/10\/exito-en-el-pago-del-predial-en-san-juan-del-rio-se-superan-las-expectativas\/\"},\"author\":{\"name\":\"Nexo Informativo\",\"@id\":\"https:\/\/www.nexoinformativo.mx\/#\/schema\/person\/7749d380ba08c8ca00d7bc76fd907b7d\"},\"headline\":\"\u00c9xito en el pago del predial en San Juan del R\u00edo se superan las expectativas\",\"datePublished\":\"2025-01-10T12:30:58+00:00\",\"dateModified\":\"2025-01-10T17:55:31+00:00\",\"mainEntityOfPage\":{\"@id\":\"https:\/\/www.nexoinformativo.mx\/index.php\/2025\/01\/10\/exito-en-el-pago-del-predial-en-san-juan-del-rio-se-superan-las-expectativas\/\"},\"wordCount\":208,\"commentCount\":0,\"publisher\":{\"@id\":\"https:\/\/www.nexoinformativo.mx\/#organization\"},\"image\":{\"@id\":\"https:\/\/www.nexoinformativo.mx\/index.php\/2025\/01\/10\/exito-en-el-pago-del-predial-en-san-juan-del-rio-se-superan-las-expectativas\/#primaryimage\"},\"thumbnailUrl\":\"https:\/\/www.nexoinformativo.mx\/wp-content\/uploads\/2025\/01\/PHOTO-2025-01-10-09-54-24-e1736531693824.jpg\",\"keywords\":[\"DescuentosPredial\",\"PagoDePredial\",\"PredialSanJuan\",\"SanJuanDelR\u00edo\"],\"articleSection\":[\"Municipios\",\"\u00daltima Hora\"],\"inLanguage\":\"es\",\"potentialAction\":[{\"@type\":\"CommentAction\",\"name\":\"Comment\",\"target\":[\"https:\/\/www.nexoinformativo.mx\/index.php\/2025\/01\/10\/exito-en-el-pago-del-predial-en-san-juan-del-rio-se-superan-las-expectativas\/#respond\"]}]},{\"@type\":\"WebPage\",\"@id\":\"https:\/\/www.nexoinformativo.mx\/index.php\/2025\/01\/10\/exito-en-el-pago-del-predial-en-san-juan-del-rio-se-superan-las-expectativas\/\",\"url\":\"https:\/\/www.nexoinformativo.mx\/index.php\/2025\/01\/10\/exito-en-el-pago-del-predial-en-san-juan-del-rio-se-superan-las-expectativas\/\",\"name\":\"\u00c9xito en el pago del predial en San Juan del R\u00edo se superan las expectativas | Nexo Informativo Santiago de Quer\u00e9taro\",\"isPartOf\":{\"@id\":\"https:\/\/www.nexoinformativo.mx\/#website\"},\"primaryImageOfPage\":{\"@id\":\"https:\/\/www.nexoinformativo.mx\/index.php\/2025\/01\/10\/exito-en-el-pago-del-predial-en-san-juan-del-rio-se-superan-las-expectativas\/#primaryimage\"},\"image\":{\"@id\":\"https:\/\/www.nexoinformativo.mx\/index.php\/2025\/01\/10\/exito-en-el-pago-del-predial-en-san-juan-del-rio-se-superan-las-expectativas\/#primaryimage\"},\"thumbnailUrl\":\"https:\/\/www.nexoinformativo.mx\/wp-content\/uploads\/2025\/01\/PHOTO-2025-01-10-09-54-24-e1736531693824.jpg\",\"datePublished\":\"2025-01-10T12:30:58+00:00\",\"dateModified\":\"2025-01-10T17:55:31+00:00\",\"description\":\"\u00c9xito en el pago del predial en San Juan del R\u00edo se superan las expectativas\",\"breadcrumb\":{\"@id\":\"https:\/\/www.nexoinformativo.mx\/index.php\/2025\/01\/10\/exito-en-el-pago-del-predial-en-san-juan-del-rio-se-superan-las-expectativas\/#breadcrumb\"},\"inLanguage\":\"es\",\"potentialAction\":[{\"@type\":\"ReadAction\",\"target\":[\"https:\/\/www.nexoinformativo.mx\/index.php\/2025\/01\/10\/exito-en-el-pago-del-predial-en-san-juan-del-rio-se-superan-las-expectativas\/\"]}]},{\"@type\":\"ImageObject\",\"inLanguage\":\"es\",\"@id\":\"https:\/\/www.nexoinformativo.mx\/index.php\/2025\/01\/10\/exito-en-el-pago-del-predial-en-san-juan-del-rio-se-superan-las-expectativas\/#primaryimage\",\"url\":\"https:\/\/www.nexoinformativo.mx\/wp-content\/uploads\/2025\/01\/PHOTO-2025-01-10-09-54-24-e1736531693824.jpg\",\"contentUrl\":\"https:\/\/www.nexoinformativo.mx\/wp-content\/uploads\/2025\/01\/PHOTO-2025-01-10-09-54-24-e1736531693824.jpg\",\"width\":800,\"height\":533},{\"@type\":\"BreadcrumbList\",\"@id\":\"https:\/\/www.nexoinformativo.mx\/index.php\/2025\/01\/10\/exito-en-el-pago-del-predial-en-san-juan-del-rio-se-superan-las-expectativas\/#breadcrumb\",\"itemListElement\":[{\"@type\":\"ListItem\",\"position\":1,\"name\":\"Inicio\",\"item\":\"https:\/\/www.nexoinformativo.mx\/\"},{\"@type\":\"ListItem\",\"position\":2,\"name\":\"\u00c9xito en el pago del predial en San Juan del R\u00edo se superan las expectativas\"}]},{\"@type\":\"WebSite\",\"@id\":\"https:\/\/www.nexoinformativo.mx\/#website\",\"url\":\"https:\/\/www.nexoinformativo.mx\/\",\"name\":\"Nexo Informativo Santiago de Quer\u00e9taro\",\"description\":\"Explora NexoInformativo y convi\u00e9rtete en parte de una comunidad que valora el conocimiento y la verdad. Tu nexoinformativo es tu puente hacia una comprensi\u00f3n m\u00e1s profunda del mundo que te rodea.\",\"publisher\":{\"@id\":\"https:\/\/www.nexoinformativo.mx\/#organization\"},\"potentialAction\":[{\"@type\":\"SearchAction\",\"target\":{\"@type\":\"EntryPoint\",\"urlTemplate\":\"https:\/\/www.nexoinformativo.mx\/?s={search_term_string}\"},\"query-input\":{\"@type\":\"PropertyValueSpecification\",\"valueRequired\":true,\"valueName\":\"search_term_string\"}}],\"inLanguage\":\"es\"},{\"@type\":\"Organization\",\"@id\":\"https:\/\/www.nexoinformativo.mx\/#organization\",\"name\":\"Nexo Informativo Santiago de Quer\u00e9taro\",\"url\":\"https:\/\/www.nexoinformativo.mx\/\",\"logo\":{\"@type\":\"ImageObject\",\"inLanguage\":\"es\",\"@id\":\"https:\/\/www.nexoinformativo.mx\/#\/schema\/logo\/image\/\",\"url\":\"https:\/\/www.nexoinformativo.mx\/wp-content\/uploads\/2024\/07\/nexoi-trasparente-2.png\",\"contentUrl\":\"https:\/\/www.nexoinformativo.mx\/wp-content\/uploads\/2024\/07\/nexoi-trasparente-2.png\",\"width\":816,\"height\":339,\"caption\":\"Nexo Informativo Santiago de Quer\u00e9taro\"},\"image\":{\"@id\":\"https:\/\/www.nexoinformativo.mx\/#\/schema\/logo\/image\/\"},\"sameAs\":[\"https:\/\/www.facebook.com\/people\/Nexo-Informativo\/61564066885511\/\"]},{\"@type\":\"Person\",\"@id\":\"https:\/\/www.nexoinformativo.mx\/#\/schema\/person\/7749d380ba08c8ca00d7bc76fd907b7d\",\"name\":\"Nexo Informativo\",\"image\":{\"@type\":\"ImageObject\",\"inLanguage\":\"es\",\"@id\":\"https:\/\/www.nexoinformativo.mx\/#\/schema\/person\/image\/\",\"url\":\"https:\/\/secure.gravatar.com\/avatar\/dde2928154642a13d95f87ddf1ea9718fe2b46760a005c53e41ff5ad610704e6?s=96&d=mm&r=g\",\"contentUrl\":\"https:\/\/secure.gravatar.com\/avatar\/dde2928154642a13d95f87ddf1ea9718fe2b46760a005c53e41ff5ad610704e6?s=96&d=mm&r=g\",\"caption\":\"Nexo Informativo\"},\"url\":\"https:\/\/www.nexoinformativo.mx\/index.php\/author\/edicion\/\"}]}<\/script>\n<!-- \/ Yoast SEO plugin. -->","yoast_head_json":{"title":"\u00c9xito en el pago del predial en San Juan del R\u00edo se superan las expectativas | Nexo Informativo Santiago de Quer\u00e9taro","description":"\u00c9xito en el pago del predial en San Juan del R\u00edo se superan las expectativas","robots":{"index":"index","follow":"follow","max-snippet":"max-snippet:-1","max-image-preview":"max-image-preview:large","max-video-preview":"max-video-preview:-1"},"canonical":"https:\/\/www.nexoinformativo.mx\/index.php\/2025\/01\/10\/exito-en-el-pago-del-predial-en-san-juan-del-rio-se-superan-las-expectativas\/","og_locale":"es_MX","og_type":"article","og_title":"\u00c9xito en el pago del predial en San Juan del R\u00edo se superan las expectativas | Nexo Informativo Santiago de Quer\u00e9taro","og_description":"\u00c9xito en el pago del predial en San Juan del R\u00edo se superan las expectativas","og_url":"https:\/\/www.nexoinformativo.mx\/index.php\/2025\/01\/10\/exito-en-el-pago-del-predial-en-san-juan-del-rio-se-superan-las-expectativas\/","og_site_name":"Nexo Informativo Santiago de Quer\u00e9taro","article_publisher":"https:\/\/www.facebook.com\/people\/Nexo-Informativo\/61564066885511\/","article_published_time":"2025-01-10T12:30:58+00:00","article_modified_time":"2025-01-10T17:55:31+00:00","og_image":[{"width":800,"height":533,"url":"https:\/\/www.nexoinformativo.mx\/wp-content\/uploads\/2025\/01\/PHOTO-2025-01-10-09-54-24-e1736531693824.jpg","type":"image\/jpeg"}],"author":"Nexo Informativo","twitter_card":"summary_large_image","twitter_misc":{"Escrito por":"Nexo Informativo","Tiempo de lectura":"2 minutos"},"schema":{"@context":"https:\/\/schema.org","@graph":[{"@type":"Article","@id":"https:\/\/www.nexoinformativo.mx\/index.php\/2025\/01\/10\/exito-en-el-pago-del-predial-en-san-juan-del-rio-se-superan-las-expectativas\/#article","isPartOf":{"@id":"https:\/\/www.nexoinformativo.mx\/index.php\/2025\/01\/10\/exito-en-el-pago-del-predial-en-san-juan-del-rio-se-superan-las-expectativas\/"},"author":{"name":"Nexo Informativo","@id":"https:\/\/www.nexoinformativo.mx\/#\/schema\/person\/7749d380ba08c8ca00d7bc76fd907b7d"},"headline":"\u00c9xito en el pago del predial en San Juan del R\u00edo se superan las expectativas","datePublished":"2025-01-10T12:30:58+00:00","dateModified":"2025-01-10T17:55:31+00:00","mainEntityOfPage":{"@id":"https:\/\/www.nexoinformativo.mx\/index.php\/2025\/01\/10\/exito-en-el-pago-del-predial-en-san-juan-del-rio-se-superan-las-expectativas\/"},"wordCount":208,"commentCount":0,"publisher":{"@id":"https:\/\/www.nexoinformativo.mx\/#organization"},"image":{"@id":"https:\/\/www.nexoinformativo.mx\/index.php\/2025\/01\/10\/exito-en-el-pago-del-predial-en-san-juan-del-rio-se-superan-las-expectativas\/#primaryimage"},"thumbnailUrl":"https:\/\/www.nexoinformativo.mx\/wp-content\/uploads\/2025\/01\/PHOTO-2025-01-10-09-54-24-e1736531693824.jpg","keywords":["DescuentosPredial","PagoDePredial","PredialSanJuan","SanJuanDelR\u00edo"],"articleSection":["Municipios","\u00daltima Hora"],"inLanguage":"es","potentialAction":[{"@type":"CommentAction","name":"Comment","target":["https:\/\/www.nexoinformativo.mx\/index.php\/2025\/01\/10\/exito-en-el-pago-del-predial-en-san-juan-del-rio-se-superan-las-expectativas\/#respond"]}]},{"@type":"WebPage","@id":"https:\/\/www.nexoinformativo.mx\/index.php\/2025\/01\/10\/exito-en-el-pago-del-predial-en-san-juan-del-rio-se-superan-las-expectativas\/","url":"https:\/\/www.nexoinformativo.mx\/index.php\/2025\/01\/10\/exito-en-el-pago-del-predial-en-san-juan-del-rio-se-superan-las-expectativas\/","name":"\u00c9xito en el pago del predial en San Juan del R\u00edo se superan las expectativas | Nexo Informativo Santiago de Quer\u00e9taro","isPartOf":{"@id":"https:\/\/www.nexoinformativo.mx\/#website"},"primaryImageOfPage":{"@id":"https:\/\/www.nexoinformativo.mx\/index.php\/2025\/01\/10\/exito-en-el-pago-del-predial-en-san-juan-del-rio-se-superan-las-expectativas\/#primaryimage"},"image":{"@id":"https:\/\/www.nexoinformativo.mx\/index.php\/2025\/01\/10\/exito-en-el-pago-del-predial-en-san-juan-del-rio-se-superan-las-expectativas\/#primaryimage"},"thumbnailUrl":"https:\/\/www.nexoinformativo.mx\/wp-content\/uploads\/2025\/01\/PHOTO-2025-01-10-09-54-24-e1736531693824.jpg","datePublished":"2025-01-10T12:30:58+00:00","dateModified":"2025-01-10T17:55:31+00:00","description":"\u00c9xito en el pago del predial en San Juan del R\u00edo se superan las expectativas","breadcrumb":{"@id":"https:\/\/www.nexoinformativo.mx\/index.php\/2025\/01\/10\/exito-en-el-pago-del-predial-en-san-juan-del-rio-se-superan-las-expectativas\/#breadcrumb"},"inLanguage":"es","potentialAction":[{"@type":"ReadAction","target":["https:\/\/www.nexoinformativo.mx\/index.php\/2025\/01\/10\/exito-en-el-pago-del-predial-en-san-juan-del-rio-se-superan-las-expectativas\/"]}]},{"@type":"ImageObject","inLanguage":"es","@id":"https:\/\/www.nexoinformativo.mx\/index.php\/2025\/01\/10\/exito-en-el-pago-del-predial-en-san-juan-del-rio-se-superan-las-expectativas\/#primaryimage","url":"https:\/\/www.nexoinformativo.mx\/wp-content\/uploads\/2025\/01\/PHOTO-2025-01-10-09-54-24-e1736531693824.jpg","contentUrl":"https:\/\/www.nexoinformativo.mx\/wp-content\/uploads\/2025\/01\/PHOTO-2025-01-10-09-54-24-e1736531693824.jpg","width":800,"height":533},{"@type":"BreadcrumbList","@id":"https:\/\/www.nexoinformativo.mx\/index.php\/2025\/01\/10\/exito-en-el-pago-del-predial-en-san-juan-del-rio-se-superan-las-expectativas\/#breadcrumb","itemListElement":[{"@type":"ListItem","position":1,"name":"Inicio","item":"https:\/\/www.nexoinformativo.mx\/"},{"@type":"ListItem","position":2,"name":"\u00c9xito en el pago del predial en San Juan del R\u00edo se superan las expectativas"}]},{"@type":"WebSite","@id":"https:\/\/www.nexoinformativo.mx\/#website","url":"https:\/\/www.nexoinformativo.mx\/","name":"Nexo Informativo Santiago de Quer\u00e9taro","description":"Explora NexoInformativo y convi\u00e9rtete en parte de una comunidad que valora el conocimiento y la verdad. Tu nexoinformativo es tu puente hacia una comprensi\u00f3n m\u00e1s profunda del mundo que te rodea.","publisher":{"@id":"https:\/\/www.nexoinformativo.mx\/#organization"},"potentialAction":[{"@type":"SearchAction","target":{"@type":"EntryPoint","urlTemplate":"https:\/\/www.nexoinformativo.mx\/?s={search_term_string}"},"query-input":{"@type":"PropertyValueSpecification","valueRequired":true,"valueName":"search_term_string"}}],"inLanguage":"es"},{"@type":"Organization","@id":"https:\/\/www.nexoinformativo.mx\/#organization","name":"Nexo Informativo Santiago de Quer\u00e9taro","url":"https:\/\/www.nexoinformativo.mx\/","logo":{"@type":"ImageObject","inLanguage":"es","@id":"https:\/\/www.nexoinformativo.mx\/#\/schema\/logo\/image\/","url":"https:\/\/www.nexoinformativo.mx\/wp-content\/uploads\/2024\/07\/nexoi-trasparente-2.png","contentUrl":"https:\/\/www.nexoinformativo.mx\/wp-content\/uploads\/2024\/07\/nexoi-trasparente-2.png","width":816,"height":339,"caption":"Nexo Informativo Santiago de Quer\u00e9taro"},"image":{"@id":"https:\/\/www.nexoinformativo.mx\/#\/schema\/logo\/image\/"},"sameAs":["https:\/\/www.facebook.com\/people\/Nexo-Informativo\/61564066885511\/"]},{"@type":"Person","@id":"https:\/\/www.nexoinformativo.mx\/#\/schema\/person\/7749d380ba08c8ca00d7bc76fd907b7d","name":"Nexo Informativo","image":{"@type":"ImageObject","inLanguage":"es","@id":"https:\/\/www.nexoinformativo.mx\/#\/schema\/person\/image\/","url":"https:\/\/secure.gravatar.com\/avatar\/dde2928154642a13d95f87ddf1ea9718fe2b46760a005c53e41ff5ad610704e6?s=96&d=mm&r=g","contentUrl":"https:\/\/secure.gravatar.com\/avatar\/dde2928154642a13d95f87ddf1ea9718fe2b46760a005c53e41ff5ad610704e6?s=96&d=mm&r=g","caption":"Nexo Informativo"},"url":"https:\/\/www.nexoinformativo.mx\/index.php\/author\/edicion\/"}]}},"_links":{"self":[{"href":"https:\/\/www.nexoinformativo.mx\/index.php\/wp-json\/wp\/v2\/posts\/9640","targetHints":{"allow":["GET"]}}],"collection":[{"href":"https:\/\/www.nexoinformativo.mx\/index.php\/wp-json\/wp\/v2\/posts"}],"about":[{"href":"https:\/\/www.nexoinformativo.mx\/index.php\/wp-json\/wp\/v2\/types\/post"}],"author":[{"embeddable":true,"href":"https:\/\/www.nexoinformativo.mx\/index.php\/wp-json\/wp\/v2\/users\/3"}],"replies":[{"embeddable":true,"href":"https:\/\/www.nexoinformativo.mx\/index.php\/wp-json\/wp\/v2\/comments?post=9640"}],"version-history":[{"count":3,"href":"https:\/\/www.nexoinformativo.mx\/index.php\/wp-json\/wp\/v2\/posts\/9640\/revisions"}],"predecessor-version":[{"id":9644,"href":"https:\/\/www.nexoinformativo.mx\/index.php\/wp-json\/wp\/v2\/posts\/9640\/revisions\/9644"}],"wp:featuredmedia":[{"embeddable":true,"href":"https:\/\/www.nexoinformativo.mx\/index.php\/wp-json\/wp\/v2\/media\/9641"}],"wp:attachment":[{"href":"https:\/\/www.nexoinformativo.mx\/index.php\/wp-json\/wp\/v2\/media?parent=9640"}],"wp:term":[{"taxonomy":"category","embeddable":true,"href":"https:\/\/www.nexoinformativo.mx\/index.php\/wp-json\/wp\/v2\/categories?post=9640"},{"taxonomy":"post_tag","embeddable":true,"href":"https:\/\/www.nexoinformativo.mx\/index.php\/wp-json\/wp\/v2\/tags?post=9640"}],"curies":[{"name":"wp","href":"https:\/\/api.w.org\/{rel}","templated":true}]}}