{"id":9655,"date":"2025-01-10T08:00:36","date_gmt":"2025-01-10T14:00:36","guid":{"rendered":"https:\/\/www.nexoinformativo.mx\/?p=9655"},"modified":"2025-01-10T12:15:49","modified_gmt":"2025-01-10T18:15:49","slug":"facilita-el-regreso-a-clases-vincula-a-tus-hijos-en-la-misma-escuela","status":"publish","type":"post","link":"https:\/\/www.nexoinformativo.mx\/index.php\/2025\/01\/10\/facilita-el-regreso-a-clases-vincula-a-tus-hijos-en-la-misma-escuela\/","title":{"rendered":"Facilita el regreso a clases vincula a tus hijos en la misma escuela"},"content":{"rendered":"<p style=\"text-align: justify;\" data-sourcepos=\"11:1-11:311\">\u00a1Atenci\u00f3n padres de familia! Se acerca la fecha l\u00edmite para realizar el proceso de vinculaci\u00f3n parental a trav\u00e9s del portal de la Usebeq. Este tr\u00e1mite, que no reemplaza la preinscripci\u00f3n, te permitir\u00e1 asegurar un lugar para tus hijos en la misma escuela en el pr\u00f3ximo ciclo escolar.<\/p>\n<p>&nbsp;<\/p>\n<p style=\"text-align: justify;\" data-sourcepos=\"13:1-13:320\">La coordinadora de la Usebeq, Irene Quintanar, inform\u00f3 que este proceso concluir\u00e1 el 17 de este mes. A trav\u00e9s de este tr\u00e1mite, las madres, padres de familia y tutores pueden solicitar que sus hijos, que ingresar\u00e1n a primer grado de primaria o secundaria, sean asignados a la misma escuela donde ya estudian sus hermanos.<\/p>\n<p>&nbsp;<\/p>\n<p style=\"text-align: justify;\" data-sourcepos=\"17:1-17:341\">Para realizar este proceso, deber\u00e1s ingresar al portal de la Usebeq en <strong><a href=\"https:\/\/portal.usebeq.edu.mx\/\" target=\"_blank\" rel=\"noopener\">https:\/\/portal.usebeq.edu.mx<\/a><\/strong> y seleccionar la opci\u00f3n <strong>&#8220;vinculaci\u00f3n parental&#8221;<\/strong>. Es importante leer cuidadosamente las instrucciones y seleccionar el tipo de vinculaci\u00f3n que corresponda a tu caso (consangu\u00ednea, afinidad, gemelos o trillizos).<\/p>\n<p>&nbsp;<\/p>\n<p style=\"text-align: justify;\" data-sourcepos=\"21:1-21:271\">Este proceso est\u00e1 dirigido a aquellos padres de familia que tienen hijos que ingresar\u00e1n a primer grado de primaria o secundaria y que ya cuentan con hermanos estudiando en el mismo nivel educativo, desde primero hasta quinto de primaria o primero y segundo de secundaria.<\/p>\n<p>&nbsp;<\/p>\n<p style=\"text-align: justify;\" data-sourcepos=\"25:1-25:198\">Hasta el momento, se han realizado 7 mil procesos de vinculaci\u00f3n, lo que representa un avance significativo. Sin embargo, a\u00fan tienes tiempo para asegurar un lugar para tus hijos en la misma escuela.<\/p>\n<p>&nbsp;<\/p>\n<p style=\"text-align: center;\" data-sourcepos=\"25:1-25:198\"><em><strong>\u00a1Informaci\u00f3n que transforma!<\/strong><\/em><\/p>\n<p style=\"text-align: justify;\" data-sourcepos=\"27:1-27:76\">\n","protected":false},"excerpt":{"rendered":"<p>\u00a1Atenci\u00f3n padres de familia! Se acerca la fecha l\u00edmite para realizar el proceso de vinculaci\u00f3n parental a trav\u00e9s del portal de la Usebeq. Este tr\u00e1mite, que no reemplaza la preinscripci\u00f3n, te permitir\u00e1 asegurar un lugar para tus hijos en la misma escuela en el pr\u00f3ximo ciclo escolar.<\/p>\n","protected":false},"author":3,"featured_media":9656,"comment_status":"open","ping_status":"open","sticky":false,"template":"","format":"standard","meta":{"footnotes":""},"categories":[42,58],"tags":[495,182,254,3058],"class_list":["post-9655","post","type-post","status-publish","format-standard","has-post-thumbnail","hentry","category-estado","category-ultima-hora","tag-educacionqueretaro","tag-regresoaclases","tag-usebeq","tag-vinculacionparental"],"yoast_head":"<!-- This site is optimized with the Yoast SEO plugin v25.0 - https:\/\/yoast.com\/wordpress\/plugins\/seo\/ -->\n<title>Facilita el regreso a clases vincula a tus hijos en la misma escuela | Nexo Informativo Santiago de Quer\u00e9taro<\/title>\n<meta name=\"description\" content=\"Facilita el regreso a clases vincula a tus hijos en la misma escuela\" \/>\n<meta name=\"robots\" content=\"index, follow, max-snippet:-1, max-image-preview:large, max-video-preview:-1\" \/>\n<link rel=\"canonical\" href=\"https:\/\/www.nexoinformativo.mx\/index.php\/2025\/01\/10\/facilita-el-regreso-a-clases-vincula-a-tus-hijos-en-la-misma-escuela\/\" \/>\n<meta property=\"og:locale\" content=\"es_MX\" \/>\n<meta property=\"og:type\" content=\"article\" \/>\n<meta property=\"og:title\" content=\"Facilita el regreso a clases vincula a tus hijos en la misma escuela | Nexo Informativo Santiago de Quer\u00e9taro\" \/>\n<meta property=\"og:description\" content=\"Facilita el regreso a clases vincula a tus hijos en la misma escuela\" \/>\n<meta property=\"og:url\" content=\"https:\/\/www.nexoinformativo.mx\/index.php\/2025\/01\/10\/facilita-el-regreso-a-clases-vincula-a-tus-hijos-en-la-misma-escuela\/\" \/>\n<meta property=\"og:site_name\" content=\"Nexo Informativo Santiago de Quer\u00e9taro\" \/>\n<meta property=\"article:publisher\" content=\"https:\/\/www.facebook.com\/people\/Nexo-Informativo\/61564066885511\/\" \/>\n<meta property=\"article:published_time\" content=\"2025-01-10T14:00:36+00:00\" \/>\n<meta property=\"article:modified_time\" content=\"2025-01-10T18:15:49+00:00\" \/>\n<meta property=\"og:image\" content=\"https:\/\/www.nexoinformativo.mx\/wp-content\/uploads\/2025\/01\/PHOTO-2025-01-10-10-02-43-e1736532862371.jpg\" \/>\n\t<meta property=\"og:image:width\" content=\"800\" \/>\n\t<meta property=\"og:image:height\" content=\"600\" \/>\n\t<meta property=\"og:image:type\" content=\"image\/jpeg\" \/>\n<meta name=\"author\" content=\"Nexo Informativo\" \/>\n<meta name=\"twitter:card\" content=\"summary_large_image\" \/>\n<meta name=\"twitter:label1\" content=\"Escrito por\" \/>\n\t<meta name=\"twitter:data1\" content=\"Nexo Informativo\" \/>\n\t<meta name=\"twitter:label2\" content=\"Tiempo de lectura\" \/>\n\t<meta name=\"twitter:data2\" content=\"2 minutos\" \/>\n<script type=\"application\/ld+json\" class=\"yoast-schema-graph\">{\"@context\":\"https:\/\/schema.org\",\"@graph\":[{\"@type\":\"Article\",\"@id\":\"https:\/\/www.nexoinformativo.mx\/index.php\/2025\/01\/10\/facilita-el-regreso-a-clases-vincula-a-tus-hijos-en-la-misma-escuela\/#article\",\"isPartOf\":{\"@id\":\"https:\/\/www.nexoinformativo.mx\/index.php\/2025\/01\/10\/facilita-el-regreso-a-clases-vincula-a-tus-hijos-en-la-misma-escuela\/\"},\"author\":{\"name\":\"Nexo Informativo\",\"@id\":\"https:\/\/www.nexoinformativo.mx\/#\/schema\/person\/7749d380ba08c8ca00d7bc76fd907b7d\"},\"headline\":\"Facilita el regreso a clases vincula a tus hijos en la misma escuela\",\"datePublished\":\"2025-01-10T14:00:36+00:00\",\"dateModified\":\"2025-01-10T18:15:49+00:00\",\"mainEntityOfPage\":{\"@id\":\"https:\/\/www.nexoinformativo.mx\/index.php\/2025\/01\/10\/facilita-el-regreso-a-clases-vincula-a-tus-hijos-en-la-misma-escuela\/\"},\"wordCount\":262,\"commentCount\":0,\"publisher\":{\"@id\":\"https:\/\/www.nexoinformativo.mx\/#organization\"},\"image\":{\"@id\":\"https:\/\/www.nexoinformativo.mx\/index.php\/2025\/01\/10\/facilita-el-regreso-a-clases-vincula-a-tus-hijos-en-la-misma-escuela\/#primaryimage\"},\"thumbnailUrl\":\"https:\/\/www.nexoinformativo.mx\/wp-content\/uploads\/2025\/01\/PHOTO-2025-01-10-10-02-43-e1736532862371.jpg\",\"keywords\":[\"Educaci\u00f3nQuer\u00e9taro\",\"regresoaclases\",\"USEBEQ\",\"Vinculaci\u00f3nParental\"],\"articleSection\":[\"Estado\",\"\u00daltima Hora\"],\"inLanguage\":\"es\",\"potentialAction\":[{\"@type\":\"CommentAction\",\"name\":\"Comment\",\"target\":[\"https:\/\/www.nexoinformativo.mx\/index.php\/2025\/01\/10\/facilita-el-regreso-a-clases-vincula-a-tus-hijos-en-la-misma-escuela\/#respond\"]}]},{\"@type\":\"WebPage\",\"@id\":\"https:\/\/www.nexoinformativo.mx\/index.php\/2025\/01\/10\/facilita-el-regreso-a-clases-vincula-a-tus-hijos-en-la-misma-escuela\/\",\"url\":\"https:\/\/www.nexoinformativo.mx\/index.php\/2025\/01\/10\/facilita-el-regreso-a-clases-vincula-a-tus-hijos-en-la-misma-escuela\/\",\"name\":\"Facilita el regreso a clases vincula a tus hijos en la misma escuela | Nexo Informativo Santiago de Quer\u00e9taro\",\"isPartOf\":{\"@id\":\"https:\/\/www.nexoinformativo.mx\/#website\"},\"primaryImageOfPage\":{\"@id\":\"https:\/\/www.nexoinformativo.mx\/index.php\/2025\/01\/10\/facilita-el-regreso-a-clases-vincula-a-tus-hijos-en-la-misma-escuela\/#primaryimage\"},\"image\":{\"@id\":\"https:\/\/www.nexoinformativo.mx\/index.php\/2025\/01\/10\/facilita-el-regreso-a-clases-vincula-a-tus-hijos-en-la-misma-escuela\/#primaryimage\"},\"thumbnailUrl\":\"https:\/\/www.nexoinformativo.mx\/wp-content\/uploads\/2025\/01\/PHOTO-2025-01-10-10-02-43-e1736532862371.jpg\",\"datePublished\":\"2025-01-10T14:00:36+00:00\",\"dateModified\":\"2025-01-10T18:15:49+00:00\",\"description\":\"Facilita el regreso a clases vincula a tus hijos en la misma escuela\",\"breadcrumb\":{\"@id\":\"https:\/\/www.nexoinformativo.mx\/index.php\/2025\/01\/10\/facilita-el-regreso-a-clases-vincula-a-tus-hijos-en-la-misma-escuela\/#breadcrumb\"},\"inLanguage\":\"es\",\"potentialAction\":[{\"@type\":\"ReadAction\",\"target\":[\"https:\/\/www.nexoinformativo.mx\/index.php\/2025\/01\/10\/facilita-el-regreso-a-clases-vincula-a-tus-hijos-en-la-misma-escuela\/\"]}]},{\"@type\":\"ImageObject\",\"inLanguage\":\"es\",\"@id\":\"https:\/\/www.nexoinformativo.mx\/index.php\/2025\/01\/10\/facilita-el-regreso-a-clases-vincula-a-tus-hijos-en-la-misma-escuela\/#primaryimage\",\"url\":\"https:\/\/www.nexoinformativo.mx\/wp-content\/uploads\/2025\/01\/PHOTO-2025-01-10-10-02-43-e1736532862371.jpg\",\"contentUrl\":\"https:\/\/www.nexoinformativo.mx\/wp-content\/uploads\/2025\/01\/PHOTO-2025-01-10-10-02-43-e1736532862371.jpg\",\"width\":800,\"height\":600},{\"@type\":\"BreadcrumbList\",\"@id\":\"https:\/\/www.nexoinformativo.mx\/index.php\/2025\/01\/10\/facilita-el-regreso-a-clases-vincula-a-tus-hijos-en-la-misma-escuela\/#breadcrumb\",\"itemListElement\":[{\"@type\":\"ListItem\",\"position\":1,\"name\":\"Inicio\",\"item\":\"https:\/\/www.nexoinformativo.mx\/\"},{\"@type\":\"ListItem\",\"position\":2,\"name\":\"Facilita el regreso a clases vincula a tus hijos en la misma escuela\"}]},{\"@type\":\"WebSite\",\"@id\":\"https:\/\/www.nexoinformativo.mx\/#website\",\"url\":\"https:\/\/www.nexoinformativo.mx\/\",\"name\":\"Nexo Informativo Santiago de Quer\u00e9taro\",\"description\":\"Explora NexoInformativo y convi\u00e9rtete en parte de una comunidad que valora el conocimiento y la verdad. Tu nexoinformativo es tu puente hacia una comprensi\u00f3n m\u00e1s profunda del mundo que te rodea.\",\"publisher\":{\"@id\":\"https:\/\/www.nexoinformativo.mx\/#organization\"},\"potentialAction\":[{\"@type\":\"SearchAction\",\"target\":{\"@type\":\"EntryPoint\",\"urlTemplate\":\"https:\/\/www.nexoinformativo.mx\/?s={search_term_string}\"},\"query-input\":{\"@type\":\"PropertyValueSpecification\",\"valueRequired\":true,\"valueName\":\"search_term_string\"}}],\"inLanguage\":\"es\"},{\"@type\":\"Organization\",\"@id\":\"https:\/\/www.nexoinformativo.mx\/#organization\",\"name\":\"Nexo Informativo Santiago de Quer\u00e9taro\",\"url\":\"https:\/\/www.nexoinformativo.mx\/\",\"logo\":{\"@type\":\"ImageObject\",\"inLanguage\":\"es\",\"@id\":\"https:\/\/www.nexoinformativo.mx\/#\/schema\/logo\/image\/\",\"url\":\"https:\/\/www.nexoinformativo.mx\/wp-content\/uploads\/2024\/07\/nexoi-trasparente-2.png\",\"contentUrl\":\"https:\/\/www.nexoinformativo.mx\/wp-content\/uploads\/2024\/07\/nexoi-trasparente-2.png\",\"width\":816,\"height\":339,\"caption\":\"Nexo Informativo Santiago de Quer\u00e9taro\"},\"image\":{\"@id\":\"https:\/\/www.nexoinformativo.mx\/#\/schema\/logo\/image\/\"},\"sameAs\":[\"https:\/\/www.facebook.com\/people\/Nexo-Informativo\/61564066885511\/\"]},{\"@type\":\"Person\",\"@id\":\"https:\/\/www.nexoinformativo.mx\/#\/schema\/person\/7749d380ba08c8ca00d7bc76fd907b7d\",\"name\":\"Nexo Informativo\",\"image\":{\"@type\":\"ImageObject\",\"inLanguage\":\"es\",\"@id\":\"https:\/\/www.nexoinformativo.mx\/#\/schema\/person\/image\/\",\"url\":\"https:\/\/secure.gravatar.com\/avatar\/dde2928154642a13d95f87ddf1ea9718fe2b46760a005c53e41ff5ad610704e6?s=96&d=mm&r=g\",\"contentUrl\":\"https:\/\/secure.gravatar.com\/avatar\/dde2928154642a13d95f87ddf1ea9718fe2b46760a005c53e41ff5ad610704e6?s=96&d=mm&r=g\",\"caption\":\"Nexo Informativo\"},\"url\":\"https:\/\/www.nexoinformativo.mx\/index.php\/author\/edicion\/\"}]}<\/script>\n<!-- \/ Yoast SEO plugin. -->","yoast_head_json":{"title":"Facilita el regreso a clases vincula a tus hijos en la misma escuela | Nexo Informativo Santiago de Quer\u00e9taro","description":"Facilita el regreso a clases vincula a tus hijos en la misma escuela","robots":{"index":"index","follow":"follow","max-snippet":"max-snippet:-1","max-image-preview":"max-image-preview:large","max-video-preview":"max-video-preview:-1"},"canonical":"https:\/\/www.nexoinformativo.mx\/index.php\/2025\/01\/10\/facilita-el-regreso-a-clases-vincula-a-tus-hijos-en-la-misma-escuela\/","og_locale":"es_MX","og_type":"article","og_title":"Facilita el regreso a clases vincula a tus hijos en la misma escuela | Nexo Informativo Santiago de Quer\u00e9taro","og_description":"Facilita el regreso a clases vincula a tus hijos en la misma escuela","og_url":"https:\/\/www.nexoinformativo.mx\/index.php\/2025\/01\/10\/facilita-el-regreso-a-clases-vincula-a-tus-hijos-en-la-misma-escuela\/","og_site_name":"Nexo Informativo Santiago de Quer\u00e9taro","article_publisher":"https:\/\/www.facebook.com\/people\/Nexo-Informativo\/61564066885511\/","article_published_time":"2025-01-10T14:00:36+00:00","article_modified_time":"2025-01-10T18:15:49+00:00","og_image":[{"width":800,"height":600,"url":"https:\/\/www.nexoinformativo.mx\/wp-content\/uploads\/2025\/01\/PHOTO-2025-01-10-10-02-43-e1736532862371.jpg","type":"image\/jpeg"}],"author":"Nexo Informativo","twitter_card":"summary_large_image","twitter_misc":{"Escrito por":"Nexo Informativo","Tiempo de lectura":"2 minutos"},"schema":{"@context":"https:\/\/schema.org","@graph":[{"@type":"Article","@id":"https:\/\/www.nexoinformativo.mx\/index.php\/2025\/01\/10\/facilita-el-regreso-a-clases-vincula-a-tus-hijos-en-la-misma-escuela\/#article","isPartOf":{"@id":"https:\/\/www.nexoinformativo.mx\/index.php\/2025\/01\/10\/facilita-el-regreso-a-clases-vincula-a-tus-hijos-en-la-misma-escuela\/"},"author":{"name":"Nexo Informativo","@id":"https:\/\/www.nexoinformativo.mx\/#\/schema\/person\/7749d380ba08c8ca00d7bc76fd907b7d"},"headline":"Facilita el regreso a clases vincula a tus hijos en la misma escuela","datePublished":"2025-01-10T14:00:36+00:00","dateModified":"2025-01-10T18:15:49+00:00","mainEntityOfPage":{"@id":"https:\/\/www.nexoinformativo.mx\/index.php\/2025\/01\/10\/facilita-el-regreso-a-clases-vincula-a-tus-hijos-en-la-misma-escuela\/"},"wordCount":262,"commentCount":0,"publisher":{"@id":"https:\/\/www.nexoinformativo.mx\/#organization"},"image":{"@id":"https:\/\/www.nexoinformativo.mx\/index.php\/2025\/01\/10\/facilita-el-regreso-a-clases-vincula-a-tus-hijos-en-la-misma-escuela\/#primaryimage"},"thumbnailUrl":"https:\/\/www.nexoinformativo.mx\/wp-content\/uploads\/2025\/01\/PHOTO-2025-01-10-10-02-43-e1736532862371.jpg","keywords":["Educaci\u00f3nQuer\u00e9taro","regresoaclases","USEBEQ","Vinculaci\u00f3nParental"],"articleSection":["Estado","\u00daltima Hora"],"inLanguage":"es","potentialAction":[{"@type":"CommentAction","name":"Comment","target":["https:\/\/www.nexoinformativo.mx\/index.php\/2025\/01\/10\/facilita-el-regreso-a-clases-vincula-a-tus-hijos-en-la-misma-escuela\/#respond"]}]},{"@type":"WebPage","@id":"https:\/\/www.nexoinformativo.mx\/index.php\/2025\/01\/10\/facilita-el-regreso-a-clases-vincula-a-tus-hijos-en-la-misma-escuela\/","url":"https:\/\/www.nexoinformativo.mx\/index.php\/2025\/01\/10\/facilita-el-regreso-a-clases-vincula-a-tus-hijos-en-la-misma-escuela\/","name":"Facilita el regreso a clases vincula a tus hijos en la misma escuela | Nexo Informativo Santiago de Quer\u00e9taro","isPartOf":{"@id":"https:\/\/www.nexoinformativo.mx\/#website"},"primaryImageOfPage":{"@id":"https:\/\/www.nexoinformativo.mx\/index.php\/2025\/01\/10\/facilita-el-regreso-a-clases-vincula-a-tus-hijos-en-la-misma-escuela\/#primaryimage"},"image":{"@id":"https:\/\/www.nexoinformativo.mx\/index.php\/2025\/01\/10\/facilita-el-regreso-a-clases-vincula-a-tus-hijos-en-la-misma-escuela\/#primaryimage"},"thumbnailUrl":"https:\/\/www.nexoinformativo.mx\/wp-content\/uploads\/2025\/01\/PHOTO-2025-01-10-10-02-43-e1736532862371.jpg","datePublished":"2025-01-10T14:00:36+00:00","dateModified":"2025-01-10T18:15:49+00:00","description":"Facilita el regreso a clases vincula a tus hijos en la misma escuela","breadcrumb":{"@id":"https:\/\/www.nexoinformativo.mx\/index.php\/2025\/01\/10\/facilita-el-regreso-a-clases-vincula-a-tus-hijos-en-la-misma-escuela\/#breadcrumb"},"inLanguage":"es","potentialAction":[{"@type":"ReadAction","target":["https:\/\/www.nexoinformativo.mx\/index.php\/2025\/01\/10\/facilita-el-regreso-a-clases-vincula-a-tus-hijos-en-la-misma-escuela\/"]}]},{"@type":"ImageObject","inLanguage":"es","@id":"https:\/\/www.nexoinformativo.mx\/index.php\/2025\/01\/10\/facilita-el-regreso-a-clases-vincula-a-tus-hijos-en-la-misma-escuela\/#primaryimage","url":"https:\/\/www.nexoinformativo.mx\/wp-content\/uploads\/2025\/01\/PHOTO-2025-01-10-10-02-43-e1736532862371.jpg","contentUrl":"https:\/\/www.nexoinformativo.mx\/wp-content\/uploads\/2025\/01\/PHOTO-2025-01-10-10-02-43-e1736532862371.jpg","width":800,"height":600},{"@type":"BreadcrumbList","@id":"https:\/\/www.nexoinformativo.mx\/index.php\/2025\/01\/10\/facilita-el-regreso-a-clases-vincula-a-tus-hijos-en-la-misma-escuela\/#breadcrumb","itemListElement":[{"@type":"ListItem","position":1,"name":"Inicio","item":"https:\/\/www.nexoinformativo.mx\/"},{"@type":"ListItem","position":2,"name":"Facilita el regreso a clases vincula a tus hijos en la misma escuela"}]},{"@type":"WebSite","@id":"https:\/\/www.nexoinformativo.mx\/#website","url":"https:\/\/www.nexoinformativo.mx\/","name":"Nexo Informativo Santiago de Quer\u00e9taro","description":"Explora NexoInformativo y convi\u00e9rtete en parte de una comunidad que valora el conocimiento y la verdad. Tu nexoinformativo es tu puente hacia una comprensi\u00f3n m\u00e1s profunda del mundo que te rodea.","publisher":{"@id":"https:\/\/www.nexoinformativo.mx\/#organization"},"potentialAction":[{"@type":"SearchAction","target":{"@type":"EntryPoint","urlTemplate":"https:\/\/www.nexoinformativo.mx\/?s={search_term_string}"},"query-input":{"@type":"PropertyValueSpecification","valueRequired":true,"valueName":"search_term_string"}}],"inLanguage":"es"},{"@type":"Organization","@id":"https:\/\/www.nexoinformativo.mx\/#organization","name":"Nexo Informativo Santiago de Quer\u00e9taro","url":"https:\/\/www.nexoinformativo.mx\/","logo":{"@type":"ImageObject","inLanguage":"es","@id":"https:\/\/www.nexoinformativo.mx\/#\/schema\/logo\/image\/","url":"https:\/\/www.nexoinformativo.mx\/wp-content\/uploads\/2024\/07\/nexoi-trasparente-2.png","contentUrl":"https:\/\/www.nexoinformativo.mx\/wp-content\/uploads\/2024\/07\/nexoi-trasparente-2.png","width":816,"height":339,"caption":"Nexo Informativo Santiago de Quer\u00e9taro"},"image":{"@id":"https:\/\/www.nexoinformativo.mx\/#\/schema\/logo\/image\/"},"sameAs":["https:\/\/www.facebook.com\/people\/Nexo-Informativo\/61564066885511\/"]},{"@type":"Person","@id":"https:\/\/www.nexoinformativo.mx\/#\/schema\/person\/7749d380ba08c8ca00d7bc76fd907b7d","name":"Nexo Informativo","image":{"@type":"ImageObject","inLanguage":"es","@id":"https:\/\/www.nexoinformativo.mx\/#\/schema\/person\/image\/","url":"https:\/\/secure.gravatar.com\/avatar\/dde2928154642a13d95f87ddf1ea9718fe2b46760a005c53e41ff5ad610704e6?s=96&d=mm&r=g","contentUrl":"https:\/\/secure.gravatar.com\/avatar\/dde2928154642a13d95f87ddf1ea9718fe2b46760a005c53e41ff5ad610704e6?s=96&d=mm&r=g","caption":"Nexo Informativo"},"url":"https:\/\/www.nexoinformativo.mx\/index.php\/author\/edicion\/"}]}},"_links":{"self":[{"href":"https:\/\/www.nexoinformativo.mx\/index.php\/wp-json\/wp\/v2\/posts\/9655","targetHints":{"allow":["GET"]}}],"collection":[{"href":"https:\/\/www.nexoinformativo.mx\/index.php\/wp-json\/wp\/v2\/posts"}],"about":[{"href":"https:\/\/www.nexoinformativo.mx\/index.php\/wp-json\/wp\/v2\/types\/post"}],"author":[{"embeddable":true,"href":"https:\/\/www.nexoinformativo.mx\/index.php\/wp-json\/wp\/v2\/users\/3"}],"replies":[{"embeddable":true,"href":"https:\/\/www.nexoinformativo.mx\/index.php\/wp-json\/wp\/v2\/comments?post=9655"}],"version-history":[{"count":4,"href":"https:\/\/www.nexoinformativo.mx\/index.php\/wp-json\/wp\/v2\/posts\/9655\/revisions"}],"predecessor-version":[{"id":9658,"href":"https:\/\/www.nexoinformativo.mx\/index.php\/wp-json\/wp\/v2\/posts\/9655\/revisions\/9658"}],"wp:featuredmedia":[{"embeddable":true,"href":"https:\/\/www.nexoinformativo.mx\/index.php\/wp-json\/wp\/v2\/media\/9656"}],"wp:attachment":[{"href":"https:\/\/www.nexoinformativo.mx\/index.php\/wp-json\/wp\/v2\/media?parent=9655"}],"wp:term":[{"taxonomy":"category","embeddable":true,"href":"https:\/\/www.nexoinformativo.mx\/index.php\/wp-json\/wp\/v2\/categories?post=9655"},{"taxonomy":"post_tag","embeddable":true,"href":"https:\/\/www.nexoinformativo.mx\/index.php\/wp-json\/wp\/v2\/tags?post=9655"}],"curies":[{"name":"wp","href":"https:\/\/api.w.org\/{rel}","templated":true}]}}